{"id":4901,"date":"2017-10-04T19:24:13","date_gmt":"2017-10-04T22:24:13","guid":{"rendered":"http:\/\/caririemdestaque.com\/cd\/?p=4901"},"modified":"2017-10-04T19:24:13","modified_gmt":"2017-10-04T22:24:13","slug":"governo-anuncia-medidas-para-incentivar-micro-e-pequena-empresas","status":"publish","type":"post","link":"https:\/\/noticiasemdestaque.com\/cd\/?p=4901","title":{"rendered":"Governo anuncia medidas para incentivar micro e pequena empresas"},"content":{"rendered":"<p><a href=\"http:\/\/caririemdestaque.com\/cd\/wp-content\/uploads\/2017\/10\/mei2-300x135.jpg\"><img decoding=\"async\" class=\"alignleft wp-image-4902 size-medium\" src=\"http:\/\/caririemdestaque.com\/cd\/wp-content\/uploads\/2017\/10\/mei2-300x135-300x135.jpg\" alt=\"\" width=\"300\" height=\"135\" \/><\/a>O governo anunciou hoje (4) medidas para incentivar as micro e pequenas empresas, como a oferta de R$ 9 bilh\u00f5es em linhas de cr\u00e9dito ao longo do m\u00eas de outubro e a amplia\u00e7\u00e3o de a\u00e7\u00f5es de qualifica\u00e7\u00e3o para o segmento. Do total dos recursos, R$ 8 bilh\u00f5es ser\u00e3o para novos empr\u00e9stimos e R$ 1 bilh\u00e3o para renegocia\u00e7\u00e3o de d\u00edvidas. As linhas de cr\u00e9dito ser\u00e3o ofertadas por bancos p\u00fablicos e privados.<\/p>\n<p>As medidas foram apresentadas em cerim\u00f4nia no Pal\u00e1cio do Planalto, da qual participaram ministros e o presidente Michel Temer.<\/p>\n<p>Os R$ 9 bilh\u00f5es ser\u00e3o disponibilizados por sete institui\u00e7\u00f5es financeiras durante a Semana Nacional do Cr\u00e9dito, que ocorrer\u00e1 em dias diferentes em todo o pa\u00eds em outubro. De acordo com o secret\u00e1rio especial da Micro e Pequena Empresas, Jos\u00e9 Ricardo da Veiga, as linhas de cr\u00e9dito ser\u00e3o ofertadas pela Caixa Econ\u00f4mica e pelos bancos do Brasil, Santander, Ita\u00fa, Bradesco, Banco do Nordeste e Banco da Amaz\u00f4nia.<\/p>\n<p>Ao discursar no evento, o presidente Michel Temer falou sobre a import\u00e2ncia dos pequenos empres\u00e1rios para a economia do pa\u00eds. \u201cAli\u00e1s, que de pequenos n\u00e3o t\u00eam nada. S\u00e3o milh\u00f5es de brasileiros que dedicam seus recursos e sua criatividade \u00e0 gera\u00e7\u00e3o de um empreendimento\u201d. O presidente disse ainda que a cren\u00e7a no pa\u00eds aumenta cada vez mais, quando se pode prestigiar o micro e pequeno empres\u00e1rios.<\/p>\n<p><strong>Portal do Empreendedor<\/strong><\/p>\n<p>O governo tamb\u00e9m lan\u00e7ou uma nova vers\u00e3o do Portal do Empreendedor, que permite o cadastro dos microempreendedores individuais (MEI) junto ao governo federal. A nova vers\u00e3o do portal traz mais funcionalidade e facilidade para a navega\u00e7\u00e3o, afirmou o ministro da Ind\u00fastria, Com\u00e9rcio Exterior e Servi\u00e7os, Marcos Pereira.<\/p>\n<p>Outra a\u00e7\u00e3o voltada para as micro e pequenas empresas \u00e9 a expans\u00e3o do programa Institui\u00e7\u00e3o Amiga do Empreendedor. O programa busca qualificar e profissionalizar empres\u00e1rios de pequeno porte para o empreendedorismo, com o apoio de institui\u00e7\u00f5es de ensino p\u00fablicas e privadas.<\/p>\n<p>A expectativa \u00e9 credenciar 500 institui\u00e7\u00f5es a atender 100 mil empreendedores at\u00e9 o final de 2018.<\/p>\n<p>O programa \u00e9 uma parceria entre institui\u00e7\u00f5es como o Sebrae, a Funda\u00e7\u00e3o Get\u00falio Vargas, o Minist\u00e9rio da Educa\u00e7\u00e3o e a Secretaria Especial da Micro e Pequena Empresa, vinculada aoda Ind\u00fastria, Com\u00e9rcio Exterior e Servi\u00e7os.<\/p>\n<p><em><strong>Cariri em Destaque<\/strong><\/em><\/p>\n<p>Com EBC<\/p>\n","protected":false},"excerpt":{"rendered":"<p>O governo anunciou hoje (4) medidas para incentivar as micro e pequenas empresas, como a oferta de R$ 9 bilh\u00f5es em linhas de cr\u00e9dito ao longo do m\u00eas de outubro e a amplia\u00e7\u00e3o de a\u00e7\u00f5es de qualifica\u00e7\u00e3o para o segmento. Do total dos recursos, R$ 8 bilh\u00f5es ser\u00e3o para novos empr\u00e9stimos e R$ 1 bilh\u00e3o para renegocia\u00e7\u00e3o de d\u00edvidas. As linhas de cr\u00e9dito ser\u00e3o ofertadas por bancos p\u00fablicos e privados. As medidas foram apresentadas em cerim\u00f4nia no Pal\u00e1cio do Planalto, da qual participaram ministros e o presidente Michel Temer. Os R$ 9 bilh\u00f5es ser\u00e3o disponibilizados por sete institui\u00e7\u00f5es financeiras durante a Semana Nacional do Cr\u00e9dito, que ocorrer\u00e1 em dias diferentes em todo o pa\u00eds em outubro. De acordo com o secret\u00e1rio especial da Micro e Pequena Empresas, Jos\u00e9 Ricardo da Veiga, as linhas de cr\u00e9dito ser\u00e3o ofertadas pela Caixa Econ\u00f4mica e pelos bancos do Brasil, Santander, Ita\u00fa, Bradesco, Banco do Nordeste e Banco da Amaz\u00f4nia. Ao discursar no evento, o presidente Michel Temer falou sobre a import\u00e2ncia dos pequenos empres\u00e1rios para a economia do pa\u00eds. \u201cAli\u00e1s, que de pequenos n\u00e3o t\u00eam nada. S\u00e3o milh\u00f5es de brasileiros que dedicam seus recursos e sua criatividade \u00e0 gera\u00e7\u00e3o de um empreendimento\u201d. O presidente disse ainda que a cren\u00e7a no pa\u00eds aumenta cada vez mais, quando se pode prestigiar o micro e pequeno empres\u00e1rios. Portal do Empreendedor O governo tamb\u00e9m lan\u00e7ou uma nova vers\u00e3o do Portal do Empreendedor, que permite o cadastro dos microempreendedores individuais (MEI) junto ao governo federal. A nova vers\u00e3o do portal traz mais funcionalidade e facilidade para a navega\u00e7\u00e3o, afirmou o ministro da Ind\u00fastria, Com\u00e9rcio Exterior e Servi\u00e7os, Marcos Pereira. Outra a\u00e7\u00e3o voltada para as micro e pequenas empresas \u00e9 a expans\u00e3o do programa Institui\u00e7\u00e3o Amiga do Empreendedor. O programa busca qualificar e profissionalizar empres\u00e1rios de pequeno porte para o empreendedorismo, com o apoio de institui\u00e7\u00f5es de ensino p\u00fablicas e privadas. A expectativa \u00e9 credenciar 500 institui\u00e7\u00f5es a atender 100 mil empreendedores at\u00e9 o final de 2018. O programa \u00e9 uma parceria entre institui\u00e7\u00f5es como o Sebrae, a Funda\u00e7\u00e3o Get\u00falio Vargas, o Minist\u00e9rio da Educa\u00e7\u00e3o e a Secretaria Especial da Micro e Pequena Empresa, vinculada aoda Ind\u00fastria, Com\u00e9rcio Exterior e Servi\u00e7os. Cariri em Destaque Com EBC<\/p>\n","protected":false},"author":2,"featured_media":4902,"comment_status":"closed","ping_status":"open","sticky":false,"template":"","format":"standard","meta":{"_eb_attr":"","_jetpack_memberships_contains_paid_content":false,"footnotes":""},"categories":[11],"tags":[],"class_list":["post-4901","post","type-post","status-publish","format-standard","has-post-thumbnail","hentry","category-economia"],"yoast_head":"<!-- This site is optimized with the Yoast SEO plugin v26.5 - https:\/\/yoast.com\/wordpress\/plugins\/seo\/ -->\n<title>Governo anuncia medidas para incentivar micro e pequena empresas - Not&iacute;cias em Destaque<\/title>\n<meta name=\"robots\" content=\"index, follow, max-snippet:-1, max-image-preview:large, max-video-preview:-1\" \/>\n<link rel=\"canonical\" href=\"https:\/\/noticiasemdestaque.com\/cd\/?p=4901\" \/>\n<meta property=\"og:locale\" content=\"pt_BR\" \/>\n<meta property=\"og:type\" content=\"article\" \/>\n<meta property=\"og:title\" content=\"Governo anuncia medidas para incentivar micro e pequena empresas - Not&iacute;cias em Destaque\" \/>\n<meta property=\"og:description\" content=\"O governo anunciou hoje (4) medidas para incentivar as micro e pequenas empresas, como a oferta de R$ 9 bilh\u00f5es em linhas de cr\u00e9dito ao longo do m\u00eas de outubro e a amplia\u00e7\u00e3o de a\u00e7\u00f5es de qualifica\u00e7\u00e3o para o segmento. Do total dos recursos, R$ 8 bilh\u00f5es ser\u00e3o para novos empr\u00e9stimos e R$ 1 bilh\u00e3o para renegocia\u00e7\u00e3o de d\u00edvidas. As linhas de cr\u00e9dito ser\u00e3o ofertadas por bancos p\u00fablicos e privados. As medidas foram apresentadas em cerim\u00f4nia no Pal\u00e1cio do Planalto, da qual participaram ministros e o presidente Michel Temer. Os R$ 9 bilh\u00f5es ser\u00e3o disponibilizados por sete institui\u00e7\u00f5es financeiras durante a Semana Nacional do Cr\u00e9dito, que ocorrer\u00e1 em dias diferentes em todo o pa\u00eds em outubro. De acordo com o secret\u00e1rio especial da Micro e Pequena Empresas, Jos\u00e9 Ricardo da Veiga, as linhas de cr\u00e9dito ser\u00e3o ofertadas pela Caixa Econ\u00f4mica e pelos bancos do Brasil, Santander, Ita\u00fa, Bradesco, Banco do Nordeste e Banco da Amaz\u00f4nia. Ao discursar no evento, o presidente Michel Temer falou sobre a import\u00e2ncia dos pequenos empres\u00e1rios para a economia do pa\u00eds. \u201cAli\u00e1s, que de pequenos n\u00e3o t\u00eam nada. S\u00e3o milh\u00f5es de brasileiros que dedicam seus recursos e sua criatividade \u00e0 gera\u00e7\u00e3o de um empreendimento\u201d. O presidente disse ainda que a cren\u00e7a no pa\u00eds aumenta cada vez mais, quando se pode prestigiar o micro e pequeno empres\u00e1rios. Portal do Empreendedor O governo tamb\u00e9m lan\u00e7ou uma nova vers\u00e3o do Portal do Empreendedor, que permite o cadastro dos microempreendedores individuais (MEI) junto ao governo federal. A nova vers\u00e3o do portal traz mais funcionalidade e facilidade para a navega\u00e7\u00e3o, afirmou o ministro da Ind\u00fastria, Com\u00e9rcio Exterior e Servi\u00e7os, Marcos Pereira. Outra a\u00e7\u00e3o voltada para as micro e pequenas empresas \u00e9 a expans\u00e3o do programa Institui\u00e7\u00e3o Amiga do Empreendedor. O programa busca qualificar e profissionalizar empres\u00e1rios de pequeno porte para o empreendedorismo, com o apoio de institui\u00e7\u00f5es de ensino p\u00fablicas e privadas. A expectativa \u00e9 credenciar 500 institui\u00e7\u00f5es a atender 100 mil empreendedores at\u00e9 o final de 2018. O programa \u00e9 uma parceria entre institui\u00e7\u00f5es como o Sebrae, a Funda\u00e7\u00e3o Get\u00falio Vargas, o Minist\u00e9rio da Educa\u00e7\u00e3o e a Secretaria Especial da Micro e Pequena Empresa, vinculada aoda Ind\u00fastria, Com\u00e9rcio Exterior e Servi\u00e7os. Cariri em Destaque Com EBC\" \/>\n<meta property=\"og:url\" content=\"https:\/\/noticiasemdestaque.com\/cd\/?p=4901\" \/>\n<meta property=\"og:site_name\" content=\"Not&iacute;cias em Destaque\" \/>\n<meta property=\"article:published_time\" content=\"2017-10-04T22:24:13+00:00\" \/>\n<meta property=\"og:image\" content=\"https:\/\/noticiasemdestaque.com\/cd\/wp-content\/uploads\/2017\/10\/mei2-300x135.jpg\" \/>\n\t<meta property=\"og:image:width\" content=\"300\" \/>\n\t<meta property=\"og:image:height\" content=\"135\" \/>\n\t<meta property=\"og:image:type\" content=\"image\/jpeg\" \/>\n<meta name=\"author\" content=\"Not\u00edcias em Destaque\" \/>\n<meta name=\"twitter:card\" content=\"summary_large_image\" \/>\n<meta name=\"twitter:label1\" content=\"Escrito por\" \/>\n\t<meta name=\"twitter:data1\" content=\"Not\u00edcias em Destaque\" \/>\n\t<meta name=\"twitter:label2\" content=\"Est. tempo de leitura\" \/>\n\t<meta name=\"twitter:data2\" content=\"2 minutos\" \/>\n<script type=\"application\/ld+json\" class=\"yoast-schema-graph\">{\"@context\":\"https:\/\/schema.org\",\"@graph\":[{\"@type\":\"Article\",\"@id\":\"https:\/\/noticiasemdestaque.com\/cd\/?p=4901#article\",\"isPartOf\":{\"@id\":\"https:\/\/noticiasemdestaque.com\/cd\/?p=4901\"},\"author\":{\"name\":\"Not\u00edcias em Destaque\",\"@id\":\"https:\/\/noticiasemdestaque.com\/cd\/#\/schema\/person\/21320b03a7e8bb90128938dafc9b908a\"},\"headline\":\"Governo anuncia medidas para incentivar micro e pequena empresas\",\"datePublished\":\"2017-10-04T22:24:13+00:00\",\"mainEntityOfPage\":{\"@id\":\"https:\/\/noticiasemdestaque.com\/cd\/?p=4901\"},\"wordCount\":425,\"publisher\":{\"@id\":\"https:\/\/noticiasemdestaque.com\/cd\/#organization\"},\"image\":{\"@id\":\"https:\/\/noticiasemdestaque.com\/cd\/?p=4901#primaryimage\"},\"thumbnailUrl\":\"https:\/\/noticiasemdestaque.com\/cd\/wp-content\/uploads\/2017\/10\/mei2-300x135.jpg\",\"articleSection\":[\"Economia\"],\"inLanguage\":\"pt-BR\"},{\"@type\":\"WebPage\",\"@id\":\"https:\/\/noticiasemdestaque.com\/cd\/?p=4901\",\"url\":\"https:\/\/noticiasemdestaque.com\/cd\/?p=4901\",\"name\":\"Governo anuncia medidas para incentivar micro e pequena empresas - Not&iacute;cias em Destaque\",\"isPartOf\":{\"@id\":\"https:\/\/noticiasemdestaque.com\/cd\/#website\"},\"primaryImageOfPage\":{\"@id\":\"https:\/\/noticiasemdestaque.com\/cd\/?p=4901#primaryimage\"},\"image\":{\"@id\":\"https:\/\/noticiasemdestaque.com\/cd\/?p=4901#primaryimage\"},\"thumbnailUrl\":\"https:\/\/noticiasemdestaque.com\/cd\/wp-content\/uploads\/2017\/10\/mei2-300x135.jpg\",\"datePublished\":\"2017-10-04T22:24:13+00:00\",\"breadcrumb\":{\"@id\":\"https:\/\/noticiasemdestaque.com\/cd\/?p=4901#breadcrumb\"},\"inLanguage\":\"pt-BR\",\"potentialAction\":[{\"@type\":\"ReadAction\",\"target\":[\"https:\/\/noticiasemdestaque.com\/cd\/?p=4901\"]}]},{\"@type\":\"ImageObject\",\"inLanguage\":\"pt-BR\",\"@id\":\"https:\/\/noticiasemdestaque.com\/cd\/?p=4901#primaryimage\",\"url\":\"https:\/\/noticiasemdestaque.com\/cd\/wp-content\/uploads\/2017\/10\/mei2-300x135.jpg\",\"contentUrl\":\"https:\/\/noticiasemdestaque.com\/cd\/wp-content\/uploads\/2017\/10\/mei2-300x135.jpg\",\"width\":300,\"height\":135},{\"@type\":\"BreadcrumbList\",\"@id\":\"https:\/\/noticiasemdestaque.com\/cd\/?p=4901#breadcrumb\",\"itemListElement\":[{\"@type\":\"ListItem\",\"position\":1,\"name\":\"In\u00edcio\",\"item\":\"https:\/\/noticiasemdestaque.com\/cd\/\"},{\"@type\":\"ListItem\",\"position\":2,\"name\":\"Governo anuncia medidas para incentivar micro e pequena empresas\"}]},{\"@type\":\"WebSite\",\"@id\":\"https:\/\/noticiasemdestaque.com\/cd\/#website\",\"url\":\"https:\/\/noticiasemdestaque.com\/cd\/\",\"name\":\"Not&iacute;cias em Destaque\",\"description\":\"\",\"publisher\":{\"@id\":\"https:\/\/noticiasemdestaque.com\/cd\/#organization\"},\"potentialAction\":[{\"@type\":\"SearchAction\",\"target\":{\"@type\":\"EntryPoint\",\"urlTemplate\":\"https:\/\/noticiasemdestaque.com\/cd\/?s={search_term_string}\"},\"query-input\":{\"@type\":\"PropertyValueSpecification\",\"valueRequired\":true,\"valueName\":\"search_term_string\"}}],\"inLanguage\":\"pt-BR\"},{\"@type\":\"Organization\",\"@id\":\"https:\/\/noticiasemdestaque.com\/cd\/#organization\",\"name\":\"Not\u00edcias em Destaque\",\"url\":\"https:\/\/noticiasemdestaque.com\/cd\/\",\"logo\":{\"@type\":\"ImageObject\",\"inLanguage\":\"pt-BR\",\"@id\":\"https:\/\/noticiasemdestaque.com\/cd\/#\/schema\/logo\/image\/\",\"url\":\"https:\/\/noticiasemdestaque.com\/cd\/wp-content\/uploads\/2022\/05\/imagem-base-noticiasemdestaque.png\",\"contentUrl\":\"https:\/\/noticiasemdestaque.com\/cd\/wp-content\/uploads\/2022\/05\/imagem-base-noticiasemdestaque.png\",\"width\":1200,\"height\":630,\"caption\":\"Not\u00edcias em Destaque\"},\"image\":{\"@id\":\"https:\/\/noticiasemdestaque.com\/cd\/#\/schema\/logo\/image\/\"}},{\"@type\":\"Person\",\"@id\":\"https:\/\/noticiasemdestaque.com\/cd\/#\/schema\/person\/21320b03a7e8bb90128938dafc9b908a\",\"name\":\"Not\u00edcias em Destaque\",\"url\":\"https:\/\/noticiasemdestaque.com\/cd\/?author=2\"}]}<\/script>\n<!-- \/ Yoast SEO plugin. -->","yoast_head_json":{"title":"Governo anuncia medidas para incentivar micro e pequena empresas - Not&iacute;cias em Destaque","robots":{"index":"index","follow":"follow","max-snippet":"max-snippet:-1","max-image-preview":"max-image-preview:large","max-video-preview":"max-video-preview:-1"},"canonical":"https:\/\/noticiasemdestaque.com\/cd\/?p=4901","og_locale":"pt_BR","og_type":"article","og_title":"Governo anuncia medidas para incentivar micro e pequena empresas - Not&iacute;cias em Destaque","og_description":"O governo anunciou hoje (4) medidas para incentivar as micro e pequenas empresas, como a oferta de R$ 9 bilh\u00f5es em linhas de cr\u00e9dito ao longo do m\u00eas de outubro e a amplia\u00e7\u00e3o de a\u00e7\u00f5es de qualifica\u00e7\u00e3o para o segmento. Do total dos recursos, R$ 8 bilh\u00f5es ser\u00e3o para novos empr\u00e9stimos e R$ 1 bilh\u00e3o para renegocia\u00e7\u00e3o de d\u00edvidas. As linhas de cr\u00e9dito ser\u00e3o ofertadas por bancos p\u00fablicos e privados. As medidas foram apresentadas em cerim\u00f4nia no Pal\u00e1cio do Planalto, da qual participaram ministros e o presidente Michel Temer. Os R$ 9 bilh\u00f5es ser\u00e3o disponibilizados por sete institui\u00e7\u00f5es financeiras durante a Semana Nacional do Cr\u00e9dito, que ocorrer\u00e1 em dias diferentes em todo o pa\u00eds em outubro. De acordo com o secret\u00e1rio especial da Micro e Pequena Empresas, Jos\u00e9 Ricardo da Veiga, as linhas de cr\u00e9dito ser\u00e3o ofertadas pela Caixa Econ\u00f4mica e pelos bancos do Brasil, Santander, Ita\u00fa, Bradesco, Banco do Nordeste e Banco da Amaz\u00f4nia. Ao discursar no evento, o presidente Michel Temer falou sobre a import\u00e2ncia dos pequenos empres\u00e1rios para a economia do pa\u00eds. \u201cAli\u00e1s, que de pequenos n\u00e3o t\u00eam nada. S\u00e3o milh\u00f5es de brasileiros que dedicam seus recursos e sua criatividade \u00e0 gera\u00e7\u00e3o de um empreendimento\u201d. O presidente disse ainda que a cren\u00e7a no pa\u00eds aumenta cada vez mais, quando se pode prestigiar o micro e pequeno empres\u00e1rios. Portal do Empreendedor O governo tamb\u00e9m lan\u00e7ou uma nova vers\u00e3o do Portal do Empreendedor, que permite o cadastro dos microempreendedores individuais (MEI) junto ao governo federal. A nova vers\u00e3o do portal traz mais funcionalidade e facilidade para a navega\u00e7\u00e3o, afirmou o ministro da Ind\u00fastria, Com\u00e9rcio Exterior e Servi\u00e7os, Marcos Pereira. Outra a\u00e7\u00e3o voltada para as micro e pequenas empresas \u00e9 a expans\u00e3o do programa Institui\u00e7\u00e3o Amiga do Empreendedor. O programa busca qualificar e profissionalizar empres\u00e1rios de pequeno porte para o empreendedorismo, com o apoio de institui\u00e7\u00f5es de ensino p\u00fablicas e privadas. A expectativa \u00e9 credenciar 500 institui\u00e7\u00f5es a atender 100 mil empreendedores at\u00e9 o final de 2018. O programa \u00e9 uma parceria entre institui\u00e7\u00f5es como o Sebrae, a Funda\u00e7\u00e3o Get\u00falio Vargas, o Minist\u00e9rio da Educa\u00e7\u00e3o e a Secretaria Especial da Micro e Pequena Empresa, vinculada aoda Ind\u00fastria, Com\u00e9rcio Exterior e Servi\u00e7os. Cariri em Destaque Com EBC","og_url":"https:\/\/noticiasemdestaque.com\/cd\/?p=4901","og_site_name":"Not&iacute;cias em Destaque","article_published_time":"2017-10-04T22:24:13+00:00","og_image":[{"width":300,"height":135,"url":"https:\/\/noticiasemdestaque.com\/cd\/wp-content\/uploads\/2017\/10\/mei2-300x135.jpg","type":"image\/jpeg"}],"author":"Not\u00edcias em Destaque","twitter_card":"summary_large_image","twitter_misc":{"Escrito por":"Not\u00edcias em Destaque","Est. tempo de leitura":"2 minutos"},"schema":{"@context":"https:\/\/schema.org","@graph":[{"@type":"Article","@id":"https:\/\/noticiasemdestaque.com\/cd\/?p=4901#article","isPartOf":{"@id":"https:\/\/noticiasemdestaque.com\/cd\/?p=4901"},"author":{"name":"Not\u00edcias em Destaque","@id":"https:\/\/noticiasemdestaque.com\/cd\/#\/schema\/person\/21320b03a7e8bb90128938dafc9b908a"},"headline":"Governo anuncia medidas para incentivar micro e pequena empresas","datePublished":"2017-10-04T22:24:13+00:00","mainEntityOfPage":{"@id":"https:\/\/noticiasemdestaque.com\/cd\/?p=4901"},"wordCount":425,"publisher":{"@id":"https:\/\/noticiasemdestaque.com\/cd\/#organization"},"image":{"@id":"https:\/\/noticiasemdestaque.com\/cd\/?p=4901#primaryimage"},"thumbnailUrl":"https:\/\/noticiasemdestaque.com\/cd\/wp-content\/uploads\/2017\/10\/mei2-300x135.jpg","articleSection":["Economia"],"inLanguage":"pt-BR"},{"@type":"WebPage","@id":"https:\/\/noticiasemdestaque.com\/cd\/?p=4901","url":"https:\/\/noticiasemdestaque.com\/cd\/?p=4901","name":"Governo anuncia medidas para incentivar micro e pequena empresas - Not&iacute;cias em Destaque","isPartOf":{"@id":"https:\/\/noticiasemdestaque.com\/cd\/#website"},"primaryImageOfPage":{"@id":"https:\/\/noticiasemdestaque.com\/cd\/?p=4901#primaryimage"},"image":{"@id":"https:\/\/noticiasemdestaque.com\/cd\/?p=4901#primaryimage"},"thumbnailUrl":"https:\/\/noticiasemdestaque.com\/cd\/wp-content\/uploads\/2017\/10\/mei2-300x135.jpg","datePublished":"2017-10-04T22:24:13+00:00","breadcrumb":{"@id":"https:\/\/noticiasemdestaque.com\/cd\/?p=4901#breadcrumb"},"inLanguage":"pt-BR","potentialAction":[{"@type":"ReadAction","target":["https:\/\/noticiasemdestaque.com\/cd\/?p=4901"]}]},{"@type":"ImageObject","inLanguage":"pt-BR","@id":"https:\/\/noticiasemdestaque.com\/cd\/?p=4901#primaryimage","url":"https:\/\/noticiasemdestaque.com\/cd\/wp-content\/uploads\/2017\/10\/mei2-300x135.jpg","contentUrl":"https:\/\/noticiasemdestaque.com\/cd\/wp-content\/uploads\/2017\/10\/mei2-300x135.jpg","width":300,"height":135},{"@type":"BreadcrumbList","@id":"https:\/\/noticiasemdestaque.com\/cd\/?p=4901#breadcrumb","itemListElement":[{"@type":"ListItem","position":1,"name":"In\u00edcio","item":"https:\/\/noticiasemdestaque.com\/cd\/"},{"@type":"ListItem","position":2,"name":"Governo anuncia medidas para incentivar micro e pequena empresas"}]},{"@type":"WebSite","@id":"https:\/\/noticiasemdestaque.com\/cd\/#website","url":"https:\/\/noticiasemdestaque.com\/cd\/","name":"Not&iacute;cias em Destaque","description":"","publisher":{"@id":"https:\/\/noticiasemdestaque.com\/cd\/#organization"},"potentialAction":[{"@type":"SearchAction","target":{"@type":"EntryPoint","urlTemplate":"https:\/\/noticiasemdestaque.com\/cd\/?s={search_term_string}"},"query-input":{"@type":"PropertyValueSpecification","valueRequired":true,"valueName":"search_term_string"}}],"inLanguage":"pt-BR"},{"@type":"Organization","@id":"https:\/\/noticiasemdestaque.com\/cd\/#organization","name":"Not\u00edcias em Destaque","url":"https:\/\/noticiasemdestaque.com\/cd\/","logo":{"@type":"ImageObject","inLanguage":"pt-BR","@id":"https:\/\/noticiasemdestaque.com\/cd\/#\/schema\/logo\/image\/","url":"https:\/\/noticiasemdestaque.com\/cd\/wp-content\/uploads\/2022\/05\/imagem-base-noticiasemdestaque.png","contentUrl":"https:\/\/noticiasemdestaque.com\/cd\/wp-content\/uploads\/2022\/05\/imagem-base-noticiasemdestaque.png","width":1200,"height":630,"caption":"Not\u00edcias em Destaque"},"image":{"@id":"https:\/\/noticiasemdestaque.com\/cd\/#\/schema\/logo\/image\/"}},{"@type":"Person","@id":"https:\/\/noticiasemdestaque.com\/cd\/#\/schema\/person\/21320b03a7e8bb90128938dafc9b908a","name":"Not\u00edcias em Destaque","url":"https:\/\/noticiasemdestaque.com\/cd\/?author=2"}]}},"jetpack_featured_media_url":"https:\/\/noticiasemdestaque.com\/cd\/wp-content\/uploads\/2017\/10\/mei2-300x135.jpg","jetpack_sharing_enabled":true,"_links":{"self":[{"href":"https:\/\/noticiasemdestaque.com\/cd\/index.php?rest_route=\/wp\/v2\/posts\/4901","targetHints":{"allow":["GET"]}}],"collection":[{"href":"https:\/\/noticiasemdestaque.com\/cd\/index.php?rest_route=\/wp\/v2\/posts"}],"about":[{"href":"https:\/\/noticiasemdestaque.com\/cd\/index.php?rest_route=\/wp\/v2\/types\/post"}],"author":[{"embeddable":true,"href":"https:\/\/noticiasemdestaque.com\/cd\/index.php?rest_route=\/wp\/v2\/users\/2"}],"replies":[{"embeddable":true,"href":"https:\/\/noticiasemdestaque.com\/cd\/index.php?rest_route=%2Fwp%2Fv2%2Fcomments&post=4901"}],"version-history":[{"count":1,"href":"https:\/\/noticiasemdestaque.com\/cd\/index.php?rest_route=\/wp\/v2\/posts\/4901\/revisions"}],"predecessor-version":[{"id":4903,"href":"https:\/\/noticiasemdestaque.com\/cd\/index.php?rest_route=\/wp\/v2\/posts\/4901\/revisions\/4903"}],"wp:featuredmedia":[{"embeddable":true,"href":"https:\/\/noticiasemdestaque.com\/cd\/index.php?rest_route=\/wp\/v2\/media\/4902"}],"wp:attachment":[{"href":"https:\/\/noticiasemdestaque.com\/cd\/index.php?rest_route=%2Fwp%2Fv2%2Fmedia&parent=4901"}],"wp:term":[{"taxonomy":"category","embeddable":true,"href":"https:\/\/noticiasemdestaque.com\/cd\/index.php?rest_route=%2Fwp%2Fv2%2Fcategories&post=4901"},{"taxonomy":"post_tag","embeddable":true,"href":"https:\/\/noticiasemdestaque.com\/cd\/index.php?rest_route=%2Fwp%2Fv2%2Ftags&post=4901"}],"curies":[{"name":"wp","href":"https:\/\/api.w.org\/{rel}","templated":true}]}}