{"id":4895,"date":"2017-10-04T11:48:38","date_gmt":"2017-10-04T14:48:38","guid":{"rendered":"http:\/\/caririemdestaque.com\/cd\/?p=4895"},"modified":"2017-10-04T11:48:38","modified_gmt":"2017-10-04T14:48:38","slug":"inadimplencia-nas-escolas-privadas-atinge-35-na-pb","status":"publish","type":"post","link":"https:\/\/noticiasemdestaque.com\/cd\/?p=4895","title":{"rendered":"Inadimpl\u00eancia nas escolas privadas atinge 35% na PB"},"content":{"rendered":"<p><a href=\"http:\/\/caririemdestaque.com\/cd\/wp-content\/uploads\/2017\/10\/20171004082111.jpg\"><img fetchpriority=\"high\" decoding=\"async\" class=\"wp-image-4896 size-medium alignleft\" src=\"http:\/\/caririemdestaque.com\/cd\/wp-content\/uploads\/2017\/10\/20171004082111-300x225.jpg\" alt=\"\" width=\"300\" height=\"225\" srcset=\"https:\/\/noticiasemdestaque.com\/cd\/wp-content\/uploads\/2017\/10\/20171004082111-300x225.jpg 300w, https:\/\/noticiasemdestaque.com\/cd\/wp-content\/uploads\/2017\/10\/20171004082111.jpg 400w\" sizes=\"(max-width: 300px) 100vw, 300px\" \/><\/a>A inadimpl\u00eancia nas escolas privadas na Para\u00edba atingiu um percentual de 35% neste ano. Com rela\u00e7\u00e3o aos \u00faltimos anos a m\u00e9dia era de 30%, que foi o valor do ano passado, excluindo 2015, que obteve um \u00edndice hist\u00f3rico de 50%, segundo o presidente do Sindicato dos Estabelecimentos Particulares de Ensino do Estado da Para\u00edba (Sinepe -PB), Od\u00e9sio Medeiros.<\/p>\n<p>Para negociar com os respons\u00e1veis e regularizar a situa\u00e7\u00e3o de cada caso, deixando de negativar o nome no Serasa e no Servi\u00e7o de Prote\u00e7\u00e3o ao Cr\u00e9dito (SPC), vai ser realizado um mutir\u00e3o nas escolas, contra a inadimpl\u00eancia, depois do dia 15 de outubro. \u201cAs escolas est\u00e3o \u00e0 disposi\u00e7\u00e3o das fam\u00edlias para negociar da melhor forma poss\u00edvel\u201d, comentou o presidente da Sinepe.<\/p>\n<p>De acordo com o presidente Od\u00e9sio Medeiros, o diretor de cada escola vai convidar os devedores para que cada caso seja estudado detalhadamente e negociado. \u201cMuitos casos de neglig\u00eancia do respons\u00e1vel acontecem porque os pais n\u00e3o priorizam a escola do filho, como faz com as contas de \u00e1gua, energia e telefone, que se n\u00e3o pagar s\u00e3o cortadas\u201d, lamentou.<\/p>\n<p>Fonte: PBAgora<\/p>\n","protected":false},"excerpt":{"rendered":"<p>A inadimpl\u00eancia nas escolas privadas na Para\u00edba atingiu um percentual de 35% neste ano. Com rela\u00e7\u00e3o aos \u00faltimos anos a m\u00e9dia era de 30%, que foi o valor do ano passado, excluindo 2015, que obteve um \u00edndice hist\u00f3rico de 50%, segundo o presidente do Sindicato dos Estabelecimentos Particulares de Ensino do Estado da Para\u00edba (Sinepe -PB), Od\u00e9sio Medeiros. Para negociar com os respons\u00e1veis e regularizar a situa\u00e7\u00e3o de cada caso, deixando de negativar o nome no Serasa e no Servi\u00e7o de Prote\u00e7\u00e3o ao Cr\u00e9dito (SPC), vai ser realizado um mutir\u00e3o nas escolas, contra a inadimpl\u00eancia, depois do dia 15 de outubro. \u201cAs escolas est\u00e3o \u00e0 disposi\u00e7\u00e3o das fam\u00edlias para negociar da melhor forma poss\u00edvel\u201d, comentou o presidente da Sinepe. De acordo com o presidente Od\u00e9sio Medeiros, o diretor de cada escola vai convidar os devedores para que cada caso seja estudado detalhadamente e negociado. \u201cMuitos casos de neglig\u00eancia do respons\u00e1vel acontecem porque os pais n\u00e3o priorizam a escola do filho, como faz com as contas de \u00e1gua, energia e telefone, que se n\u00e3o pagar s\u00e3o cortadas\u201d, lamentou. Fonte: PBAgora<\/p>\n","protected":false},"author":2,"featured_media":4896,"comment_status":"closed","ping_status":"open","sticky":false,"template":"","format":"standard","meta":{"_eb_attr":"","_jetpack_memberships_contains_paid_content":false,"footnotes":""},"categories":[6],"tags":[],"class_list":["post-4895","post","type-post","status-publish","format-standard","has-post-thumbnail","hentry","category-educacao"],"yoast_head":"<!-- This site is optimized with the Yoast SEO plugin v26.5 - https:\/\/yoast.com\/wordpress\/plugins\/seo\/ -->\n<title>Inadimpl\u00eancia nas escolas privadas atinge 35% na PB - Not&iacute;cias em Destaque<\/title>\n<meta name=\"robots\" content=\"index, follow, max-snippet:-1, max-image-preview:large, max-video-preview:-1\" \/>\n<link rel=\"canonical\" href=\"https:\/\/noticiasemdestaque.com\/cd\/?p=4895\" \/>\n<meta property=\"og:locale\" content=\"pt_BR\" \/>\n<meta property=\"og:type\" content=\"article\" \/>\n<meta property=\"og:title\" content=\"Inadimpl\u00eancia nas escolas privadas atinge 35% na PB - Not&iacute;cias em Destaque\" \/>\n<meta property=\"og:description\" content=\"A inadimpl\u00eancia nas escolas privadas na Para\u00edba atingiu um percentual de 35% neste ano. Com rela\u00e7\u00e3o aos \u00faltimos anos a m\u00e9dia era de 30%, que foi o valor do ano passado, excluindo 2015, que obteve um \u00edndice hist\u00f3rico de 50%, segundo o presidente do Sindicato dos Estabelecimentos Particulares de Ensino do Estado da Para\u00edba (Sinepe -PB), Od\u00e9sio Medeiros. Para negociar com os respons\u00e1veis e regularizar a situa\u00e7\u00e3o de cada caso, deixando de negativar o nome no Serasa e no Servi\u00e7o de Prote\u00e7\u00e3o ao Cr\u00e9dito (SPC), vai ser realizado um mutir\u00e3o nas escolas, contra a inadimpl\u00eancia, depois do dia 15 de outubro. \u201cAs escolas est\u00e3o \u00e0 disposi\u00e7\u00e3o das fam\u00edlias para negociar da melhor forma poss\u00edvel\u201d, comentou o presidente da Sinepe. De acordo com o presidente Od\u00e9sio Medeiros, o diretor de cada escola vai convidar os devedores para que cada caso seja estudado detalhadamente e negociado. \u201cMuitos casos de neglig\u00eancia do respons\u00e1vel acontecem porque os pais n\u00e3o priorizam a escola do filho, como faz com as contas de \u00e1gua, energia e telefone, que se n\u00e3o pagar s\u00e3o cortadas\u201d, lamentou. Fonte: PBAgora\" \/>\n<meta property=\"og:url\" content=\"https:\/\/noticiasemdestaque.com\/cd\/?p=4895\" \/>\n<meta property=\"og:site_name\" content=\"Not&iacute;cias em Destaque\" \/>\n<meta property=\"article:published_time\" content=\"2017-10-04T14:48:38+00:00\" \/>\n<meta property=\"og:image\" content=\"https:\/\/noticiasemdestaque.com\/cd\/wp-content\/uploads\/2017\/10\/20171004082111.jpg\" \/>\n\t<meta property=\"og:image:width\" content=\"400\" \/>\n\t<meta property=\"og:image:height\" content=\"300\" \/>\n\t<meta property=\"og:image:type\" content=\"image\/jpeg\" \/>\n<meta name=\"author\" content=\"Not\u00edcias em Destaque\" \/>\n<meta name=\"twitter:card\" content=\"summary_large_image\" \/>\n<meta name=\"twitter:label1\" content=\"Escrito por\" \/>\n\t<meta name=\"twitter:data1\" content=\"Not\u00edcias em Destaque\" \/>\n\t<meta name=\"twitter:label2\" content=\"Est. tempo de leitura\" \/>\n\t<meta name=\"twitter:data2\" content=\"1 minuto\" \/>\n<script type=\"application\/ld+json\" class=\"yoast-schema-graph\">{\"@context\":\"https:\/\/schema.org\",\"@graph\":[{\"@type\":\"Article\",\"@id\":\"https:\/\/noticiasemdestaque.com\/cd\/?p=4895#article\",\"isPartOf\":{\"@id\":\"https:\/\/noticiasemdestaque.com\/cd\/?p=4895\"},\"author\":{\"name\":\"Not\u00edcias em Destaque\",\"@id\":\"https:\/\/noticiasemdestaque.com\/cd\/#\/schema\/person\/21320b03a7e8bb90128938dafc9b908a\"},\"headline\":\"Inadimpl\u00eancia nas escolas privadas atinge 35% na PB\",\"datePublished\":\"2017-10-04T14:48:38+00:00\",\"mainEntityOfPage\":{\"@id\":\"https:\/\/noticiasemdestaque.com\/cd\/?p=4895\"},\"wordCount\":205,\"publisher\":{\"@id\":\"https:\/\/noticiasemdestaque.com\/cd\/#organization\"},\"image\":{\"@id\":\"https:\/\/noticiasemdestaque.com\/cd\/?p=4895#primaryimage\"},\"thumbnailUrl\":\"https:\/\/noticiasemdestaque.com\/cd\/wp-content\/uploads\/2017\/10\/20171004082111.jpg\",\"articleSection\":[\"Educa\u00e7\u00e3o\"],\"inLanguage\":\"pt-BR\"},{\"@type\":\"WebPage\",\"@id\":\"https:\/\/noticiasemdestaque.com\/cd\/?p=4895\",\"url\":\"https:\/\/noticiasemdestaque.com\/cd\/?p=4895\",\"name\":\"Inadimpl\u00eancia nas escolas privadas atinge 35% na PB - Not&iacute;cias em Destaque\",\"isPartOf\":{\"@id\":\"https:\/\/noticiasemdestaque.com\/cd\/#website\"},\"primaryImageOfPage\":{\"@id\":\"https:\/\/noticiasemdestaque.com\/cd\/?p=4895#primaryimage\"},\"image\":{\"@id\":\"https:\/\/noticiasemdestaque.com\/cd\/?p=4895#primaryimage\"},\"thumbnailUrl\":\"https:\/\/noticiasemdestaque.com\/cd\/wp-content\/uploads\/2017\/10\/20171004082111.jpg\",\"datePublished\":\"2017-10-04T14:48:38+00:00\",\"breadcrumb\":{\"@id\":\"https:\/\/noticiasemdestaque.com\/cd\/?p=4895#breadcrumb\"},\"inLanguage\":\"pt-BR\",\"potentialAction\":[{\"@type\":\"ReadAction\",\"target\":[\"https:\/\/noticiasemdestaque.com\/cd\/?p=4895\"]}]},{\"@type\":\"ImageObject\",\"inLanguage\":\"pt-BR\",\"@id\":\"https:\/\/noticiasemdestaque.com\/cd\/?p=4895#primaryimage\",\"url\":\"https:\/\/noticiasemdestaque.com\/cd\/wp-content\/uploads\/2017\/10\/20171004082111.jpg\",\"contentUrl\":\"https:\/\/noticiasemdestaque.com\/cd\/wp-content\/uploads\/2017\/10\/20171004082111.jpg\",\"width\":400,\"height\":300},{\"@type\":\"BreadcrumbList\",\"@id\":\"https:\/\/noticiasemdestaque.com\/cd\/?p=4895#breadcrumb\",\"itemListElement\":[{\"@type\":\"ListItem\",\"position\":1,\"name\":\"In\u00edcio\",\"item\":\"https:\/\/noticiasemdestaque.com\/cd\/\"},{\"@type\":\"ListItem\",\"position\":2,\"name\":\"Inadimpl\u00eancia nas escolas privadas atinge 35% na PB\"}]},{\"@type\":\"WebSite\",\"@id\":\"https:\/\/noticiasemdestaque.com\/cd\/#website\",\"url\":\"https:\/\/noticiasemdestaque.com\/cd\/\",\"name\":\"Not&iacute;cias em Destaque\",\"description\":\"\",\"publisher\":{\"@id\":\"https:\/\/noticiasemdestaque.com\/cd\/#organization\"},\"potentialAction\":[{\"@type\":\"SearchAction\",\"target\":{\"@type\":\"EntryPoint\",\"urlTemplate\":\"https:\/\/noticiasemdestaque.com\/cd\/?s={search_term_string}\"},\"query-input\":{\"@type\":\"PropertyValueSpecification\",\"valueRequired\":true,\"valueName\":\"search_term_string\"}}],\"inLanguage\":\"pt-BR\"},{\"@type\":\"Organization\",\"@id\":\"https:\/\/noticiasemdestaque.com\/cd\/#organization\",\"name\":\"Not\u00edcias em Destaque\",\"url\":\"https:\/\/noticiasemdestaque.com\/cd\/\",\"logo\":{\"@type\":\"ImageObject\",\"inLanguage\":\"pt-BR\",\"@id\":\"https:\/\/noticiasemdestaque.com\/cd\/#\/schema\/logo\/image\/\",\"url\":\"https:\/\/noticiasemdestaque.com\/cd\/wp-content\/uploads\/2022\/05\/imagem-base-noticiasemdestaque.png\",\"contentUrl\":\"https:\/\/noticiasemdestaque.com\/cd\/wp-content\/uploads\/2022\/05\/imagem-base-noticiasemdestaque.png\",\"width\":1200,\"height\":630,\"caption\":\"Not\u00edcias em Destaque\"},\"image\":{\"@id\":\"https:\/\/noticiasemdestaque.com\/cd\/#\/schema\/logo\/image\/\"}},{\"@type\":\"Person\",\"@id\":\"https:\/\/noticiasemdestaque.com\/cd\/#\/schema\/person\/21320b03a7e8bb90128938dafc9b908a\",\"name\":\"Not\u00edcias em Destaque\",\"url\":\"https:\/\/noticiasemdestaque.com\/cd\/?author=2\"}]}<\/script>\n<!-- \/ Yoast SEO plugin. -->","yoast_head_json":{"title":"Inadimpl\u00eancia nas escolas privadas atinge 35% na PB - Not&iacute;cias em Destaque","robots":{"index":"index","follow":"follow","max-snippet":"max-snippet:-1","max-image-preview":"max-image-preview:large","max-video-preview":"max-video-preview:-1"},"canonical":"https:\/\/noticiasemdestaque.com\/cd\/?p=4895","og_locale":"pt_BR","og_type":"article","og_title":"Inadimpl\u00eancia nas escolas privadas atinge 35% na PB - Not&iacute;cias em Destaque","og_description":"A inadimpl\u00eancia nas escolas privadas na Para\u00edba atingiu um percentual de 35% neste ano. Com rela\u00e7\u00e3o aos \u00faltimos anos a m\u00e9dia era de 30%, que foi o valor do ano passado, excluindo 2015, que obteve um \u00edndice hist\u00f3rico de 50%, segundo o presidente do Sindicato dos Estabelecimentos Particulares de Ensino do Estado da Para\u00edba (Sinepe -PB), Od\u00e9sio Medeiros. Para negociar com os respons\u00e1veis e regularizar a situa\u00e7\u00e3o de cada caso, deixando de negativar o nome no Serasa e no Servi\u00e7o de Prote\u00e7\u00e3o ao Cr\u00e9dito (SPC), vai ser realizado um mutir\u00e3o nas escolas, contra a inadimpl\u00eancia, depois do dia 15 de outubro. \u201cAs escolas est\u00e3o \u00e0 disposi\u00e7\u00e3o das fam\u00edlias para negociar da melhor forma poss\u00edvel\u201d, comentou o presidente da Sinepe. De acordo com o presidente Od\u00e9sio Medeiros, o diretor de cada escola vai convidar os devedores para que cada caso seja estudado detalhadamente e negociado. \u201cMuitos casos de neglig\u00eancia do respons\u00e1vel acontecem porque os pais n\u00e3o priorizam a escola do filho, como faz com as contas de \u00e1gua, energia e telefone, que se n\u00e3o pagar s\u00e3o cortadas\u201d, lamentou. Fonte: PBAgora","og_url":"https:\/\/noticiasemdestaque.com\/cd\/?p=4895","og_site_name":"Not&iacute;cias em Destaque","article_published_time":"2017-10-04T14:48:38+00:00","og_image":[{"width":400,"height":300,"url":"https:\/\/noticiasemdestaque.com\/cd\/wp-content\/uploads\/2017\/10\/20171004082111.jpg","type":"image\/jpeg"}],"author":"Not\u00edcias em Destaque","twitter_card":"summary_large_image","twitter_misc":{"Escrito por":"Not\u00edcias em Destaque","Est. tempo de leitura":"1 minuto"},"schema":{"@context":"https:\/\/schema.org","@graph":[{"@type":"Article","@id":"https:\/\/noticiasemdestaque.com\/cd\/?p=4895#article","isPartOf":{"@id":"https:\/\/noticiasemdestaque.com\/cd\/?p=4895"},"author":{"name":"Not\u00edcias em Destaque","@id":"https:\/\/noticiasemdestaque.com\/cd\/#\/schema\/person\/21320b03a7e8bb90128938dafc9b908a"},"headline":"Inadimpl\u00eancia nas escolas privadas atinge 35% na PB","datePublished":"2017-10-04T14:48:38+00:00","mainEntityOfPage":{"@id":"https:\/\/noticiasemdestaque.com\/cd\/?p=4895"},"wordCount":205,"publisher":{"@id":"https:\/\/noticiasemdestaque.com\/cd\/#organization"},"image":{"@id":"https:\/\/noticiasemdestaque.com\/cd\/?p=4895#primaryimage"},"thumbnailUrl":"https:\/\/noticiasemdestaque.com\/cd\/wp-content\/uploads\/2017\/10\/20171004082111.jpg","articleSection":["Educa\u00e7\u00e3o"],"inLanguage":"pt-BR"},{"@type":"WebPage","@id":"https:\/\/noticiasemdestaque.com\/cd\/?p=4895","url":"https:\/\/noticiasemdestaque.com\/cd\/?p=4895","name":"Inadimpl\u00eancia nas escolas privadas atinge 35% na PB - Not&iacute;cias em Destaque","isPartOf":{"@id":"https:\/\/noticiasemdestaque.com\/cd\/#website"},"primaryImageOfPage":{"@id":"https:\/\/noticiasemdestaque.com\/cd\/?p=4895#primaryimage"},"image":{"@id":"https:\/\/noticiasemdestaque.com\/cd\/?p=4895#primaryimage"},"thumbnailUrl":"https:\/\/noticiasemdestaque.com\/cd\/wp-content\/uploads\/2017\/10\/20171004082111.jpg","datePublished":"2017-10-04T14:48:38+00:00","breadcrumb":{"@id":"https:\/\/noticiasemdestaque.com\/cd\/?p=4895#breadcrumb"},"inLanguage":"pt-BR","potentialAction":[{"@type":"ReadAction","target":["https:\/\/noticiasemdestaque.com\/cd\/?p=4895"]}]},{"@type":"ImageObject","inLanguage":"pt-BR","@id":"https:\/\/noticiasemdestaque.com\/cd\/?p=4895#primaryimage","url":"https:\/\/noticiasemdestaque.com\/cd\/wp-content\/uploads\/2017\/10\/20171004082111.jpg","contentUrl":"https:\/\/noticiasemdestaque.com\/cd\/wp-content\/uploads\/2017\/10\/20171004082111.jpg","width":400,"height":300},{"@type":"BreadcrumbList","@id":"https:\/\/noticiasemdestaque.com\/cd\/?p=4895#breadcrumb","itemListElement":[{"@type":"ListItem","position":1,"name":"In\u00edcio","item":"https:\/\/noticiasemdestaque.com\/cd\/"},{"@type":"ListItem","position":2,"name":"Inadimpl\u00eancia nas escolas privadas atinge 35% na PB"}]},{"@type":"WebSite","@id":"https:\/\/noticiasemdestaque.com\/cd\/#website","url":"https:\/\/noticiasemdestaque.com\/cd\/","name":"Not&iacute;cias em Destaque","description":"","publisher":{"@id":"https:\/\/noticiasemdestaque.com\/cd\/#organization"},"potentialAction":[{"@type":"SearchAction","target":{"@type":"EntryPoint","urlTemplate":"https:\/\/noticiasemdestaque.com\/cd\/?s={search_term_string}"},"query-input":{"@type":"PropertyValueSpecification","valueRequired":true,"valueName":"search_term_string"}}],"inLanguage":"pt-BR"},{"@type":"Organization","@id":"https:\/\/noticiasemdestaque.com\/cd\/#organization","name":"Not\u00edcias em Destaque","url":"https:\/\/noticiasemdestaque.com\/cd\/","logo":{"@type":"ImageObject","inLanguage":"pt-BR","@id":"https:\/\/noticiasemdestaque.com\/cd\/#\/schema\/logo\/image\/","url":"https:\/\/noticiasemdestaque.com\/cd\/wp-content\/uploads\/2022\/05\/imagem-base-noticiasemdestaque.png","contentUrl":"https:\/\/noticiasemdestaque.com\/cd\/wp-content\/uploads\/2022\/05\/imagem-base-noticiasemdestaque.png","width":1200,"height":630,"caption":"Not\u00edcias em Destaque"},"image":{"@id":"https:\/\/noticiasemdestaque.com\/cd\/#\/schema\/logo\/image\/"}},{"@type":"Person","@id":"https:\/\/noticiasemdestaque.com\/cd\/#\/schema\/person\/21320b03a7e8bb90128938dafc9b908a","name":"Not\u00edcias em Destaque","url":"https:\/\/noticiasemdestaque.com\/cd\/?author=2"}]}},"jetpack_featured_media_url":"https:\/\/noticiasemdestaque.com\/cd\/wp-content\/uploads\/2017\/10\/20171004082111.jpg","jetpack_sharing_enabled":true,"_links":{"self":[{"href":"https:\/\/noticiasemdestaque.com\/cd\/index.php?rest_route=\/wp\/v2\/posts\/4895","targetHints":{"allow":["GET"]}}],"collection":[{"href":"https:\/\/noticiasemdestaque.com\/cd\/index.php?rest_route=\/wp\/v2\/posts"}],"about":[{"href":"https:\/\/noticiasemdestaque.com\/cd\/index.php?rest_route=\/wp\/v2\/types\/post"}],"author":[{"embeddable":true,"href":"https:\/\/noticiasemdestaque.com\/cd\/index.php?rest_route=\/wp\/v2\/users\/2"}],"replies":[{"embeddable":true,"href":"https:\/\/noticiasemdestaque.com\/cd\/index.php?rest_route=%2Fwp%2Fv2%2Fcomments&post=4895"}],"version-history":[{"count":1,"href":"https:\/\/noticiasemdestaque.com\/cd\/index.php?rest_route=\/wp\/v2\/posts\/4895\/revisions"}],"predecessor-version":[{"id":4897,"href":"https:\/\/noticiasemdestaque.com\/cd\/index.php?rest_route=\/wp\/v2\/posts\/4895\/revisions\/4897"}],"wp:featuredmedia":[{"embeddable":true,"href":"https:\/\/noticiasemdestaque.com\/cd\/index.php?rest_route=\/wp\/v2\/media\/4896"}],"wp:attachment":[{"href":"https:\/\/noticiasemdestaque.com\/cd\/index.php?rest_route=%2Fwp%2Fv2%2Fmedia&parent=4895"}],"wp:term":[{"taxonomy":"category","embeddable":true,"href":"https:\/\/noticiasemdestaque.com\/cd\/index.php?rest_route=%2Fwp%2Fv2%2Fcategories&post=4895"},{"taxonomy":"post_tag","embeddable":true,"href":"https:\/\/noticiasemdestaque.com\/cd\/index.php?rest_route=%2Fwp%2Fv2%2Ftags&post=4895"}],"curies":[{"name":"wp","href":"https:\/\/api.w.org\/{rel}","templated":true}]}}