{"id":48770,"date":"2023-05-31T21:06:00","date_gmt":"2023-06-01T00:06:00","guid":{"rendered":"https:\/\/noticiasemdestaque.com\/cd\/?p=48770"},"modified":"2023-05-31T21:06:00","modified_gmt":"2023-06-01T00:06:00","slug":"assinada-a-ordem-de-servico-para-reforma-e-ampliacao-da-escola-zelia-braz-em-sume","status":"publish","type":"post","link":"https:\/\/noticiasemdestaque.com\/cd\/?p=48770","title":{"rendered":"Assinada a Ordem de Servi\u00e7o para reforma e amplia\u00e7\u00e3o da Escola Z\u00e9lia Braz, em Sum\u00e9"},"content":{"rendered":"<p><a href=\"https:\/\/noticiasemdestaque.com\/cd\/wp-content\/uploads\/2023\/05\/WhatsApp-Image-2023-05-31-at-21.02.52.jpeg\"><img fetchpriority=\"high\" decoding=\"async\" class=\"alignnone  wp-image-48775\" src=\"https:\/\/noticiasemdestaque.com\/cd\/wp-content\/uploads\/2023\/05\/WhatsApp-Image-2023-05-31-at-21.02.52-300x169.jpeg\" alt=\"\" width=\"1220\" height=\"687\" srcset=\"https:\/\/noticiasemdestaque.com\/cd\/wp-content\/uploads\/2023\/05\/WhatsApp-Image-2023-05-31-at-21.02.52-300x169.jpeg 300w, https:\/\/noticiasemdestaque.com\/cd\/wp-content\/uploads\/2023\/05\/WhatsApp-Image-2023-05-31-at-21.02.52-768x432.jpeg 768w, https:\/\/noticiasemdestaque.com\/cd\/wp-content\/uploads\/2023\/05\/WhatsApp-Image-2023-05-31-at-21.02.52-18x10.jpeg 18w, https:\/\/noticiasemdestaque.com\/cd\/wp-content\/uploads\/2023\/05\/WhatsApp-Image-2023-05-31-at-21.02.52.jpeg 1000w\" sizes=\"(max-width: 1220px) 100vw, 1220px\" \/><\/a><\/p>\n<p>A Ordem de Servi\u00e7o para reforma e amplia\u00e7\u00e3o da Escola Municipal Z\u00e9lia Braz, localizada no bairro da V\u00e1rzea Redonda, foi assinada na manh\u00e3 desta ter\u00e7a-feira, 30, pelo Prefeito e pelos vereadores Daniel L\u00eala (presidente), Ant\u00f4nio Carlos Sarmento e Crist\u00f3v\u00e3o J\u00fanior.<\/p>\n<p>O projeto vai adequar a infraestrutura f\u00edsica do espa\u00e7o, melhorando ainda mais a qualidade e a capacidade de atendimento dos alunos, bem como as condi\u00e7\u00f5es de trabalho dos professores.<\/p>\n<p>Sob um investimento de R$ 469.506,29, a obra inclui recursos da Prefeitura de Sum\u00e9 e de emenda do Deputado Federal Wellington Roberto junto ao FNDE.<\/p>\n<p>Atualmente a creche Rita Cipriano \u00e9 composta por 9 salas. Com a amplia\u00e7\u00e3o, que contar\u00e1 com uma \u00e1rea constru\u00edda de 314,00m\u00b2, o pr\u00e9dio ganhar\u00e1 mais 5 salas de aula e passar\u00e1 a ter 14 salas, elevando assim a capacidade das vagas. Al\u00e9m disso, ser\u00e1 constru\u00eddo um dep\u00f3sito e dois banheiros para os professores.<\/p>\n<p>A vencedora da tomada de Pre\u00e7o n\u00ba 02\/2023 foi a empresa VR Constru\u00e7\u00f5es e Servi\u00e7os Ltda que ter\u00e1 10 meses para concluir a obra.<\/p>\n<p><a href=\"https:\/\/noticiasemdestaque.com\/cd\/wp-content\/uploads\/2023\/05\/WhatsApp-Image-2023-05-31-at-21.02.52-2.jpeg\"><img decoding=\"async\" class=\"wp-image-48773 aligncenter\" src=\"https:\/\/noticiasemdestaque.com\/cd\/wp-content\/uploads\/2023\/05\/WhatsApp-Image-2023-05-31-at-21.02.52-2-300x169.jpeg\" alt=\"\" width=\"804\" height=\"453\" srcset=\"https:\/\/noticiasemdestaque.com\/cd\/wp-content\/uploads\/2023\/05\/WhatsApp-Image-2023-05-31-at-21.02.52-2-300x169.jpeg 300w, https:\/\/noticiasemdestaque.com\/cd\/wp-content\/uploads\/2023\/05\/WhatsApp-Image-2023-05-31-at-21.02.52-2-768x432.jpeg 768w, https:\/\/noticiasemdestaque.com\/cd\/wp-content\/uploads\/2023\/05\/WhatsApp-Image-2023-05-31-at-21.02.52-2-18x10.jpeg 18w, https:\/\/noticiasemdestaque.com\/cd\/wp-content\/uploads\/2023\/05\/WhatsApp-Image-2023-05-31-at-21.02.52-2.jpeg 1000w\" sizes=\"(max-width: 804px) 100vw, 804px\" \/><\/a><\/p>\n<p>Hoje, a Escola Z\u00e9lia Braz funciona nos turnos da manh\u00e3 e tarde com os ensinos fundamental I e II, do primeiro ao quinto ano e abriga 331 alunos. O corpo t\u00e9cnico e administrativo \u00e9 formado por: Aline Barbosa (Diretora), Lusicleide Sousa (Secret\u00e1ria), Cl\u00e1udia Leite (Coordenadora Pedag\u00f3gica), Jos\u00e9 (Porteiro), Neide Farias (Cozinheira), S\u00e1vio Barbosa, Ros\u00e1lia Duarte e Maria Vani (Auxiliares), Mery Leite (Secret\u00e1ria Auxiliar) e Matheus Nogueira (Assistente de Administra\u00e7\u00e3o), al\u00e9m dos professores: Gabrielle, Zenilda, Lidiane, Sivoneide, Sandra, Rafael, In\u00eas, S\u00edlvia, Adriana, Salete, M\u00f4nica, Jaqueline, Fabr\u00edcia, Am\u00e9lia e Nalva.<\/p>\n<p>Uma das Conselheiras do Or\u00e7amento Democr\u00e1tico Municipal (ODM), Alcidenir Lira, estava bastante emocionada, visto que, acompanhou todo o processo enquanto conselheiro estadual do or\u00e7amento (ODE). Segunda ela, Sum\u00e9 era o \u00fanico munic\u00edpio apto legalmente a receber uma escola do porte da Z\u00e9lia Braz, pelo planejamento e correto uso dos recursos estaduais.<\/p>\n<p>A diretora Aline agradeceu ao prefeito pelos investimentos feitos na escola, tanto nos recursos f\u00edsicos como humanos. \u201cTudo isso reflete no aprendizado das crian\u00e7as e no bem estar da equipe de servidores\u201d.<\/p>\n<p><a href=\"https:\/\/noticiasemdestaque.com\/cd\/wp-content\/uploads\/2023\/05\/WhatsApp-Image-2023-05-31-at-21.02.52-1.jpeg\"><img decoding=\"async\" class=\"wp-image-48774 aligncenter\" src=\"https:\/\/noticiasemdestaque.com\/cd\/wp-content\/uploads\/2023\/05\/WhatsApp-Image-2023-05-31-at-21.02.52-1-300x169.jpeg\" alt=\"\" width=\"753\" height=\"424\" srcset=\"https:\/\/noticiasemdestaque.com\/cd\/wp-content\/uploads\/2023\/05\/WhatsApp-Image-2023-05-31-at-21.02.52-1-300x169.jpeg 300w, https:\/\/noticiasemdestaque.com\/cd\/wp-content\/uploads\/2023\/05\/WhatsApp-Image-2023-05-31-at-21.02.52-1-768x432.jpeg 768w, https:\/\/noticiasemdestaque.com\/cd\/wp-content\/uploads\/2023\/05\/WhatsApp-Image-2023-05-31-at-21.02.52-1-18x10.jpeg 18w, https:\/\/noticiasemdestaque.com\/cd\/wp-content\/uploads\/2023\/05\/WhatsApp-Image-2023-05-31-at-21.02.52-1.jpeg 1000w\" sizes=\"(max-width: 753px) 100vw, 753px\" \/><\/a><\/p>\n<p>O Prefeito disse que seu compromisso com as crian\u00e7as e todos os estudantes ser\u00e1 sempre o norte das suas a\u00e7\u00f5es de governo. Falou de toda caminhada at\u00e9 chegar ao que a escola \u00e9 hoje, de todos que contribu\u00edram e se comprometeu com as crian\u00e7as presentes, em entregar a escola reformada muito em breve e com festa para todos.<\/p>\n<p>Acompanharam o evento ainda, a Secret\u00e1ria de Assist\u00eancia Social, Ednalva Lib\u00e2nio, o Conselheiro do ODM Dami\u00e3o do Carro Quebrado, o Chefe de Gabinete Heleno J\u00fanior, o Presidente do Conselho Municipal de Educa\u00e7\u00e3o, Professor Naldinho (representando o Secret\u00e1rio Bon\u00edlson Tim\u00f3teo), coordenadores, professores, imprensa local e dezenas de alunos.<\/p>\n<p><a href=\"https:\/\/noticiasemdestaque.com\/cd\/wp-content\/uploads\/2023\/05\/WhatsApp-Image-2023-05-31-at-21.02.53.jpeg\"><img loading=\"lazy\" decoding=\"async\" class=\" wp-image-48772 aligncenter\" src=\"https:\/\/noticiasemdestaque.com\/cd\/wp-content\/uploads\/2023\/05\/WhatsApp-Image-2023-05-31-at-21.02.53-300x169.jpeg\" alt=\"\" width=\"591\" height=\"333\" srcset=\"https:\/\/noticiasemdestaque.com\/cd\/wp-content\/uploads\/2023\/05\/WhatsApp-Image-2023-05-31-at-21.02.53-300x169.jpeg 300w, https:\/\/noticiasemdestaque.com\/cd\/wp-content\/uploads\/2023\/05\/WhatsApp-Image-2023-05-31-at-21.02.53-768x432.jpeg 768w, https:\/\/noticiasemdestaque.com\/cd\/wp-content\/uploads\/2023\/05\/WhatsApp-Image-2023-05-31-at-21.02.53-18x10.jpeg 18w, https:\/\/noticiasemdestaque.com\/cd\/wp-content\/uploads\/2023\/05\/WhatsApp-Image-2023-05-31-at-21.02.53.jpeg 1000w\" sizes=\"(max-width: 591px) 100vw, 591px\" \/><\/a><\/p>\n<p><strong>Noticias em Destaque<\/strong><\/p>\n<p style=\"text-align: right;\"><em>Fonte: Ascom\/PMS<\/em><\/p>\n","protected":false},"excerpt":{"rendered":"<p>A Ordem de Servi\u00e7o para reforma e amplia\u00e7\u00e3o da Escola Municipal Z\u00e9lia Braz, localizada no bairro da V\u00e1rzea Redonda, foi assinada na manh\u00e3 desta ter\u00e7a-feira, 30, pelo Prefeito e pelos vereadores Daniel L\u00eala (presidente), Ant\u00f4nio Carlos Sarmento e Crist\u00f3v\u00e3o J\u00fanior. O projeto vai adequar a infraestrutura f\u00edsica do espa\u00e7o, melhorando ainda mais a qualidade e a capacidade de atendimento dos alunos, bem como as condi\u00e7\u00f5es de trabalho dos professores. Sob um investimento de R$ 469.506,29, a obra inclui recursos da Prefeitura de Sum\u00e9 e de emenda do Deputado Federal Wellington Roberto junto ao FNDE. Atualmente a creche Rita Cipriano \u00e9 composta por 9 salas. Com a amplia\u00e7\u00e3o, que contar\u00e1 com uma \u00e1rea constru\u00edda de 314,00m\u00b2, o pr\u00e9dio ganhar\u00e1 mais 5 salas de aula e passar\u00e1 a ter 14 salas, elevando assim a capacidade das vagas. Al\u00e9m disso, ser\u00e1 constru\u00eddo um dep\u00f3sito e dois banheiros para os professores. A vencedora da tomada de Pre\u00e7o n\u00ba 02\/2023 foi a empresa VR Constru\u00e7\u00f5es e Servi\u00e7os Ltda que ter\u00e1 10 meses para concluir a obra. Hoje, a Escola Z\u00e9lia Braz funciona nos turnos da manh\u00e3 e tarde com os ensinos fundamental I e II, do primeiro ao quinto ano e abriga 331 alunos. O corpo t\u00e9cnico e administrativo \u00e9 formado por: Aline Barbosa (Diretora), Lusicleide Sousa (Secret\u00e1ria), Cl\u00e1udia Leite (Coordenadora Pedag\u00f3gica), Jos\u00e9 (Porteiro), Neide Farias (Cozinheira), S\u00e1vio Barbosa, Ros\u00e1lia Duarte e Maria Vani (Auxiliares), Mery Leite (Secret\u00e1ria Auxiliar) e Matheus Nogueira (Assistente de Administra\u00e7\u00e3o), al\u00e9m dos professores: Gabrielle, Zenilda, Lidiane, Sivoneide, Sandra, Rafael, In\u00eas, S\u00edlvia, Adriana, Salete, M\u00f4nica, Jaqueline, Fabr\u00edcia, Am\u00e9lia e Nalva. Uma das Conselheiras do Or\u00e7amento Democr\u00e1tico Municipal (ODM), Alcidenir Lira, estava bastante emocionada, visto que, acompanhou todo o processo enquanto conselheiro estadual do or\u00e7amento (ODE). Segunda ela, Sum\u00e9 era o \u00fanico munic\u00edpio apto legalmente a receber uma escola do porte da Z\u00e9lia Braz, pelo planejamento e correto uso dos recursos estaduais. A diretora Aline agradeceu ao prefeito pelos investimentos feitos na escola, tanto nos recursos f\u00edsicos como humanos. \u201cTudo isso reflete no aprendizado das crian\u00e7as e no bem estar da equipe de servidores\u201d. O Prefeito disse que seu compromisso com as crian\u00e7as e todos os estudantes ser\u00e1 sempre o norte das suas a\u00e7\u00f5es de governo. Falou de toda caminhada at\u00e9 chegar ao que a escola \u00e9 hoje, de todos que contribu\u00edram e se comprometeu com as crian\u00e7as presentes, em entregar a escola reformada muito em breve e com festa para todos. Acompanharam o evento ainda, a Secret\u00e1ria de Assist\u00eancia Social, Ednalva Lib\u00e2nio, o Conselheiro do ODM Dami\u00e3o do Carro Quebrado, o Chefe de Gabinete Heleno J\u00fanior, o Presidente do Conselho Municipal de Educa\u00e7\u00e3o, Professor Naldinho (representando o Secret\u00e1rio Bon\u00edlson Tim\u00f3teo), coordenadores, professores, imprensa local e dezenas de alunos. Noticias em Destaque Fonte: Ascom\/PMS<\/p>\n","protected":false},"author":2,"featured_media":48775,"comment_status":"closed","ping_status":"open","sticky":false,"template":"","format":"standard","meta":{"_eb_attr":"","_jetpack_memberships_contains_paid_content":false,"footnotes":""},"categories":[3],"tags":[],"class_list":["post-48770","post","type-post","status-publish","format-standard","has-post-thumbnail","hentry","category-cidades"],"yoast_head":"<!-- This site is optimized with the Yoast SEO plugin v26.5 - https:\/\/yoast.com\/wordpress\/plugins\/seo\/ -->\n<title>Assinada a Ordem de Servi\u00e7o para reforma e amplia\u00e7\u00e3o da Escola Z\u00e9lia Braz, em Sum\u00e9 - Not&iacute;cias em Destaque<\/title>\n<meta name=\"robots\" content=\"index, follow, max-snippet:-1, max-image-preview:large, max-video-preview:-1\" \/>\n<link rel=\"canonical\" href=\"https:\/\/noticiasemdestaque.com\/cd\/?p=48770\" \/>\n<meta property=\"og:locale\" content=\"pt_BR\" \/>\n<meta property=\"og:type\" content=\"article\" \/>\n<meta property=\"og:title\" content=\"Assinada a Ordem de Servi\u00e7o para reforma e amplia\u00e7\u00e3o da Escola Z\u00e9lia Braz, em Sum\u00e9 - Not&iacute;cias em Destaque\" \/>\n<meta property=\"og:description\" content=\"A Ordem de Servi\u00e7o para reforma e amplia\u00e7\u00e3o da Escola Municipal Z\u00e9lia Braz, localizada no bairro da V\u00e1rzea Redonda, foi assinada na manh\u00e3 desta ter\u00e7a-feira, 30, pelo Prefeito e pelos vereadores Daniel L\u00eala (presidente), Ant\u00f4nio Carlos Sarmento e Crist\u00f3v\u00e3o J\u00fanior. O projeto vai adequar a infraestrutura f\u00edsica do espa\u00e7o, melhorando ainda mais a qualidade e a capacidade de atendimento dos alunos, bem como as condi\u00e7\u00f5es de trabalho dos professores. Sob um investimento de R$ 469.506,29, a obra inclui recursos da Prefeitura de Sum\u00e9 e de emenda do Deputado Federal Wellington Roberto junto ao FNDE. Atualmente a creche Rita Cipriano \u00e9 composta por 9 salas. Com a amplia\u00e7\u00e3o, que contar\u00e1 com uma \u00e1rea constru\u00edda de 314,00m\u00b2, o pr\u00e9dio ganhar\u00e1 mais 5 salas de aula e passar\u00e1 a ter 14 salas, elevando assim a capacidade das vagas. Al\u00e9m disso, ser\u00e1 constru\u00eddo um dep\u00f3sito e dois banheiros para os professores. A vencedora da tomada de Pre\u00e7o n\u00ba 02\/2023 foi a empresa VR Constru\u00e7\u00f5es e Servi\u00e7os Ltda que ter\u00e1 10 meses para concluir a obra. Hoje, a Escola Z\u00e9lia Braz funciona nos turnos da manh\u00e3 e tarde com os ensinos fundamental I e II, do primeiro ao quinto ano e abriga 331 alunos. O corpo t\u00e9cnico e administrativo \u00e9 formado por: Aline Barbosa (Diretora), Lusicleide Sousa (Secret\u00e1ria), Cl\u00e1udia Leite (Coordenadora Pedag\u00f3gica), Jos\u00e9 (Porteiro), Neide Farias (Cozinheira), S\u00e1vio Barbosa, Ros\u00e1lia Duarte e Maria Vani (Auxiliares), Mery Leite (Secret\u00e1ria Auxiliar) e Matheus Nogueira (Assistente de Administra\u00e7\u00e3o), al\u00e9m dos professores: Gabrielle, Zenilda, Lidiane, Sivoneide, Sandra, Rafael, In\u00eas, S\u00edlvia, Adriana, Salete, M\u00f4nica, Jaqueline, Fabr\u00edcia, Am\u00e9lia e Nalva. Uma das Conselheiras do Or\u00e7amento Democr\u00e1tico Municipal (ODM), Alcidenir Lira, estava bastante emocionada, visto que, acompanhou todo o processo enquanto conselheiro estadual do or\u00e7amento (ODE). Segunda ela, Sum\u00e9 era o \u00fanico munic\u00edpio apto legalmente a receber uma escola do porte da Z\u00e9lia Braz, pelo planejamento e correto uso dos recursos estaduais. A diretora Aline agradeceu ao prefeito pelos investimentos feitos na escola, tanto nos recursos f\u00edsicos como humanos. \u201cTudo isso reflete no aprendizado das crian\u00e7as e no bem estar da equipe de servidores\u201d. O Prefeito disse que seu compromisso com as crian\u00e7as e todos os estudantes ser\u00e1 sempre o norte das suas a\u00e7\u00f5es de governo. Falou de toda caminhada at\u00e9 chegar ao que a escola \u00e9 hoje, de todos que contribu\u00edram e se comprometeu com as crian\u00e7as presentes, em entregar a escola reformada muito em breve e com festa para todos. Acompanharam o evento ainda, a Secret\u00e1ria de Assist\u00eancia Social, Ednalva Lib\u00e2nio, o Conselheiro do ODM Dami\u00e3o do Carro Quebrado, o Chefe de Gabinete Heleno J\u00fanior, o Presidente do Conselho Municipal de Educa\u00e7\u00e3o, Professor Naldinho (representando o Secret\u00e1rio Bon\u00edlson Tim\u00f3teo), coordenadores, professores, imprensa local e dezenas de alunos. Noticias em Destaque Fonte: Ascom\/PMS\" \/>\n<meta property=\"og:url\" content=\"https:\/\/noticiasemdestaque.com\/cd\/?p=48770\" \/>\n<meta property=\"og:site_name\" content=\"Not&iacute;cias em Destaque\" \/>\n<meta property=\"article:published_time\" content=\"2023-06-01T00:06:00+00:00\" \/>\n<meta property=\"og:image\" content=\"https:\/\/noticiasemdestaque.com\/cd\/wp-content\/uploads\/2023\/05\/WhatsApp-Image-2023-05-31-at-21.02.52.jpeg\" \/>\n\t<meta property=\"og:image:width\" content=\"1000\" \/>\n\t<meta property=\"og:image:height\" content=\"563\" \/>\n\t<meta property=\"og:image:type\" content=\"image\/jpeg\" \/>\n<meta name=\"author\" content=\"Not\u00edcias em Destaque\" \/>\n<meta name=\"twitter:card\" content=\"summary_large_image\" \/>\n<meta name=\"twitter:label1\" content=\"Escrito por\" \/>\n\t<meta name=\"twitter:data1\" content=\"Not\u00edcias em Destaque\" \/>\n\t<meta name=\"twitter:label2\" content=\"Est. tempo de leitura\" \/>\n\t<meta name=\"twitter:data2\" content=\"4 minutos\" \/>\n<script type=\"application\/ld+json\" class=\"yoast-schema-graph\">{\"@context\":\"https:\/\/schema.org\",\"@graph\":[{\"@type\":\"Article\",\"@id\":\"https:\/\/noticiasemdestaque.com\/cd\/?p=48770#article\",\"isPartOf\":{\"@id\":\"https:\/\/noticiasemdestaque.com\/cd\/?p=48770\"},\"author\":{\"name\":\"Not\u00edcias em Destaque\",\"@id\":\"https:\/\/noticiasemdestaque.com\/cd\/#\/schema\/person\/4a81fb71f77579d059c3045891fa1786\"},\"headline\":\"Assinada a Ordem de Servi\u00e7o para reforma e amplia\u00e7\u00e3o da Escola Z\u00e9lia Braz, em Sum\u00e9\",\"datePublished\":\"2023-06-01T00:06:00+00:00\",\"mainEntityOfPage\":{\"@id\":\"https:\/\/noticiasemdestaque.com\/cd\/?p=48770\"},\"wordCount\":517,\"publisher\":{\"@id\":\"https:\/\/noticiasemdestaque.com\/cd\/#organization\"},\"image\":{\"@id\":\"https:\/\/noticiasemdestaque.com\/cd\/?p=48770#primaryimage\"},\"thumbnailUrl\":\"https:\/\/noticiasemdestaque.com\/cd\/wp-content\/uploads\/2023\/05\/WhatsApp-Image-2023-05-31-at-21.02.52.jpeg\",\"articleSection\":[\"Cidades\"],\"inLanguage\":\"pt-BR\"},{\"@type\":\"WebPage\",\"@id\":\"https:\/\/noticiasemdestaque.com\/cd\/?p=48770\",\"url\":\"https:\/\/noticiasemdestaque.com\/cd\/?p=48770\",\"name\":\"Assinada a Ordem de Servi\u00e7o para reforma e amplia\u00e7\u00e3o da Escola Z\u00e9lia Braz, em Sum\u00e9 - Not&iacute;cias em Destaque\",\"isPartOf\":{\"@id\":\"https:\/\/noticiasemdestaque.com\/cd\/#website\"},\"primaryImageOfPage\":{\"@id\":\"https:\/\/noticiasemdestaque.com\/cd\/?p=48770#primaryimage\"},\"image\":{\"@id\":\"https:\/\/noticiasemdestaque.com\/cd\/?p=48770#primaryimage\"},\"thumbnailUrl\":\"https:\/\/noticiasemdestaque.com\/cd\/wp-content\/uploads\/2023\/05\/WhatsApp-Image-2023-05-31-at-21.02.52.jpeg\",\"datePublished\":\"2023-06-01T00:06:00+00:00\",\"breadcrumb\":{\"@id\":\"https:\/\/noticiasemdestaque.com\/cd\/?p=48770#breadcrumb\"},\"inLanguage\":\"pt-BR\",\"potentialAction\":[{\"@type\":\"ReadAction\",\"target\":[\"https:\/\/noticiasemdestaque.com\/cd\/?p=48770\"]}]},{\"@type\":\"ImageObject\",\"inLanguage\":\"pt-BR\",\"@id\":\"https:\/\/noticiasemdestaque.com\/cd\/?p=48770#primaryimage\",\"url\":\"https:\/\/noticiasemdestaque.com\/cd\/wp-content\/uploads\/2023\/05\/WhatsApp-Image-2023-05-31-at-21.02.52.jpeg\",\"contentUrl\":\"https:\/\/noticiasemdestaque.com\/cd\/wp-content\/uploads\/2023\/05\/WhatsApp-Image-2023-05-31-at-21.02.52.jpeg\",\"width\":1000,\"height\":563},{\"@type\":\"BreadcrumbList\",\"@id\":\"https:\/\/noticiasemdestaque.com\/cd\/?p=48770#breadcrumb\",\"itemListElement\":[{\"@type\":\"ListItem\",\"position\":1,\"name\":\"In\u00edcio\",\"item\":\"https:\/\/noticiasemdestaque.com\/cd\/\"},{\"@type\":\"ListItem\",\"position\":2,\"name\":\"Assinada a Ordem de Servi\u00e7o para reforma e amplia\u00e7\u00e3o da Escola Z\u00e9lia Braz, em Sum\u00e9\"}]},{\"@type\":\"WebSite\",\"@id\":\"https:\/\/noticiasemdestaque.com\/cd\/#website\",\"url\":\"https:\/\/noticiasemdestaque.com\/cd\/\",\"name\":\"Not&iacute;cias em Destaque\",\"description\":\"\",\"publisher\":{\"@id\":\"https:\/\/noticiasemdestaque.com\/cd\/#organization\"},\"potentialAction\":[{\"@type\":\"SearchAction\",\"target\":{\"@type\":\"EntryPoint\",\"urlTemplate\":\"https:\/\/noticiasemdestaque.com\/cd\/?s={search_term_string}\"},\"query-input\":{\"@type\":\"PropertyValueSpecification\",\"valueRequired\":true,\"valueName\":\"search_term_string\"}}],\"inLanguage\":\"pt-BR\"},{\"@type\":\"Organization\",\"@id\":\"https:\/\/noticiasemdestaque.com\/cd\/#organization\",\"name\":\"Not\u00edcias em Destaque\",\"url\":\"https:\/\/noticiasemdestaque.com\/cd\/\",\"logo\":{\"@type\":\"ImageObject\",\"inLanguage\":\"pt-BR\",\"@id\":\"https:\/\/noticiasemdestaque.com\/cd\/#\/schema\/logo\/image\/\",\"url\":\"https:\/\/noticiasemdestaque.com\/cd\/wp-content\/uploads\/2022\/05\/imagem-base-noticiasemdestaque.png\",\"contentUrl\":\"https:\/\/noticiasemdestaque.com\/cd\/wp-content\/uploads\/2022\/05\/imagem-base-noticiasemdestaque.png\",\"width\":1200,\"height\":630,\"caption\":\"Not\u00edcias em Destaque\"},\"image\":{\"@id\":\"https:\/\/noticiasemdestaque.com\/cd\/#\/schema\/logo\/image\/\"}},{\"@type\":\"Person\",\"@id\":\"https:\/\/noticiasemdestaque.com\/cd\/#\/schema\/person\/4a81fb71f77579d059c3045891fa1786\",\"name\":\"Not\u00edcias em Destaque\",\"url\":\"https:\/\/noticiasemdestaque.com\/cd\/?author=2\"}]}<\/script>\n<!-- \/ Yoast SEO plugin. -->","yoast_head_json":{"title":"Assinada a Ordem de Servi\u00e7o para reforma e amplia\u00e7\u00e3o da Escola Z\u00e9lia Braz, em Sum\u00e9 - Not&iacute;cias em Destaque","robots":{"index":"index","follow":"follow","max-snippet":"max-snippet:-1","max-image-preview":"max-image-preview:large","max-video-preview":"max-video-preview:-1"},"canonical":"https:\/\/noticiasemdestaque.com\/cd\/?p=48770","og_locale":"pt_BR","og_type":"article","og_title":"Assinada a Ordem de Servi\u00e7o para reforma e amplia\u00e7\u00e3o da Escola Z\u00e9lia Braz, em Sum\u00e9 - Not&iacute;cias em Destaque","og_description":"A Ordem de Servi\u00e7o para reforma e amplia\u00e7\u00e3o da Escola Municipal Z\u00e9lia Braz, localizada no bairro da V\u00e1rzea Redonda, foi assinada na manh\u00e3 desta ter\u00e7a-feira, 30, pelo Prefeito e pelos vereadores Daniel L\u00eala (presidente), Ant\u00f4nio Carlos Sarmento e Crist\u00f3v\u00e3o J\u00fanior. O projeto vai adequar a infraestrutura f\u00edsica do espa\u00e7o, melhorando ainda mais a qualidade e a capacidade de atendimento dos alunos, bem como as condi\u00e7\u00f5es de trabalho dos professores. Sob um investimento de R$ 469.506,29, a obra inclui recursos da Prefeitura de Sum\u00e9 e de emenda do Deputado Federal Wellington Roberto junto ao FNDE. Atualmente a creche Rita Cipriano \u00e9 composta por 9 salas. Com a amplia\u00e7\u00e3o, que contar\u00e1 com uma \u00e1rea constru\u00edda de 314,00m\u00b2, o pr\u00e9dio ganhar\u00e1 mais 5 salas de aula e passar\u00e1 a ter 14 salas, elevando assim a capacidade das vagas. Al\u00e9m disso, ser\u00e1 constru\u00eddo um dep\u00f3sito e dois banheiros para os professores. A vencedora da tomada de Pre\u00e7o n\u00ba 02\/2023 foi a empresa VR Constru\u00e7\u00f5es e Servi\u00e7os Ltda que ter\u00e1 10 meses para concluir a obra. Hoje, a Escola Z\u00e9lia Braz funciona nos turnos da manh\u00e3 e tarde com os ensinos fundamental I e II, do primeiro ao quinto ano e abriga 331 alunos. O corpo t\u00e9cnico e administrativo \u00e9 formado por: Aline Barbosa (Diretora), Lusicleide Sousa (Secret\u00e1ria), Cl\u00e1udia Leite (Coordenadora Pedag\u00f3gica), Jos\u00e9 (Porteiro), Neide Farias (Cozinheira), S\u00e1vio Barbosa, Ros\u00e1lia Duarte e Maria Vani (Auxiliares), Mery Leite (Secret\u00e1ria Auxiliar) e Matheus Nogueira (Assistente de Administra\u00e7\u00e3o), al\u00e9m dos professores: Gabrielle, Zenilda, Lidiane, Sivoneide, Sandra, Rafael, In\u00eas, S\u00edlvia, Adriana, Salete, M\u00f4nica, Jaqueline, Fabr\u00edcia, Am\u00e9lia e Nalva. Uma das Conselheiras do Or\u00e7amento Democr\u00e1tico Municipal (ODM), Alcidenir Lira, estava bastante emocionada, visto que, acompanhou todo o processo enquanto conselheiro estadual do or\u00e7amento (ODE). Segunda ela, Sum\u00e9 era o \u00fanico munic\u00edpio apto legalmente a receber uma escola do porte da Z\u00e9lia Braz, pelo planejamento e correto uso dos recursos estaduais. A diretora Aline agradeceu ao prefeito pelos investimentos feitos na escola, tanto nos recursos f\u00edsicos como humanos. \u201cTudo isso reflete no aprendizado das crian\u00e7as e no bem estar da equipe de servidores\u201d. O Prefeito disse que seu compromisso com as crian\u00e7as e todos os estudantes ser\u00e1 sempre o norte das suas a\u00e7\u00f5es de governo. Falou de toda caminhada at\u00e9 chegar ao que a escola \u00e9 hoje, de todos que contribu\u00edram e se comprometeu com as crian\u00e7as presentes, em entregar a escola reformada muito em breve e com festa para todos. Acompanharam o evento ainda, a Secret\u00e1ria de Assist\u00eancia Social, Ednalva Lib\u00e2nio, o Conselheiro do ODM Dami\u00e3o do Carro Quebrado, o Chefe de Gabinete Heleno J\u00fanior, o Presidente do Conselho Municipal de Educa\u00e7\u00e3o, Professor Naldinho (representando o Secret\u00e1rio Bon\u00edlson Tim\u00f3teo), coordenadores, professores, imprensa local e dezenas de alunos. Noticias em Destaque Fonte: Ascom\/PMS","og_url":"https:\/\/noticiasemdestaque.com\/cd\/?p=48770","og_site_name":"Not&iacute;cias em Destaque","article_published_time":"2023-06-01T00:06:00+00:00","og_image":[{"width":1000,"height":563,"url":"https:\/\/noticiasemdestaque.com\/cd\/wp-content\/uploads\/2023\/05\/WhatsApp-Image-2023-05-31-at-21.02.52.jpeg","type":"image\/jpeg"}],"author":"Not\u00edcias em Destaque","twitter_card":"summary_large_image","twitter_misc":{"Escrito por":"Not\u00edcias em Destaque","Est. tempo de leitura":"4 minutos"},"schema":{"@context":"https:\/\/schema.org","@graph":[{"@type":"Article","@id":"https:\/\/noticiasemdestaque.com\/cd\/?p=48770#article","isPartOf":{"@id":"https:\/\/noticiasemdestaque.com\/cd\/?p=48770"},"author":{"name":"Not\u00edcias em Destaque","@id":"https:\/\/noticiasemdestaque.com\/cd\/#\/schema\/person\/4a81fb71f77579d059c3045891fa1786"},"headline":"Assinada a Ordem de Servi\u00e7o para reforma e amplia\u00e7\u00e3o da Escola Z\u00e9lia Braz, em Sum\u00e9","datePublished":"2023-06-01T00:06:00+00:00","mainEntityOfPage":{"@id":"https:\/\/noticiasemdestaque.com\/cd\/?p=48770"},"wordCount":517,"publisher":{"@id":"https:\/\/noticiasemdestaque.com\/cd\/#organization"},"image":{"@id":"https:\/\/noticiasemdestaque.com\/cd\/?p=48770#primaryimage"},"thumbnailUrl":"https:\/\/noticiasemdestaque.com\/cd\/wp-content\/uploads\/2023\/05\/WhatsApp-Image-2023-05-31-at-21.02.52.jpeg","articleSection":["Cidades"],"inLanguage":"pt-BR"},{"@type":"WebPage","@id":"https:\/\/noticiasemdestaque.com\/cd\/?p=48770","url":"https:\/\/noticiasemdestaque.com\/cd\/?p=48770","name":"Assinada a Ordem de Servi\u00e7o para reforma e amplia\u00e7\u00e3o da Escola Z\u00e9lia Braz, em Sum\u00e9 - Not&iacute;cias em Destaque","isPartOf":{"@id":"https:\/\/noticiasemdestaque.com\/cd\/#website"},"primaryImageOfPage":{"@id":"https:\/\/noticiasemdestaque.com\/cd\/?p=48770#primaryimage"},"image":{"@id":"https:\/\/noticiasemdestaque.com\/cd\/?p=48770#primaryimage"},"thumbnailUrl":"https:\/\/noticiasemdestaque.com\/cd\/wp-content\/uploads\/2023\/05\/WhatsApp-Image-2023-05-31-at-21.02.52.jpeg","datePublished":"2023-06-01T00:06:00+00:00","breadcrumb":{"@id":"https:\/\/noticiasemdestaque.com\/cd\/?p=48770#breadcrumb"},"inLanguage":"pt-BR","potentialAction":[{"@type":"ReadAction","target":["https:\/\/noticiasemdestaque.com\/cd\/?p=48770"]}]},{"@type":"ImageObject","inLanguage":"pt-BR","@id":"https:\/\/noticiasemdestaque.com\/cd\/?p=48770#primaryimage","url":"https:\/\/noticiasemdestaque.com\/cd\/wp-content\/uploads\/2023\/05\/WhatsApp-Image-2023-05-31-at-21.02.52.jpeg","contentUrl":"https:\/\/noticiasemdestaque.com\/cd\/wp-content\/uploads\/2023\/05\/WhatsApp-Image-2023-05-31-at-21.02.52.jpeg","width":1000,"height":563},{"@type":"BreadcrumbList","@id":"https:\/\/noticiasemdestaque.com\/cd\/?p=48770#breadcrumb","itemListElement":[{"@type":"ListItem","position":1,"name":"In\u00edcio","item":"https:\/\/noticiasemdestaque.com\/cd\/"},{"@type":"ListItem","position":2,"name":"Assinada a Ordem de Servi\u00e7o para reforma e amplia\u00e7\u00e3o da Escola Z\u00e9lia Braz, em Sum\u00e9"}]},{"@type":"WebSite","@id":"https:\/\/noticiasemdestaque.com\/cd\/#website","url":"https:\/\/noticiasemdestaque.com\/cd\/","name":"Not&iacute;cias em Destaque","description":"","publisher":{"@id":"https:\/\/noticiasemdestaque.com\/cd\/#organization"},"potentialAction":[{"@type":"SearchAction","target":{"@type":"EntryPoint","urlTemplate":"https:\/\/noticiasemdestaque.com\/cd\/?s={search_term_string}"},"query-input":{"@type":"PropertyValueSpecification","valueRequired":true,"valueName":"search_term_string"}}],"inLanguage":"pt-BR"},{"@type":"Organization","@id":"https:\/\/noticiasemdestaque.com\/cd\/#organization","name":"Not\u00edcias em Destaque","url":"https:\/\/noticiasemdestaque.com\/cd\/","logo":{"@type":"ImageObject","inLanguage":"pt-BR","@id":"https:\/\/noticiasemdestaque.com\/cd\/#\/schema\/logo\/image\/","url":"https:\/\/noticiasemdestaque.com\/cd\/wp-content\/uploads\/2022\/05\/imagem-base-noticiasemdestaque.png","contentUrl":"https:\/\/noticiasemdestaque.com\/cd\/wp-content\/uploads\/2022\/05\/imagem-base-noticiasemdestaque.png","width":1200,"height":630,"caption":"Not\u00edcias em Destaque"},"image":{"@id":"https:\/\/noticiasemdestaque.com\/cd\/#\/schema\/logo\/image\/"}},{"@type":"Person","@id":"https:\/\/noticiasemdestaque.com\/cd\/#\/schema\/person\/4a81fb71f77579d059c3045891fa1786","name":"Not\u00edcias em Destaque","url":"https:\/\/noticiasemdestaque.com\/cd\/?author=2"}]}},"jetpack_featured_media_url":"https:\/\/noticiasemdestaque.com\/cd\/wp-content\/uploads\/2023\/05\/WhatsApp-Image-2023-05-31-at-21.02.52.jpeg","jetpack_sharing_enabled":true,"_links":{"self":[{"href":"https:\/\/noticiasemdestaque.com\/cd\/index.php?rest_route=\/wp\/v2\/posts\/48770","targetHints":{"allow":["GET"]}}],"collection":[{"href":"https:\/\/noticiasemdestaque.com\/cd\/index.php?rest_route=\/wp\/v2\/posts"}],"about":[{"href":"https:\/\/noticiasemdestaque.com\/cd\/index.php?rest_route=\/wp\/v2\/types\/post"}],"author":[{"embeddable":true,"href":"https:\/\/noticiasemdestaque.com\/cd\/index.php?rest_route=\/wp\/v2\/users\/2"}],"replies":[{"embeddable":true,"href":"https:\/\/noticiasemdestaque.com\/cd\/index.php?rest_route=%2Fwp%2Fv2%2Fcomments&post=48770"}],"version-history":[{"count":1,"href":"https:\/\/noticiasemdestaque.com\/cd\/index.php?rest_route=\/wp\/v2\/posts\/48770\/revisions"}],"predecessor-version":[{"id":48776,"href":"https:\/\/noticiasemdestaque.com\/cd\/index.php?rest_route=\/wp\/v2\/posts\/48770\/revisions\/48776"}],"wp:featuredmedia":[{"embeddable":true,"href":"https:\/\/noticiasemdestaque.com\/cd\/index.php?rest_route=\/wp\/v2\/media\/48775"}],"wp:attachment":[{"href":"https:\/\/noticiasemdestaque.com\/cd\/index.php?rest_route=%2Fwp%2Fv2%2Fmedia&parent=48770"}],"wp:term":[{"taxonomy":"category","embeddable":true,"href":"https:\/\/noticiasemdestaque.com\/cd\/index.php?rest_route=%2Fwp%2Fv2%2Fcategories&post=48770"},{"taxonomy":"post_tag","embeddable":true,"href":"https:\/\/noticiasemdestaque.com\/cd\/index.php?rest_route=%2Fwp%2Fv2%2Ftags&post=48770"}],"curies":[{"name":"wp","href":"https:\/\/api.w.org\/{rel}","templated":true}]}}