{"id":4877,"date":"2017-10-03T14:35:07","date_gmt":"2017-10-03T17:35:07","guid":{"rendered":"http:\/\/caririemdestaque.com\/cd\/?p=4877"},"modified":"2017-10-03T14:35:07","modified_gmt":"2017-10-03T17:35:07","slug":"cariri-recomendacao-do-mpf-quer-garantir-que-mulheres-a-partir-dos-40-anos-possam-fazer-mamografia","status":"publish","type":"post","link":"https:\/\/noticiasemdestaque.com\/cd\/?p=4877","title":{"rendered":"Cariri: recomenda\u00e7\u00e3o do MPF quer garantir que mulheres a partir dos 40 anos possam fazer mamografia"},"content":{"rendered":"<p><a href=\"http:\/\/caririemdestaque.com\/cd\/wp-content\/uploads\/2017\/10\/image_preview.jpg\"><img fetchpriority=\"high\" decoding=\"async\" class=\"alignleft wp-image-4878 size-medium\" src=\"http:\/\/caririemdestaque.com\/cd\/wp-content\/uploads\/2017\/10\/image_preview-300x225.jpg\" alt=\"\" width=\"300\" height=\"225\" srcset=\"https:\/\/noticiasemdestaque.com\/cd\/wp-content\/uploads\/2017\/10\/image_preview-300x225.jpg 300w, https:\/\/noticiasemdestaque.com\/cd\/wp-content\/uploads\/2017\/10\/image_preview.jpg 400w\" sizes=\"(max-width: 300px) 100vw, 300px\" \/><\/a>O Minist\u00e9rio P\u00fablico Federal (MPF) em Monteiro (PB) recomendou aos 27 munic\u00edpios sob sua atribui\u00e7\u00e3o que promovam e adotem a realiza\u00e7\u00e3o do exame de mamografia a todas as mulheres, a partir dos 40 anos de idade, sem nenhuma esp\u00e9cie de restri\u00e7\u00e3o, e sem preju\u00edzo da realiza\u00e7\u00e3o dos mesmos exames em mulheres mais jovens, que possuam indica\u00e7\u00e3o m\u00e9dica espec\u00edfica para a realiza\u00e7\u00e3o radiol\u00f3gica.<\/p>\n<p>A recomenda\u00e7\u00e3o \u00e9 necess\u00e1ria para evitar restri\u00e7\u00e3o de idade para a realiza\u00e7\u00e3o de mamografia, prevista na Portaria SAS\/MS n\u00ba1.253, de 12.11.2013 do Minist\u00e9rio da Sa\u00fade, a qual restringe o exame a pacientes na faixa et\u00e1ria de 50 a 69 anos. O MPF considera que essa restri\u00e7\u00e3o contraria o disposto na Lei n\u00ba 11.664\/2008, que assegura o exame a todas as mulheres a partir dos 40 anos de idade.<\/p>\n<p>O MPF tamb\u00e9m considera que o n\u00e3o atendimento \u00e0s mulheres com idades entre 40 e 50 anos (e mesmo aquelas com idade inferior que tenham indica\u00e7\u00e3o para a realiza\u00e7\u00e3o do exame) fere, de maneira contundente, o direito fundamental \u00e0 sa\u00fade e o preceito constitucional da dignidade da pessoa humana, consagrados na Constitui\u00e7\u00e3o Federal.<\/p>\n<p>Ao fazer a recomenda\u00e7\u00e3o, o Minist\u00e9rio P\u00fablico Federal ainda considerou que n\u00e3o h\u00e1 impedimento, pelo teor da portaria, para que os munic\u00edpios efetuem o exame de mamografia em mulheres entre 40 e 49 anos, ou nas mulheres ainda mais jovens, desde que, abaixo dos 40 anos, tenham indica\u00e7\u00e3o m\u00e9dica para realizar o exame.<\/p>\n<p>Monteiro \u2013 \u201cN\u00f3s somos o ano inteiro rosa\u201d, afirmou a secret\u00e1ria de Sa\u00fade do munic\u00edpio de Monteiro, Ana Paula Barbosa Oliveira Morato, ao acatar de imediato a recomenda\u00e7\u00e3o. A secret\u00e1ria informou que o munic\u00edpio possui um Centro da Mulher, que trabalha a sa\u00fade feminina o ano inteiro. O centro possui ginecologistas, mastologistas, e realiza ultrassom mam\u00e1ria e tamb\u00e9m mamografia. \u201cComo o nosso mam\u00f3grafo est\u00e1 em manuten\u00e7\u00e3o, estamos realizando as mamografias na Cl\u00ednica Wanderley, por meio de licita\u00e7\u00e3o. Fazemos tanto as da faixa de rastreamento, como a partir dos 40 anos\u201d, explicou Ana Paula.<\/p>\n<p>\u201cNesse m\u00eas de outubro, vamos intensificar as a\u00e7\u00f5es, trabalhando [o tema do c\u00e2ncer de mama] nas unidades de sa\u00fade e em todas as demais reparti\u00e7\u00f5es. Na quarta-feira (4) vamos realizar uma caminhada com todas as mulheres do munic\u00edpio e vamos trabalhar o tema nas feiras livres, todos os s\u00e1bados do m\u00eas, para atingirmos um p\u00fablico bem significativo na realiza\u00e7\u00e3o das mamografias\u201d, adiantou a programa\u00e7\u00e3o.<\/p>\n<p>Sum\u00e9 \u2013 A secret\u00e1ria da Sa\u00fade de Sum\u00e9, Alessandra Regina de Melo Sousa, tamb\u00e9m adotar\u00e1 a recomenda\u00e7\u00e3o do MPF. Ela informou que durante o m\u00eas de outubro, o munic\u00edpio realizar\u00e1 120 mamografias pela ONG Amigos do Peito, sendo 40 mamografias para mulheres fora da faixa et\u00e1ria dos 50 a 69 anos. \u201cO Minist\u00e9rio da Sa\u00fade s\u00f3 paga pelo SUS os exames mamogr\u00e1ficos que forem feitos de 50 a 69 anos, mas como n\u00f3s temos essa recomenda\u00e7\u00e3o, iremos fazer todo um esfor\u00e7o, com recursos pr\u00f3prios do munic\u00edpio, para realizar 40 mamografias fora da faixa et\u00e1ria, durante o m\u00eas de outubro\u201d, explicou. Alessandra Sousa tamb\u00e9m informou que, no dia 20 de outubro, o munic\u00edpio realizar\u00e1 a Feira da Sa\u00fade de Sum\u00e9. O evento vai englobar v\u00e1rios temas, principalmente o c\u00e2ncer de mama, para conscientizar as mulheres da necessidade de fazer o exame das mamas. Al\u00e9m do Outubro Rosa, a feira tamb\u00e9m j\u00e1 abordar\u00e1 o Novembro Azul, que alerta para o c\u00e2ncer de pr\u00f3stata, antecipou a secret\u00e1ria.<\/p>\n<p>Exemplo em casa \u2013 Os integrantes do Minist\u00e9rio P\u00fablico Federal em Monteiro fizeram campanha interna e assumiram o custeio dos exames das funcion\u00e1rias terceirizadas que demonstraram interesse em realizar os exames de detec\u00e7\u00e3o de c\u00e2ncer de mama. A unidade do MPF no Cariri \u00e9 composta por uma procuradora da Rep\u00fablica, servidores, estagi\u00e1rios e terceirizados. As funcion\u00e1rias terceirizadas que ter\u00e3o os exames custeados t\u00eam idades abaixo dos 50 anos.<\/p>\n<p><em><strong>Cariri em Destaque<\/strong><\/em><\/p>\n<p>Com MPF<\/p>\n","protected":false},"excerpt":{"rendered":"<p>O Minist\u00e9rio P\u00fablico Federal (MPF) em Monteiro (PB) recomendou aos 27 munic\u00edpios sob sua atribui\u00e7\u00e3o que promovam e adotem a realiza\u00e7\u00e3o do exame de mamografia a todas as mulheres, a partir dos 40 anos de idade, sem nenhuma esp\u00e9cie de restri\u00e7\u00e3o, e sem preju\u00edzo da realiza\u00e7\u00e3o dos mesmos exames em mulheres mais jovens, que possuam indica\u00e7\u00e3o m\u00e9dica espec\u00edfica para a realiza\u00e7\u00e3o radiol\u00f3gica. A recomenda\u00e7\u00e3o \u00e9 necess\u00e1ria para evitar restri\u00e7\u00e3o de idade para a realiza\u00e7\u00e3o de mamografia, prevista na Portaria SAS\/MS n\u00ba1.253, de 12.11.2013 do Minist\u00e9rio da Sa\u00fade, a qual restringe o exame a pacientes na faixa et\u00e1ria de 50 a 69 anos. O MPF considera que essa restri\u00e7\u00e3o contraria o disposto na Lei n\u00ba 11.664\/2008, que assegura o exame a todas as mulheres a partir dos 40 anos de idade. O MPF tamb\u00e9m considera que o n\u00e3o atendimento \u00e0s mulheres com idades entre 40 e 50 anos (e mesmo aquelas com idade inferior que tenham indica\u00e7\u00e3o para a realiza\u00e7\u00e3o do exame) fere, de maneira contundente, o direito fundamental \u00e0 sa\u00fade e o preceito constitucional da dignidade da pessoa humana, consagrados na Constitui\u00e7\u00e3o Federal. Ao fazer a recomenda\u00e7\u00e3o, o Minist\u00e9rio P\u00fablico Federal ainda considerou que n\u00e3o h\u00e1 impedimento, pelo teor da portaria, para que os munic\u00edpios efetuem o exame de mamografia em mulheres entre 40 e 49 anos, ou nas mulheres ainda mais jovens, desde que, abaixo dos 40 anos, tenham indica\u00e7\u00e3o m\u00e9dica para realizar o exame. Monteiro \u2013 \u201cN\u00f3s somos o ano inteiro rosa\u201d, afirmou a secret\u00e1ria de Sa\u00fade do munic\u00edpio de Monteiro, Ana Paula Barbosa Oliveira Morato, ao acatar de imediato a recomenda\u00e7\u00e3o. A secret\u00e1ria informou que o munic\u00edpio possui um Centro da Mulher, que trabalha a sa\u00fade feminina o ano inteiro. O centro possui ginecologistas, mastologistas, e realiza ultrassom mam\u00e1ria e tamb\u00e9m mamografia. \u201cComo o nosso mam\u00f3grafo est\u00e1 em manuten\u00e7\u00e3o, estamos realizando as mamografias na Cl\u00ednica Wanderley, por meio de licita\u00e7\u00e3o. Fazemos tanto as da faixa de rastreamento, como a partir dos 40 anos\u201d, explicou Ana Paula. \u201cNesse m\u00eas de outubro, vamos intensificar as a\u00e7\u00f5es, trabalhando [o tema do c\u00e2ncer de mama] nas unidades de sa\u00fade e em todas as demais reparti\u00e7\u00f5es. Na quarta-feira (4) vamos realizar uma caminhada com todas as mulheres do munic\u00edpio e vamos trabalhar o tema nas feiras livres, todos os s\u00e1bados do m\u00eas, para atingirmos um p\u00fablico bem significativo na realiza\u00e7\u00e3o das mamografias\u201d, adiantou a programa\u00e7\u00e3o. Sum\u00e9 \u2013 A secret\u00e1ria da Sa\u00fade de Sum\u00e9, Alessandra Regina de Melo Sousa, tamb\u00e9m adotar\u00e1 a recomenda\u00e7\u00e3o do MPF. Ela informou que durante o m\u00eas de outubro, o munic\u00edpio realizar\u00e1 120 mamografias pela ONG Amigos do Peito, sendo 40 mamografias para mulheres fora da faixa et\u00e1ria dos 50 a 69 anos. \u201cO Minist\u00e9rio da Sa\u00fade s\u00f3 paga pelo SUS os exames mamogr\u00e1ficos que forem feitos de 50 a 69 anos, mas como n\u00f3s temos essa recomenda\u00e7\u00e3o, iremos fazer todo um esfor\u00e7o, com recursos pr\u00f3prios do munic\u00edpio, para realizar 40 mamografias fora da faixa et\u00e1ria, durante o m\u00eas de outubro\u201d, explicou. Alessandra Sousa tamb\u00e9m informou que, no dia 20 de outubro, o munic\u00edpio realizar\u00e1 a Feira da Sa\u00fade de Sum\u00e9. O evento vai englobar v\u00e1rios temas, principalmente o c\u00e2ncer de mama, para conscientizar as mulheres da necessidade de fazer o exame das mamas. Al\u00e9m do Outubro Rosa, a feira tamb\u00e9m j\u00e1 abordar\u00e1 o Novembro Azul, que alerta para o c\u00e2ncer de pr\u00f3stata, antecipou a secret\u00e1ria. Exemplo em casa \u2013 Os integrantes do Minist\u00e9rio P\u00fablico Federal em Monteiro fizeram campanha interna e assumiram o custeio dos exames das funcion\u00e1rias terceirizadas que demonstraram interesse em realizar os exames de detec\u00e7\u00e3o de c\u00e2ncer de mama. A unidade do MPF no Cariri \u00e9 composta por uma procuradora da Rep\u00fablica, servidores, estagi\u00e1rios e terceirizados. As funcion\u00e1rias terceirizadas que ter\u00e3o os exames custeados t\u00eam idades abaixo dos 50 anos. Cariri em Destaque Com MPF<\/p>\n","protected":false},"author":2,"featured_media":4878,"comment_status":"closed","ping_status":"open","sticky":false,"template":"","format":"standard","meta":{"_eb_attr":"","_jetpack_memberships_contains_paid_content":false,"footnotes":""},"categories":[8],"tags":[],"class_list":["post-4877","post","type-post","status-publish","format-standard","has-post-thumbnail","hentry","category-saude"],"yoast_head":"<!-- This site is optimized with the Yoast SEO plugin v26.5 - https:\/\/yoast.com\/wordpress\/plugins\/seo\/ -->\n<title>Cariri: recomenda\u00e7\u00e3o do MPF quer garantir que mulheres a partir dos 40 anos possam fazer mamografia - Not&iacute;cias em Destaque<\/title>\n<meta name=\"robots\" content=\"index, follow, max-snippet:-1, max-image-preview:large, max-video-preview:-1\" \/>\n<link rel=\"canonical\" href=\"https:\/\/noticiasemdestaque.com\/cd\/?p=4877\" \/>\n<meta property=\"og:locale\" content=\"pt_BR\" \/>\n<meta property=\"og:type\" content=\"article\" \/>\n<meta property=\"og:title\" content=\"Cariri: recomenda\u00e7\u00e3o do MPF quer garantir que mulheres a partir dos 40 anos possam fazer mamografia - Not&iacute;cias em Destaque\" \/>\n<meta property=\"og:description\" content=\"O Minist\u00e9rio P\u00fablico Federal (MPF) em Monteiro (PB) recomendou aos 27 munic\u00edpios sob sua atribui\u00e7\u00e3o que promovam e adotem a realiza\u00e7\u00e3o do exame de mamografia a todas as mulheres, a partir dos 40 anos de idade, sem nenhuma esp\u00e9cie de restri\u00e7\u00e3o, e sem preju\u00edzo da realiza\u00e7\u00e3o dos mesmos exames em mulheres mais jovens, que possuam indica\u00e7\u00e3o m\u00e9dica espec\u00edfica para a realiza\u00e7\u00e3o radiol\u00f3gica. A recomenda\u00e7\u00e3o \u00e9 necess\u00e1ria para evitar restri\u00e7\u00e3o de idade para a realiza\u00e7\u00e3o de mamografia, prevista na Portaria SAS\/MS n\u00ba1.253, de 12.11.2013 do Minist\u00e9rio da Sa\u00fade, a qual restringe o exame a pacientes na faixa et\u00e1ria de 50 a 69 anos. O MPF considera que essa restri\u00e7\u00e3o contraria o disposto na Lei n\u00ba 11.664\/2008, que assegura o exame a todas as mulheres a partir dos 40 anos de idade. O MPF tamb\u00e9m considera que o n\u00e3o atendimento \u00e0s mulheres com idades entre 40 e 50 anos (e mesmo aquelas com idade inferior que tenham indica\u00e7\u00e3o para a realiza\u00e7\u00e3o do exame) fere, de maneira contundente, o direito fundamental \u00e0 sa\u00fade e o preceito constitucional da dignidade da pessoa humana, consagrados na Constitui\u00e7\u00e3o Federal. Ao fazer a recomenda\u00e7\u00e3o, o Minist\u00e9rio P\u00fablico Federal ainda considerou que n\u00e3o h\u00e1 impedimento, pelo teor da portaria, para que os munic\u00edpios efetuem o exame de mamografia em mulheres entre 40 e 49 anos, ou nas mulheres ainda mais jovens, desde que, abaixo dos 40 anos, tenham indica\u00e7\u00e3o m\u00e9dica para realizar o exame. Monteiro \u2013 \u201cN\u00f3s somos o ano inteiro rosa\u201d, afirmou a secret\u00e1ria de Sa\u00fade do munic\u00edpio de Monteiro, Ana Paula Barbosa Oliveira Morato, ao acatar de imediato a recomenda\u00e7\u00e3o. A secret\u00e1ria informou que o munic\u00edpio possui um Centro da Mulher, que trabalha a sa\u00fade feminina o ano inteiro. O centro possui ginecologistas, mastologistas, e realiza ultrassom mam\u00e1ria e tamb\u00e9m mamografia. \u201cComo o nosso mam\u00f3grafo est\u00e1 em manuten\u00e7\u00e3o, estamos realizando as mamografias na Cl\u00ednica Wanderley, por meio de licita\u00e7\u00e3o. Fazemos tanto as da faixa de rastreamento, como a partir dos 40 anos\u201d, explicou Ana Paula. \u201cNesse m\u00eas de outubro, vamos intensificar as a\u00e7\u00f5es, trabalhando [o tema do c\u00e2ncer de mama] nas unidades de sa\u00fade e em todas as demais reparti\u00e7\u00f5es. Na quarta-feira (4) vamos realizar uma caminhada com todas as mulheres do munic\u00edpio e vamos trabalhar o tema nas feiras livres, todos os s\u00e1bados do m\u00eas, para atingirmos um p\u00fablico bem significativo na realiza\u00e7\u00e3o das mamografias\u201d, adiantou a programa\u00e7\u00e3o. Sum\u00e9 \u2013 A secret\u00e1ria da Sa\u00fade de Sum\u00e9, Alessandra Regina de Melo Sousa, tamb\u00e9m adotar\u00e1 a recomenda\u00e7\u00e3o do MPF. Ela informou que durante o m\u00eas de outubro, o munic\u00edpio realizar\u00e1 120 mamografias pela ONG Amigos do Peito, sendo 40 mamografias para mulheres fora da faixa et\u00e1ria dos 50 a 69 anos. \u201cO Minist\u00e9rio da Sa\u00fade s\u00f3 paga pelo SUS os exames mamogr\u00e1ficos que forem feitos de 50 a 69 anos, mas como n\u00f3s temos essa recomenda\u00e7\u00e3o, iremos fazer todo um esfor\u00e7o, com recursos pr\u00f3prios do munic\u00edpio, para realizar 40 mamografias fora da faixa et\u00e1ria, durante o m\u00eas de outubro\u201d, explicou. Alessandra Sousa tamb\u00e9m informou que, no dia 20 de outubro, o munic\u00edpio realizar\u00e1 a Feira da Sa\u00fade de Sum\u00e9. O evento vai englobar v\u00e1rios temas, principalmente o c\u00e2ncer de mama, para conscientizar as mulheres da necessidade de fazer o exame das mamas. Al\u00e9m do Outubro Rosa, a feira tamb\u00e9m j\u00e1 abordar\u00e1 o Novembro Azul, que alerta para o c\u00e2ncer de pr\u00f3stata, antecipou a secret\u00e1ria. Exemplo em casa \u2013 Os integrantes do Minist\u00e9rio P\u00fablico Federal em Monteiro fizeram campanha interna e assumiram o custeio dos exames das funcion\u00e1rias terceirizadas que demonstraram interesse em realizar os exames de detec\u00e7\u00e3o de c\u00e2ncer de mama. A unidade do MPF no Cariri \u00e9 composta por uma procuradora da Rep\u00fablica, servidores, estagi\u00e1rios e terceirizados. As funcion\u00e1rias terceirizadas que ter\u00e3o os exames custeados t\u00eam idades abaixo dos 50 anos. Cariri em Destaque Com MPF\" \/>\n<meta property=\"og:url\" content=\"https:\/\/noticiasemdestaque.com\/cd\/?p=4877\" \/>\n<meta property=\"og:site_name\" content=\"Not&iacute;cias em Destaque\" \/>\n<meta property=\"article:published_time\" content=\"2017-10-03T17:35:07+00:00\" \/>\n<meta property=\"og:image\" content=\"https:\/\/noticiasemdestaque.com\/cd\/wp-content\/uploads\/2017\/10\/image_preview.jpg\" \/>\n\t<meta property=\"og:image:width\" content=\"400\" \/>\n\t<meta property=\"og:image:height\" content=\"300\" \/>\n\t<meta property=\"og:image:type\" content=\"image\/jpeg\" \/>\n<meta name=\"author\" content=\"Not\u00edcias em Destaque\" \/>\n<meta name=\"twitter:card\" content=\"summary_large_image\" \/>\n<meta name=\"twitter:label1\" content=\"Escrito por\" \/>\n\t<meta name=\"twitter:data1\" content=\"Not\u00edcias em Destaque\" \/>\n\t<meta name=\"twitter:label2\" content=\"Est. tempo de leitura\" \/>\n\t<meta name=\"twitter:data2\" content=\"3 minutos\" \/>\n<script type=\"application\/ld+json\" class=\"yoast-schema-graph\">{\"@context\":\"https:\/\/schema.org\",\"@graph\":[{\"@type\":\"Article\",\"@id\":\"https:\/\/noticiasemdestaque.com\/cd\/?p=4877#article\",\"isPartOf\":{\"@id\":\"https:\/\/noticiasemdestaque.com\/cd\/?p=4877\"},\"author\":{\"name\":\"Not\u00edcias em Destaque\",\"@id\":\"https:\/\/noticiasemdestaque.com\/cd\/#\/schema\/person\/21320b03a7e8bb90128938dafc9b908a\"},\"headline\":\"Cariri: recomenda\u00e7\u00e3o do MPF quer garantir que mulheres a partir dos 40 anos possam fazer mamografia\",\"datePublished\":\"2017-10-03T17:35:07+00:00\",\"mainEntityOfPage\":{\"@id\":\"https:\/\/noticiasemdestaque.com\/cd\/?p=4877\"},\"wordCount\":715,\"publisher\":{\"@id\":\"https:\/\/noticiasemdestaque.com\/cd\/#organization\"},\"image\":{\"@id\":\"https:\/\/noticiasemdestaque.com\/cd\/?p=4877#primaryimage\"},\"thumbnailUrl\":\"https:\/\/noticiasemdestaque.com\/cd\/wp-content\/uploads\/2017\/10\/image_preview.jpg\",\"articleSection\":[\"Sa\u00fade\"],\"inLanguage\":\"pt-BR\"},{\"@type\":\"WebPage\",\"@id\":\"https:\/\/noticiasemdestaque.com\/cd\/?p=4877\",\"url\":\"https:\/\/noticiasemdestaque.com\/cd\/?p=4877\",\"name\":\"Cariri: recomenda\u00e7\u00e3o do MPF quer garantir que mulheres a partir dos 40 anos possam fazer mamografia - Not&iacute;cias em Destaque\",\"isPartOf\":{\"@id\":\"https:\/\/noticiasemdestaque.com\/cd\/#website\"},\"primaryImageOfPage\":{\"@id\":\"https:\/\/noticiasemdestaque.com\/cd\/?p=4877#primaryimage\"},\"image\":{\"@id\":\"https:\/\/noticiasemdestaque.com\/cd\/?p=4877#primaryimage\"},\"thumbnailUrl\":\"https:\/\/noticiasemdestaque.com\/cd\/wp-content\/uploads\/2017\/10\/image_preview.jpg\",\"datePublished\":\"2017-10-03T17:35:07+00:00\",\"breadcrumb\":{\"@id\":\"https:\/\/noticiasemdestaque.com\/cd\/?p=4877#breadcrumb\"},\"inLanguage\":\"pt-BR\",\"potentialAction\":[{\"@type\":\"ReadAction\",\"target\":[\"https:\/\/noticiasemdestaque.com\/cd\/?p=4877\"]}]},{\"@type\":\"ImageObject\",\"inLanguage\":\"pt-BR\",\"@id\":\"https:\/\/noticiasemdestaque.com\/cd\/?p=4877#primaryimage\",\"url\":\"https:\/\/noticiasemdestaque.com\/cd\/wp-content\/uploads\/2017\/10\/image_preview.jpg\",\"contentUrl\":\"https:\/\/noticiasemdestaque.com\/cd\/wp-content\/uploads\/2017\/10\/image_preview.jpg\",\"width\":400,\"height\":300},{\"@type\":\"BreadcrumbList\",\"@id\":\"https:\/\/noticiasemdestaque.com\/cd\/?p=4877#breadcrumb\",\"itemListElement\":[{\"@type\":\"ListItem\",\"position\":1,\"name\":\"In\u00edcio\",\"item\":\"https:\/\/noticiasemdestaque.com\/cd\/\"},{\"@type\":\"ListItem\",\"position\":2,\"name\":\"Cariri: recomenda\u00e7\u00e3o do MPF quer garantir que mulheres a partir dos 40 anos possam fazer mamografia\"}]},{\"@type\":\"WebSite\",\"@id\":\"https:\/\/noticiasemdestaque.com\/cd\/#website\",\"url\":\"https:\/\/noticiasemdestaque.com\/cd\/\",\"name\":\"Not&iacute;cias em Destaque\",\"description\":\"\",\"publisher\":{\"@id\":\"https:\/\/noticiasemdestaque.com\/cd\/#organization\"},\"potentialAction\":[{\"@type\":\"SearchAction\",\"target\":{\"@type\":\"EntryPoint\",\"urlTemplate\":\"https:\/\/noticiasemdestaque.com\/cd\/?s={search_term_string}\"},\"query-input\":{\"@type\":\"PropertyValueSpecification\",\"valueRequired\":true,\"valueName\":\"search_term_string\"}}],\"inLanguage\":\"pt-BR\"},{\"@type\":\"Organization\",\"@id\":\"https:\/\/noticiasemdestaque.com\/cd\/#organization\",\"name\":\"Not\u00edcias em Destaque\",\"url\":\"https:\/\/noticiasemdestaque.com\/cd\/\",\"logo\":{\"@type\":\"ImageObject\",\"inLanguage\":\"pt-BR\",\"@id\":\"https:\/\/noticiasemdestaque.com\/cd\/#\/schema\/logo\/image\/\",\"url\":\"https:\/\/noticiasemdestaque.com\/cd\/wp-content\/uploads\/2022\/05\/imagem-base-noticiasemdestaque.png\",\"contentUrl\":\"https:\/\/noticiasemdestaque.com\/cd\/wp-content\/uploads\/2022\/05\/imagem-base-noticiasemdestaque.png\",\"width\":1200,\"height\":630,\"caption\":\"Not\u00edcias em Destaque\"},\"image\":{\"@id\":\"https:\/\/noticiasemdestaque.com\/cd\/#\/schema\/logo\/image\/\"}},{\"@type\":\"Person\",\"@id\":\"https:\/\/noticiasemdestaque.com\/cd\/#\/schema\/person\/21320b03a7e8bb90128938dafc9b908a\",\"name\":\"Not\u00edcias em Destaque\",\"url\":\"https:\/\/noticiasemdestaque.com\/cd\/?author=2\"}]}<\/script>\n<!-- \/ Yoast SEO plugin. -->","yoast_head_json":{"title":"Cariri: recomenda\u00e7\u00e3o do MPF quer garantir que mulheres a partir dos 40 anos possam fazer mamografia - Not&iacute;cias em Destaque","robots":{"index":"index","follow":"follow","max-snippet":"max-snippet:-1","max-image-preview":"max-image-preview:large","max-video-preview":"max-video-preview:-1"},"canonical":"https:\/\/noticiasemdestaque.com\/cd\/?p=4877","og_locale":"pt_BR","og_type":"article","og_title":"Cariri: recomenda\u00e7\u00e3o do MPF quer garantir que mulheres a partir dos 40 anos possam fazer mamografia - Not&iacute;cias em Destaque","og_description":"O Minist\u00e9rio P\u00fablico Federal (MPF) em Monteiro (PB) recomendou aos 27 munic\u00edpios sob sua atribui\u00e7\u00e3o que promovam e adotem a realiza\u00e7\u00e3o do exame de mamografia a todas as mulheres, a partir dos 40 anos de idade, sem nenhuma esp\u00e9cie de restri\u00e7\u00e3o, e sem preju\u00edzo da realiza\u00e7\u00e3o dos mesmos exames em mulheres mais jovens, que possuam indica\u00e7\u00e3o m\u00e9dica espec\u00edfica para a realiza\u00e7\u00e3o radiol\u00f3gica. A recomenda\u00e7\u00e3o \u00e9 necess\u00e1ria para evitar restri\u00e7\u00e3o de idade para a realiza\u00e7\u00e3o de mamografia, prevista na Portaria SAS\/MS n\u00ba1.253, de 12.11.2013 do Minist\u00e9rio da Sa\u00fade, a qual restringe o exame a pacientes na faixa et\u00e1ria de 50 a 69 anos. O MPF considera que essa restri\u00e7\u00e3o contraria o disposto na Lei n\u00ba 11.664\/2008, que assegura o exame a todas as mulheres a partir dos 40 anos de idade. O MPF tamb\u00e9m considera que o n\u00e3o atendimento \u00e0s mulheres com idades entre 40 e 50 anos (e mesmo aquelas com idade inferior que tenham indica\u00e7\u00e3o para a realiza\u00e7\u00e3o do exame) fere, de maneira contundente, o direito fundamental \u00e0 sa\u00fade e o preceito constitucional da dignidade da pessoa humana, consagrados na Constitui\u00e7\u00e3o Federal. Ao fazer a recomenda\u00e7\u00e3o, o Minist\u00e9rio P\u00fablico Federal ainda considerou que n\u00e3o h\u00e1 impedimento, pelo teor da portaria, para que os munic\u00edpios efetuem o exame de mamografia em mulheres entre 40 e 49 anos, ou nas mulheres ainda mais jovens, desde que, abaixo dos 40 anos, tenham indica\u00e7\u00e3o m\u00e9dica para realizar o exame. Monteiro \u2013 \u201cN\u00f3s somos o ano inteiro rosa\u201d, afirmou a secret\u00e1ria de Sa\u00fade do munic\u00edpio de Monteiro, Ana Paula Barbosa Oliveira Morato, ao acatar de imediato a recomenda\u00e7\u00e3o. A secret\u00e1ria informou que o munic\u00edpio possui um Centro da Mulher, que trabalha a sa\u00fade feminina o ano inteiro. O centro possui ginecologistas, mastologistas, e realiza ultrassom mam\u00e1ria e tamb\u00e9m mamografia. \u201cComo o nosso mam\u00f3grafo est\u00e1 em manuten\u00e7\u00e3o, estamos realizando as mamografias na Cl\u00ednica Wanderley, por meio de licita\u00e7\u00e3o. Fazemos tanto as da faixa de rastreamento, como a partir dos 40 anos\u201d, explicou Ana Paula. \u201cNesse m\u00eas de outubro, vamos intensificar as a\u00e7\u00f5es, trabalhando [o tema do c\u00e2ncer de mama] nas unidades de sa\u00fade e em todas as demais reparti\u00e7\u00f5es. Na quarta-feira (4) vamos realizar uma caminhada com todas as mulheres do munic\u00edpio e vamos trabalhar o tema nas feiras livres, todos os s\u00e1bados do m\u00eas, para atingirmos um p\u00fablico bem significativo na realiza\u00e7\u00e3o das mamografias\u201d, adiantou a programa\u00e7\u00e3o. Sum\u00e9 \u2013 A secret\u00e1ria da Sa\u00fade de Sum\u00e9, Alessandra Regina de Melo Sousa, tamb\u00e9m adotar\u00e1 a recomenda\u00e7\u00e3o do MPF. Ela informou que durante o m\u00eas de outubro, o munic\u00edpio realizar\u00e1 120 mamografias pela ONG Amigos do Peito, sendo 40 mamografias para mulheres fora da faixa et\u00e1ria dos 50 a 69 anos. \u201cO Minist\u00e9rio da Sa\u00fade s\u00f3 paga pelo SUS os exames mamogr\u00e1ficos que forem feitos de 50 a 69 anos, mas como n\u00f3s temos essa recomenda\u00e7\u00e3o, iremos fazer todo um esfor\u00e7o, com recursos pr\u00f3prios do munic\u00edpio, para realizar 40 mamografias fora da faixa et\u00e1ria, durante o m\u00eas de outubro\u201d, explicou. Alessandra Sousa tamb\u00e9m informou que, no dia 20 de outubro, o munic\u00edpio realizar\u00e1 a Feira da Sa\u00fade de Sum\u00e9. O evento vai englobar v\u00e1rios temas, principalmente o c\u00e2ncer de mama, para conscientizar as mulheres da necessidade de fazer o exame das mamas. Al\u00e9m do Outubro Rosa, a feira tamb\u00e9m j\u00e1 abordar\u00e1 o Novembro Azul, que alerta para o c\u00e2ncer de pr\u00f3stata, antecipou a secret\u00e1ria. Exemplo em casa \u2013 Os integrantes do Minist\u00e9rio P\u00fablico Federal em Monteiro fizeram campanha interna e assumiram o custeio dos exames das funcion\u00e1rias terceirizadas que demonstraram interesse em realizar os exames de detec\u00e7\u00e3o de c\u00e2ncer de mama. A unidade do MPF no Cariri \u00e9 composta por uma procuradora da Rep\u00fablica, servidores, estagi\u00e1rios e terceirizados. As funcion\u00e1rias terceirizadas que ter\u00e3o os exames custeados t\u00eam idades abaixo dos 50 anos. Cariri em Destaque Com MPF","og_url":"https:\/\/noticiasemdestaque.com\/cd\/?p=4877","og_site_name":"Not&iacute;cias em Destaque","article_published_time":"2017-10-03T17:35:07+00:00","og_image":[{"width":400,"height":300,"url":"https:\/\/noticiasemdestaque.com\/cd\/wp-content\/uploads\/2017\/10\/image_preview.jpg","type":"image\/jpeg"}],"author":"Not\u00edcias em Destaque","twitter_card":"summary_large_image","twitter_misc":{"Escrito por":"Not\u00edcias em Destaque","Est. tempo de leitura":"3 minutos"},"schema":{"@context":"https:\/\/schema.org","@graph":[{"@type":"Article","@id":"https:\/\/noticiasemdestaque.com\/cd\/?p=4877#article","isPartOf":{"@id":"https:\/\/noticiasemdestaque.com\/cd\/?p=4877"},"author":{"name":"Not\u00edcias em Destaque","@id":"https:\/\/noticiasemdestaque.com\/cd\/#\/schema\/person\/21320b03a7e8bb90128938dafc9b908a"},"headline":"Cariri: recomenda\u00e7\u00e3o do MPF quer garantir que mulheres a partir dos 40 anos possam fazer mamografia","datePublished":"2017-10-03T17:35:07+00:00","mainEntityOfPage":{"@id":"https:\/\/noticiasemdestaque.com\/cd\/?p=4877"},"wordCount":715,"publisher":{"@id":"https:\/\/noticiasemdestaque.com\/cd\/#organization"},"image":{"@id":"https:\/\/noticiasemdestaque.com\/cd\/?p=4877#primaryimage"},"thumbnailUrl":"https:\/\/noticiasemdestaque.com\/cd\/wp-content\/uploads\/2017\/10\/image_preview.jpg","articleSection":["Sa\u00fade"],"inLanguage":"pt-BR"},{"@type":"WebPage","@id":"https:\/\/noticiasemdestaque.com\/cd\/?p=4877","url":"https:\/\/noticiasemdestaque.com\/cd\/?p=4877","name":"Cariri: recomenda\u00e7\u00e3o do MPF quer garantir que mulheres a partir dos 40 anos possam fazer mamografia - Not&iacute;cias em Destaque","isPartOf":{"@id":"https:\/\/noticiasemdestaque.com\/cd\/#website"},"primaryImageOfPage":{"@id":"https:\/\/noticiasemdestaque.com\/cd\/?p=4877#primaryimage"},"image":{"@id":"https:\/\/noticiasemdestaque.com\/cd\/?p=4877#primaryimage"},"thumbnailUrl":"https:\/\/noticiasemdestaque.com\/cd\/wp-content\/uploads\/2017\/10\/image_preview.jpg","datePublished":"2017-10-03T17:35:07+00:00","breadcrumb":{"@id":"https:\/\/noticiasemdestaque.com\/cd\/?p=4877#breadcrumb"},"inLanguage":"pt-BR","potentialAction":[{"@type":"ReadAction","target":["https:\/\/noticiasemdestaque.com\/cd\/?p=4877"]}]},{"@type":"ImageObject","inLanguage":"pt-BR","@id":"https:\/\/noticiasemdestaque.com\/cd\/?p=4877#primaryimage","url":"https:\/\/noticiasemdestaque.com\/cd\/wp-content\/uploads\/2017\/10\/image_preview.jpg","contentUrl":"https:\/\/noticiasemdestaque.com\/cd\/wp-content\/uploads\/2017\/10\/image_preview.jpg","width":400,"height":300},{"@type":"BreadcrumbList","@id":"https:\/\/noticiasemdestaque.com\/cd\/?p=4877#breadcrumb","itemListElement":[{"@type":"ListItem","position":1,"name":"In\u00edcio","item":"https:\/\/noticiasemdestaque.com\/cd\/"},{"@type":"ListItem","position":2,"name":"Cariri: recomenda\u00e7\u00e3o do MPF quer garantir que mulheres a partir dos 40 anos possam fazer mamografia"}]},{"@type":"WebSite","@id":"https:\/\/noticiasemdestaque.com\/cd\/#website","url":"https:\/\/noticiasemdestaque.com\/cd\/","name":"Not&iacute;cias em Destaque","description":"","publisher":{"@id":"https:\/\/noticiasemdestaque.com\/cd\/#organization"},"potentialAction":[{"@type":"SearchAction","target":{"@type":"EntryPoint","urlTemplate":"https:\/\/noticiasemdestaque.com\/cd\/?s={search_term_string}"},"query-input":{"@type":"PropertyValueSpecification","valueRequired":true,"valueName":"search_term_string"}}],"inLanguage":"pt-BR"},{"@type":"Organization","@id":"https:\/\/noticiasemdestaque.com\/cd\/#organization","name":"Not\u00edcias em Destaque","url":"https:\/\/noticiasemdestaque.com\/cd\/","logo":{"@type":"ImageObject","inLanguage":"pt-BR","@id":"https:\/\/noticiasemdestaque.com\/cd\/#\/schema\/logo\/image\/","url":"https:\/\/noticiasemdestaque.com\/cd\/wp-content\/uploads\/2022\/05\/imagem-base-noticiasemdestaque.png","contentUrl":"https:\/\/noticiasemdestaque.com\/cd\/wp-content\/uploads\/2022\/05\/imagem-base-noticiasemdestaque.png","width":1200,"height":630,"caption":"Not\u00edcias em Destaque"},"image":{"@id":"https:\/\/noticiasemdestaque.com\/cd\/#\/schema\/logo\/image\/"}},{"@type":"Person","@id":"https:\/\/noticiasemdestaque.com\/cd\/#\/schema\/person\/21320b03a7e8bb90128938dafc9b908a","name":"Not\u00edcias em Destaque","url":"https:\/\/noticiasemdestaque.com\/cd\/?author=2"}]}},"jetpack_featured_media_url":"https:\/\/noticiasemdestaque.com\/cd\/wp-content\/uploads\/2017\/10\/image_preview.jpg","jetpack_sharing_enabled":true,"_links":{"self":[{"href":"https:\/\/noticiasemdestaque.com\/cd\/index.php?rest_route=\/wp\/v2\/posts\/4877","targetHints":{"allow":["GET"]}}],"collection":[{"href":"https:\/\/noticiasemdestaque.com\/cd\/index.php?rest_route=\/wp\/v2\/posts"}],"about":[{"href":"https:\/\/noticiasemdestaque.com\/cd\/index.php?rest_route=\/wp\/v2\/types\/post"}],"author":[{"embeddable":true,"href":"https:\/\/noticiasemdestaque.com\/cd\/index.php?rest_route=\/wp\/v2\/users\/2"}],"replies":[{"embeddable":true,"href":"https:\/\/noticiasemdestaque.com\/cd\/index.php?rest_route=%2Fwp%2Fv2%2Fcomments&post=4877"}],"version-history":[{"count":1,"href":"https:\/\/noticiasemdestaque.com\/cd\/index.php?rest_route=\/wp\/v2\/posts\/4877\/revisions"}],"predecessor-version":[{"id":4879,"href":"https:\/\/noticiasemdestaque.com\/cd\/index.php?rest_route=\/wp\/v2\/posts\/4877\/revisions\/4879"}],"wp:featuredmedia":[{"embeddable":true,"href":"https:\/\/noticiasemdestaque.com\/cd\/index.php?rest_route=\/wp\/v2\/media\/4878"}],"wp:attachment":[{"href":"https:\/\/noticiasemdestaque.com\/cd\/index.php?rest_route=%2Fwp%2Fv2%2Fmedia&parent=4877"}],"wp:term":[{"taxonomy":"category","embeddable":true,"href":"https:\/\/noticiasemdestaque.com\/cd\/index.php?rest_route=%2Fwp%2Fv2%2Fcategories&post=4877"},{"taxonomy":"post_tag","embeddable":true,"href":"https:\/\/noticiasemdestaque.com\/cd\/index.php?rest_route=%2Fwp%2Fv2%2Ftags&post=4877"}],"curies":[{"name":"wp","href":"https:\/\/api.w.org\/{rel}","templated":true}]}}