{"id":48745,"date":"2023-05-30T17:33:35","date_gmt":"2023-05-30T20:33:35","guid":{"rendered":"https:\/\/noticiasemdestaque.com\/cd\/?p=48745"},"modified":"2023-05-30T17:34:14","modified_gmt":"2023-05-30T20:34:14","slug":"inscricoes-para-o-vestibular-2023-do-curso-de-educacao-do-campo-da-ufcg-em-sume-prosseguem-ate-dia-1o-de-junho","status":"publish","type":"post","link":"https:\/\/noticiasemdestaque.com\/cd\/?p=48745","title":{"rendered":"Inscri\u00e7\u00f5es para o Vestibular 2023 do curso de Educa\u00e7\u00e3o do Campo da UFCG em Sum\u00e9 prosseguem at\u00e9 dia 1\u00ba de junho"},"content":{"rendered":"<p><a href=\"https:\/\/noticiasemdestaque.com\/cd\/wp-content\/uploads\/2019\/04\/cdsa-sume.jpg\"><img fetchpriority=\"high\" decoding=\"async\" class=\"size-medium wp-image-16794 alignleft\" src=\"https:\/\/noticiasemdestaque.com\/cd\/wp-content\/uploads\/2019\/04\/cdsa-sume-300x169.jpg\" alt=\"\" width=\"300\" height=\"169\" srcset=\"https:\/\/noticiasemdestaque.com\/cd\/wp-content\/uploads\/2019\/04\/cdsa-sume-300x169.jpg 300w, https:\/\/noticiasemdestaque.com\/cd\/wp-content\/uploads\/2019\/04\/cdsa-sume-768x432.jpg 768w, https:\/\/noticiasemdestaque.com\/cd\/wp-content\/uploads\/2019\/04\/cdsa-sume.jpg 960w\" sizes=\"(max-width: 300px) 100vw, 300px\" \/><\/a>Seguem at\u00e9 o dia 1 de junho, na Universidade Federal de Campina Grande (UFCG), as inscri\u00e7\u00f5es para o Processo Seletivo Vestibular 2023.1 para o curso de Licenciatura Interdisciplinar em Educa\u00e7\u00e3o do Campo, do Centro de Desenvolvimento Sustent\u00e1vel do Semi\u00e1rido (CDSA), Campus Sum\u00e9. S\u00e3o ofertadas 50 vagas, sendo 25 na modalidade Ampla Concorr\u00eancia e 25 reservadas pela Lei de Cotas.<\/p>\n<p>O edital que regulamenta o processo foi retificado, com altera\u00e7\u00f5es no cronograma. Acesse o edital modificado:\u00a0<a href=\"https:\/\/comprov.ufcg.edu.br\/graduacao\/133-processo-seletivo-vestibular-de-licenciatura-em-educacao-do-campo-2023-1.html\" target=\"_blank\" rel=\"noopener noreferrer\">Edital N\u00ba 21\/2023<\/a>.<\/p>\n<p>Poder\u00e3o se inscrever no Processo Seletivo Vestibular Educa\u00e7\u00e3o do Campo 2023.1 os candidatos que atenderem um dos seguintes requisitos: Comprovarem a realiza\u00e7\u00e3o do Exame Nacional de Cursos do Ensino M\u00e9dio \u2013 Enem, em qualquer um dos anos entre 2018 a 2022; Apresentarem Hist\u00f3rico Escolar do Ensino M\u00e9dio, Boletim Escolar oficial (ou documento oficial equivalente); Apresentarem Certificado, Diploma ou Hist\u00f3rico Escolar de Conclus\u00e3o do Ensino M\u00e9dio via Prov\u00e3o ou casos an\u00e1logos, adquirido atrav\u00e9s de provas\/exames pelas Secretarias de Educa\u00e7\u00e3o, ou casos an\u00e1logos, acompanhados do Boletim Escolar Oficial ou documento escolar oficial equivalente.<\/p>\n<p>O processo seletivo para provimento de vagas no curso de gradua\u00e7\u00e3o Licenciatura em Educa\u00e7\u00e3o do Campo ser\u00e1 composto de duas etapas: an\u00e1lise do hist\u00f3rico escolar do Ensino M\u00e9dio ou Enem, ENCCEJA ou equivalente e; Prova de Habilidade Espec\u00edfica (PHE) em formato de reda\u00e7\u00e3o.<\/p>\n<p>A Prova de Habilidade Espec\u00edfica\u00a0ser\u00e1 realizada no dia\u00a014 de junho, das 14h \u00e0s 18h, na Central de Aulas do CDSA\/UFCG, Campus de Sum\u00e9-PB. A divulga\u00e7\u00e3o do resultado da Prova de Habilidade Espec\u00edfica\u00a0ocorrer\u00e1 no dia 19 de junho.<\/p>\n<p>Mais informa\u00e7\u00f5es no site da Comprov:\u00a0<a href=\"https:\/\/comprov.ufcg.edu.br\/\">https:\/\/comprov.ufcg.edu.br<\/a><\/p>\n<p>Assimp CDSA\/UFCG<\/p>\n","protected":false},"excerpt":{"rendered":"<p>Seguem at\u00e9 o dia 1 de junho, na Universidade Federal de Campina Grande (UFCG), as inscri\u00e7\u00f5es para o Processo Seletivo Vestibular 2023.1 para o curso de Licenciatura Interdisciplinar em Educa\u00e7\u00e3o do Campo, do Centro de Desenvolvimento Sustent\u00e1vel do Semi\u00e1rido (CDSA), Campus Sum\u00e9. S\u00e3o ofertadas 50 vagas, sendo 25 na modalidade Ampla Concorr\u00eancia e 25 reservadas pela Lei de Cotas. O edital que regulamenta o processo foi retificado, com altera\u00e7\u00f5es no cronograma. Acesse o edital modificado:\u00a0Edital N\u00ba 21\/2023. Poder\u00e3o se inscrever no Processo Seletivo Vestibular Educa\u00e7\u00e3o do Campo 2023.1 os candidatos que atenderem um dos seguintes requisitos: Comprovarem a realiza\u00e7\u00e3o do Exame Nacional de Cursos do Ensino M\u00e9dio \u2013 Enem, em qualquer um dos anos entre 2018 a 2022; Apresentarem Hist\u00f3rico Escolar do Ensino M\u00e9dio, Boletim Escolar oficial (ou documento oficial equivalente); Apresentarem Certificado, Diploma ou Hist\u00f3rico Escolar de Conclus\u00e3o do Ensino M\u00e9dio via Prov\u00e3o ou casos an\u00e1logos, adquirido atrav\u00e9s de provas\/exames pelas Secretarias de Educa\u00e7\u00e3o, ou casos an\u00e1logos, acompanhados do Boletim Escolar Oficial ou documento escolar oficial equivalente. O processo seletivo para provimento de vagas no curso de gradua\u00e7\u00e3o Licenciatura em Educa\u00e7\u00e3o do Campo ser\u00e1 composto de duas etapas: an\u00e1lise do hist\u00f3rico escolar do Ensino M\u00e9dio ou Enem, ENCCEJA ou equivalente e; Prova de Habilidade Espec\u00edfica (PHE) em formato de reda\u00e7\u00e3o. A Prova de Habilidade Espec\u00edfica\u00a0ser\u00e1 realizada no dia\u00a014 de junho, das 14h \u00e0s 18h, na Central de Aulas do CDSA\/UFCG, Campus de Sum\u00e9-PB. A divulga\u00e7\u00e3o do resultado da Prova de Habilidade Espec\u00edfica\u00a0ocorrer\u00e1 no dia 19 de junho. Mais informa\u00e7\u00f5es no site da Comprov:\u00a0https:\/\/comprov.ufcg.edu.br Assimp CDSA\/UFCG<\/p>\n","protected":false},"author":2,"featured_media":16794,"comment_status":"closed","ping_status":"open","sticky":false,"template":"","format":"standard","meta":{"_eb_attr":"","_jetpack_memberships_contains_paid_content":false,"footnotes":""},"categories":[3],"tags":[],"class_list":["post-48745","post","type-post","status-publish","format-standard","has-post-thumbnail","hentry","category-cidades"],"yoast_head":"<!-- This site is optimized with the Yoast SEO plugin v26.5 - https:\/\/yoast.com\/wordpress\/plugins\/seo\/ -->\n<title>Inscri\u00e7\u00f5es para o Vestibular 2023 do curso de Educa\u00e7\u00e3o do Campo da UFCG em Sum\u00e9 prosseguem at\u00e9 dia 1\u00ba de junho - Not&iacute;cias em Destaque<\/title>\n<meta name=\"robots\" content=\"index, follow, max-snippet:-1, max-image-preview:large, max-video-preview:-1\" \/>\n<link rel=\"canonical\" href=\"https:\/\/noticiasemdestaque.com\/cd\/?p=48745\" \/>\n<meta property=\"og:locale\" content=\"pt_BR\" \/>\n<meta property=\"og:type\" content=\"article\" \/>\n<meta property=\"og:title\" content=\"Inscri\u00e7\u00f5es para o Vestibular 2023 do curso de Educa\u00e7\u00e3o do Campo da UFCG em Sum\u00e9 prosseguem at\u00e9 dia 1\u00ba de junho - Not&iacute;cias em Destaque\" \/>\n<meta property=\"og:description\" content=\"Seguem at\u00e9 o dia 1 de junho, na Universidade Federal de Campina Grande (UFCG), as inscri\u00e7\u00f5es para o Processo Seletivo Vestibular 2023.1 para o curso de Licenciatura Interdisciplinar em Educa\u00e7\u00e3o do Campo, do Centro de Desenvolvimento Sustent\u00e1vel do Semi\u00e1rido (CDSA), Campus Sum\u00e9. S\u00e3o ofertadas 50 vagas, sendo 25 na modalidade Ampla Concorr\u00eancia e 25 reservadas pela Lei de Cotas. O edital que regulamenta o processo foi retificado, com altera\u00e7\u00f5es no cronograma. Acesse o edital modificado:\u00a0Edital N\u00ba 21\/2023. Poder\u00e3o se inscrever no Processo Seletivo Vestibular Educa\u00e7\u00e3o do Campo 2023.1 os candidatos que atenderem um dos seguintes requisitos: Comprovarem a realiza\u00e7\u00e3o do Exame Nacional de Cursos do Ensino M\u00e9dio \u2013 Enem, em qualquer um dos anos entre 2018 a 2022; Apresentarem Hist\u00f3rico Escolar do Ensino M\u00e9dio, Boletim Escolar oficial (ou documento oficial equivalente); Apresentarem Certificado, Diploma ou Hist\u00f3rico Escolar de Conclus\u00e3o do Ensino M\u00e9dio via Prov\u00e3o ou casos an\u00e1logos, adquirido atrav\u00e9s de provas\/exames pelas Secretarias de Educa\u00e7\u00e3o, ou casos an\u00e1logos, acompanhados do Boletim Escolar Oficial ou documento escolar oficial equivalente. O processo seletivo para provimento de vagas no curso de gradua\u00e7\u00e3o Licenciatura em Educa\u00e7\u00e3o do Campo ser\u00e1 composto de duas etapas: an\u00e1lise do hist\u00f3rico escolar do Ensino M\u00e9dio ou Enem, ENCCEJA ou equivalente e; Prova de Habilidade Espec\u00edfica (PHE) em formato de reda\u00e7\u00e3o. A Prova de Habilidade Espec\u00edfica\u00a0ser\u00e1 realizada no dia\u00a014 de junho, das 14h \u00e0s 18h, na Central de Aulas do CDSA\/UFCG, Campus de Sum\u00e9-PB. A divulga\u00e7\u00e3o do resultado da Prova de Habilidade Espec\u00edfica\u00a0ocorrer\u00e1 no dia 19 de junho. Mais informa\u00e7\u00f5es no site da Comprov:\u00a0https:\/\/comprov.ufcg.edu.br Assimp CDSA\/UFCG\" \/>\n<meta property=\"og:url\" content=\"https:\/\/noticiasemdestaque.com\/cd\/?p=48745\" \/>\n<meta property=\"og:site_name\" content=\"Not&iacute;cias em Destaque\" \/>\n<meta property=\"article:published_time\" content=\"2023-05-30T20:33:35+00:00\" \/>\n<meta property=\"article:modified_time\" content=\"2023-05-30T20:34:14+00:00\" \/>\n<meta property=\"og:image\" content=\"https:\/\/noticiasemdestaque.com\/cd\/wp-content\/uploads\/2019\/04\/cdsa-sume.jpg\" \/>\n\t<meta property=\"og:image:width\" content=\"960\" \/>\n\t<meta property=\"og:image:height\" content=\"540\" \/>\n\t<meta property=\"og:image:type\" content=\"image\/jpeg\" \/>\n<meta name=\"author\" content=\"Not\u00edcias em Destaque\" \/>\n<meta name=\"twitter:card\" content=\"summary_large_image\" \/>\n<meta name=\"twitter:label1\" content=\"Escrito por\" \/>\n\t<meta name=\"twitter:data1\" content=\"Not\u00edcias em Destaque\" \/>\n\t<meta name=\"twitter:label2\" content=\"Est. tempo de leitura\" \/>\n\t<meta name=\"twitter:data2\" content=\"2 minutos\" \/>\n<script type=\"application\/ld+json\" class=\"yoast-schema-graph\">{\"@context\":\"https:\/\/schema.org\",\"@graph\":[{\"@type\":\"Article\",\"@id\":\"https:\/\/noticiasemdestaque.com\/cd\/?p=48745#article\",\"isPartOf\":{\"@id\":\"https:\/\/noticiasemdestaque.com\/cd\/?p=48745\"},\"author\":{\"name\":\"Not\u00edcias em Destaque\",\"@id\":\"https:\/\/noticiasemdestaque.com\/cd\/#\/schema\/person\/21320b03a7e8bb90128938dafc9b908a\"},\"headline\":\"Inscri\u00e7\u00f5es para o Vestibular 2023 do curso de Educa\u00e7\u00e3o do Campo da UFCG em Sum\u00e9 prosseguem at\u00e9 dia 1\u00ba de junho\",\"datePublished\":\"2023-05-30T20:33:35+00:00\",\"dateModified\":\"2023-05-30T20:34:14+00:00\",\"mainEntityOfPage\":{\"@id\":\"https:\/\/noticiasemdestaque.com\/cd\/?p=48745\"},\"wordCount\":310,\"publisher\":{\"@id\":\"https:\/\/noticiasemdestaque.com\/cd\/#organization\"},\"image\":{\"@id\":\"https:\/\/noticiasemdestaque.com\/cd\/?p=48745#primaryimage\"},\"thumbnailUrl\":\"https:\/\/noticiasemdestaque.com\/cd\/wp-content\/uploads\/2019\/04\/cdsa-sume.jpg\",\"articleSection\":[\"Cidades\"],\"inLanguage\":\"pt-BR\"},{\"@type\":\"WebPage\",\"@id\":\"https:\/\/noticiasemdestaque.com\/cd\/?p=48745\",\"url\":\"https:\/\/noticiasemdestaque.com\/cd\/?p=48745\",\"name\":\"Inscri\u00e7\u00f5es para o Vestibular 2023 do curso de Educa\u00e7\u00e3o do Campo da UFCG em Sum\u00e9 prosseguem at\u00e9 dia 1\u00ba de junho - Not&iacute;cias em Destaque\",\"isPartOf\":{\"@id\":\"https:\/\/noticiasemdestaque.com\/cd\/#website\"},\"primaryImageOfPage\":{\"@id\":\"https:\/\/noticiasemdestaque.com\/cd\/?p=48745#primaryimage\"},\"image\":{\"@id\":\"https:\/\/noticiasemdestaque.com\/cd\/?p=48745#primaryimage\"},\"thumbnailUrl\":\"https:\/\/noticiasemdestaque.com\/cd\/wp-content\/uploads\/2019\/04\/cdsa-sume.jpg\",\"datePublished\":\"2023-05-30T20:33:35+00:00\",\"dateModified\":\"2023-05-30T20:34:14+00:00\",\"breadcrumb\":{\"@id\":\"https:\/\/noticiasemdestaque.com\/cd\/?p=48745#breadcrumb\"},\"inLanguage\":\"pt-BR\",\"potentialAction\":[{\"@type\":\"ReadAction\",\"target\":[\"https:\/\/noticiasemdestaque.com\/cd\/?p=48745\"]}]},{\"@type\":\"ImageObject\",\"inLanguage\":\"pt-BR\",\"@id\":\"https:\/\/noticiasemdestaque.com\/cd\/?p=48745#primaryimage\",\"url\":\"https:\/\/noticiasemdestaque.com\/cd\/wp-content\/uploads\/2019\/04\/cdsa-sume.jpg\",\"contentUrl\":\"https:\/\/noticiasemdestaque.com\/cd\/wp-content\/uploads\/2019\/04\/cdsa-sume.jpg\",\"width\":960,\"height\":540},{\"@type\":\"BreadcrumbList\",\"@id\":\"https:\/\/noticiasemdestaque.com\/cd\/?p=48745#breadcrumb\",\"itemListElement\":[{\"@type\":\"ListItem\",\"position\":1,\"name\":\"In\u00edcio\",\"item\":\"https:\/\/noticiasemdestaque.com\/cd\/\"},{\"@type\":\"ListItem\",\"position\":2,\"name\":\"Inscri\u00e7\u00f5es para o Vestibular 2023 do curso de Educa\u00e7\u00e3o do Campo da UFCG em Sum\u00e9 prosseguem at\u00e9 dia 1\u00ba de junho\"}]},{\"@type\":\"WebSite\",\"@id\":\"https:\/\/noticiasemdestaque.com\/cd\/#website\",\"url\":\"https:\/\/noticiasemdestaque.com\/cd\/\",\"name\":\"Not&iacute;cias em Destaque\",\"description\":\"\",\"publisher\":{\"@id\":\"https:\/\/noticiasemdestaque.com\/cd\/#organization\"},\"potentialAction\":[{\"@type\":\"SearchAction\",\"target\":{\"@type\":\"EntryPoint\",\"urlTemplate\":\"https:\/\/noticiasemdestaque.com\/cd\/?s={search_term_string}\"},\"query-input\":{\"@type\":\"PropertyValueSpecification\",\"valueRequired\":true,\"valueName\":\"search_term_string\"}}],\"inLanguage\":\"pt-BR\"},{\"@type\":\"Organization\",\"@id\":\"https:\/\/noticiasemdestaque.com\/cd\/#organization\",\"name\":\"Not\u00edcias em Destaque\",\"url\":\"https:\/\/noticiasemdestaque.com\/cd\/\",\"logo\":{\"@type\":\"ImageObject\",\"inLanguage\":\"pt-BR\",\"@id\":\"https:\/\/noticiasemdestaque.com\/cd\/#\/schema\/logo\/image\/\",\"url\":\"https:\/\/noticiasemdestaque.com\/cd\/wp-content\/uploads\/2022\/05\/imagem-base-noticiasemdestaque.png\",\"contentUrl\":\"https:\/\/noticiasemdestaque.com\/cd\/wp-content\/uploads\/2022\/05\/imagem-base-noticiasemdestaque.png\",\"width\":1200,\"height\":630,\"caption\":\"Not\u00edcias em Destaque\"},\"image\":{\"@id\":\"https:\/\/noticiasemdestaque.com\/cd\/#\/schema\/logo\/image\/\"}},{\"@type\":\"Person\",\"@id\":\"https:\/\/noticiasemdestaque.com\/cd\/#\/schema\/person\/21320b03a7e8bb90128938dafc9b908a\",\"name\":\"Not\u00edcias em Destaque\",\"url\":\"https:\/\/noticiasemdestaque.com\/cd\/?author=2\"}]}<\/script>\n<!-- \/ Yoast SEO plugin. -->","yoast_head_json":{"title":"Inscri\u00e7\u00f5es para o Vestibular 2023 do curso de Educa\u00e7\u00e3o do Campo da UFCG em Sum\u00e9 prosseguem at\u00e9 dia 1\u00ba de junho - Not&iacute;cias em Destaque","robots":{"index":"index","follow":"follow","max-snippet":"max-snippet:-1","max-image-preview":"max-image-preview:large","max-video-preview":"max-video-preview:-1"},"canonical":"https:\/\/noticiasemdestaque.com\/cd\/?p=48745","og_locale":"pt_BR","og_type":"article","og_title":"Inscri\u00e7\u00f5es para o Vestibular 2023 do curso de Educa\u00e7\u00e3o do Campo da UFCG em Sum\u00e9 prosseguem at\u00e9 dia 1\u00ba de junho - Not&iacute;cias em Destaque","og_description":"Seguem at\u00e9 o dia 1 de junho, na Universidade Federal de Campina Grande (UFCG), as inscri\u00e7\u00f5es para o Processo Seletivo Vestibular 2023.1 para o curso de Licenciatura Interdisciplinar em Educa\u00e7\u00e3o do Campo, do Centro de Desenvolvimento Sustent\u00e1vel do Semi\u00e1rido (CDSA), Campus Sum\u00e9. S\u00e3o ofertadas 50 vagas, sendo 25 na modalidade Ampla Concorr\u00eancia e 25 reservadas pela Lei de Cotas. O edital que regulamenta o processo foi retificado, com altera\u00e7\u00f5es no cronograma. Acesse o edital modificado:\u00a0Edital N\u00ba 21\/2023. Poder\u00e3o se inscrever no Processo Seletivo Vestibular Educa\u00e7\u00e3o do Campo 2023.1 os candidatos que atenderem um dos seguintes requisitos: Comprovarem a realiza\u00e7\u00e3o do Exame Nacional de Cursos do Ensino M\u00e9dio \u2013 Enem, em qualquer um dos anos entre 2018 a 2022; Apresentarem Hist\u00f3rico Escolar do Ensino M\u00e9dio, Boletim Escolar oficial (ou documento oficial equivalente); Apresentarem Certificado, Diploma ou Hist\u00f3rico Escolar de Conclus\u00e3o do Ensino M\u00e9dio via Prov\u00e3o ou casos an\u00e1logos, adquirido atrav\u00e9s de provas\/exames pelas Secretarias de Educa\u00e7\u00e3o, ou casos an\u00e1logos, acompanhados do Boletim Escolar Oficial ou documento escolar oficial equivalente. O processo seletivo para provimento de vagas no curso de gradua\u00e7\u00e3o Licenciatura em Educa\u00e7\u00e3o do Campo ser\u00e1 composto de duas etapas: an\u00e1lise do hist\u00f3rico escolar do Ensino M\u00e9dio ou Enem, ENCCEJA ou equivalente e; Prova de Habilidade Espec\u00edfica (PHE) em formato de reda\u00e7\u00e3o. A Prova de Habilidade Espec\u00edfica\u00a0ser\u00e1 realizada no dia\u00a014 de junho, das 14h \u00e0s 18h, na Central de Aulas do CDSA\/UFCG, Campus de Sum\u00e9-PB. A divulga\u00e7\u00e3o do resultado da Prova de Habilidade Espec\u00edfica\u00a0ocorrer\u00e1 no dia 19 de junho. Mais informa\u00e7\u00f5es no site da Comprov:\u00a0https:\/\/comprov.ufcg.edu.br Assimp CDSA\/UFCG","og_url":"https:\/\/noticiasemdestaque.com\/cd\/?p=48745","og_site_name":"Not&iacute;cias em Destaque","article_published_time":"2023-05-30T20:33:35+00:00","article_modified_time":"2023-05-30T20:34:14+00:00","og_image":[{"width":960,"height":540,"url":"https:\/\/noticiasemdestaque.com\/cd\/wp-content\/uploads\/2019\/04\/cdsa-sume.jpg","type":"image\/jpeg"}],"author":"Not\u00edcias em Destaque","twitter_card":"summary_large_image","twitter_misc":{"Escrito por":"Not\u00edcias em Destaque","Est. tempo de leitura":"2 minutos"},"schema":{"@context":"https:\/\/schema.org","@graph":[{"@type":"Article","@id":"https:\/\/noticiasemdestaque.com\/cd\/?p=48745#article","isPartOf":{"@id":"https:\/\/noticiasemdestaque.com\/cd\/?p=48745"},"author":{"name":"Not\u00edcias em Destaque","@id":"https:\/\/noticiasemdestaque.com\/cd\/#\/schema\/person\/21320b03a7e8bb90128938dafc9b908a"},"headline":"Inscri\u00e7\u00f5es para o Vestibular 2023 do curso de Educa\u00e7\u00e3o do Campo da UFCG em Sum\u00e9 prosseguem at\u00e9 dia 1\u00ba de junho","datePublished":"2023-05-30T20:33:35+00:00","dateModified":"2023-05-30T20:34:14+00:00","mainEntityOfPage":{"@id":"https:\/\/noticiasemdestaque.com\/cd\/?p=48745"},"wordCount":310,"publisher":{"@id":"https:\/\/noticiasemdestaque.com\/cd\/#organization"},"image":{"@id":"https:\/\/noticiasemdestaque.com\/cd\/?p=48745#primaryimage"},"thumbnailUrl":"https:\/\/noticiasemdestaque.com\/cd\/wp-content\/uploads\/2019\/04\/cdsa-sume.jpg","articleSection":["Cidades"],"inLanguage":"pt-BR"},{"@type":"WebPage","@id":"https:\/\/noticiasemdestaque.com\/cd\/?p=48745","url":"https:\/\/noticiasemdestaque.com\/cd\/?p=48745","name":"Inscri\u00e7\u00f5es para o Vestibular 2023 do curso de Educa\u00e7\u00e3o do Campo da UFCG em Sum\u00e9 prosseguem at\u00e9 dia 1\u00ba de junho - Not&iacute;cias em Destaque","isPartOf":{"@id":"https:\/\/noticiasemdestaque.com\/cd\/#website"},"primaryImageOfPage":{"@id":"https:\/\/noticiasemdestaque.com\/cd\/?p=48745#primaryimage"},"image":{"@id":"https:\/\/noticiasemdestaque.com\/cd\/?p=48745#primaryimage"},"thumbnailUrl":"https:\/\/noticiasemdestaque.com\/cd\/wp-content\/uploads\/2019\/04\/cdsa-sume.jpg","datePublished":"2023-05-30T20:33:35+00:00","dateModified":"2023-05-30T20:34:14+00:00","breadcrumb":{"@id":"https:\/\/noticiasemdestaque.com\/cd\/?p=48745#breadcrumb"},"inLanguage":"pt-BR","potentialAction":[{"@type":"ReadAction","target":["https:\/\/noticiasemdestaque.com\/cd\/?p=48745"]}]},{"@type":"ImageObject","inLanguage":"pt-BR","@id":"https:\/\/noticiasemdestaque.com\/cd\/?p=48745#primaryimage","url":"https:\/\/noticiasemdestaque.com\/cd\/wp-content\/uploads\/2019\/04\/cdsa-sume.jpg","contentUrl":"https:\/\/noticiasemdestaque.com\/cd\/wp-content\/uploads\/2019\/04\/cdsa-sume.jpg","width":960,"height":540},{"@type":"BreadcrumbList","@id":"https:\/\/noticiasemdestaque.com\/cd\/?p=48745#breadcrumb","itemListElement":[{"@type":"ListItem","position":1,"name":"In\u00edcio","item":"https:\/\/noticiasemdestaque.com\/cd\/"},{"@type":"ListItem","position":2,"name":"Inscri\u00e7\u00f5es para o Vestibular 2023 do curso de Educa\u00e7\u00e3o do Campo da UFCG em Sum\u00e9 prosseguem at\u00e9 dia 1\u00ba de junho"}]},{"@type":"WebSite","@id":"https:\/\/noticiasemdestaque.com\/cd\/#website","url":"https:\/\/noticiasemdestaque.com\/cd\/","name":"Not&iacute;cias em Destaque","description":"","publisher":{"@id":"https:\/\/noticiasemdestaque.com\/cd\/#organization"},"potentialAction":[{"@type":"SearchAction","target":{"@type":"EntryPoint","urlTemplate":"https:\/\/noticiasemdestaque.com\/cd\/?s={search_term_string}"},"query-input":{"@type":"PropertyValueSpecification","valueRequired":true,"valueName":"search_term_string"}}],"inLanguage":"pt-BR"},{"@type":"Organization","@id":"https:\/\/noticiasemdestaque.com\/cd\/#organization","name":"Not\u00edcias em Destaque","url":"https:\/\/noticiasemdestaque.com\/cd\/","logo":{"@type":"ImageObject","inLanguage":"pt-BR","@id":"https:\/\/noticiasemdestaque.com\/cd\/#\/schema\/logo\/image\/","url":"https:\/\/noticiasemdestaque.com\/cd\/wp-content\/uploads\/2022\/05\/imagem-base-noticiasemdestaque.png","contentUrl":"https:\/\/noticiasemdestaque.com\/cd\/wp-content\/uploads\/2022\/05\/imagem-base-noticiasemdestaque.png","width":1200,"height":630,"caption":"Not\u00edcias em Destaque"},"image":{"@id":"https:\/\/noticiasemdestaque.com\/cd\/#\/schema\/logo\/image\/"}},{"@type":"Person","@id":"https:\/\/noticiasemdestaque.com\/cd\/#\/schema\/person\/21320b03a7e8bb90128938dafc9b908a","name":"Not\u00edcias em Destaque","url":"https:\/\/noticiasemdestaque.com\/cd\/?author=2"}]}},"jetpack_featured_media_url":"https:\/\/noticiasemdestaque.com\/cd\/wp-content\/uploads\/2019\/04\/cdsa-sume.jpg","jetpack_sharing_enabled":true,"_links":{"self":[{"href":"https:\/\/noticiasemdestaque.com\/cd\/index.php?rest_route=\/wp\/v2\/posts\/48745","targetHints":{"allow":["GET"]}}],"collection":[{"href":"https:\/\/noticiasemdestaque.com\/cd\/index.php?rest_route=\/wp\/v2\/posts"}],"about":[{"href":"https:\/\/noticiasemdestaque.com\/cd\/index.php?rest_route=\/wp\/v2\/types\/post"}],"author":[{"embeddable":true,"href":"https:\/\/noticiasemdestaque.com\/cd\/index.php?rest_route=\/wp\/v2\/users\/2"}],"replies":[{"embeddable":true,"href":"https:\/\/noticiasemdestaque.com\/cd\/index.php?rest_route=%2Fwp%2Fv2%2Fcomments&post=48745"}],"version-history":[{"count":1,"href":"https:\/\/noticiasemdestaque.com\/cd\/index.php?rest_route=\/wp\/v2\/posts\/48745\/revisions"}],"predecessor-version":[{"id":48746,"href":"https:\/\/noticiasemdestaque.com\/cd\/index.php?rest_route=\/wp\/v2\/posts\/48745\/revisions\/48746"}],"wp:featuredmedia":[{"embeddable":true,"href":"https:\/\/noticiasemdestaque.com\/cd\/index.php?rest_route=\/wp\/v2\/media\/16794"}],"wp:attachment":[{"href":"https:\/\/noticiasemdestaque.com\/cd\/index.php?rest_route=%2Fwp%2Fv2%2Fmedia&parent=48745"}],"wp:term":[{"taxonomy":"category","embeddable":true,"href":"https:\/\/noticiasemdestaque.com\/cd\/index.php?rest_route=%2Fwp%2Fv2%2Fcategories&post=48745"},{"taxonomy":"post_tag","embeddable":true,"href":"https:\/\/noticiasemdestaque.com\/cd\/index.php?rest_route=%2Fwp%2Fv2%2Ftags&post=48745"}],"curies":[{"name":"wp","href":"https:\/\/api.w.org\/{rel}","templated":true}]}}