{"id":4871,"date":"2017-10-03T14:26:07","date_gmt":"2017-10-03T17:26:07","guid":{"rendered":"http:\/\/caririemdestaque.com\/cd\/?p=4871"},"modified":"2017-10-03T14:26:07","modified_gmt":"2017-10-03T17:26:07","slug":"enem-cartao-de-confirmacao-sera-disponibilizado-dia-20","status":"publish","type":"post","link":"https:\/\/noticiasemdestaque.com\/cd\/?p=4871","title":{"rendered":"Enem: cart\u00e3o de confirma\u00e7\u00e3o ser\u00e1 disponibilizado dia 20"},"content":{"rendered":"<p><a href=\"http:\/\/caririemdestaque.com\/cd\/wp-content\/uploads\/2017\/10\/enem_2017_enem_.jpg\"><img decoding=\"async\" class=\"size-thumbnail wp-image-4872 alignleft\" src=\"http:\/\/caririemdestaque.com\/cd\/wp-content\/uploads\/2017\/10\/enem_2017_enem_-150x150.jpg\" alt=\"\" width=\"150\" height=\"150\" \/><\/a>Os candidatos ao Exame Nacional do Ensino M\u00e9dio (Enem) 2017 poder\u00e3o acessar o cart\u00e3o de confirma\u00e7\u00e3o a partir do dia 20 de outubro. O documento cont\u00e9m local e hor\u00e1rio das provas, o n\u00famero de inscri\u00e7\u00e3o, a op\u00e7\u00e3o de l\u00edngua estrangeira, ingl\u00eas ou portugu\u00eas, e se o estudante pediu atendimento especializado.<\/p>\n<p>Para acessar o cart\u00e3o, o candidato dever\u00e1 informar o CPF e a senha cadastrada no momento da inscri\u00e7\u00e3o. As provas deste ano ser\u00e3o realizadas em dois domingos, nos dias 5 e 12 de novembro. Os port\u00f5es dos locais de prova ser\u00e3o abertos \u00e0s 12h e fechados pontualmente \u00e0s 13h.<\/p>\n<p>No dia 5 de novembro, os candidatos far\u00e3o provas de ci\u00eancias humanas, linguagens e reda\u00e7\u00e3o. Para isso, ser\u00e3o disponibilizadas 5h30 para fazer o exame. No dia 12, as provas ser\u00e3o de matem\u00e1tica e ci\u00eancias da natureza, que dever\u00e3o ser conclu\u00eddas em 4h30.<\/p>\n<p>O Enem 2017 ter\u00e1 provas personalizadas. Os cadernos de quest\u00f5es e o cart\u00f5es-resposta ter\u00e3o a identifica\u00e7\u00e3o com o nome e o n\u00famero de inscri\u00e7\u00e3o dos candidatos. Para melhorar a seguran\u00e7a, a organiza\u00e7\u00e3o do Exame tamb\u00e9m adotar\u00e1 detectores de pontos eletr\u00f4nicos e aparelhos de transmiss\u00e3o.<\/p>\n<p>Cronograma<\/p>\n<p>A publica\u00e7\u00e3o dos gabaritos e cadernos de quest\u00f5es ser\u00e1 feita no dia 16 de novembro. Os resultados individuais ser\u00e3o divulgados em janeiro de 2018, mas ainda n\u00e3o tem data confirmada. Em mar\u00e7o ser\u00e3o publicados os resultados de treineiros e os espelhos de reda\u00e7\u00e3o.<\/p>\n","protected":false},"excerpt":{"rendered":"<p>Os candidatos ao Exame Nacional do Ensino M\u00e9dio (Enem) 2017 poder\u00e3o acessar o cart\u00e3o de confirma\u00e7\u00e3o a partir do dia 20 de outubro. O documento cont\u00e9m local e hor\u00e1rio das provas, o n\u00famero de inscri\u00e7\u00e3o, a op\u00e7\u00e3o de l\u00edngua estrangeira, ingl\u00eas ou portugu\u00eas, e se o estudante pediu atendimento especializado. Para acessar o cart\u00e3o, o candidato dever\u00e1 informar o CPF e a senha cadastrada no momento da inscri\u00e7\u00e3o. As provas deste ano ser\u00e3o realizadas em dois domingos, nos dias 5 e 12 de novembro. Os port\u00f5es dos locais de prova ser\u00e3o abertos \u00e0s 12h e fechados pontualmente \u00e0s 13h. No dia 5 de novembro, os candidatos far\u00e3o provas de ci\u00eancias humanas, linguagens e reda\u00e7\u00e3o. Para isso, ser\u00e3o disponibilizadas 5h30 para fazer o exame. No dia 12, as provas ser\u00e3o de matem\u00e1tica e ci\u00eancias da natureza, que dever\u00e3o ser conclu\u00eddas em 4h30. O Enem 2017 ter\u00e1 provas personalizadas. Os cadernos de quest\u00f5es e o cart\u00f5es-resposta ter\u00e3o a identifica\u00e7\u00e3o com o nome e o n\u00famero de inscri\u00e7\u00e3o dos candidatos. Para melhorar a seguran\u00e7a, a organiza\u00e7\u00e3o do Exame tamb\u00e9m adotar\u00e1 detectores de pontos eletr\u00f4nicos e aparelhos de transmiss\u00e3o. Cronograma A publica\u00e7\u00e3o dos gabaritos e cadernos de quest\u00f5es ser\u00e1 feita no dia 16 de novembro. Os resultados individuais ser\u00e3o divulgados em janeiro de 2018, mas ainda n\u00e3o tem data confirmada. Em mar\u00e7o ser\u00e3o publicados os resultados de treineiros e os espelhos de reda\u00e7\u00e3o.<\/p>\n","protected":false},"author":2,"featured_media":4872,"comment_status":"closed","ping_status":"open","sticky":false,"template":"","format":"standard","meta":{"_eb_attr":"","_jetpack_memberships_contains_paid_content":false,"footnotes":""},"categories":[6],"tags":[],"class_list":["post-4871","post","type-post","status-publish","format-standard","has-post-thumbnail","hentry","category-educacao"],"yoast_head":"<!-- This site is optimized with the Yoast SEO plugin v26.5 - https:\/\/yoast.com\/wordpress\/plugins\/seo\/ -->\n<title>Enem: cart\u00e3o de confirma\u00e7\u00e3o ser\u00e1 disponibilizado dia 20 - Not&iacute;cias em Destaque<\/title>\n<meta name=\"robots\" content=\"index, follow, max-snippet:-1, max-image-preview:large, max-video-preview:-1\" \/>\n<link rel=\"canonical\" href=\"https:\/\/noticiasemdestaque.com\/cd\/?p=4871\" \/>\n<meta property=\"og:locale\" content=\"pt_BR\" \/>\n<meta property=\"og:type\" content=\"article\" \/>\n<meta property=\"og:title\" content=\"Enem: cart\u00e3o de confirma\u00e7\u00e3o ser\u00e1 disponibilizado dia 20 - Not&iacute;cias em Destaque\" \/>\n<meta property=\"og:description\" content=\"Os candidatos ao Exame Nacional do Ensino M\u00e9dio (Enem) 2017 poder\u00e3o acessar o cart\u00e3o de confirma\u00e7\u00e3o a partir do dia 20 de outubro. O documento cont\u00e9m local e hor\u00e1rio das provas, o n\u00famero de inscri\u00e7\u00e3o, a op\u00e7\u00e3o de l\u00edngua estrangeira, ingl\u00eas ou portugu\u00eas, e se o estudante pediu atendimento especializado. Para acessar o cart\u00e3o, o candidato dever\u00e1 informar o CPF e a senha cadastrada no momento da inscri\u00e7\u00e3o. As provas deste ano ser\u00e3o realizadas em dois domingos, nos dias 5 e 12 de novembro. Os port\u00f5es dos locais de prova ser\u00e3o abertos \u00e0s 12h e fechados pontualmente \u00e0s 13h. No dia 5 de novembro, os candidatos far\u00e3o provas de ci\u00eancias humanas, linguagens e reda\u00e7\u00e3o. Para isso, ser\u00e3o disponibilizadas 5h30 para fazer o exame. No dia 12, as provas ser\u00e3o de matem\u00e1tica e ci\u00eancias da natureza, que dever\u00e3o ser conclu\u00eddas em 4h30. O Enem 2017 ter\u00e1 provas personalizadas. Os cadernos de quest\u00f5es e o cart\u00f5es-resposta ter\u00e3o a identifica\u00e7\u00e3o com o nome e o n\u00famero de inscri\u00e7\u00e3o dos candidatos. Para melhorar a seguran\u00e7a, a organiza\u00e7\u00e3o do Exame tamb\u00e9m adotar\u00e1 detectores de pontos eletr\u00f4nicos e aparelhos de transmiss\u00e3o. Cronograma A publica\u00e7\u00e3o dos gabaritos e cadernos de quest\u00f5es ser\u00e1 feita no dia 16 de novembro. Os resultados individuais ser\u00e3o divulgados em janeiro de 2018, mas ainda n\u00e3o tem data confirmada. Em mar\u00e7o ser\u00e3o publicados os resultados de treineiros e os espelhos de reda\u00e7\u00e3o.\" \/>\n<meta property=\"og:url\" content=\"https:\/\/noticiasemdestaque.com\/cd\/?p=4871\" \/>\n<meta property=\"og:site_name\" content=\"Not&iacute;cias em Destaque\" \/>\n<meta property=\"article:published_time\" content=\"2017-10-03T17:26:07+00:00\" \/>\n<meta property=\"og:image\" content=\"https:\/\/noticiasemdestaque.com\/cd\/wp-content\/uploads\/2017\/10\/enem_2017_enem_.jpg\" \/>\n\t<meta property=\"og:image:width\" content=\"576\" \/>\n\t<meta property=\"og:image:height\" content=\"324\" \/>\n\t<meta property=\"og:image:type\" content=\"image\/jpeg\" \/>\n<meta name=\"author\" content=\"Not\u00edcias em Destaque\" \/>\n<meta name=\"twitter:card\" content=\"summary_large_image\" \/>\n<meta name=\"twitter:label1\" content=\"Escrito por\" \/>\n\t<meta name=\"twitter:data1\" content=\"Not\u00edcias em Destaque\" \/>\n\t<meta name=\"twitter:label2\" content=\"Est. tempo de leitura\" \/>\n\t<meta name=\"twitter:data2\" content=\"1 minuto\" \/>\n<script type=\"application\/ld+json\" class=\"yoast-schema-graph\">{\"@context\":\"https:\/\/schema.org\",\"@graph\":[{\"@type\":\"Article\",\"@id\":\"https:\/\/noticiasemdestaque.com\/cd\/?p=4871#article\",\"isPartOf\":{\"@id\":\"https:\/\/noticiasemdestaque.com\/cd\/?p=4871\"},\"author\":{\"name\":\"Not\u00edcias em Destaque\",\"@id\":\"https:\/\/noticiasemdestaque.com\/cd\/#\/schema\/person\/21320b03a7e8bb90128938dafc9b908a\"},\"headline\":\"Enem: cart\u00e3o de confirma\u00e7\u00e3o ser\u00e1 disponibilizado dia 20\",\"datePublished\":\"2017-10-03T17:26:07+00:00\",\"mainEntityOfPage\":{\"@id\":\"https:\/\/noticiasemdestaque.com\/cd\/?p=4871\"},\"wordCount\":273,\"publisher\":{\"@id\":\"https:\/\/noticiasemdestaque.com\/cd\/#organization\"},\"image\":{\"@id\":\"https:\/\/noticiasemdestaque.com\/cd\/?p=4871#primaryimage\"},\"thumbnailUrl\":\"https:\/\/noticiasemdestaque.com\/cd\/wp-content\/uploads\/2017\/10\/enem_2017_enem_.jpg\",\"articleSection\":[\"Educa\u00e7\u00e3o\"],\"inLanguage\":\"pt-BR\"},{\"@type\":\"WebPage\",\"@id\":\"https:\/\/noticiasemdestaque.com\/cd\/?p=4871\",\"url\":\"https:\/\/noticiasemdestaque.com\/cd\/?p=4871\",\"name\":\"Enem: cart\u00e3o de confirma\u00e7\u00e3o ser\u00e1 disponibilizado dia 20 - Not&iacute;cias em Destaque\",\"isPartOf\":{\"@id\":\"https:\/\/noticiasemdestaque.com\/cd\/#website\"},\"primaryImageOfPage\":{\"@id\":\"https:\/\/noticiasemdestaque.com\/cd\/?p=4871#primaryimage\"},\"image\":{\"@id\":\"https:\/\/noticiasemdestaque.com\/cd\/?p=4871#primaryimage\"},\"thumbnailUrl\":\"https:\/\/noticiasemdestaque.com\/cd\/wp-content\/uploads\/2017\/10\/enem_2017_enem_.jpg\",\"datePublished\":\"2017-10-03T17:26:07+00:00\",\"breadcrumb\":{\"@id\":\"https:\/\/noticiasemdestaque.com\/cd\/?p=4871#breadcrumb\"},\"inLanguage\":\"pt-BR\",\"potentialAction\":[{\"@type\":\"ReadAction\",\"target\":[\"https:\/\/noticiasemdestaque.com\/cd\/?p=4871\"]}]},{\"@type\":\"ImageObject\",\"inLanguage\":\"pt-BR\",\"@id\":\"https:\/\/noticiasemdestaque.com\/cd\/?p=4871#primaryimage\",\"url\":\"https:\/\/noticiasemdestaque.com\/cd\/wp-content\/uploads\/2017\/10\/enem_2017_enem_.jpg\",\"contentUrl\":\"https:\/\/noticiasemdestaque.com\/cd\/wp-content\/uploads\/2017\/10\/enem_2017_enem_.jpg\",\"width\":576,\"height\":324},{\"@type\":\"BreadcrumbList\",\"@id\":\"https:\/\/noticiasemdestaque.com\/cd\/?p=4871#breadcrumb\",\"itemListElement\":[{\"@type\":\"ListItem\",\"position\":1,\"name\":\"In\u00edcio\",\"item\":\"https:\/\/noticiasemdestaque.com\/cd\/\"},{\"@type\":\"ListItem\",\"position\":2,\"name\":\"Enem: cart\u00e3o de confirma\u00e7\u00e3o ser\u00e1 disponibilizado dia 20\"}]},{\"@type\":\"WebSite\",\"@id\":\"https:\/\/noticiasemdestaque.com\/cd\/#website\",\"url\":\"https:\/\/noticiasemdestaque.com\/cd\/\",\"name\":\"Not&iacute;cias em Destaque\",\"description\":\"\",\"publisher\":{\"@id\":\"https:\/\/noticiasemdestaque.com\/cd\/#organization\"},\"potentialAction\":[{\"@type\":\"SearchAction\",\"target\":{\"@type\":\"EntryPoint\",\"urlTemplate\":\"https:\/\/noticiasemdestaque.com\/cd\/?s={search_term_string}\"},\"query-input\":{\"@type\":\"PropertyValueSpecification\",\"valueRequired\":true,\"valueName\":\"search_term_string\"}}],\"inLanguage\":\"pt-BR\"},{\"@type\":\"Organization\",\"@id\":\"https:\/\/noticiasemdestaque.com\/cd\/#organization\",\"name\":\"Not\u00edcias em Destaque\",\"url\":\"https:\/\/noticiasemdestaque.com\/cd\/\",\"logo\":{\"@type\":\"ImageObject\",\"inLanguage\":\"pt-BR\",\"@id\":\"https:\/\/noticiasemdestaque.com\/cd\/#\/schema\/logo\/image\/\",\"url\":\"https:\/\/noticiasemdestaque.com\/cd\/wp-content\/uploads\/2022\/05\/imagem-base-noticiasemdestaque.png\",\"contentUrl\":\"https:\/\/noticiasemdestaque.com\/cd\/wp-content\/uploads\/2022\/05\/imagem-base-noticiasemdestaque.png\",\"width\":1200,\"height\":630,\"caption\":\"Not\u00edcias em Destaque\"},\"image\":{\"@id\":\"https:\/\/noticiasemdestaque.com\/cd\/#\/schema\/logo\/image\/\"}},{\"@type\":\"Person\",\"@id\":\"https:\/\/noticiasemdestaque.com\/cd\/#\/schema\/person\/21320b03a7e8bb90128938dafc9b908a\",\"name\":\"Not\u00edcias em Destaque\",\"url\":\"https:\/\/noticiasemdestaque.com\/cd\/?author=2\"}]}<\/script>\n<!-- \/ Yoast SEO plugin. -->","yoast_head_json":{"title":"Enem: cart\u00e3o de confirma\u00e7\u00e3o ser\u00e1 disponibilizado dia 20 - Not&iacute;cias em Destaque","robots":{"index":"index","follow":"follow","max-snippet":"max-snippet:-1","max-image-preview":"max-image-preview:large","max-video-preview":"max-video-preview:-1"},"canonical":"https:\/\/noticiasemdestaque.com\/cd\/?p=4871","og_locale":"pt_BR","og_type":"article","og_title":"Enem: cart\u00e3o de confirma\u00e7\u00e3o ser\u00e1 disponibilizado dia 20 - Not&iacute;cias em Destaque","og_description":"Os candidatos ao Exame Nacional do Ensino M\u00e9dio (Enem) 2017 poder\u00e3o acessar o cart\u00e3o de confirma\u00e7\u00e3o a partir do dia 20 de outubro. O documento cont\u00e9m local e hor\u00e1rio das provas, o n\u00famero de inscri\u00e7\u00e3o, a op\u00e7\u00e3o de l\u00edngua estrangeira, ingl\u00eas ou portugu\u00eas, e se o estudante pediu atendimento especializado. Para acessar o cart\u00e3o, o candidato dever\u00e1 informar o CPF e a senha cadastrada no momento da inscri\u00e7\u00e3o. As provas deste ano ser\u00e3o realizadas em dois domingos, nos dias 5 e 12 de novembro. Os port\u00f5es dos locais de prova ser\u00e3o abertos \u00e0s 12h e fechados pontualmente \u00e0s 13h. No dia 5 de novembro, os candidatos far\u00e3o provas de ci\u00eancias humanas, linguagens e reda\u00e7\u00e3o. Para isso, ser\u00e3o disponibilizadas 5h30 para fazer o exame. No dia 12, as provas ser\u00e3o de matem\u00e1tica e ci\u00eancias da natureza, que dever\u00e3o ser conclu\u00eddas em 4h30. O Enem 2017 ter\u00e1 provas personalizadas. Os cadernos de quest\u00f5es e o cart\u00f5es-resposta ter\u00e3o a identifica\u00e7\u00e3o com o nome e o n\u00famero de inscri\u00e7\u00e3o dos candidatos. Para melhorar a seguran\u00e7a, a organiza\u00e7\u00e3o do Exame tamb\u00e9m adotar\u00e1 detectores de pontos eletr\u00f4nicos e aparelhos de transmiss\u00e3o. Cronograma A publica\u00e7\u00e3o dos gabaritos e cadernos de quest\u00f5es ser\u00e1 feita no dia 16 de novembro. Os resultados individuais ser\u00e3o divulgados em janeiro de 2018, mas ainda n\u00e3o tem data confirmada. Em mar\u00e7o ser\u00e3o publicados os resultados de treineiros e os espelhos de reda\u00e7\u00e3o.","og_url":"https:\/\/noticiasemdestaque.com\/cd\/?p=4871","og_site_name":"Not&iacute;cias em Destaque","article_published_time":"2017-10-03T17:26:07+00:00","og_image":[{"width":576,"height":324,"url":"https:\/\/noticiasemdestaque.com\/cd\/wp-content\/uploads\/2017\/10\/enem_2017_enem_.jpg","type":"image\/jpeg"}],"author":"Not\u00edcias em Destaque","twitter_card":"summary_large_image","twitter_misc":{"Escrito por":"Not\u00edcias em Destaque","Est. tempo de leitura":"1 minuto"},"schema":{"@context":"https:\/\/schema.org","@graph":[{"@type":"Article","@id":"https:\/\/noticiasemdestaque.com\/cd\/?p=4871#article","isPartOf":{"@id":"https:\/\/noticiasemdestaque.com\/cd\/?p=4871"},"author":{"name":"Not\u00edcias em Destaque","@id":"https:\/\/noticiasemdestaque.com\/cd\/#\/schema\/person\/21320b03a7e8bb90128938dafc9b908a"},"headline":"Enem: cart\u00e3o de confirma\u00e7\u00e3o ser\u00e1 disponibilizado dia 20","datePublished":"2017-10-03T17:26:07+00:00","mainEntityOfPage":{"@id":"https:\/\/noticiasemdestaque.com\/cd\/?p=4871"},"wordCount":273,"publisher":{"@id":"https:\/\/noticiasemdestaque.com\/cd\/#organization"},"image":{"@id":"https:\/\/noticiasemdestaque.com\/cd\/?p=4871#primaryimage"},"thumbnailUrl":"https:\/\/noticiasemdestaque.com\/cd\/wp-content\/uploads\/2017\/10\/enem_2017_enem_.jpg","articleSection":["Educa\u00e7\u00e3o"],"inLanguage":"pt-BR"},{"@type":"WebPage","@id":"https:\/\/noticiasemdestaque.com\/cd\/?p=4871","url":"https:\/\/noticiasemdestaque.com\/cd\/?p=4871","name":"Enem: cart\u00e3o de confirma\u00e7\u00e3o ser\u00e1 disponibilizado dia 20 - Not&iacute;cias em Destaque","isPartOf":{"@id":"https:\/\/noticiasemdestaque.com\/cd\/#website"},"primaryImageOfPage":{"@id":"https:\/\/noticiasemdestaque.com\/cd\/?p=4871#primaryimage"},"image":{"@id":"https:\/\/noticiasemdestaque.com\/cd\/?p=4871#primaryimage"},"thumbnailUrl":"https:\/\/noticiasemdestaque.com\/cd\/wp-content\/uploads\/2017\/10\/enem_2017_enem_.jpg","datePublished":"2017-10-03T17:26:07+00:00","breadcrumb":{"@id":"https:\/\/noticiasemdestaque.com\/cd\/?p=4871#breadcrumb"},"inLanguage":"pt-BR","potentialAction":[{"@type":"ReadAction","target":["https:\/\/noticiasemdestaque.com\/cd\/?p=4871"]}]},{"@type":"ImageObject","inLanguage":"pt-BR","@id":"https:\/\/noticiasemdestaque.com\/cd\/?p=4871#primaryimage","url":"https:\/\/noticiasemdestaque.com\/cd\/wp-content\/uploads\/2017\/10\/enem_2017_enem_.jpg","contentUrl":"https:\/\/noticiasemdestaque.com\/cd\/wp-content\/uploads\/2017\/10\/enem_2017_enem_.jpg","width":576,"height":324},{"@type":"BreadcrumbList","@id":"https:\/\/noticiasemdestaque.com\/cd\/?p=4871#breadcrumb","itemListElement":[{"@type":"ListItem","position":1,"name":"In\u00edcio","item":"https:\/\/noticiasemdestaque.com\/cd\/"},{"@type":"ListItem","position":2,"name":"Enem: cart\u00e3o de confirma\u00e7\u00e3o ser\u00e1 disponibilizado dia 20"}]},{"@type":"WebSite","@id":"https:\/\/noticiasemdestaque.com\/cd\/#website","url":"https:\/\/noticiasemdestaque.com\/cd\/","name":"Not&iacute;cias em Destaque","description":"","publisher":{"@id":"https:\/\/noticiasemdestaque.com\/cd\/#organization"},"potentialAction":[{"@type":"SearchAction","target":{"@type":"EntryPoint","urlTemplate":"https:\/\/noticiasemdestaque.com\/cd\/?s={search_term_string}"},"query-input":{"@type":"PropertyValueSpecification","valueRequired":true,"valueName":"search_term_string"}}],"inLanguage":"pt-BR"},{"@type":"Organization","@id":"https:\/\/noticiasemdestaque.com\/cd\/#organization","name":"Not\u00edcias em Destaque","url":"https:\/\/noticiasemdestaque.com\/cd\/","logo":{"@type":"ImageObject","inLanguage":"pt-BR","@id":"https:\/\/noticiasemdestaque.com\/cd\/#\/schema\/logo\/image\/","url":"https:\/\/noticiasemdestaque.com\/cd\/wp-content\/uploads\/2022\/05\/imagem-base-noticiasemdestaque.png","contentUrl":"https:\/\/noticiasemdestaque.com\/cd\/wp-content\/uploads\/2022\/05\/imagem-base-noticiasemdestaque.png","width":1200,"height":630,"caption":"Not\u00edcias em Destaque"},"image":{"@id":"https:\/\/noticiasemdestaque.com\/cd\/#\/schema\/logo\/image\/"}},{"@type":"Person","@id":"https:\/\/noticiasemdestaque.com\/cd\/#\/schema\/person\/21320b03a7e8bb90128938dafc9b908a","name":"Not\u00edcias em Destaque","url":"https:\/\/noticiasemdestaque.com\/cd\/?author=2"}]}},"jetpack_featured_media_url":"https:\/\/noticiasemdestaque.com\/cd\/wp-content\/uploads\/2017\/10\/enem_2017_enem_.jpg","jetpack_sharing_enabled":true,"_links":{"self":[{"href":"https:\/\/noticiasemdestaque.com\/cd\/index.php?rest_route=\/wp\/v2\/posts\/4871","targetHints":{"allow":["GET"]}}],"collection":[{"href":"https:\/\/noticiasemdestaque.com\/cd\/index.php?rest_route=\/wp\/v2\/posts"}],"about":[{"href":"https:\/\/noticiasemdestaque.com\/cd\/index.php?rest_route=\/wp\/v2\/types\/post"}],"author":[{"embeddable":true,"href":"https:\/\/noticiasemdestaque.com\/cd\/index.php?rest_route=\/wp\/v2\/users\/2"}],"replies":[{"embeddable":true,"href":"https:\/\/noticiasemdestaque.com\/cd\/index.php?rest_route=%2Fwp%2Fv2%2Fcomments&post=4871"}],"version-history":[{"count":1,"href":"https:\/\/noticiasemdestaque.com\/cd\/index.php?rest_route=\/wp\/v2\/posts\/4871\/revisions"}],"predecessor-version":[{"id":4873,"href":"https:\/\/noticiasemdestaque.com\/cd\/index.php?rest_route=\/wp\/v2\/posts\/4871\/revisions\/4873"}],"wp:featuredmedia":[{"embeddable":true,"href":"https:\/\/noticiasemdestaque.com\/cd\/index.php?rest_route=\/wp\/v2\/media\/4872"}],"wp:attachment":[{"href":"https:\/\/noticiasemdestaque.com\/cd\/index.php?rest_route=%2Fwp%2Fv2%2Fmedia&parent=4871"}],"wp:term":[{"taxonomy":"category","embeddable":true,"href":"https:\/\/noticiasemdestaque.com\/cd\/index.php?rest_route=%2Fwp%2Fv2%2Fcategories&post=4871"},{"taxonomy":"post_tag","embeddable":true,"href":"https:\/\/noticiasemdestaque.com\/cd\/index.php?rest_route=%2Fwp%2Fv2%2Ftags&post=4871"}],"curies":[{"name":"wp","href":"https:\/\/api.w.org\/{rel}","templated":true}]}}