{"id":4868,"date":"2017-10-03T14:13:44","date_gmt":"2017-10-03T17:13:44","guid":{"rendered":"http:\/\/caririemdestaque.com\/cd\/?p=4868"},"modified":"2017-10-03T14:13:44","modified_gmt":"2017-10-03T17:13:44","slug":"torres-explica-salario-de-ricardo-coutinho-e-diz-oposicao-vai-morrer-frustrada-atras-de-algo-contra-ele","status":"publish","type":"post","link":"https:\/\/noticiasemdestaque.com\/cd\/?p=4868","title":{"rendered":"Torres explica sal\u00e1rio de Ricardo Coutinho e diz: \u201cOposi\u00e7\u00e3o vai morrer frustrada atr\u00e1s de algo contra ele\u201d"},"content":{"rendered":"<p><a href=\"http:\/\/caririemdestaque.com\/cd\/wp-content\/uploads\/2017\/10\/201605170502540000007510.jpg\"><img decoding=\"async\" class=\"size-thumbnail wp-image-4869 alignleft\" src=\"http:\/\/caririemdestaque.com\/cd\/wp-content\/uploads\/2017\/10\/201605170502540000007510-150x150.jpg\" alt=\"\" width=\"150\" height=\"150\" \/><\/a>O secret\u00e1rio de Comunica\u00e7\u00e3o do Estado Lu\u00eds Torres explicou na manh\u00e3 desta ter\u00e7a-feira (3) informa\u00e7\u00f5es acerca do sal\u00e1rio no valor de R$ 54,8 mil do governador Ricardo Coutinho (PSB) que consta no Sagres do Tribunal de Contas do Estado (TCE-PB) durante quatro meses, e que este montante estaria incomodando servidores com sal\u00e1rios congelados. O socialista assumiu o Governo do Estado em 2011, onde congelou o seu sal\u00e1rio e de todos os auxiliares. Torres explica que a remunera\u00e7\u00e3o continua congelada e referem-se a outros valores.<\/p>\n<p>\u201cIsso s\u00e3o f\u00e9rias que ele nunca tirou e nunca recebeu ao longo de todos esses anos. Al\u00e9m de ter o menor sal\u00e1rio de governador do Brasil, com 23 mil bruto e 16 mil l\u00edquidos\u201d, afirmou Lu\u00eds Torres ao Blog do Gordinho<\/p>\n<p>Ainda conforme Torres, \u00e9 \u201cdiferente da oposi\u00e7\u00e3o que, quando governou a Para\u00edba, vivia de f\u00e9rias e recebendo sal\u00e1rios\u201d. E seguiu tecendo cr\u00edticas aos opositores de Ricardo Coutinho. \u201cA oposi\u00e7\u00e3o na Para\u00edba vai morrer frustrada procurando algo contra o governador\u201d, disparou.<\/p>\n<p>O sal\u00e1rio de Ricardo Coutinho voltou ao normal \u2013 o valor de 23 mil brutos \u2013 no m\u00eas de setembro.<\/p>\n<p><strong><em>Cariri em Destaque<\/em><\/strong><\/p>\n<p>Com Blog do Gordinho<\/p>\n","protected":false},"excerpt":{"rendered":"<p>O secret\u00e1rio de Comunica\u00e7\u00e3o do Estado Lu\u00eds Torres explicou na manh\u00e3 desta ter\u00e7a-feira (3) informa\u00e7\u00f5es acerca do sal\u00e1rio no valor de R$ 54,8 mil do governador Ricardo Coutinho (PSB) que consta no Sagres do Tribunal de Contas do Estado (TCE-PB) durante quatro meses, e que este montante estaria incomodando servidores com sal\u00e1rios congelados. O socialista assumiu o Governo do Estado em 2011, onde congelou o seu sal\u00e1rio e de todos os auxiliares. Torres explica que a remunera\u00e7\u00e3o continua congelada e referem-se a outros valores. \u201cIsso s\u00e3o f\u00e9rias que ele nunca tirou e nunca recebeu ao longo de todos esses anos. Al\u00e9m de ter o menor sal\u00e1rio de governador do Brasil, com 23 mil bruto e 16 mil l\u00edquidos\u201d, afirmou Lu\u00eds Torres ao Blog do Gordinho Ainda conforme Torres, \u00e9 \u201cdiferente da oposi\u00e7\u00e3o que, quando governou a Para\u00edba, vivia de f\u00e9rias e recebendo sal\u00e1rios\u201d. E seguiu tecendo cr\u00edticas aos opositores de Ricardo Coutinho. \u201cA oposi\u00e7\u00e3o na Para\u00edba vai morrer frustrada procurando algo contra o governador\u201d, disparou. O sal\u00e1rio de Ricardo Coutinho voltou ao normal \u2013 o valor de 23 mil brutos \u2013 no m\u00eas de setembro. Cariri em Destaque Com Blog do Gordinho<\/p>\n","protected":false},"author":2,"featured_media":4869,"comment_status":"closed","ping_status":"open","sticky":false,"template":"","format":"standard","meta":{"_eb_attr":"","_jetpack_memberships_contains_paid_content":false,"footnotes":""},"categories":[4],"tags":[],"class_list":["post-4868","post","type-post","status-publish","format-standard","has-post-thumbnail","hentry","category-politica"],"yoast_head":"<!-- This site is optimized with the Yoast SEO plugin v26.5 - https:\/\/yoast.com\/wordpress\/plugins\/seo\/ -->\n<title>Torres explica sal\u00e1rio de Ricardo Coutinho e diz: \u201cOposi\u00e7\u00e3o vai morrer frustrada atr\u00e1s de algo contra ele\u201d - Not&iacute;cias em Destaque<\/title>\n<meta name=\"robots\" content=\"index, follow, max-snippet:-1, max-image-preview:large, max-video-preview:-1\" \/>\n<link rel=\"canonical\" href=\"https:\/\/noticiasemdestaque.com\/cd\/?p=4868\" \/>\n<meta property=\"og:locale\" content=\"pt_BR\" \/>\n<meta property=\"og:type\" content=\"article\" \/>\n<meta property=\"og:title\" content=\"Torres explica sal\u00e1rio de Ricardo Coutinho e diz: \u201cOposi\u00e7\u00e3o vai morrer frustrada atr\u00e1s de algo contra ele\u201d - Not&iacute;cias em Destaque\" \/>\n<meta property=\"og:description\" content=\"O secret\u00e1rio de Comunica\u00e7\u00e3o do Estado Lu\u00eds Torres explicou na manh\u00e3 desta ter\u00e7a-feira (3) informa\u00e7\u00f5es acerca do sal\u00e1rio no valor de R$ 54,8 mil do governador Ricardo Coutinho (PSB) que consta no Sagres do Tribunal de Contas do Estado (TCE-PB) durante quatro meses, e que este montante estaria incomodando servidores com sal\u00e1rios congelados. O socialista assumiu o Governo do Estado em 2011, onde congelou o seu sal\u00e1rio e de todos os auxiliares. Torres explica que a remunera\u00e7\u00e3o continua congelada e referem-se a outros valores. \u201cIsso s\u00e3o f\u00e9rias que ele nunca tirou e nunca recebeu ao longo de todos esses anos. Al\u00e9m de ter o menor sal\u00e1rio de governador do Brasil, com 23 mil bruto e 16 mil l\u00edquidos\u201d, afirmou Lu\u00eds Torres ao Blog do Gordinho Ainda conforme Torres, \u00e9 \u201cdiferente da oposi\u00e7\u00e3o que, quando governou a Para\u00edba, vivia de f\u00e9rias e recebendo sal\u00e1rios\u201d. E seguiu tecendo cr\u00edticas aos opositores de Ricardo Coutinho. \u201cA oposi\u00e7\u00e3o na Para\u00edba vai morrer frustrada procurando algo contra o governador\u201d, disparou. O sal\u00e1rio de Ricardo Coutinho voltou ao normal \u2013 o valor de 23 mil brutos \u2013 no m\u00eas de setembro. Cariri em Destaque Com Blog do Gordinho\" \/>\n<meta property=\"og:url\" content=\"https:\/\/noticiasemdestaque.com\/cd\/?p=4868\" \/>\n<meta property=\"og:site_name\" content=\"Not&iacute;cias em Destaque\" \/>\n<meta property=\"article:published_time\" content=\"2017-10-03T17:13:44+00:00\" \/>\n<meta property=\"og:image\" content=\"https:\/\/noticiasemdestaque.com\/cd\/wp-content\/uploads\/2017\/10\/201605170502540000007510.jpg\" \/>\n\t<meta property=\"og:image:width\" content=\"873\" \/>\n\t<meta property=\"og:image:height\" content=\"508\" \/>\n\t<meta property=\"og:image:type\" content=\"image\/jpeg\" \/>\n<meta name=\"author\" content=\"Not\u00edcias em Destaque\" \/>\n<meta name=\"twitter:card\" content=\"summary_large_image\" \/>\n<meta name=\"twitter:label1\" content=\"Escrito por\" \/>\n\t<meta name=\"twitter:data1\" content=\"Not\u00edcias em Destaque\" \/>\n\t<meta name=\"twitter:label2\" content=\"Est. tempo de leitura\" \/>\n\t<meta name=\"twitter:data2\" content=\"1 minuto\" \/>\n<script type=\"application\/ld+json\" class=\"yoast-schema-graph\">{\"@context\":\"https:\/\/schema.org\",\"@graph\":[{\"@type\":\"Article\",\"@id\":\"https:\/\/noticiasemdestaque.com\/cd\/?p=4868#article\",\"isPartOf\":{\"@id\":\"https:\/\/noticiasemdestaque.com\/cd\/?p=4868\"},\"author\":{\"name\":\"Not\u00edcias em Destaque\",\"@id\":\"https:\/\/noticiasemdestaque.com\/cd\/#\/schema\/person\/21320b03a7e8bb90128938dafc9b908a\"},\"headline\":\"Torres explica sal\u00e1rio de Ricardo Coutinho e diz: \u201cOposi\u00e7\u00e3o vai morrer frustrada atr\u00e1s de algo contra ele\u201d\",\"datePublished\":\"2017-10-03T17:13:44+00:00\",\"mainEntityOfPage\":{\"@id\":\"https:\/\/noticiasemdestaque.com\/cd\/?p=4868\"},\"wordCount\":227,\"publisher\":{\"@id\":\"https:\/\/noticiasemdestaque.com\/cd\/#organization\"},\"image\":{\"@id\":\"https:\/\/noticiasemdestaque.com\/cd\/?p=4868#primaryimage\"},\"thumbnailUrl\":\"https:\/\/noticiasemdestaque.com\/cd\/wp-content\/uploads\/2017\/10\/201605170502540000007510.jpg\",\"articleSection\":[\"Pol\u00edtica\"],\"inLanguage\":\"pt-BR\"},{\"@type\":\"WebPage\",\"@id\":\"https:\/\/noticiasemdestaque.com\/cd\/?p=4868\",\"url\":\"https:\/\/noticiasemdestaque.com\/cd\/?p=4868\",\"name\":\"Torres explica sal\u00e1rio de Ricardo Coutinho e diz: \u201cOposi\u00e7\u00e3o vai morrer frustrada atr\u00e1s de algo contra ele\u201d - Not&iacute;cias em Destaque\",\"isPartOf\":{\"@id\":\"https:\/\/noticiasemdestaque.com\/cd\/#website\"},\"primaryImageOfPage\":{\"@id\":\"https:\/\/noticiasemdestaque.com\/cd\/?p=4868#primaryimage\"},\"image\":{\"@id\":\"https:\/\/noticiasemdestaque.com\/cd\/?p=4868#primaryimage\"},\"thumbnailUrl\":\"https:\/\/noticiasemdestaque.com\/cd\/wp-content\/uploads\/2017\/10\/201605170502540000007510.jpg\",\"datePublished\":\"2017-10-03T17:13:44+00:00\",\"breadcrumb\":{\"@id\":\"https:\/\/noticiasemdestaque.com\/cd\/?p=4868#breadcrumb\"},\"inLanguage\":\"pt-BR\",\"potentialAction\":[{\"@type\":\"ReadAction\",\"target\":[\"https:\/\/noticiasemdestaque.com\/cd\/?p=4868\"]}]},{\"@type\":\"ImageObject\",\"inLanguage\":\"pt-BR\",\"@id\":\"https:\/\/noticiasemdestaque.com\/cd\/?p=4868#primaryimage\",\"url\":\"https:\/\/noticiasemdestaque.com\/cd\/wp-content\/uploads\/2017\/10\/201605170502540000007510.jpg\",\"contentUrl\":\"https:\/\/noticiasemdestaque.com\/cd\/wp-content\/uploads\/2017\/10\/201605170502540000007510.jpg\",\"width\":873,\"height\":508},{\"@type\":\"BreadcrumbList\",\"@id\":\"https:\/\/noticiasemdestaque.com\/cd\/?p=4868#breadcrumb\",\"itemListElement\":[{\"@type\":\"ListItem\",\"position\":1,\"name\":\"In\u00edcio\",\"item\":\"https:\/\/noticiasemdestaque.com\/cd\/\"},{\"@type\":\"ListItem\",\"position\":2,\"name\":\"Torres explica sal\u00e1rio de Ricardo Coutinho e diz: \u201cOposi\u00e7\u00e3o vai morrer frustrada atr\u00e1s de algo contra ele\u201d\"}]},{\"@type\":\"WebSite\",\"@id\":\"https:\/\/noticiasemdestaque.com\/cd\/#website\",\"url\":\"https:\/\/noticiasemdestaque.com\/cd\/\",\"name\":\"Not&iacute;cias em Destaque\",\"description\":\"\",\"publisher\":{\"@id\":\"https:\/\/noticiasemdestaque.com\/cd\/#organization\"},\"potentialAction\":[{\"@type\":\"SearchAction\",\"target\":{\"@type\":\"EntryPoint\",\"urlTemplate\":\"https:\/\/noticiasemdestaque.com\/cd\/?s={search_term_string}\"},\"query-input\":{\"@type\":\"PropertyValueSpecification\",\"valueRequired\":true,\"valueName\":\"search_term_string\"}}],\"inLanguage\":\"pt-BR\"},{\"@type\":\"Organization\",\"@id\":\"https:\/\/noticiasemdestaque.com\/cd\/#organization\",\"name\":\"Not\u00edcias em Destaque\",\"url\":\"https:\/\/noticiasemdestaque.com\/cd\/\",\"logo\":{\"@type\":\"ImageObject\",\"inLanguage\":\"pt-BR\",\"@id\":\"https:\/\/noticiasemdestaque.com\/cd\/#\/schema\/logo\/image\/\",\"url\":\"https:\/\/noticiasemdestaque.com\/cd\/wp-content\/uploads\/2022\/05\/imagem-base-noticiasemdestaque.png\",\"contentUrl\":\"https:\/\/noticiasemdestaque.com\/cd\/wp-content\/uploads\/2022\/05\/imagem-base-noticiasemdestaque.png\",\"width\":1200,\"height\":630,\"caption\":\"Not\u00edcias em Destaque\"},\"image\":{\"@id\":\"https:\/\/noticiasemdestaque.com\/cd\/#\/schema\/logo\/image\/\"}},{\"@type\":\"Person\",\"@id\":\"https:\/\/noticiasemdestaque.com\/cd\/#\/schema\/person\/21320b03a7e8bb90128938dafc9b908a\",\"name\":\"Not\u00edcias em Destaque\",\"url\":\"https:\/\/noticiasemdestaque.com\/cd\/?author=2\"}]}<\/script>\n<!-- \/ Yoast SEO plugin. -->","yoast_head_json":{"title":"Torres explica sal\u00e1rio de Ricardo Coutinho e diz: \u201cOposi\u00e7\u00e3o vai morrer frustrada atr\u00e1s de algo contra ele\u201d - Not&iacute;cias em Destaque","robots":{"index":"index","follow":"follow","max-snippet":"max-snippet:-1","max-image-preview":"max-image-preview:large","max-video-preview":"max-video-preview:-1"},"canonical":"https:\/\/noticiasemdestaque.com\/cd\/?p=4868","og_locale":"pt_BR","og_type":"article","og_title":"Torres explica sal\u00e1rio de Ricardo Coutinho e diz: \u201cOposi\u00e7\u00e3o vai morrer frustrada atr\u00e1s de algo contra ele\u201d - Not&iacute;cias em Destaque","og_description":"O secret\u00e1rio de Comunica\u00e7\u00e3o do Estado Lu\u00eds Torres explicou na manh\u00e3 desta ter\u00e7a-feira (3) informa\u00e7\u00f5es acerca do sal\u00e1rio no valor de R$ 54,8 mil do governador Ricardo Coutinho (PSB) que consta no Sagres do Tribunal de Contas do Estado (TCE-PB) durante quatro meses, e que este montante estaria incomodando servidores com sal\u00e1rios congelados. O socialista assumiu o Governo do Estado em 2011, onde congelou o seu sal\u00e1rio e de todos os auxiliares. Torres explica que a remunera\u00e7\u00e3o continua congelada e referem-se a outros valores. \u201cIsso s\u00e3o f\u00e9rias que ele nunca tirou e nunca recebeu ao longo de todos esses anos. Al\u00e9m de ter o menor sal\u00e1rio de governador do Brasil, com 23 mil bruto e 16 mil l\u00edquidos\u201d, afirmou Lu\u00eds Torres ao Blog do Gordinho Ainda conforme Torres, \u00e9 \u201cdiferente da oposi\u00e7\u00e3o que, quando governou a Para\u00edba, vivia de f\u00e9rias e recebendo sal\u00e1rios\u201d. E seguiu tecendo cr\u00edticas aos opositores de Ricardo Coutinho. \u201cA oposi\u00e7\u00e3o na Para\u00edba vai morrer frustrada procurando algo contra o governador\u201d, disparou. O sal\u00e1rio de Ricardo Coutinho voltou ao normal \u2013 o valor de 23 mil brutos \u2013 no m\u00eas de setembro. Cariri em Destaque Com Blog do Gordinho","og_url":"https:\/\/noticiasemdestaque.com\/cd\/?p=4868","og_site_name":"Not&iacute;cias em Destaque","article_published_time":"2017-10-03T17:13:44+00:00","og_image":[{"width":873,"height":508,"url":"https:\/\/noticiasemdestaque.com\/cd\/wp-content\/uploads\/2017\/10\/201605170502540000007510.jpg","type":"image\/jpeg"}],"author":"Not\u00edcias em Destaque","twitter_card":"summary_large_image","twitter_misc":{"Escrito por":"Not\u00edcias em Destaque","Est. tempo de leitura":"1 minuto"},"schema":{"@context":"https:\/\/schema.org","@graph":[{"@type":"Article","@id":"https:\/\/noticiasemdestaque.com\/cd\/?p=4868#article","isPartOf":{"@id":"https:\/\/noticiasemdestaque.com\/cd\/?p=4868"},"author":{"name":"Not\u00edcias em Destaque","@id":"https:\/\/noticiasemdestaque.com\/cd\/#\/schema\/person\/21320b03a7e8bb90128938dafc9b908a"},"headline":"Torres explica sal\u00e1rio de Ricardo Coutinho e diz: \u201cOposi\u00e7\u00e3o vai morrer frustrada atr\u00e1s de algo contra ele\u201d","datePublished":"2017-10-03T17:13:44+00:00","mainEntityOfPage":{"@id":"https:\/\/noticiasemdestaque.com\/cd\/?p=4868"},"wordCount":227,"publisher":{"@id":"https:\/\/noticiasemdestaque.com\/cd\/#organization"},"image":{"@id":"https:\/\/noticiasemdestaque.com\/cd\/?p=4868#primaryimage"},"thumbnailUrl":"https:\/\/noticiasemdestaque.com\/cd\/wp-content\/uploads\/2017\/10\/201605170502540000007510.jpg","articleSection":["Pol\u00edtica"],"inLanguage":"pt-BR"},{"@type":"WebPage","@id":"https:\/\/noticiasemdestaque.com\/cd\/?p=4868","url":"https:\/\/noticiasemdestaque.com\/cd\/?p=4868","name":"Torres explica sal\u00e1rio de Ricardo Coutinho e diz: \u201cOposi\u00e7\u00e3o vai morrer frustrada atr\u00e1s de algo contra ele\u201d - Not&iacute;cias em Destaque","isPartOf":{"@id":"https:\/\/noticiasemdestaque.com\/cd\/#website"},"primaryImageOfPage":{"@id":"https:\/\/noticiasemdestaque.com\/cd\/?p=4868#primaryimage"},"image":{"@id":"https:\/\/noticiasemdestaque.com\/cd\/?p=4868#primaryimage"},"thumbnailUrl":"https:\/\/noticiasemdestaque.com\/cd\/wp-content\/uploads\/2017\/10\/201605170502540000007510.jpg","datePublished":"2017-10-03T17:13:44+00:00","breadcrumb":{"@id":"https:\/\/noticiasemdestaque.com\/cd\/?p=4868#breadcrumb"},"inLanguage":"pt-BR","potentialAction":[{"@type":"ReadAction","target":["https:\/\/noticiasemdestaque.com\/cd\/?p=4868"]}]},{"@type":"ImageObject","inLanguage":"pt-BR","@id":"https:\/\/noticiasemdestaque.com\/cd\/?p=4868#primaryimage","url":"https:\/\/noticiasemdestaque.com\/cd\/wp-content\/uploads\/2017\/10\/201605170502540000007510.jpg","contentUrl":"https:\/\/noticiasemdestaque.com\/cd\/wp-content\/uploads\/2017\/10\/201605170502540000007510.jpg","width":873,"height":508},{"@type":"BreadcrumbList","@id":"https:\/\/noticiasemdestaque.com\/cd\/?p=4868#breadcrumb","itemListElement":[{"@type":"ListItem","position":1,"name":"In\u00edcio","item":"https:\/\/noticiasemdestaque.com\/cd\/"},{"@type":"ListItem","position":2,"name":"Torres explica sal\u00e1rio de Ricardo Coutinho e diz: \u201cOposi\u00e7\u00e3o vai morrer frustrada atr\u00e1s de algo contra ele\u201d"}]},{"@type":"WebSite","@id":"https:\/\/noticiasemdestaque.com\/cd\/#website","url":"https:\/\/noticiasemdestaque.com\/cd\/","name":"Not&iacute;cias em Destaque","description":"","publisher":{"@id":"https:\/\/noticiasemdestaque.com\/cd\/#organization"},"potentialAction":[{"@type":"SearchAction","target":{"@type":"EntryPoint","urlTemplate":"https:\/\/noticiasemdestaque.com\/cd\/?s={search_term_string}"},"query-input":{"@type":"PropertyValueSpecification","valueRequired":true,"valueName":"search_term_string"}}],"inLanguage":"pt-BR"},{"@type":"Organization","@id":"https:\/\/noticiasemdestaque.com\/cd\/#organization","name":"Not\u00edcias em Destaque","url":"https:\/\/noticiasemdestaque.com\/cd\/","logo":{"@type":"ImageObject","inLanguage":"pt-BR","@id":"https:\/\/noticiasemdestaque.com\/cd\/#\/schema\/logo\/image\/","url":"https:\/\/noticiasemdestaque.com\/cd\/wp-content\/uploads\/2022\/05\/imagem-base-noticiasemdestaque.png","contentUrl":"https:\/\/noticiasemdestaque.com\/cd\/wp-content\/uploads\/2022\/05\/imagem-base-noticiasemdestaque.png","width":1200,"height":630,"caption":"Not\u00edcias em Destaque"},"image":{"@id":"https:\/\/noticiasemdestaque.com\/cd\/#\/schema\/logo\/image\/"}},{"@type":"Person","@id":"https:\/\/noticiasemdestaque.com\/cd\/#\/schema\/person\/21320b03a7e8bb90128938dafc9b908a","name":"Not\u00edcias em Destaque","url":"https:\/\/noticiasemdestaque.com\/cd\/?author=2"}]}},"jetpack_featured_media_url":"https:\/\/noticiasemdestaque.com\/cd\/wp-content\/uploads\/2017\/10\/201605170502540000007510.jpg","jetpack_sharing_enabled":true,"_links":{"self":[{"href":"https:\/\/noticiasemdestaque.com\/cd\/index.php?rest_route=\/wp\/v2\/posts\/4868","targetHints":{"allow":["GET"]}}],"collection":[{"href":"https:\/\/noticiasemdestaque.com\/cd\/index.php?rest_route=\/wp\/v2\/posts"}],"about":[{"href":"https:\/\/noticiasemdestaque.com\/cd\/index.php?rest_route=\/wp\/v2\/types\/post"}],"author":[{"embeddable":true,"href":"https:\/\/noticiasemdestaque.com\/cd\/index.php?rest_route=\/wp\/v2\/users\/2"}],"replies":[{"embeddable":true,"href":"https:\/\/noticiasemdestaque.com\/cd\/index.php?rest_route=%2Fwp%2Fv2%2Fcomments&post=4868"}],"version-history":[{"count":1,"href":"https:\/\/noticiasemdestaque.com\/cd\/index.php?rest_route=\/wp\/v2\/posts\/4868\/revisions"}],"predecessor-version":[{"id":4870,"href":"https:\/\/noticiasemdestaque.com\/cd\/index.php?rest_route=\/wp\/v2\/posts\/4868\/revisions\/4870"}],"wp:featuredmedia":[{"embeddable":true,"href":"https:\/\/noticiasemdestaque.com\/cd\/index.php?rest_route=\/wp\/v2\/media\/4869"}],"wp:attachment":[{"href":"https:\/\/noticiasemdestaque.com\/cd\/index.php?rest_route=%2Fwp%2Fv2%2Fmedia&parent=4868"}],"wp:term":[{"taxonomy":"category","embeddable":true,"href":"https:\/\/noticiasemdestaque.com\/cd\/index.php?rest_route=%2Fwp%2Fv2%2Fcategories&post=4868"},{"taxonomy":"post_tag","embeddable":true,"href":"https:\/\/noticiasemdestaque.com\/cd\/index.php?rest_route=%2Fwp%2Fv2%2Ftags&post=4868"}],"curies":[{"name":"wp","href":"https:\/\/api.w.org\/{rel}","templated":true}]}}