{"id":4861,"date":"2017-10-03T14:05:30","date_gmt":"2017-10-03T17:05:30","guid":{"rendered":"http:\/\/caririemdestaque.com\/cd\/?p=4861"},"modified":"2017-10-03T14:05:30","modified_gmt":"2017-10-03T17:05:30","slug":"prefeitura-de-sume-planeja-nova-etapa-do-paa-com-distribuicao-de-frango-caipira","status":"publish","type":"post","link":"https:\/\/noticiasemdestaque.com\/cd\/?p=4861","title":{"rendered":"PREFEITURA DE SUM\u00c9 PLANEJA NOVA ETAPA DO PAA COM DISTRIBUI\u00c7\u00c3O DE FRANGO CAIPIRA"},"content":{"rendered":"<p><a href=\"http:\/\/caririemdestaque.com\/cd\/wp-content\/uploads\/2017\/10\/22090101_877681135727813_8884789178431160680_n.jpg\"><img fetchpriority=\"high\" decoding=\"async\" class=\"alignleft wp-image-4862 size-medium\" src=\"http:\/\/caririemdestaque.com\/cd\/wp-content\/uploads\/2017\/10\/22090101_877681135727813_8884789178431160680_n-300x169.jpg\" alt=\"\" width=\"300\" height=\"169\" srcset=\"https:\/\/noticiasemdestaque.com\/cd\/wp-content\/uploads\/2017\/10\/22090101_877681135727813_8884789178431160680_n-300x169.jpg 300w, https:\/\/noticiasemdestaque.com\/cd\/wp-content\/uploads\/2017\/10\/22090101_877681135727813_8884789178431160680_n-768x432.jpg 768w, https:\/\/noticiasemdestaque.com\/cd\/wp-content\/uploads\/2017\/10\/22090101_877681135727813_8884789178431160680_n.jpg 960w\" sizes=\"(max-width: 300px) 100vw, 300px\" \/><\/a>No \u00faltimo final de semana, o prefeito \u00c9den Duarte se reuniu com os membros da Associa\u00e7\u00e3o dos Avicultores do Munic\u00edpio de Sum\u00e9 para tratar sobre a pr\u00f3xima etapa do Programa de Aquisi\u00e7\u00e3o de Alimentos (PAA), que ter\u00e1 como fornecedores os avicultores de Sum\u00e9.<\/p>\n<p>A a\u00e7\u00e3o faz parte do Plano Municipal de Seguran\u00e7a Alimentar e Nutricional que objetiva promover pol\u00edticas que promovem o direito \u00e0 alimenta\u00e7\u00e3o a<span class=\"text_exposed_show\">dequada e nutricional da popula\u00e7\u00e3o, garantindo comida \u00e0s fam\u00edlias de baixa renda, no campo e na cidade.<\/span><\/p>\n<div class=\"text_exposed_show\">\n<p>Ap\u00f3s a distribui\u00e7\u00e3o de latic\u00ednios, a Prefeitura agora ir\u00e1 fazer as etapas de entrega de frango caipira, a Conab compra os produtos aos agricultores familiares e faz a entrega ao munic\u00edpio atrav\u00e9s do CRAS, que distribui \u00e0s fam\u00edlias em situa\u00e7\u00e3o de inseguran\u00e7a alimentar, \u00e0quelas inscritas no Cadastro \u00danico do Governo Federal (Cad\u00danico).<\/p>\n<p>A previs\u00e3o para come\u00e7ar esta nova etapa de distribui\u00e7\u00e3o \u00e9 janeiro de 2018. Ser\u00e3o distribu\u00eddos 17 mil kg de frango caipira a cerca de 2.000 pessoas, divididas em 300 fam\u00edlias.<\/p>\n<p>O Plano Municipal de Seguran\u00e7a Alimentar e Nutricional, al\u00e9m de promover o acesso \u00e0 alimenta\u00e7\u00e3o, incentiva a agricultura familiar comprando alimentos produzidos pelos pequenos agricultores, gerando renda para estes grupos.<\/p>\n<p><em><strong>Cariri em Destaque<\/strong><\/em><\/p>\n<p>Com Ascom\/PMS<\/p>\n<\/div>\n","protected":false},"excerpt":{"rendered":"<p>No \u00faltimo final de semana, o prefeito \u00c9den Duarte se reuniu com os membros da Associa\u00e7\u00e3o dos Avicultores do Munic\u00edpio de Sum\u00e9 para tratar sobre a pr\u00f3xima etapa do Programa de Aquisi\u00e7\u00e3o de Alimentos (PAA), que ter\u00e1 como fornecedores os avicultores de Sum\u00e9. A a\u00e7\u00e3o faz parte do Plano Municipal de Seguran\u00e7a Alimentar e Nutricional que objetiva promover pol\u00edticas que promovem o direito \u00e0 alimenta\u00e7\u00e3o adequada e nutricional da popula\u00e7\u00e3o, garantindo comida \u00e0s fam\u00edlias de baixa renda, no campo e na cidade. Ap\u00f3s a distribui\u00e7\u00e3o de latic\u00ednios, a Prefeitura agora ir\u00e1 fazer as etapas de entrega de frango caipira, a Conab compra os produtos aos agricultores familiares e faz a entrega ao munic\u00edpio atrav\u00e9s do CRAS, que distribui \u00e0s fam\u00edlias em situa\u00e7\u00e3o de inseguran\u00e7a alimentar, \u00e0quelas inscritas no Cadastro \u00danico do Governo Federal (Cad\u00danico). A previs\u00e3o para come\u00e7ar esta nova etapa de distribui\u00e7\u00e3o \u00e9 janeiro de 2018. Ser\u00e3o distribu\u00eddos 17 mil kg de frango caipira a cerca de 2.000 pessoas, divididas em 300 fam\u00edlias. O Plano Municipal de Seguran\u00e7a Alimentar e Nutricional, al\u00e9m de promover o acesso \u00e0 alimenta\u00e7\u00e3o, incentiva a agricultura familiar comprando alimentos produzidos pelos pequenos agricultores, gerando renda para estes grupos. Cariri em Destaque Com Ascom\/PMS<\/p>\n","protected":false},"author":2,"featured_media":4863,"comment_status":"closed","ping_status":"open","sticky":false,"template":"","format":"standard","meta":{"_eb_attr":"","_jetpack_memberships_contains_paid_content":false,"footnotes":""},"categories":[3],"tags":[],"class_list":["post-4861","post","type-post","status-publish","format-standard","has-post-thumbnail","hentry","category-cidades"],"yoast_head":"<!-- This site is optimized with the Yoast SEO plugin v26.5 - https:\/\/yoast.com\/wordpress\/plugins\/seo\/ -->\n<title>PREFEITURA DE SUM\u00c9 PLANEJA NOVA ETAPA DO PAA COM DISTRIBUI\u00c7\u00c3O DE FRANGO CAIPIRA - Not&iacute;cias em Destaque<\/title>\n<meta name=\"robots\" content=\"index, follow, max-snippet:-1, max-image-preview:large, max-video-preview:-1\" \/>\n<link rel=\"canonical\" href=\"https:\/\/noticiasemdestaque.com\/cd\/?p=4861\" \/>\n<meta property=\"og:locale\" content=\"pt_BR\" \/>\n<meta property=\"og:type\" content=\"article\" \/>\n<meta property=\"og:title\" content=\"PREFEITURA DE SUM\u00c9 PLANEJA NOVA ETAPA DO PAA COM DISTRIBUI\u00c7\u00c3O DE FRANGO CAIPIRA - Not&iacute;cias em Destaque\" \/>\n<meta property=\"og:description\" content=\"No \u00faltimo final de semana, o prefeito \u00c9den Duarte se reuniu com os membros da Associa\u00e7\u00e3o dos Avicultores do Munic\u00edpio de Sum\u00e9 para tratar sobre a pr\u00f3xima etapa do Programa de Aquisi\u00e7\u00e3o de Alimentos (PAA), que ter\u00e1 como fornecedores os avicultores de Sum\u00e9. A a\u00e7\u00e3o faz parte do Plano Municipal de Seguran\u00e7a Alimentar e Nutricional que objetiva promover pol\u00edticas que promovem o direito \u00e0 alimenta\u00e7\u00e3o adequada e nutricional da popula\u00e7\u00e3o, garantindo comida \u00e0s fam\u00edlias de baixa renda, no campo e na cidade. Ap\u00f3s a distribui\u00e7\u00e3o de latic\u00ednios, a Prefeitura agora ir\u00e1 fazer as etapas de entrega de frango caipira, a Conab compra os produtos aos agricultores familiares e faz a entrega ao munic\u00edpio atrav\u00e9s do CRAS, que distribui \u00e0s fam\u00edlias em situa\u00e7\u00e3o de inseguran\u00e7a alimentar, \u00e0quelas inscritas no Cadastro \u00danico do Governo Federal (Cad\u00danico). A previs\u00e3o para come\u00e7ar esta nova etapa de distribui\u00e7\u00e3o \u00e9 janeiro de 2018. Ser\u00e3o distribu\u00eddos 17 mil kg de frango caipira a cerca de 2.000 pessoas, divididas em 300 fam\u00edlias. O Plano Municipal de Seguran\u00e7a Alimentar e Nutricional, al\u00e9m de promover o acesso \u00e0 alimenta\u00e7\u00e3o, incentiva a agricultura familiar comprando alimentos produzidos pelos pequenos agricultores, gerando renda para estes grupos. Cariri em Destaque Com Ascom\/PMS\" \/>\n<meta property=\"og:url\" content=\"https:\/\/noticiasemdestaque.com\/cd\/?p=4861\" \/>\n<meta property=\"og:site_name\" content=\"Not&iacute;cias em Destaque\" \/>\n<meta property=\"article:published_time\" content=\"2017-10-03T17:05:30+00:00\" \/>\n<meta property=\"og:image\" content=\"https:\/\/noticiasemdestaque.com\/cd\/wp-content\/uploads\/2017\/10\/22140794_877681132394480_699382549841755412_n.jpg\" \/>\n\t<meta property=\"og:image:width\" content=\"960\" \/>\n\t<meta property=\"og:image:height\" content=\"540\" \/>\n\t<meta property=\"og:image:type\" content=\"image\/jpeg\" \/>\n<meta name=\"author\" content=\"Not\u00edcias em Destaque\" \/>\n<meta name=\"twitter:card\" content=\"summary_large_image\" \/>\n<meta name=\"twitter:label1\" content=\"Escrito por\" \/>\n\t<meta name=\"twitter:data1\" content=\"Not\u00edcias em Destaque\" \/>\n\t<meta name=\"twitter:label2\" content=\"Est. tempo de leitura\" \/>\n\t<meta name=\"twitter:data2\" content=\"1 minuto\" \/>\n<script type=\"application\/ld+json\" class=\"yoast-schema-graph\">{\"@context\":\"https:\/\/schema.org\",\"@graph\":[{\"@type\":\"Article\",\"@id\":\"https:\/\/noticiasemdestaque.com\/cd\/?p=4861#article\",\"isPartOf\":{\"@id\":\"https:\/\/noticiasemdestaque.com\/cd\/?p=4861\"},\"author\":{\"name\":\"Not\u00edcias em Destaque\",\"@id\":\"https:\/\/noticiasemdestaque.com\/cd\/#\/schema\/person\/21320b03a7e8bb90128938dafc9b908a\"},\"headline\":\"PREFEITURA DE SUM\u00c9 PLANEJA NOVA ETAPA DO PAA COM DISTRIBUI\u00c7\u00c3O DE FRANGO CAIPIRA\",\"datePublished\":\"2017-10-03T17:05:30+00:00\",\"mainEntityOfPage\":{\"@id\":\"https:\/\/noticiasemdestaque.com\/cd\/?p=4861\"},\"wordCount\":235,\"publisher\":{\"@id\":\"https:\/\/noticiasemdestaque.com\/cd\/#organization\"},\"image\":{\"@id\":\"https:\/\/noticiasemdestaque.com\/cd\/?p=4861#primaryimage\"},\"thumbnailUrl\":\"https:\/\/noticiasemdestaque.com\/cd\/wp-content\/uploads\/2017\/10\/22140794_877681132394480_699382549841755412_n.jpg\",\"articleSection\":[\"Cidades\"],\"inLanguage\":\"pt-BR\"},{\"@type\":\"WebPage\",\"@id\":\"https:\/\/noticiasemdestaque.com\/cd\/?p=4861\",\"url\":\"https:\/\/noticiasemdestaque.com\/cd\/?p=4861\",\"name\":\"PREFEITURA DE SUM\u00c9 PLANEJA NOVA ETAPA DO PAA COM DISTRIBUI\u00c7\u00c3O DE FRANGO CAIPIRA - Not&iacute;cias em Destaque\",\"isPartOf\":{\"@id\":\"https:\/\/noticiasemdestaque.com\/cd\/#website\"},\"primaryImageOfPage\":{\"@id\":\"https:\/\/noticiasemdestaque.com\/cd\/?p=4861#primaryimage\"},\"image\":{\"@id\":\"https:\/\/noticiasemdestaque.com\/cd\/?p=4861#primaryimage\"},\"thumbnailUrl\":\"https:\/\/noticiasemdestaque.com\/cd\/wp-content\/uploads\/2017\/10\/22140794_877681132394480_699382549841755412_n.jpg\",\"datePublished\":\"2017-10-03T17:05:30+00:00\",\"breadcrumb\":{\"@id\":\"https:\/\/noticiasemdestaque.com\/cd\/?p=4861#breadcrumb\"},\"inLanguage\":\"pt-BR\",\"potentialAction\":[{\"@type\":\"ReadAction\",\"target\":[\"https:\/\/noticiasemdestaque.com\/cd\/?p=4861\"]}]},{\"@type\":\"ImageObject\",\"inLanguage\":\"pt-BR\",\"@id\":\"https:\/\/noticiasemdestaque.com\/cd\/?p=4861#primaryimage\",\"url\":\"https:\/\/noticiasemdestaque.com\/cd\/wp-content\/uploads\/2017\/10\/22140794_877681132394480_699382549841755412_n.jpg\",\"contentUrl\":\"https:\/\/noticiasemdestaque.com\/cd\/wp-content\/uploads\/2017\/10\/22140794_877681132394480_699382549841755412_n.jpg\",\"width\":960,\"height\":540},{\"@type\":\"BreadcrumbList\",\"@id\":\"https:\/\/noticiasemdestaque.com\/cd\/?p=4861#breadcrumb\",\"itemListElement\":[{\"@type\":\"ListItem\",\"position\":1,\"name\":\"In\u00edcio\",\"item\":\"https:\/\/noticiasemdestaque.com\/cd\/\"},{\"@type\":\"ListItem\",\"position\":2,\"name\":\"PREFEITURA DE SUM\u00c9 PLANEJA NOVA ETAPA DO PAA COM DISTRIBUI\u00c7\u00c3O DE FRANGO CAIPIRA\"}]},{\"@type\":\"WebSite\",\"@id\":\"https:\/\/noticiasemdestaque.com\/cd\/#website\",\"url\":\"https:\/\/noticiasemdestaque.com\/cd\/\",\"name\":\"Not&iacute;cias em Destaque\",\"description\":\"\",\"publisher\":{\"@id\":\"https:\/\/noticiasemdestaque.com\/cd\/#organization\"},\"potentialAction\":[{\"@type\":\"SearchAction\",\"target\":{\"@type\":\"EntryPoint\",\"urlTemplate\":\"https:\/\/noticiasemdestaque.com\/cd\/?s={search_term_string}\"},\"query-input\":{\"@type\":\"PropertyValueSpecification\",\"valueRequired\":true,\"valueName\":\"search_term_string\"}}],\"inLanguage\":\"pt-BR\"},{\"@type\":\"Organization\",\"@id\":\"https:\/\/noticiasemdestaque.com\/cd\/#organization\",\"name\":\"Not\u00edcias em Destaque\",\"url\":\"https:\/\/noticiasemdestaque.com\/cd\/\",\"logo\":{\"@type\":\"ImageObject\",\"inLanguage\":\"pt-BR\",\"@id\":\"https:\/\/noticiasemdestaque.com\/cd\/#\/schema\/logo\/image\/\",\"url\":\"https:\/\/noticiasemdestaque.com\/cd\/wp-content\/uploads\/2022\/05\/imagem-base-noticiasemdestaque.png\",\"contentUrl\":\"https:\/\/noticiasemdestaque.com\/cd\/wp-content\/uploads\/2022\/05\/imagem-base-noticiasemdestaque.png\",\"width\":1200,\"height\":630,\"caption\":\"Not\u00edcias em Destaque\"},\"image\":{\"@id\":\"https:\/\/noticiasemdestaque.com\/cd\/#\/schema\/logo\/image\/\"}},{\"@type\":\"Person\",\"@id\":\"https:\/\/noticiasemdestaque.com\/cd\/#\/schema\/person\/21320b03a7e8bb90128938dafc9b908a\",\"name\":\"Not\u00edcias em Destaque\",\"url\":\"https:\/\/noticiasemdestaque.com\/cd\/?author=2\"}]}<\/script>\n<!-- \/ Yoast SEO plugin. -->","yoast_head_json":{"title":"PREFEITURA DE SUM\u00c9 PLANEJA NOVA ETAPA DO PAA COM DISTRIBUI\u00c7\u00c3O DE FRANGO CAIPIRA - Not&iacute;cias em Destaque","robots":{"index":"index","follow":"follow","max-snippet":"max-snippet:-1","max-image-preview":"max-image-preview:large","max-video-preview":"max-video-preview:-1"},"canonical":"https:\/\/noticiasemdestaque.com\/cd\/?p=4861","og_locale":"pt_BR","og_type":"article","og_title":"PREFEITURA DE SUM\u00c9 PLANEJA NOVA ETAPA DO PAA COM DISTRIBUI\u00c7\u00c3O DE FRANGO CAIPIRA - Not&iacute;cias em Destaque","og_description":"No \u00faltimo final de semana, o prefeito \u00c9den Duarte se reuniu com os membros da Associa\u00e7\u00e3o dos Avicultores do Munic\u00edpio de Sum\u00e9 para tratar sobre a pr\u00f3xima etapa do Programa de Aquisi\u00e7\u00e3o de Alimentos (PAA), que ter\u00e1 como fornecedores os avicultores de Sum\u00e9. A a\u00e7\u00e3o faz parte do Plano Municipal de Seguran\u00e7a Alimentar e Nutricional que objetiva promover pol\u00edticas que promovem o direito \u00e0 alimenta\u00e7\u00e3o adequada e nutricional da popula\u00e7\u00e3o, garantindo comida \u00e0s fam\u00edlias de baixa renda, no campo e na cidade. Ap\u00f3s a distribui\u00e7\u00e3o de latic\u00ednios, a Prefeitura agora ir\u00e1 fazer as etapas de entrega de frango caipira, a Conab compra os produtos aos agricultores familiares e faz a entrega ao munic\u00edpio atrav\u00e9s do CRAS, que distribui \u00e0s fam\u00edlias em situa\u00e7\u00e3o de inseguran\u00e7a alimentar, \u00e0quelas inscritas no Cadastro \u00danico do Governo Federal (Cad\u00danico). A previs\u00e3o para come\u00e7ar esta nova etapa de distribui\u00e7\u00e3o \u00e9 janeiro de 2018. Ser\u00e3o distribu\u00eddos 17 mil kg de frango caipira a cerca de 2.000 pessoas, divididas em 300 fam\u00edlias. O Plano Municipal de Seguran\u00e7a Alimentar e Nutricional, al\u00e9m de promover o acesso \u00e0 alimenta\u00e7\u00e3o, incentiva a agricultura familiar comprando alimentos produzidos pelos pequenos agricultores, gerando renda para estes grupos. Cariri em Destaque Com Ascom\/PMS","og_url":"https:\/\/noticiasemdestaque.com\/cd\/?p=4861","og_site_name":"Not&iacute;cias em Destaque","article_published_time":"2017-10-03T17:05:30+00:00","og_image":[{"width":960,"height":540,"url":"https:\/\/noticiasemdestaque.com\/cd\/wp-content\/uploads\/2017\/10\/22140794_877681132394480_699382549841755412_n.jpg","type":"image\/jpeg"}],"author":"Not\u00edcias em Destaque","twitter_card":"summary_large_image","twitter_misc":{"Escrito por":"Not\u00edcias em Destaque","Est. tempo de leitura":"1 minuto"},"schema":{"@context":"https:\/\/schema.org","@graph":[{"@type":"Article","@id":"https:\/\/noticiasemdestaque.com\/cd\/?p=4861#article","isPartOf":{"@id":"https:\/\/noticiasemdestaque.com\/cd\/?p=4861"},"author":{"name":"Not\u00edcias em Destaque","@id":"https:\/\/noticiasemdestaque.com\/cd\/#\/schema\/person\/21320b03a7e8bb90128938dafc9b908a"},"headline":"PREFEITURA DE SUM\u00c9 PLANEJA NOVA ETAPA DO PAA COM DISTRIBUI\u00c7\u00c3O DE FRANGO CAIPIRA","datePublished":"2017-10-03T17:05:30+00:00","mainEntityOfPage":{"@id":"https:\/\/noticiasemdestaque.com\/cd\/?p=4861"},"wordCount":235,"publisher":{"@id":"https:\/\/noticiasemdestaque.com\/cd\/#organization"},"image":{"@id":"https:\/\/noticiasemdestaque.com\/cd\/?p=4861#primaryimage"},"thumbnailUrl":"https:\/\/noticiasemdestaque.com\/cd\/wp-content\/uploads\/2017\/10\/22140794_877681132394480_699382549841755412_n.jpg","articleSection":["Cidades"],"inLanguage":"pt-BR"},{"@type":"WebPage","@id":"https:\/\/noticiasemdestaque.com\/cd\/?p=4861","url":"https:\/\/noticiasemdestaque.com\/cd\/?p=4861","name":"PREFEITURA DE SUM\u00c9 PLANEJA NOVA ETAPA DO PAA COM DISTRIBUI\u00c7\u00c3O DE FRANGO CAIPIRA - Not&iacute;cias em Destaque","isPartOf":{"@id":"https:\/\/noticiasemdestaque.com\/cd\/#website"},"primaryImageOfPage":{"@id":"https:\/\/noticiasemdestaque.com\/cd\/?p=4861#primaryimage"},"image":{"@id":"https:\/\/noticiasemdestaque.com\/cd\/?p=4861#primaryimage"},"thumbnailUrl":"https:\/\/noticiasemdestaque.com\/cd\/wp-content\/uploads\/2017\/10\/22140794_877681132394480_699382549841755412_n.jpg","datePublished":"2017-10-03T17:05:30+00:00","breadcrumb":{"@id":"https:\/\/noticiasemdestaque.com\/cd\/?p=4861#breadcrumb"},"inLanguage":"pt-BR","potentialAction":[{"@type":"ReadAction","target":["https:\/\/noticiasemdestaque.com\/cd\/?p=4861"]}]},{"@type":"ImageObject","inLanguage":"pt-BR","@id":"https:\/\/noticiasemdestaque.com\/cd\/?p=4861#primaryimage","url":"https:\/\/noticiasemdestaque.com\/cd\/wp-content\/uploads\/2017\/10\/22140794_877681132394480_699382549841755412_n.jpg","contentUrl":"https:\/\/noticiasemdestaque.com\/cd\/wp-content\/uploads\/2017\/10\/22140794_877681132394480_699382549841755412_n.jpg","width":960,"height":540},{"@type":"BreadcrumbList","@id":"https:\/\/noticiasemdestaque.com\/cd\/?p=4861#breadcrumb","itemListElement":[{"@type":"ListItem","position":1,"name":"In\u00edcio","item":"https:\/\/noticiasemdestaque.com\/cd\/"},{"@type":"ListItem","position":2,"name":"PREFEITURA DE SUM\u00c9 PLANEJA NOVA ETAPA DO PAA COM DISTRIBUI\u00c7\u00c3O DE FRANGO CAIPIRA"}]},{"@type":"WebSite","@id":"https:\/\/noticiasemdestaque.com\/cd\/#website","url":"https:\/\/noticiasemdestaque.com\/cd\/","name":"Not&iacute;cias em Destaque","description":"","publisher":{"@id":"https:\/\/noticiasemdestaque.com\/cd\/#organization"},"potentialAction":[{"@type":"SearchAction","target":{"@type":"EntryPoint","urlTemplate":"https:\/\/noticiasemdestaque.com\/cd\/?s={search_term_string}"},"query-input":{"@type":"PropertyValueSpecification","valueRequired":true,"valueName":"search_term_string"}}],"inLanguage":"pt-BR"},{"@type":"Organization","@id":"https:\/\/noticiasemdestaque.com\/cd\/#organization","name":"Not\u00edcias em Destaque","url":"https:\/\/noticiasemdestaque.com\/cd\/","logo":{"@type":"ImageObject","inLanguage":"pt-BR","@id":"https:\/\/noticiasemdestaque.com\/cd\/#\/schema\/logo\/image\/","url":"https:\/\/noticiasemdestaque.com\/cd\/wp-content\/uploads\/2022\/05\/imagem-base-noticiasemdestaque.png","contentUrl":"https:\/\/noticiasemdestaque.com\/cd\/wp-content\/uploads\/2022\/05\/imagem-base-noticiasemdestaque.png","width":1200,"height":630,"caption":"Not\u00edcias em Destaque"},"image":{"@id":"https:\/\/noticiasemdestaque.com\/cd\/#\/schema\/logo\/image\/"}},{"@type":"Person","@id":"https:\/\/noticiasemdestaque.com\/cd\/#\/schema\/person\/21320b03a7e8bb90128938dafc9b908a","name":"Not\u00edcias em Destaque","url":"https:\/\/noticiasemdestaque.com\/cd\/?author=2"}]}},"jetpack_featured_media_url":"https:\/\/noticiasemdestaque.com\/cd\/wp-content\/uploads\/2017\/10\/22140794_877681132394480_699382549841755412_n.jpg","jetpack_sharing_enabled":true,"_links":{"self":[{"href":"https:\/\/noticiasemdestaque.com\/cd\/index.php?rest_route=\/wp\/v2\/posts\/4861","targetHints":{"allow":["GET"]}}],"collection":[{"href":"https:\/\/noticiasemdestaque.com\/cd\/index.php?rest_route=\/wp\/v2\/posts"}],"about":[{"href":"https:\/\/noticiasemdestaque.com\/cd\/index.php?rest_route=\/wp\/v2\/types\/post"}],"author":[{"embeddable":true,"href":"https:\/\/noticiasemdestaque.com\/cd\/index.php?rest_route=\/wp\/v2\/users\/2"}],"replies":[{"embeddable":true,"href":"https:\/\/noticiasemdestaque.com\/cd\/index.php?rest_route=%2Fwp%2Fv2%2Fcomments&post=4861"}],"version-history":[{"count":1,"href":"https:\/\/noticiasemdestaque.com\/cd\/index.php?rest_route=\/wp\/v2\/posts\/4861\/revisions"}],"predecessor-version":[{"id":4864,"href":"https:\/\/noticiasemdestaque.com\/cd\/index.php?rest_route=\/wp\/v2\/posts\/4861\/revisions\/4864"}],"wp:featuredmedia":[{"embeddable":true,"href":"https:\/\/noticiasemdestaque.com\/cd\/index.php?rest_route=\/wp\/v2\/media\/4863"}],"wp:attachment":[{"href":"https:\/\/noticiasemdestaque.com\/cd\/index.php?rest_route=%2Fwp%2Fv2%2Fmedia&parent=4861"}],"wp:term":[{"taxonomy":"category","embeddable":true,"href":"https:\/\/noticiasemdestaque.com\/cd\/index.php?rest_route=%2Fwp%2Fv2%2Fcategories&post=4861"},{"taxonomy":"post_tag","embeddable":true,"href":"https:\/\/noticiasemdestaque.com\/cd\/index.php?rest_route=%2Fwp%2Fv2%2Ftags&post=4861"}],"curies":[{"name":"wp","href":"https:\/\/api.w.org\/{rel}","templated":true}]}}