{"id":4853,"date":"2017-10-02T14:31:04","date_gmt":"2017-10-02T17:31:04","guid":{"rendered":"http:\/\/caririemdestaque.com\/cd\/?p=4853"},"modified":"2017-10-02T14:31:04","modified_gmt":"2017-10-02T17:31:04","slug":"datafolha-54-querem-lula-preso-e-89-que-temer-seja-denunciado","status":"publish","type":"post","link":"https:\/\/noticiasemdestaque.com\/cd\/?p=4853","title":{"rendered":"Datafolha: 54% querem Lula preso e 89% que Temer seja denunciado"},"content":{"rendered":"<p><a href=\"http:\/\/caririemdestaque.com\/cd\/wp-content\/uploads\/2017\/10\/02-10-2017.123740_2.jpg\"><img fetchpriority=\"high\" decoding=\"async\" class=\"alignleft wp-image-4854 size-medium\" src=\"http:\/\/caririemdestaque.com\/cd\/wp-content\/uploads\/2017\/10\/02-10-2017.123740_2-300x189.jpg\" alt=\"\" width=\"300\" height=\"189\" srcset=\"https:\/\/noticiasemdestaque.com\/cd\/wp-content\/uploads\/2017\/10\/02-10-2017.123740_2-300x189.jpg 300w, https:\/\/noticiasemdestaque.com\/cd\/wp-content\/uploads\/2017\/10\/02-10-2017.123740_2.jpg 380w\" sizes=\"(max-width: 300px) 100vw, 300px\" \/><\/a>Pesquisa do instituto Datafolha divulgada nesta segunda-feira (2) pelo jornal \u201cFolha de S.Paulo\u201d aponta que 54% dos entrevistados consideram que o ex-presidente Luiz In\u00e1cio Lula da Silva (PT) deveria ser preso com base nas informa\u00e7\u00f5es reveladas pela Opera\u00e7\u00e3o Lava Jato.<\/p>\n<p>O petista foi condenado em julho pelo juiz federal S\u00e9rgio Moro a 9 anos e 6 meses de pris\u00e3o pelos crimes de corrup\u00e7\u00e3o passiva e de lavagem de dinheiro. Ainda cabe recurso da condena\u00e7\u00e3o.<\/p>\n<p>No mesmo levantamento, o Datafolha registrou que 89% dos entrevistados avaliam que a C\u00e2mara dos Deputados deve autorizar o Supremo Tribunal Federal (STF) a analisar a den\u00fancia por organiza\u00e7\u00e3o criminosa e obstru\u00e7\u00e3o de Justi\u00e7a apresentada contra o presidente Michel Temer.<\/p>\n<p>Em 14 de setembro, o ent\u00e3o procurador-geral da Rep\u00fablica, Rodrigo Janot, apresentou ao STF uma segunda den\u00fancia contra o peemedebista. No entanto, para que os ministros da Suprema Corte possam apreciar se aceitam ou n\u00e3o a den\u00fancia, os deputados federais t\u00eam que dar aval.<\/p>\n<p>Atualmente, a den\u00fancia est\u00e1 sob an\u00e1lise da Comiss\u00e3o de Constitui\u00e7\u00e3o e Justi\u00e7a (CCJ) da C\u00e2mara. Depois, os deputados ter\u00e3o que votar em plen\u00e1rio o relat\u00f3rio que ser\u00e1 elaborado pela comiss\u00e3o. A expectativa \u00e9 de que a aprecia\u00e7\u00e3o da den\u00fancia no plen\u00e1rio da C\u00e2mara ocorra at\u00e9 o fim de outubro.<\/p>\n<p>O Datafolha perguntou a opini\u00e3o dos entrevistados sobre esc\u00e2ndalos recentes.<\/p>\n<p>Veja as perguntas sobre Lula<\/p>\n<p>Considerando o que foi revelado pela Opera\u00e7\u00e3o Lava Jato, Lula deveria ser preso (em %)<\/p>\n<p>Sim, deveria: 54%N\u00e3o deveria: 40%N\u00e3o sabe: 5%<\/p>\n<p>Na sua opini\u00e3o, Lula vai ou n\u00e3o ser preso? (em %)<\/p>\n<p>Sim, vai ser preso: 28%N\u00e3o vai ser preso: 66%N\u00e3o sabe: 7%<\/p>\n<p>Confira a pergunta sobre a den\u00fancia contra Temer<\/p>\n<p>Os deputados federais deveriam autorizar a segunda den\u00fancia contra o presidente Michel Temer? (em %)<\/p>\n<p>Sim, deveriam: 89%N\u00e3o deveriam: 7%N\u00e3o sabe: 4%<\/p>\n<p>O Datafolha ouviu 2.772 pessoas, em 194 munic\u00edpios, nos dias 27 e 28 de setembro de 2017. A margem de erro da pesquisa \u00e9 de dois pontos percentuais para mais ou para menos.<\/p>\n<p>O n\u00edvel de confian\u00e7a da pesquisa divulgada nesta segunda-feira, segundo o Datafolha, \u00e9 de 95%, o que quer dizer que, se levarmos em conta a margem de erro de dois pontos percentuais, a probabilidade de o resultado retratar a realidade \u00e9 de 95%.<\/p>\n<p><em><strong>Cariri em Destaque<\/strong><\/em><\/p>\n<p>Com Congresso em Foco<\/p>\n","protected":false},"excerpt":{"rendered":"<p>Pesquisa do instituto Datafolha divulgada nesta segunda-feira (2) pelo jornal \u201cFolha de S.Paulo\u201d aponta que 54% dos entrevistados consideram que o ex-presidente Luiz In\u00e1cio Lula da Silva (PT) deveria ser preso com base nas informa\u00e7\u00f5es reveladas pela Opera\u00e7\u00e3o Lava Jato. O petista foi condenado em julho pelo juiz federal S\u00e9rgio Moro a 9 anos e 6 meses de pris\u00e3o pelos crimes de corrup\u00e7\u00e3o passiva e de lavagem de dinheiro. Ainda cabe recurso da condena\u00e7\u00e3o. No mesmo levantamento, o Datafolha registrou que 89% dos entrevistados avaliam que a C\u00e2mara dos Deputados deve autorizar o Supremo Tribunal Federal (STF) a analisar a den\u00fancia por organiza\u00e7\u00e3o criminosa e obstru\u00e7\u00e3o de Justi\u00e7a apresentada contra o presidente Michel Temer. Em 14 de setembro, o ent\u00e3o procurador-geral da Rep\u00fablica, Rodrigo Janot, apresentou ao STF uma segunda den\u00fancia contra o peemedebista. No entanto, para que os ministros da Suprema Corte possam apreciar se aceitam ou n\u00e3o a den\u00fancia, os deputados federais t\u00eam que dar aval. Atualmente, a den\u00fancia est\u00e1 sob an\u00e1lise da Comiss\u00e3o de Constitui\u00e7\u00e3o e Justi\u00e7a (CCJ) da C\u00e2mara. Depois, os deputados ter\u00e3o que votar em plen\u00e1rio o relat\u00f3rio que ser\u00e1 elaborado pela comiss\u00e3o. A expectativa \u00e9 de que a aprecia\u00e7\u00e3o da den\u00fancia no plen\u00e1rio da C\u00e2mara ocorra at\u00e9 o fim de outubro. O Datafolha perguntou a opini\u00e3o dos entrevistados sobre esc\u00e2ndalos recentes. Veja as perguntas sobre Lula Considerando o que foi revelado pela Opera\u00e7\u00e3o Lava Jato, Lula deveria ser preso (em %) Sim, deveria: 54%N\u00e3o deveria: 40%N\u00e3o sabe: 5% Na sua opini\u00e3o, Lula vai ou n\u00e3o ser preso? (em %) Sim, vai ser preso: 28%N\u00e3o vai ser preso: 66%N\u00e3o sabe: 7% Confira a pergunta sobre a den\u00fancia contra Temer Os deputados federais deveriam autorizar a segunda den\u00fancia contra o presidente Michel Temer? (em %) Sim, deveriam: 89%N\u00e3o deveriam: 7%N\u00e3o sabe: 4% O Datafolha ouviu 2.772 pessoas, em 194 munic\u00edpios, nos dias 27 e 28 de setembro de 2017. A margem de erro da pesquisa \u00e9 de dois pontos percentuais para mais ou para menos. O n\u00edvel de confian\u00e7a da pesquisa divulgada nesta segunda-feira, segundo o Datafolha, \u00e9 de 95%, o que quer dizer que, se levarmos em conta a margem de erro de dois pontos percentuais, a probabilidade de o resultado retratar a realidade \u00e9 de 95%. Cariri em Destaque Com Congresso em Foco<\/p>\n","protected":false},"author":2,"featured_media":4854,"comment_status":"closed","ping_status":"open","sticky":false,"template":"","format":"standard","meta":{"_eb_attr":"","_jetpack_memberships_contains_paid_content":false,"footnotes":""},"categories":[4],"tags":[],"class_list":["post-4853","post","type-post","status-publish","format-standard","has-post-thumbnail","hentry","category-politica"],"yoast_head":"<!-- This site is optimized with the Yoast SEO plugin v26.5 - https:\/\/yoast.com\/wordpress\/plugins\/seo\/ -->\n<title>Datafolha: 54% querem Lula preso e 89% que Temer seja denunciado - Not&iacute;cias em Destaque<\/title>\n<meta name=\"robots\" content=\"index, follow, max-snippet:-1, max-image-preview:large, max-video-preview:-1\" \/>\n<link rel=\"canonical\" href=\"https:\/\/noticiasemdestaque.com\/cd\/?p=4853\" \/>\n<meta property=\"og:locale\" content=\"pt_BR\" \/>\n<meta property=\"og:type\" content=\"article\" \/>\n<meta property=\"og:title\" content=\"Datafolha: 54% querem Lula preso e 89% que Temer seja denunciado - Not&iacute;cias em Destaque\" \/>\n<meta property=\"og:description\" content=\"Pesquisa do instituto Datafolha divulgada nesta segunda-feira (2) pelo jornal \u201cFolha de S.Paulo\u201d aponta que 54% dos entrevistados consideram que o ex-presidente Luiz In\u00e1cio Lula da Silva (PT) deveria ser preso com base nas informa\u00e7\u00f5es reveladas pela Opera\u00e7\u00e3o Lava Jato. O petista foi condenado em julho pelo juiz federal S\u00e9rgio Moro a 9 anos e 6 meses de pris\u00e3o pelos crimes de corrup\u00e7\u00e3o passiva e de lavagem de dinheiro. Ainda cabe recurso da condena\u00e7\u00e3o. No mesmo levantamento, o Datafolha registrou que 89% dos entrevistados avaliam que a C\u00e2mara dos Deputados deve autorizar o Supremo Tribunal Federal (STF) a analisar a den\u00fancia por organiza\u00e7\u00e3o criminosa e obstru\u00e7\u00e3o de Justi\u00e7a apresentada contra o presidente Michel Temer. Em 14 de setembro, o ent\u00e3o procurador-geral da Rep\u00fablica, Rodrigo Janot, apresentou ao STF uma segunda den\u00fancia contra o peemedebista. No entanto, para que os ministros da Suprema Corte possam apreciar se aceitam ou n\u00e3o a den\u00fancia, os deputados federais t\u00eam que dar aval. Atualmente, a den\u00fancia est\u00e1 sob an\u00e1lise da Comiss\u00e3o de Constitui\u00e7\u00e3o e Justi\u00e7a (CCJ) da C\u00e2mara. Depois, os deputados ter\u00e3o que votar em plen\u00e1rio o relat\u00f3rio que ser\u00e1 elaborado pela comiss\u00e3o. A expectativa \u00e9 de que a aprecia\u00e7\u00e3o da den\u00fancia no plen\u00e1rio da C\u00e2mara ocorra at\u00e9 o fim de outubro. O Datafolha perguntou a opini\u00e3o dos entrevistados sobre esc\u00e2ndalos recentes. Veja as perguntas sobre Lula Considerando o que foi revelado pela Opera\u00e7\u00e3o Lava Jato, Lula deveria ser preso (em %) Sim, deveria: 54%N\u00e3o deveria: 40%N\u00e3o sabe: 5% Na sua opini\u00e3o, Lula vai ou n\u00e3o ser preso? (em %) Sim, vai ser preso: 28%N\u00e3o vai ser preso: 66%N\u00e3o sabe: 7% Confira a pergunta sobre a den\u00fancia contra Temer Os deputados federais deveriam autorizar a segunda den\u00fancia contra o presidente Michel Temer? (em %) Sim, deveriam: 89%N\u00e3o deveriam: 7%N\u00e3o sabe: 4% O Datafolha ouviu 2.772 pessoas, em 194 munic\u00edpios, nos dias 27 e 28 de setembro de 2017. A margem de erro da pesquisa \u00e9 de dois pontos percentuais para mais ou para menos. O n\u00edvel de confian\u00e7a da pesquisa divulgada nesta segunda-feira, segundo o Datafolha, \u00e9 de 95%, o que quer dizer que, se levarmos em conta a margem de erro de dois pontos percentuais, a probabilidade de o resultado retratar a realidade \u00e9 de 95%. Cariri em Destaque Com Congresso em Foco\" \/>\n<meta property=\"og:url\" content=\"https:\/\/noticiasemdestaque.com\/cd\/?p=4853\" \/>\n<meta property=\"og:site_name\" content=\"Not&iacute;cias em Destaque\" \/>\n<meta property=\"article:published_time\" content=\"2017-10-02T17:31:04+00:00\" \/>\n<meta property=\"og:image\" content=\"https:\/\/noticiasemdestaque.com\/cd\/wp-content\/uploads\/2017\/10\/02-10-2017.123740_2.jpg\" \/>\n\t<meta property=\"og:image:width\" content=\"380\" \/>\n\t<meta property=\"og:image:height\" content=\"240\" \/>\n\t<meta property=\"og:image:type\" content=\"image\/jpeg\" \/>\n<meta name=\"author\" content=\"Not\u00edcias em Destaque\" \/>\n<meta name=\"twitter:card\" content=\"summary_large_image\" \/>\n<meta name=\"twitter:label1\" content=\"Escrito por\" \/>\n\t<meta name=\"twitter:data1\" content=\"Not\u00edcias em Destaque\" \/>\n\t<meta name=\"twitter:label2\" content=\"Est. tempo de leitura\" \/>\n\t<meta name=\"twitter:data2\" content=\"2 minutos\" \/>\n<script type=\"application\/ld+json\" class=\"yoast-schema-graph\">{\"@context\":\"https:\/\/schema.org\",\"@graph\":[{\"@type\":\"Article\",\"@id\":\"https:\/\/noticiasemdestaque.com\/cd\/?p=4853#article\",\"isPartOf\":{\"@id\":\"https:\/\/noticiasemdestaque.com\/cd\/?p=4853\"},\"author\":{\"name\":\"Not\u00edcias em Destaque\",\"@id\":\"https:\/\/noticiasemdestaque.com\/cd\/#\/schema\/person\/21320b03a7e8bb90128938dafc9b908a\"},\"headline\":\"Datafolha: 54% querem Lula preso e 89% que Temer seja denunciado\",\"datePublished\":\"2017-10-02T17:31:04+00:00\",\"mainEntityOfPage\":{\"@id\":\"https:\/\/noticiasemdestaque.com\/cd\/?p=4853\"},\"wordCount\":414,\"publisher\":{\"@id\":\"https:\/\/noticiasemdestaque.com\/cd\/#organization\"},\"image\":{\"@id\":\"https:\/\/noticiasemdestaque.com\/cd\/?p=4853#primaryimage\"},\"thumbnailUrl\":\"https:\/\/noticiasemdestaque.com\/cd\/wp-content\/uploads\/2017\/10\/02-10-2017.123740_2.jpg\",\"articleSection\":[\"Pol\u00edtica\"],\"inLanguage\":\"pt-BR\"},{\"@type\":\"WebPage\",\"@id\":\"https:\/\/noticiasemdestaque.com\/cd\/?p=4853\",\"url\":\"https:\/\/noticiasemdestaque.com\/cd\/?p=4853\",\"name\":\"Datafolha: 54% querem Lula preso e 89% que Temer seja denunciado - Not&iacute;cias em Destaque\",\"isPartOf\":{\"@id\":\"https:\/\/noticiasemdestaque.com\/cd\/#website\"},\"primaryImageOfPage\":{\"@id\":\"https:\/\/noticiasemdestaque.com\/cd\/?p=4853#primaryimage\"},\"image\":{\"@id\":\"https:\/\/noticiasemdestaque.com\/cd\/?p=4853#primaryimage\"},\"thumbnailUrl\":\"https:\/\/noticiasemdestaque.com\/cd\/wp-content\/uploads\/2017\/10\/02-10-2017.123740_2.jpg\",\"datePublished\":\"2017-10-02T17:31:04+00:00\",\"breadcrumb\":{\"@id\":\"https:\/\/noticiasemdestaque.com\/cd\/?p=4853#breadcrumb\"},\"inLanguage\":\"pt-BR\",\"potentialAction\":[{\"@type\":\"ReadAction\",\"target\":[\"https:\/\/noticiasemdestaque.com\/cd\/?p=4853\"]}]},{\"@type\":\"ImageObject\",\"inLanguage\":\"pt-BR\",\"@id\":\"https:\/\/noticiasemdestaque.com\/cd\/?p=4853#primaryimage\",\"url\":\"https:\/\/noticiasemdestaque.com\/cd\/wp-content\/uploads\/2017\/10\/02-10-2017.123740_2.jpg\",\"contentUrl\":\"https:\/\/noticiasemdestaque.com\/cd\/wp-content\/uploads\/2017\/10\/02-10-2017.123740_2.jpg\",\"width\":380,\"height\":240},{\"@type\":\"BreadcrumbList\",\"@id\":\"https:\/\/noticiasemdestaque.com\/cd\/?p=4853#breadcrumb\",\"itemListElement\":[{\"@type\":\"ListItem\",\"position\":1,\"name\":\"In\u00edcio\",\"item\":\"https:\/\/noticiasemdestaque.com\/cd\/\"},{\"@type\":\"ListItem\",\"position\":2,\"name\":\"Datafolha: 54% querem Lula preso e 89% que Temer seja denunciado\"}]},{\"@type\":\"WebSite\",\"@id\":\"https:\/\/noticiasemdestaque.com\/cd\/#website\",\"url\":\"https:\/\/noticiasemdestaque.com\/cd\/\",\"name\":\"Not&iacute;cias em Destaque\",\"description\":\"\",\"publisher\":{\"@id\":\"https:\/\/noticiasemdestaque.com\/cd\/#organization\"},\"potentialAction\":[{\"@type\":\"SearchAction\",\"target\":{\"@type\":\"EntryPoint\",\"urlTemplate\":\"https:\/\/noticiasemdestaque.com\/cd\/?s={search_term_string}\"},\"query-input\":{\"@type\":\"PropertyValueSpecification\",\"valueRequired\":true,\"valueName\":\"search_term_string\"}}],\"inLanguage\":\"pt-BR\"},{\"@type\":\"Organization\",\"@id\":\"https:\/\/noticiasemdestaque.com\/cd\/#organization\",\"name\":\"Not\u00edcias em Destaque\",\"url\":\"https:\/\/noticiasemdestaque.com\/cd\/\",\"logo\":{\"@type\":\"ImageObject\",\"inLanguage\":\"pt-BR\",\"@id\":\"https:\/\/noticiasemdestaque.com\/cd\/#\/schema\/logo\/image\/\",\"url\":\"https:\/\/noticiasemdestaque.com\/cd\/wp-content\/uploads\/2022\/05\/imagem-base-noticiasemdestaque.png\",\"contentUrl\":\"https:\/\/noticiasemdestaque.com\/cd\/wp-content\/uploads\/2022\/05\/imagem-base-noticiasemdestaque.png\",\"width\":1200,\"height\":630,\"caption\":\"Not\u00edcias em Destaque\"},\"image\":{\"@id\":\"https:\/\/noticiasemdestaque.com\/cd\/#\/schema\/logo\/image\/\"}},{\"@type\":\"Person\",\"@id\":\"https:\/\/noticiasemdestaque.com\/cd\/#\/schema\/person\/21320b03a7e8bb90128938dafc9b908a\",\"name\":\"Not\u00edcias em Destaque\",\"url\":\"https:\/\/noticiasemdestaque.com\/cd\/?author=2\"}]}<\/script>\n<!-- \/ Yoast SEO plugin. -->","yoast_head_json":{"title":"Datafolha: 54% querem Lula preso e 89% que Temer seja denunciado - Not&iacute;cias em Destaque","robots":{"index":"index","follow":"follow","max-snippet":"max-snippet:-1","max-image-preview":"max-image-preview:large","max-video-preview":"max-video-preview:-1"},"canonical":"https:\/\/noticiasemdestaque.com\/cd\/?p=4853","og_locale":"pt_BR","og_type":"article","og_title":"Datafolha: 54% querem Lula preso e 89% que Temer seja denunciado - Not&iacute;cias em Destaque","og_description":"Pesquisa do instituto Datafolha divulgada nesta segunda-feira (2) pelo jornal \u201cFolha de S.Paulo\u201d aponta que 54% dos entrevistados consideram que o ex-presidente Luiz In\u00e1cio Lula da Silva (PT) deveria ser preso com base nas informa\u00e7\u00f5es reveladas pela Opera\u00e7\u00e3o Lava Jato. O petista foi condenado em julho pelo juiz federal S\u00e9rgio Moro a 9 anos e 6 meses de pris\u00e3o pelos crimes de corrup\u00e7\u00e3o passiva e de lavagem de dinheiro. Ainda cabe recurso da condena\u00e7\u00e3o. No mesmo levantamento, o Datafolha registrou que 89% dos entrevistados avaliam que a C\u00e2mara dos Deputados deve autorizar o Supremo Tribunal Federal (STF) a analisar a den\u00fancia por organiza\u00e7\u00e3o criminosa e obstru\u00e7\u00e3o de Justi\u00e7a apresentada contra o presidente Michel Temer. Em 14 de setembro, o ent\u00e3o procurador-geral da Rep\u00fablica, Rodrigo Janot, apresentou ao STF uma segunda den\u00fancia contra o peemedebista. No entanto, para que os ministros da Suprema Corte possam apreciar se aceitam ou n\u00e3o a den\u00fancia, os deputados federais t\u00eam que dar aval. Atualmente, a den\u00fancia est\u00e1 sob an\u00e1lise da Comiss\u00e3o de Constitui\u00e7\u00e3o e Justi\u00e7a (CCJ) da C\u00e2mara. Depois, os deputados ter\u00e3o que votar em plen\u00e1rio o relat\u00f3rio que ser\u00e1 elaborado pela comiss\u00e3o. A expectativa \u00e9 de que a aprecia\u00e7\u00e3o da den\u00fancia no plen\u00e1rio da C\u00e2mara ocorra at\u00e9 o fim de outubro. O Datafolha perguntou a opini\u00e3o dos entrevistados sobre esc\u00e2ndalos recentes. Veja as perguntas sobre Lula Considerando o que foi revelado pela Opera\u00e7\u00e3o Lava Jato, Lula deveria ser preso (em %) Sim, deveria: 54%N\u00e3o deveria: 40%N\u00e3o sabe: 5% Na sua opini\u00e3o, Lula vai ou n\u00e3o ser preso? (em %) Sim, vai ser preso: 28%N\u00e3o vai ser preso: 66%N\u00e3o sabe: 7% Confira a pergunta sobre a den\u00fancia contra Temer Os deputados federais deveriam autorizar a segunda den\u00fancia contra o presidente Michel Temer? (em %) Sim, deveriam: 89%N\u00e3o deveriam: 7%N\u00e3o sabe: 4% O Datafolha ouviu 2.772 pessoas, em 194 munic\u00edpios, nos dias 27 e 28 de setembro de 2017. A margem de erro da pesquisa \u00e9 de dois pontos percentuais para mais ou para menos. O n\u00edvel de confian\u00e7a da pesquisa divulgada nesta segunda-feira, segundo o Datafolha, \u00e9 de 95%, o que quer dizer que, se levarmos em conta a margem de erro de dois pontos percentuais, a probabilidade de o resultado retratar a realidade \u00e9 de 95%. Cariri em Destaque Com Congresso em Foco","og_url":"https:\/\/noticiasemdestaque.com\/cd\/?p=4853","og_site_name":"Not&iacute;cias em Destaque","article_published_time":"2017-10-02T17:31:04+00:00","og_image":[{"width":380,"height":240,"url":"https:\/\/noticiasemdestaque.com\/cd\/wp-content\/uploads\/2017\/10\/02-10-2017.123740_2.jpg","type":"image\/jpeg"}],"author":"Not\u00edcias em Destaque","twitter_card":"summary_large_image","twitter_misc":{"Escrito por":"Not\u00edcias em Destaque","Est. tempo de leitura":"2 minutos"},"schema":{"@context":"https:\/\/schema.org","@graph":[{"@type":"Article","@id":"https:\/\/noticiasemdestaque.com\/cd\/?p=4853#article","isPartOf":{"@id":"https:\/\/noticiasemdestaque.com\/cd\/?p=4853"},"author":{"name":"Not\u00edcias em Destaque","@id":"https:\/\/noticiasemdestaque.com\/cd\/#\/schema\/person\/21320b03a7e8bb90128938dafc9b908a"},"headline":"Datafolha: 54% querem Lula preso e 89% que Temer seja denunciado","datePublished":"2017-10-02T17:31:04+00:00","mainEntityOfPage":{"@id":"https:\/\/noticiasemdestaque.com\/cd\/?p=4853"},"wordCount":414,"publisher":{"@id":"https:\/\/noticiasemdestaque.com\/cd\/#organization"},"image":{"@id":"https:\/\/noticiasemdestaque.com\/cd\/?p=4853#primaryimage"},"thumbnailUrl":"https:\/\/noticiasemdestaque.com\/cd\/wp-content\/uploads\/2017\/10\/02-10-2017.123740_2.jpg","articleSection":["Pol\u00edtica"],"inLanguage":"pt-BR"},{"@type":"WebPage","@id":"https:\/\/noticiasemdestaque.com\/cd\/?p=4853","url":"https:\/\/noticiasemdestaque.com\/cd\/?p=4853","name":"Datafolha: 54% querem Lula preso e 89% que Temer seja denunciado - Not&iacute;cias em Destaque","isPartOf":{"@id":"https:\/\/noticiasemdestaque.com\/cd\/#website"},"primaryImageOfPage":{"@id":"https:\/\/noticiasemdestaque.com\/cd\/?p=4853#primaryimage"},"image":{"@id":"https:\/\/noticiasemdestaque.com\/cd\/?p=4853#primaryimage"},"thumbnailUrl":"https:\/\/noticiasemdestaque.com\/cd\/wp-content\/uploads\/2017\/10\/02-10-2017.123740_2.jpg","datePublished":"2017-10-02T17:31:04+00:00","breadcrumb":{"@id":"https:\/\/noticiasemdestaque.com\/cd\/?p=4853#breadcrumb"},"inLanguage":"pt-BR","potentialAction":[{"@type":"ReadAction","target":["https:\/\/noticiasemdestaque.com\/cd\/?p=4853"]}]},{"@type":"ImageObject","inLanguage":"pt-BR","@id":"https:\/\/noticiasemdestaque.com\/cd\/?p=4853#primaryimage","url":"https:\/\/noticiasemdestaque.com\/cd\/wp-content\/uploads\/2017\/10\/02-10-2017.123740_2.jpg","contentUrl":"https:\/\/noticiasemdestaque.com\/cd\/wp-content\/uploads\/2017\/10\/02-10-2017.123740_2.jpg","width":380,"height":240},{"@type":"BreadcrumbList","@id":"https:\/\/noticiasemdestaque.com\/cd\/?p=4853#breadcrumb","itemListElement":[{"@type":"ListItem","position":1,"name":"In\u00edcio","item":"https:\/\/noticiasemdestaque.com\/cd\/"},{"@type":"ListItem","position":2,"name":"Datafolha: 54% querem Lula preso e 89% que Temer seja denunciado"}]},{"@type":"WebSite","@id":"https:\/\/noticiasemdestaque.com\/cd\/#website","url":"https:\/\/noticiasemdestaque.com\/cd\/","name":"Not&iacute;cias em Destaque","description":"","publisher":{"@id":"https:\/\/noticiasemdestaque.com\/cd\/#organization"},"potentialAction":[{"@type":"SearchAction","target":{"@type":"EntryPoint","urlTemplate":"https:\/\/noticiasemdestaque.com\/cd\/?s={search_term_string}"},"query-input":{"@type":"PropertyValueSpecification","valueRequired":true,"valueName":"search_term_string"}}],"inLanguage":"pt-BR"},{"@type":"Organization","@id":"https:\/\/noticiasemdestaque.com\/cd\/#organization","name":"Not\u00edcias em Destaque","url":"https:\/\/noticiasemdestaque.com\/cd\/","logo":{"@type":"ImageObject","inLanguage":"pt-BR","@id":"https:\/\/noticiasemdestaque.com\/cd\/#\/schema\/logo\/image\/","url":"https:\/\/noticiasemdestaque.com\/cd\/wp-content\/uploads\/2022\/05\/imagem-base-noticiasemdestaque.png","contentUrl":"https:\/\/noticiasemdestaque.com\/cd\/wp-content\/uploads\/2022\/05\/imagem-base-noticiasemdestaque.png","width":1200,"height":630,"caption":"Not\u00edcias em Destaque"},"image":{"@id":"https:\/\/noticiasemdestaque.com\/cd\/#\/schema\/logo\/image\/"}},{"@type":"Person","@id":"https:\/\/noticiasemdestaque.com\/cd\/#\/schema\/person\/21320b03a7e8bb90128938dafc9b908a","name":"Not\u00edcias em Destaque","url":"https:\/\/noticiasemdestaque.com\/cd\/?author=2"}]}},"jetpack_featured_media_url":"https:\/\/noticiasemdestaque.com\/cd\/wp-content\/uploads\/2017\/10\/02-10-2017.123740_2.jpg","jetpack_sharing_enabled":true,"_links":{"self":[{"href":"https:\/\/noticiasemdestaque.com\/cd\/index.php?rest_route=\/wp\/v2\/posts\/4853","targetHints":{"allow":["GET"]}}],"collection":[{"href":"https:\/\/noticiasemdestaque.com\/cd\/index.php?rest_route=\/wp\/v2\/posts"}],"about":[{"href":"https:\/\/noticiasemdestaque.com\/cd\/index.php?rest_route=\/wp\/v2\/types\/post"}],"author":[{"embeddable":true,"href":"https:\/\/noticiasemdestaque.com\/cd\/index.php?rest_route=\/wp\/v2\/users\/2"}],"replies":[{"embeddable":true,"href":"https:\/\/noticiasemdestaque.com\/cd\/index.php?rest_route=%2Fwp%2Fv2%2Fcomments&post=4853"}],"version-history":[{"count":1,"href":"https:\/\/noticiasemdestaque.com\/cd\/index.php?rest_route=\/wp\/v2\/posts\/4853\/revisions"}],"predecessor-version":[{"id":4855,"href":"https:\/\/noticiasemdestaque.com\/cd\/index.php?rest_route=\/wp\/v2\/posts\/4853\/revisions\/4855"}],"wp:featuredmedia":[{"embeddable":true,"href":"https:\/\/noticiasemdestaque.com\/cd\/index.php?rest_route=\/wp\/v2\/media\/4854"}],"wp:attachment":[{"href":"https:\/\/noticiasemdestaque.com\/cd\/index.php?rest_route=%2Fwp%2Fv2%2Fmedia&parent=4853"}],"wp:term":[{"taxonomy":"category","embeddable":true,"href":"https:\/\/noticiasemdestaque.com\/cd\/index.php?rest_route=%2Fwp%2Fv2%2Fcategories&post=4853"},{"taxonomy":"post_tag","embeddable":true,"href":"https:\/\/noticiasemdestaque.com\/cd\/index.php?rest_route=%2Fwp%2Fv2%2Ftags&post=4853"}],"curies":[{"name":"wp","href":"https:\/\/api.w.org\/{rel}","templated":true}]}}