{"id":48391,"date":"2023-05-16T16:34:04","date_gmt":"2023-05-16T19:34:04","guid":{"rendered":"https:\/\/noticiasemdestaque.com\/cd\/?p=48391"},"modified":"2023-05-16T16:34:04","modified_gmt":"2023-05-16T19:34:04","slug":"sai-o-resultado-do-sorteio-das-barracas-do-arraia-ze-marcolino-de-sume","status":"publish","type":"post","link":"https:\/\/noticiasemdestaque.com\/cd\/?p=48391","title":{"rendered":"Sai o resultado do sorteio das barracas do Arrai\u00e1 Z\u00e9 Marcolino de Sum\u00e9"},"content":{"rendered":"<p><a href=\"https:\/\/noticiasemdestaque.com\/cd\/wp-content\/uploads\/2023\/05\/CAPA-GERAL-400x255-1.png\"><img fetchpriority=\"high\" decoding=\"async\" class=\"alignnone  wp-image-48326\" src=\"https:\/\/noticiasemdestaque.com\/cd\/wp-content\/uploads\/2023\/05\/CAPA-GERAL-400x255-1-300x191.png\" alt=\"\" width=\"1230\" height=\"783\" srcset=\"https:\/\/noticiasemdestaque.com\/cd\/wp-content\/uploads\/2023\/05\/CAPA-GERAL-400x255-1-300x191.png 300w, https:\/\/noticiasemdestaque.com\/cd\/wp-content\/uploads\/2023\/05\/CAPA-GERAL-400x255-1-18x12.png 18w, https:\/\/noticiasemdestaque.com\/cd\/wp-content\/uploads\/2023\/05\/CAPA-GERAL-400x255-1.png 400w\" sizes=\"(max-width: 1230px) 100vw, 1230px\" \/><\/a><\/p>\n<p>A comiss\u00e3o de an\u00e1lise documental, institu\u00edda pela portaria n\u00ba 01\/2023, formada pelo Secret\u00e1rio de Cultura, Esportes e Turismo Rivaldo Oliveira (Branco Xiliu), e pelos servidores J\u00fanior Barros, Donz\u00edlia Martiniana e Deocl\u00e9cio J\u00fanior, fez a an\u00e1lise documental e, todos os 28 inscritos para concorrer as 8 barracas no Arrai\u00e1 Z\u00e9 Marcolino, foram habilitados.<\/p>\n<p>Dentre os 28, apenas 8 titulares poder\u00e3o usufruir das barracas e, caso haja desist\u00eancia, os suplentes:<\/p>\n<p>O sorteio foi aberto aos interessados e realizado na nesta ter\u00e7a-feira, 16, as 10h no Centro de Forma\u00e7\u00e3o dos Professores, no bairro da V\u00e1rzea Redonda. Confira o resultado:<\/p>\n<table>\n<tbody>\n<tr>\n<td width=\"115\"><strong>N\u00ba INSCRI\u00c7\u00c3O<\/strong><\/td>\n<td width=\"335\"><strong>NOME<\/strong><\/td>\n<\/tr>\n<tr>\n<td width=\"115\">Titular<\/td>\n<td width=\"335\">Alisson Limeira de Andrade<\/td>\n<\/tr>\n<tr>\n<td width=\"115\">Titular<\/td>\n<td width=\"335\">Ubirajara Nunes Vidal da Costa<\/td>\n<\/tr>\n<tr>\n<td width=\"115\">Titular<\/td>\n<td width=\"335\">Ta\u00eds Soane de Lima da Silva<\/td>\n<\/tr>\n<tr>\n<td width=\"115\">Titular<\/td>\n<td width=\"335\">Fernando Maciel de Ara\u00fajo Neto<\/td>\n<\/tr>\n<tr>\n<td width=\"115\">Titular<\/td>\n<td width=\"335\">Jos\u00e9 Thiago de Oliveira Evangelista<\/td>\n<\/tr>\n<tr>\n<td width=\"115\">Titular<\/td>\n<td width=\"335\">Alyson Abra\u00e3o Bezerra de Assun\u00e7\u00e3o<\/td>\n<\/tr>\n<tr>\n<td width=\"115\">Titular<\/td>\n<td width=\"335\">Ana Paula Cosme<\/td>\n<\/tr>\n<tr>\n<td width=\"115\">Titular<\/td>\n<td width=\"335\">Rosinere Minevino da Silva<\/td>\n<\/tr>\n<tr>\n<td width=\"115\">Suplente<\/td>\n<td width=\"335\">Wellinton Cardoso Silva<\/td>\n<\/tr>\n<tr>\n<td width=\"115\">Suplente<\/td>\n<td width=\"335\">Thiago Lucas da Silva<\/td>\n<\/tr>\n<tr>\n<td width=\"115\">Suplente<\/td>\n<td width=\"335\">Josefa Gomes de Ara\u00fajo<\/td>\n<\/tr>\n<tr>\n<td width=\"115\">Suplente<\/td>\n<td width=\"335\">Ane Caroline de Carvalho Leite<\/td>\n<\/tr>\n<tr>\n<td width=\"115\">Suplente<\/td>\n<td width=\"335\">Lu\u00e3 Leite Batista do Nascimento<\/td>\n<\/tr>\n<tr>\n<td width=\"115\">Suplente<\/td>\n<td width=\"335\">Fl\u00e1vio Jean Sousa Sobrinho<\/td>\n<\/tr>\n<tr>\n<td width=\"115\">Suplente<\/td>\n<td width=\"335\">Kauana Nandara de Assis Silva<\/td>\n<\/tr>\n<tr>\n<td width=\"115\">Suplente<\/td>\n<td width=\"335\">Idalecia Ferreira de Lima Sousa<\/td>\n<\/tr>\n<\/tbody>\n<\/table>\n<p>O S\u00e3o Jo\u00e3o 2023 de Sum\u00e9 ter\u00e1 in\u00edcio, oficialmente, no dia 10 de junho no Arra\u00ed\u00e1 Z\u00e9 Marcolino com o Forr\u00f3 Gente Boa, no entanto, a pr\u00e9via j\u00e1 ser\u00e1 nos dias 02 e 03 de junho no anivers\u00e1rio dos 13 anos do Mercadinho do Galego.<\/p>\n<p>A festa ser\u00e1 em frente da Escola Presidente Vargas\/Desembargador com as seguintes atra\u00e7\u00f5es:<\/p>\n<ul>\n<li>02\/06: Buz\u00e3o da Farra, Alisson Diferente, Pedrinho Pega\u00e7\u00e3o<\/li>\n<li>03\/06: Thiago dos Teclados, Bruna Magalh\u00e3es e Forr\u00f3 Kent<\/li>\n<\/ul>\n<p>J\u00e1 no palco principal, que este ano passa a ser ao lado dos Correios\/Pra\u00e7a Jos\u00e9 Am\u00e9rico, onde antes funcionava o Arrai\u00e1, se apresentar\u00e3o:<\/p>\n<ul>\n<li>17\/06: Eliane e Cascavel<\/li>\n<li>18\/06: Fl\u00e1vio Jos\u00e9 e Forro da Live<\/li>\n<li>22\/06: Brasas do Forr\u00f3 e Fabiana Souto<\/li>\n<li>23\/06: Ruan Forrozeiro e Forr\u00f3 kent<\/li>\n<li>24\/06: Eh Mara (novo nome art\u00edstico de Mara Pavanelli) e a dupla Sirano e Sirino<\/li>\n<\/ul>\n<p>No tradicional S\u00e3o Pedro do S\u00edtio Riacho da Ro\u00e7a, no dia 28 de junho, ser\u00e3o Forr\u00f3 Kent e Bedeu Quirino.<\/p>\n<p>No encerramento do Arrai\u00e1 Z\u00e9 Marcolino dia 30, se apresentar\u00e1 Adriano Silva e, finalmente no S\u00e3o Jo\u00e3o e S\u00e3o Pedro do Distrito de Pio X em 1\u00ba de julho se apresentar\u00e3o Gabriel do Acordeon e Kiel do Acordeon.<\/p>\n<p>Esse ano, al\u00e9m do palco principal e do arrai\u00e1 Z\u00e9 Marcolino, outras mudan\u00e7as e acr\u00e9scimos ocorrer\u00e3o, como:<\/p>\n<ul>\n<li>Os banheiros qu\u00edmicos ser\u00e3o distribu\u00eddos em dois pontos: um por tr\u00e1s do palco do AZM, ao lado da antiga cadeia p\u00fablica, e o outro permanece por tr\u00e1s do STEC.<\/li>\n<li>Os brinquedos do parque Ewerton Siqueira ser\u00e3o retirados durante o per\u00edodo junino.<\/li>\n<li>\u00c1rea reservada\/isolada\/protegida, pr\u00f3ximo ao palco principal, para as pessoas com algum tipo de defici\u00eancia\/limita\u00e7\u00e3o f\u00edsica e idosos, para que possam acompanhar os shows com tranquilidade.<\/li>\n<li>\u00c1rea de alimenta\u00e7\u00e3o, que antes funcionava na lateral do NEXT, ser\u00e1 deslocada para a frente do STEC.<\/li>\n<li>A Rua Marcos Albino Rafael, em frente ao antigo cart\u00f3rio de D. Edite Braz ser\u00e1 reservada para \u00e1rea de exposi\u00e7\u00e3o e vendas de produtos de artesanato.<\/li>\n<\/ul>\n<p>O S\u00e3o Jo\u00e3o 2023 de Sum\u00e9 \u201cCidade que Inspira\u201d ser\u00e1 transmitido pelo youtube da Prefeitura Municipal e outros canais institucionais e parceiros.<\/p>\n<div id=\"gallery-1\" class=\"gallery galleryid-22765 gallery-columns-4 gallery-size-medium\">\n<dl class=\"gallery-item\">\n<dt class=\"gallery-icon landscape\"><a href=\"https:\/\/www.sume.pb.gov.br\/2023\/05\/sai-o-resultado-do-sorteio-das-barracas-do-arraia-ze-marcolino\/whatsapp-image-2023-05-16-at-12-59-07\/\" data-slb-active=\"1\" data-slb-asset=\"1145891842\" data-slb-internal=\"22767\" data-slb-group=\"22765\"><img decoding=\"async\" class=\"attachment-medium size-medium\" src=\"https:\/\/www.sume.pb.gov.br\/wp-content\/uploads\/2023\/05\/WhatsApp-Image-2023-05-16-at-12.59.07-300x167.jpeg\" sizes=\"(max-width: 300px) 100vw, 300px\" srcset=\"https:\/\/www.sume.pb.gov.br\/wp-content\/uploads\/2023\/05\/WhatsApp-Image-2023-05-16-at-12.59.07-300x167.jpeg 300w, https:\/\/www.sume.pb.gov.br\/wp-content\/uploads\/2023\/05\/WhatsApp-Image-2023-05-16-at-12.59.07-1024x571.jpeg 1024w, https:\/\/www.sume.pb.gov.br\/wp-content\/uploads\/2023\/05\/WhatsApp-Image-2023-05-16-at-12.59.07-768x428.jpeg 768w, https:\/\/www.sume.pb.gov.br\/wp-content\/uploads\/2023\/05\/WhatsApp-Image-2023-05-16-at-12.59.07.jpeg 1125w\" alt=\"\" width=\"300\" height=\"167\" \/><\/a><\/dt>\n<\/dl>\n<dl class=\"gallery-item\">\n<dt class=\"gallery-icon landscape\"><a href=\"https:\/\/www.sume.pb.gov.br\/2023\/05\/sai-o-resultado-do-sorteio-das-barracas-do-arraia-ze-marcolino\/whatsapp-image-2023-05-16-at-12-59-08\/\" data-slb-active=\"1\" data-slb-asset=\"147502511\" data-slb-internal=\"22768\" data-slb-group=\"22765\"><img decoding=\"async\" class=\"attachment-medium size-medium\" src=\"https:\/\/www.sume.pb.gov.br\/wp-content\/uploads\/2023\/05\/WhatsApp-Image-2023-05-16-at-12.59.08-300x169.jpeg\" sizes=\"(max-width: 300px) 100vw, 300px\" srcset=\"https:\/\/www.sume.pb.gov.br\/wp-content\/uploads\/2023\/05\/WhatsApp-Image-2023-05-16-at-12.59.08-300x169.jpeg 300w, https:\/\/www.sume.pb.gov.br\/wp-content\/uploads\/2023\/05\/WhatsApp-Image-2023-05-16-at-12.59.08-1024x576.jpeg 1024w, https:\/\/www.sume.pb.gov.br\/wp-content\/uploads\/2023\/05\/WhatsApp-Image-2023-05-16-at-12.59.08-768x432.jpeg 768w, https:\/\/www.sume.pb.gov.br\/wp-content\/uploads\/2023\/05\/WhatsApp-Image-2023-05-16-at-12.59.08.jpeg 1125w\" alt=\"\" width=\"300\" height=\"169\" \/><\/a><\/dt>\n<\/dl>\n<dl class=\"gallery-item\">\n<dt class=\"gallery-icon landscape\"><a href=\"https:\/\/www.sume.pb.gov.br\/2023\/05\/sai-o-resultado-do-sorteio-das-barracas-do-arraia-ze-marcolino\/whatsapp-image-2023-05-16-at-13-00-49\/\" data-slb-active=\"1\" data-slb-asset=\"1252814069\" data-slb-internal=\"22769\" data-slb-group=\"22765\"><img loading=\"lazy\" decoding=\"async\" class=\"attachment-medium size-medium\" src=\"https:\/\/www.sume.pb.gov.br\/wp-content\/uploads\/2023\/05\/WhatsApp-Image-2023-05-16-at-13.00.49-300x168.jpeg\" sizes=\"(max-width: 300px) 100vw, 300px\" srcset=\"https:\/\/www.sume.pb.gov.br\/wp-content\/uploads\/2023\/05\/WhatsApp-Image-2023-05-16-at-13.00.49-300x168.jpeg 300w, https:\/\/www.sume.pb.gov.br\/wp-content\/uploads\/2023\/05\/WhatsApp-Image-2023-05-16-at-13.00.49-1024x573.jpeg 1024w, https:\/\/www.sume.pb.gov.br\/wp-content\/uploads\/2023\/05\/WhatsApp-Image-2023-05-16-at-13.00.49-768x429.jpeg 768w, https:\/\/www.sume.pb.gov.br\/wp-content\/uploads\/2023\/05\/WhatsApp-Image-2023-05-16-at-13.00.49.jpeg 1125w\" alt=\"\" width=\"300\" height=\"168\" \/><\/a><\/dt>\n<\/dl>\n<dl class=\"gallery-item\">\n<dt class=\"gallery-icon landscape\"><a href=\"https:\/\/www.sume.pb.gov.br\/2023\/05\/sai-o-resultado-do-sorteio-das-barracas-do-arraia-ze-marcolino\/whatsapp-image-2023-05-16-at-13-00-51\/\" data-slb-active=\"1\" data-slb-asset=\"2026957511\" data-slb-internal=\"22770\" data-slb-group=\"22765\"><img loading=\"lazy\" decoding=\"async\" class=\"attachment-medium size-medium\" src=\"https:\/\/www.sume.pb.gov.br\/wp-content\/uploads\/2023\/05\/WhatsApp-Image-2023-05-16-at-13.00.51-300x169.jpeg\" sizes=\"(max-width: 300px) 100vw, 300px\" srcset=\"https:\/\/www.sume.pb.gov.br\/wp-content\/uploads\/2023\/05\/WhatsApp-Image-2023-05-16-at-13.00.51-300x169.jpeg 300w, https:\/\/www.sume.pb.gov.br\/wp-content\/uploads\/2023\/05\/WhatsApp-Image-2023-05-16-at-13.00.51-1024x576.jpeg 1024w, https:\/\/www.sume.pb.gov.br\/wp-content\/uploads\/2023\/05\/WhatsApp-Image-2023-05-16-at-13.00.51-768x432.jpeg 768w, https:\/\/www.sume.pb.gov.br\/wp-content\/uploads\/2023\/05\/WhatsApp-Image-2023-05-16-at-13.00.51.jpeg 1125w\" alt=\"\" width=\"300\" height=\"169\" \/><\/a><\/dt>\n<\/dl>\n<\/div>\n<p><strong>Noticias em Destaque<\/strong><\/p>\n<p style=\"text-align: right;\"><em>Fonte: Ascom\/PMS<\/em><\/p>\n","protected":false},"excerpt":{"rendered":"<p>A comiss\u00e3o de an\u00e1lise documental, institu\u00edda pela portaria n\u00ba 01\/2023, formada pelo Secret\u00e1rio de Cultura, Esportes e Turismo Rivaldo Oliveira (Branco Xiliu), e pelos servidores J\u00fanior Barros, Donz\u00edlia Martiniana e Deocl\u00e9cio J\u00fanior, fez a an\u00e1lise documental e, todos os 28 inscritos para concorrer as 8 barracas no Arrai\u00e1 Z\u00e9 Marcolino, foram habilitados. Dentre os 28, apenas 8 titulares poder\u00e3o usufruir das barracas e, caso haja desist\u00eancia, os suplentes: O sorteio foi aberto aos interessados e realizado na nesta ter\u00e7a-feira, 16, as 10h no Centro de Forma\u00e7\u00e3o dos Professores, no bairro da V\u00e1rzea Redonda. Confira o resultado: N\u00ba INSCRI\u00c7\u00c3O NOME Titular Alisson Limeira de Andrade Titular Ubirajara Nunes Vidal da Costa Titular Ta\u00eds Soane de Lima da Silva Titular Fernando Maciel de Ara\u00fajo Neto Titular Jos\u00e9 Thiago de Oliveira Evangelista Titular Alyson Abra\u00e3o Bezerra de Assun\u00e7\u00e3o Titular Ana Paula Cosme Titular Rosinere Minevino da Silva Suplente Wellinton Cardoso Silva Suplente Thiago Lucas da Silva Suplente Josefa Gomes de Ara\u00fajo Suplente Ane Caroline de Carvalho Leite Suplente Lu\u00e3 Leite Batista do Nascimento Suplente Fl\u00e1vio Jean Sousa Sobrinho Suplente Kauana Nandara de Assis Silva Suplente Idalecia Ferreira de Lima Sousa O S\u00e3o Jo\u00e3o 2023 de Sum\u00e9 ter\u00e1 in\u00edcio, oficialmente, no dia 10 de junho no Arra\u00ed\u00e1 Z\u00e9 Marcolino com o Forr\u00f3 Gente Boa, no entanto, a pr\u00e9via j\u00e1 ser\u00e1 nos dias 02 e 03 de junho no anivers\u00e1rio dos 13 anos do Mercadinho do Galego. A festa ser\u00e1 em frente da Escola Presidente Vargas\/Desembargador com as seguintes atra\u00e7\u00f5es: 02\/06: Buz\u00e3o da Farra, Alisson Diferente, Pedrinho Pega\u00e7\u00e3o 03\/06: Thiago dos Teclados, Bruna Magalh\u00e3es e Forr\u00f3 Kent J\u00e1 no palco principal, que este ano passa a ser ao lado dos Correios\/Pra\u00e7a Jos\u00e9 Am\u00e9rico, onde antes funcionava o Arrai\u00e1, se apresentar\u00e3o: 17\/06: Eliane e Cascavel 18\/06: Fl\u00e1vio Jos\u00e9 e Forro da Live 22\/06: Brasas do Forr\u00f3 e Fabiana Souto 23\/06: Ruan Forrozeiro e Forr\u00f3 kent 24\/06: Eh Mara (novo nome art\u00edstico de Mara Pavanelli) e a dupla Sirano e Sirino No tradicional S\u00e3o Pedro do S\u00edtio Riacho da Ro\u00e7a, no dia 28 de junho, ser\u00e3o Forr\u00f3 Kent e Bedeu Quirino. No encerramento do Arrai\u00e1 Z\u00e9 Marcolino dia 30, se apresentar\u00e1 Adriano Silva e, finalmente no S\u00e3o Jo\u00e3o e S\u00e3o Pedro do Distrito de Pio X em 1\u00ba de julho se apresentar\u00e3o Gabriel do Acordeon e Kiel do Acordeon. Esse ano, al\u00e9m do palco principal e do arrai\u00e1 Z\u00e9 Marcolino, outras mudan\u00e7as e acr\u00e9scimos ocorrer\u00e3o, como: Os banheiros qu\u00edmicos ser\u00e3o distribu\u00eddos em dois pontos: um por tr\u00e1s do palco do AZM, ao lado da antiga cadeia p\u00fablica, e o outro permanece por tr\u00e1s do STEC. Os brinquedos do parque Ewerton Siqueira ser\u00e3o retirados durante o per\u00edodo junino. \u00c1rea reservada\/isolada\/protegida, pr\u00f3ximo ao palco principal, para as pessoas com algum tipo de defici\u00eancia\/limita\u00e7\u00e3o f\u00edsica e idosos, para que possam acompanhar os shows com tranquilidade. \u00c1rea de alimenta\u00e7\u00e3o, que antes funcionava na lateral do NEXT, ser\u00e1 deslocada para a frente do STEC. A Rua Marcos Albino Rafael, em frente ao antigo cart\u00f3rio de D. Edite Braz ser\u00e1 reservada para \u00e1rea de exposi\u00e7\u00e3o e vendas de produtos de artesanato. O S\u00e3o Jo\u00e3o 2023 de Sum\u00e9 \u201cCidade que Inspira\u201d ser\u00e1 transmitido pelo youtube da Prefeitura Municipal e outros canais institucionais e parceiros. Noticias em Destaque Fonte: Ascom\/PMS<\/p>\n","protected":false},"author":2,"featured_media":48326,"comment_status":"closed","ping_status":"open","sticky":false,"template":"","format":"standard","meta":{"_eb_attr":"","_jetpack_memberships_contains_paid_content":false,"footnotes":""},"categories":[3],"tags":[],"class_list":["post-48391","post","type-post","status-publish","format-standard","has-post-thumbnail","hentry","category-cidades"],"yoast_head":"<!-- This site is optimized with the Yoast SEO plugin v26.5 - https:\/\/yoast.com\/wordpress\/plugins\/seo\/ -->\n<title>Sai o resultado do sorteio das barracas do Arrai\u00e1 Z\u00e9 Marcolino de Sum\u00e9 - Not&iacute;cias em Destaque<\/title>\n<meta name=\"robots\" content=\"index, follow, max-snippet:-1, max-image-preview:large, max-video-preview:-1\" \/>\n<link rel=\"canonical\" href=\"https:\/\/noticiasemdestaque.com\/cd\/?p=48391\" \/>\n<meta property=\"og:locale\" content=\"pt_BR\" \/>\n<meta property=\"og:type\" content=\"article\" \/>\n<meta property=\"og:title\" content=\"Sai o resultado do sorteio das barracas do Arrai\u00e1 Z\u00e9 Marcolino de Sum\u00e9 - Not&iacute;cias em Destaque\" \/>\n<meta property=\"og:description\" content=\"A comiss\u00e3o de an\u00e1lise documental, institu\u00edda pela portaria n\u00ba 01\/2023, formada pelo Secret\u00e1rio de Cultura, Esportes e Turismo Rivaldo Oliveira (Branco Xiliu), e pelos servidores J\u00fanior Barros, Donz\u00edlia Martiniana e Deocl\u00e9cio J\u00fanior, fez a an\u00e1lise documental e, todos os 28 inscritos para concorrer as 8 barracas no Arrai\u00e1 Z\u00e9 Marcolino, foram habilitados. Dentre os 28, apenas 8 titulares poder\u00e3o usufruir das barracas e, caso haja desist\u00eancia, os suplentes: O sorteio foi aberto aos interessados e realizado na nesta ter\u00e7a-feira, 16, as 10h no Centro de Forma\u00e7\u00e3o dos Professores, no bairro da V\u00e1rzea Redonda. Confira o resultado: N\u00ba INSCRI\u00c7\u00c3O NOME Titular Alisson Limeira de Andrade Titular Ubirajara Nunes Vidal da Costa Titular Ta\u00eds Soane de Lima da Silva Titular Fernando Maciel de Ara\u00fajo Neto Titular Jos\u00e9 Thiago de Oliveira Evangelista Titular Alyson Abra\u00e3o Bezerra de Assun\u00e7\u00e3o Titular Ana Paula Cosme Titular Rosinere Minevino da Silva Suplente Wellinton Cardoso Silva Suplente Thiago Lucas da Silva Suplente Josefa Gomes de Ara\u00fajo Suplente Ane Caroline de Carvalho Leite Suplente Lu\u00e3 Leite Batista do Nascimento Suplente Fl\u00e1vio Jean Sousa Sobrinho Suplente Kauana Nandara de Assis Silva Suplente Idalecia Ferreira de Lima Sousa O S\u00e3o Jo\u00e3o 2023 de Sum\u00e9 ter\u00e1 in\u00edcio, oficialmente, no dia 10 de junho no Arra\u00ed\u00e1 Z\u00e9 Marcolino com o Forr\u00f3 Gente Boa, no entanto, a pr\u00e9via j\u00e1 ser\u00e1 nos dias 02 e 03 de junho no anivers\u00e1rio dos 13 anos do Mercadinho do Galego. A festa ser\u00e1 em frente da Escola Presidente Vargas\/Desembargador com as seguintes atra\u00e7\u00f5es: 02\/06: Buz\u00e3o da Farra, Alisson Diferente, Pedrinho Pega\u00e7\u00e3o 03\/06: Thiago dos Teclados, Bruna Magalh\u00e3es e Forr\u00f3 Kent J\u00e1 no palco principal, que este ano passa a ser ao lado dos Correios\/Pra\u00e7a Jos\u00e9 Am\u00e9rico, onde antes funcionava o Arrai\u00e1, se apresentar\u00e3o: 17\/06: Eliane e Cascavel 18\/06: Fl\u00e1vio Jos\u00e9 e Forro da Live 22\/06: Brasas do Forr\u00f3 e Fabiana Souto 23\/06: Ruan Forrozeiro e Forr\u00f3 kent 24\/06: Eh Mara (novo nome art\u00edstico de Mara Pavanelli) e a dupla Sirano e Sirino No tradicional S\u00e3o Pedro do S\u00edtio Riacho da Ro\u00e7a, no dia 28 de junho, ser\u00e3o Forr\u00f3 Kent e Bedeu Quirino. No encerramento do Arrai\u00e1 Z\u00e9 Marcolino dia 30, se apresentar\u00e1 Adriano Silva e, finalmente no S\u00e3o Jo\u00e3o e S\u00e3o Pedro do Distrito de Pio X em 1\u00ba de julho se apresentar\u00e3o Gabriel do Acordeon e Kiel do Acordeon. Esse ano, al\u00e9m do palco principal e do arrai\u00e1 Z\u00e9 Marcolino, outras mudan\u00e7as e acr\u00e9scimos ocorrer\u00e3o, como: Os banheiros qu\u00edmicos ser\u00e3o distribu\u00eddos em dois pontos: um por tr\u00e1s do palco do AZM, ao lado da antiga cadeia p\u00fablica, e o outro permanece por tr\u00e1s do STEC. Os brinquedos do parque Ewerton Siqueira ser\u00e3o retirados durante o per\u00edodo junino. \u00c1rea reservada\/isolada\/protegida, pr\u00f3ximo ao palco principal, para as pessoas com algum tipo de defici\u00eancia\/limita\u00e7\u00e3o f\u00edsica e idosos, para que possam acompanhar os shows com tranquilidade. \u00c1rea de alimenta\u00e7\u00e3o, que antes funcionava na lateral do NEXT, ser\u00e1 deslocada para a frente do STEC. A Rua Marcos Albino Rafael, em frente ao antigo cart\u00f3rio de D. Edite Braz ser\u00e1 reservada para \u00e1rea de exposi\u00e7\u00e3o e vendas de produtos de artesanato. O S\u00e3o Jo\u00e3o 2023 de Sum\u00e9 \u201cCidade que Inspira\u201d ser\u00e1 transmitido pelo youtube da Prefeitura Municipal e outros canais institucionais e parceiros. Noticias em Destaque Fonte: Ascom\/PMS\" \/>\n<meta property=\"og:url\" content=\"https:\/\/noticiasemdestaque.com\/cd\/?p=48391\" \/>\n<meta property=\"og:site_name\" content=\"Not&iacute;cias em Destaque\" \/>\n<meta property=\"article:published_time\" content=\"2023-05-16T19:34:04+00:00\" \/>\n<meta property=\"og:image\" content=\"https:\/\/noticiasemdestaque.com\/cd\/wp-content\/uploads\/2023\/05\/CAPA-GERAL-400x255-1.png\" \/>\n\t<meta property=\"og:image:width\" content=\"400\" \/>\n\t<meta property=\"og:image:height\" content=\"255\" \/>\n\t<meta property=\"og:image:type\" content=\"image\/png\" \/>\n<meta name=\"author\" content=\"Not\u00edcias em Destaque\" \/>\n<meta name=\"twitter:card\" content=\"summary_large_image\" \/>\n<meta name=\"twitter:label1\" content=\"Escrito por\" \/>\n\t<meta name=\"twitter:data1\" content=\"Not\u00edcias em Destaque\" \/>\n\t<meta name=\"twitter:label2\" content=\"Est. tempo de leitura\" \/>\n\t<meta name=\"twitter:data2\" content=\"4 minutos\" \/>\n<script type=\"application\/ld+json\" class=\"yoast-schema-graph\">{\"@context\":\"https:\/\/schema.org\",\"@graph\":[{\"@type\":\"Article\",\"@id\":\"https:\/\/noticiasemdestaque.com\/cd\/?p=48391#article\",\"isPartOf\":{\"@id\":\"https:\/\/noticiasemdestaque.com\/cd\/?p=48391\"},\"author\":{\"name\":\"Not\u00edcias em Destaque\",\"@id\":\"https:\/\/noticiasemdestaque.com\/cd\/#\/schema\/person\/4a81fb71f77579d059c3045891fa1786\"},\"headline\":\"Sai o resultado do sorteio das barracas do Arrai\u00e1 Z\u00e9 Marcolino de Sum\u00e9\",\"datePublished\":\"2023-05-16T19:34:04+00:00\",\"mainEntityOfPage\":{\"@id\":\"https:\/\/noticiasemdestaque.com\/cd\/?p=48391\"},\"wordCount\":596,\"publisher\":{\"@id\":\"https:\/\/noticiasemdestaque.com\/cd\/#organization\"},\"image\":{\"@id\":\"https:\/\/noticiasemdestaque.com\/cd\/?p=48391#primaryimage\"},\"thumbnailUrl\":\"https:\/\/noticiasemdestaque.com\/cd\/wp-content\/uploads\/2023\/05\/CAPA-GERAL-400x255-1.png\",\"articleSection\":[\"Cidades\"],\"inLanguage\":\"pt-BR\"},{\"@type\":\"WebPage\",\"@id\":\"https:\/\/noticiasemdestaque.com\/cd\/?p=48391\",\"url\":\"https:\/\/noticiasemdestaque.com\/cd\/?p=48391\",\"name\":\"Sai o resultado do sorteio das barracas do Arrai\u00e1 Z\u00e9 Marcolino de Sum\u00e9 - Not&iacute;cias em Destaque\",\"isPartOf\":{\"@id\":\"https:\/\/noticiasemdestaque.com\/cd\/#website\"},\"primaryImageOfPage\":{\"@id\":\"https:\/\/noticiasemdestaque.com\/cd\/?p=48391#primaryimage\"},\"image\":{\"@id\":\"https:\/\/noticiasemdestaque.com\/cd\/?p=48391#primaryimage\"},\"thumbnailUrl\":\"https:\/\/noticiasemdestaque.com\/cd\/wp-content\/uploads\/2023\/05\/CAPA-GERAL-400x255-1.png\",\"datePublished\":\"2023-05-16T19:34:04+00:00\",\"breadcrumb\":{\"@id\":\"https:\/\/noticiasemdestaque.com\/cd\/?p=48391#breadcrumb\"},\"inLanguage\":\"pt-BR\",\"potentialAction\":[{\"@type\":\"ReadAction\",\"target\":[\"https:\/\/noticiasemdestaque.com\/cd\/?p=48391\"]}]},{\"@type\":\"ImageObject\",\"inLanguage\":\"pt-BR\",\"@id\":\"https:\/\/noticiasemdestaque.com\/cd\/?p=48391#primaryimage\",\"url\":\"https:\/\/noticiasemdestaque.com\/cd\/wp-content\/uploads\/2023\/05\/CAPA-GERAL-400x255-1.png\",\"contentUrl\":\"https:\/\/noticiasemdestaque.com\/cd\/wp-content\/uploads\/2023\/05\/CAPA-GERAL-400x255-1.png\",\"width\":400,\"height\":255},{\"@type\":\"BreadcrumbList\",\"@id\":\"https:\/\/noticiasemdestaque.com\/cd\/?p=48391#breadcrumb\",\"itemListElement\":[{\"@type\":\"ListItem\",\"position\":1,\"name\":\"In\u00edcio\",\"item\":\"https:\/\/noticiasemdestaque.com\/cd\/\"},{\"@type\":\"ListItem\",\"position\":2,\"name\":\"Sai o resultado do sorteio das barracas do Arrai\u00e1 Z\u00e9 Marcolino de Sum\u00e9\"}]},{\"@type\":\"WebSite\",\"@id\":\"https:\/\/noticiasemdestaque.com\/cd\/#website\",\"url\":\"https:\/\/noticiasemdestaque.com\/cd\/\",\"name\":\"Not&iacute;cias em Destaque\",\"description\":\"\",\"publisher\":{\"@id\":\"https:\/\/noticiasemdestaque.com\/cd\/#organization\"},\"potentialAction\":[{\"@type\":\"SearchAction\",\"target\":{\"@type\":\"EntryPoint\",\"urlTemplate\":\"https:\/\/noticiasemdestaque.com\/cd\/?s={search_term_string}\"},\"query-input\":{\"@type\":\"PropertyValueSpecification\",\"valueRequired\":true,\"valueName\":\"search_term_string\"}}],\"inLanguage\":\"pt-BR\"},{\"@type\":\"Organization\",\"@id\":\"https:\/\/noticiasemdestaque.com\/cd\/#organization\",\"name\":\"Not\u00edcias em Destaque\",\"url\":\"https:\/\/noticiasemdestaque.com\/cd\/\",\"logo\":{\"@type\":\"ImageObject\",\"inLanguage\":\"pt-BR\",\"@id\":\"https:\/\/noticiasemdestaque.com\/cd\/#\/schema\/logo\/image\/\",\"url\":\"https:\/\/noticiasemdestaque.com\/cd\/wp-content\/uploads\/2022\/05\/imagem-base-noticiasemdestaque.png\",\"contentUrl\":\"https:\/\/noticiasemdestaque.com\/cd\/wp-content\/uploads\/2022\/05\/imagem-base-noticiasemdestaque.png\",\"width\":1200,\"height\":630,\"caption\":\"Not\u00edcias em Destaque\"},\"image\":{\"@id\":\"https:\/\/noticiasemdestaque.com\/cd\/#\/schema\/logo\/image\/\"}},{\"@type\":\"Person\",\"@id\":\"https:\/\/noticiasemdestaque.com\/cd\/#\/schema\/person\/4a81fb71f77579d059c3045891fa1786\",\"name\":\"Not\u00edcias em Destaque\",\"url\":\"https:\/\/noticiasemdestaque.com\/cd\/?author=2\"}]}<\/script>\n<!-- \/ Yoast SEO plugin. -->","yoast_head_json":{"title":"Sai o resultado do sorteio das barracas do Arrai\u00e1 Z\u00e9 Marcolino de Sum\u00e9 - Not&iacute;cias em Destaque","robots":{"index":"index","follow":"follow","max-snippet":"max-snippet:-1","max-image-preview":"max-image-preview:large","max-video-preview":"max-video-preview:-1"},"canonical":"https:\/\/noticiasemdestaque.com\/cd\/?p=48391","og_locale":"pt_BR","og_type":"article","og_title":"Sai o resultado do sorteio das barracas do Arrai\u00e1 Z\u00e9 Marcolino de Sum\u00e9 - Not&iacute;cias em Destaque","og_description":"A comiss\u00e3o de an\u00e1lise documental, institu\u00edda pela portaria n\u00ba 01\/2023, formada pelo Secret\u00e1rio de Cultura, Esportes e Turismo Rivaldo Oliveira (Branco Xiliu), e pelos servidores J\u00fanior Barros, Donz\u00edlia Martiniana e Deocl\u00e9cio J\u00fanior, fez a an\u00e1lise documental e, todos os 28 inscritos para concorrer as 8 barracas no Arrai\u00e1 Z\u00e9 Marcolino, foram habilitados. Dentre os 28, apenas 8 titulares poder\u00e3o usufruir das barracas e, caso haja desist\u00eancia, os suplentes: O sorteio foi aberto aos interessados e realizado na nesta ter\u00e7a-feira, 16, as 10h no Centro de Forma\u00e7\u00e3o dos Professores, no bairro da V\u00e1rzea Redonda. Confira o resultado: N\u00ba INSCRI\u00c7\u00c3O NOME Titular Alisson Limeira de Andrade Titular Ubirajara Nunes Vidal da Costa Titular Ta\u00eds Soane de Lima da Silva Titular Fernando Maciel de Ara\u00fajo Neto Titular Jos\u00e9 Thiago de Oliveira Evangelista Titular Alyson Abra\u00e3o Bezerra de Assun\u00e7\u00e3o Titular Ana Paula Cosme Titular Rosinere Minevino da Silva Suplente Wellinton Cardoso Silva Suplente Thiago Lucas da Silva Suplente Josefa Gomes de Ara\u00fajo Suplente Ane Caroline de Carvalho Leite Suplente Lu\u00e3 Leite Batista do Nascimento Suplente Fl\u00e1vio Jean Sousa Sobrinho Suplente Kauana Nandara de Assis Silva Suplente Idalecia Ferreira de Lima Sousa O S\u00e3o Jo\u00e3o 2023 de Sum\u00e9 ter\u00e1 in\u00edcio, oficialmente, no dia 10 de junho no Arra\u00ed\u00e1 Z\u00e9 Marcolino com o Forr\u00f3 Gente Boa, no entanto, a pr\u00e9via j\u00e1 ser\u00e1 nos dias 02 e 03 de junho no anivers\u00e1rio dos 13 anos do Mercadinho do Galego. A festa ser\u00e1 em frente da Escola Presidente Vargas\/Desembargador com as seguintes atra\u00e7\u00f5es: 02\/06: Buz\u00e3o da Farra, Alisson Diferente, Pedrinho Pega\u00e7\u00e3o 03\/06: Thiago dos Teclados, Bruna Magalh\u00e3es e Forr\u00f3 Kent J\u00e1 no palco principal, que este ano passa a ser ao lado dos Correios\/Pra\u00e7a Jos\u00e9 Am\u00e9rico, onde antes funcionava o Arrai\u00e1, se apresentar\u00e3o: 17\/06: Eliane e Cascavel 18\/06: Fl\u00e1vio Jos\u00e9 e Forro da Live 22\/06: Brasas do Forr\u00f3 e Fabiana Souto 23\/06: Ruan Forrozeiro e Forr\u00f3 kent 24\/06: Eh Mara (novo nome art\u00edstico de Mara Pavanelli) e a dupla Sirano e Sirino No tradicional S\u00e3o Pedro do S\u00edtio Riacho da Ro\u00e7a, no dia 28 de junho, ser\u00e3o Forr\u00f3 Kent e Bedeu Quirino. No encerramento do Arrai\u00e1 Z\u00e9 Marcolino dia 30, se apresentar\u00e1 Adriano Silva e, finalmente no S\u00e3o Jo\u00e3o e S\u00e3o Pedro do Distrito de Pio X em 1\u00ba de julho se apresentar\u00e3o Gabriel do Acordeon e Kiel do Acordeon. Esse ano, al\u00e9m do palco principal e do arrai\u00e1 Z\u00e9 Marcolino, outras mudan\u00e7as e acr\u00e9scimos ocorrer\u00e3o, como: Os banheiros qu\u00edmicos ser\u00e3o distribu\u00eddos em dois pontos: um por tr\u00e1s do palco do AZM, ao lado da antiga cadeia p\u00fablica, e o outro permanece por tr\u00e1s do STEC. Os brinquedos do parque Ewerton Siqueira ser\u00e3o retirados durante o per\u00edodo junino. \u00c1rea reservada\/isolada\/protegida, pr\u00f3ximo ao palco principal, para as pessoas com algum tipo de defici\u00eancia\/limita\u00e7\u00e3o f\u00edsica e idosos, para que possam acompanhar os shows com tranquilidade. \u00c1rea de alimenta\u00e7\u00e3o, que antes funcionava na lateral do NEXT, ser\u00e1 deslocada para a frente do STEC. A Rua Marcos Albino Rafael, em frente ao antigo cart\u00f3rio de D. Edite Braz ser\u00e1 reservada para \u00e1rea de exposi\u00e7\u00e3o e vendas de produtos de artesanato. O S\u00e3o Jo\u00e3o 2023 de Sum\u00e9 \u201cCidade que Inspira\u201d ser\u00e1 transmitido pelo youtube da Prefeitura Municipal e outros canais institucionais e parceiros. Noticias em Destaque Fonte: Ascom\/PMS","og_url":"https:\/\/noticiasemdestaque.com\/cd\/?p=48391","og_site_name":"Not&iacute;cias em Destaque","article_published_time":"2023-05-16T19:34:04+00:00","og_image":[{"width":400,"height":255,"url":"https:\/\/noticiasemdestaque.com\/cd\/wp-content\/uploads\/2023\/05\/CAPA-GERAL-400x255-1.png","type":"image\/png"}],"author":"Not\u00edcias em Destaque","twitter_card":"summary_large_image","twitter_misc":{"Escrito por":"Not\u00edcias em Destaque","Est. tempo de leitura":"4 minutos"},"schema":{"@context":"https:\/\/schema.org","@graph":[{"@type":"Article","@id":"https:\/\/noticiasemdestaque.com\/cd\/?p=48391#article","isPartOf":{"@id":"https:\/\/noticiasemdestaque.com\/cd\/?p=48391"},"author":{"name":"Not\u00edcias em Destaque","@id":"https:\/\/noticiasemdestaque.com\/cd\/#\/schema\/person\/4a81fb71f77579d059c3045891fa1786"},"headline":"Sai o resultado do sorteio das barracas do Arrai\u00e1 Z\u00e9 Marcolino de Sum\u00e9","datePublished":"2023-05-16T19:34:04+00:00","mainEntityOfPage":{"@id":"https:\/\/noticiasemdestaque.com\/cd\/?p=48391"},"wordCount":596,"publisher":{"@id":"https:\/\/noticiasemdestaque.com\/cd\/#organization"},"image":{"@id":"https:\/\/noticiasemdestaque.com\/cd\/?p=48391#primaryimage"},"thumbnailUrl":"https:\/\/noticiasemdestaque.com\/cd\/wp-content\/uploads\/2023\/05\/CAPA-GERAL-400x255-1.png","articleSection":["Cidades"],"inLanguage":"pt-BR"},{"@type":"WebPage","@id":"https:\/\/noticiasemdestaque.com\/cd\/?p=48391","url":"https:\/\/noticiasemdestaque.com\/cd\/?p=48391","name":"Sai o resultado do sorteio das barracas do Arrai\u00e1 Z\u00e9 Marcolino de Sum\u00e9 - Not&iacute;cias em Destaque","isPartOf":{"@id":"https:\/\/noticiasemdestaque.com\/cd\/#website"},"primaryImageOfPage":{"@id":"https:\/\/noticiasemdestaque.com\/cd\/?p=48391#primaryimage"},"image":{"@id":"https:\/\/noticiasemdestaque.com\/cd\/?p=48391#primaryimage"},"thumbnailUrl":"https:\/\/noticiasemdestaque.com\/cd\/wp-content\/uploads\/2023\/05\/CAPA-GERAL-400x255-1.png","datePublished":"2023-05-16T19:34:04+00:00","breadcrumb":{"@id":"https:\/\/noticiasemdestaque.com\/cd\/?p=48391#breadcrumb"},"inLanguage":"pt-BR","potentialAction":[{"@type":"ReadAction","target":["https:\/\/noticiasemdestaque.com\/cd\/?p=48391"]}]},{"@type":"ImageObject","inLanguage":"pt-BR","@id":"https:\/\/noticiasemdestaque.com\/cd\/?p=48391#primaryimage","url":"https:\/\/noticiasemdestaque.com\/cd\/wp-content\/uploads\/2023\/05\/CAPA-GERAL-400x255-1.png","contentUrl":"https:\/\/noticiasemdestaque.com\/cd\/wp-content\/uploads\/2023\/05\/CAPA-GERAL-400x255-1.png","width":400,"height":255},{"@type":"BreadcrumbList","@id":"https:\/\/noticiasemdestaque.com\/cd\/?p=48391#breadcrumb","itemListElement":[{"@type":"ListItem","position":1,"name":"In\u00edcio","item":"https:\/\/noticiasemdestaque.com\/cd\/"},{"@type":"ListItem","position":2,"name":"Sai o resultado do sorteio das barracas do Arrai\u00e1 Z\u00e9 Marcolino de Sum\u00e9"}]},{"@type":"WebSite","@id":"https:\/\/noticiasemdestaque.com\/cd\/#website","url":"https:\/\/noticiasemdestaque.com\/cd\/","name":"Not&iacute;cias em Destaque","description":"","publisher":{"@id":"https:\/\/noticiasemdestaque.com\/cd\/#organization"},"potentialAction":[{"@type":"SearchAction","target":{"@type":"EntryPoint","urlTemplate":"https:\/\/noticiasemdestaque.com\/cd\/?s={search_term_string}"},"query-input":{"@type":"PropertyValueSpecification","valueRequired":true,"valueName":"search_term_string"}}],"inLanguage":"pt-BR"},{"@type":"Organization","@id":"https:\/\/noticiasemdestaque.com\/cd\/#organization","name":"Not\u00edcias em Destaque","url":"https:\/\/noticiasemdestaque.com\/cd\/","logo":{"@type":"ImageObject","inLanguage":"pt-BR","@id":"https:\/\/noticiasemdestaque.com\/cd\/#\/schema\/logo\/image\/","url":"https:\/\/noticiasemdestaque.com\/cd\/wp-content\/uploads\/2022\/05\/imagem-base-noticiasemdestaque.png","contentUrl":"https:\/\/noticiasemdestaque.com\/cd\/wp-content\/uploads\/2022\/05\/imagem-base-noticiasemdestaque.png","width":1200,"height":630,"caption":"Not\u00edcias em Destaque"},"image":{"@id":"https:\/\/noticiasemdestaque.com\/cd\/#\/schema\/logo\/image\/"}},{"@type":"Person","@id":"https:\/\/noticiasemdestaque.com\/cd\/#\/schema\/person\/4a81fb71f77579d059c3045891fa1786","name":"Not\u00edcias em Destaque","url":"https:\/\/noticiasemdestaque.com\/cd\/?author=2"}]}},"jetpack_featured_media_url":"https:\/\/noticiasemdestaque.com\/cd\/wp-content\/uploads\/2023\/05\/CAPA-GERAL-400x255-1.png","jetpack_sharing_enabled":true,"_links":{"self":[{"href":"https:\/\/noticiasemdestaque.com\/cd\/index.php?rest_route=\/wp\/v2\/posts\/48391","targetHints":{"allow":["GET"]}}],"collection":[{"href":"https:\/\/noticiasemdestaque.com\/cd\/index.php?rest_route=\/wp\/v2\/posts"}],"about":[{"href":"https:\/\/noticiasemdestaque.com\/cd\/index.php?rest_route=\/wp\/v2\/types\/post"}],"author":[{"embeddable":true,"href":"https:\/\/noticiasemdestaque.com\/cd\/index.php?rest_route=\/wp\/v2\/users\/2"}],"replies":[{"embeddable":true,"href":"https:\/\/noticiasemdestaque.com\/cd\/index.php?rest_route=%2Fwp%2Fv2%2Fcomments&post=48391"}],"version-history":[{"count":1,"href":"https:\/\/noticiasemdestaque.com\/cd\/index.php?rest_route=\/wp\/v2\/posts\/48391\/revisions"}],"predecessor-version":[{"id":48393,"href":"https:\/\/noticiasemdestaque.com\/cd\/index.php?rest_route=\/wp\/v2\/posts\/48391\/revisions\/48393"}],"wp:featuredmedia":[{"embeddable":true,"href":"https:\/\/noticiasemdestaque.com\/cd\/index.php?rest_route=\/wp\/v2\/media\/48326"}],"wp:attachment":[{"href":"https:\/\/noticiasemdestaque.com\/cd\/index.php?rest_route=%2Fwp%2Fv2%2Fmedia&parent=48391"}],"wp:term":[{"taxonomy":"category","embeddable":true,"href":"https:\/\/noticiasemdestaque.com\/cd\/index.php?rest_route=%2Fwp%2Fv2%2Fcategories&post=48391"},{"taxonomy":"post_tag","embeddable":true,"href":"https:\/\/noticiasemdestaque.com\/cd\/index.php?rest_route=%2Fwp%2Fv2%2Ftags&post=48391"}],"curies":[{"name":"wp","href":"https:\/\/api.w.org\/{rel}","templated":true}]}}