{"id":48383,"date":"2023-05-16T13:02:20","date_gmt":"2023-05-16T16:02:20","guid":{"rendered":"https:\/\/noticiasemdestaque.com\/cd\/?p=48383"},"modified":"2023-05-16T13:02:20","modified_gmt":"2023-05-16T16:02:20","slug":"petrobras-anuncia-reducao-de-213-no-gas-de-cozinha-126-na-gasolina-e-128-no-diesel","status":"publish","type":"post","link":"https:\/\/noticiasemdestaque.com\/cd\/?p=48383","title":{"rendered":"Petrobras anuncia redu\u00e7\u00e3o de 21,3% no g\u00e1s de cozinha, 12,6% na gasolina e 12,8% no diesel"},"content":{"rendered":"<div id=\"chunk-abuck\">\n<div class=\"mc-column content-text active-extra-styles \" data-block-type=\"unstyled\" data-block-weight=\"35\" data-block-id=\"3\">\n<p data-track-category=\"Link no Texto\" data-track-links=\"\"><a href=\"https:\/\/noticiasemdestaque.com\/cd\/wp-content\/uploads\/2023\/05\/fiscalizacao-postos-de-combustivel_mcamgo_abr_150320211818-24-780x520-1.webp\"><img fetchpriority=\"high\" decoding=\"async\" class=\"alignnone  wp-image-48385\" src=\"https:\/\/noticiasemdestaque.com\/cd\/wp-content\/uploads\/2023\/05\/fiscalizacao-postos-de-combustivel_mcamgo_abr_150320211818-24-780x520-1-300x200.webp\" alt=\"\" width=\"1274\" height=\"849\" srcset=\"https:\/\/noticiasemdestaque.com\/cd\/wp-content\/uploads\/2023\/05\/fiscalizacao-postos-de-combustivel_mcamgo_abr_150320211818-24-780x520-1-300x200.webp 300w, https:\/\/noticiasemdestaque.com\/cd\/wp-content\/uploads\/2023\/05\/fiscalizacao-postos-de-combustivel_mcamgo_abr_150320211818-24-780x520-1-768x512.webp 768w, https:\/\/noticiasemdestaque.com\/cd\/wp-content\/uploads\/2023\/05\/fiscalizacao-postos-de-combustivel_mcamgo_abr_150320211818-24-780x520-1-18x12.webp 18w, https:\/\/noticiasemdestaque.com\/cd\/wp-content\/uploads\/2023\/05\/fiscalizacao-postos-de-combustivel_mcamgo_abr_150320211818-24-780x520-1.webp 780w\" sizes=\"(max-width: 1274px) 100vw, 1274px\" \/><\/a><\/p>\n<p class=\"content-text__container \" data-track-category=\"Link no Texto\" data-track-links=\"\">O presidente da Petrobras, Jean Paul Prates, anunciou nesta ter\u00e7a-feira (16) a\u00a0<a class=\"\" href=\"https:\/\/g1.globo.com\/economia\/noticia\/2023\/05\/16\/petrobras-reduz-preco-do-diesel-e-da-gasolina-para-as-distribuidoras.ghtml\">redu\u00e7\u00e3o nos pre\u00e7os da gasolina, do \u00f3leo diesel e do g\u00e1s de cozinha (GLP)<\/a>. Os novos pre\u00e7os valem a partir desta quarta (17).<\/p>\n<\/div>\n<\/div>\n<div class=\"wall protected-content\">\n<div id=\"chunk-67tf3\">\n<div class=\"mc-column content-text active-extra-styles \" data-block-type=\"unstyled\" data-block-weight=\"21\" data-block-id=\"4\">\n<p class=\"content-text__container \" data-track-category=\"Link no Texto\" data-track-links=\"\">A afirma\u00e7\u00e3o foi feita ao lado do ministro de Minas e Energia, Alexandre Silveira, ap\u00f3s reuni\u00e3o entre os dois em Bras\u00edlia.<\/p>\n<\/div>\n<\/div>\n<div id=\"chunk-73jn6\">\n<div class=\"mc-column content-text active-extra-styles \" data-block-type=\"unstyled\" data-block-weight=\"11\" data-block-id=\"5\">\n<p class=\"content-text__container \" data-track-category=\"Link no Texto\" data-track-links=\"\">Segundo Jean Paul Prates, as\u00a0<strong>redu\u00e7\u00f5es nas distribuidoras ser\u00e3o as seguintes<\/strong>:<\/p>\n<\/div>\n<\/div>\n<div class=\"mc-column content-text active-extra-styles\" data-block-type=\"raw\" data-block-weight=\"32\" data-block-id=\"6\">\n<p class=\"content-text__container\">\n<ul class=\"content-unordered-list\">\n<li><strong>gasolina A:<\/strong>\u00a0<span class=\"highlight highlighted\">redu\u00e7\u00e3o de R$ 0,40 por litro (-12,6%)<\/span>;<\/li>\n<li><strong>diesel A<\/strong>:\u00a0<span class=\"highlight highlighted\">redu\u00e7\u00e3o de R$ 0,44 por litro (-12,8%)<\/span>;<\/li>\n<li><strong>g\u00e1s de cozinha (GLP)<\/strong>:\u00a0<span class=\"highlight highlighted\">redu\u00e7\u00e3o de R$ 8,97 por botij\u00e3o de 13 kgs (-21,3%)<\/span>.<\/li>\n<\/ul>\n<p>&nbsp;<\/p>\n<\/div>\n<div id=\"chunk-7ork\">\n<div class=\"mc-column content-text active-extra-styles \" data-block-type=\"unstyled\" data-block-weight=\"35\" data-block-id=\"7\">\n<p class=\"content-text__container \" data-track-category=\"Link no Texto\" data-track-links=\"\">Com essa redu\u00e7\u00e3o, segundo a Petrobras,\u00a0<strong><span class=\"highlight highlighted\">o pre\u00e7o do botij\u00e3o de g\u00e1s para o consumidor final pode cair abaixo dos R$ 100<\/span><\/strong>. O valor praticado na revenda, no entanto, n\u00e3o \u00e9 controlado diretamente pelo governo.<\/p>\n<div id=\"chunk-5mjfe\">\n<div class=\"mc-column content-text active-extra-styles \" data-block-type=\"unstyled\" data-block-weight=\"21\" data-block-id=\"9\">\n<p class=\"content-text__container \" data-track-category=\"Link no Texto\" data-track-links=\"\">As denomina\u00e7\u00f5es &#8220;gasolina A&#8221; e &#8220;diesel A&#8221; se referem ao combust\u00edvel puro \u2013 antes da mistura com \u00e1lcool e biodiesel, respectivamente.<\/p>\n<\/div>\n<\/div>\n<div class=\"mc-column content-text active-extra-styles\" data-block-type=\"raw\" data-block-weight=\"36\" data-block-id=\"10\">\n<blockquote class=\"content-blockquote theme-border-color-primary-before\"><p>&#8220;Destaca-se que o valor efetivamente cobrado ao consumidor final no posto \u00e9 afetado tamb\u00e9m por outros fatores como impostos, mistura de biocombust\u00edveis e margens de lucro da distribui\u00e7\u00e3o e da revenda&#8221;, diz a Petrobras no an\u00fancio.<\/p><\/blockquote>\n<\/div>\n<div id=\"chunk-701st\">\n<div class=\"bs-video-block mc-column  content-media content-video\" data-block-type=\"backstage-video\" data-block-id=\"11\">\n<div class=\"content-media__container\">\n<div class=\"content-video__bigger-player-description-fixer\">\n<article class=\"content-video\">\n<section class=\"content-video__video-container\">\n<div class=\"content-video__video\">\n<div class=\"content-video__placeholder\" data-video-id=\"11621065\" data-video-has-viewport-play=\"True\"><img decoding=\"async\" class=\"content-video__placeholder__thumb\" title=\"'Abrasileirar os pre\u00e7os significa levar as nossas vantagens em conta, por\u00e9m, sem tirar o Brasil do contexto internacional', diz presidente da Petrobras\" src=\"https:\/\/s02.video.glbimg.com\/x240\/11621065.jpg\" alt=\"'Abrasileirar os pre\u00e7os significa levar as nossas vantagens em conta, por\u00e9m, sem tirar o Brasil do contexto internacional', diz presidente da Petrobras\" \/><\/div>\n<div id=\"wp3-player-3\" class=\"clappr-player\" tabindex=\"9999\" data-player=\"\">\n<div class=\"media-control media-control-hide h720 w960\">\n<div class=\"media-control-panel\">\n<div class=\"media-control-panel__modal\"><\/div>\n<\/div>\n<\/div>\n<\/div>\n<\/div>\n<\/section>\n<\/article>\n<\/div>\n<p class=\"content-media__description\">&#8216;Abrasileirar os pre\u00e7os significa levar as nossas vantagens em conta, por\u00e9m, sem tirar o Brasil do contexto internacional&#8217;, diz presidente da Petrobras<\/p>\n<\/div>\n<\/div>\n<\/div>\n<div id=\"chunk-6dm3p\">\n<div class=\"mc-column content-text active-extra-styles \" data-block-type=\"unstyled\" data-block-weight=\"19\" data-block-id=\"12\">\n<p class=\"content-text__container \" data-track-category=\"Link no Texto\" data-track-links=\"\">No in\u00edcio da manh\u00e3, a estatal anunciou uma nova pol\u00edtica de pre\u00e7os para os combust\u00edveis no mercado interno.<\/p>\n<\/div>\n<\/div>\n<div id=\"chunk-2ic3h\">\n<div class=\"mc-column content-text active-extra-styles \" data-block-type=\"unstyled\" data-block-weight=\"38\" data-block-id=\"13\">\n<p class=\"content-text__container \" data-track-category=\"Link no Texto\" data-track-links=\"\">Com isso, fica revogada a f\u00f3rmula da Paridade de Pre\u00e7o de Importa\u00e7\u00e3o (PPI), baseada nas oscila\u00e7\u00f5es do d\u00f3lar e do mercado internacional de \u00f3leo, e que contabilizava tamb\u00e9m os custos log\u00edsticos com transporte e taxas portu\u00e1rias, por exemplo.<\/p>\n<\/div>\n<\/div>\n<div id=\"chunk-8ujdn\">\n<div class=\"mc-column content-text active-extra-styles \" data-block-type=\"unstyled\" data-block-weight=\"57\" data-block-id=\"15\">\n<p class=\"content-text__container \" data-track-category=\"Link no Texto\" data-track-links=\"\">&#8220;Essa nova pol\u00edtica, al\u00e9m de servir a uma pol\u00edtica comercial adequada, que \u00e9 competir internamente e tornar os pre\u00e7os mais atrativos para o consumidor, vai diminuir o impacto na infla\u00e7\u00e3o. E vai ajudar o Brasil inclusive a sensibilizar, por exemplo, o Banco Central para que a gente possa diminuir a nossa taxa de juros&#8221;, afirmou Alexandre Silveira.<\/p>\n<\/div>\n<\/div>\n<div class=\"mc-column content-text active-extra-styles\" data-block-type=\"raw\" data-block-weight=\"48\" data-block-id=\"16\">\n<p class=\"content-text__container\">\n<blockquote class=\"content-blockquote theme-border-color-primary-before\"><p>&#8220;A Petrobras vai se livrar de muitas amarras que a colocavam, muitas vezes, at\u00e9 mal posicionada. Porque a volatilidade era obrigatoriamente cumprida por ela, muitas vezes, de forma a prejudicar o consumidor e a pr\u00f3pria empresa. Ganha o governo, mas ganham principalmente as brasileiras e os brasileiros&#8221;, declarou.<\/p><\/blockquote>\n<p>&nbsp;<\/p>\n<\/div>\n<div id=\"chunk-6rttq\">\n<div class=\"bs-video-block mc-column  content-media content-video\" data-block-type=\"backstage-video\" data-block-id=\"17\">\n<div class=\"content-media__container\">\n<div class=\"content-video__bigger-player-description-fixer\">\n<article class=\"content-video\">\n<section class=\"content-video__video-container\">\n<div class=\"content-video__video\">\n<div class=\"content-video__placeholder\" data-video-id=\"11621039\" data-video-has-viewport-play=\"True\"><img decoding=\"async\" class=\"content-video__placeholder__thumb\" title=\"Pre\u00e7o do g\u00e1s de cozinha cair\u00e1 'mais de 21%', diz ministro de Minas e Energia\" src=\"https:\/\/s04.video.glbimg.com\/x240\/11621039.jpg\" alt=\"Pre\u00e7o do g\u00e1s de cozinha cair\u00e1 'mais de 21%', diz ministro de Minas e Energia\" \/><\/div>\n<div id=\"wp3-player-4\" class=\"clappr-player\" tabindex=\"9999\" data-player=\"\">\n<div class=\"dfp-ad-overlay dfp-ad-overlay--poster-mode\"><\/div>\n<\/div>\n<\/div>\n<\/section>\n<\/article>\n<\/div>\n<\/div>\n<\/div>\n<\/div>\n<div class=\"mc-column content-text active-extra-styles\" data-block-type=\"raw\" data-block-weight=\"6\" data-block-id=\"19\">\n<p class=\"content-text__container\">\n<div class=\"content-intertitle\">\n<h2>Pre\u00e7os seguir\u00e3o &#8216;refer\u00eancia&#8217; internacional, diz Prates<\/h2>\n<\/div>\n<p>&nbsp;<\/p>\n<\/div>\n<div id=\"chunk-4c5q2\">\n<div class=\"mc-column content-text active-extra-styles \" data-block-type=\"unstyled\" data-block-weight=\"26\" data-block-id=\"20\">\n<p class=\"content-text__container \" data-track-category=\"Link no Texto\" data-track-links=\"\">Em seguida, o presidente da Petrobras, Jean Paul Prates, afirmou que a nova pol\u00edtica de pre\u00e7os da estatal n\u00e3o se afastar\u00e1 da &#8220;refer\u00eancia internacional dos pre\u00e7os&#8221;.<\/p>\n<\/div>\n<\/div>\n<div id=\"chunk-74p90\">\n<div class=\"mc-column content-text active-extra-styles \" data-block-type=\"unstyled\" data-block-weight=\"21\" data-block-id=\"21\">\n<p class=\"content-text__container \" data-track-category=\"Link no Texto\" data-track-links=\"\">Segundo ele, o pre\u00e7o global do petr\u00f3leo ser\u00e1 considerado, mas em outro modelo. A f\u00f3rmula anterior, diz Prates, era uma &#8220;abstra\u00e7\u00e3o&#8221;.<\/p>\n<\/div>\n<\/div>\n<div id=\"chunk-c1q06\">\n<div class=\"mc-column content-text active-extra-styles \" data-block-type=\"unstyled\" data-block-weight=\"36\" data-block-id=\"22\">\n<p class=\"content-text__container \" data-track-category=\"Link no Texto\" data-track-links=\"\">&#8220;Estamos comunicando ao mercado um ajuste na estrat\u00e9gia comercial de composi\u00e7\u00e3o de pre\u00e7o e nas condi\u00e7\u00f5es de venda. Esse modelo maximiza a incorpora\u00e7\u00e3o de vantagens competitivas, sem se afastar absolutamente da refer\u00eancia internacional dos pre\u00e7os&#8221;, disse.<\/p>\n<\/div>\n<\/div>\n<div class=\"mc-column content-text active-extra-styles\" data-block-type=\"raw\" data-block-weight=\"44\" data-block-id=\"23\">\n<p class=\"content-text__container\">\n<blockquote class=\"content-blockquote theme-border-color-primary-before\"><p>&#8220;Quando digo refer\u00eancia, n\u00e3o \u00e9 paridade de importa\u00e7\u00e3o. Portanto, quando o mercado l\u00e1 fora estiver aquecido, com pre\u00e7os fora do comum e mais altos, isso ser\u00e1 refletido no Brasil. Porque abrasileirar o pre\u00e7o significa levar vantagens em conta, sem tirar nossas vantagens nacionais&#8221;, disse.<\/p><\/blockquote>\n<\/div>\n<div data-track-category=\"multicontent\" data-track-action=\"ultimo chunk conteudo\" data-track-noninteraction=\"false\" data-track-scroll=\"view\">\n<div id=\"chunk-1uj0i\">\n<div class=\"mc-column content-text active-extra-styles \" data-block-type=\"unstyled\" data-block-weight=\"27\" data-block-id=\"24\">\n<p class=\"content-text__container \" data-track-category=\"Link no Texto\" data-track-links=\"\">&#8220;Paridade de importa\u00e7\u00e3o era uma abstra\u00e7\u00e3o. Pegar pre\u00e7o l\u00e1 fora, colocar aqui dentro como se tivesse produzido l\u00e1 fora, s\u00f3 que na porta da refinaria daqui&#8221;, continuou.<\/p>\n<p data-track-category=\"Link no Texto\" data-track-links=\"\"><strong>Noticias em Destaque<\/strong><\/p>\n<p style=\"text-align: right;\" data-track-category=\"Link no Texto\" data-track-links=\"\"><em>Fonte: G1<\/em><\/p>\n<\/div>\n<\/div>\n<\/div>\n<\/div>\n<\/div>\n<\/div>\n","protected":false},"excerpt":{"rendered":"<p>O presidente da Petrobras, Jean Paul Prates, anunciou nesta ter\u00e7a-feira (16) a\u00a0redu\u00e7\u00e3o nos pre\u00e7os da gasolina, do \u00f3leo diesel e do g\u00e1s de cozinha (GLP). Os novos pre\u00e7os valem a partir desta quarta (17). A afirma\u00e7\u00e3o foi feita ao lado do ministro de Minas e Energia, Alexandre Silveira, ap\u00f3s reuni\u00e3o entre os dois em Bras\u00edlia. Segundo Jean Paul Prates, as\u00a0redu\u00e7\u00f5es nas distribuidoras ser\u00e3o as seguintes: gasolina A:\u00a0redu\u00e7\u00e3o de R$ 0,40 por litro (-12,6%); diesel A:\u00a0redu\u00e7\u00e3o de R$ 0,44 por litro (-12,8%); g\u00e1s de cozinha (GLP):\u00a0redu\u00e7\u00e3o de R$ 8,97 por botij\u00e3o de 13 kgs (-21,3%). &nbsp; Com essa redu\u00e7\u00e3o, segundo a Petrobras,\u00a0o pre\u00e7o do botij\u00e3o de g\u00e1s para o consumidor final pode cair abaixo dos R$ 100. O valor praticado na revenda, no entanto, n\u00e3o \u00e9 controlado diretamente pelo governo. As denomina\u00e7\u00f5es &#8220;gasolina A&#8221; e &#8220;diesel A&#8221; se referem ao combust\u00edvel puro \u2013 antes da mistura com \u00e1lcool e biodiesel, respectivamente. &#8220;Destaca-se que o valor efetivamente cobrado ao consumidor final no posto \u00e9 afetado tamb\u00e9m por outros fatores como impostos, mistura de biocombust\u00edveis e margens de lucro da distribui\u00e7\u00e3o e da revenda&#8221;, diz a Petrobras no an\u00fancio. &#8216;Abrasileirar os pre\u00e7os significa levar as nossas vantagens em conta, por\u00e9m, sem tirar o Brasil do contexto internacional&#8217;, diz presidente da Petrobras No in\u00edcio da manh\u00e3, a estatal anunciou uma nova pol\u00edtica de pre\u00e7os para os combust\u00edveis no mercado interno. Com isso, fica revogada a f\u00f3rmula da Paridade de Pre\u00e7o de Importa\u00e7\u00e3o (PPI), baseada nas oscila\u00e7\u00f5es do d\u00f3lar e do mercado internacional de \u00f3leo, e que contabilizava tamb\u00e9m os custos log\u00edsticos com transporte e taxas portu\u00e1rias, por exemplo. &#8220;Essa nova pol\u00edtica, al\u00e9m de servir a uma pol\u00edtica comercial adequada, que \u00e9 competir internamente e tornar os pre\u00e7os mais atrativos para o consumidor, vai diminuir o impacto na infla\u00e7\u00e3o. E vai ajudar o Brasil inclusive a sensibilizar, por exemplo, o Banco Central para que a gente possa diminuir a nossa taxa de juros&#8221;, afirmou Alexandre Silveira. &#8220;A Petrobras vai se livrar de muitas amarras que a colocavam, muitas vezes, at\u00e9 mal posicionada. Porque a volatilidade era obrigatoriamente cumprida por ela, muitas vezes, de forma a prejudicar o consumidor e a pr\u00f3pria empresa. Ganha o governo, mas ganham principalmente as brasileiras e os brasileiros&#8221;, declarou. &nbsp; Pre\u00e7os seguir\u00e3o &#8216;refer\u00eancia&#8217; internacional, diz Prates &nbsp; Em seguida, o presidente da Petrobras, Jean Paul Prates, afirmou que a nova pol\u00edtica de pre\u00e7os da estatal n\u00e3o se afastar\u00e1 da &#8220;refer\u00eancia internacional dos pre\u00e7os&#8221;. Segundo ele, o pre\u00e7o global do petr\u00f3leo ser\u00e1 considerado, mas em outro modelo. A f\u00f3rmula anterior, diz Prates, era uma &#8220;abstra\u00e7\u00e3o&#8221;. &#8220;Estamos comunicando ao mercado um ajuste na estrat\u00e9gia comercial de composi\u00e7\u00e3o de pre\u00e7o e nas condi\u00e7\u00f5es de venda. Esse modelo maximiza a incorpora\u00e7\u00e3o de vantagens competitivas, sem se afastar absolutamente da refer\u00eancia internacional dos pre\u00e7os&#8221;, disse. &#8220;Quando digo refer\u00eancia, n\u00e3o \u00e9 paridade de importa\u00e7\u00e3o. Portanto, quando o mercado l\u00e1 fora estiver aquecido, com pre\u00e7os fora do comum e mais altos, isso ser\u00e1 refletido no Brasil. Porque abrasileirar o pre\u00e7o significa levar vantagens em conta, sem tirar nossas vantagens nacionais&#8221;, disse. &#8220;Paridade de importa\u00e7\u00e3o era uma abstra\u00e7\u00e3o. Pegar pre\u00e7o l\u00e1 fora, colocar aqui dentro como se tivesse produzido l\u00e1 fora, s\u00f3 que na porta da refinaria daqui&#8221;, continuou. Noticias em Destaque Fonte: G1<\/p>\n","protected":false},"author":2,"featured_media":48385,"comment_status":"closed","ping_status":"open","sticky":false,"template":"","format":"standard","meta":{"_eb_attr":"","_jetpack_memberships_contains_paid_content":false,"footnotes":""},"categories":[11],"tags":[],"class_list":["post-48383","post","type-post","status-publish","format-standard","has-post-thumbnail","hentry","category-economia"],"yoast_head":"<!-- This site is optimized with the Yoast SEO plugin v26.5 - https:\/\/yoast.com\/wordpress\/plugins\/seo\/ -->\n<title>Petrobras anuncia redu\u00e7\u00e3o de 21,3% no g\u00e1s de cozinha, 12,6% na gasolina e 12,8% no diesel - Not&iacute;cias em Destaque<\/title>\n<meta name=\"robots\" content=\"index, follow, max-snippet:-1, max-image-preview:large, max-video-preview:-1\" \/>\n<link rel=\"canonical\" href=\"https:\/\/noticiasemdestaque.com\/cd\/?p=48383\" \/>\n<meta property=\"og:locale\" content=\"pt_BR\" \/>\n<meta property=\"og:type\" content=\"article\" \/>\n<meta property=\"og:title\" content=\"Petrobras anuncia redu\u00e7\u00e3o de 21,3% no g\u00e1s de cozinha, 12,6% na gasolina e 12,8% no diesel - Not&iacute;cias em Destaque\" \/>\n<meta property=\"og:description\" content=\"O presidente da Petrobras, Jean Paul Prates, anunciou nesta ter\u00e7a-feira (16) a\u00a0redu\u00e7\u00e3o nos pre\u00e7os da gasolina, do \u00f3leo diesel e do g\u00e1s de cozinha (GLP). Os novos pre\u00e7os valem a partir desta quarta (17). A afirma\u00e7\u00e3o foi feita ao lado do ministro de Minas e Energia, Alexandre Silveira, ap\u00f3s reuni\u00e3o entre os dois em Bras\u00edlia. Segundo Jean Paul Prates, as\u00a0redu\u00e7\u00f5es nas distribuidoras ser\u00e3o as seguintes: gasolina A:\u00a0redu\u00e7\u00e3o de R$ 0,40 por litro (-12,6%); diesel A:\u00a0redu\u00e7\u00e3o de R$ 0,44 por litro (-12,8%); g\u00e1s de cozinha (GLP):\u00a0redu\u00e7\u00e3o de R$ 8,97 por botij\u00e3o de 13 kgs (-21,3%). &nbsp; Com essa redu\u00e7\u00e3o, segundo a Petrobras,\u00a0o pre\u00e7o do botij\u00e3o de g\u00e1s para o consumidor final pode cair abaixo dos R$ 100. O valor praticado na revenda, no entanto, n\u00e3o \u00e9 controlado diretamente pelo governo. As denomina\u00e7\u00f5es &#8220;gasolina A&#8221; e &#8220;diesel A&#8221; se referem ao combust\u00edvel puro \u2013 antes da mistura com \u00e1lcool e biodiesel, respectivamente. &#8220;Destaca-se que o valor efetivamente cobrado ao consumidor final no posto \u00e9 afetado tamb\u00e9m por outros fatores como impostos, mistura de biocombust\u00edveis e margens de lucro da distribui\u00e7\u00e3o e da revenda&#8221;, diz a Petrobras no an\u00fancio. &#8216;Abrasileirar os pre\u00e7os significa levar as nossas vantagens em conta, por\u00e9m, sem tirar o Brasil do contexto internacional&#8217;, diz presidente da Petrobras No in\u00edcio da manh\u00e3, a estatal anunciou uma nova pol\u00edtica de pre\u00e7os para os combust\u00edveis no mercado interno. Com isso, fica revogada a f\u00f3rmula da Paridade de Pre\u00e7o de Importa\u00e7\u00e3o (PPI), baseada nas oscila\u00e7\u00f5es do d\u00f3lar e do mercado internacional de \u00f3leo, e que contabilizava tamb\u00e9m os custos log\u00edsticos com transporte e taxas portu\u00e1rias, por exemplo. &#8220;Essa nova pol\u00edtica, al\u00e9m de servir a uma pol\u00edtica comercial adequada, que \u00e9 competir internamente e tornar os pre\u00e7os mais atrativos para o consumidor, vai diminuir o impacto na infla\u00e7\u00e3o. E vai ajudar o Brasil inclusive a sensibilizar, por exemplo, o Banco Central para que a gente possa diminuir a nossa taxa de juros&#8221;, afirmou Alexandre Silveira. &#8220;A Petrobras vai se livrar de muitas amarras que a colocavam, muitas vezes, at\u00e9 mal posicionada. Porque a volatilidade era obrigatoriamente cumprida por ela, muitas vezes, de forma a prejudicar o consumidor e a pr\u00f3pria empresa. Ganha o governo, mas ganham principalmente as brasileiras e os brasileiros&#8221;, declarou. &nbsp; Pre\u00e7os seguir\u00e3o &#8216;refer\u00eancia&#8217; internacional, diz Prates &nbsp; Em seguida, o presidente da Petrobras, Jean Paul Prates, afirmou que a nova pol\u00edtica de pre\u00e7os da estatal n\u00e3o se afastar\u00e1 da &#8220;refer\u00eancia internacional dos pre\u00e7os&#8221;. Segundo ele, o pre\u00e7o global do petr\u00f3leo ser\u00e1 considerado, mas em outro modelo. A f\u00f3rmula anterior, diz Prates, era uma &#8220;abstra\u00e7\u00e3o&#8221;. &#8220;Estamos comunicando ao mercado um ajuste na estrat\u00e9gia comercial de composi\u00e7\u00e3o de pre\u00e7o e nas condi\u00e7\u00f5es de venda. Esse modelo maximiza a incorpora\u00e7\u00e3o de vantagens competitivas, sem se afastar absolutamente da refer\u00eancia internacional dos pre\u00e7os&#8221;, disse. &#8220;Quando digo refer\u00eancia, n\u00e3o \u00e9 paridade de importa\u00e7\u00e3o. Portanto, quando o mercado l\u00e1 fora estiver aquecido, com pre\u00e7os fora do comum e mais altos, isso ser\u00e1 refletido no Brasil. Porque abrasileirar o pre\u00e7o significa levar vantagens em conta, sem tirar nossas vantagens nacionais&#8221;, disse. &#8220;Paridade de importa\u00e7\u00e3o era uma abstra\u00e7\u00e3o. Pegar pre\u00e7o l\u00e1 fora, colocar aqui dentro como se tivesse produzido l\u00e1 fora, s\u00f3 que na porta da refinaria daqui&#8221;, continuou. Noticias em Destaque Fonte: G1\" \/>\n<meta property=\"og:url\" content=\"https:\/\/noticiasemdestaque.com\/cd\/?p=48383\" \/>\n<meta property=\"og:site_name\" content=\"Not&iacute;cias em Destaque\" \/>\n<meta property=\"article:published_time\" content=\"2023-05-16T16:02:20+00:00\" \/>\n<meta property=\"og:image\" content=\"https:\/\/noticiasemdestaque.com\/cd\/wp-content\/uploads\/2023\/05\/fiscalizacao-postos-de-combustivel_mcamgo_abr_150320211818-24-780x520-1.webp\" \/>\n\t<meta property=\"og:image:width\" content=\"780\" \/>\n\t<meta property=\"og:image:height\" content=\"520\" \/>\n\t<meta property=\"og:image:type\" content=\"image\/webp\" \/>\n<meta name=\"author\" content=\"Not\u00edcias em Destaque\" \/>\n<meta name=\"twitter:card\" content=\"summary_large_image\" \/>\n<meta name=\"twitter:label1\" content=\"Escrito por\" \/>\n\t<meta name=\"twitter:data1\" content=\"Not\u00edcias em Destaque\" \/>\n\t<meta name=\"twitter:label2\" content=\"Est. tempo de leitura\" \/>\n\t<meta name=\"twitter:data2\" content=\"4 minutos\" \/>\n<script type=\"application\/ld+json\" class=\"yoast-schema-graph\">{\"@context\":\"https:\/\/schema.org\",\"@graph\":[{\"@type\":\"Article\",\"@id\":\"https:\/\/noticiasemdestaque.com\/cd\/?p=48383#article\",\"isPartOf\":{\"@id\":\"https:\/\/noticiasemdestaque.com\/cd\/?p=48383\"},\"author\":{\"name\":\"Not\u00edcias em Destaque\",\"@id\":\"https:\/\/noticiasemdestaque.com\/cd\/#\/schema\/person\/4a81fb71f77579d059c3045891fa1786\"},\"headline\":\"Petrobras anuncia redu\u00e7\u00e3o de 21,3% no g\u00e1s de cozinha, 12,6% na gasolina e 12,8% no diesel\",\"datePublished\":\"2023-05-16T16:02:20+00:00\",\"mainEntityOfPage\":{\"@id\":\"https:\/\/noticiasemdestaque.com\/cd\/?p=48383\"},\"wordCount\":619,\"publisher\":{\"@id\":\"https:\/\/noticiasemdestaque.com\/cd\/#organization\"},\"image\":{\"@id\":\"https:\/\/noticiasemdestaque.com\/cd\/?p=48383#primaryimage\"},\"thumbnailUrl\":\"https:\/\/noticiasemdestaque.com\/cd\/wp-content\/uploads\/2023\/05\/fiscalizacao-postos-de-combustivel_mcamgo_abr_150320211818-24-780x520-1.webp\",\"articleSection\":[\"Economia\"],\"inLanguage\":\"pt-BR\"},{\"@type\":\"WebPage\",\"@id\":\"https:\/\/noticiasemdestaque.com\/cd\/?p=48383\",\"url\":\"https:\/\/noticiasemdestaque.com\/cd\/?p=48383\",\"name\":\"Petrobras anuncia redu\u00e7\u00e3o de 21,3% no g\u00e1s de cozinha, 12,6% na gasolina e 12,8% no diesel - Not&iacute;cias em Destaque\",\"isPartOf\":{\"@id\":\"https:\/\/noticiasemdestaque.com\/cd\/#website\"},\"primaryImageOfPage\":{\"@id\":\"https:\/\/noticiasemdestaque.com\/cd\/?p=48383#primaryimage\"},\"image\":{\"@id\":\"https:\/\/noticiasemdestaque.com\/cd\/?p=48383#primaryimage\"},\"thumbnailUrl\":\"https:\/\/noticiasemdestaque.com\/cd\/wp-content\/uploads\/2023\/05\/fiscalizacao-postos-de-combustivel_mcamgo_abr_150320211818-24-780x520-1.webp\",\"datePublished\":\"2023-05-16T16:02:20+00:00\",\"breadcrumb\":{\"@id\":\"https:\/\/noticiasemdestaque.com\/cd\/?p=48383#breadcrumb\"},\"inLanguage\":\"pt-BR\",\"potentialAction\":[{\"@type\":\"ReadAction\",\"target\":[\"https:\/\/noticiasemdestaque.com\/cd\/?p=48383\"]}]},{\"@type\":\"ImageObject\",\"inLanguage\":\"pt-BR\",\"@id\":\"https:\/\/noticiasemdestaque.com\/cd\/?p=48383#primaryimage\",\"url\":\"https:\/\/noticiasemdestaque.com\/cd\/wp-content\/uploads\/2023\/05\/fiscalizacao-postos-de-combustivel_mcamgo_abr_150320211818-24-780x520-1.webp\",\"contentUrl\":\"https:\/\/noticiasemdestaque.com\/cd\/wp-content\/uploads\/2023\/05\/fiscalizacao-postos-de-combustivel_mcamgo_abr_150320211818-24-780x520-1.webp\",\"width\":780,\"height\":520},{\"@type\":\"BreadcrumbList\",\"@id\":\"https:\/\/noticiasemdestaque.com\/cd\/?p=48383#breadcrumb\",\"itemListElement\":[{\"@type\":\"ListItem\",\"position\":1,\"name\":\"In\u00edcio\",\"item\":\"https:\/\/noticiasemdestaque.com\/cd\/\"},{\"@type\":\"ListItem\",\"position\":2,\"name\":\"Petrobras anuncia redu\u00e7\u00e3o de 21,3% no g\u00e1s de cozinha, 12,6% na gasolina e 12,8% no diesel\"}]},{\"@type\":\"WebSite\",\"@id\":\"https:\/\/noticiasemdestaque.com\/cd\/#website\",\"url\":\"https:\/\/noticiasemdestaque.com\/cd\/\",\"name\":\"Not&iacute;cias em Destaque\",\"description\":\"\",\"publisher\":{\"@id\":\"https:\/\/noticiasemdestaque.com\/cd\/#organization\"},\"potentialAction\":[{\"@type\":\"SearchAction\",\"target\":{\"@type\":\"EntryPoint\",\"urlTemplate\":\"https:\/\/noticiasemdestaque.com\/cd\/?s={search_term_string}\"},\"query-input\":{\"@type\":\"PropertyValueSpecification\",\"valueRequired\":true,\"valueName\":\"search_term_string\"}}],\"inLanguage\":\"pt-BR\"},{\"@type\":\"Organization\",\"@id\":\"https:\/\/noticiasemdestaque.com\/cd\/#organization\",\"name\":\"Not\u00edcias em Destaque\",\"url\":\"https:\/\/noticiasemdestaque.com\/cd\/\",\"logo\":{\"@type\":\"ImageObject\",\"inLanguage\":\"pt-BR\",\"@id\":\"https:\/\/noticiasemdestaque.com\/cd\/#\/schema\/logo\/image\/\",\"url\":\"https:\/\/noticiasemdestaque.com\/cd\/wp-content\/uploads\/2022\/05\/imagem-base-noticiasemdestaque.png\",\"contentUrl\":\"https:\/\/noticiasemdestaque.com\/cd\/wp-content\/uploads\/2022\/05\/imagem-base-noticiasemdestaque.png\",\"width\":1200,\"height\":630,\"caption\":\"Not\u00edcias em Destaque\"},\"image\":{\"@id\":\"https:\/\/noticiasemdestaque.com\/cd\/#\/schema\/logo\/image\/\"}},{\"@type\":\"Person\",\"@id\":\"https:\/\/noticiasemdestaque.com\/cd\/#\/schema\/person\/4a81fb71f77579d059c3045891fa1786\",\"name\":\"Not\u00edcias em Destaque\",\"url\":\"https:\/\/noticiasemdestaque.com\/cd\/?author=2\"}]}<\/script>\n<!-- \/ Yoast SEO plugin. -->","yoast_head_json":{"title":"Petrobras anuncia redu\u00e7\u00e3o de 21,3% no g\u00e1s de cozinha, 12,6% na gasolina e 12,8% no diesel - Not&iacute;cias em Destaque","robots":{"index":"index","follow":"follow","max-snippet":"max-snippet:-1","max-image-preview":"max-image-preview:large","max-video-preview":"max-video-preview:-1"},"canonical":"https:\/\/noticiasemdestaque.com\/cd\/?p=48383","og_locale":"pt_BR","og_type":"article","og_title":"Petrobras anuncia redu\u00e7\u00e3o de 21,3% no g\u00e1s de cozinha, 12,6% na gasolina e 12,8% no diesel - Not&iacute;cias em Destaque","og_description":"O presidente da Petrobras, Jean Paul Prates, anunciou nesta ter\u00e7a-feira (16) a\u00a0redu\u00e7\u00e3o nos pre\u00e7os da gasolina, do \u00f3leo diesel e do g\u00e1s de cozinha (GLP). Os novos pre\u00e7os valem a partir desta quarta (17). A afirma\u00e7\u00e3o foi feita ao lado do ministro de Minas e Energia, Alexandre Silveira, ap\u00f3s reuni\u00e3o entre os dois em Bras\u00edlia. Segundo Jean Paul Prates, as\u00a0redu\u00e7\u00f5es nas distribuidoras ser\u00e3o as seguintes: gasolina A:\u00a0redu\u00e7\u00e3o de R$ 0,40 por litro (-12,6%); diesel A:\u00a0redu\u00e7\u00e3o de R$ 0,44 por litro (-12,8%); g\u00e1s de cozinha (GLP):\u00a0redu\u00e7\u00e3o de R$ 8,97 por botij\u00e3o de 13 kgs (-21,3%). &nbsp; Com essa redu\u00e7\u00e3o, segundo a Petrobras,\u00a0o pre\u00e7o do botij\u00e3o de g\u00e1s para o consumidor final pode cair abaixo dos R$ 100. O valor praticado na revenda, no entanto, n\u00e3o \u00e9 controlado diretamente pelo governo. As denomina\u00e7\u00f5es &#8220;gasolina A&#8221; e &#8220;diesel A&#8221; se referem ao combust\u00edvel puro \u2013 antes da mistura com \u00e1lcool e biodiesel, respectivamente. &#8220;Destaca-se que o valor efetivamente cobrado ao consumidor final no posto \u00e9 afetado tamb\u00e9m por outros fatores como impostos, mistura de biocombust\u00edveis e margens de lucro da distribui\u00e7\u00e3o e da revenda&#8221;, diz a Petrobras no an\u00fancio. &#8216;Abrasileirar os pre\u00e7os significa levar as nossas vantagens em conta, por\u00e9m, sem tirar o Brasil do contexto internacional&#8217;, diz presidente da Petrobras No in\u00edcio da manh\u00e3, a estatal anunciou uma nova pol\u00edtica de pre\u00e7os para os combust\u00edveis no mercado interno. Com isso, fica revogada a f\u00f3rmula da Paridade de Pre\u00e7o de Importa\u00e7\u00e3o (PPI), baseada nas oscila\u00e7\u00f5es do d\u00f3lar e do mercado internacional de \u00f3leo, e que contabilizava tamb\u00e9m os custos log\u00edsticos com transporte e taxas portu\u00e1rias, por exemplo. &#8220;Essa nova pol\u00edtica, al\u00e9m de servir a uma pol\u00edtica comercial adequada, que \u00e9 competir internamente e tornar os pre\u00e7os mais atrativos para o consumidor, vai diminuir o impacto na infla\u00e7\u00e3o. E vai ajudar o Brasil inclusive a sensibilizar, por exemplo, o Banco Central para que a gente possa diminuir a nossa taxa de juros&#8221;, afirmou Alexandre Silveira. &#8220;A Petrobras vai se livrar de muitas amarras que a colocavam, muitas vezes, at\u00e9 mal posicionada. Porque a volatilidade era obrigatoriamente cumprida por ela, muitas vezes, de forma a prejudicar o consumidor e a pr\u00f3pria empresa. Ganha o governo, mas ganham principalmente as brasileiras e os brasileiros&#8221;, declarou. &nbsp; Pre\u00e7os seguir\u00e3o &#8216;refer\u00eancia&#8217; internacional, diz Prates &nbsp; Em seguida, o presidente da Petrobras, Jean Paul Prates, afirmou que a nova pol\u00edtica de pre\u00e7os da estatal n\u00e3o se afastar\u00e1 da &#8220;refer\u00eancia internacional dos pre\u00e7os&#8221;. Segundo ele, o pre\u00e7o global do petr\u00f3leo ser\u00e1 considerado, mas em outro modelo. A f\u00f3rmula anterior, diz Prates, era uma &#8220;abstra\u00e7\u00e3o&#8221;. &#8220;Estamos comunicando ao mercado um ajuste na estrat\u00e9gia comercial de composi\u00e7\u00e3o de pre\u00e7o e nas condi\u00e7\u00f5es de venda. Esse modelo maximiza a incorpora\u00e7\u00e3o de vantagens competitivas, sem se afastar absolutamente da refer\u00eancia internacional dos pre\u00e7os&#8221;, disse. &#8220;Quando digo refer\u00eancia, n\u00e3o \u00e9 paridade de importa\u00e7\u00e3o. Portanto, quando o mercado l\u00e1 fora estiver aquecido, com pre\u00e7os fora do comum e mais altos, isso ser\u00e1 refletido no Brasil. Porque abrasileirar o pre\u00e7o significa levar vantagens em conta, sem tirar nossas vantagens nacionais&#8221;, disse. &#8220;Paridade de importa\u00e7\u00e3o era uma abstra\u00e7\u00e3o. Pegar pre\u00e7o l\u00e1 fora, colocar aqui dentro como se tivesse produzido l\u00e1 fora, s\u00f3 que na porta da refinaria daqui&#8221;, continuou. Noticias em Destaque Fonte: G1","og_url":"https:\/\/noticiasemdestaque.com\/cd\/?p=48383","og_site_name":"Not&iacute;cias em Destaque","article_published_time":"2023-05-16T16:02:20+00:00","og_image":[{"width":780,"height":520,"url":"https:\/\/noticiasemdestaque.com\/cd\/wp-content\/uploads\/2023\/05\/fiscalizacao-postos-de-combustivel_mcamgo_abr_150320211818-24-780x520-1.webp","type":"image\/webp"}],"author":"Not\u00edcias em Destaque","twitter_card":"summary_large_image","twitter_misc":{"Escrito por":"Not\u00edcias em Destaque","Est. tempo de leitura":"4 minutos"},"schema":{"@context":"https:\/\/schema.org","@graph":[{"@type":"Article","@id":"https:\/\/noticiasemdestaque.com\/cd\/?p=48383#article","isPartOf":{"@id":"https:\/\/noticiasemdestaque.com\/cd\/?p=48383"},"author":{"name":"Not\u00edcias em Destaque","@id":"https:\/\/noticiasemdestaque.com\/cd\/#\/schema\/person\/4a81fb71f77579d059c3045891fa1786"},"headline":"Petrobras anuncia redu\u00e7\u00e3o de 21,3% no g\u00e1s de cozinha, 12,6% na gasolina e 12,8% no diesel","datePublished":"2023-05-16T16:02:20+00:00","mainEntityOfPage":{"@id":"https:\/\/noticiasemdestaque.com\/cd\/?p=48383"},"wordCount":619,"publisher":{"@id":"https:\/\/noticiasemdestaque.com\/cd\/#organization"},"image":{"@id":"https:\/\/noticiasemdestaque.com\/cd\/?p=48383#primaryimage"},"thumbnailUrl":"https:\/\/noticiasemdestaque.com\/cd\/wp-content\/uploads\/2023\/05\/fiscalizacao-postos-de-combustivel_mcamgo_abr_150320211818-24-780x520-1.webp","articleSection":["Economia"],"inLanguage":"pt-BR"},{"@type":"WebPage","@id":"https:\/\/noticiasemdestaque.com\/cd\/?p=48383","url":"https:\/\/noticiasemdestaque.com\/cd\/?p=48383","name":"Petrobras anuncia redu\u00e7\u00e3o de 21,3% no g\u00e1s de cozinha, 12,6% na gasolina e 12,8% no diesel - Not&iacute;cias em Destaque","isPartOf":{"@id":"https:\/\/noticiasemdestaque.com\/cd\/#website"},"primaryImageOfPage":{"@id":"https:\/\/noticiasemdestaque.com\/cd\/?p=48383#primaryimage"},"image":{"@id":"https:\/\/noticiasemdestaque.com\/cd\/?p=48383#primaryimage"},"thumbnailUrl":"https:\/\/noticiasemdestaque.com\/cd\/wp-content\/uploads\/2023\/05\/fiscalizacao-postos-de-combustivel_mcamgo_abr_150320211818-24-780x520-1.webp","datePublished":"2023-05-16T16:02:20+00:00","breadcrumb":{"@id":"https:\/\/noticiasemdestaque.com\/cd\/?p=48383#breadcrumb"},"inLanguage":"pt-BR","potentialAction":[{"@type":"ReadAction","target":["https:\/\/noticiasemdestaque.com\/cd\/?p=48383"]}]},{"@type":"ImageObject","inLanguage":"pt-BR","@id":"https:\/\/noticiasemdestaque.com\/cd\/?p=48383#primaryimage","url":"https:\/\/noticiasemdestaque.com\/cd\/wp-content\/uploads\/2023\/05\/fiscalizacao-postos-de-combustivel_mcamgo_abr_150320211818-24-780x520-1.webp","contentUrl":"https:\/\/noticiasemdestaque.com\/cd\/wp-content\/uploads\/2023\/05\/fiscalizacao-postos-de-combustivel_mcamgo_abr_150320211818-24-780x520-1.webp","width":780,"height":520},{"@type":"BreadcrumbList","@id":"https:\/\/noticiasemdestaque.com\/cd\/?p=48383#breadcrumb","itemListElement":[{"@type":"ListItem","position":1,"name":"In\u00edcio","item":"https:\/\/noticiasemdestaque.com\/cd\/"},{"@type":"ListItem","position":2,"name":"Petrobras anuncia redu\u00e7\u00e3o de 21,3% no g\u00e1s de cozinha, 12,6% na gasolina e 12,8% no diesel"}]},{"@type":"WebSite","@id":"https:\/\/noticiasemdestaque.com\/cd\/#website","url":"https:\/\/noticiasemdestaque.com\/cd\/","name":"Not&iacute;cias em Destaque","description":"","publisher":{"@id":"https:\/\/noticiasemdestaque.com\/cd\/#organization"},"potentialAction":[{"@type":"SearchAction","target":{"@type":"EntryPoint","urlTemplate":"https:\/\/noticiasemdestaque.com\/cd\/?s={search_term_string}"},"query-input":{"@type":"PropertyValueSpecification","valueRequired":true,"valueName":"search_term_string"}}],"inLanguage":"pt-BR"},{"@type":"Organization","@id":"https:\/\/noticiasemdestaque.com\/cd\/#organization","name":"Not\u00edcias em Destaque","url":"https:\/\/noticiasemdestaque.com\/cd\/","logo":{"@type":"ImageObject","inLanguage":"pt-BR","@id":"https:\/\/noticiasemdestaque.com\/cd\/#\/schema\/logo\/image\/","url":"https:\/\/noticiasemdestaque.com\/cd\/wp-content\/uploads\/2022\/05\/imagem-base-noticiasemdestaque.png","contentUrl":"https:\/\/noticiasemdestaque.com\/cd\/wp-content\/uploads\/2022\/05\/imagem-base-noticiasemdestaque.png","width":1200,"height":630,"caption":"Not\u00edcias em Destaque"},"image":{"@id":"https:\/\/noticiasemdestaque.com\/cd\/#\/schema\/logo\/image\/"}},{"@type":"Person","@id":"https:\/\/noticiasemdestaque.com\/cd\/#\/schema\/person\/4a81fb71f77579d059c3045891fa1786","name":"Not\u00edcias em Destaque","url":"https:\/\/noticiasemdestaque.com\/cd\/?author=2"}]}},"jetpack_featured_media_url":"https:\/\/noticiasemdestaque.com\/cd\/wp-content\/uploads\/2023\/05\/fiscalizacao-postos-de-combustivel_mcamgo_abr_150320211818-24-780x520-1.webp","jetpack_sharing_enabled":true,"_links":{"self":[{"href":"https:\/\/noticiasemdestaque.com\/cd\/index.php?rest_route=\/wp\/v2\/posts\/48383","targetHints":{"allow":["GET"]}}],"collection":[{"href":"https:\/\/noticiasemdestaque.com\/cd\/index.php?rest_route=\/wp\/v2\/posts"}],"about":[{"href":"https:\/\/noticiasemdestaque.com\/cd\/index.php?rest_route=\/wp\/v2\/types\/post"}],"author":[{"embeddable":true,"href":"https:\/\/noticiasemdestaque.com\/cd\/index.php?rest_route=\/wp\/v2\/users\/2"}],"replies":[{"embeddable":true,"href":"https:\/\/noticiasemdestaque.com\/cd\/index.php?rest_route=%2Fwp%2Fv2%2Fcomments&post=48383"}],"version-history":[{"count":1,"href":"https:\/\/noticiasemdestaque.com\/cd\/index.php?rest_route=\/wp\/v2\/posts\/48383\/revisions"}],"predecessor-version":[{"id":48386,"href":"https:\/\/noticiasemdestaque.com\/cd\/index.php?rest_route=\/wp\/v2\/posts\/48383\/revisions\/48386"}],"wp:featuredmedia":[{"embeddable":true,"href":"https:\/\/noticiasemdestaque.com\/cd\/index.php?rest_route=\/wp\/v2\/media\/48385"}],"wp:attachment":[{"href":"https:\/\/noticiasemdestaque.com\/cd\/index.php?rest_route=%2Fwp%2Fv2%2Fmedia&parent=48383"}],"wp:term":[{"taxonomy":"category","embeddable":true,"href":"https:\/\/noticiasemdestaque.com\/cd\/index.php?rest_route=%2Fwp%2Fv2%2Fcategories&post=48383"},{"taxonomy":"post_tag","embeddable":true,"href":"https:\/\/noticiasemdestaque.com\/cd\/index.php?rest_route=%2Fwp%2Fv2%2Ftags&post=48383"}],"curies":[{"name":"wp","href":"https:\/\/api.w.org\/{rel}","templated":true}]}}