{"id":48373,"date":"2023-05-15T18:08:27","date_gmt":"2023-05-15T21:08:27","guid":{"rendered":"https:\/\/noticiasemdestaque.com\/cd\/?p=48373"},"modified":"2023-05-15T18:11:05","modified_gmt":"2023-05-15T21:11:05","slug":"prefeitura-de-camalau-promove-festa-em-comemoracao-ao-dia-das-maes-no-distrito-do-pindurao","status":"publish","type":"post","link":"https:\/\/noticiasemdestaque.com\/cd\/?p=48373","title":{"rendered":"Prefeitura de Camala\u00fa promove festa em comemora\u00e7\u00e3o ao \u2018Dia das M\u00e3es\u2019 no distrito do Pindur\u00e3o"},"content":{"rendered":"<p><a href=\"https:\/\/noticiasemdestaque.com\/cd\/wp-content\/uploads\/2021\/02\/TV-CARIRI-CAMALAU-PB-1536x864-1.jpg\"><img fetchpriority=\"high\" decoding=\"async\" class=\"alignnone wp-image-29296\" src=\"https:\/\/noticiasemdestaque.com\/cd\/wp-content\/uploads\/2021\/02\/TV-CARIRI-CAMALAU-PB-1536x864-1-300x169.jpg\" alt=\"\" width=\"1228\" height=\"692\" srcset=\"https:\/\/noticiasemdestaque.com\/cd\/wp-content\/uploads\/2021\/02\/TV-CARIRI-CAMALAU-PB-1536x864-1-300x169.jpg 300w, https:\/\/noticiasemdestaque.com\/cd\/wp-content\/uploads\/2021\/02\/TV-CARIRI-CAMALAU-PB-1536x864-1-1024x576.jpg 1024w, https:\/\/noticiasemdestaque.com\/cd\/wp-content\/uploads\/2021\/02\/TV-CARIRI-CAMALAU-PB-1536x864-1-768x432.jpg 768w, https:\/\/noticiasemdestaque.com\/cd\/wp-content\/uploads\/2021\/02\/TV-CARIRI-CAMALAU-PB-1536x864-1.jpg 1536w\" sizes=\"(max-width: 1228px) 100vw, 1228px\" \/><\/a><\/p>\n<p>Nesta ter\u00e7a-feira (16), a Prefeitura de Camala\u00fa promover\u00e1 uma festa em comemora\u00e7\u00e3o ao \u2018Dia das M\u00e3es\u2019 no distrito do Pindur\u00e3o. O evento acontecer\u00e1 em frente \u00e0 escola municipal a partir das 18h30 e contar\u00e1 com diversas atividades para as m\u00e3es.<\/p>\n<p>A programa\u00e7\u00e3o inclui brincadeiras, distribui\u00e7\u00e3o de lembrancinhas, sorteio de brindes e at\u00e9 mesmo um bingo de um fog\u00e3o. Para animar a noite, o cantor Daniel Fernandes se apresentar\u00e1 com m\u00fasica ao vivo.<\/p>\n<p><a href=\"https:\/\/noticiasemdestaque.com\/cd\/wp-content\/uploads\/2023\/05\/WhatsApp-Image-2023-05-15-at-18.10.19.jpeg\"><img decoding=\"async\" class=\" wp-image-48376 aligncenter\" src=\"https:\/\/noticiasemdestaque.com\/cd\/wp-content\/uploads\/2023\/05\/WhatsApp-Image-2023-05-15-at-18.10.19-240x300.jpeg\" alt=\"\" width=\"392\" height=\"490\" srcset=\"https:\/\/noticiasemdestaque.com\/cd\/wp-content\/uploads\/2023\/05\/WhatsApp-Image-2023-05-15-at-18.10.19-240x300.jpeg 240w, https:\/\/noticiasemdestaque.com\/cd\/wp-content\/uploads\/2023\/05\/WhatsApp-Image-2023-05-15-at-18.10.19-819x1024.jpeg 819w, https:\/\/noticiasemdestaque.com\/cd\/wp-content\/uploads\/2023\/05\/WhatsApp-Image-2023-05-15-at-18.10.19-768x960.jpeg 768w, https:\/\/noticiasemdestaque.com\/cd\/wp-content\/uploads\/2023\/05\/WhatsApp-Image-2023-05-15-at-18.10.19-10x12.jpeg 10w, https:\/\/noticiasemdestaque.com\/cd\/wp-content\/uploads\/2023\/05\/WhatsApp-Image-2023-05-15-at-18.10.19.jpeg 1181w\" sizes=\"(max-width: 392px) 100vw, 392px\" \/><\/a><\/p>\n<p>Na oportunidade, o prefeito Bira Mariano est\u00e1 convidando toda a popula\u00e7\u00e3o do distrito a participar do evento e celebrar o momento festivo. A iniciativa tem como objetivo homenagear as m\u00e3es, reconhecendo a importante contribui\u00e7\u00e3o que elas d\u00e3o para a fam\u00edlia e a comunidade como um todo.<\/p>\n<p><strong>Noticias em Destaque<\/strong><\/p>\n","protected":false},"excerpt":{"rendered":"<p>Nesta ter\u00e7a-feira (16), a Prefeitura de Camala\u00fa promover\u00e1 uma festa em comemora\u00e7\u00e3o ao \u2018Dia das M\u00e3es\u2019 no distrito do Pindur\u00e3o. O evento acontecer\u00e1 em frente \u00e0 escola municipal a partir das 18h30 e contar\u00e1 com diversas atividades para as m\u00e3es. A programa\u00e7\u00e3o inclui brincadeiras, distribui\u00e7\u00e3o de lembrancinhas, sorteio de brindes e at\u00e9 mesmo um bingo de um fog\u00e3o. Para animar a noite, o cantor Daniel Fernandes se apresentar\u00e1 com m\u00fasica ao vivo. Na oportunidade, o prefeito Bira Mariano est\u00e1 convidando toda a popula\u00e7\u00e3o do distrito a participar do evento e celebrar o momento festivo. A iniciativa tem como objetivo homenagear as m\u00e3es, reconhecendo a importante contribui\u00e7\u00e3o que elas d\u00e3o para a fam\u00edlia e a comunidade como um todo. Noticias em Destaque<\/p>\n","protected":false},"author":2,"featured_media":29296,"comment_status":"closed","ping_status":"open","sticky":false,"template":"","format":"standard","meta":{"_eb_attr":"","_jetpack_memberships_contains_paid_content":false,"footnotes":""},"categories":[3],"tags":[],"class_list":["post-48373","post","type-post","status-publish","format-standard","has-post-thumbnail","hentry","category-cidades"],"yoast_head":"<!-- This site is optimized with the Yoast SEO plugin v26.5 - https:\/\/yoast.com\/wordpress\/plugins\/seo\/ -->\n<title>Prefeitura de Camala\u00fa promove festa em comemora\u00e7\u00e3o ao \u2018Dia das M\u00e3es\u2019 no distrito do Pindur\u00e3o - Not&iacute;cias em Destaque<\/title>\n<meta name=\"robots\" content=\"index, follow, max-snippet:-1, max-image-preview:large, max-video-preview:-1\" \/>\n<link rel=\"canonical\" href=\"https:\/\/noticiasemdestaque.com\/cd\/?p=48373\" \/>\n<meta property=\"og:locale\" content=\"pt_BR\" \/>\n<meta property=\"og:type\" content=\"article\" \/>\n<meta property=\"og:title\" content=\"Prefeitura de Camala\u00fa promove festa em comemora\u00e7\u00e3o ao \u2018Dia das M\u00e3es\u2019 no distrito do Pindur\u00e3o - Not&iacute;cias em Destaque\" \/>\n<meta property=\"og:description\" content=\"Nesta ter\u00e7a-feira (16), a Prefeitura de Camala\u00fa promover\u00e1 uma festa em comemora\u00e7\u00e3o ao \u2018Dia das M\u00e3es\u2019 no distrito do Pindur\u00e3o. O evento acontecer\u00e1 em frente \u00e0 escola municipal a partir das 18h30 e contar\u00e1 com diversas atividades para as m\u00e3es. A programa\u00e7\u00e3o inclui brincadeiras, distribui\u00e7\u00e3o de lembrancinhas, sorteio de brindes e at\u00e9 mesmo um bingo de um fog\u00e3o. Para animar a noite, o cantor Daniel Fernandes se apresentar\u00e1 com m\u00fasica ao vivo. Na oportunidade, o prefeito Bira Mariano est\u00e1 convidando toda a popula\u00e7\u00e3o do distrito a participar do evento e celebrar o momento festivo. A iniciativa tem como objetivo homenagear as m\u00e3es, reconhecendo a importante contribui\u00e7\u00e3o que elas d\u00e3o para a fam\u00edlia e a comunidade como um todo. Noticias em Destaque\" \/>\n<meta property=\"og:url\" content=\"https:\/\/noticiasemdestaque.com\/cd\/?p=48373\" \/>\n<meta property=\"og:site_name\" content=\"Not&iacute;cias em Destaque\" \/>\n<meta property=\"article:published_time\" content=\"2023-05-15T21:08:27+00:00\" \/>\n<meta property=\"article:modified_time\" content=\"2023-05-15T21:11:05+00:00\" \/>\n<meta property=\"og:image\" content=\"https:\/\/noticiasemdestaque.com\/cd\/wp-content\/uploads\/2021\/02\/TV-CARIRI-CAMALAU-PB-1536x864-1.jpg\" \/>\n\t<meta property=\"og:image:width\" content=\"1536\" \/>\n\t<meta property=\"og:image:height\" content=\"864\" \/>\n\t<meta property=\"og:image:type\" content=\"image\/jpeg\" \/>\n<meta name=\"author\" content=\"Not\u00edcias em Destaque\" \/>\n<meta name=\"twitter:card\" content=\"summary_large_image\" \/>\n<meta name=\"twitter:label1\" content=\"Escrito por\" \/>\n\t<meta name=\"twitter:data1\" content=\"Not\u00edcias em Destaque\" \/>\n\t<meta name=\"twitter:label2\" content=\"Est. tempo de leitura\" \/>\n\t<meta name=\"twitter:data2\" content=\"2 minutos\" \/>\n<script type=\"application\/ld+json\" class=\"yoast-schema-graph\">{\"@context\":\"https:\/\/schema.org\",\"@graph\":[{\"@type\":\"Article\",\"@id\":\"https:\/\/noticiasemdestaque.com\/cd\/?p=48373#article\",\"isPartOf\":{\"@id\":\"https:\/\/noticiasemdestaque.com\/cd\/?p=48373\"},\"author\":{\"name\":\"Not\u00edcias em Destaque\",\"@id\":\"https:\/\/noticiasemdestaque.com\/cd\/#\/schema\/person\/4a81fb71f77579d059c3045891fa1786\"},\"headline\":\"Prefeitura de Camala\u00fa promove festa em comemora\u00e7\u00e3o ao \u2018Dia das M\u00e3es\u2019 no distrito do Pindur\u00e3o\",\"datePublished\":\"2023-05-15T21:08:27+00:00\",\"dateModified\":\"2023-05-15T21:11:05+00:00\",\"mainEntityOfPage\":{\"@id\":\"https:\/\/noticiasemdestaque.com\/cd\/?p=48373\"},\"wordCount\":151,\"publisher\":{\"@id\":\"https:\/\/noticiasemdestaque.com\/cd\/#organization\"},\"image\":{\"@id\":\"https:\/\/noticiasemdestaque.com\/cd\/?p=48373#primaryimage\"},\"thumbnailUrl\":\"https:\/\/noticiasemdestaque.com\/cd\/wp-content\/uploads\/2021\/02\/TV-CARIRI-CAMALAU-PB-1536x864-1.jpg\",\"articleSection\":[\"Cidades\"],\"inLanguage\":\"pt-BR\"},{\"@type\":\"WebPage\",\"@id\":\"https:\/\/noticiasemdestaque.com\/cd\/?p=48373\",\"url\":\"https:\/\/noticiasemdestaque.com\/cd\/?p=48373\",\"name\":\"Prefeitura de Camala\u00fa promove festa em comemora\u00e7\u00e3o ao \u2018Dia das M\u00e3es\u2019 no distrito do Pindur\u00e3o - Not&iacute;cias em Destaque\",\"isPartOf\":{\"@id\":\"https:\/\/noticiasemdestaque.com\/cd\/#website\"},\"primaryImageOfPage\":{\"@id\":\"https:\/\/noticiasemdestaque.com\/cd\/?p=48373#primaryimage\"},\"image\":{\"@id\":\"https:\/\/noticiasemdestaque.com\/cd\/?p=48373#primaryimage\"},\"thumbnailUrl\":\"https:\/\/noticiasemdestaque.com\/cd\/wp-content\/uploads\/2021\/02\/TV-CARIRI-CAMALAU-PB-1536x864-1.jpg\",\"datePublished\":\"2023-05-15T21:08:27+00:00\",\"dateModified\":\"2023-05-15T21:11:05+00:00\",\"breadcrumb\":{\"@id\":\"https:\/\/noticiasemdestaque.com\/cd\/?p=48373#breadcrumb\"},\"inLanguage\":\"pt-BR\",\"potentialAction\":[{\"@type\":\"ReadAction\",\"target\":[\"https:\/\/noticiasemdestaque.com\/cd\/?p=48373\"]}]},{\"@type\":\"ImageObject\",\"inLanguage\":\"pt-BR\",\"@id\":\"https:\/\/noticiasemdestaque.com\/cd\/?p=48373#primaryimage\",\"url\":\"https:\/\/noticiasemdestaque.com\/cd\/wp-content\/uploads\/2021\/02\/TV-CARIRI-CAMALAU-PB-1536x864-1.jpg\",\"contentUrl\":\"https:\/\/noticiasemdestaque.com\/cd\/wp-content\/uploads\/2021\/02\/TV-CARIRI-CAMALAU-PB-1536x864-1.jpg\",\"width\":1536,\"height\":864},{\"@type\":\"BreadcrumbList\",\"@id\":\"https:\/\/noticiasemdestaque.com\/cd\/?p=48373#breadcrumb\",\"itemListElement\":[{\"@type\":\"ListItem\",\"position\":1,\"name\":\"In\u00edcio\",\"item\":\"https:\/\/noticiasemdestaque.com\/cd\/\"},{\"@type\":\"ListItem\",\"position\":2,\"name\":\"Prefeitura de Camala\u00fa promove festa em comemora\u00e7\u00e3o ao \u2018Dia das M\u00e3es\u2019 no distrito do Pindur\u00e3o\"}]},{\"@type\":\"WebSite\",\"@id\":\"https:\/\/noticiasemdestaque.com\/cd\/#website\",\"url\":\"https:\/\/noticiasemdestaque.com\/cd\/\",\"name\":\"Not&iacute;cias em Destaque\",\"description\":\"\",\"publisher\":{\"@id\":\"https:\/\/noticiasemdestaque.com\/cd\/#organization\"},\"potentialAction\":[{\"@type\":\"SearchAction\",\"target\":{\"@type\":\"EntryPoint\",\"urlTemplate\":\"https:\/\/noticiasemdestaque.com\/cd\/?s={search_term_string}\"},\"query-input\":{\"@type\":\"PropertyValueSpecification\",\"valueRequired\":true,\"valueName\":\"search_term_string\"}}],\"inLanguage\":\"pt-BR\"},{\"@type\":\"Organization\",\"@id\":\"https:\/\/noticiasemdestaque.com\/cd\/#organization\",\"name\":\"Not\u00edcias em Destaque\",\"url\":\"https:\/\/noticiasemdestaque.com\/cd\/\",\"logo\":{\"@type\":\"ImageObject\",\"inLanguage\":\"pt-BR\",\"@id\":\"https:\/\/noticiasemdestaque.com\/cd\/#\/schema\/logo\/image\/\",\"url\":\"https:\/\/noticiasemdestaque.com\/cd\/wp-content\/uploads\/2022\/05\/imagem-base-noticiasemdestaque.png\",\"contentUrl\":\"https:\/\/noticiasemdestaque.com\/cd\/wp-content\/uploads\/2022\/05\/imagem-base-noticiasemdestaque.png\",\"width\":1200,\"height\":630,\"caption\":\"Not\u00edcias em Destaque\"},\"image\":{\"@id\":\"https:\/\/noticiasemdestaque.com\/cd\/#\/schema\/logo\/image\/\"}},{\"@type\":\"Person\",\"@id\":\"https:\/\/noticiasemdestaque.com\/cd\/#\/schema\/person\/4a81fb71f77579d059c3045891fa1786\",\"name\":\"Not\u00edcias em Destaque\",\"url\":\"https:\/\/noticiasemdestaque.com\/cd\/?author=2\"}]}<\/script>\n<!-- \/ Yoast SEO plugin. -->","yoast_head_json":{"title":"Prefeitura de Camala\u00fa promove festa em comemora\u00e7\u00e3o ao \u2018Dia das M\u00e3es\u2019 no distrito do Pindur\u00e3o - Not&iacute;cias em Destaque","robots":{"index":"index","follow":"follow","max-snippet":"max-snippet:-1","max-image-preview":"max-image-preview:large","max-video-preview":"max-video-preview:-1"},"canonical":"https:\/\/noticiasemdestaque.com\/cd\/?p=48373","og_locale":"pt_BR","og_type":"article","og_title":"Prefeitura de Camala\u00fa promove festa em comemora\u00e7\u00e3o ao \u2018Dia das M\u00e3es\u2019 no distrito do Pindur\u00e3o - Not&iacute;cias em Destaque","og_description":"Nesta ter\u00e7a-feira (16), a Prefeitura de Camala\u00fa promover\u00e1 uma festa em comemora\u00e7\u00e3o ao \u2018Dia das M\u00e3es\u2019 no distrito do Pindur\u00e3o. O evento acontecer\u00e1 em frente \u00e0 escola municipal a partir das 18h30 e contar\u00e1 com diversas atividades para as m\u00e3es. A programa\u00e7\u00e3o inclui brincadeiras, distribui\u00e7\u00e3o de lembrancinhas, sorteio de brindes e at\u00e9 mesmo um bingo de um fog\u00e3o. Para animar a noite, o cantor Daniel Fernandes se apresentar\u00e1 com m\u00fasica ao vivo. Na oportunidade, o prefeito Bira Mariano est\u00e1 convidando toda a popula\u00e7\u00e3o do distrito a participar do evento e celebrar o momento festivo. A iniciativa tem como objetivo homenagear as m\u00e3es, reconhecendo a importante contribui\u00e7\u00e3o que elas d\u00e3o para a fam\u00edlia e a comunidade como um todo. Noticias em Destaque","og_url":"https:\/\/noticiasemdestaque.com\/cd\/?p=48373","og_site_name":"Not&iacute;cias em Destaque","article_published_time":"2023-05-15T21:08:27+00:00","article_modified_time":"2023-05-15T21:11:05+00:00","og_image":[{"width":1536,"height":864,"url":"https:\/\/noticiasemdestaque.com\/cd\/wp-content\/uploads\/2021\/02\/TV-CARIRI-CAMALAU-PB-1536x864-1.jpg","type":"image\/jpeg"}],"author":"Not\u00edcias em Destaque","twitter_card":"summary_large_image","twitter_misc":{"Escrito por":"Not\u00edcias em Destaque","Est. tempo de leitura":"2 minutos"},"schema":{"@context":"https:\/\/schema.org","@graph":[{"@type":"Article","@id":"https:\/\/noticiasemdestaque.com\/cd\/?p=48373#article","isPartOf":{"@id":"https:\/\/noticiasemdestaque.com\/cd\/?p=48373"},"author":{"name":"Not\u00edcias em Destaque","@id":"https:\/\/noticiasemdestaque.com\/cd\/#\/schema\/person\/4a81fb71f77579d059c3045891fa1786"},"headline":"Prefeitura de Camala\u00fa promove festa em comemora\u00e7\u00e3o ao \u2018Dia das M\u00e3es\u2019 no distrito do Pindur\u00e3o","datePublished":"2023-05-15T21:08:27+00:00","dateModified":"2023-05-15T21:11:05+00:00","mainEntityOfPage":{"@id":"https:\/\/noticiasemdestaque.com\/cd\/?p=48373"},"wordCount":151,"publisher":{"@id":"https:\/\/noticiasemdestaque.com\/cd\/#organization"},"image":{"@id":"https:\/\/noticiasemdestaque.com\/cd\/?p=48373#primaryimage"},"thumbnailUrl":"https:\/\/noticiasemdestaque.com\/cd\/wp-content\/uploads\/2021\/02\/TV-CARIRI-CAMALAU-PB-1536x864-1.jpg","articleSection":["Cidades"],"inLanguage":"pt-BR"},{"@type":"WebPage","@id":"https:\/\/noticiasemdestaque.com\/cd\/?p=48373","url":"https:\/\/noticiasemdestaque.com\/cd\/?p=48373","name":"Prefeitura de Camala\u00fa promove festa em comemora\u00e7\u00e3o ao \u2018Dia das M\u00e3es\u2019 no distrito do Pindur\u00e3o - Not&iacute;cias em Destaque","isPartOf":{"@id":"https:\/\/noticiasemdestaque.com\/cd\/#website"},"primaryImageOfPage":{"@id":"https:\/\/noticiasemdestaque.com\/cd\/?p=48373#primaryimage"},"image":{"@id":"https:\/\/noticiasemdestaque.com\/cd\/?p=48373#primaryimage"},"thumbnailUrl":"https:\/\/noticiasemdestaque.com\/cd\/wp-content\/uploads\/2021\/02\/TV-CARIRI-CAMALAU-PB-1536x864-1.jpg","datePublished":"2023-05-15T21:08:27+00:00","dateModified":"2023-05-15T21:11:05+00:00","breadcrumb":{"@id":"https:\/\/noticiasemdestaque.com\/cd\/?p=48373#breadcrumb"},"inLanguage":"pt-BR","potentialAction":[{"@type":"ReadAction","target":["https:\/\/noticiasemdestaque.com\/cd\/?p=48373"]}]},{"@type":"ImageObject","inLanguage":"pt-BR","@id":"https:\/\/noticiasemdestaque.com\/cd\/?p=48373#primaryimage","url":"https:\/\/noticiasemdestaque.com\/cd\/wp-content\/uploads\/2021\/02\/TV-CARIRI-CAMALAU-PB-1536x864-1.jpg","contentUrl":"https:\/\/noticiasemdestaque.com\/cd\/wp-content\/uploads\/2021\/02\/TV-CARIRI-CAMALAU-PB-1536x864-1.jpg","width":1536,"height":864},{"@type":"BreadcrumbList","@id":"https:\/\/noticiasemdestaque.com\/cd\/?p=48373#breadcrumb","itemListElement":[{"@type":"ListItem","position":1,"name":"In\u00edcio","item":"https:\/\/noticiasemdestaque.com\/cd\/"},{"@type":"ListItem","position":2,"name":"Prefeitura de Camala\u00fa promove festa em comemora\u00e7\u00e3o ao \u2018Dia das M\u00e3es\u2019 no distrito do Pindur\u00e3o"}]},{"@type":"WebSite","@id":"https:\/\/noticiasemdestaque.com\/cd\/#website","url":"https:\/\/noticiasemdestaque.com\/cd\/","name":"Not&iacute;cias em Destaque","description":"","publisher":{"@id":"https:\/\/noticiasemdestaque.com\/cd\/#organization"},"potentialAction":[{"@type":"SearchAction","target":{"@type":"EntryPoint","urlTemplate":"https:\/\/noticiasemdestaque.com\/cd\/?s={search_term_string}"},"query-input":{"@type":"PropertyValueSpecification","valueRequired":true,"valueName":"search_term_string"}}],"inLanguage":"pt-BR"},{"@type":"Organization","@id":"https:\/\/noticiasemdestaque.com\/cd\/#organization","name":"Not\u00edcias em Destaque","url":"https:\/\/noticiasemdestaque.com\/cd\/","logo":{"@type":"ImageObject","inLanguage":"pt-BR","@id":"https:\/\/noticiasemdestaque.com\/cd\/#\/schema\/logo\/image\/","url":"https:\/\/noticiasemdestaque.com\/cd\/wp-content\/uploads\/2022\/05\/imagem-base-noticiasemdestaque.png","contentUrl":"https:\/\/noticiasemdestaque.com\/cd\/wp-content\/uploads\/2022\/05\/imagem-base-noticiasemdestaque.png","width":1200,"height":630,"caption":"Not\u00edcias em Destaque"},"image":{"@id":"https:\/\/noticiasemdestaque.com\/cd\/#\/schema\/logo\/image\/"}},{"@type":"Person","@id":"https:\/\/noticiasemdestaque.com\/cd\/#\/schema\/person\/4a81fb71f77579d059c3045891fa1786","name":"Not\u00edcias em Destaque","url":"https:\/\/noticiasemdestaque.com\/cd\/?author=2"}]}},"jetpack_featured_media_url":"https:\/\/noticiasemdestaque.com\/cd\/wp-content\/uploads\/2021\/02\/TV-CARIRI-CAMALAU-PB-1536x864-1.jpg","jetpack_sharing_enabled":true,"_links":{"self":[{"href":"https:\/\/noticiasemdestaque.com\/cd\/index.php?rest_route=\/wp\/v2\/posts\/48373","targetHints":{"allow":["GET"]}}],"collection":[{"href":"https:\/\/noticiasemdestaque.com\/cd\/index.php?rest_route=\/wp\/v2\/posts"}],"about":[{"href":"https:\/\/noticiasemdestaque.com\/cd\/index.php?rest_route=\/wp\/v2\/types\/post"}],"author":[{"embeddable":true,"href":"https:\/\/noticiasemdestaque.com\/cd\/index.php?rest_route=\/wp\/v2\/users\/2"}],"replies":[{"embeddable":true,"href":"https:\/\/noticiasemdestaque.com\/cd\/index.php?rest_route=%2Fwp%2Fv2%2Fcomments&post=48373"}],"version-history":[{"count":3,"href":"https:\/\/noticiasemdestaque.com\/cd\/index.php?rest_route=\/wp\/v2\/posts\/48373\/revisions"}],"predecessor-version":[{"id":48378,"href":"https:\/\/noticiasemdestaque.com\/cd\/index.php?rest_route=\/wp\/v2\/posts\/48373\/revisions\/48378"}],"wp:featuredmedia":[{"embeddable":true,"href":"https:\/\/noticiasemdestaque.com\/cd\/index.php?rest_route=\/wp\/v2\/media\/29296"}],"wp:attachment":[{"href":"https:\/\/noticiasemdestaque.com\/cd\/index.php?rest_route=%2Fwp%2Fv2%2Fmedia&parent=48373"}],"wp:term":[{"taxonomy":"category","embeddable":true,"href":"https:\/\/noticiasemdestaque.com\/cd\/index.php?rest_route=%2Fwp%2Fv2%2Fcategories&post=48373"},{"taxonomy":"post_tag","embeddable":true,"href":"https:\/\/noticiasemdestaque.com\/cd\/index.php?rest_route=%2Fwp%2Fv2%2Ftags&post=48373"}],"curies":[{"name":"wp","href":"https:\/\/api.w.org\/{rel}","templated":true}]}}