{"id":48369,"date":"2023-05-15T18:06:29","date_gmt":"2023-05-15T21:06:29","guid":{"rendered":"https:\/\/noticiasemdestaque.com\/cd\/?p=48369"},"modified":"2023-05-15T18:06:29","modified_gmt":"2023-05-15T21:06:29","slug":"prata-promove-1a-edicao-da-feira-impulsiona-mulher","status":"publish","type":"post","link":"https:\/\/noticiasemdestaque.com\/cd\/?p=48369","title":{"rendered":"Prata promove 1\u00aa edi\u00e7\u00e3o da feira \u201cImpulsiona Mulher\u201d"},"content":{"rendered":"<p><a href=\"https:\/\/noticiasemdestaque.com\/cd\/wp-content\/uploads\/2023\/05\/WhatsApp-Image-2023-05-15-at-15.39.21.jpeg\"><img fetchpriority=\"high\" decoding=\"async\" class=\"alignnone  wp-image-48371\" src=\"https:\/\/noticiasemdestaque.com\/cd\/wp-content\/uploads\/2023\/05\/WhatsApp-Image-2023-05-15-at-15.39.21-300x135.jpeg\" alt=\"\" width=\"1304\" height=\"587\" srcset=\"https:\/\/noticiasemdestaque.com\/cd\/wp-content\/uploads\/2023\/05\/WhatsApp-Image-2023-05-15-at-15.39.21-300x135.jpeg 300w, https:\/\/noticiasemdestaque.com\/cd\/wp-content\/uploads\/2023\/05\/WhatsApp-Image-2023-05-15-at-15.39.21-1024x461.jpeg 1024w, https:\/\/noticiasemdestaque.com\/cd\/wp-content\/uploads\/2023\/05\/WhatsApp-Image-2023-05-15-at-15.39.21-768x346.jpeg 768w, https:\/\/noticiasemdestaque.com\/cd\/wp-content\/uploads\/2023\/05\/WhatsApp-Image-2023-05-15-at-15.39.21-18x8.jpeg 18w, https:\/\/noticiasemdestaque.com\/cd\/wp-content\/uploads\/2023\/05\/WhatsApp-Image-2023-05-15-at-15.39.21.jpeg 1280w\" sizes=\"(max-width: 1304px) 100vw, 1304px\" \/><\/a><\/p>\n<p>Neste s\u00e1bado, 13 de maio, foi realizada na cidade de Prata, a 1\u00b0 Edi\u00e7\u00e3o da Feira Impulsiona Mulher, feira das mulheres Empreendedoras de Prata, especial ao Dia das M\u00e3es.<\/p>\n<p>Foram oferecidos servi\u00e7os como, roupas, presentes, comidas, perfumes, bijuterias, beleza, cal\u00e7ados, brinquedos, grandes novidades foram apresentados pelas mulheres empreendedoras de Prata.<\/p>\n<p>A realiza\u00e7\u00e3o do evento teve o apoio da prefeitura de Prata, Sebrae e Rede Delas.<\/p>\n<p><strong>Not\u00edcias em Destaque<\/strong><br \/>\nCom Teixerinha e Portal Cariri paraibano<\/p>\n","protected":false},"excerpt":{"rendered":"<p>Neste s\u00e1bado, 13 de maio, foi realizada na cidade de Prata, a 1\u00b0 Edi\u00e7\u00e3o da Feira Impulsiona Mulher, feira das mulheres Empreendedoras de Prata, especial ao Dia das M\u00e3es. Foram oferecidos servi\u00e7os como, roupas, presentes, comidas, perfumes, bijuterias, beleza, cal\u00e7ados, brinquedos, grandes novidades foram apresentados pelas mulheres empreendedoras de Prata. A realiza\u00e7\u00e3o do evento teve o apoio da prefeitura de Prata, Sebrae e Rede Delas. Not\u00edcias em Destaque Com Teixerinha e Portal Cariri paraibano<\/p>\n","protected":false},"author":2,"featured_media":48371,"comment_status":"closed","ping_status":"open","sticky":false,"template":"","format":"standard","meta":{"_eb_attr":"","_jetpack_memberships_contains_paid_content":false,"footnotes":""},"categories":[12],"tags":[],"class_list":["post-48369","post","type-post","status-publish","format-standard","has-post-thumbnail","hentry","category-geral"],"yoast_head":"<!-- This site is optimized with the Yoast SEO plugin v26.5 - https:\/\/yoast.com\/wordpress\/plugins\/seo\/ -->\n<title>Prata promove 1\u00aa edi\u00e7\u00e3o da feira \u201cImpulsiona Mulher\u201d - Not&iacute;cias em Destaque<\/title>\n<meta name=\"robots\" content=\"index, follow, max-snippet:-1, max-image-preview:large, max-video-preview:-1\" \/>\n<link rel=\"canonical\" href=\"https:\/\/noticiasemdestaque.com\/cd\/?p=48369\" \/>\n<meta property=\"og:locale\" content=\"pt_BR\" \/>\n<meta property=\"og:type\" content=\"article\" \/>\n<meta property=\"og:title\" content=\"Prata promove 1\u00aa edi\u00e7\u00e3o da feira \u201cImpulsiona Mulher\u201d - Not&iacute;cias em Destaque\" \/>\n<meta property=\"og:description\" content=\"Neste s\u00e1bado, 13 de maio, foi realizada na cidade de Prata, a 1\u00b0 Edi\u00e7\u00e3o da Feira Impulsiona Mulher, feira das mulheres Empreendedoras de Prata, especial ao Dia das M\u00e3es. Foram oferecidos servi\u00e7os como, roupas, presentes, comidas, perfumes, bijuterias, beleza, cal\u00e7ados, brinquedos, grandes novidades foram apresentados pelas mulheres empreendedoras de Prata. A realiza\u00e7\u00e3o do evento teve o apoio da prefeitura de Prata, Sebrae e Rede Delas. Not\u00edcias em Destaque Com Teixerinha e Portal Cariri paraibano\" \/>\n<meta property=\"og:url\" content=\"https:\/\/noticiasemdestaque.com\/cd\/?p=48369\" \/>\n<meta property=\"og:site_name\" content=\"Not&iacute;cias em Destaque\" \/>\n<meta property=\"article:published_time\" content=\"2023-05-15T21:06:29+00:00\" \/>\n<meta property=\"og:image\" content=\"https:\/\/noticiasemdestaque.com\/cd\/wp-content\/uploads\/2023\/05\/WhatsApp-Image-2023-05-15-at-15.39.21.jpeg\" \/>\n\t<meta property=\"og:image:width\" content=\"1280\" \/>\n\t<meta property=\"og:image:height\" content=\"576\" \/>\n\t<meta property=\"og:image:type\" content=\"image\/jpeg\" \/>\n<meta name=\"author\" content=\"Not\u00edcias em Destaque\" \/>\n<meta name=\"twitter:card\" content=\"summary_large_image\" \/>\n<meta name=\"twitter:label1\" content=\"Escrito por\" \/>\n\t<meta name=\"twitter:data1\" content=\"Not\u00edcias em Destaque\" \/>\n\t<meta name=\"twitter:label2\" content=\"Est. tempo de leitura\" \/>\n\t<meta name=\"twitter:data2\" content=\"1 minuto\" \/>\n<script type=\"application\/ld+json\" class=\"yoast-schema-graph\">{\"@context\":\"https:\/\/schema.org\",\"@graph\":[{\"@type\":\"Article\",\"@id\":\"https:\/\/noticiasemdestaque.com\/cd\/?p=48369#article\",\"isPartOf\":{\"@id\":\"https:\/\/noticiasemdestaque.com\/cd\/?p=48369\"},\"author\":{\"name\":\"Not\u00edcias em Destaque\",\"@id\":\"https:\/\/noticiasemdestaque.com\/cd\/#\/schema\/person\/47f7d4f55eec17c6b2ca036c5500f6ce\"},\"headline\":\"Prata promove 1\u00aa edi\u00e7\u00e3o da feira \u201cImpulsiona Mulher\u201d\",\"datePublished\":\"2023-05-15T21:06:29+00:00\",\"mainEntityOfPage\":{\"@id\":\"https:\/\/noticiasemdestaque.com\/cd\/?p=48369\"},\"wordCount\":87,\"publisher\":{\"@id\":\"https:\/\/noticiasemdestaque.com\/cd\/#organization\"},\"image\":{\"@id\":\"https:\/\/noticiasemdestaque.com\/cd\/?p=48369#primaryimage\"},\"thumbnailUrl\":\"https:\/\/noticiasemdestaque.com\/cd\/wp-content\/uploads\/2023\/05\/WhatsApp-Image-2023-05-15-at-15.39.21.jpeg\",\"articleSection\":[\"Geral\"],\"inLanguage\":\"pt-BR\"},{\"@type\":\"WebPage\",\"@id\":\"https:\/\/noticiasemdestaque.com\/cd\/?p=48369\",\"url\":\"https:\/\/noticiasemdestaque.com\/cd\/?p=48369\",\"name\":\"Prata promove 1\u00aa edi\u00e7\u00e3o da feira \u201cImpulsiona Mulher\u201d - Not&iacute;cias em Destaque\",\"isPartOf\":{\"@id\":\"https:\/\/noticiasemdestaque.com\/cd\/#website\"},\"primaryImageOfPage\":{\"@id\":\"https:\/\/noticiasemdestaque.com\/cd\/?p=48369#primaryimage\"},\"image\":{\"@id\":\"https:\/\/noticiasemdestaque.com\/cd\/?p=48369#primaryimage\"},\"thumbnailUrl\":\"https:\/\/noticiasemdestaque.com\/cd\/wp-content\/uploads\/2023\/05\/WhatsApp-Image-2023-05-15-at-15.39.21.jpeg\",\"datePublished\":\"2023-05-15T21:06:29+00:00\",\"breadcrumb\":{\"@id\":\"https:\/\/noticiasemdestaque.com\/cd\/?p=48369#breadcrumb\"},\"inLanguage\":\"pt-BR\",\"potentialAction\":[{\"@type\":\"ReadAction\",\"target\":[\"https:\/\/noticiasemdestaque.com\/cd\/?p=48369\"]}]},{\"@type\":\"ImageObject\",\"inLanguage\":\"pt-BR\",\"@id\":\"https:\/\/noticiasemdestaque.com\/cd\/?p=48369#primaryimage\",\"url\":\"https:\/\/noticiasemdestaque.com\/cd\/wp-content\/uploads\/2023\/05\/WhatsApp-Image-2023-05-15-at-15.39.21.jpeg\",\"contentUrl\":\"https:\/\/noticiasemdestaque.com\/cd\/wp-content\/uploads\/2023\/05\/WhatsApp-Image-2023-05-15-at-15.39.21.jpeg\",\"width\":1280,\"height\":576},{\"@type\":\"BreadcrumbList\",\"@id\":\"https:\/\/noticiasemdestaque.com\/cd\/?p=48369#breadcrumb\",\"itemListElement\":[{\"@type\":\"ListItem\",\"position\":1,\"name\":\"In\u00edcio\",\"item\":\"https:\/\/noticiasemdestaque.com\/cd\/\"},{\"@type\":\"ListItem\",\"position\":2,\"name\":\"Prata promove 1\u00aa edi\u00e7\u00e3o da feira \u201cImpulsiona Mulher\u201d\"}]},{\"@type\":\"WebSite\",\"@id\":\"https:\/\/noticiasemdestaque.com\/cd\/#website\",\"url\":\"https:\/\/noticiasemdestaque.com\/cd\/\",\"name\":\"Not&iacute;cias em Destaque\",\"description\":\"\",\"publisher\":{\"@id\":\"https:\/\/noticiasemdestaque.com\/cd\/#organization\"},\"potentialAction\":[{\"@type\":\"SearchAction\",\"target\":{\"@type\":\"EntryPoint\",\"urlTemplate\":\"https:\/\/noticiasemdestaque.com\/cd\/?s={search_term_string}\"},\"query-input\":{\"@type\":\"PropertyValueSpecification\",\"valueRequired\":true,\"valueName\":\"search_term_string\"}}],\"inLanguage\":\"pt-BR\"},{\"@type\":\"Organization\",\"@id\":\"https:\/\/noticiasemdestaque.com\/cd\/#organization\",\"name\":\"Not\u00edcias em Destaque\",\"url\":\"https:\/\/noticiasemdestaque.com\/cd\/\",\"logo\":{\"@type\":\"ImageObject\",\"inLanguage\":\"pt-BR\",\"@id\":\"https:\/\/noticiasemdestaque.com\/cd\/#\/schema\/logo\/image\/\",\"url\":\"https:\/\/noticiasemdestaque.com\/cd\/wp-content\/uploads\/2022\/05\/imagem-base-noticiasemdestaque.png\",\"contentUrl\":\"https:\/\/noticiasemdestaque.com\/cd\/wp-content\/uploads\/2022\/05\/imagem-base-noticiasemdestaque.png\",\"width\":1200,\"height\":630,\"caption\":\"Not\u00edcias em Destaque\"},\"image\":{\"@id\":\"https:\/\/noticiasemdestaque.com\/cd\/#\/schema\/logo\/image\/\"}},{\"@type\":\"Person\",\"@id\":\"https:\/\/noticiasemdestaque.com\/cd\/#\/schema\/person\/47f7d4f55eec17c6b2ca036c5500f6ce\",\"name\":\"Not\u00edcias em Destaque\",\"url\":\"https:\/\/noticiasemdestaque.com\/cd\/?author=2\"}]}<\/script>\n<!-- \/ Yoast SEO plugin. -->","yoast_head_json":{"title":"Prata promove 1\u00aa edi\u00e7\u00e3o da feira \u201cImpulsiona Mulher\u201d - Not&iacute;cias em Destaque","robots":{"index":"index","follow":"follow","max-snippet":"max-snippet:-1","max-image-preview":"max-image-preview:large","max-video-preview":"max-video-preview:-1"},"canonical":"https:\/\/noticiasemdestaque.com\/cd\/?p=48369","og_locale":"pt_BR","og_type":"article","og_title":"Prata promove 1\u00aa edi\u00e7\u00e3o da feira \u201cImpulsiona Mulher\u201d - Not&iacute;cias em Destaque","og_description":"Neste s\u00e1bado, 13 de maio, foi realizada na cidade de Prata, a 1\u00b0 Edi\u00e7\u00e3o da Feira Impulsiona Mulher, feira das mulheres Empreendedoras de Prata, especial ao Dia das M\u00e3es. Foram oferecidos servi\u00e7os como, roupas, presentes, comidas, perfumes, bijuterias, beleza, cal\u00e7ados, brinquedos, grandes novidades foram apresentados pelas mulheres empreendedoras de Prata. A realiza\u00e7\u00e3o do evento teve o apoio da prefeitura de Prata, Sebrae e Rede Delas. Not\u00edcias em Destaque Com Teixerinha e Portal Cariri paraibano","og_url":"https:\/\/noticiasemdestaque.com\/cd\/?p=48369","og_site_name":"Not&iacute;cias em Destaque","article_published_time":"2023-05-15T21:06:29+00:00","og_image":[{"width":1280,"height":576,"url":"https:\/\/noticiasemdestaque.com\/cd\/wp-content\/uploads\/2023\/05\/WhatsApp-Image-2023-05-15-at-15.39.21.jpeg","type":"image\/jpeg"}],"author":"Not\u00edcias em Destaque","twitter_card":"summary_large_image","twitter_misc":{"Escrito por":"Not\u00edcias em Destaque","Est. tempo de leitura":"1 minuto"},"schema":{"@context":"https:\/\/schema.org","@graph":[{"@type":"Article","@id":"https:\/\/noticiasemdestaque.com\/cd\/?p=48369#article","isPartOf":{"@id":"https:\/\/noticiasemdestaque.com\/cd\/?p=48369"},"author":{"name":"Not\u00edcias em Destaque","@id":"https:\/\/noticiasemdestaque.com\/cd\/#\/schema\/person\/47f7d4f55eec17c6b2ca036c5500f6ce"},"headline":"Prata promove 1\u00aa edi\u00e7\u00e3o da feira \u201cImpulsiona Mulher\u201d","datePublished":"2023-05-15T21:06:29+00:00","mainEntityOfPage":{"@id":"https:\/\/noticiasemdestaque.com\/cd\/?p=48369"},"wordCount":87,"publisher":{"@id":"https:\/\/noticiasemdestaque.com\/cd\/#organization"},"image":{"@id":"https:\/\/noticiasemdestaque.com\/cd\/?p=48369#primaryimage"},"thumbnailUrl":"https:\/\/noticiasemdestaque.com\/cd\/wp-content\/uploads\/2023\/05\/WhatsApp-Image-2023-05-15-at-15.39.21.jpeg","articleSection":["Geral"],"inLanguage":"pt-BR"},{"@type":"WebPage","@id":"https:\/\/noticiasemdestaque.com\/cd\/?p=48369","url":"https:\/\/noticiasemdestaque.com\/cd\/?p=48369","name":"Prata promove 1\u00aa edi\u00e7\u00e3o da feira \u201cImpulsiona Mulher\u201d - Not&iacute;cias em Destaque","isPartOf":{"@id":"https:\/\/noticiasemdestaque.com\/cd\/#website"},"primaryImageOfPage":{"@id":"https:\/\/noticiasemdestaque.com\/cd\/?p=48369#primaryimage"},"image":{"@id":"https:\/\/noticiasemdestaque.com\/cd\/?p=48369#primaryimage"},"thumbnailUrl":"https:\/\/noticiasemdestaque.com\/cd\/wp-content\/uploads\/2023\/05\/WhatsApp-Image-2023-05-15-at-15.39.21.jpeg","datePublished":"2023-05-15T21:06:29+00:00","breadcrumb":{"@id":"https:\/\/noticiasemdestaque.com\/cd\/?p=48369#breadcrumb"},"inLanguage":"pt-BR","potentialAction":[{"@type":"ReadAction","target":["https:\/\/noticiasemdestaque.com\/cd\/?p=48369"]}]},{"@type":"ImageObject","inLanguage":"pt-BR","@id":"https:\/\/noticiasemdestaque.com\/cd\/?p=48369#primaryimage","url":"https:\/\/noticiasemdestaque.com\/cd\/wp-content\/uploads\/2023\/05\/WhatsApp-Image-2023-05-15-at-15.39.21.jpeg","contentUrl":"https:\/\/noticiasemdestaque.com\/cd\/wp-content\/uploads\/2023\/05\/WhatsApp-Image-2023-05-15-at-15.39.21.jpeg","width":1280,"height":576},{"@type":"BreadcrumbList","@id":"https:\/\/noticiasemdestaque.com\/cd\/?p=48369#breadcrumb","itemListElement":[{"@type":"ListItem","position":1,"name":"In\u00edcio","item":"https:\/\/noticiasemdestaque.com\/cd\/"},{"@type":"ListItem","position":2,"name":"Prata promove 1\u00aa edi\u00e7\u00e3o da feira \u201cImpulsiona Mulher\u201d"}]},{"@type":"WebSite","@id":"https:\/\/noticiasemdestaque.com\/cd\/#website","url":"https:\/\/noticiasemdestaque.com\/cd\/","name":"Not&iacute;cias em Destaque","description":"","publisher":{"@id":"https:\/\/noticiasemdestaque.com\/cd\/#organization"},"potentialAction":[{"@type":"SearchAction","target":{"@type":"EntryPoint","urlTemplate":"https:\/\/noticiasemdestaque.com\/cd\/?s={search_term_string}"},"query-input":{"@type":"PropertyValueSpecification","valueRequired":true,"valueName":"search_term_string"}}],"inLanguage":"pt-BR"},{"@type":"Organization","@id":"https:\/\/noticiasemdestaque.com\/cd\/#organization","name":"Not\u00edcias em Destaque","url":"https:\/\/noticiasemdestaque.com\/cd\/","logo":{"@type":"ImageObject","inLanguage":"pt-BR","@id":"https:\/\/noticiasemdestaque.com\/cd\/#\/schema\/logo\/image\/","url":"https:\/\/noticiasemdestaque.com\/cd\/wp-content\/uploads\/2022\/05\/imagem-base-noticiasemdestaque.png","contentUrl":"https:\/\/noticiasemdestaque.com\/cd\/wp-content\/uploads\/2022\/05\/imagem-base-noticiasemdestaque.png","width":1200,"height":630,"caption":"Not\u00edcias em Destaque"},"image":{"@id":"https:\/\/noticiasemdestaque.com\/cd\/#\/schema\/logo\/image\/"}},{"@type":"Person","@id":"https:\/\/noticiasemdestaque.com\/cd\/#\/schema\/person\/47f7d4f55eec17c6b2ca036c5500f6ce","name":"Not\u00edcias em Destaque","url":"https:\/\/noticiasemdestaque.com\/cd\/?author=2"}]}},"jetpack_featured_media_url":"https:\/\/noticiasemdestaque.com\/cd\/wp-content\/uploads\/2023\/05\/WhatsApp-Image-2023-05-15-at-15.39.21.jpeg","jetpack_sharing_enabled":true,"_links":{"self":[{"href":"https:\/\/noticiasemdestaque.com\/cd\/index.php?rest_route=\/wp\/v2\/posts\/48369","targetHints":{"allow":["GET"]}}],"collection":[{"href":"https:\/\/noticiasemdestaque.com\/cd\/index.php?rest_route=\/wp\/v2\/posts"}],"about":[{"href":"https:\/\/noticiasemdestaque.com\/cd\/index.php?rest_route=\/wp\/v2\/types\/post"}],"author":[{"embeddable":true,"href":"https:\/\/noticiasemdestaque.com\/cd\/index.php?rest_route=\/wp\/v2\/users\/2"}],"replies":[{"embeddable":true,"href":"https:\/\/noticiasemdestaque.com\/cd\/index.php?rest_route=%2Fwp%2Fv2%2Fcomments&post=48369"}],"version-history":[{"count":1,"href":"https:\/\/noticiasemdestaque.com\/cd\/index.php?rest_route=\/wp\/v2\/posts\/48369\/revisions"}],"predecessor-version":[{"id":48372,"href":"https:\/\/noticiasemdestaque.com\/cd\/index.php?rest_route=\/wp\/v2\/posts\/48369\/revisions\/48372"}],"wp:featuredmedia":[{"embeddable":true,"href":"https:\/\/noticiasemdestaque.com\/cd\/index.php?rest_route=\/wp\/v2\/media\/48371"}],"wp:attachment":[{"href":"https:\/\/noticiasemdestaque.com\/cd\/index.php?rest_route=%2Fwp%2Fv2%2Fmedia&parent=48369"}],"wp:term":[{"taxonomy":"category","embeddable":true,"href":"https:\/\/noticiasemdestaque.com\/cd\/index.php?rest_route=%2Fwp%2Fv2%2Fcategories&post=48369"},{"taxonomy":"post_tag","embeddable":true,"href":"https:\/\/noticiasemdestaque.com\/cd\/index.php?rest_route=%2Fwp%2Fv2%2Ftags&post=48369"}],"curies":[{"name":"wp","href":"https:\/\/api.w.org\/{rel}","templated":true}]}}