{"id":48363,"date":"2023-05-15T15:07:44","date_gmt":"2023-05-15T18:07:44","guid":{"rendered":"https:\/\/noticiasemdestaque.com\/cd\/?p=48363"},"modified":"2023-05-15T15:07:44","modified_gmt":"2023-05-15T18:07:44","slug":"mercadinho-e-arrombado-em-sume-suspeitos-levaram-mercadorias-celulares-e-balanca-digital","status":"publish","type":"post","link":"https:\/\/noticiasemdestaque.com\/cd\/?p=48363","title":{"rendered":"Mercadinho \u00e9 arrombado em Sum\u00e9; suspeitos levaram mercadorias, celulares e balan\u00e7a digital."},"content":{"rendered":"<p><a href=\"https:\/\/noticiasemdestaque.com\/cd\/wp-content\/uploads\/2023\/05\/346047372_634426501476960_1833541029182050245_n.jpg\"><img fetchpriority=\"high\" decoding=\"async\" class=\"size-medium wp-image-48364 aligncenter\" src=\"https:\/\/noticiasemdestaque.com\/cd\/wp-content\/uploads\/2023\/05\/346047372_634426501476960_1833541029182050245_n-272x300.jpg\" alt=\"\" width=\"272\" height=\"300\" srcset=\"https:\/\/noticiasemdestaque.com\/cd\/wp-content\/uploads\/2023\/05\/346047372_634426501476960_1833541029182050245_n-272x300.jpg 272w, https:\/\/noticiasemdestaque.com\/cd\/wp-content\/uploads\/2023\/05\/346047372_634426501476960_1833541029182050245_n-11x12.jpg 11w, https:\/\/noticiasemdestaque.com\/cd\/wp-content\/uploads\/2023\/05\/346047372_634426501476960_1833541029182050245_n.jpg 544w\" sizes=\"(max-width: 272px) 100vw, 272px\" \/><\/a><\/p>\n<p>Um pequeno mercado que fica no bairro da v\u00e1rzea redonda em Sum\u00e9, foi arrombado e teve v\u00e1rios itens furtados pelos suspeitos. O crime aconteceu na madrugada desta segunda-feira (15), e nenhum suspeito foi preso, at\u00e9 o momento.<\/p>\n<p>O estabelecimento fica na rua Sebasti\u00e3o Viana,55 o propriet\u00e1rio recebeu as informa\u00e7\u00f5es que a sua empresa, estava sendo assaltada na hora, porque o alarme disparou. Mas mesmo assim n\u00e3o consegui acionar a tempo nem os vigilantes noturnos nem a Pol\u00edcia Militar que s\u00f3 chegou ao local depois que os tr\u00eas meliantes encapuzados levaram mercadorias, celulares e uma balan\u00e7a digital((foto) no valor de mais de 5 mil reais.<\/p>\n<p>As imagens poderiam ser importantes na elucida\u00e7\u00e3o do roubo, mas o DVR foi roubado tamb\u00e9m. De acordo com o dono do estabelecimento, o preju\u00edzo \u00e9 estimado em cerca de R$ 8 mil.<\/p>\n<p>A Pol\u00edcia Militar (PM) esteve no local para registrar a ocorr\u00eancia, a PM busca informa\u00e7\u00f5es para tentar encontrar o trio.<\/p>\n<p><em><strong>Not\u00edcias em Destaque<\/strong><\/em><\/p>\n<p>Com Jacquelline Oliveira-95fm<\/p>\n","protected":false},"excerpt":{"rendered":"<p>Um pequeno mercado que fica no bairro da v\u00e1rzea redonda em Sum\u00e9, foi arrombado e teve v\u00e1rios itens furtados pelos suspeitos. O crime aconteceu na madrugada desta segunda-feira (15), e nenhum suspeito foi preso, at\u00e9 o momento. O estabelecimento fica na rua Sebasti\u00e3o Viana,55 o propriet\u00e1rio recebeu as informa\u00e7\u00f5es que a sua empresa, estava sendo assaltada na hora, porque o alarme disparou. Mas mesmo assim n\u00e3o consegui acionar a tempo nem os vigilantes noturnos nem a Pol\u00edcia Militar que s\u00f3 chegou ao local depois que os tr\u00eas meliantes encapuzados levaram mercadorias, celulares e uma balan\u00e7a digital((foto) no valor de mais de 5 mil reais. As imagens poderiam ser importantes na elucida\u00e7\u00e3o do roubo, mas o DVR foi roubado tamb\u00e9m. De acordo com o dono do estabelecimento, o preju\u00edzo \u00e9 estimado em cerca de R$ 8 mil. A Pol\u00edcia Militar (PM) esteve no local para registrar a ocorr\u00eancia, a PM busca informa\u00e7\u00f5es para tentar encontrar o trio. Not\u00edcias em Destaque Com Jacquelline Oliveira-95fm<\/p>\n","protected":false},"author":2,"featured_media":48364,"comment_status":"closed","ping_status":"open","sticky":false,"template":"","format":"standard","meta":{"_eb_attr":"","_jetpack_memberships_contains_paid_content":false,"footnotes":""},"categories":[3],"tags":[],"class_list":["post-48363","post","type-post","status-publish","format-standard","has-post-thumbnail","hentry","category-cidades"],"yoast_head":"<!-- This site is optimized with the Yoast SEO plugin v26.5 - https:\/\/yoast.com\/wordpress\/plugins\/seo\/ -->\n<title>Mercadinho \u00e9 arrombado em Sum\u00e9; suspeitos levaram mercadorias, celulares e balan\u00e7a digital. - Not&iacute;cias em Destaque<\/title>\n<meta name=\"robots\" content=\"index, follow, max-snippet:-1, max-image-preview:large, max-video-preview:-1\" \/>\n<link rel=\"canonical\" href=\"https:\/\/noticiasemdestaque.com\/cd\/?p=48363\" \/>\n<meta property=\"og:locale\" content=\"pt_BR\" \/>\n<meta property=\"og:type\" content=\"article\" \/>\n<meta property=\"og:title\" content=\"Mercadinho \u00e9 arrombado em Sum\u00e9; suspeitos levaram mercadorias, celulares e balan\u00e7a digital. - Not&iacute;cias em Destaque\" \/>\n<meta property=\"og:description\" content=\"Um pequeno mercado que fica no bairro da v\u00e1rzea redonda em Sum\u00e9, foi arrombado e teve v\u00e1rios itens furtados pelos suspeitos. O crime aconteceu na madrugada desta segunda-feira (15), e nenhum suspeito foi preso, at\u00e9 o momento. O estabelecimento fica na rua Sebasti\u00e3o Viana,55 o propriet\u00e1rio recebeu as informa\u00e7\u00f5es que a sua empresa, estava sendo assaltada na hora, porque o alarme disparou. Mas mesmo assim n\u00e3o consegui acionar a tempo nem os vigilantes noturnos nem a Pol\u00edcia Militar que s\u00f3 chegou ao local depois que os tr\u00eas meliantes encapuzados levaram mercadorias, celulares e uma balan\u00e7a digital((foto) no valor de mais de 5 mil reais. As imagens poderiam ser importantes na elucida\u00e7\u00e3o do roubo, mas o DVR foi roubado tamb\u00e9m. De acordo com o dono do estabelecimento, o preju\u00edzo \u00e9 estimado em cerca de R$ 8 mil. A Pol\u00edcia Militar (PM) esteve no local para registrar a ocorr\u00eancia, a PM busca informa\u00e7\u00f5es para tentar encontrar o trio. Not\u00edcias em Destaque Com Jacquelline Oliveira-95fm\" \/>\n<meta property=\"og:url\" content=\"https:\/\/noticiasemdestaque.com\/cd\/?p=48363\" \/>\n<meta property=\"og:site_name\" content=\"Not&iacute;cias em Destaque\" \/>\n<meta property=\"article:published_time\" content=\"2023-05-15T18:07:44+00:00\" \/>\n<meta property=\"og:image\" content=\"https:\/\/noticiasemdestaque.com\/cd\/wp-content\/uploads\/2023\/05\/346047372_634426501476960_1833541029182050245_n.jpg\" \/>\n\t<meta property=\"og:image:width\" content=\"544\" \/>\n\t<meta property=\"og:image:height\" content=\"600\" \/>\n\t<meta property=\"og:image:type\" content=\"image\/jpeg\" \/>\n<meta name=\"author\" content=\"Not\u00edcias em Destaque\" \/>\n<meta name=\"twitter:card\" content=\"summary_large_image\" \/>\n<meta name=\"twitter:label1\" content=\"Escrito por\" \/>\n\t<meta name=\"twitter:data1\" content=\"Not\u00edcias em Destaque\" \/>\n\t<meta name=\"twitter:label2\" content=\"Est. tempo de leitura\" \/>\n\t<meta name=\"twitter:data2\" content=\"2 minutos\" \/>\n<script type=\"application\/ld+json\" class=\"yoast-schema-graph\">{\"@context\":\"https:\/\/schema.org\",\"@graph\":[{\"@type\":\"Article\",\"@id\":\"https:\/\/noticiasemdestaque.com\/cd\/?p=48363#article\",\"isPartOf\":{\"@id\":\"https:\/\/noticiasemdestaque.com\/cd\/?p=48363\"},\"author\":{\"name\":\"Not\u00edcias em Destaque\",\"@id\":\"https:\/\/noticiasemdestaque.com\/cd\/#\/schema\/person\/4a81fb71f77579d059c3045891fa1786\"},\"headline\":\"Mercadinho \u00e9 arrombado em Sum\u00e9; suspeitos levaram mercadorias, celulares e balan\u00e7a digital.\",\"datePublished\":\"2023-05-15T18:07:44+00:00\",\"mainEntityOfPage\":{\"@id\":\"https:\/\/noticiasemdestaque.com\/cd\/?p=48363\"},\"wordCount\":188,\"publisher\":{\"@id\":\"https:\/\/noticiasemdestaque.com\/cd\/#organization\"},\"image\":{\"@id\":\"https:\/\/noticiasemdestaque.com\/cd\/?p=48363#primaryimage\"},\"thumbnailUrl\":\"https:\/\/noticiasemdestaque.com\/cd\/wp-content\/uploads\/2023\/05\/346047372_634426501476960_1833541029182050245_n.jpg\",\"articleSection\":[\"Cidades\"],\"inLanguage\":\"pt-BR\"},{\"@type\":\"WebPage\",\"@id\":\"https:\/\/noticiasemdestaque.com\/cd\/?p=48363\",\"url\":\"https:\/\/noticiasemdestaque.com\/cd\/?p=48363\",\"name\":\"Mercadinho \u00e9 arrombado em Sum\u00e9; suspeitos levaram mercadorias, celulares e balan\u00e7a digital. - Not&iacute;cias em Destaque\",\"isPartOf\":{\"@id\":\"https:\/\/noticiasemdestaque.com\/cd\/#website\"},\"primaryImageOfPage\":{\"@id\":\"https:\/\/noticiasemdestaque.com\/cd\/?p=48363#primaryimage\"},\"image\":{\"@id\":\"https:\/\/noticiasemdestaque.com\/cd\/?p=48363#primaryimage\"},\"thumbnailUrl\":\"https:\/\/noticiasemdestaque.com\/cd\/wp-content\/uploads\/2023\/05\/346047372_634426501476960_1833541029182050245_n.jpg\",\"datePublished\":\"2023-05-15T18:07:44+00:00\",\"breadcrumb\":{\"@id\":\"https:\/\/noticiasemdestaque.com\/cd\/?p=48363#breadcrumb\"},\"inLanguage\":\"pt-BR\",\"potentialAction\":[{\"@type\":\"ReadAction\",\"target\":[\"https:\/\/noticiasemdestaque.com\/cd\/?p=48363\"]}]},{\"@type\":\"ImageObject\",\"inLanguage\":\"pt-BR\",\"@id\":\"https:\/\/noticiasemdestaque.com\/cd\/?p=48363#primaryimage\",\"url\":\"https:\/\/noticiasemdestaque.com\/cd\/wp-content\/uploads\/2023\/05\/346047372_634426501476960_1833541029182050245_n.jpg\",\"contentUrl\":\"https:\/\/noticiasemdestaque.com\/cd\/wp-content\/uploads\/2023\/05\/346047372_634426501476960_1833541029182050245_n.jpg\",\"width\":544,\"height\":600},{\"@type\":\"BreadcrumbList\",\"@id\":\"https:\/\/noticiasemdestaque.com\/cd\/?p=48363#breadcrumb\",\"itemListElement\":[{\"@type\":\"ListItem\",\"position\":1,\"name\":\"In\u00edcio\",\"item\":\"https:\/\/noticiasemdestaque.com\/cd\/\"},{\"@type\":\"ListItem\",\"position\":2,\"name\":\"Mercadinho \u00e9 arrombado em Sum\u00e9; suspeitos levaram mercadorias, celulares e balan\u00e7a digital.\"}]},{\"@type\":\"WebSite\",\"@id\":\"https:\/\/noticiasemdestaque.com\/cd\/#website\",\"url\":\"https:\/\/noticiasemdestaque.com\/cd\/\",\"name\":\"Not&iacute;cias em Destaque\",\"description\":\"\",\"publisher\":{\"@id\":\"https:\/\/noticiasemdestaque.com\/cd\/#organization\"},\"potentialAction\":[{\"@type\":\"SearchAction\",\"target\":{\"@type\":\"EntryPoint\",\"urlTemplate\":\"https:\/\/noticiasemdestaque.com\/cd\/?s={search_term_string}\"},\"query-input\":{\"@type\":\"PropertyValueSpecification\",\"valueRequired\":true,\"valueName\":\"search_term_string\"}}],\"inLanguage\":\"pt-BR\"},{\"@type\":\"Organization\",\"@id\":\"https:\/\/noticiasemdestaque.com\/cd\/#organization\",\"name\":\"Not\u00edcias em Destaque\",\"url\":\"https:\/\/noticiasemdestaque.com\/cd\/\",\"logo\":{\"@type\":\"ImageObject\",\"inLanguage\":\"pt-BR\",\"@id\":\"https:\/\/noticiasemdestaque.com\/cd\/#\/schema\/logo\/image\/\",\"url\":\"https:\/\/noticiasemdestaque.com\/cd\/wp-content\/uploads\/2022\/05\/imagem-base-noticiasemdestaque.png\",\"contentUrl\":\"https:\/\/noticiasemdestaque.com\/cd\/wp-content\/uploads\/2022\/05\/imagem-base-noticiasemdestaque.png\",\"width\":1200,\"height\":630,\"caption\":\"Not\u00edcias em Destaque\"},\"image\":{\"@id\":\"https:\/\/noticiasemdestaque.com\/cd\/#\/schema\/logo\/image\/\"}},{\"@type\":\"Person\",\"@id\":\"https:\/\/noticiasemdestaque.com\/cd\/#\/schema\/person\/4a81fb71f77579d059c3045891fa1786\",\"name\":\"Not\u00edcias em Destaque\",\"url\":\"https:\/\/noticiasemdestaque.com\/cd\/?author=2\"}]}<\/script>\n<!-- \/ Yoast SEO plugin. -->","yoast_head_json":{"title":"Mercadinho \u00e9 arrombado em Sum\u00e9; suspeitos levaram mercadorias, celulares e balan\u00e7a digital. - Not&iacute;cias em Destaque","robots":{"index":"index","follow":"follow","max-snippet":"max-snippet:-1","max-image-preview":"max-image-preview:large","max-video-preview":"max-video-preview:-1"},"canonical":"https:\/\/noticiasemdestaque.com\/cd\/?p=48363","og_locale":"pt_BR","og_type":"article","og_title":"Mercadinho \u00e9 arrombado em Sum\u00e9; suspeitos levaram mercadorias, celulares e balan\u00e7a digital. - Not&iacute;cias em Destaque","og_description":"Um pequeno mercado que fica no bairro da v\u00e1rzea redonda em Sum\u00e9, foi arrombado e teve v\u00e1rios itens furtados pelos suspeitos. O crime aconteceu na madrugada desta segunda-feira (15), e nenhum suspeito foi preso, at\u00e9 o momento. O estabelecimento fica na rua Sebasti\u00e3o Viana,55 o propriet\u00e1rio recebeu as informa\u00e7\u00f5es que a sua empresa, estava sendo assaltada na hora, porque o alarme disparou. Mas mesmo assim n\u00e3o consegui acionar a tempo nem os vigilantes noturnos nem a Pol\u00edcia Militar que s\u00f3 chegou ao local depois que os tr\u00eas meliantes encapuzados levaram mercadorias, celulares e uma balan\u00e7a digital((foto) no valor de mais de 5 mil reais. As imagens poderiam ser importantes na elucida\u00e7\u00e3o do roubo, mas o DVR foi roubado tamb\u00e9m. De acordo com o dono do estabelecimento, o preju\u00edzo \u00e9 estimado em cerca de R$ 8 mil. A Pol\u00edcia Militar (PM) esteve no local para registrar a ocorr\u00eancia, a PM busca informa\u00e7\u00f5es para tentar encontrar o trio. Not\u00edcias em Destaque Com Jacquelline Oliveira-95fm","og_url":"https:\/\/noticiasemdestaque.com\/cd\/?p=48363","og_site_name":"Not&iacute;cias em Destaque","article_published_time":"2023-05-15T18:07:44+00:00","og_image":[{"width":544,"height":600,"url":"https:\/\/noticiasemdestaque.com\/cd\/wp-content\/uploads\/2023\/05\/346047372_634426501476960_1833541029182050245_n.jpg","type":"image\/jpeg"}],"author":"Not\u00edcias em Destaque","twitter_card":"summary_large_image","twitter_misc":{"Escrito por":"Not\u00edcias em Destaque","Est. tempo de leitura":"2 minutos"},"schema":{"@context":"https:\/\/schema.org","@graph":[{"@type":"Article","@id":"https:\/\/noticiasemdestaque.com\/cd\/?p=48363#article","isPartOf":{"@id":"https:\/\/noticiasemdestaque.com\/cd\/?p=48363"},"author":{"name":"Not\u00edcias em Destaque","@id":"https:\/\/noticiasemdestaque.com\/cd\/#\/schema\/person\/4a81fb71f77579d059c3045891fa1786"},"headline":"Mercadinho \u00e9 arrombado em Sum\u00e9; suspeitos levaram mercadorias, celulares e balan\u00e7a digital.","datePublished":"2023-05-15T18:07:44+00:00","mainEntityOfPage":{"@id":"https:\/\/noticiasemdestaque.com\/cd\/?p=48363"},"wordCount":188,"publisher":{"@id":"https:\/\/noticiasemdestaque.com\/cd\/#organization"},"image":{"@id":"https:\/\/noticiasemdestaque.com\/cd\/?p=48363#primaryimage"},"thumbnailUrl":"https:\/\/noticiasemdestaque.com\/cd\/wp-content\/uploads\/2023\/05\/346047372_634426501476960_1833541029182050245_n.jpg","articleSection":["Cidades"],"inLanguage":"pt-BR"},{"@type":"WebPage","@id":"https:\/\/noticiasemdestaque.com\/cd\/?p=48363","url":"https:\/\/noticiasemdestaque.com\/cd\/?p=48363","name":"Mercadinho \u00e9 arrombado em Sum\u00e9; suspeitos levaram mercadorias, celulares e balan\u00e7a digital. - Not&iacute;cias em Destaque","isPartOf":{"@id":"https:\/\/noticiasemdestaque.com\/cd\/#website"},"primaryImageOfPage":{"@id":"https:\/\/noticiasemdestaque.com\/cd\/?p=48363#primaryimage"},"image":{"@id":"https:\/\/noticiasemdestaque.com\/cd\/?p=48363#primaryimage"},"thumbnailUrl":"https:\/\/noticiasemdestaque.com\/cd\/wp-content\/uploads\/2023\/05\/346047372_634426501476960_1833541029182050245_n.jpg","datePublished":"2023-05-15T18:07:44+00:00","breadcrumb":{"@id":"https:\/\/noticiasemdestaque.com\/cd\/?p=48363#breadcrumb"},"inLanguage":"pt-BR","potentialAction":[{"@type":"ReadAction","target":["https:\/\/noticiasemdestaque.com\/cd\/?p=48363"]}]},{"@type":"ImageObject","inLanguage":"pt-BR","@id":"https:\/\/noticiasemdestaque.com\/cd\/?p=48363#primaryimage","url":"https:\/\/noticiasemdestaque.com\/cd\/wp-content\/uploads\/2023\/05\/346047372_634426501476960_1833541029182050245_n.jpg","contentUrl":"https:\/\/noticiasemdestaque.com\/cd\/wp-content\/uploads\/2023\/05\/346047372_634426501476960_1833541029182050245_n.jpg","width":544,"height":600},{"@type":"BreadcrumbList","@id":"https:\/\/noticiasemdestaque.com\/cd\/?p=48363#breadcrumb","itemListElement":[{"@type":"ListItem","position":1,"name":"In\u00edcio","item":"https:\/\/noticiasemdestaque.com\/cd\/"},{"@type":"ListItem","position":2,"name":"Mercadinho \u00e9 arrombado em Sum\u00e9; suspeitos levaram mercadorias, celulares e balan\u00e7a digital."}]},{"@type":"WebSite","@id":"https:\/\/noticiasemdestaque.com\/cd\/#website","url":"https:\/\/noticiasemdestaque.com\/cd\/","name":"Not&iacute;cias em Destaque","description":"","publisher":{"@id":"https:\/\/noticiasemdestaque.com\/cd\/#organization"},"potentialAction":[{"@type":"SearchAction","target":{"@type":"EntryPoint","urlTemplate":"https:\/\/noticiasemdestaque.com\/cd\/?s={search_term_string}"},"query-input":{"@type":"PropertyValueSpecification","valueRequired":true,"valueName":"search_term_string"}}],"inLanguage":"pt-BR"},{"@type":"Organization","@id":"https:\/\/noticiasemdestaque.com\/cd\/#organization","name":"Not\u00edcias em Destaque","url":"https:\/\/noticiasemdestaque.com\/cd\/","logo":{"@type":"ImageObject","inLanguage":"pt-BR","@id":"https:\/\/noticiasemdestaque.com\/cd\/#\/schema\/logo\/image\/","url":"https:\/\/noticiasemdestaque.com\/cd\/wp-content\/uploads\/2022\/05\/imagem-base-noticiasemdestaque.png","contentUrl":"https:\/\/noticiasemdestaque.com\/cd\/wp-content\/uploads\/2022\/05\/imagem-base-noticiasemdestaque.png","width":1200,"height":630,"caption":"Not\u00edcias em Destaque"},"image":{"@id":"https:\/\/noticiasemdestaque.com\/cd\/#\/schema\/logo\/image\/"}},{"@type":"Person","@id":"https:\/\/noticiasemdestaque.com\/cd\/#\/schema\/person\/4a81fb71f77579d059c3045891fa1786","name":"Not\u00edcias em Destaque","url":"https:\/\/noticiasemdestaque.com\/cd\/?author=2"}]}},"jetpack_featured_media_url":"https:\/\/noticiasemdestaque.com\/cd\/wp-content\/uploads\/2023\/05\/346047372_634426501476960_1833541029182050245_n.jpg","jetpack_sharing_enabled":true,"_links":{"self":[{"href":"https:\/\/noticiasemdestaque.com\/cd\/index.php?rest_route=\/wp\/v2\/posts\/48363","targetHints":{"allow":["GET"]}}],"collection":[{"href":"https:\/\/noticiasemdestaque.com\/cd\/index.php?rest_route=\/wp\/v2\/posts"}],"about":[{"href":"https:\/\/noticiasemdestaque.com\/cd\/index.php?rest_route=\/wp\/v2\/types\/post"}],"author":[{"embeddable":true,"href":"https:\/\/noticiasemdestaque.com\/cd\/index.php?rest_route=\/wp\/v2\/users\/2"}],"replies":[{"embeddable":true,"href":"https:\/\/noticiasemdestaque.com\/cd\/index.php?rest_route=%2Fwp%2Fv2%2Fcomments&post=48363"}],"version-history":[{"count":1,"href":"https:\/\/noticiasemdestaque.com\/cd\/index.php?rest_route=\/wp\/v2\/posts\/48363\/revisions"}],"predecessor-version":[{"id":48365,"href":"https:\/\/noticiasemdestaque.com\/cd\/index.php?rest_route=\/wp\/v2\/posts\/48363\/revisions\/48365"}],"wp:featuredmedia":[{"embeddable":true,"href":"https:\/\/noticiasemdestaque.com\/cd\/index.php?rest_route=\/wp\/v2\/media\/48364"}],"wp:attachment":[{"href":"https:\/\/noticiasemdestaque.com\/cd\/index.php?rest_route=%2Fwp%2Fv2%2Fmedia&parent=48363"}],"wp:term":[{"taxonomy":"category","embeddable":true,"href":"https:\/\/noticiasemdestaque.com\/cd\/index.php?rest_route=%2Fwp%2Fv2%2Fcategories&post=48363"},{"taxonomy":"post_tag","embeddable":true,"href":"https:\/\/noticiasemdestaque.com\/cd\/index.php?rest_route=%2Fwp%2Fv2%2Ftags&post=48363"}],"curies":[{"name":"wp","href":"https:\/\/api.w.org\/{rel}","templated":true}]}}