{"id":4836,"date":"2017-10-02T11:53:06","date_gmt":"2017-10-02T14:53:06","guid":{"rendered":"http:\/\/caririemdestaque.com\/cd\/?p=4836"},"modified":"2017-10-02T11:53:06","modified_gmt":"2017-10-02T14:53:06","slug":"projeto-garante-julgamento-de-crime-hediondo-em-ate-cinco-anos","status":"publish","type":"post","link":"https:\/\/noticiasemdestaque.com\/cd\/?p=4836","title":{"rendered":"Projeto garante julgamento de crime hediondo em at\u00e9 cinco anos"},"content":{"rendered":"<p><a href=\"http:\/\/caririemdestaque.com\/cd\/wp-content\/uploads\/2017\/10\/17283936280003622710000.jpg\"><img fetchpriority=\"high\" decoding=\"async\" class=\"wp-image-4837 size-medium alignleft\" src=\"http:\/\/caririemdestaque.com\/cd\/wp-content\/uploads\/2017\/10\/17283936280003622710000-300x225.jpg\" alt=\"\" width=\"300\" height=\"225\" srcset=\"https:\/\/noticiasemdestaque.com\/cd\/wp-content\/uploads\/2017\/10\/17283936280003622710000-300x225.jpg 300w, https:\/\/noticiasemdestaque.com\/cd\/wp-content\/uploads\/2017\/10\/17283936280003622710000.jpg 362w\" sizes=\"(max-width: 300px) 100vw, 300px\" \/><\/a>Projeto de Lei apresentado pelo deputado federal Wilson Filho (PTB-PB) prev\u00ea o julgamento de crimes considerados hediondos no prazo de at\u00e9 cinco anos. Segundo o parlamentar, um ter\u00e7o dos presos brasileiros cometeu crimes hediondos.<\/p>\n<p>Wilson Filho lembrou que a fixa\u00e7\u00e3o de um lapso temporal para o julgamento de crimes de tamanho impacto para a sociedade desestimular\u00e1 a pr\u00e1tica criminosa. Segundo ele, um dos fatores que refor\u00e7a a onda de criminalidade vivida no pa\u00eds \u00e9 a sensa\u00e7\u00e3o de impunidade. \u201cNesse sentido, a altera\u00e7\u00e3o legislativa mostra-se ben\u00e9fica, pois oferece \u00e0 sociedade um prazo concreto para o julgamento de quem comete os mais graves crimes do nosso sistema penal\u201d, disse.<\/p>\n<p>Crimes hediondos \u2013 A lista de crimes previstos na Lei 8.072 de 25 de julho de 1990, inclui os seguintes delitos: homic\u00eddio , les\u00e3o corporal de natureza grav\u00edssima e les\u00e3o corporal seguida de morte, latroc\u00ednio, extors\u00e3o qualificada pela morte, extors\u00e3o mediante sequestro, estupro, estupro de vulner\u00e1vel, epidemia com resultado morte , falsifica\u00e7\u00e3o, corrup\u00e7\u00e3o, adultera\u00e7\u00e3o ou altera\u00e7\u00e3o de produto destinado a fins terap\u00eauticos ou medicinais e favorecimento da prostitui\u00e7\u00e3o ou de outra forma de explora\u00e7\u00e3o sexual de crian\u00e7a ou adolescente ou de vulner\u00e1vel.<\/p>\n","protected":false},"excerpt":{"rendered":"<p>Projeto de Lei apresentado pelo deputado federal Wilson Filho (PTB-PB) prev\u00ea o julgamento de crimes considerados hediondos no prazo de at\u00e9 cinco anos. Segundo o parlamentar, um ter\u00e7o dos presos brasileiros cometeu crimes hediondos. Wilson Filho lembrou que a fixa\u00e7\u00e3o de um lapso temporal para o julgamento de crimes de tamanho impacto para a sociedade desestimular\u00e1 a pr\u00e1tica criminosa. Segundo ele, um dos fatores que refor\u00e7a a onda de criminalidade vivida no pa\u00eds \u00e9 a sensa\u00e7\u00e3o de impunidade. \u201cNesse sentido, a altera\u00e7\u00e3o legislativa mostra-se ben\u00e9fica, pois oferece \u00e0 sociedade um prazo concreto para o julgamento de quem comete os mais graves crimes do nosso sistema penal\u201d, disse. Crimes hediondos \u2013 A lista de crimes previstos na Lei 8.072 de 25 de julho de 1990, inclui os seguintes delitos: homic\u00eddio , les\u00e3o corporal de natureza grav\u00edssima e les\u00e3o corporal seguida de morte, latroc\u00ednio, extors\u00e3o qualificada pela morte, extors\u00e3o mediante sequestro, estupro, estupro de vulner\u00e1vel, epidemia com resultado morte , falsifica\u00e7\u00e3o, corrup\u00e7\u00e3o, adultera\u00e7\u00e3o ou altera\u00e7\u00e3o de produto destinado a fins terap\u00eauticos ou medicinais e favorecimento da prostitui\u00e7\u00e3o ou de outra forma de explora\u00e7\u00e3o sexual de crian\u00e7a ou adolescente ou de vulner\u00e1vel.<\/p>\n","protected":false},"author":2,"featured_media":4837,"comment_status":"closed","ping_status":"open","sticky":false,"template":"","format":"standard","meta":{"_eb_attr":"","_jetpack_memberships_contains_paid_content":false,"footnotes":""},"categories":[4],"tags":[],"class_list":["post-4836","post","type-post","status-publish","format-standard","has-post-thumbnail","hentry","category-politica"],"yoast_head":"<!-- This site is optimized with the Yoast SEO plugin v26.5 - https:\/\/yoast.com\/wordpress\/plugins\/seo\/ -->\n<title>Projeto garante julgamento de crime hediondo em at\u00e9 cinco anos - Not&iacute;cias em Destaque<\/title>\n<meta name=\"robots\" content=\"index, follow, max-snippet:-1, max-image-preview:large, max-video-preview:-1\" \/>\n<link rel=\"canonical\" href=\"https:\/\/noticiasemdestaque.com\/cd\/?p=4836\" \/>\n<meta property=\"og:locale\" content=\"pt_BR\" \/>\n<meta property=\"og:type\" content=\"article\" \/>\n<meta property=\"og:title\" content=\"Projeto garante julgamento de crime hediondo em at\u00e9 cinco anos - Not&iacute;cias em Destaque\" \/>\n<meta property=\"og:description\" content=\"Projeto de Lei apresentado pelo deputado federal Wilson Filho (PTB-PB) prev\u00ea o julgamento de crimes considerados hediondos no prazo de at\u00e9 cinco anos. Segundo o parlamentar, um ter\u00e7o dos presos brasileiros cometeu crimes hediondos. Wilson Filho lembrou que a fixa\u00e7\u00e3o de um lapso temporal para o julgamento de crimes de tamanho impacto para a sociedade desestimular\u00e1 a pr\u00e1tica criminosa. Segundo ele, um dos fatores que refor\u00e7a a onda de criminalidade vivida no pa\u00eds \u00e9 a sensa\u00e7\u00e3o de impunidade. \u201cNesse sentido, a altera\u00e7\u00e3o legislativa mostra-se ben\u00e9fica, pois oferece \u00e0 sociedade um prazo concreto para o julgamento de quem comete os mais graves crimes do nosso sistema penal\u201d, disse. Crimes hediondos \u2013 A lista de crimes previstos na Lei 8.072 de 25 de julho de 1990, inclui os seguintes delitos: homic\u00eddio , les\u00e3o corporal de natureza grav\u00edssima e les\u00e3o corporal seguida de morte, latroc\u00ednio, extors\u00e3o qualificada pela morte, extors\u00e3o mediante sequestro, estupro, estupro de vulner\u00e1vel, epidemia com resultado morte , falsifica\u00e7\u00e3o, corrup\u00e7\u00e3o, adultera\u00e7\u00e3o ou altera\u00e7\u00e3o de produto destinado a fins terap\u00eauticos ou medicinais e favorecimento da prostitui\u00e7\u00e3o ou de outra forma de explora\u00e7\u00e3o sexual de crian\u00e7a ou adolescente ou de vulner\u00e1vel.\" \/>\n<meta property=\"og:url\" content=\"https:\/\/noticiasemdestaque.com\/cd\/?p=4836\" \/>\n<meta property=\"og:site_name\" content=\"Not&iacute;cias em Destaque\" \/>\n<meta property=\"article:published_time\" content=\"2017-10-02T14:53:06+00:00\" \/>\n<meta property=\"og:image\" content=\"https:\/\/noticiasemdestaque.com\/cd\/wp-content\/uploads\/2017\/10\/17283936280003622710000.jpg\" \/>\n\t<meta property=\"og:image:width\" content=\"362\" \/>\n\t<meta property=\"og:image:height\" content=\"271\" \/>\n\t<meta property=\"og:image:type\" content=\"image\/jpeg\" \/>\n<meta name=\"author\" content=\"Not\u00edcias em Destaque\" \/>\n<meta name=\"twitter:card\" content=\"summary_large_image\" \/>\n<meta name=\"twitter:label1\" content=\"Escrito por\" \/>\n\t<meta name=\"twitter:data1\" content=\"Not\u00edcias em Destaque\" \/>\n\t<meta name=\"twitter:label2\" content=\"Est. tempo de leitura\" \/>\n\t<meta name=\"twitter:data2\" content=\"1 minuto\" \/>\n<script type=\"application\/ld+json\" class=\"yoast-schema-graph\">{\"@context\":\"https:\/\/schema.org\",\"@graph\":[{\"@type\":\"Article\",\"@id\":\"https:\/\/noticiasemdestaque.com\/cd\/?p=4836#article\",\"isPartOf\":{\"@id\":\"https:\/\/noticiasemdestaque.com\/cd\/?p=4836\"},\"author\":{\"name\":\"Not\u00edcias em Destaque\",\"@id\":\"https:\/\/noticiasemdestaque.com\/cd\/#\/schema\/person\/21320b03a7e8bb90128938dafc9b908a\"},\"headline\":\"Projeto garante julgamento de crime hediondo em at\u00e9 cinco anos\",\"datePublished\":\"2017-10-02T14:53:06+00:00\",\"mainEntityOfPage\":{\"@id\":\"https:\/\/noticiasemdestaque.com\/cd\/?p=4836\"},\"wordCount\":216,\"publisher\":{\"@id\":\"https:\/\/noticiasemdestaque.com\/cd\/#organization\"},\"image\":{\"@id\":\"https:\/\/noticiasemdestaque.com\/cd\/?p=4836#primaryimage\"},\"thumbnailUrl\":\"https:\/\/noticiasemdestaque.com\/cd\/wp-content\/uploads\/2017\/10\/17283936280003622710000.jpg\",\"articleSection\":[\"Pol\u00edtica\"],\"inLanguage\":\"pt-BR\"},{\"@type\":\"WebPage\",\"@id\":\"https:\/\/noticiasemdestaque.com\/cd\/?p=4836\",\"url\":\"https:\/\/noticiasemdestaque.com\/cd\/?p=4836\",\"name\":\"Projeto garante julgamento de crime hediondo em at\u00e9 cinco anos - Not&iacute;cias em Destaque\",\"isPartOf\":{\"@id\":\"https:\/\/noticiasemdestaque.com\/cd\/#website\"},\"primaryImageOfPage\":{\"@id\":\"https:\/\/noticiasemdestaque.com\/cd\/?p=4836#primaryimage\"},\"image\":{\"@id\":\"https:\/\/noticiasemdestaque.com\/cd\/?p=4836#primaryimage\"},\"thumbnailUrl\":\"https:\/\/noticiasemdestaque.com\/cd\/wp-content\/uploads\/2017\/10\/17283936280003622710000.jpg\",\"datePublished\":\"2017-10-02T14:53:06+00:00\",\"breadcrumb\":{\"@id\":\"https:\/\/noticiasemdestaque.com\/cd\/?p=4836#breadcrumb\"},\"inLanguage\":\"pt-BR\",\"potentialAction\":[{\"@type\":\"ReadAction\",\"target\":[\"https:\/\/noticiasemdestaque.com\/cd\/?p=4836\"]}]},{\"@type\":\"ImageObject\",\"inLanguage\":\"pt-BR\",\"@id\":\"https:\/\/noticiasemdestaque.com\/cd\/?p=4836#primaryimage\",\"url\":\"https:\/\/noticiasemdestaque.com\/cd\/wp-content\/uploads\/2017\/10\/17283936280003622710000.jpg\",\"contentUrl\":\"https:\/\/noticiasemdestaque.com\/cd\/wp-content\/uploads\/2017\/10\/17283936280003622710000.jpg\",\"width\":362,\"height\":271,\"caption\":\"Deputado federal Wilson Filho\"},{\"@type\":\"BreadcrumbList\",\"@id\":\"https:\/\/noticiasemdestaque.com\/cd\/?p=4836#breadcrumb\",\"itemListElement\":[{\"@type\":\"ListItem\",\"position\":1,\"name\":\"In\u00edcio\",\"item\":\"https:\/\/noticiasemdestaque.com\/cd\/\"},{\"@type\":\"ListItem\",\"position\":2,\"name\":\"Projeto garante julgamento de crime hediondo em at\u00e9 cinco anos\"}]},{\"@type\":\"WebSite\",\"@id\":\"https:\/\/noticiasemdestaque.com\/cd\/#website\",\"url\":\"https:\/\/noticiasemdestaque.com\/cd\/\",\"name\":\"Not&iacute;cias em Destaque\",\"description\":\"\",\"publisher\":{\"@id\":\"https:\/\/noticiasemdestaque.com\/cd\/#organization\"},\"potentialAction\":[{\"@type\":\"SearchAction\",\"target\":{\"@type\":\"EntryPoint\",\"urlTemplate\":\"https:\/\/noticiasemdestaque.com\/cd\/?s={search_term_string}\"},\"query-input\":{\"@type\":\"PropertyValueSpecification\",\"valueRequired\":true,\"valueName\":\"search_term_string\"}}],\"inLanguage\":\"pt-BR\"},{\"@type\":\"Organization\",\"@id\":\"https:\/\/noticiasemdestaque.com\/cd\/#organization\",\"name\":\"Not\u00edcias em Destaque\",\"url\":\"https:\/\/noticiasemdestaque.com\/cd\/\",\"logo\":{\"@type\":\"ImageObject\",\"inLanguage\":\"pt-BR\",\"@id\":\"https:\/\/noticiasemdestaque.com\/cd\/#\/schema\/logo\/image\/\",\"url\":\"https:\/\/noticiasemdestaque.com\/cd\/wp-content\/uploads\/2022\/05\/imagem-base-noticiasemdestaque.png\",\"contentUrl\":\"https:\/\/noticiasemdestaque.com\/cd\/wp-content\/uploads\/2022\/05\/imagem-base-noticiasemdestaque.png\",\"width\":1200,\"height\":630,\"caption\":\"Not\u00edcias em Destaque\"},\"image\":{\"@id\":\"https:\/\/noticiasemdestaque.com\/cd\/#\/schema\/logo\/image\/\"}},{\"@type\":\"Person\",\"@id\":\"https:\/\/noticiasemdestaque.com\/cd\/#\/schema\/person\/21320b03a7e8bb90128938dafc9b908a\",\"name\":\"Not\u00edcias em Destaque\",\"url\":\"https:\/\/noticiasemdestaque.com\/cd\/?author=2\"}]}<\/script>\n<!-- \/ Yoast SEO plugin. -->","yoast_head_json":{"title":"Projeto garante julgamento de crime hediondo em at\u00e9 cinco anos - Not&iacute;cias em Destaque","robots":{"index":"index","follow":"follow","max-snippet":"max-snippet:-1","max-image-preview":"max-image-preview:large","max-video-preview":"max-video-preview:-1"},"canonical":"https:\/\/noticiasemdestaque.com\/cd\/?p=4836","og_locale":"pt_BR","og_type":"article","og_title":"Projeto garante julgamento de crime hediondo em at\u00e9 cinco anos - Not&iacute;cias em Destaque","og_description":"Projeto de Lei apresentado pelo deputado federal Wilson Filho (PTB-PB) prev\u00ea o julgamento de crimes considerados hediondos no prazo de at\u00e9 cinco anos. Segundo o parlamentar, um ter\u00e7o dos presos brasileiros cometeu crimes hediondos. Wilson Filho lembrou que a fixa\u00e7\u00e3o de um lapso temporal para o julgamento de crimes de tamanho impacto para a sociedade desestimular\u00e1 a pr\u00e1tica criminosa. Segundo ele, um dos fatores que refor\u00e7a a onda de criminalidade vivida no pa\u00eds \u00e9 a sensa\u00e7\u00e3o de impunidade. \u201cNesse sentido, a altera\u00e7\u00e3o legislativa mostra-se ben\u00e9fica, pois oferece \u00e0 sociedade um prazo concreto para o julgamento de quem comete os mais graves crimes do nosso sistema penal\u201d, disse. Crimes hediondos \u2013 A lista de crimes previstos na Lei 8.072 de 25 de julho de 1990, inclui os seguintes delitos: homic\u00eddio , les\u00e3o corporal de natureza grav\u00edssima e les\u00e3o corporal seguida de morte, latroc\u00ednio, extors\u00e3o qualificada pela morte, extors\u00e3o mediante sequestro, estupro, estupro de vulner\u00e1vel, epidemia com resultado morte , falsifica\u00e7\u00e3o, corrup\u00e7\u00e3o, adultera\u00e7\u00e3o ou altera\u00e7\u00e3o de produto destinado a fins terap\u00eauticos ou medicinais e favorecimento da prostitui\u00e7\u00e3o ou de outra forma de explora\u00e7\u00e3o sexual de crian\u00e7a ou adolescente ou de vulner\u00e1vel.","og_url":"https:\/\/noticiasemdestaque.com\/cd\/?p=4836","og_site_name":"Not&iacute;cias em Destaque","article_published_time":"2017-10-02T14:53:06+00:00","og_image":[{"width":362,"height":271,"url":"https:\/\/noticiasemdestaque.com\/cd\/wp-content\/uploads\/2017\/10\/17283936280003622710000.jpg","type":"image\/jpeg"}],"author":"Not\u00edcias em Destaque","twitter_card":"summary_large_image","twitter_misc":{"Escrito por":"Not\u00edcias em Destaque","Est. tempo de leitura":"1 minuto"},"schema":{"@context":"https:\/\/schema.org","@graph":[{"@type":"Article","@id":"https:\/\/noticiasemdestaque.com\/cd\/?p=4836#article","isPartOf":{"@id":"https:\/\/noticiasemdestaque.com\/cd\/?p=4836"},"author":{"name":"Not\u00edcias em Destaque","@id":"https:\/\/noticiasemdestaque.com\/cd\/#\/schema\/person\/21320b03a7e8bb90128938dafc9b908a"},"headline":"Projeto garante julgamento de crime hediondo em at\u00e9 cinco anos","datePublished":"2017-10-02T14:53:06+00:00","mainEntityOfPage":{"@id":"https:\/\/noticiasemdestaque.com\/cd\/?p=4836"},"wordCount":216,"publisher":{"@id":"https:\/\/noticiasemdestaque.com\/cd\/#organization"},"image":{"@id":"https:\/\/noticiasemdestaque.com\/cd\/?p=4836#primaryimage"},"thumbnailUrl":"https:\/\/noticiasemdestaque.com\/cd\/wp-content\/uploads\/2017\/10\/17283936280003622710000.jpg","articleSection":["Pol\u00edtica"],"inLanguage":"pt-BR"},{"@type":"WebPage","@id":"https:\/\/noticiasemdestaque.com\/cd\/?p=4836","url":"https:\/\/noticiasemdestaque.com\/cd\/?p=4836","name":"Projeto garante julgamento de crime hediondo em at\u00e9 cinco anos - Not&iacute;cias em Destaque","isPartOf":{"@id":"https:\/\/noticiasemdestaque.com\/cd\/#website"},"primaryImageOfPage":{"@id":"https:\/\/noticiasemdestaque.com\/cd\/?p=4836#primaryimage"},"image":{"@id":"https:\/\/noticiasemdestaque.com\/cd\/?p=4836#primaryimage"},"thumbnailUrl":"https:\/\/noticiasemdestaque.com\/cd\/wp-content\/uploads\/2017\/10\/17283936280003622710000.jpg","datePublished":"2017-10-02T14:53:06+00:00","breadcrumb":{"@id":"https:\/\/noticiasemdestaque.com\/cd\/?p=4836#breadcrumb"},"inLanguage":"pt-BR","potentialAction":[{"@type":"ReadAction","target":["https:\/\/noticiasemdestaque.com\/cd\/?p=4836"]}]},{"@type":"ImageObject","inLanguage":"pt-BR","@id":"https:\/\/noticiasemdestaque.com\/cd\/?p=4836#primaryimage","url":"https:\/\/noticiasemdestaque.com\/cd\/wp-content\/uploads\/2017\/10\/17283936280003622710000.jpg","contentUrl":"https:\/\/noticiasemdestaque.com\/cd\/wp-content\/uploads\/2017\/10\/17283936280003622710000.jpg","width":362,"height":271,"caption":"Deputado federal Wilson Filho"},{"@type":"BreadcrumbList","@id":"https:\/\/noticiasemdestaque.com\/cd\/?p=4836#breadcrumb","itemListElement":[{"@type":"ListItem","position":1,"name":"In\u00edcio","item":"https:\/\/noticiasemdestaque.com\/cd\/"},{"@type":"ListItem","position":2,"name":"Projeto garante julgamento de crime hediondo em at\u00e9 cinco anos"}]},{"@type":"WebSite","@id":"https:\/\/noticiasemdestaque.com\/cd\/#website","url":"https:\/\/noticiasemdestaque.com\/cd\/","name":"Not&iacute;cias em Destaque","description":"","publisher":{"@id":"https:\/\/noticiasemdestaque.com\/cd\/#organization"},"potentialAction":[{"@type":"SearchAction","target":{"@type":"EntryPoint","urlTemplate":"https:\/\/noticiasemdestaque.com\/cd\/?s={search_term_string}"},"query-input":{"@type":"PropertyValueSpecification","valueRequired":true,"valueName":"search_term_string"}}],"inLanguage":"pt-BR"},{"@type":"Organization","@id":"https:\/\/noticiasemdestaque.com\/cd\/#organization","name":"Not\u00edcias em Destaque","url":"https:\/\/noticiasemdestaque.com\/cd\/","logo":{"@type":"ImageObject","inLanguage":"pt-BR","@id":"https:\/\/noticiasemdestaque.com\/cd\/#\/schema\/logo\/image\/","url":"https:\/\/noticiasemdestaque.com\/cd\/wp-content\/uploads\/2022\/05\/imagem-base-noticiasemdestaque.png","contentUrl":"https:\/\/noticiasemdestaque.com\/cd\/wp-content\/uploads\/2022\/05\/imagem-base-noticiasemdestaque.png","width":1200,"height":630,"caption":"Not\u00edcias em Destaque"},"image":{"@id":"https:\/\/noticiasemdestaque.com\/cd\/#\/schema\/logo\/image\/"}},{"@type":"Person","@id":"https:\/\/noticiasemdestaque.com\/cd\/#\/schema\/person\/21320b03a7e8bb90128938dafc9b908a","name":"Not\u00edcias em Destaque","url":"https:\/\/noticiasemdestaque.com\/cd\/?author=2"}]}},"jetpack_featured_media_url":"https:\/\/noticiasemdestaque.com\/cd\/wp-content\/uploads\/2017\/10\/17283936280003622710000.jpg","jetpack_sharing_enabled":true,"_links":{"self":[{"href":"https:\/\/noticiasemdestaque.com\/cd\/index.php?rest_route=\/wp\/v2\/posts\/4836","targetHints":{"allow":["GET"]}}],"collection":[{"href":"https:\/\/noticiasemdestaque.com\/cd\/index.php?rest_route=\/wp\/v2\/posts"}],"about":[{"href":"https:\/\/noticiasemdestaque.com\/cd\/index.php?rest_route=\/wp\/v2\/types\/post"}],"author":[{"embeddable":true,"href":"https:\/\/noticiasemdestaque.com\/cd\/index.php?rest_route=\/wp\/v2\/users\/2"}],"replies":[{"embeddable":true,"href":"https:\/\/noticiasemdestaque.com\/cd\/index.php?rest_route=%2Fwp%2Fv2%2Fcomments&post=4836"}],"version-history":[{"count":1,"href":"https:\/\/noticiasemdestaque.com\/cd\/index.php?rest_route=\/wp\/v2\/posts\/4836\/revisions"}],"predecessor-version":[{"id":4838,"href":"https:\/\/noticiasemdestaque.com\/cd\/index.php?rest_route=\/wp\/v2\/posts\/4836\/revisions\/4838"}],"wp:featuredmedia":[{"embeddable":true,"href":"https:\/\/noticiasemdestaque.com\/cd\/index.php?rest_route=\/wp\/v2\/media\/4837"}],"wp:attachment":[{"href":"https:\/\/noticiasemdestaque.com\/cd\/index.php?rest_route=%2Fwp%2Fv2%2Fmedia&parent=4836"}],"wp:term":[{"taxonomy":"category","embeddable":true,"href":"https:\/\/noticiasemdestaque.com\/cd\/index.php?rest_route=%2Fwp%2Fv2%2Fcategories&post=4836"},{"taxonomy":"post_tag","embeddable":true,"href":"https:\/\/noticiasemdestaque.com\/cd\/index.php?rest_route=%2Fwp%2Fv2%2Ftags&post=4836"}],"curies":[{"name":"wp","href":"https:\/\/api.w.org\/{rel}","templated":true}]}}