{"id":4815,"date":"2017-10-01T11:04:39","date_gmt":"2017-10-01T14:04:39","guid":{"rendered":"http:\/\/caririemdestaque.com\/cd\/?p=4815"},"modified":"2017-10-01T11:04:39","modified_gmt":"2017-10-01T14:04:39","slug":"campus-da-ufcg-de-sume-comunica-inicio-das-atividades-do-programa-escola-da-terra","status":"publish","type":"post","link":"https:\/\/noticiasemdestaque.com\/cd\/?p=4815","title":{"rendered":"CAMPUS DA UFCG DE SUM\u00c9 COMUNICA IN\u00cdCIO DAS ATIVIDADES DO \u201cPROGRAMA ESCOLA DA TERRA\u201d"},"content":{"rendered":"<p><a href=\"http:\/\/caririemdestaque.com\/cd\/wp-content\/uploads\/2017\/10\/ufcgcdsa-500x3122.jpg\"><img fetchpriority=\"high\" decoding=\"async\" class=\"alignleft wp-image-4816 size-medium\" src=\"http:\/\/caririemdestaque.com\/cd\/wp-content\/uploads\/2017\/10\/ufcgcdsa-500x3122-300x187.jpg\" alt=\"\" width=\"300\" height=\"187\" srcset=\"https:\/\/noticiasemdestaque.com\/cd\/wp-content\/uploads\/2017\/10\/ufcgcdsa-500x3122-300x187.jpg 300w, https:\/\/noticiasemdestaque.com\/cd\/wp-content\/uploads\/2017\/10\/ufcgcdsa-500x3122.jpg 500w\" sizes=\"(max-width: 300px) 100vw, 300px\" \/><\/a>O N\u00facleo de Pesquisa em Educa\u00e7\u00e3o do Campo, Forma\u00e7\u00e3o de Professores\/as e Pr\u00e1tica Pedag\u00f3gica &#8211; NUPEFORP da Unidade Acad\u00eamica de Educa\u00e7\u00e3o do Campo, da Universidade Federal de Campina Grande, campus Sum\u00e9- PB,em uma parceria com a Secretaria de Educa\u00e7\u00e3o Continuada, Alfabetiza\u00e7\u00e3o,\u00a0 Diversidade e Inclus\u00e3o \u2013 SECADI, inicia a partir do m\u00eas de outubro, o curso de forma\u00e7\u00e3o continuada para educadores (as) dos Anos Iniciais do Ensino Fundamental das Escolas do Campo e Coordenadores\/as Pedag\u00f3gicas que atuam junto a estas escolas \u2013 por meio do <strong>Programa Escola da Terra.<\/strong><\/p>\n<p>O curso de forma\u00e7\u00e3o continuada para educadores (as) do campo \u2013 <strong>Escola da Terra<\/strong> \u00e9 uma proposta que tem como finalidade ampliar o acesso \u00e0 forma\u00e7\u00e3o continuada para profissionais com atua\u00e7\u00e3o na Educa\u00e7\u00e3o do Campo, em classes multisseriadas e visando contribuir para a oferta de uma Educa\u00e7\u00e3o do Campo contextualizada \u00e0s realidades das suas popula\u00e7\u00f5es, de qualidade e em conformidade com as Diretrizes Curriculares para as Escolas do Campo e a Educa\u00e7\u00e3o Quilombola.<\/p>\n<p>A forma\u00e7\u00e3o continuada do Programa Escola da Terra tem as seguintes caracter\u00edsticas:<\/p>\n<ul>\n<li><strong>DO CURSO:<\/strong> Curso de Aprofundamento com carga hor\u00e1ria total de 180 horas<\/li>\n<li><strong>P\u00daBLICO:<\/strong> Educadores\/as, gestores\/as, coordenadores\/as pedag\u00f3gicos que atuam com Educa\u00e7\u00e3o Infantil e Anos Iniciais do Ensino Fundamental nas Escolas do Campo.<\/li>\n<li><strong>N\u00daMERO DE VAGAS:<\/strong> 200 (duzentas) vagas distribu\u00eddas por 14 munic\u00edpios do Territ\u00f3rio do Cariri Paraibano (conforme listagem com quantitativo de vagas abaixo).<\/li>\n<li><strong>OBJETIVOS:<\/strong>Promover a forma\u00e7\u00e3o de educadores\/as do campo na perspectiva da conviv\u00eancia com o Semi\u00e1rido brasileiro, mediante curso de aperfei\u00e7oamento, contribuindo com a constru\u00e7\u00e3o de uma compreens\u00e3o da educa\u00e7\u00e3o nas suas m\u00faltiplas implica\u00e7\u00f5es social, econ\u00f4micas, pol\u00edticas, culturais e ambientais na regi\u00e3o, de forma a serem capazes de construir pr\u00e1ticas educativas pedag\u00f3gicas contextualizadas no \u00e2mbito das classes multisseriadas.<\/li>\n<li><strong>METODOLOGIA:<\/strong>Os fundamentos pol\u00edtico-pedag\u00f3gicos e metodol\u00f3gicos que orientam o processo s\u00e3o: a) Contextualiza\u00e7\u00e3o; b) Agroecologia; c) Interculturalidade; d) Auto-organiza\u00e7\u00e3o; e) Investiga\u00e7\u00e3o-a\u00e7\u00e3o e f) conviv\u00eancia com o semi\u00e1rido. O curso \u00a0funciona com a metodologia da Altern\u00e2ncia que consiste num Tempo de aula na universidade e um per\u00edodo de atividades em escolas do campo no Tempo Comunidade, no qual os cursistas desenvolver\u00e3o projetos de pesquisa e extens\u00e3o em comunidades e escolas do campo.<\/li>\n<li><strong>PER\u00cdODO DE REALIZA\u00c7\u00c3O:<\/strong> as aulas do curso come\u00e7aram de outubro de 2017 a abril de 2018, \u00e0s sextas-feiras e s\u00e1bados das 08 horas \u00e0s 17 horas.<\/li>\n<li><strong>LOCAL:<\/strong> M\u00f3dulos e Oficinas \u2013 UFCG\/CDSA- Campus Sum\u00e9 (em breve divulgaremos calend\u00e1rio com as tem\u00e1ticas dos m\u00f3dulos e datas)<\/li>\n<li><strong>SELE\u00c7\u00c3O:<\/strong> conforme os crit\u00e9rios de perfil e n\u00famero de vagas por munic\u00edpio a sele\u00e7\u00e3o ser\u00e1 realizada pela Secretaria de Educa\u00e7\u00e3o dos Munic\u00edpios.<\/li>\n<li><strong>EQUIPE DE COORDENA\u00c7\u00c3O DO CURSO:<\/strong>Prof Filipe Gerv\u00e1sio Pinto da Silva, Profa Denise Torres Xavier e Prof Emilson Garcia.<\/li>\n<li><strong>Informa\u00e7\u00f5es :<\/strong>email: escoladaterracariri@gmail.com<\/li>\n<\/ul>\n<p><strong>Tel. de contato:<\/strong> 81-99796-6766 \u2013 Prof. Filipe Gerv\u00e1sio<\/p>\n<p>Para mais informa\u00e7\u00f5es: <strong>083-33531850<\/strong><\/p>\n<p><em><strong>Cariri em Destaque<\/strong><\/em><\/p>\n<p>Com Ascom\/CDSA<\/p>\n","protected":false},"excerpt":{"rendered":"<p>O N\u00facleo de Pesquisa em Educa\u00e7\u00e3o do Campo, Forma\u00e7\u00e3o de Professores\/as e Pr\u00e1tica Pedag\u00f3gica &#8211; NUPEFORP da Unidade Acad\u00eamica de Educa\u00e7\u00e3o do Campo, da Universidade Federal de Campina Grande, campus Sum\u00e9- PB,em uma parceria com a Secretaria de Educa\u00e7\u00e3o Continuada, Alfabetiza\u00e7\u00e3o,\u00a0 Diversidade e Inclus\u00e3o \u2013 SECADI, inicia a partir do m\u00eas de outubro, o curso de forma\u00e7\u00e3o continuada para educadores (as) dos Anos Iniciais do Ensino Fundamental das Escolas do Campo e Coordenadores\/as Pedag\u00f3gicas que atuam junto a estas escolas \u2013 por meio do Programa Escola da Terra. O curso de forma\u00e7\u00e3o continuada para educadores (as) do campo \u2013 Escola da Terra \u00e9 uma proposta que tem como finalidade ampliar o acesso \u00e0 forma\u00e7\u00e3o continuada para profissionais com atua\u00e7\u00e3o na Educa\u00e7\u00e3o do Campo, em classes multisseriadas e visando contribuir para a oferta de uma Educa\u00e7\u00e3o do Campo contextualizada \u00e0s realidades das suas popula\u00e7\u00f5es, de qualidade e em conformidade com as Diretrizes Curriculares para as Escolas do Campo e a Educa\u00e7\u00e3o Quilombola. A forma\u00e7\u00e3o continuada do Programa Escola da Terra tem as seguintes caracter\u00edsticas: DO CURSO: Curso de Aprofundamento com carga hor\u00e1ria total de 180 horas P\u00daBLICO: Educadores\/as, gestores\/as, coordenadores\/as pedag\u00f3gicos que atuam com Educa\u00e7\u00e3o Infantil e Anos Iniciais do Ensino Fundamental nas Escolas do Campo. N\u00daMERO DE VAGAS: 200 (duzentas) vagas distribu\u00eddas por 14 munic\u00edpios do Territ\u00f3rio do Cariri Paraibano (conforme listagem com quantitativo de vagas abaixo). OBJETIVOS:Promover a forma\u00e7\u00e3o de educadores\/as do campo na perspectiva da conviv\u00eancia com o Semi\u00e1rido brasileiro, mediante curso de aperfei\u00e7oamento, contribuindo com a constru\u00e7\u00e3o de uma compreens\u00e3o da educa\u00e7\u00e3o nas suas m\u00faltiplas implica\u00e7\u00f5es social, econ\u00f4micas, pol\u00edticas, culturais e ambientais na regi\u00e3o, de forma a serem capazes de construir pr\u00e1ticas educativas pedag\u00f3gicas contextualizadas no \u00e2mbito das classes multisseriadas. METODOLOGIA:Os fundamentos pol\u00edtico-pedag\u00f3gicos e metodol\u00f3gicos que orientam o processo s\u00e3o: a) Contextualiza\u00e7\u00e3o; b) Agroecologia; c) Interculturalidade; d) Auto-organiza\u00e7\u00e3o; e) Investiga\u00e7\u00e3o-a\u00e7\u00e3o e f) conviv\u00eancia com o semi\u00e1rido. O curso \u00a0funciona com a metodologia da Altern\u00e2ncia que consiste num Tempo de aula na universidade e um per\u00edodo de atividades em escolas do campo no Tempo Comunidade, no qual os cursistas desenvolver\u00e3o projetos de pesquisa e extens\u00e3o em comunidades e escolas do campo. PER\u00cdODO DE REALIZA\u00c7\u00c3O: as aulas do curso come\u00e7aram de outubro de 2017 a abril de 2018, \u00e0s sextas-feiras e s\u00e1bados das 08 horas \u00e0s 17 horas. LOCAL: M\u00f3dulos e Oficinas \u2013 UFCG\/CDSA- Campus Sum\u00e9 (em breve divulgaremos calend\u00e1rio com as tem\u00e1ticas dos m\u00f3dulos e datas) SELE\u00c7\u00c3O: conforme os crit\u00e9rios de perfil e n\u00famero de vagas por munic\u00edpio a sele\u00e7\u00e3o ser\u00e1 realizada pela Secretaria de Educa\u00e7\u00e3o dos Munic\u00edpios. EQUIPE DE COORDENA\u00c7\u00c3O DO CURSO:Prof Filipe Gerv\u00e1sio Pinto da Silva, Profa Denise Torres Xavier e Prof Emilson Garcia. Informa\u00e7\u00f5es :email: escoladaterracariri@gmail.com Tel. de contato: 81-99796-6766 \u2013 Prof. Filipe Gerv\u00e1sio Para mais informa\u00e7\u00f5es: 083-33531850 Cariri em Destaque Com Ascom\/CDSA<\/p>\n","protected":false},"author":2,"featured_media":4816,"comment_status":"closed","ping_status":"open","sticky":false,"template":"","format":"standard","meta":{"_eb_attr":"","_jetpack_memberships_contains_paid_content":false,"footnotes":""},"categories":[6],"tags":[],"class_list":["post-4815","post","type-post","status-publish","format-standard","has-post-thumbnail","hentry","category-educacao"],"yoast_head":"<!-- This site is optimized with the Yoast SEO plugin v26.5 - https:\/\/yoast.com\/wordpress\/plugins\/seo\/ -->\n<title>CAMPUS DA UFCG DE SUM\u00c9 COMUNICA IN\u00cdCIO DAS ATIVIDADES DO \u201cPROGRAMA ESCOLA DA TERRA\u201d - Not&iacute;cias em Destaque<\/title>\n<meta name=\"robots\" content=\"index, follow, max-snippet:-1, max-image-preview:large, max-video-preview:-1\" \/>\n<link rel=\"canonical\" href=\"https:\/\/noticiasemdestaque.com\/cd\/?p=4815\" \/>\n<meta property=\"og:locale\" content=\"pt_BR\" \/>\n<meta property=\"og:type\" content=\"article\" \/>\n<meta property=\"og:title\" content=\"CAMPUS DA UFCG DE SUM\u00c9 COMUNICA IN\u00cdCIO DAS ATIVIDADES DO \u201cPROGRAMA ESCOLA DA TERRA\u201d - Not&iacute;cias em Destaque\" \/>\n<meta property=\"og:description\" content=\"O N\u00facleo de Pesquisa em Educa\u00e7\u00e3o do Campo, Forma\u00e7\u00e3o de Professores\/as e Pr\u00e1tica Pedag\u00f3gica &#8211; NUPEFORP da Unidade Acad\u00eamica de Educa\u00e7\u00e3o do Campo, da Universidade Federal de Campina Grande, campus Sum\u00e9- PB,em uma parceria com a Secretaria de Educa\u00e7\u00e3o Continuada, Alfabetiza\u00e7\u00e3o,\u00a0 Diversidade e Inclus\u00e3o \u2013 SECADI, inicia a partir do m\u00eas de outubro, o curso de forma\u00e7\u00e3o continuada para educadores (as) dos Anos Iniciais do Ensino Fundamental das Escolas do Campo e Coordenadores\/as Pedag\u00f3gicas que atuam junto a estas escolas \u2013 por meio do Programa Escola da Terra. O curso de forma\u00e7\u00e3o continuada para educadores (as) do campo \u2013 Escola da Terra \u00e9 uma proposta que tem como finalidade ampliar o acesso \u00e0 forma\u00e7\u00e3o continuada para profissionais com atua\u00e7\u00e3o na Educa\u00e7\u00e3o do Campo, em classes multisseriadas e visando contribuir para a oferta de uma Educa\u00e7\u00e3o do Campo contextualizada \u00e0s realidades das suas popula\u00e7\u00f5es, de qualidade e em conformidade com as Diretrizes Curriculares para as Escolas do Campo e a Educa\u00e7\u00e3o Quilombola. A forma\u00e7\u00e3o continuada do Programa Escola da Terra tem as seguintes caracter\u00edsticas: DO CURSO: Curso de Aprofundamento com carga hor\u00e1ria total de 180 horas P\u00daBLICO: Educadores\/as, gestores\/as, coordenadores\/as pedag\u00f3gicos que atuam com Educa\u00e7\u00e3o Infantil e Anos Iniciais do Ensino Fundamental nas Escolas do Campo. N\u00daMERO DE VAGAS: 200 (duzentas) vagas distribu\u00eddas por 14 munic\u00edpios do Territ\u00f3rio do Cariri Paraibano (conforme listagem com quantitativo de vagas abaixo). OBJETIVOS:Promover a forma\u00e7\u00e3o de educadores\/as do campo na perspectiva da conviv\u00eancia com o Semi\u00e1rido brasileiro, mediante curso de aperfei\u00e7oamento, contribuindo com a constru\u00e7\u00e3o de uma compreens\u00e3o da educa\u00e7\u00e3o nas suas m\u00faltiplas implica\u00e7\u00f5es social, econ\u00f4micas, pol\u00edticas, culturais e ambientais na regi\u00e3o, de forma a serem capazes de construir pr\u00e1ticas educativas pedag\u00f3gicas contextualizadas no \u00e2mbito das classes multisseriadas. METODOLOGIA:Os fundamentos pol\u00edtico-pedag\u00f3gicos e metodol\u00f3gicos que orientam o processo s\u00e3o: a) Contextualiza\u00e7\u00e3o; b) Agroecologia; c) Interculturalidade; d) Auto-organiza\u00e7\u00e3o; e) Investiga\u00e7\u00e3o-a\u00e7\u00e3o e f) conviv\u00eancia com o semi\u00e1rido. O curso \u00a0funciona com a metodologia da Altern\u00e2ncia que consiste num Tempo de aula na universidade e um per\u00edodo de atividades em escolas do campo no Tempo Comunidade, no qual os cursistas desenvolver\u00e3o projetos de pesquisa e extens\u00e3o em comunidades e escolas do campo. PER\u00cdODO DE REALIZA\u00c7\u00c3O: as aulas do curso come\u00e7aram de outubro de 2017 a abril de 2018, \u00e0s sextas-feiras e s\u00e1bados das 08 horas \u00e0s 17 horas. LOCAL: M\u00f3dulos e Oficinas \u2013 UFCG\/CDSA- Campus Sum\u00e9 (em breve divulgaremos calend\u00e1rio com as tem\u00e1ticas dos m\u00f3dulos e datas) SELE\u00c7\u00c3O: conforme os crit\u00e9rios de perfil e n\u00famero de vagas por munic\u00edpio a sele\u00e7\u00e3o ser\u00e1 realizada pela Secretaria de Educa\u00e7\u00e3o dos Munic\u00edpios. EQUIPE DE COORDENA\u00c7\u00c3O DO CURSO:Prof Filipe Gerv\u00e1sio Pinto da Silva, Profa Denise Torres Xavier e Prof Emilson Garcia. Informa\u00e7\u00f5es :email: escoladaterracariri@gmail.com Tel. de contato: 81-99796-6766 \u2013 Prof. Filipe Gerv\u00e1sio Para mais informa\u00e7\u00f5es: 083-33531850 Cariri em Destaque Com Ascom\/CDSA\" \/>\n<meta property=\"og:url\" content=\"https:\/\/noticiasemdestaque.com\/cd\/?p=4815\" \/>\n<meta property=\"og:site_name\" content=\"Not&iacute;cias em Destaque\" \/>\n<meta property=\"article:published_time\" content=\"2017-10-01T14:04:39+00:00\" \/>\n<meta property=\"og:image\" content=\"https:\/\/noticiasemdestaque.com\/cd\/wp-content\/uploads\/2017\/10\/ufcgcdsa-500x3122.jpg\" \/>\n\t<meta property=\"og:image:width\" content=\"500\" \/>\n\t<meta property=\"og:image:height\" content=\"312\" \/>\n\t<meta property=\"og:image:type\" content=\"image\/jpeg\" \/>\n<meta name=\"author\" content=\"Not\u00edcias em Destaque\" \/>\n<meta name=\"twitter:card\" content=\"summary_large_image\" \/>\n<meta name=\"twitter:label1\" content=\"Escrito por\" \/>\n\t<meta name=\"twitter:data1\" content=\"Not\u00edcias em Destaque\" \/>\n\t<meta name=\"twitter:label2\" content=\"Est. tempo de leitura\" \/>\n\t<meta name=\"twitter:data2\" content=\"3 minutos\" \/>\n<script type=\"application\/ld+json\" class=\"yoast-schema-graph\">{\"@context\":\"https:\/\/schema.org\",\"@graph\":[{\"@type\":\"Article\",\"@id\":\"https:\/\/noticiasemdestaque.com\/cd\/?p=4815#article\",\"isPartOf\":{\"@id\":\"https:\/\/noticiasemdestaque.com\/cd\/?p=4815\"},\"author\":{\"name\":\"Not\u00edcias em Destaque\",\"@id\":\"https:\/\/noticiasemdestaque.com\/cd\/#\/schema\/person\/21320b03a7e8bb90128938dafc9b908a\"},\"headline\":\"CAMPUS DA UFCG DE SUM\u00c9 COMUNICA IN\u00cdCIO DAS ATIVIDADES DO \u201cPROGRAMA ESCOLA DA TERRA\u201d\",\"datePublished\":\"2017-10-01T14:04:39+00:00\",\"mainEntityOfPage\":{\"@id\":\"https:\/\/noticiasemdestaque.com\/cd\/?p=4815\"},\"wordCount\":553,\"publisher\":{\"@id\":\"https:\/\/noticiasemdestaque.com\/cd\/#organization\"},\"image\":{\"@id\":\"https:\/\/noticiasemdestaque.com\/cd\/?p=4815#primaryimage\"},\"thumbnailUrl\":\"https:\/\/noticiasemdestaque.com\/cd\/wp-content\/uploads\/2017\/10\/ufcgcdsa-500x3122.jpg\",\"articleSection\":[\"Educa\u00e7\u00e3o\"],\"inLanguage\":\"pt-BR\"},{\"@type\":\"WebPage\",\"@id\":\"https:\/\/noticiasemdestaque.com\/cd\/?p=4815\",\"url\":\"https:\/\/noticiasemdestaque.com\/cd\/?p=4815\",\"name\":\"CAMPUS DA UFCG DE SUM\u00c9 COMUNICA IN\u00cdCIO DAS ATIVIDADES DO \u201cPROGRAMA ESCOLA DA TERRA\u201d - Not&iacute;cias em Destaque\",\"isPartOf\":{\"@id\":\"https:\/\/noticiasemdestaque.com\/cd\/#website\"},\"primaryImageOfPage\":{\"@id\":\"https:\/\/noticiasemdestaque.com\/cd\/?p=4815#primaryimage\"},\"image\":{\"@id\":\"https:\/\/noticiasemdestaque.com\/cd\/?p=4815#primaryimage\"},\"thumbnailUrl\":\"https:\/\/noticiasemdestaque.com\/cd\/wp-content\/uploads\/2017\/10\/ufcgcdsa-500x3122.jpg\",\"datePublished\":\"2017-10-01T14:04:39+00:00\",\"breadcrumb\":{\"@id\":\"https:\/\/noticiasemdestaque.com\/cd\/?p=4815#breadcrumb\"},\"inLanguage\":\"pt-BR\",\"potentialAction\":[{\"@type\":\"ReadAction\",\"target\":[\"https:\/\/noticiasemdestaque.com\/cd\/?p=4815\"]}]},{\"@type\":\"ImageObject\",\"inLanguage\":\"pt-BR\",\"@id\":\"https:\/\/noticiasemdestaque.com\/cd\/?p=4815#primaryimage\",\"url\":\"https:\/\/noticiasemdestaque.com\/cd\/wp-content\/uploads\/2017\/10\/ufcgcdsa-500x3122.jpg\",\"contentUrl\":\"https:\/\/noticiasemdestaque.com\/cd\/wp-content\/uploads\/2017\/10\/ufcgcdsa-500x3122.jpg\",\"width\":500,\"height\":312},{\"@type\":\"BreadcrumbList\",\"@id\":\"https:\/\/noticiasemdestaque.com\/cd\/?p=4815#breadcrumb\",\"itemListElement\":[{\"@type\":\"ListItem\",\"position\":1,\"name\":\"In\u00edcio\",\"item\":\"https:\/\/noticiasemdestaque.com\/cd\/\"},{\"@type\":\"ListItem\",\"position\":2,\"name\":\"CAMPUS DA UFCG DE SUM\u00c9 COMUNICA IN\u00cdCIO DAS ATIVIDADES DO \u201cPROGRAMA ESCOLA DA TERRA\u201d\"}]},{\"@type\":\"WebSite\",\"@id\":\"https:\/\/noticiasemdestaque.com\/cd\/#website\",\"url\":\"https:\/\/noticiasemdestaque.com\/cd\/\",\"name\":\"Not&iacute;cias em Destaque\",\"description\":\"\",\"publisher\":{\"@id\":\"https:\/\/noticiasemdestaque.com\/cd\/#organization\"},\"potentialAction\":[{\"@type\":\"SearchAction\",\"target\":{\"@type\":\"EntryPoint\",\"urlTemplate\":\"https:\/\/noticiasemdestaque.com\/cd\/?s={search_term_string}\"},\"query-input\":{\"@type\":\"PropertyValueSpecification\",\"valueRequired\":true,\"valueName\":\"search_term_string\"}}],\"inLanguage\":\"pt-BR\"},{\"@type\":\"Organization\",\"@id\":\"https:\/\/noticiasemdestaque.com\/cd\/#organization\",\"name\":\"Not\u00edcias em Destaque\",\"url\":\"https:\/\/noticiasemdestaque.com\/cd\/\",\"logo\":{\"@type\":\"ImageObject\",\"inLanguage\":\"pt-BR\",\"@id\":\"https:\/\/noticiasemdestaque.com\/cd\/#\/schema\/logo\/image\/\",\"url\":\"https:\/\/noticiasemdestaque.com\/cd\/wp-content\/uploads\/2022\/05\/imagem-base-noticiasemdestaque.png\",\"contentUrl\":\"https:\/\/noticiasemdestaque.com\/cd\/wp-content\/uploads\/2022\/05\/imagem-base-noticiasemdestaque.png\",\"width\":1200,\"height\":630,\"caption\":\"Not\u00edcias em Destaque\"},\"image\":{\"@id\":\"https:\/\/noticiasemdestaque.com\/cd\/#\/schema\/logo\/image\/\"}},{\"@type\":\"Person\",\"@id\":\"https:\/\/noticiasemdestaque.com\/cd\/#\/schema\/person\/21320b03a7e8bb90128938dafc9b908a\",\"name\":\"Not\u00edcias em Destaque\",\"url\":\"https:\/\/noticiasemdestaque.com\/cd\/?author=2\"}]}<\/script>\n<!-- \/ Yoast SEO plugin. -->","yoast_head_json":{"title":"CAMPUS DA UFCG DE SUM\u00c9 COMUNICA IN\u00cdCIO DAS ATIVIDADES DO \u201cPROGRAMA ESCOLA DA TERRA\u201d - Not&iacute;cias em Destaque","robots":{"index":"index","follow":"follow","max-snippet":"max-snippet:-1","max-image-preview":"max-image-preview:large","max-video-preview":"max-video-preview:-1"},"canonical":"https:\/\/noticiasemdestaque.com\/cd\/?p=4815","og_locale":"pt_BR","og_type":"article","og_title":"CAMPUS DA UFCG DE SUM\u00c9 COMUNICA IN\u00cdCIO DAS ATIVIDADES DO \u201cPROGRAMA ESCOLA DA TERRA\u201d - Not&iacute;cias em Destaque","og_description":"O N\u00facleo de Pesquisa em Educa\u00e7\u00e3o do Campo, Forma\u00e7\u00e3o de Professores\/as e Pr\u00e1tica Pedag\u00f3gica &#8211; NUPEFORP da Unidade Acad\u00eamica de Educa\u00e7\u00e3o do Campo, da Universidade Federal de Campina Grande, campus Sum\u00e9- PB,em uma parceria com a Secretaria de Educa\u00e7\u00e3o Continuada, Alfabetiza\u00e7\u00e3o,\u00a0 Diversidade e Inclus\u00e3o \u2013 SECADI, inicia a partir do m\u00eas de outubro, o curso de forma\u00e7\u00e3o continuada para educadores (as) dos Anos Iniciais do Ensino Fundamental das Escolas do Campo e Coordenadores\/as Pedag\u00f3gicas que atuam junto a estas escolas \u2013 por meio do Programa Escola da Terra. O curso de forma\u00e7\u00e3o continuada para educadores (as) do campo \u2013 Escola da Terra \u00e9 uma proposta que tem como finalidade ampliar o acesso \u00e0 forma\u00e7\u00e3o continuada para profissionais com atua\u00e7\u00e3o na Educa\u00e7\u00e3o do Campo, em classes multisseriadas e visando contribuir para a oferta de uma Educa\u00e7\u00e3o do Campo contextualizada \u00e0s realidades das suas popula\u00e7\u00f5es, de qualidade e em conformidade com as Diretrizes Curriculares para as Escolas do Campo e a Educa\u00e7\u00e3o Quilombola. A forma\u00e7\u00e3o continuada do Programa Escola da Terra tem as seguintes caracter\u00edsticas: DO CURSO: Curso de Aprofundamento com carga hor\u00e1ria total de 180 horas P\u00daBLICO: Educadores\/as, gestores\/as, coordenadores\/as pedag\u00f3gicos que atuam com Educa\u00e7\u00e3o Infantil e Anos Iniciais do Ensino Fundamental nas Escolas do Campo. N\u00daMERO DE VAGAS: 200 (duzentas) vagas distribu\u00eddas por 14 munic\u00edpios do Territ\u00f3rio do Cariri Paraibano (conforme listagem com quantitativo de vagas abaixo). OBJETIVOS:Promover a forma\u00e7\u00e3o de educadores\/as do campo na perspectiva da conviv\u00eancia com o Semi\u00e1rido brasileiro, mediante curso de aperfei\u00e7oamento, contribuindo com a constru\u00e7\u00e3o de uma compreens\u00e3o da educa\u00e7\u00e3o nas suas m\u00faltiplas implica\u00e7\u00f5es social, econ\u00f4micas, pol\u00edticas, culturais e ambientais na regi\u00e3o, de forma a serem capazes de construir pr\u00e1ticas educativas pedag\u00f3gicas contextualizadas no \u00e2mbito das classes multisseriadas. METODOLOGIA:Os fundamentos pol\u00edtico-pedag\u00f3gicos e metodol\u00f3gicos que orientam o processo s\u00e3o: a) Contextualiza\u00e7\u00e3o; b) Agroecologia; c) Interculturalidade; d) Auto-organiza\u00e7\u00e3o; e) Investiga\u00e7\u00e3o-a\u00e7\u00e3o e f) conviv\u00eancia com o semi\u00e1rido. O curso \u00a0funciona com a metodologia da Altern\u00e2ncia que consiste num Tempo de aula na universidade e um per\u00edodo de atividades em escolas do campo no Tempo Comunidade, no qual os cursistas desenvolver\u00e3o projetos de pesquisa e extens\u00e3o em comunidades e escolas do campo. PER\u00cdODO DE REALIZA\u00c7\u00c3O: as aulas do curso come\u00e7aram de outubro de 2017 a abril de 2018, \u00e0s sextas-feiras e s\u00e1bados das 08 horas \u00e0s 17 horas. LOCAL: M\u00f3dulos e Oficinas \u2013 UFCG\/CDSA- Campus Sum\u00e9 (em breve divulgaremos calend\u00e1rio com as tem\u00e1ticas dos m\u00f3dulos e datas) SELE\u00c7\u00c3O: conforme os crit\u00e9rios de perfil e n\u00famero de vagas por munic\u00edpio a sele\u00e7\u00e3o ser\u00e1 realizada pela Secretaria de Educa\u00e7\u00e3o dos Munic\u00edpios. EQUIPE DE COORDENA\u00c7\u00c3O DO CURSO:Prof Filipe Gerv\u00e1sio Pinto da Silva, Profa Denise Torres Xavier e Prof Emilson Garcia. Informa\u00e7\u00f5es :email: escoladaterracariri@gmail.com Tel. de contato: 81-99796-6766 \u2013 Prof. Filipe Gerv\u00e1sio Para mais informa\u00e7\u00f5es: 083-33531850 Cariri em Destaque Com Ascom\/CDSA","og_url":"https:\/\/noticiasemdestaque.com\/cd\/?p=4815","og_site_name":"Not&iacute;cias em Destaque","article_published_time":"2017-10-01T14:04:39+00:00","og_image":[{"width":500,"height":312,"url":"https:\/\/noticiasemdestaque.com\/cd\/wp-content\/uploads\/2017\/10\/ufcgcdsa-500x3122.jpg","type":"image\/jpeg"}],"author":"Not\u00edcias em Destaque","twitter_card":"summary_large_image","twitter_misc":{"Escrito por":"Not\u00edcias em Destaque","Est. tempo de leitura":"3 minutos"},"schema":{"@context":"https:\/\/schema.org","@graph":[{"@type":"Article","@id":"https:\/\/noticiasemdestaque.com\/cd\/?p=4815#article","isPartOf":{"@id":"https:\/\/noticiasemdestaque.com\/cd\/?p=4815"},"author":{"name":"Not\u00edcias em Destaque","@id":"https:\/\/noticiasemdestaque.com\/cd\/#\/schema\/person\/21320b03a7e8bb90128938dafc9b908a"},"headline":"CAMPUS DA UFCG DE SUM\u00c9 COMUNICA IN\u00cdCIO DAS ATIVIDADES DO \u201cPROGRAMA ESCOLA DA TERRA\u201d","datePublished":"2017-10-01T14:04:39+00:00","mainEntityOfPage":{"@id":"https:\/\/noticiasemdestaque.com\/cd\/?p=4815"},"wordCount":553,"publisher":{"@id":"https:\/\/noticiasemdestaque.com\/cd\/#organization"},"image":{"@id":"https:\/\/noticiasemdestaque.com\/cd\/?p=4815#primaryimage"},"thumbnailUrl":"https:\/\/noticiasemdestaque.com\/cd\/wp-content\/uploads\/2017\/10\/ufcgcdsa-500x3122.jpg","articleSection":["Educa\u00e7\u00e3o"],"inLanguage":"pt-BR"},{"@type":"WebPage","@id":"https:\/\/noticiasemdestaque.com\/cd\/?p=4815","url":"https:\/\/noticiasemdestaque.com\/cd\/?p=4815","name":"CAMPUS DA UFCG DE SUM\u00c9 COMUNICA IN\u00cdCIO DAS ATIVIDADES DO \u201cPROGRAMA ESCOLA DA TERRA\u201d - Not&iacute;cias em Destaque","isPartOf":{"@id":"https:\/\/noticiasemdestaque.com\/cd\/#website"},"primaryImageOfPage":{"@id":"https:\/\/noticiasemdestaque.com\/cd\/?p=4815#primaryimage"},"image":{"@id":"https:\/\/noticiasemdestaque.com\/cd\/?p=4815#primaryimage"},"thumbnailUrl":"https:\/\/noticiasemdestaque.com\/cd\/wp-content\/uploads\/2017\/10\/ufcgcdsa-500x3122.jpg","datePublished":"2017-10-01T14:04:39+00:00","breadcrumb":{"@id":"https:\/\/noticiasemdestaque.com\/cd\/?p=4815#breadcrumb"},"inLanguage":"pt-BR","potentialAction":[{"@type":"ReadAction","target":["https:\/\/noticiasemdestaque.com\/cd\/?p=4815"]}]},{"@type":"ImageObject","inLanguage":"pt-BR","@id":"https:\/\/noticiasemdestaque.com\/cd\/?p=4815#primaryimage","url":"https:\/\/noticiasemdestaque.com\/cd\/wp-content\/uploads\/2017\/10\/ufcgcdsa-500x3122.jpg","contentUrl":"https:\/\/noticiasemdestaque.com\/cd\/wp-content\/uploads\/2017\/10\/ufcgcdsa-500x3122.jpg","width":500,"height":312},{"@type":"BreadcrumbList","@id":"https:\/\/noticiasemdestaque.com\/cd\/?p=4815#breadcrumb","itemListElement":[{"@type":"ListItem","position":1,"name":"In\u00edcio","item":"https:\/\/noticiasemdestaque.com\/cd\/"},{"@type":"ListItem","position":2,"name":"CAMPUS DA UFCG DE SUM\u00c9 COMUNICA IN\u00cdCIO DAS ATIVIDADES DO \u201cPROGRAMA ESCOLA DA TERRA\u201d"}]},{"@type":"WebSite","@id":"https:\/\/noticiasemdestaque.com\/cd\/#website","url":"https:\/\/noticiasemdestaque.com\/cd\/","name":"Not&iacute;cias em Destaque","description":"","publisher":{"@id":"https:\/\/noticiasemdestaque.com\/cd\/#organization"},"potentialAction":[{"@type":"SearchAction","target":{"@type":"EntryPoint","urlTemplate":"https:\/\/noticiasemdestaque.com\/cd\/?s={search_term_string}"},"query-input":{"@type":"PropertyValueSpecification","valueRequired":true,"valueName":"search_term_string"}}],"inLanguage":"pt-BR"},{"@type":"Organization","@id":"https:\/\/noticiasemdestaque.com\/cd\/#organization","name":"Not\u00edcias em Destaque","url":"https:\/\/noticiasemdestaque.com\/cd\/","logo":{"@type":"ImageObject","inLanguage":"pt-BR","@id":"https:\/\/noticiasemdestaque.com\/cd\/#\/schema\/logo\/image\/","url":"https:\/\/noticiasemdestaque.com\/cd\/wp-content\/uploads\/2022\/05\/imagem-base-noticiasemdestaque.png","contentUrl":"https:\/\/noticiasemdestaque.com\/cd\/wp-content\/uploads\/2022\/05\/imagem-base-noticiasemdestaque.png","width":1200,"height":630,"caption":"Not\u00edcias em Destaque"},"image":{"@id":"https:\/\/noticiasemdestaque.com\/cd\/#\/schema\/logo\/image\/"}},{"@type":"Person","@id":"https:\/\/noticiasemdestaque.com\/cd\/#\/schema\/person\/21320b03a7e8bb90128938dafc9b908a","name":"Not\u00edcias em Destaque","url":"https:\/\/noticiasemdestaque.com\/cd\/?author=2"}]}},"jetpack_featured_media_url":"https:\/\/noticiasemdestaque.com\/cd\/wp-content\/uploads\/2017\/10\/ufcgcdsa-500x3122.jpg","jetpack_sharing_enabled":true,"_links":{"self":[{"href":"https:\/\/noticiasemdestaque.com\/cd\/index.php?rest_route=\/wp\/v2\/posts\/4815","targetHints":{"allow":["GET"]}}],"collection":[{"href":"https:\/\/noticiasemdestaque.com\/cd\/index.php?rest_route=\/wp\/v2\/posts"}],"about":[{"href":"https:\/\/noticiasemdestaque.com\/cd\/index.php?rest_route=\/wp\/v2\/types\/post"}],"author":[{"embeddable":true,"href":"https:\/\/noticiasemdestaque.com\/cd\/index.php?rest_route=\/wp\/v2\/users\/2"}],"replies":[{"embeddable":true,"href":"https:\/\/noticiasemdestaque.com\/cd\/index.php?rest_route=%2Fwp%2Fv2%2Fcomments&post=4815"}],"version-history":[{"count":1,"href":"https:\/\/noticiasemdestaque.com\/cd\/index.php?rest_route=\/wp\/v2\/posts\/4815\/revisions"}],"predecessor-version":[{"id":4817,"href":"https:\/\/noticiasemdestaque.com\/cd\/index.php?rest_route=\/wp\/v2\/posts\/4815\/revisions\/4817"}],"wp:featuredmedia":[{"embeddable":true,"href":"https:\/\/noticiasemdestaque.com\/cd\/index.php?rest_route=\/wp\/v2\/media\/4816"}],"wp:attachment":[{"href":"https:\/\/noticiasemdestaque.com\/cd\/index.php?rest_route=%2Fwp%2Fv2%2Fmedia&parent=4815"}],"wp:term":[{"taxonomy":"category","embeddable":true,"href":"https:\/\/noticiasemdestaque.com\/cd\/index.php?rest_route=%2Fwp%2Fv2%2Fcategories&post=4815"},{"taxonomy":"post_tag","embeddable":true,"href":"https:\/\/noticiasemdestaque.com\/cd\/index.php?rest_route=%2Fwp%2Fv2%2Ftags&post=4815"}],"curies":[{"name":"wp","href":"https:\/\/api.w.org\/{rel}","templated":true}]}}