{"id":4812,"date":"2017-10-01T10:55:23","date_gmt":"2017-10-01T13:55:23","guid":{"rendered":"http:\/\/caririemdestaque.com\/cd\/?p=4812"},"modified":"2017-10-01T10:55:23","modified_gmt":"2017-10-01T13:55:23","slug":"brasil-tem-desafio-de-garantir-envelhecimento-populacional-com-qualidade","status":"publish","type":"post","link":"https:\/\/noticiasemdestaque.com\/cd\/?p=4812","title":{"rendered":"Brasil tem desafio de garantir envelhecimento populacional com qualidade"},"content":{"rendered":"<p><a href=\"http:\/\/caririemdestaque.com\/cd\/wp-content\/uploads\/2017\/10\/idosos-4.jpg\"><img fetchpriority=\"high\" decoding=\"async\" class=\"alignleft wp-image-4813 size-medium\" src=\"http:\/\/caririemdestaque.com\/cd\/wp-content\/uploads\/2017\/10\/idosos-4-300x201.jpg\" alt=\"\" width=\"300\" height=\"201\" srcset=\"https:\/\/noticiasemdestaque.com\/cd\/wp-content\/uploads\/2017\/10\/idosos-4-300x201.jpg 300w, https:\/\/noticiasemdestaque.com\/cd\/wp-content\/uploads\/2017\/10\/idosos-4-480x320.jpg 480w, https:\/\/noticiasemdestaque.com\/cd\/wp-content\/uploads\/2017\/10\/idosos-4.jpg 580w\" sizes=\"(max-width: 300px) 100vw, 300px\" \/><\/a>Neste domingo (1\u00ba), comemora-se o Dia Internacional do Idoso. A data foi institu\u00edda em 1990 pela Organiza\u00e7\u00e3o das Na\u00e7\u00f5es Unidas (ONU) para homenagear os mais velhos e tamb\u00e9m chamar a aten\u00e7\u00e3o para as quest\u00f5es que os envolvem. No Brasil, o desafio \u00e9 duplo. O pa\u00eds, que era considerado jovem, vive o aumento da expectativa de vida, que est\u00e1 mudando esse quadro. At\u00e9 2060, a popula\u00e7\u00e3o com 80 anos ou mais deve somar 19 milh\u00f5es de pessoas, diz o Instituto Brasileiro de Geografia e Estat\u00edstica (IBGE).<\/p>\n<p>At\u00e9 l\u00e1, o pa\u00eds tem o desafio de promover a valoriza\u00e7\u00e3o das pessoas mais velhas e garantir pol\u00edticas para que elas envelhe\u00e7am com qualidade.<\/p>\n<p>Vice-presidente do Conselho Nacional da Pessoa Idosa (CNDPI), Bahij Amin Auh afirma que a mudan\u00e7a come\u00e7a com educa\u00e7\u00e3o. \u201cO Brasil conquistou a vit\u00f3ria de aumentar a longevidade da sua popula\u00e7\u00e3o. Hoje, vive-se mais \u2013 a m\u00e9dia de expectativa de vida da popula\u00e7\u00e3o brasileira \u00e9 de mais de 75 anos. Agora, \u00e9 preciso um amplo programa educacional, para que toda a popula\u00e7\u00e3o tenha no\u00e7\u00f5es b\u00e1sicas sobre o processo de envelhecimento, para que valorize e respeite a pessoa idosa\u201d.<\/p>\n<p>Hoje, j\u00e1 h\u00e1 previs\u00e3o legal, inclusive no Estatuto do Idoso, de 2003, para que os sistemas escolares trabalhem conte\u00fados sobre esse tema, mas, segundo Auh, isso n\u00e3o tem sido feito. Representante da Ordem dos Advogados do Brasil (OAB), ele diz ainda que a promo\u00e7\u00e3o dessa valoriza\u00e7\u00e3o passa pela garantia de mais informa\u00e7\u00f5es para os idosos acerca dos seus pr\u00f3prios direitos.<\/p>\n<p>Outro desafio do pa\u00eds \u00e9 aumentar a oferta de pol\u00edticas p\u00fablicas que garantam que a popula\u00e7\u00e3o idosa envelhe\u00e7a de forma ativa. \u201cN\u00e3o adianta um corpo vivo. \u00c9 preciso que a mente e as rela\u00e7\u00f5es das pessoas idosas estejam em atividade\u201d, afirma. Uma das quest\u00f5es mais relevantes para ele \u00e9 a pol\u00edtica de acolhimento. Diante de mudan\u00e7as nas configura\u00e7\u00f5es sociais, muitos idosos passaram a ficar sem companhia em casa e sem receber os cuidados necess\u00e1rios, conversar ou contar com o apoio da fam\u00edlia para desenvolver atividades.<\/p>\n<p><em><strong>Cariri em Destaque<\/strong><\/em><\/p>\n<p>Com EBC<\/p>\n","protected":false},"excerpt":{"rendered":"<p>Neste domingo (1\u00ba), comemora-se o Dia Internacional do Idoso. A data foi institu\u00edda em 1990 pela Organiza\u00e7\u00e3o das Na\u00e7\u00f5es Unidas (ONU) para homenagear os mais velhos e tamb\u00e9m chamar a aten\u00e7\u00e3o para as quest\u00f5es que os envolvem. No Brasil, o desafio \u00e9 duplo. O pa\u00eds, que era considerado jovem, vive o aumento da expectativa de vida, que est\u00e1 mudando esse quadro. At\u00e9 2060, a popula\u00e7\u00e3o com 80 anos ou mais deve somar 19 milh\u00f5es de pessoas, diz o Instituto Brasileiro de Geografia e Estat\u00edstica (IBGE). At\u00e9 l\u00e1, o pa\u00eds tem o desafio de promover a valoriza\u00e7\u00e3o das pessoas mais velhas e garantir pol\u00edticas para que elas envelhe\u00e7am com qualidade. Vice-presidente do Conselho Nacional da Pessoa Idosa (CNDPI), Bahij Amin Auh afirma que a mudan\u00e7a come\u00e7a com educa\u00e7\u00e3o. \u201cO Brasil conquistou a vit\u00f3ria de aumentar a longevidade da sua popula\u00e7\u00e3o. Hoje, vive-se mais \u2013 a m\u00e9dia de expectativa de vida da popula\u00e7\u00e3o brasileira \u00e9 de mais de 75 anos. Agora, \u00e9 preciso um amplo programa educacional, para que toda a popula\u00e7\u00e3o tenha no\u00e7\u00f5es b\u00e1sicas sobre o processo de envelhecimento, para que valorize e respeite a pessoa idosa\u201d. Hoje, j\u00e1 h\u00e1 previs\u00e3o legal, inclusive no Estatuto do Idoso, de 2003, para que os sistemas escolares trabalhem conte\u00fados sobre esse tema, mas, segundo Auh, isso n\u00e3o tem sido feito. Representante da Ordem dos Advogados do Brasil (OAB), ele diz ainda que a promo\u00e7\u00e3o dessa valoriza\u00e7\u00e3o passa pela garantia de mais informa\u00e7\u00f5es para os idosos acerca dos seus pr\u00f3prios direitos. Outro desafio do pa\u00eds \u00e9 aumentar a oferta de pol\u00edticas p\u00fablicas que garantam que a popula\u00e7\u00e3o idosa envelhe\u00e7a de forma ativa. \u201cN\u00e3o adianta um corpo vivo. \u00c9 preciso que a mente e as rela\u00e7\u00f5es das pessoas idosas estejam em atividade\u201d, afirma. Uma das quest\u00f5es mais relevantes para ele \u00e9 a pol\u00edtica de acolhimento. Diante de mudan\u00e7as nas configura\u00e7\u00f5es sociais, muitos idosos passaram a ficar sem companhia em casa e sem receber os cuidados necess\u00e1rios, conversar ou contar com o apoio da fam\u00edlia para desenvolver atividades. Cariri em Destaque Com EBC<\/p>\n","protected":false},"author":2,"featured_media":4813,"comment_status":"closed","ping_status":"open","sticky":false,"template":"","format":"standard","meta":{"_eb_attr":"","_jetpack_memberships_contains_paid_content":false,"footnotes":""},"categories":[8],"tags":[],"class_list":["post-4812","post","type-post","status-publish","format-standard","has-post-thumbnail","hentry","category-saude"],"yoast_head":"<!-- This site is optimized with the Yoast SEO plugin v26.5 - https:\/\/yoast.com\/wordpress\/plugins\/seo\/ -->\n<title>Brasil tem desafio de garantir envelhecimento populacional com qualidade - Not&iacute;cias em Destaque<\/title>\n<meta name=\"robots\" content=\"index, follow, max-snippet:-1, max-image-preview:large, max-video-preview:-1\" \/>\n<link rel=\"canonical\" href=\"https:\/\/noticiasemdestaque.com\/cd\/?p=4812\" \/>\n<meta property=\"og:locale\" content=\"pt_BR\" \/>\n<meta property=\"og:type\" content=\"article\" \/>\n<meta property=\"og:title\" content=\"Brasil tem desafio de garantir envelhecimento populacional com qualidade - Not&iacute;cias em Destaque\" \/>\n<meta property=\"og:description\" content=\"Neste domingo (1\u00ba), comemora-se o Dia Internacional do Idoso. A data foi institu\u00edda em 1990 pela Organiza\u00e7\u00e3o das Na\u00e7\u00f5es Unidas (ONU) para homenagear os mais velhos e tamb\u00e9m chamar a aten\u00e7\u00e3o para as quest\u00f5es que os envolvem. No Brasil, o desafio \u00e9 duplo. O pa\u00eds, que era considerado jovem, vive o aumento da expectativa de vida, que est\u00e1 mudando esse quadro. At\u00e9 2060, a popula\u00e7\u00e3o com 80 anos ou mais deve somar 19 milh\u00f5es de pessoas, diz o Instituto Brasileiro de Geografia e Estat\u00edstica (IBGE). At\u00e9 l\u00e1, o pa\u00eds tem o desafio de promover a valoriza\u00e7\u00e3o das pessoas mais velhas e garantir pol\u00edticas para que elas envelhe\u00e7am com qualidade. Vice-presidente do Conselho Nacional da Pessoa Idosa (CNDPI), Bahij Amin Auh afirma que a mudan\u00e7a come\u00e7a com educa\u00e7\u00e3o. \u201cO Brasil conquistou a vit\u00f3ria de aumentar a longevidade da sua popula\u00e7\u00e3o. Hoje, vive-se mais \u2013 a m\u00e9dia de expectativa de vida da popula\u00e7\u00e3o brasileira \u00e9 de mais de 75 anos. Agora, \u00e9 preciso um amplo programa educacional, para que toda a popula\u00e7\u00e3o tenha no\u00e7\u00f5es b\u00e1sicas sobre o processo de envelhecimento, para que valorize e respeite a pessoa idosa\u201d. Hoje, j\u00e1 h\u00e1 previs\u00e3o legal, inclusive no Estatuto do Idoso, de 2003, para que os sistemas escolares trabalhem conte\u00fados sobre esse tema, mas, segundo Auh, isso n\u00e3o tem sido feito. Representante da Ordem dos Advogados do Brasil (OAB), ele diz ainda que a promo\u00e7\u00e3o dessa valoriza\u00e7\u00e3o passa pela garantia de mais informa\u00e7\u00f5es para os idosos acerca dos seus pr\u00f3prios direitos. Outro desafio do pa\u00eds \u00e9 aumentar a oferta de pol\u00edticas p\u00fablicas que garantam que a popula\u00e7\u00e3o idosa envelhe\u00e7a de forma ativa. \u201cN\u00e3o adianta um corpo vivo. \u00c9 preciso que a mente e as rela\u00e7\u00f5es das pessoas idosas estejam em atividade\u201d, afirma. Uma das quest\u00f5es mais relevantes para ele \u00e9 a pol\u00edtica de acolhimento. Diante de mudan\u00e7as nas configura\u00e7\u00f5es sociais, muitos idosos passaram a ficar sem companhia em casa e sem receber os cuidados necess\u00e1rios, conversar ou contar com o apoio da fam\u00edlia para desenvolver atividades. Cariri em Destaque Com EBC\" \/>\n<meta property=\"og:url\" content=\"https:\/\/noticiasemdestaque.com\/cd\/?p=4812\" \/>\n<meta property=\"og:site_name\" content=\"Not&iacute;cias em Destaque\" \/>\n<meta property=\"article:published_time\" content=\"2017-10-01T13:55:23+00:00\" \/>\n<meta property=\"og:image\" content=\"https:\/\/noticiasemdestaque.com\/cd\/wp-content\/uploads\/2017\/10\/idosos-4.jpg\" \/>\n\t<meta property=\"og:image:width\" content=\"580\" \/>\n\t<meta property=\"og:image:height\" content=\"388\" \/>\n\t<meta property=\"og:image:type\" content=\"image\/jpeg\" \/>\n<meta name=\"author\" content=\"Not\u00edcias em Destaque\" \/>\n<meta name=\"twitter:card\" content=\"summary_large_image\" \/>\n<meta name=\"twitter:label1\" content=\"Escrito por\" \/>\n\t<meta name=\"twitter:data1\" content=\"Not\u00edcias em Destaque\" \/>\n\t<meta name=\"twitter:label2\" content=\"Est. tempo de leitura\" \/>\n\t<meta name=\"twitter:data2\" content=\"2 minutos\" \/>\n<script type=\"application\/ld+json\" class=\"yoast-schema-graph\">{\"@context\":\"https:\/\/schema.org\",\"@graph\":[{\"@type\":\"Article\",\"@id\":\"https:\/\/noticiasemdestaque.com\/cd\/?p=4812#article\",\"isPartOf\":{\"@id\":\"https:\/\/noticiasemdestaque.com\/cd\/?p=4812\"},\"author\":{\"name\":\"Not\u00edcias em Destaque\",\"@id\":\"https:\/\/noticiasemdestaque.com\/cd\/#\/schema\/person\/21320b03a7e8bb90128938dafc9b908a\"},\"headline\":\"Brasil tem desafio de garantir envelhecimento populacional com qualidade\",\"datePublished\":\"2017-10-01T13:55:23+00:00\",\"mainEntityOfPage\":{\"@id\":\"https:\/\/noticiasemdestaque.com\/cd\/?p=4812\"},\"wordCount\":375,\"publisher\":{\"@id\":\"https:\/\/noticiasemdestaque.com\/cd\/#organization\"},\"image\":{\"@id\":\"https:\/\/noticiasemdestaque.com\/cd\/?p=4812#primaryimage\"},\"thumbnailUrl\":\"https:\/\/noticiasemdestaque.com\/cd\/wp-content\/uploads\/2017\/10\/idosos-4.jpg\",\"articleSection\":[\"Sa\u00fade\"],\"inLanguage\":\"pt-BR\"},{\"@type\":\"WebPage\",\"@id\":\"https:\/\/noticiasemdestaque.com\/cd\/?p=4812\",\"url\":\"https:\/\/noticiasemdestaque.com\/cd\/?p=4812\",\"name\":\"Brasil tem desafio de garantir envelhecimento populacional com qualidade - Not&iacute;cias em Destaque\",\"isPartOf\":{\"@id\":\"https:\/\/noticiasemdestaque.com\/cd\/#website\"},\"primaryImageOfPage\":{\"@id\":\"https:\/\/noticiasemdestaque.com\/cd\/?p=4812#primaryimage\"},\"image\":{\"@id\":\"https:\/\/noticiasemdestaque.com\/cd\/?p=4812#primaryimage\"},\"thumbnailUrl\":\"https:\/\/noticiasemdestaque.com\/cd\/wp-content\/uploads\/2017\/10\/idosos-4.jpg\",\"datePublished\":\"2017-10-01T13:55:23+00:00\",\"breadcrumb\":{\"@id\":\"https:\/\/noticiasemdestaque.com\/cd\/?p=4812#breadcrumb\"},\"inLanguage\":\"pt-BR\",\"potentialAction\":[{\"@type\":\"ReadAction\",\"target\":[\"https:\/\/noticiasemdestaque.com\/cd\/?p=4812\"]}]},{\"@type\":\"ImageObject\",\"inLanguage\":\"pt-BR\",\"@id\":\"https:\/\/noticiasemdestaque.com\/cd\/?p=4812#primaryimage\",\"url\":\"https:\/\/noticiasemdestaque.com\/cd\/wp-content\/uploads\/2017\/10\/idosos-4.jpg\",\"contentUrl\":\"https:\/\/noticiasemdestaque.com\/cd\/wp-content\/uploads\/2017\/10\/idosos-4.jpg\",\"width\":580,\"height\":388},{\"@type\":\"BreadcrumbList\",\"@id\":\"https:\/\/noticiasemdestaque.com\/cd\/?p=4812#breadcrumb\",\"itemListElement\":[{\"@type\":\"ListItem\",\"position\":1,\"name\":\"In\u00edcio\",\"item\":\"https:\/\/noticiasemdestaque.com\/cd\/\"},{\"@type\":\"ListItem\",\"position\":2,\"name\":\"Brasil tem desafio de garantir envelhecimento populacional com qualidade\"}]},{\"@type\":\"WebSite\",\"@id\":\"https:\/\/noticiasemdestaque.com\/cd\/#website\",\"url\":\"https:\/\/noticiasemdestaque.com\/cd\/\",\"name\":\"Not&iacute;cias em Destaque\",\"description\":\"\",\"publisher\":{\"@id\":\"https:\/\/noticiasemdestaque.com\/cd\/#organization\"},\"potentialAction\":[{\"@type\":\"SearchAction\",\"target\":{\"@type\":\"EntryPoint\",\"urlTemplate\":\"https:\/\/noticiasemdestaque.com\/cd\/?s={search_term_string}\"},\"query-input\":{\"@type\":\"PropertyValueSpecification\",\"valueRequired\":true,\"valueName\":\"search_term_string\"}}],\"inLanguage\":\"pt-BR\"},{\"@type\":\"Organization\",\"@id\":\"https:\/\/noticiasemdestaque.com\/cd\/#organization\",\"name\":\"Not\u00edcias em Destaque\",\"url\":\"https:\/\/noticiasemdestaque.com\/cd\/\",\"logo\":{\"@type\":\"ImageObject\",\"inLanguage\":\"pt-BR\",\"@id\":\"https:\/\/noticiasemdestaque.com\/cd\/#\/schema\/logo\/image\/\",\"url\":\"https:\/\/noticiasemdestaque.com\/cd\/wp-content\/uploads\/2022\/05\/imagem-base-noticiasemdestaque.png\",\"contentUrl\":\"https:\/\/noticiasemdestaque.com\/cd\/wp-content\/uploads\/2022\/05\/imagem-base-noticiasemdestaque.png\",\"width\":1200,\"height\":630,\"caption\":\"Not\u00edcias em Destaque\"},\"image\":{\"@id\":\"https:\/\/noticiasemdestaque.com\/cd\/#\/schema\/logo\/image\/\"}},{\"@type\":\"Person\",\"@id\":\"https:\/\/noticiasemdestaque.com\/cd\/#\/schema\/person\/21320b03a7e8bb90128938dafc9b908a\",\"name\":\"Not\u00edcias em Destaque\",\"url\":\"https:\/\/noticiasemdestaque.com\/cd\/?author=2\"}]}<\/script>\n<!-- \/ Yoast SEO plugin. -->","yoast_head_json":{"title":"Brasil tem desafio de garantir envelhecimento populacional com qualidade - Not&iacute;cias em Destaque","robots":{"index":"index","follow":"follow","max-snippet":"max-snippet:-1","max-image-preview":"max-image-preview:large","max-video-preview":"max-video-preview:-1"},"canonical":"https:\/\/noticiasemdestaque.com\/cd\/?p=4812","og_locale":"pt_BR","og_type":"article","og_title":"Brasil tem desafio de garantir envelhecimento populacional com qualidade - Not&iacute;cias em Destaque","og_description":"Neste domingo (1\u00ba), comemora-se o Dia Internacional do Idoso. A data foi institu\u00edda em 1990 pela Organiza\u00e7\u00e3o das Na\u00e7\u00f5es Unidas (ONU) para homenagear os mais velhos e tamb\u00e9m chamar a aten\u00e7\u00e3o para as quest\u00f5es que os envolvem. No Brasil, o desafio \u00e9 duplo. O pa\u00eds, que era considerado jovem, vive o aumento da expectativa de vida, que est\u00e1 mudando esse quadro. At\u00e9 2060, a popula\u00e7\u00e3o com 80 anos ou mais deve somar 19 milh\u00f5es de pessoas, diz o Instituto Brasileiro de Geografia e Estat\u00edstica (IBGE). At\u00e9 l\u00e1, o pa\u00eds tem o desafio de promover a valoriza\u00e7\u00e3o das pessoas mais velhas e garantir pol\u00edticas para que elas envelhe\u00e7am com qualidade. Vice-presidente do Conselho Nacional da Pessoa Idosa (CNDPI), Bahij Amin Auh afirma que a mudan\u00e7a come\u00e7a com educa\u00e7\u00e3o. \u201cO Brasil conquistou a vit\u00f3ria de aumentar a longevidade da sua popula\u00e7\u00e3o. Hoje, vive-se mais \u2013 a m\u00e9dia de expectativa de vida da popula\u00e7\u00e3o brasileira \u00e9 de mais de 75 anos. Agora, \u00e9 preciso um amplo programa educacional, para que toda a popula\u00e7\u00e3o tenha no\u00e7\u00f5es b\u00e1sicas sobre o processo de envelhecimento, para que valorize e respeite a pessoa idosa\u201d. Hoje, j\u00e1 h\u00e1 previs\u00e3o legal, inclusive no Estatuto do Idoso, de 2003, para que os sistemas escolares trabalhem conte\u00fados sobre esse tema, mas, segundo Auh, isso n\u00e3o tem sido feito. Representante da Ordem dos Advogados do Brasil (OAB), ele diz ainda que a promo\u00e7\u00e3o dessa valoriza\u00e7\u00e3o passa pela garantia de mais informa\u00e7\u00f5es para os idosos acerca dos seus pr\u00f3prios direitos. Outro desafio do pa\u00eds \u00e9 aumentar a oferta de pol\u00edticas p\u00fablicas que garantam que a popula\u00e7\u00e3o idosa envelhe\u00e7a de forma ativa. \u201cN\u00e3o adianta um corpo vivo. \u00c9 preciso que a mente e as rela\u00e7\u00f5es das pessoas idosas estejam em atividade\u201d, afirma. Uma das quest\u00f5es mais relevantes para ele \u00e9 a pol\u00edtica de acolhimento. Diante de mudan\u00e7as nas configura\u00e7\u00f5es sociais, muitos idosos passaram a ficar sem companhia em casa e sem receber os cuidados necess\u00e1rios, conversar ou contar com o apoio da fam\u00edlia para desenvolver atividades. Cariri em Destaque Com EBC","og_url":"https:\/\/noticiasemdestaque.com\/cd\/?p=4812","og_site_name":"Not&iacute;cias em Destaque","article_published_time":"2017-10-01T13:55:23+00:00","og_image":[{"width":580,"height":388,"url":"https:\/\/noticiasemdestaque.com\/cd\/wp-content\/uploads\/2017\/10\/idosos-4.jpg","type":"image\/jpeg"}],"author":"Not\u00edcias em Destaque","twitter_card":"summary_large_image","twitter_misc":{"Escrito por":"Not\u00edcias em Destaque","Est. tempo de leitura":"2 minutos"},"schema":{"@context":"https:\/\/schema.org","@graph":[{"@type":"Article","@id":"https:\/\/noticiasemdestaque.com\/cd\/?p=4812#article","isPartOf":{"@id":"https:\/\/noticiasemdestaque.com\/cd\/?p=4812"},"author":{"name":"Not\u00edcias em Destaque","@id":"https:\/\/noticiasemdestaque.com\/cd\/#\/schema\/person\/21320b03a7e8bb90128938dafc9b908a"},"headline":"Brasil tem desafio de garantir envelhecimento populacional com qualidade","datePublished":"2017-10-01T13:55:23+00:00","mainEntityOfPage":{"@id":"https:\/\/noticiasemdestaque.com\/cd\/?p=4812"},"wordCount":375,"publisher":{"@id":"https:\/\/noticiasemdestaque.com\/cd\/#organization"},"image":{"@id":"https:\/\/noticiasemdestaque.com\/cd\/?p=4812#primaryimage"},"thumbnailUrl":"https:\/\/noticiasemdestaque.com\/cd\/wp-content\/uploads\/2017\/10\/idosos-4.jpg","articleSection":["Sa\u00fade"],"inLanguage":"pt-BR"},{"@type":"WebPage","@id":"https:\/\/noticiasemdestaque.com\/cd\/?p=4812","url":"https:\/\/noticiasemdestaque.com\/cd\/?p=4812","name":"Brasil tem desafio de garantir envelhecimento populacional com qualidade - Not&iacute;cias em Destaque","isPartOf":{"@id":"https:\/\/noticiasemdestaque.com\/cd\/#website"},"primaryImageOfPage":{"@id":"https:\/\/noticiasemdestaque.com\/cd\/?p=4812#primaryimage"},"image":{"@id":"https:\/\/noticiasemdestaque.com\/cd\/?p=4812#primaryimage"},"thumbnailUrl":"https:\/\/noticiasemdestaque.com\/cd\/wp-content\/uploads\/2017\/10\/idosos-4.jpg","datePublished":"2017-10-01T13:55:23+00:00","breadcrumb":{"@id":"https:\/\/noticiasemdestaque.com\/cd\/?p=4812#breadcrumb"},"inLanguage":"pt-BR","potentialAction":[{"@type":"ReadAction","target":["https:\/\/noticiasemdestaque.com\/cd\/?p=4812"]}]},{"@type":"ImageObject","inLanguage":"pt-BR","@id":"https:\/\/noticiasemdestaque.com\/cd\/?p=4812#primaryimage","url":"https:\/\/noticiasemdestaque.com\/cd\/wp-content\/uploads\/2017\/10\/idosos-4.jpg","contentUrl":"https:\/\/noticiasemdestaque.com\/cd\/wp-content\/uploads\/2017\/10\/idosos-4.jpg","width":580,"height":388},{"@type":"BreadcrumbList","@id":"https:\/\/noticiasemdestaque.com\/cd\/?p=4812#breadcrumb","itemListElement":[{"@type":"ListItem","position":1,"name":"In\u00edcio","item":"https:\/\/noticiasemdestaque.com\/cd\/"},{"@type":"ListItem","position":2,"name":"Brasil tem desafio de garantir envelhecimento populacional com qualidade"}]},{"@type":"WebSite","@id":"https:\/\/noticiasemdestaque.com\/cd\/#website","url":"https:\/\/noticiasemdestaque.com\/cd\/","name":"Not&iacute;cias em Destaque","description":"","publisher":{"@id":"https:\/\/noticiasemdestaque.com\/cd\/#organization"},"potentialAction":[{"@type":"SearchAction","target":{"@type":"EntryPoint","urlTemplate":"https:\/\/noticiasemdestaque.com\/cd\/?s={search_term_string}"},"query-input":{"@type":"PropertyValueSpecification","valueRequired":true,"valueName":"search_term_string"}}],"inLanguage":"pt-BR"},{"@type":"Organization","@id":"https:\/\/noticiasemdestaque.com\/cd\/#organization","name":"Not\u00edcias em Destaque","url":"https:\/\/noticiasemdestaque.com\/cd\/","logo":{"@type":"ImageObject","inLanguage":"pt-BR","@id":"https:\/\/noticiasemdestaque.com\/cd\/#\/schema\/logo\/image\/","url":"https:\/\/noticiasemdestaque.com\/cd\/wp-content\/uploads\/2022\/05\/imagem-base-noticiasemdestaque.png","contentUrl":"https:\/\/noticiasemdestaque.com\/cd\/wp-content\/uploads\/2022\/05\/imagem-base-noticiasemdestaque.png","width":1200,"height":630,"caption":"Not\u00edcias em Destaque"},"image":{"@id":"https:\/\/noticiasemdestaque.com\/cd\/#\/schema\/logo\/image\/"}},{"@type":"Person","@id":"https:\/\/noticiasemdestaque.com\/cd\/#\/schema\/person\/21320b03a7e8bb90128938dafc9b908a","name":"Not\u00edcias em Destaque","url":"https:\/\/noticiasemdestaque.com\/cd\/?author=2"}]}},"jetpack_featured_media_url":"https:\/\/noticiasemdestaque.com\/cd\/wp-content\/uploads\/2017\/10\/idosos-4.jpg","jetpack_sharing_enabled":true,"_links":{"self":[{"href":"https:\/\/noticiasemdestaque.com\/cd\/index.php?rest_route=\/wp\/v2\/posts\/4812","targetHints":{"allow":["GET"]}}],"collection":[{"href":"https:\/\/noticiasemdestaque.com\/cd\/index.php?rest_route=\/wp\/v2\/posts"}],"about":[{"href":"https:\/\/noticiasemdestaque.com\/cd\/index.php?rest_route=\/wp\/v2\/types\/post"}],"author":[{"embeddable":true,"href":"https:\/\/noticiasemdestaque.com\/cd\/index.php?rest_route=\/wp\/v2\/users\/2"}],"replies":[{"embeddable":true,"href":"https:\/\/noticiasemdestaque.com\/cd\/index.php?rest_route=%2Fwp%2Fv2%2Fcomments&post=4812"}],"version-history":[{"count":1,"href":"https:\/\/noticiasemdestaque.com\/cd\/index.php?rest_route=\/wp\/v2\/posts\/4812\/revisions"}],"predecessor-version":[{"id":4814,"href":"https:\/\/noticiasemdestaque.com\/cd\/index.php?rest_route=\/wp\/v2\/posts\/4812\/revisions\/4814"}],"wp:featuredmedia":[{"embeddable":true,"href":"https:\/\/noticiasemdestaque.com\/cd\/index.php?rest_route=\/wp\/v2\/media\/4813"}],"wp:attachment":[{"href":"https:\/\/noticiasemdestaque.com\/cd\/index.php?rest_route=%2Fwp%2Fv2%2Fmedia&parent=4812"}],"wp:term":[{"taxonomy":"category","embeddable":true,"href":"https:\/\/noticiasemdestaque.com\/cd\/index.php?rest_route=%2Fwp%2Fv2%2Fcategories&post=4812"},{"taxonomy":"post_tag","embeddable":true,"href":"https:\/\/noticiasemdestaque.com\/cd\/index.php?rest_route=%2Fwp%2Fv2%2Ftags&post=4812"}],"curies":[{"name":"wp","href":"https:\/\/api.w.org\/{rel}","templated":true}]}}