{"id":48113,"date":"2023-05-04T20:02:29","date_gmt":"2023-05-04T23:02:29","guid":{"rendered":"https:\/\/noticiasemdestaque.com\/cd\/?p=48113"},"modified":"2023-05-04T20:02:29","modified_gmt":"2023-05-04T23:02:29","slug":"apos-destravar-obra-junto-ao-fnde-prefeitura-de-sao-jose-dos-cordeiros-retoma-obra-de-quadra-escolar-coberta-na-cidade","status":"publish","type":"post","link":"https:\/\/noticiasemdestaque.com\/cd\/?p=48113","title":{"rendered":"Ap\u00f3s destravar obra junto ao FNDE, Prefeitura de S\u00e3o Jos\u00e9 dos Cordeiros retoma obra de quadra escolar coberta na cidade"},"content":{"rendered":"<p><a href=\"https:\/\/noticiasemdestaque.com\/cd\/wp-content\/uploads\/2023\/05\/sjc-1.jpg\"><img fetchpriority=\"high\" decoding=\"async\" class=\"alignnone  wp-image-48115\" src=\"https:\/\/noticiasemdestaque.com\/cd\/wp-content\/uploads\/2023\/05\/sjc-1-300x225.jpg\" alt=\"\" width=\"1201\" height=\"901\" srcset=\"https:\/\/noticiasemdestaque.com\/cd\/wp-content\/uploads\/2023\/05\/sjc-1-300x225.jpg 300w, https:\/\/noticiasemdestaque.com\/cd\/wp-content\/uploads\/2023\/05\/sjc-1-1024x768.jpg 1024w, https:\/\/noticiasemdestaque.com\/cd\/wp-content\/uploads\/2023\/05\/sjc-1-768x576.jpg 768w, https:\/\/noticiasemdestaque.com\/cd\/wp-content\/uploads\/2023\/05\/sjc-1-16x12.jpg 16w, https:\/\/noticiasemdestaque.com\/cd\/wp-content\/uploads\/2023\/05\/sjc-1.jpg 1080w\" sizes=\"(max-width: 1201px) 100vw, 1201px\" \/><\/a><\/p>\n<p>A obra de conclus\u00e3o da quadra escolar coberta do FNDE est\u00e1 a todo vapor. A obra estava parada desde 2014 e nove anos, ap\u00f3s o seu in\u00edcio ir\u00e1 atender a demanda escolar e da comunidade em geral. O projeto \u00e9 or\u00e7ado em aproximadamente R$ 510 mil, realizado com recursos oriundos de conv\u00eanio firmado pela Prefeitura Municipal e Governo Federal, atrav\u00e9s do Fundo Nacional de Desenvolvimento da Educa\u00e7\u00e3o \u2013 FNDE.<\/p>\n<p>Vale ressaltar que o destravamento desta obra s\u00f3 foi poss\u00edvel, ap\u00f3s o prefeito Fel\u00edcio Queiroz, junto ao FNDE. Por v\u00e1rias vezes, o prefeito esteve no Minist\u00e9rio da Educa\u00e7\u00e3o e apresentou as demandas a equipe do FNDE, que n\u00e3o mediu esfor\u00e7os para a finaliza\u00e7\u00e3o da quadra escolar coberta.<\/p>\n<figure class=\"wp-block-image aligncenter size-large is-resized\"><img decoding=\"async\" class=\"wp-image-120786 aligncenter\" src=\"https:\/\/deolhonocariri.com.br\/wp-content\/uploads\/2023\/05\/sjc-2-1024x768.jpg\" sizes=\"(max-width: 654px) 100vw, 654px\" srcset=\"https:\/\/deolhonocariri.com.br\/wp-content\/uploads\/2023\/05\/sjc-2-1024x768.jpg 1024w, https:\/\/deolhonocariri.com.br\/wp-content\/uploads\/2023\/05\/sjc-2-600x450.jpg 600w, https:\/\/deolhonocariri.com.br\/wp-content\/uploads\/2023\/05\/sjc-2-400x300.jpg 400w, https:\/\/deolhonocariri.com.br\/wp-content\/uploads\/2023\/05\/sjc-2-768x576.jpg 768w, https:\/\/deolhonocariri.com.br\/wp-content\/uploads\/2023\/05\/sjc-2.jpg 1080w\" alt=\"\" width=\"654\" height=\"491\" \/><\/figure>\n<p>\u201cAssim, que assumimos a administra\u00e7\u00e3o viabilizamos esfor\u00e7os para a retomada dos trabalhos para que possamos entregar essa obra t\u00e3o aguardada pela comunidade escolar, que certamente ir\u00e1 refor\u00e7ar as aulas de Educa\u00e7\u00e3o F\u00edsica dos estudantes da Rede Municipal de Ensino e, a realiza\u00e7\u00e3o de eventos e projetos esportivos\u201d, afirmou o gestor Fel\u00edcio Queiroz.<\/p>\n<p>A quadra escolar coberta contar\u00e1 com vesti\u00e1rios, banheiros, alambrado e arquibancada, infraestrutura adequada que possibilita a realiza\u00e7\u00e3o de atividades esportivas e outros eventos.<\/p>\n<p><strong>Noticias em Destaque<\/strong><\/p>\n<p style=\"text-align: right;\"><em>Fonte: De Olho no Cariri<\/em><\/p>\n","protected":false},"excerpt":{"rendered":"<p>A obra de conclus\u00e3o da quadra escolar coberta do FNDE est\u00e1 a todo vapor. A obra estava parada desde 2014 e nove anos, ap\u00f3s o seu in\u00edcio ir\u00e1 atender a demanda escolar e da comunidade em geral. O projeto \u00e9 or\u00e7ado em aproximadamente R$ 510 mil, realizado com recursos oriundos de conv\u00eanio firmado pela Prefeitura Municipal e Governo Federal, atrav\u00e9s do Fundo Nacional de Desenvolvimento da Educa\u00e7\u00e3o \u2013 FNDE. Vale ressaltar que o destravamento desta obra s\u00f3 foi poss\u00edvel, ap\u00f3s o prefeito Fel\u00edcio Queiroz, junto ao FNDE. Por v\u00e1rias vezes, o prefeito esteve no Minist\u00e9rio da Educa\u00e7\u00e3o e apresentou as demandas a equipe do FNDE, que n\u00e3o mediu esfor\u00e7os para a finaliza\u00e7\u00e3o da quadra escolar coberta. \u201cAssim, que assumimos a administra\u00e7\u00e3o viabilizamos esfor\u00e7os para a retomada dos trabalhos para que possamos entregar essa obra t\u00e3o aguardada pela comunidade escolar, que certamente ir\u00e1 refor\u00e7ar as aulas de Educa\u00e7\u00e3o F\u00edsica dos estudantes da Rede Municipal de Ensino e, a realiza\u00e7\u00e3o de eventos e projetos esportivos\u201d, afirmou o gestor Fel\u00edcio Queiroz. A quadra escolar coberta contar\u00e1 com vesti\u00e1rios, banheiros, alambrado e arquibancada, infraestrutura adequada que possibilita a realiza\u00e7\u00e3o de atividades esportivas e outros eventos. Noticias em Destaque Fonte: De Olho no Cariri<\/p>\n","protected":false},"author":2,"featured_media":48115,"comment_status":"closed","ping_status":"open","sticky":false,"template":"","format":"standard","meta":{"_eb_attr":"","_jetpack_memberships_contains_paid_content":false,"footnotes":""},"categories":[3],"tags":[],"class_list":["post-48113","post","type-post","status-publish","format-standard","has-post-thumbnail","hentry","category-cidades"],"yoast_head":"<!-- This site is optimized with the Yoast SEO plugin v26.5 - https:\/\/yoast.com\/wordpress\/plugins\/seo\/ -->\n<title>Ap\u00f3s destravar obra junto ao FNDE, Prefeitura de S\u00e3o Jos\u00e9 dos Cordeiros retoma obra de quadra escolar coberta na cidade - Not&iacute;cias em Destaque<\/title>\n<meta name=\"robots\" content=\"index, follow, max-snippet:-1, max-image-preview:large, max-video-preview:-1\" \/>\n<link rel=\"canonical\" href=\"https:\/\/noticiasemdestaque.com\/cd\/?p=48113\" \/>\n<meta property=\"og:locale\" content=\"pt_BR\" \/>\n<meta property=\"og:type\" content=\"article\" \/>\n<meta property=\"og:title\" content=\"Ap\u00f3s destravar obra junto ao FNDE, Prefeitura de S\u00e3o Jos\u00e9 dos Cordeiros retoma obra de quadra escolar coberta na cidade - Not&iacute;cias em Destaque\" \/>\n<meta property=\"og:description\" content=\"A obra de conclus\u00e3o da quadra escolar coberta do FNDE est\u00e1 a todo vapor. A obra estava parada desde 2014 e nove anos, ap\u00f3s o seu in\u00edcio ir\u00e1 atender a demanda escolar e da comunidade em geral. O projeto \u00e9 or\u00e7ado em aproximadamente R$ 510 mil, realizado com recursos oriundos de conv\u00eanio firmado pela Prefeitura Municipal e Governo Federal, atrav\u00e9s do Fundo Nacional de Desenvolvimento da Educa\u00e7\u00e3o \u2013 FNDE. Vale ressaltar que o destravamento desta obra s\u00f3 foi poss\u00edvel, ap\u00f3s o prefeito Fel\u00edcio Queiroz, junto ao FNDE. Por v\u00e1rias vezes, o prefeito esteve no Minist\u00e9rio da Educa\u00e7\u00e3o e apresentou as demandas a equipe do FNDE, que n\u00e3o mediu esfor\u00e7os para a finaliza\u00e7\u00e3o da quadra escolar coberta. \u201cAssim, que assumimos a administra\u00e7\u00e3o viabilizamos esfor\u00e7os para a retomada dos trabalhos para que possamos entregar essa obra t\u00e3o aguardada pela comunidade escolar, que certamente ir\u00e1 refor\u00e7ar as aulas de Educa\u00e7\u00e3o F\u00edsica dos estudantes da Rede Municipal de Ensino e, a realiza\u00e7\u00e3o de eventos e projetos esportivos\u201d, afirmou o gestor Fel\u00edcio Queiroz. A quadra escolar coberta contar\u00e1 com vesti\u00e1rios, banheiros, alambrado e arquibancada, infraestrutura adequada que possibilita a realiza\u00e7\u00e3o de atividades esportivas e outros eventos. Noticias em Destaque Fonte: De Olho no Cariri\" \/>\n<meta property=\"og:url\" content=\"https:\/\/noticiasemdestaque.com\/cd\/?p=48113\" \/>\n<meta property=\"og:site_name\" content=\"Not&iacute;cias em Destaque\" \/>\n<meta property=\"article:published_time\" content=\"2023-05-04T23:02:29+00:00\" \/>\n<meta property=\"og:image\" content=\"https:\/\/noticiasemdestaque.com\/cd\/wp-content\/uploads\/2023\/05\/sjc-1.jpg\" \/>\n\t<meta property=\"og:image:width\" content=\"1080\" \/>\n\t<meta property=\"og:image:height\" content=\"810\" \/>\n\t<meta property=\"og:image:type\" content=\"image\/jpeg\" \/>\n<meta name=\"author\" content=\"Not\u00edcias em Destaque\" \/>\n<meta name=\"twitter:card\" content=\"summary_large_image\" \/>\n<meta name=\"twitter:label1\" content=\"Escrito por\" \/>\n\t<meta name=\"twitter:data1\" content=\"Not\u00edcias em Destaque\" \/>\n\t<meta name=\"twitter:label2\" content=\"Est. tempo de leitura\" \/>\n\t<meta name=\"twitter:data2\" content=\"2 minutos\" \/>\n<script type=\"application\/ld+json\" class=\"yoast-schema-graph\">{\"@context\":\"https:\/\/schema.org\",\"@graph\":[{\"@type\":\"Article\",\"@id\":\"https:\/\/noticiasemdestaque.com\/cd\/?p=48113#article\",\"isPartOf\":{\"@id\":\"https:\/\/noticiasemdestaque.com\/cd\/?p=48113\"},\"author\":{\"name\":\"Not\u00edcias em Destaque\",\"@id\":\"https:\/\/noticiasemdestaque.com\/cd\/#\/schema\/person\/45ca272b3e1246ef14ebb78a48dbb218\"},\"headline\":\"Ap\u00f3s destravar obra junto ao FNDE, Prefeitura de S\u00e3o Jos\u00e9 dos Cordeiros retoma obra de quadra escolar coberta na cidade\",\"datePublished\":\"2023-05-04T23:02:29+00:00\",\"mainEntityOfPage\":{\"@id\":\"https:\/\/noticiasemdestaque.com\/cd\/?p=48113\"},\"wordCount\":243,\"publisher\":{\"@id\":\"https:\/\/noticiasemdestaque.com\/cd\/#organization\"},\"image\":{\"@id\":\"https:\/\/noticiasemdestaque.com\/cd\/?p=48113#primaryimage\"},\"thumbnailUrl\":\"https:\/\/noticiasemdestaque.com\/cd\/wp-content\/uploads\/2023\/05\/sjc-1.jpg\",\"articleSection\":[\"Cidades\"],\"inLanguage\":\"pt-BR\"},{\"@type\":\"WebPage\",\"@id\":\"https:\/\/noticiasemdestaque.com\/cd\/?p=48113\",\"url\":\"https:\/\/noticiasemdestaque.com\/cd\/?p=48113\",\"name\":\"Ap\u00f3s destravar obra junto ao FNDE, Prefeitura de S\u00e3o Jos\u00e9 dos Cordeiros retoma obra de quadra escolar coberta na cidade - Not&iacute;cias em Destaque\",\"isPartOf\":{\"@id\":\"https:\/\/noticiasemdestaque.com\/cd\/#website\"},\"primaryImageOfPage\":{\"@id\":\"https:\/\/noticiasemdestaque.com\/cd\/?p=48113#primaryimage\"},\"image\":{\"@id\":\"https:\/\/noticiasemdestaque.com\/cd\/?p=48113#primaryimage\"},\"thumbnailUrl\":\"https:\/\/noticiasemdestaque.com\/cd\/wp-content\/uploads\/2023\/05\/sjc-1.jpg\",\"datePublished\":\"2023-05-04T23:02:29+00:00\",\"breadcrumb\":{\"@id\":\"https:\/\/noticiasemdestaque.com\/cd\/?p=48113#breadcrumb\"},\"inLanguage\":\"pt-BR\",\"potentialAction\":[{\"@type\":\"ReadAction\",\"target\":[\"https:\/\/noticiasemdestaque.com\/cd\/?p=48113\"]}]},{\"@type\":\"ImageObject\",\"inLanguage\":\"pt-BR\",\"@id\":\"https:\/\/noticiasemdestaque.com\/cd\/?p=48113#primaryimage\",\"url\":\"https:\/\/noticiasemdestaque.com\/cd\/wp-content\/uploads\/2023\/05\/sjc-1.jpg\",\"contentUrl\":\"https:\/\/noticiasemdestaque.com\/cd\/wp-content\/uploads\/2023\/05\/sjc-1.jpg\",\"width\":1080,\"height\":810},{\"@type\":\"BreadcrumbList\",\"@id\":\"https:\/\/noticiasemdestaque.com\/cd\/?p=48113#breadcrumb\",\"itemListElement\":[{\"@type\":\"ListItem\",\"position\":1,\"name\":\"In\u00edcio\",\"item\":\"https:\/\/noticiasemdestaque.com\/cd\/\"},{\"@type\":\"ListItem\",\"position\":2,\"name\":\"Ap\u00f3s destravar obra junto ao FNDE, Prefeitura de S\u00e3o Jos\u00e9 dos Cordeiros retoma obra de quadra escolar coberta na cidade\"}]},{\"@type\":\"WebSite\",\"@id\":\"https:\/\/noticiasemdestaque.com\/cd\/#website\",\"url\":\"https:\/\/noticiasemdestaque.com\/cd\/\",\"name\":\"Not&iacute;cias em Destaque\",\"description\":\"\",\"publisher\":{\"@id\":\"https:\/\/noticiasemdestaque.com\/cd\/#organization\"},\"potentialAction\":[{\"@type\":\"SearchAction\",\"target\":{\"@type\":\"EntryPoint\",\"urlTemplate\":\"https:\/\/noticiasemdestaque.com\/cd\/?s={search_term_string}\"},\"query-input\":{\"@type\":\"PropertyValueSpecification\",\"valueRequired\":true,\"valueName\":\"search_term_string\"}}],\"inLanguage\":\"pt-BR\"},{\"@type\":\"Organization\",\"@id\":\"https:\/\/noticiasemdestaque.com\/cd\/#organization\",\"name\":\"Not\u00edcias em Destaque\",\"url\":\"https:\/\/noticiasemdestaque.com\/cd\/\",\"logo\":{\"@type\":\"ImageObject\",\"inLanguage\":\"pt-BR\",\"@id\":\"https:\/\/noticiasemdestaque.com\/cd\/#\/schema\/logo\/image\/\",\"url\":\"https:\/\/noticiasemdestaque.com\/cd\/wp-content\/uploads\/2022\/05\/imagem-base-noticiasemdestaque.png\",\"contentUrl\":\"https:\/\/noticiasemdestaque.com\/cd\/wp-content\/uploads\/2022\/05\/imagem-base-noticiasemdestaque.png\",\"width\":1200,\"height\":630,\"caption\":\"Not\u00edcias em Destaque\"},\"image\":{\"@id\":\"https:\/\/noticiasemdestaque.com\/cd\/#\/schema\/logo\/image\/\"}},{\"@type\":\"Person\",\"@id\":\"https:\/\/noticiasemdestaque.com\/cd\/#\/schema\/person\/45ca272b3e1246ef14ebb78a48dbb218\",\"name\":\"Not\u00edcias em Destaque\",\"url\":\"https:\/\/noticiasemdestaque.com\/cd\/?author=2\"}]}<\/script>\n<!-- \/ Yoast SEO plugin. -->","yoast_head_json":{"title":"Ap\u00f3s destravar obra junto ao FNDE, Prefeitura de S\u00e3o Jos\u00e9 dos Cordeiros retoma obra de quadra escolar coberta na cidade - Not&iacute;cias em Destaque","robots":{"index":"index","follow":"follow","max-snippet":"max-snippet:-1","max-image-preview":"max-image-preview:large","max-video-preview":"max-video-preview:-1"},"canonical":"https:\/\/noticiasemdestaque.com\/cd\/?p=48113","og_locale":"pt_BR","og_type":"article","og_title":"Ap\u00f3s destravar obra junto ao FNDE, Prefeitura de S\u00e3o Jos\u00e9 dos Cordeiros retoma obra de quadra escolar coberta na cidade - Not&iacute;cias em Destaque","og_description":"A obra de conclus\u00e3o da quadra escolar coberta do FNDE est\u00e1 a todo vapor. A obra estava parada desde 2014 e nove anos, ap\u00f3s o seu in\u00edcio ir\u00e1 atender a demanda escolar e da comunidade em geral. O projeto \u00e9 or\u00e7ado em aproximadamente R$ 510 mil, realizado com recursos oriundos de conv\u00eanio firmado pela Prefeitura Municipal e Governo Federal, atrav\u00e9s do Fundo Nacional de Desenvolvimento da Educa\u00e7\u00e3o \u2013 FNDE. Vale ressaltar que o destravamento desta obra s\u00f3 foi poss\u00edvel, ap\u00f3s o prefeito Fel\u00edcio Queiroz, junto ao FNDE. Por v\u00e1rias vezes, o prefeito esteve no Minist\u00e9rio da Educa\u00e7\u00e3o e apresentou as demandas a equipe do FNDE, que n\u00e3o mediu esfor\u00e7os para a finaliza\u00e7\u00e3o da quadra escolar coberta. \u201cAssim, que assumimos a administra\u00e7\u00e3o viabilizamos esfor\u00e7os para a retomada dos trabalhos para que possamos entregar essa obra t\u00e3o aguardada pela comunidade escolar, que certamente ir\u00e1 refor\u00e7ar as aulas de Educa\u00e7\u00e3o F\u00edsica dos estudantes da Rede Municipal de Ensino e, a realiza\u00e7\u00e3o de eventos e projetos esportivos\u201d, afirmou o gestor Fel\u00edcio Queiroz. A quadra escolar coberta contar\u00e1 com vesti\u00e1rios, banheiros, alambrado e arquibancada, infraestrutura adequada que possibilita a realiza\u00e7\u00e3o de atividades esportivas e outros eventos. Noticias em Destaque Fonte: De Olho no Cariri","og_url":"https:\/\/noticiasemdestaque.com\/cd\/?p=48113","og_site_name":"Not&iacute;cias em Destaque","article_published_time":"2023-05-04T23:02:29+00:00","og_image":[{"width":1080,"height":810,"url":"https:\/\/noticiasemdestaque.com\/cd\/wp-content\/uploads\/2023\/05\/sjc-1.jpg","type":"image\/jpeg"}],"author":"Not\u00edcias em Destaque","twitter_card":"summary_large_image","twitter_misc":{"Escrito por":"Not\u00edcias em Destaque","Est. tempo de leitura":"2 minutos"},"schema":{"@context":"https:\/\/schema.org","@graph":[{"@type":"Article","@id":"https:\/\/noticiasemdestaque.com\/cd\/?p=48113#article","isPartOf":{"@id":"https:\/\/noticiasemdestaque.com\/cd\/?p=48113"},"author":{"name":"Not\u00edcias em Destaque","@id":"https:\/\/noticiasemdestaque.com\/cd\/#\/schema\/person\/45ca272b3e1246ef14ebb78a48dbb218"},"headline":"Ap\u00f3s destravar obra junto ao FNDE, Prefeitura de S\u00e3o Jos\u00e9 dos Cordeiros retoma obra de quadra escolar coberta na cidade","datePublished":"2023-05-04T23:02:29+00:00","mainEntityOfPage":{"@id":"https:\/\/noticiasemdestaque.com\/cd\/?p=48113"},"wordCount":243,"publisher":{"@id":"https:\/\/noticiasemdestaque.com\/cd\/#organization"},"image":{"@id":"https:\/\/noticiasemdestaque.com\/cd\/?p=48113#primaryimage"},"thumbnailUrl":"https:\/\/noticiasemdestaque.com\/cd\/wp-content\/uploads\/2023\/05\/sjc-1.jpg","articleSection":["Cidades"],"inLanguage":"pt-BR"},{"@type":"WebPage","@id":"https:\/\/noticiasemdestaque.com\/cd\/?p=48113","url":"https:\/\/noticiasemdestaque.com\/cd\/?p=48113","name":"Ap\u00f3s destravar obra junto ao FNDE, Prefeitura de S\u00e3o Jos\u00e9 dos Cordeiros retoma obra de quadra escolar coberta na cidade - Not&iacute;cias em Destaque","isPartOf":{"@id":"https:\/\/noticiasemdestaque.com\/cd\/#website"},"primaryImageOfPage":{"@id":"https:\/\/noticiasemdestaque.com\/cd\/?p=48113#primaryimage"},"image":{"@id":"https:\/\/noticiasemdestaque.com\/cd\/?p=48113#primaryimage"},"thumbnailUrl":"https:\/\/noticiasemdestaque.com\/cd\/wp-content\/uploads\/2023\/05\/sjc-1.jpg","datePublished":"2023-05-04T23:02:29+00:00","breadcrumb":{"@id":"https:\/\/noticiasemdestaque.com\/cd\/?p=48113#breadcrumb"},"inLanguage":"pt-BR","potentialAction":[{"@type":"ReadAction","target":["https:\/\/noticiasemdestaque.com\/cd\/?p=48113"]}]},{"@type":"ImageObject","inLanguage":"pt-BR","@id":"https:\/\/noticiasemdestaque.com\/cd\/?p=48113#primaryimage","url":"https:\/\/noticiasemdestaque.com\/cd\/wp-content\/uploads\/2023\/05\/sjc-1.jpg","contentUrl":"https:\/\/noticiasemdestaque.com\/cd\/wp-content\/uploads\/2023\/05\/sjc-1.jpg","width":1080,"height":810},{"@type":"BreadcrumbList","@id":"https:\/\/noticiasemdestaque.com\/cd\/?p=48113#breadcrumb","itemListElement":[{"@type":"ListItem","position":1,"name":"In\u00edcio","item":"https:\/\/noticiasemdestaque.com\/cd\/"},{"@type":"ListItem","position":2,"name":"Ap\u00f3s destravar obra junto ao FNDE, Prefeitura de S\u00e3o Jos\u00e9 dos Cordeiros retoma obra de quadra escolar coberta na cidade"}]},{"@type":"WebSite","@id":"https:\/\/noticiasemdestaque.com\/cd\/#website","url":"https:\/\/noticiasemdestaque.com\/cd\/","name":"Not&iacute;cias em Destaque","description":"","publisher":{"@id":"https:\/\/noticiasemdestaque.com\/cd\/#organization"},"potentialAction":[{"@type":"SearchAction","target":{"@type":"EntryPoint","urlTemplate":"https:\/\/noticiasemdestaque.com\/cd\/?s={search_term_string}"},"query-input":{"@type":"PropertyValueSpecification","valueRequired":true,"valueName":"search_term_string"}}],"inLanguage":"pt-BR"},{"@type":"Organization","@id":"https:\/\/noticiasemdestaque.com\/cd\/#organization","name":"Not\u00edcias em Destaque","url":"https:\/\/noticiasemdestaque.com\/cd\/","logo":{"@type":"ImageObject","inLanguage":"pt-BR","@id":"https:\/\/noticiasemdestaque.com\/cd\/#\/schema\/logo\/image\/","url":"https:\/\/noticiasemdestaque.com\/cd\/wp-content\/uploads\/2022\/05\/imagem-base-noticiasemdestaque.png","contentUrl":"https:\/\/noticiasemdestaque.com\/cd\/wp-content\/uploads\/2022\/05\/imagem-base-noticiasemdestaque.png","width":1200,"height":630,"caption":"Not\u00edcias em Destaque"},"image":{"@id":"https:\/\/noticiasemdestaque.com\/cd\/#\/schema\/logo\/image\/"}},{"@type":"Person","@id":"https:\/\/noticiasemdestaque.com\/cd\/#\/schema\/person\/45ca272b3e1246ef14ebb78a48dbb218","name":"Not\u00edcias em Destaque","url":"https:\/\/noticiasemdestaque.com\/cd\/?author=2"}]}},"jetpack_featured_media_url":"https:\/\/noticiasemdestaque.com\/cd\/wp-content\/uploads\/2023\/05\/sjc-1.jpg","jetpack_sharing_enabled":true,"_links":{"self":[{"href":"https:\/\/noticiasemdestaque.com\/cd\/index.php?rest_route=\/wp\/v2\/posts\/48113","targetHints":{"allow":["GET"]}}],"collection":[{"href":"https:\/\/noticiasemdestaque.com\/cd\/index.php?rest_route=\/wp\/v2\/posts"}],"about":[{"href":"https:\/\/noticiasemdestaque.com\/cd\/index.php?rest_route=\/wp\/v2\/types\/post"}],"author":[{"embeddable":true,"href":"https:\/\/noticiasemdestaque.com\/cd\/index.php?rest_route=\/wp\/v2\/users\/2"}],"replies":[{"embeddable":true,"href":"https:\/\/noticiasemdestaque.com\/cd\/index.php?rest_route=%2Fwp%2Fv2%2Fcomments&post=48113"}],"version-history":[{"count":1,"href":"https:\/\/noticiasemdestaque.com\/cd\/index.php?rest_route=\/wp\/v2\/posts\/48113\/revisions"}],"predecessor-version":[{"id":48116,"href":"https:\/\/noticiasemdestaque.com\/cd\/index.php?rest_route=\/wp\/v2\/posts\/48113\/revisions\/48116"}],"wp:featuredmedia":[{"embeddable":true,"href":"https:\/\/noticiasemdestaque.com\/cd\/index.php?rest_route=\/wp\/v2\/media\/48115"}],"wp:attachment":[{"href":"https:\/\/noticiasemdestaque.com\/cd\/index.php?rest_route=%2Fwp%2Fv2%2Fmedia&parent=48113"}],"wp:term":[{"taxonomy":"category","embeddable":true,"href":"https:\/\/noticiasemdestaque.com\/cd\/index.php?rest_route=%2Fwp%2Fv2%2Fcategories&post=48113"},{"taxonomy":"post_tag","embeddable":true,"href":"https:\/\/noticiasemdestaque.com\/cd\/index.php?rest_route=%2Fwp%2Fv2%2Ftags&post=48113"}],"curies":[{"name":"wp","href":"https:\/\/api.w.org\/{rel}","templated":true}]}}