{"id":47982,"date":"2023-04-30T10:11:36","date_gmt":"2023-04-30T13:11:36","guid":{"rendered":"https:\/\/noticiasemdestaque.com\/cd\/?p=47982"},"modified":"2023-04-30T10:11:36","modified_gmt":"2023-04-30T13:11:36","slug":"paraguaios-vao-as-urnas-neste-domingo-para-eleger-presidente-governadores-e-parlamentares","status":"publish","type":"post","link":"https:\/\/noticiasemdestaque.com\/cd\/?p=47982","title":{"rendered":"Paraguaios v\u00e3o \u00e0s urnas neste domingo para eleger presidente, governadores e parlamentares"},"content":{"rendered":"<p><a href=\"https:\/\/noticiasemdestaque.com\/cd\/wp-content\/uploads\/2023\/04\/FAuncVPX0AAO6RB3-e1641318675958.webp\"><img fetchpriority=\"high\" decoding=\"async\" class=\"alignnone  wp-image-47984\" src=\"https:\/\/noticiasemdestaque.com\/cd\/wp-content\/uploads\/2023\/04\/FAuncVPX0AAO6RB3-e1641318675958-300x166.webp\" alt=\"\" width=\"1298\" height=\"718\" srcset=\"https:\/\/noticiasemdestaque.com\/cd\/wp-content\/uploads\/2023\/04\/FAuncVPX0AAO6RB3-e1641318675958-300x166.webp 300w, https:\/\/noticiasemdestaque.com\/cd\/wp-content\/uploads\/2023\/04\/FAuncVPX0AAO6RB3-e1641318675958-768x424.webp 768w, https:\/\/noticiasemdestaque.com\/cd\/wp-content\/uploads\/2023\/04\/FAuncVPX0AAO6RB3-e1641318675958-18x10.webp 18w, https:\/\/noticiasemdestaque.com\/cd\/wp-content\/uploads\/2023\/04\/FAuncVPX0AAO6RB3-e1641318675958.webp 876w\" sizes=\"(max-width: 1298px) 100vw, 1298px\" \/><\/a><\/p>\n<p>Os <a href=\"https:\/\/www.cnnbrasil.com.br\/tudo-sobre\/paraguai\/\" target=\"_blank\" rel=\"noopener\">paraguaios<\/a>\u00a0ir\u00e3o \u00e0s urnas neste domingo (30) para decidir quem ir\u00e1 governar o pa\u00eds pelos pr\u00f3ximos anos. Ser\u00e3o\u00a0<a href=\"https:\/\/www.cnnbrasil.com.br\/tudo-sobre\/eleicoes\/\" target=\"_blank\" rel=\"noopener\">eleitos<\/a>\u00a0presidente e vice-presidente da Rep\u00fablica; 45 senadores titulares e 30 suplentes; 80 deputados titulares e 80 suplentes; 17 governadores; e 257 membros titulares e 257 suplentes para Juntas Departamentais (assembleias legislativas estaduais).<\/p>\n<p>As regras da pol\u00edtica paraguaia preveem n\u00e3o haver segundo turno, nem possibilidade de reelei\u00e7\u00e3o. O candidato eleito ganha um mandato \u00fanico de cinco anos. Ao todo, mais de 4,7 milh\u00f5es de pessoas est\u00e3o aptas a votar. Ser\u00e3o 1.157 locais de vota\u00e7\u00e3o, com 15.380 urnas..<\/p>\n<p>S\u00e3o 13 chapas na disputa pela presid\u00eancia do pa\u00eds\u00a0<a href=\"https:\/\/www.cnnbrasil.com.br\/tudo-sobre\/america-do-sul\/\" target=\"_blank\" rel=\"noopener\">sul-americano<\/a>. Mas, embora haja grande variedade de candidatos, duas duplas despontam como as \u201cprincipais\u201d.<\/p>\n<p>De um lado est\u00e3o Santiago \u201cSanti\u201d Pe\u00f1a e Pedro Alliana, candidatos conservadores pelo Partido Colorado \u2014 que est\u00e1 no poder. Do outro, Efra\u00edn Alegre e Sole N\u00fa\u00f1ez, que lideram o bloco de oposi\u00e7\u00e3o e coaliz\u00e3o de centro-esquerda Concerta\u00e7\u00e3o Nacional por um Novo Paraguai.<\/p>\n<p><a href=\"https:\/\/www.cnnbrasil.com.br\/internacional\/eleicoes-no-paraguai-candidato-que-pediu-morte-de-100-mil-brasileiros-bandidos-da-salto-em-pesquisa\/\" target=\"_blank\" rel=\"noopener\">Uma pesquisa AtlasIntel divulgada na ter\u00e7a-feira (25) mostrou que eles t\u00eam vantagem<\/a>\u00a0em rela\u00e7\u00e3o \u00e0s outras chapas, mas enfrentam disputa acirrada pela lideran\u00e7a, com empate t\u00e9cnico.<\/p>\n<p>Alegre liderava com 34,3% das inten\u00e7\u00f5es de voto. Em seguida, com 32,8% das inten\u00e7\u00f5es de voto, estava Pe\u00f1a. A margem de erro era de 2 pontos percentuais.<\/p>\n<p>Entretanto, o terceiro colocado, Paraguayo \u201cPayo\u201d Cubas, um candidato pol\u00eamico, que j\u00e1 teve mandato como senador cassado ap\u00f3s pedir a morte de \u201c100 mil brasileiros bandidos\u201d, deu um salto de 8 pontos percentuais<a href=\"https:\/\/www.cnnbrasil.com.br\/internacional\/atlasintel-intencao-de-voto-para-eleicao-no-paraguai-revela-empate-tecnico\/\">\u00a0em rela\u00e7\u00e3o ao \u00faltimo levantamento, do in\u00edcio do m\u00eas.<\/a><\/p>\n<p><a href=\"https:\/\/www.cnnbrasil.com.br\/internacional\/atlasintel-intencao-de-voto-para-eleicao-no-paraguai-revela-empate-tecnico\/\" target=\"_blank\" rel=\"noopener\">Nessa pesquisa divulgada pela AtlasIntel anteriormente e repercutida pela CNN<\/a>, a maioria dos paraguaios (54,7%) afirmou que prefere que o pr\u00f3ximo presidente do pa\u00eds seja algu\u00e9m da oposi\u00e7\u00e3o ou do partido Concerta\u00e7\u00e3o. Enquanto isso, 35,8% prefere que o Partido Colorado continue no poder. N\u00e3o souberam responder 9,5%.<\/p>\n<p>Ainda assim, Alegre e Pe\u00f1a estavam empatados tecnicamente, com aproximadamente 38% e 36% dos votos, respectivamente.<\/p>\n<p>Quando os respondentes foram questionados sobre os principais problemas no pa\u00eds, a corrup\u00e7\u00e3o foi o tema mais apontado, por 68%. Em seguida, est\u00e1 o acesso a servi\u00e7os de sa\u00fade e medicamentos gratuitos, com 52%; e a inseguran\u00e7a, com 41%.<\/p>\n<p>Quanto \u00e0s principais caracter\u00edsticas que o pr\u00f3ximo presidente do Paraguai deve ter, foram destacadas pelos entrevistados honestidade, patriotismo e intelig\u00eancia.<\/p>\n<h2>Quem s\u00e3o os favoritos para vencer a corrida presidencial?<\/h2>\n<figure id=\"attachment_2156980\" class=\"wp-caption aligncenter\" aria-describedby=\"caption-attachment-2156980\"><img decoding=\"async\" class=\"alignleft wp-image-2156980\" src=\"https:\/\/www.cnnbrasil.com.br\/wp-content\/uploads\/sites\/12\/Reuters_Direct_Media\/BrazilOnlineReportWorldNews\/tagreuters.com2023binary_LYNXMPEJ2R0MN-FILEDIMAGE.jpg?w=1024\" sizes=\"(max-width: 648px) 100vw, 648px\" srcset=\"https:\/\/www.cnnbrasil.com.br\/wp-content\/uploads\/sites\/12\/Reuters_Direct_Media\/BrazilOnlineReportWorldNews\/tagreuters.com2023binary_LYNXMPEJ2R0MN-FILEDIMAGE.jpg 4187w, https:\/\/www.cnnbrasil.com.br\/wp-content\/uploads\/sites\/12\/Reuters_Direct_Media\/BrazilOnlineReportWorldNews\/tagreuters.com2023binary_LYNXMPEJ2R0MN-FILEDIMAGE.jpg?resize=300,213 300w, https:\/\/www.cnnbrasil.com.br\/wp-content\/uploads\/sites\/12\/Reuters_Direct_Media\/BrazilOnlineReportWorldNews\/tagreuters.com2023binary_LYNXMPEJ2R0MN-FILEDIMAGE.jpg?resize=768,544 768w, https:\/\/www.cnnbrasil.com.br\/wp-content\/uploads\/sites\/12\/Reuters_Direct_Media\/BrazilOnlineReportWorldNews\/tagreuters.com2023binary_LYNXMPEJ2R0MN-FILEDIMAGE.jpg?resize=1024,726 1024w, https:\/\/www.cnnbrasil.com.br\/wp-content\/uploads\/sites\/12\/Reuters_Direct_Media\/BrazilOnlineReportWorldNews\/tagreuters.com2023binary_LYNXMPEJ2R0MN-FILEDIMAGE.jpg?resize=1536,1088 1536w, https:\/\/www.cnnbrasil.com.br\/wp-content\/uploads\/sites\/12\/Reuters_Direct_Media\/BrazilOnlineReportWorldNews\/tagreuters.com2023binary_LYNXMPEJ2R0MN-FILEDIMAGE.jpg?resize=2048,1451 2048w, https:\/\/www.cnnbrasil.com.br\/wp-content\/uploads\/sites\/12\/Reuters_Direct_Media\/BrazilOnlineReportWorldNews\/tagreuters.com2023binary_LYNXMPEJ2R0MN-FILEDIMAGE.jpg?resize=78,55 78w, https:\/\/www.cnnbrasil.com.br\/wp-content\/uploads\/sites\/12\/Reuters_Direct_Media\/BrazilOnlineReportWorldNews\/tagreuters.com2023binary_LYNXMPEJ2R0MN-FILEDIMAGE.jpg?resize=75,53 75w\" alt=\"\" width=\"648\" height=\"459\" \/><figcaption id=\"caption-attachment-2156980\" class=\"wp-caption-text\">Pr\u00e9-candidato presidencial pelo Partido Colorado, Santiago Pe\u00f1a, discursa em Assun\u00e7\u00e3o, Paraguai \/ 18\/12\/2022 REUTERS\/Cesar Olmedo<\/figcaption><\/figure>\n<p><strong>Santiago Pe\u00f1a<\/strong>\u00a0\u00e9 economista e foi ministro da Fazenda no governo de Horacio Cartes. Apresenta-se como o candidato para promover o desenvolvimento integral do pa\u00eds.<\/p>\n<p>\u201cEmprego, investimento em capital humano, sa\u00fade, educa\u00e7\u00e3o. Os pr\u00f3ximos anos podem ser os melhores para o Paraguai. Mas temos que colocar em pr\u00e1tica todo o nosso conhecimento, experi\u00eancia e determina\u00e7\u00e3o\u201d, disse Pe\u00f1a \u00e0\u00a0<strong>CNN<\/strong>.<\/p>\n<p>Em janeiro, os Estados Unidos sancionaram Horacio Cartes e o atual vice-presidente do pa\u00eds por supostos atos de corrup\u00e7\u00e3o \u201cque minam as institui\u00e7\u00f5es democr\u00e1ticas\u201d, pontuou o Departamento do Tesouro na \u00e9poca. Esta \u00e9 uma declara\u00e7\u00e3o que o l\u00edder do Partido Colorado rejeitou.<\/p>\n<figure id=\"attachment_2208724\" class=\"wp-caption alignnone\" aria-describedby=\"caption-attachment-2208724\"><img decoding=\"async\" class=\"alignleft wp-image-2208724\" src=\"https:\/\/www.cnnbrasil.com.br\/wp-content\/uploads\/sites\/12\/Reuters_Direct_Media\/BrazilOnlineReportWorldNews\/tagreuters.com2023binary_LYNXMPEJ3N0ET-FILEDIMAGE.jpg?w=1024\" sizes=\"(max-width: 650px) 100vw, 650px\" srcset=\"https:\/\/www.cnnbrasil.com.br\/wp-content\/uploads\/sites\/12\/Reuters_Direct_Media\/BrazilOnlineReportWorldNews\/tagreuters.com2023binary_LYNXMPEJ3N0ET-FILEDIMAGE.jpg 4790w, https:\/\/www.cnnbrasil.com.br\/wp-content\/uploads\/sites\/12\/Reuters_Direct_Media\/BrazilOnlineReportWorldNews\/tagreuters.com2023binary_LYNXMPEJ3N0ET-FILEDIMAGE.jpg?resize=300,205 300w, https:\/\/www.cnnbrasil.com.br\/wp-content\/uploads\/sites\/12\/Reuters_Direct_Media\/BrazilOnlineReportWorldNews\/tagreuters.com2023binary_LYNXMPEJ3N0ET-FILEDIMAGE.jpg?resize=768,525 768w, https:\/\/www.cnnbrasil.com.br\/wp-content\/uploads\/sites\/12\/Reuters_Direct_Media\/BrazilOnlineReportWorldNews\/tagreuters.com2023binary_LYNXMPEJ3N0ET-FILEDIMAGE.jpg?resize=1024,700 1024w, https:\/\/www.cnnbrasil.com.br\/wp-content\/uploads\/sites\/12\/Reuters_Direct_Media\/BrazilOnlineReportWorldNews\/tagreuters.com2023binary_LYNXMPEJ3N0ET-FILEDIMAGE.jpg?resize=126,86 126w, https:\/\/www.cnnbrasil.com.br\/wp-content\/uploads\/sites\/12\/Reuters_Direct_Media\/BrazilOnlineReportWorldNews\/tagreuters.com2023binary_LYNXMPEJ3N0ET-FILEDIMAGE.jpg?resize=1536,1051 1536w, https:\/\/www.cnnbrasil.com.br\/wp-content\/uploads\/sites\/12\/Reuters_Direct_Media\/BrazilOnlineReportWorldNews\/tagreuters.com2023binary_LYNXMPEJ3N0ET-FILEDIMAGE.jpg?resize=2048,1401 2048w, https:\/\/www.cnnbrasil.com.br\/wp-content\/uploads\/sites\/12\/Reuters_Direct_Media\/BrazilOnlineReportWorldNews\/tagreuters.com2023binary_LYNXMPEJ3N0ET-FILEDIMAGE.jpg?resize=80,55 80w, https:\/\/www.cnnbrasil.com.br\/wp-content\/uploads\/sites\/12\/Reuters_Direct_Media\/BrazilOnlineReportWorldNews\/tagreuters.com2023binary_LYNXMPEJ3N0ET-FILEDIMAGE.jpg?resize=75,51 75w\" alt=\"\" width=\"650\" height=\"444\" \/><figcaption id=\"caption-attachment-2208724\" class=\"wp-caption-text\">L\u00edder da oposi\u00e7\u00e3o e candidato \u00e0 Presid\u00eancia do Paraguai, Efra\u00edn Alegre \/ 17\/04\/2023 REUTERS\/Cesar Olmedo<\/figcaption><\/figure>\n<p><strong>Efra\u00edn Alegre<\/strong>, por sua vez, \u00e9 advogado e foi ministro de Obras P\u00fablicas durante o governo de Fernando Lugo at\u00e9 2011. Sua proposta de administra\u00e7\u00e3o se concentra na luta contra a corrup\u00e7\u00e3o para alcan\u00e7ar o bem-estar.<\/p>\n<p>\u201cD\u00ea uma chance \u00e0 Concerta\u00e7\u00e3o e vamos mostrar que realmente podemos ver o outro Paraguai, o do trabalho, o do esfor\u00e7o, um Paraguai solid\u00e1rio que tem uma resposta ao grande necessidades do povo\u201d, afirmou Alegre \u00e0\u00a0<strong>CNN<\/strong>.<\/p>\n<h2>Rela\u00e7\u00e3o com China e Taiwan<\/h2>\n<p><a href=\"https:\/\/www.cnnbrasil.com.br\/internacional\/relacoes-com-china-e-taiwan-pautam-eleicoes-presidenciais-no-paraguai\/\" target=\"_blank\" rel=\"noopener\">Um dos pontos de aten\u00e7\u00e3o da comunidade internacional<\/a>\u00a0nessas elei\u00e7\u00f5es \u2014 principalmente dos Estados Unidos \u2014 \u00e9 como ficar\u00e1 a rela\u00e7\u00e3o entre Paraguai, Taiwan e China.<\/p>\n<p>Santiago Pe\u00f1a promete estender rela\u00e7\u00f5es diplom\u00e1ticas de d\u00e9cadas com Taiwan, mas Efra\u00edn Alegre \u00e9 a favor de mudar os la\u00e7os rumo \u00e0 China para impulsionar a economia agr\u00edcola do pa\u00eds.<\/p>\n<p>A press\u00e3o interna para mudar essa pol\u00edtica e abrir os mercados do pa\u00eds asi\u00e1tico para que a soja e a carne bovina do Paraguai, seus principais produtos de exporta\u00e7\u00e3o, sejam comprados, cresce especialmente a partir do poderoso lobby agr\u00edcola.<\/p>\n<p>Entretanto, se o Paraguai reconhecer a China, isso ser\u00e1 um golpe para Taiwan, que enfrenta uma batalha dif\u00edcil para manter seus 13 aliados restantes em todo o mundo. Isso tamb\u00e9m seria um novo sinal da crescente influ\u00eancia chinesa em uma \u00e1rea que Washington considera \u201cseu quintal\u201d.<\/p>\n<h2>Itaipu Binacional<\/h2>\n<p>No dia 17 de abril, o Conselho de\u00a0<a href=\"https:\/\/www.cnnbrasil.com.br\/tudo-sobre\/itaipu-binacional\/\" target=\"_blank\" rel=\"noopener\">Itaipu Binacional<\/a>, a usina hidrel\u00e9trica que fica na fronteira de Brasil e Paraguai, fornecendo energia para ambos os pa\u00edses,\u00a0<a href=\"https:\/\/www.cnnbrasil.com.br\/economia\/conselho-aprova-reducao-da-tarifa-de-itaipu-apos-acordo-entre-brasil-e-paraguai-e-conta-de-luz-pode-ficar-1-menor\/\" target=\"_blank\" rel=\"noopener\">aprovou a redu\u00e7\u00e3o da tarifa de energia da usina em aproximadamente 20%<\/a>.<\/p>\n<p>Com a decis\u00e3o, a tarifa oficial foi reduzida de US$ 20,80 para US$ 16,71 por kilowatt\/hora mensal para o restante do ano de 2023.<\/p>\n<p>De acordo com Enio Verri, diretor-geral brasileiro da Itaipu Binacional, a mudan\u00e7a deve gerar uma queda de 1% em m\u00e9dia na conta de luz \u2013 j\u00e1 que a usina produz cerca de 8,6% da energia consumida no Brasil.<\/p>\n<p>Uma tarifa ainda menor, de US$ 12,67, vinha sendo praticada provisoriamente no Brasil desde janeiro deste ano, por decis\u00e3o do governo Jair Bolsonaro, mas sem aval do Paraguai \u2013 o que causou preju\u00edzo de US$ 150 milh\u00f5es \u00e0 usina, segundo Verri.<\/p>\n<p>O diretor tamb\u00e9m pontuou que o acordo teve resist\u00eancia dos paraguaios, pois eles defendiam uma tarifa acima dos US$ 20. O Conselho da usina possui 12 integrantes, sendo seis brasileiros e seis paraguaios.<\/p>\n<p><a href=\"https:\/\/www.cnnbrasil.com.br\/economia\/a-cnn-enio-verri-diz-que-sera-muito-dificil-paraguai-mudar-perfil-de-parceria-em-itaipu\/\">Ao assumir como diretor-presidente brasileiro da hidrel\u00e9trica, Enio Verri<\/a>\u00a0destacou \u00e0\u00a0<strong>CNN<\/strong>\u00a0a import\u00e2ncia da renegocia\u00e7\u00e3o do Tratado de Itaipu, que estabelece a parceria entre os dois pa\u00edses para a gera\u00e7\u00e3o e comercializa\u00e7\u00e3o de energia. Ele pretende iniciar as negocia\u00e7\u00f5es assim que as elei\u00e7\u00f5es paraguaias forem definidas.<\/p>\n<p>Atualmente, cada pa\u00eds tem direito a 50% da energia gerada pela hidrel\u00e9trica, localizada na fronteira entre os pa\u00edses, no Rio Paran\u00e1. Como o Paraguai n\u00e3o utiliza toda a parte a que tem direito, o pa\u00eds vende o excedente para o Brasil.<\/p>\n<p>O Tratado de Itaipu completou 50 anos no dia 26 de abril, e a usina nasceu como a maior hidrel\u00e9trica do mundo.\u00a0<a href=\"https:\/\/www.cnnbrasil.com.br\/economia\/tratado-de-itaipu-faz-50-anos-nesta-quarta-26-com-expectativa-sobre-renegociacao-de-energia-produzida\/\" target=\"_blank\" rel=\"noopener\">Saiba mais sobre a Itaipu Binacional e outras curiosidades atrav\u00e9s desta mat\u00e9ria<\/a>.<\/p>\n<p><strong>Noticias em Destaque<\/strong><\/p>\n<p style=\"text-align: right;\"><em>Fonte: CNN Brasil<\/em><\/p>\n","protected":false},"excerpt":{"rendered":"<p>Os paraguaios\u00a0ir\u00e3o \u00e0s urnas neste domingo (30) para decidir quem ir\u00e1 governar o pa\u00eds pelos pr\u00f3ximos anos. Ser\u00e3o\u00a0eleitos\u00a0presidente e vice-presidente da Rep\u00fablica; 45 senadores titulares e 30 suplentes; 80 deputados titulares e 80 suplentes; 17 governadores; e 257 membros titulares e 257 suplentes para Juntas Departamentais (assembleias legislativas estaduais). As regras da pol\u00edtica paraguaia preveem n\u00e3o haver segundo turno, nem possibilidade de reelei\u00e7\u00e3o. O candidato eleito ganha um mandato \u00fanico de cinco anos. Ao todo, mais de 4,7 milh\u00f5es de pessoas est\u00e3o aptas a votar. Ser\u00e3o 1.157 locais de vota\u00e7\u00e3o, com 15.380 urnas.. S\u00e3o 13 chapas na disputa pela presid\u00eancia do pa\u00eds\u00a0sul-americano. Mas, embora haja grande variedade de candidatos, duas duplas despontam como as \u201cprincipais\u201d. De um lado est\u00e3o Santiago \u201cSanti\u201d Pe\u00f1a e Pedro Alliana, candidatos conservadores pelo Partido Colorado \u2014 que est\u00e1 no poder. Do outro, Efra\u00edn Alegre e Sole N\u00fa\u00f1ez, que lideram o bloco de oposi\u00e7\u00e3o e coaliz\u00e3o de centro-esquerda Concerta\u00e7\u00e3o Nacional por um Novo Paraguai. Uma pesquisa AtlasIntel divulgada na ter\u00e7a-feira (25) mostrou que eles t\u00eam vantagem\u00a0em rela\u00e7\u00e3o \u00e0s outras chapas, mas enfrentam disputa acirrada pela lideran\u00e7a, com empate t\u00e9cnico. Alegre liderava com 34,3% das inten\u00e7\u00f5es de voto. Em seguida, com 32,8% das inten\u00e7\u00f5es de voto, estava Pe\u00f1a. A margem de erro era de 2 pontos percentuais. Entretanto, o terceiro colocado, Paraguayo \u201cPayo\u201d Cubas, um candidato pol\u00eamico, que j\u00e1 teve mandato como senador cassado ap\u00f3s pedir a morte de \u201c100 mil brasileiros bandidos\u201d, deu um salto de 8 pontos percentuais\u00a0em rela\u00e7\u00e3o ao \u00faltimo levantamento, do in\u00edcio do m\u00eas. Nessa pesquisa divulgada pela AtlasIntel anteriormente e repercutida pela CNN, a maioria dos paraguaios (54,7%) afirmou que prefere que o pr\u00f3ximo presidente do pa\u00eds seja algu\u00e9m da oposi\u00e7\u00e3o ou do partido Concerta\u00e7\u00e3o. Enquanto isso, 35,8% prefere que o Partido Colorado continue no poder. N\u00e3o souberam responder 9,5%. Ainda assim, Alegre e Pe\u00f1a estavam empatados tecnicamente, com aproximadamente 38% e 36% dos votos, respectivamente. Quando os respondentes foram questionados sobre os principais problemas no pa\u00eds, a corrup\u00e7\u00e3o foi o tema mais apontado, por 68%. Em seguida, est\u00e1 o acesso a servi\u00e7os de sa\u00fade e medicamentos gratuitos, com 52%; e a inseguran\u00e7a, com 41%. Quanto \u00e0s principais caracter\u00edsticas que o pr\u00f3ximo presidente do Paraguai deve ter, foram destacadas pelos entrevistados honestidade, patriotismo e intelig\u00eancia. Quem s\u00e3o os favoritos para vencer a corrida presidencial? Pr\u00e9-candidato presidencial pelo Partido Colorado, Santiago Pe\u00f1a, discursa em Assun\u00e7\u00e3o, Paraguai \/ 18\/12\/2022 REUTERS\/Cesar Olmedo Santiago Pe\u00f1a\u00a0\u00e9 economista e foi ministro da Fazenda no governo de Horacio Cartes. Apresenta-se como o candidato para promover o desenvolvimento integral do pa\u00eds. \u201cEmprego, investimento em capital humano, sa\u00fade, educa\u00e7\u00e3o. Os pr\u00f3ximos anos podem ser os melhores para o Paraguai. Mas temos que colocar em pr\u00e1tica todo o nosso conhecimento, experi\u00eancia e determina\u00e7\u00e3o\u201d, disse Pe\u00f1a \u00e0\u00a0CNN. Em janeiro, os Estados Unidos sancionaram Horacio Cartes e o atual vice-presidente do pa\u00eds por supostos atos de corrup\u00e7\u00e3o \u201cque minam as institui\u00e7\u00f5es democr\u00e1ticas\u201d, pontuou o Departamento do Tesouro na \u00e9poca. Esta \u00e9 uma declara\u00e7\u00e3o que o l\u00edder do Partido Colorado rejeitou. L\u00edder da oposi\u00e7\u00e3o e candidato \u00e0 Presid\u00eancia do Paraguai, Efra\u00edn Alegre \/ 17\/04\/2023 REUTERS\/Cesar Olmedo Efra\u00edn Alegre, por sua vez, \u00e9 advogado e foi ministro de Obras P\u00fablicas durante o governo de Fernando Lugo at\u00e9 2011. Sua proposta de administra\u00e7\u00e3o se concentra na luta contra a corrup\u00e7\u00e3o para alcan\u00e7ar o bem-estar. \u201cD\u00ea uma chance \u00e0 Concerta\u00e7\u00e3o e vamos mostrar que realmente podemos ver o outro Paraguai, o do trabalho, o do esfor\u00e7o, um Paraguai solid\u00e1rio que tem uma resposta ao grande necessidades do povo\u201d, afirmou Alegre \u00e0\u00a0CNN. Rela\u00e7\u00e3o com China e Taiwan Um dos pontos de aten\u00e7\u00e3o da comunidade internacional\u00a0nessas elei\u00e7\u00f5es \u2014 principalmente dos Estados Unidos \u2014 \u00e9 como ficar\u00e1 a rela\u00e7\u00e3o entre Paraguai, Taiwan e China. Santiago Pe\u00f1a promete estender rela\u00e7\u00f5es diplom\u00e1ticas de d\u00e9cadas com Taiwan, mas Efra\u00edn Alegre \u00e9 a favor de mudar os la\u00e7os rumo \u00e0 China para impulsionar a economia agr\u00edcola do pa\u00eds. A press\u00e3o interna para mudar essa pol\u00edtica e abrir os mercados do pa\u00eds asi\u00e1tico para que a soja e a carne bovina do Paraguai, seus principais produtos de exporta\u00e7\u00e3o, sejam comprados, cresce especialmente a partir do poderoso lobby agr\u00edcola. Entretanto, se o Paraguai reconhecer a China, isso ser\u00e1 um golpe para Taiwan, que enfrenta uma batalha dif\u00edcil para manter seus 13 aliados restantes em todo o mundo. Isso tamb\u00e9m seria um novo sinal da crescente influ\u00eancia chinesa em uma \u00e1rea que Washington considera \u201cseu quintal\u201d. Itaipu Binacional No dia 17 de abril, o Conselho de\u00a0Itaipu Binacional, a usina hidrel\u00e9trica que fica na fronteira de Brasil e Paraguai, fornecendo energia para ambos os pa\u00edses,\u00a0aprovou a redu\u00e7\u00e3o da tarifa de energia da usina em aproximadamente 20%. Com a decis\u00e3o, a tarifa oficial foi reduzida de US$ 20,80 para US$ 16,71 por kilowatt\/hora mensal para o restante do ano de 2023. De acordo com Enio Verri, diretor-geral brasileiro da Itaipu Binacional, a mudan\u00e7a deve gerar uma queda de 1% em m\u00e9dia na conta de luz \u2013 j\u00e1 que a usina produz cerca de 8,6% da energia consumida no Brasil. Uma tarifa ainda menor, de US$ 12,67, vinha sendo praticada provisoriamente no Brasil desde janeiro deste ano, por decis\u00e3o do governo Jair Bolsonaro, mas sem aval do Paraguai \u2013 o que causou preju\u00edzo de US$ 150 milh\u00f5es \u00e0 usina, segundo Verri. O diretor tamb\u00e9m pontuou que o acordo teve resist\u00eancia dos paraguaios, pois eles defendiam uma tarifa acima dos US$ 20. O Conselho da usina possui 12 integrantes, sendo seis brasileiros e seis paraguaios. Ao assumir como diretor-presidente brasileiro da hidrel\u00e9trica, Enio Verri\u00a0destacou \u00e0\u00a0CNN\u00a0a import\u00e2ncia da renegocia\u00e7\u00e3o do Tratado de Itaipu, que estabelece a parceria entre os dois pa\u00edses para a gera\u00e7\u00e3o e comercializa\u00e7\u00e3o de energia. Ele pretende iniciar as negocia\u00e7\u00f5es assim que as elei\u00e7\u00f5es paraguaias forem definidas. Atualmente, cada pa\u00eds tem direito a 50% da energia gerada pela hidrel\u00e9trica, localizada na fronteira entre os pa\u00edses, no Rio Paran\u00e1. Como o Paraguai n\u00e3o utiliza toda a parte a que tem direito, o pa\u00eds vende o excedente para o Brasil. O Tratado de Itaipu completou 50 anos no dia 26 de<\/p>\n","protected":false},"author":2,"featured_media":47984,"comment_status":"closed","ping_status":"open","sticky":false,"template":"","format":"standard","meta":{"_eb_attr":"","_jetpack_memberships_contains_paid_content":false,"footnotes":""},"categories":[4],"tags":[],"class_list":["post-47982","post","type-post","status-publish","format-standard","has-post-thumbnail","hentry","category-politica"],"yoast_head":"<!-- This site is optimized with the Yoast SEO plugin v26.5 - https:\/\/yoast.com\/wordpress\/plugins\/seo\/ -->\n<title>Paraguaios v\u00e3o \u00e0s urnas neste domingo para eleger presidente, governadores e parlamentares - Not&iacute;cias em Destaque<\/title>\n<meta name=\"robots\" content=\"index, follow, max-snippet:-1, max-image-preview:large, max-video-preview:-1\" \/>\n<link rel=\"canonical\" href=\"https:\/\/noticiasemdestaque.com\/cd\/?p=47982\" \/>\n<meta property=\"og:locale\" content=\"pt_BR\" \/>\n<meta property=\"og:type\" content=\"article\" \/>\n<meta property=\"og:title\" content=\"Paraguaios v\u00e3o \u00e0s urnas neste domingo para eleger presidente, governadores e parlamentares - Not&iacute;cias em Destaque\" \/>\n<meta property=\"og:description\" content=\"Os paraguaios\u00a0ir\u00e3o \u00e0s urnas neste domingo (30) para decidir quem ir\u00e1 governar o pa\u00eds pelos pr\u00f3ximos anos. Ser\u00e3o\u00a0eleitos\u00a0presidente e vice-presidente da Rep\u00fablica; 45 senadores titulares e 30 suplentes; 80 deputados titulares e 80 suplentes; 17 governadores; e 257 membros titulares e 257 suplentes para Juntas Departamentais (assembleias legislativas estaduais). As regras da pol\u00edtica paraguaia preveem n\u00e3o haver segundo turno, nem possibilidade de reelei\u00e7\u00e3o. O candidato eleito ganha um mandato \u00fanico de cinco anos. Ao todo, mais de 4,7 milh\u00f5es de pessoas est\u00e3o aptas a votar. Ser\u00e3o 1.157 locais de vota\u00e7\u00e3o, com 15.380 urnas.. S\u00e3o 13 chapas na disputa pela presid\u00eancia do pa\u00eds\u00a0sul-americano. Mas, embora haja grande variedade de candidatos, duas duplas despontam como as \u201cprincipais\u201d. De um lado est\u00e3o Santiago \u201cSanti\u201d Pe\u00f1a e Pedro Alliana, candidatos conservadores pelo Partido Colorado \u2014 que est\u00e1 no poder. Do outro, Efra\u00edn Alegre e Sole N\u00fa\u00f1ez, que lideram o bloco de oposi\u00e7\u00e3o e coaliz\u00e3o de centro-esquerda Concerta\u00e7\u00e3o Nacional por um Novo Paraguai. Uma pesquisa AtlasIntel divulgada na ter\u00e7a-feira (25) mostrou que eles t\u00eam vantagem\u00a0em rela\u00e7\u00e3o \u00e0s outras chapas, mas enfrentam disputa acirrada pela lideran\u00e7a, com empate t\u00e9cnico. Alegre liderava com 34,3% das inten\u00e7\u00f5es de voto. Em seguida, com 32,8% das inten\u00e7\u00f5es de voto, estava Pe\u00f1a. A margem de erro era de 2 pontos percentuais. Entretanto, o terceiro colocado, Paraguayo \u201cPayo\u201d Cubas, um candidato pol\u00eamico, que j\u00e1 teve mandato como senador cassado ap\u00f3s pedir a morte de \u201c100 mil brasileiros bandidos\u201d, deu um salto de 8 pontos percentuais\u00a0em rela\u00e7\u00e3o ao \u00faltimo levantamento, do in\u00edcio do m\u00eas. Nessa pesquisa divulgada pela AtlasIntel anteriormente e repercutida pela CNN, a maioria dos paraguaios (54,7%) afirmou que prefere que o pr\u00f3ximo presidente do pa\u00eds seja algu\u00e9m da oposi\u00e7\u00e3o ou do partido Concerta\u00e7\u00e3o. Enquanto isso, 35,8% prefere que o Partido Colorado continue no poder. N\u00e3o souberam responder 9,5%. Ainda assim, Alegre e Pe\u00f1a estavam empatados tecnicamente, com aproximadamente 38% e 36% dos votos, respectivamente. Quando os respondentes foram questionados sobre os principais problemas no pa\u00eds, a corrup\u00e7\u00e3o foi o tema mais apontado, por 68%. Em seguida, est\u00e1 o acesso a servi\u00e7os de sa\u00fade e medicamentos gratuitos, com 52%; e a inseguran\u00e7a, com 41%. Quanto \u00e0s principais caracter\u00edsticas que o pr\u00f3ximo presidente do Paraguai deve ter, foram destacadas pelos entrevistados honestidade, patriotismo e intelig\u00eancia. Quem s\u00e3o os favoritos para vencer a corrida presidencial? Pr\u00e9-candidato presidencial pelo Partido Colorado, Santiago Pe\u00f1a, discursa em Assun\u00e7\u00e3o, Paraguai \/ 18\/12\/2022 REUTERS\/Cesar Olmedo Santiago Pe\u00f1a\u00a0\u00e9 economista e foi ministro da Fazenda no governo de Horacio Cartes. Apresenta-se como o candidato para promover o desenvolvimento integral do pa\u00eds. \u201cEmprego, investimento em capital humano, sa\u00fade, educa\u00e7\u00e3o. Os pr\u00f3ximos anos podem ser os melhores para o Paraguai. Mas temos que colocar em pr\u00e1tica todo o nosso conhecimento, experi\u00eancia e determina\u00e7\u00e3o\u201d, disse Pe\u00f1a \u00e0\u00a0CNN. Em janeiro, os Estados Unidos sancionaram Horacio Cartes e o atual vice-presidente do pa\u00eds por supostos atos de corrup\u00e7\u00e3o \u201cque minam as institui\u00e7\u00f5es democr\u00e1ticas\u201d, pontuou o Departamento do Tesouro na \u00e9poca. Esta \u00e9 uma declara\u00e7\u00e3o que o l\u00edder do Partido Colorado rejeitou. L\u00edder da oposi\u00e7\u00e3o e candidato \u00e0 Presid\u00eancia do Paraguai, Efra\u00edn Alegre \/ 17\/04\/2023 REUTERS\/Cesar Olmedo Efra\u00edn Alegre, por sua vez, \u00e9 advogado e foi ministro de Obras P\u00fablicas durante o governo de Fernando Lugo at\u00e9 2011. Sua proposta de administra\u00e7\u00e3o se concentra na luta contra a corrup\u00e7\u00e3o para alcan\u00e7ar o bem-estar. \u201cD\u00ea uma chance \u00e0 Concerta\u00e7\u00e3o e vamos mostrar que realmente podemos ver o outro Paraguai, o do trabalho, o do esfor\u00e7o, um Paraguai solid\u00e1rio que tem uma resposta ao grande necessidades do povo\u201d, afirmou Alegre \u00e0\u00a0CNN. Rela\u00e7\u00e3o com China e Taiwan Um dos pontos de aten\u00e7\u00e3o da comunidade internacional\u00a0nessas elei\u00e7\u00f5es \u2014 principalmente dos Estados Unidos \u2014 \u00e9 como ficar\u00e1 a rela\u00e7\u00e3o entre Paraguai, Taiwan e China. Santiago Pe\u00f1a promete estender rela\u00e7\u00f5es diplom\u00e1ticas de d\u00e9cadas com Taiwan, mas Efra\u00edn Alegre \u00e9 a favor de mudar os la\u00e7os rumo \u00e0 China para impulsionar a economia agr\u00edcola do pa\u00eds. A press\u00e3o interna para mudar essa pol\u00edtica e abrir os mercados do pa\u00eds asi\u00e1tico para que a soja e a carne bovina do Paraguai, seus principais produtos de exporta\u00e7\u00e3o, sejam comprados, cresce especialmente a partir do poderoso lobby agr\u00edcola. Entretanto, se o Paraguai reconhecer a China, isso ser\u00e1 um golpe para Taiwan, que enfrenta uma batalha dif\u00edcil para manter seus 13 aliados restantes em todo o mundo. Isso tamb\u00e9m seria um novo sinal da crescente influ\u00eancia chinesa em uma \u00e1rea que Washington considera \u201cseu quintal\u201d. Itaipu Binacional No dia 17 de abril, o Conselho de\u00a0Itaipu Binacional, a usina hidrel\u00e9trica que fica na fronteira de Brasil e Paraguai, fornecendo energia para ambos os pa\u00edses,\u00a0aprovou a redu\u00e7\u00e3o da tarifa de energia da usina em aproximadamente 20%. Com a decis\u00e3o, a tarifa oficial foi reduzida de US$ 20,80 para US$ 16,71 por kilowatt\/hora mensal para o restante do ano de 2023. De acordo com Enio Verri, diretor-geral brasileiro da Itaipu Binacional, a mudan\u00e7a deve gerar uma queda de 1% em m\u00e9dia na conta de luz \u2013 j\u00e1 que a usina produz cerca de 8,6% da energia consumida no Brasil. Uma tarifa ainda menor, de US$ 12,67, vinha sendo praticada provisoriamente no Brasil desde janeiro deste ano, por decis\u00e3o do governo Jair Bolsonaro, mas sem aval do Paraguai \u2013 o que causou preju\u00edzo de US$ 150 milh\u00f5es \u00e0 usina, segundo Verri. O diretor tamb\u00e9m pontuou que o acordo teve resist\u00eancia dos paraguaios, pois eles defendiam uma tarifa acima dos US$ 20. O Conselho da usina possui 12 integrantes, sendo seis brasileiros e seis paraguaios. Ao assumir como diretor-presidente brasileiro da hidrel\u00e9trica, Enio Verri\u00a0destacou \u00e0\u00a0CNN\u00a0a import\u00e2ncia da renegocia\u00e7\u00e3o do Tratado de Itaipu, que estabelece a parceria entre os dois pa\u00edses para a gera\u00e7\u00e3o e comercializa\u00e7\u00e3o de energia. Ele pretende iniciar as negocia\u00e7\u00f5es assim que as elei\u00e7\u00f5es paraguaias forem definidas. Atualmente, cada pa\u00eds tem direito a 50% da energia gerada pela hidrel\u00e9trica, localizada na fronteira entre os pa\u00edses, no Rio Paran\u00e1. Como o Paraguai n\u00e3o utiliza toda a parte a que tem direito, o pa\u00eds vende o excedente para o Brasil. O Tratado de Itaipu completou 50 anos no dia 26 de\" \/>\n<meta property=\"og:url\" content=\"https:\/\/noticiasemdestaque.com\/cd\/?p=47982\" \/>\n<meta property=\"og:site_name\" content=\"Not&iacute;cias em Destaque\" \/>\n<meta property=\"article:published_time\" content=\"2023-04-30T13:11:36+00:00\" \/>\n<meta property=\"og:image\" content=\"https:\/\/noticiasemdestaque.com\/cd\/wp-content\/uploads\/2023\/04\/FAuncVPX0AAO6RB3-e1641318675958.webp\" \/>\n\t<meta property=\"og:image:width\" content=\"876\" \/>\n\t<meta property=\"og:image:height\" content=\"484\" \/>\n\t<meta property=\"og:image:type\" content=\"image\/webp\" \/>\n<meta name=\"author\" content=\"Not\u00edcias em Destaque\" \/>\n<meta name=\"twitter:card\" content=\"summary_large_image\" \/>\n<meta name=\"twitter:label1\" content=\"Escrito por\" \/>\n\t<meta name=\"twitter:data1\" content=\"Not\u00edcias em Destaque\" \/>\n\t<meta name=\"twitter:label2\" content=\"Est. tempo de leitura\" \/>\n\t<meta name=\"twitter:data2\" content=\"7 minutos\" \/>\n<script type=\"application\/ld+json\" class=\"yoast-schema-graph\">{\"@context\":\"https:\/\/schema.org\",\"@graph\":[{\"@type\":\"Article\",\"@id\":\"https:\/\/noticiasemdestaque.com\/cd\/?p=47982#article\",\"isPartOf\":{\"@id\":\"https:\/\/noticiasemdestaque.com\/cd\/?p=47982\"},\"author\":{\"name\":\"Not\u00edcias em Destaque\",\"@id\":\"https:\/\/noticiasemdestaque.com\/cd\/#\/schema\/person\/4a81fb71f77579d059c3045891fa1786\"},\"headline\":\"Paraguaios v\u00e3o \u00e0s urnas neste domingo para eleger presidente, governadores e parlamentares\",\"datePublished\":\"2023-04-30T13:11:36+00:00\",\"mainEntityOfPage\":{\"@id\":\"https:\/\/noticiasemdestaque.com\/cd\/?p=47982\"},\"wordCount\":1125,\"publisher\":{\"@id\":\"https:\/\/noticiasemdestaque.com\/cd\/#organization\"},\"image\":{\"@id\":\"https:\/\/noticiasemdestaque.com\/cd\/?p=47982#primaryimage\"},\"thumbnailUrl\":\"https:\/\/noticiasemdestaque.com\/cd\/wp-content\/uploads\/2023\/04\/FAuncVPX0AAO6RB3-e1641318675958.webp\",\"articleSection\":[\"Pol\u00edtica\"],\"inLanguage\":\"pt-BR\"},{\"@type\":\"WebPage\",\"@id\":\"https:\/\/noticiasemdestaque.com\/cd\/?p=47982\",\"url\":\"https:\/\/noticiasemdestaque.com\/cd\/?p=47982\",\"name\":\"Paraguaios v\u00e3o \u00e0s urnas neste domingo para eleger presidente, governadores e parlamentares - Not&iacute;cias em Destaque\",\"isPartOf\":{\"@id\":\"https:\/\/noticiasemdestaque.com\/cd\/#website\"},\"primaryImageOfPage\":{\"@id\":\"https:\/\/noticiasemdestaque.com\/cd\/?p=47982#primaryimage\"},\"image\":{\"@id\":\"https:\/\/noticiasemdestaque.com\/cd\/?p=47982#primaryimage\"},\"thumbnailUrl\":\"https:\/\/noticiasemdestaque.com\/cd\/wp-content\/uploads\/2023\/04\/FAuncVPX0AAO6RB3-e1641318675958.webp\",\"datePublished\":\"2023-04-30T13:11:36+00:00\",\"breadcrumb\":{\"@id\":\"https:\/\/noticiasemdestaque.com\/cd\/?p=47982#breadcrumb\"},\"inLanguage\":\"pt-BR\",\"potentialAction\":[{\"@type\":\"ReadAction\",\"target\":[\"https:\/\/noticiasemdestaque.com\/cd\/?p=47982\"]}]},{\"@type\":\"ImageObject\",\"inLanguage\":\"pt-BR\",\"@id\":\"https:\/\/noticiasemdestaque.com\/cd\/?p=47982#primaryimage\",\"url\":\"https:\/\/noticiasemdestaque.com\/cd\/wp-content\/uploads\/2023\/04\/FAuncVPX0AAO6RB3-e1641318675958.webp\",\"contentUrl\":\"https:\/\/noticiasemdestaque.com\/cd\/wp-content\/uploads\/2023\/04\/FAuncVPX0AAO6RB3-e1641318675958.webp\",\"width\":876,\"height\":484},{\"@type\":\"BreadcrumbList\",\"@id\":\"https:\/\/noticiasemdestaque.com\/cd\/?p=47982#breadcrumb\",\"itemListElement\":[{\"@type\":\"ListItem\",\"position\":1,\"name\":\"In\u00edcio\",\"item\":\"https:\/\/noticiasemdestaque.com\/cd\/\"},{\"@type\":\"ListItem\",\"position\":2,\"name\":\"Paraguaios v\u00e3o \u00e0s urnas neste domingo para eleger presidente, governadores e parlamentares\"}]},{\"@type\":\"WebSite\",\"@id\":\"https:\/\/noticiasemdestaque.com\/cd\/#website\",\"url\":\"https:\/\/noticiasemdestaque.com\/cd\/\",\"name\":\"Not&iacute;cias em Destaque\",\"description\":\"\",\"publisher\":{\"@id\":\"https:\/\/noticiasemdestaque.com\/cd\/#organization\"},\"potentialAction\":[{\"@type\":\"SearchAction\",\"target\":{\"@type\":\"EntryPoint\",\"urlTemplate\":\"https:\/\/noticiasemdestaque.com\/cd\/?s={search_term_string}\"},\"query-input\":{\"@type\":\"PropertyValueSpecification\",\"valueRequired\":true,\"valueName\":\"search_term_string\"}}],\"inLanguage\":\"pt-BR\"},{\"@type\":\"Organization\",\"@id\":\"https:\/\/noticiasemdestaque.com\/cd\/#organization\",\"name\":\"Not\u00edcias em Destaque\",\"url\":\"https:\/\/noticiasemdestaque.com\/cd\/\",\"logo\":{\"@type\":\"ImageObject\",\"inLanguage\":\"pt-BR\",\"@id\":\"https:\/\/noticiasemdestaque.com\/cd\/#\/schema\/logo\/image\/\",\"url\":\"https:\/\/noticiasemdestaque.com\/cd\/wp-content\/uploads\/2022\/05\/imagem-base-noticiasemdestaque.png\",\"contentUrl\":\"https:\/\/noticiasemdestaque.com\/cd\/wp-content\/uploads\/2022\/05\/imagem-base-noticiasemdestaque.png\",\"width\":1200,\"height\":630,\"caption\":\"Not\u00edcias em Destaque\"},\"image\":{\"@id\":\"https:\/\/noticiasemdestaque.com\/cd\/#\/schema\/logo\/image\/\"}},{\"@type\":\"Person\",\"@id\":\"https:\/\/noticiasemdestaque.com\/cd\/#\/schema\/person\/4a81fb71f77579d059c3045891fa1786\",\"name\":\"Not\u00edcias em Destaque\",\"url\":\"https:\/\/noticiasemdestaque.com\/cd\/?author=2\"}]}<\/script>\n<!-- \/ Yoast SEO plugin. -->","yoast_head_json":{"title":"Paraguaios v\u00e3o \u00e0s urnas neste domingo para eleger presidente, governadores e parlamentares - Not&iacute;cias em Destaque","robots":{"index":"index","follow":"follow","max-snippet":"max-snippet:-1","max-image-preview":"max-image-preview:large","max-video-preview":"max-video-preview:-1"},"canonical":"https:\/\/noticiasemdestaque.com\/cd\/?p=47982","og_locale":"pt_BR","og_type":"article","og_title":"Paraguaios v\u00e3o \u00e0s urnas neste domingo para eleger presidente, governadores e parlamentares - Not&iacute;cias em Destaque","og_description":"Os paraguaios\u00a0ir\u00e3o \u00e0s urnas neste domingo (30) para decidir quem ir\u00e1 governar o pa\u00eds pelos pr\u00f3ximos anos. Ser\u00e3o\u00a0eleitos\u00a0presidente e vice-presidente da Rep\u00fablica; 45 senadores titulares e 30 suplentes; 80 deputados titulares e 80 suplentes; 17 governadores; e 257 membros titulares e 257 suplentes para Juntas Departamentais (assembleias legislativas estaduais). As regras da pol\u00edtica paraguaia preveem n\u00e3o haver segundo turno, nem possibilidade de reelei\u00e7\u00e3o. O candidato eleito ganha um mandato \u00fanico de cinco anos. Ao todo, mais de 4,7 milh\u00f5es de pessoas est\u00e3o aptas a votar. Ser\u00e3o 1.157 locais de vota\u00e7\u00e3o, com 15.380 urnas.. S\u00e3o 13 chapas na disputa pela presid\u00eancia do pa\u00eds\u00a0sul-americano. Mas, embora haja grande variedade de candidatos, duas duplas despontam como as \u201cprincipais\u201d. De um lado est\u00e3o Santiago \u201cSanti\u201d Pe\u00f1a e Pedro Alliana, candidatos conservadores pelo Partido Colorado \u2014 que est\u00e1 no poder. Do outro, Efra\u00edn Alegre e Sole N\u00fa\u00f1ez, que lideram o bloco de oposi\u00e7\u00e3o e coaliz\u00e3o de centro-esquerda Concerta\u00e7\u00e3o Nacional por um Novo Paraguai. Uma pesquisa AtlasIntel divulgada na ter\u00e7a-feira (25) mostrou que eles t\u00eam vantagem\u00a0em rela\u00e7\u00e3o \u00e0s outras chapas, mas enfrentam disputa acirrada pela lideran\u00e7a, com empate t\u00e9cnico. Alegre liderava com 34,3% das inten\u00e7\u00f5es de voto. Em seguida, com 32,8% das inten\u00e7\u00f5es de voto, estava Pe\u00f1a. A margem de erro era de 2 pontos percentuais. Entretanto, o terceiro colocado, Paraguayo \u201cPayo\u201d Cubas, um candidato pol\u00eamico, que j\u00e1 teve mandato como senador cassado ap\u00f3s pedir a morte de \u201c100 mil brasileiros bandidos\u201d, deu um salto de 8 pontos percentuais\u00a0em rela\u00e7\u00e3o ao \u00faltimo levantamento, do in\u00edcio do m\u00eas. Nessa pesquisa divulgada pela AtlasIntel anteriormente e repercutida pela CNN, a maioria dos paraguaios (54,7%) afirmou que prefere que o pr\u00f3ximo presidente do pa\u00eds seja algu\u00e9m da oposi\u00e7\u00e3o ou do partido Concerta\u00e7\u00e3o. Enquanto isso, 35,8% prefere que o Partido Colorado continue no poder. N\u00e3o souberam responder 9,5%. Ainda assim, Alegre e Pe\u00f1a estavam empatados tecnicamente, com aproximadamente 38% e 36% dos votos, respectivamente. Quando os respondentes foram questionados sobre os principais problemas no pa\u00eds, a corrup\u00e7\u00e3o foi o tema mais apontado, por 68%. Em seguida, est\u00e1 o acesso a servi\u00e7os de sa\u00fade e medicamentos gratuitos, com 52%; e a inseguran\u00e7a, com 41%. Quanto \u00e0s principais caracter\u00edsticas que o pr\u00f3ximo presidente do Paraguai deve ter, foram destacadas pelos entrevistados honestidade, patriotismo e intelig\u00eancia. Quem s\u00e3o os favoritos para vencer a corrida presidencial? Pr\u00e9-candidato presidencial pelo Partido Colorado, Santiago Pe\u00f1a, discursa em Assun\u00e7\u00e3o, Paraguai \/ 18\/12\/2022 REUTERS\/Cesar Olmedo Santiago Pe\u00f1a\u00a0\u00e9 economista e foi ministro da Fazenda no governo de Horacio Cartes. Apresenta-se como o candidato para promover o desenvolvimento integral do pa\u00eds. \u201cEmprego, investimento em capital humano, sa\u00fade, educa\u00e7\u00e3o. Os pr\u00f3ximos anos podem ser os melhores para o Paraguai. Mas temos que colocar em pr\u00e1tica todo o nosso conhecimento, experi\u00eancia e determina\u00e7\u00e3o\u201d, disse Pe\u00f1a \u00e0\u00a0CNN. Em janeiro, os Estados Unidos sancionaram Horacio Cartes e o atual vice-presidente do pa\u00eds por supostos atos de corrup\u00e7\u00e3o \u201cque minam as institui\u00e7\u00f5es democr\u00e1ticas\u201d, pontuou o Departamento do Tesouro na \u00e9poca. Esta \u00e9 uma declara\u00e7\u00e3o que o l\u00edder do Partido Colorado rejeitou. L\u00edder da oposi\u00e7\u00e3o e candidato \u00e0 Presid\u00eancia do Paraguai, Efra\u00edn Alegre \/ 17\/04\/2023 REUTERS\/Cesar Olmedo Efra\u00edn Alegre, por sua vez, \u00e9 advogado e foi ministro de Obras P\u00fablicas durante o governo de Fernando Lugo at\u00e9 2011. Sua proposta de administra\u00e7\u00e3o se concentra na luta contra a corrup\u00e7\u00e3o para alcan\u00e7ar o bem-estar. \u201cD\u00ea uma chance \u00e0 Concerta\u00e7\u00e3o e vamos mostrar que realmente podemos ver o outro Paraguai, o do trabalho, o do esfor\u00e7o, um Paraguai solid\u00e1rio que tem uma resposta ao grande necessidades do povo\u201d, afirmou Alegre \u00e0\u00a0CNN. Rela\u00e7\u00e3o com China e Taiwan Um dos pontos de aten\u00e7\u00e3o da comunidade internacional\u00a0nessas elei\u00e7\u00f5es \u2014 principalmente dos Estados Unidos \u2014 \u00e9 como ficar\u00e1 a rela\u00e7\u00e3o entre Paraguai, Taiwan e China. Santiago Pe\u00f1a promete estender rela\u00e7\u00f5es diplom\u00e1ticas de d\u00e9cadas com Taiwan, mas Efra\u00edn Alegre \u00e9 a favor de mudar os la\u00e7os rumo \u00e0 China para impulsionar a economia agr\u00edcola do pa\u00eds. A press\u00e3o interna para mudar essa pol\u00edtica e abrir os mercados do pa\u00eds asi\u00e1tico para que a soja e a carne bovina do Paraguai, seus principais produtos de exporta\u00e7\u00e3o, sejam comprados, cresce especialmente a partir do poderoso lobby agr\u00edcola. Entretanto, se o Paraguai reconhecer a China, isso ser\u00e1 um golpe para Taiwan, que enfrenta uma batalha dif\u00edcil para manter seus 13 aliados restantes em todo o mundo. Isso tamb\u00e9m seria um novo sinal da crescente influ\u00eancia chinesa em uma \u00e1rea que Washington considera \u201cseu quintal\u201d. Itaipu Binacional No dia 17 de abril, o Conselho de\u00a0Itaipu Binacional, a usina hidrel\u00e9trica que fica na fronteira de Brasil e Paraguai, fornecendo energia para ambos os pa\u00edses,\u00a0aprovou a redu\u00e7\u00e3o da tarifa de energia da usina em aproximadamente 20%. Com a decis\u00e3o, a tarifa oficial foi reduzida de US$ 20,80 para US$ 16,71 por kilowatt\/hora mensal para o restante do ano de 2023. De acordo com Enio Verri, diretor-geral brasileiro da Itaipu Binacional, a mudan\u00e7a deve gerar uma queda de 1% em m\u00e9dia na conta de luz \u2013 j\u00e1 que a usina produz cerca de 8,6% da energia consumida no Brasil. Uma tarifa ainda menor, de US$ 12,67, vinha sendo praticada provisoriamente no Brasil desde janeiro deste ano, por decis\u00e3o do governo Jair Bolsonaro, mas sem aval do Paraguai \u2013 o que causou preju\u00edzo de US$ 150 milh\u00f5es \u00e0 usina, segundo Verri. O diretor tamb\u00e9m pontuou que o acordo teve resist\u00eancia dos paraguaios, pois eles defendiam uma tarifa acima dos US$ 20. O Conselho da usina possui 12 integrantes, sendo seis brasileiros e seis paraguaios. Ao assumir como diretor-presidente brasileiro da hidrel\u00e9trica, Enio Verri\u00a0destacou \u00e0\u00a0CNN\u00a0a import\u00e2ncia da renegocia\u00e7\u00e3o do Tratado de Itaipu, que estabelece a parceria entre os dois pa\u00edses para a gera\u00e7\u00e3o e comercializa\u00e7\u00e3o de energia. Ele pretende iniciar as negocia\u00e7\u00f5es assim que as elei\u00e7\u00f5es paraguaias forem definidas. Atualmente, cada pa\u00eds tem direito a 50% da energia gerada pela hidrel\u00e9trica, localizada na fronteira entre os pa\u00edses, no Rio Paran\u00e1. Como o Paraguai n\u00e3o utiliza toda a parte a que tem direito, o pa\u00eds vende o excedente para o Brasil. O Tratado de Itaipu completou 50 anos no dia 26 de","og_url":"https:\/\/noticiasemdestaque.com\/cd\/?p=47982","og_site_name":"Not&iacute;cias em Destaque","article_published_time":"2023-04-30T13:11:36+00:00","og_image":[{"width":876,"height":484,"url":"https:\/\/noticiasemdestaque.com\/cd\/wp-content\/uploads\/2023\/04\/FAuncVPX0AAO6RB3-e1641318675958.webp","type":"image\/webp"}],"author":"Not\u00edcias em Destaque","twitter_card":"summary_large_image","twitter_misc":{"Escrito por":"Not\u00edcias em Destaque","Est. tempo de leitura":"7 minutos"},"schema":{"@context":"https:\/\/schema.org","@graph":[{"@type":"Article","@id":"https:\/\/noticiasemdestaque.com\/cd\/?p=47982#article","isPartOf":{"@id":"https:\/\/noticiasemdestaque.com\/cd\/?p=47982"},"author":{"name":"Not\u00edcias em Destaque","@id":"https:\/\/noticiasemdestaque.com\/cd\/#\/schema\/person\/4a81fb71f77579d059c3045891fa1786"},"headline":"Paraguaios v\u00e3o \u00e0s urnas neste domingo para eleger presidente, governadores e parlamentares","datePublished":"2023-04-30T13:11:36+00:00","mainEntityOfPage":{"@id":"https:\/\/noticiasemdestaque.com\/cd\/?p=47982"},"wordCount":1125,"publisher":{"@id":"https:\/\/noticiasemdestaque.com\/cd\/#organization"},"image":{"@id":"https:\/\/noticiasemdestaque.com\/cd\/?p=47982#primaryimage"},"thumbnailUrl":"https:\/\/noticiasemdestaque.com\/cd\/wp-content\/uploads\/2023\/04\/FAuncVPX0AAO6RB3-e1641318675958.webp","articleSection":["Pol\u00edtica"],"inLanguage":"pt-BR"},{"@type":"WebPage","@id":"https:\/\/noticiasemdestaque.com\/cd\/?p=47982","url":"https:\/\/noticiasemdestaque.com\/cd\/?p=47982","name":"Paraguaios v\u00e3o \u00e0s urnas neste domingo para eleger presidente, governadores e parlamentares - Not&iacute;cias em Destaque","isPartOf":{"@id":"https:\/\/noticiasemdestaque.com\/cd\/#website"},"primaryImageOfPage":{"@id":"https:\/\/noticiasemdestaque.com\/cd\/?p=47982#primaryimage"},"image":{"@id":"https:\/\/noticiasemdestaque.com\/cd\/?p=47982#primaryimage"},"thumbnailUrl":"https:\/\/noticiasemdestaque.com\/cd\/wp-content\/uploads\/2023\/04\/FAuncVPX0AAO6RB3-e1641318675958.webp","datePublished":"2023-04-30T13:11:36+00:00","breadcrumb":{"@id":"https:\/\/noticiasemdestaque.com\/cd\/?p=47982#breadcrumb"},"inLanguage":"pt-BR","potentialAction":[{"@type":"ReadAction","target":["https:\/\/noticiasemdestaque.com\/cd\/?p=47982"]}]},{"@type":"ImageObject","inLanguage":"pt-BR","@id":"https:\/\/noticiasemdestaque.com\/cd\/?p=47982#primaryimage","url":"https:\/\/noticiasemdestaque.com\/cd\/wp-content\/uploads\/2023\/04\/FAuncVPX0AAO6RB3-e1641318675958.webp","contentUrl":"https:\/\/noticiasemdestaque.com\/cd\/wp-content\/uploads\/2023\/04\/FAuncVPX0AAO6RB3-e1641318675958.webp","width":876,"height":484},{"@type":"BreadcrumbList","@id":"https:\/\/noticiasemdestaque.com\/cd\/?p=47982#breadcrumb","itemListElement":[{"@type":"ListItem","position":1,"name":"In\u00edcio","item":"https:\/\/noticiasemdestaque.com\/cd\/"},{"@type":"ListItem","position":2,"name":"Paraguaios v\u00e3o \u00e0s urnas neste domingo para eleger presidente, governadores e parlamentares"}]},{"@type":"WebSite","@id":"https:\/\/noticiasemdestaque.com\/cd\/#website","url":"https:\/\/noticiasemdestaque.com\/cd\/","name":"Not&iacute;cias em Destaque","description":"","publisher":{"@id":"https:\/\/noticiasemdestaque.com\/cd\/#organization"},"potentialAction":[{"@type":"SearchAction","target":{"@type":"EntryPoint","urlTemplate":"https:\/\/noticiasemdestaque.com\/cd\/?s={search_term_string}"},"query-input":{"@type":"PropertyValueSpecification","valueRequired":true,"valueName":"search_term_string"}}],"inLanguage":"pt-BR"},{"@type":"Organization","@id":"https:\/\/noticiasemdestaque.com\/cd\/#organization","name":"Not\u00edcias em Destaque","url":"https:\/\/noticiasemdestaque.com\/cd\/","logo":{"@type":"ImageObject","inLanguage":"pt-BR","@id":"https:\/\/noticiasemdestaque.com\/cd\/#\/schema\/logo\/image\/","url":"https:\/\/noticiasemdestaque.com\/cd\/wp-content\/uploads\/2022\/05\/imagem-base-noticiasemdestaque.png","contentUrl":"https:\/\/noticiasemdestaque.com\/cd\/wp-content\/uploads\/2022\/05\/imagem-base-noticiasemdestaque.png","width":1200,"height":630,"caption":"Not\u00edcias em Destaque"},"image":{"@id":"https:\/\/noticiasemdestaque.com\/cd\/#\/schema\/logo\/image\/"}},{"@type":"Person","@id":"https:\/\/noticiasemdestaque.com\/cd\/#\/schema\/person\/4a81fb71f77579d059c3045891fa1786","name":"Not\u00edcias em Destaque","url":"https:\/\/noticiasemdestaque.com\/cd\/?author=2"}]}},"jetpack_featured_media_url":"https:\/\/noticiasemdestaque.com\/cd\/wp-content\/uploads\/2023\/04\/FAuncVPX0AAO6RB3-e1641318675958.webp","jetpack_sharing_enabled":true,"_links":{"self":[{"href":"https:\/\/noticiasemdestaque.com\/cd\/index.php?rest_route=\/wp\/v2\/posts\/47982","targetHints":{"allow":["GET"]}}],"collection":[{"href":"https:\/\/noticiasemdestaque.com\/cd\/index.php?rest_route=\/wp\/v2\/posts"}],"about":[{"href":"https:\/\/noticiasemdestaque.com\/cd\/index.php?rest_route=\/wp\/v2\/types\/post"}],"author":[{"embeddable":true,"href":"https:\/\/noticiasemdestaque.com\/cd\/index.php?rest_route=\/wp\/v2\/users\/2"}],"replies":[{"embeddable":true,"href":"https:\/\/noticiasemdestaque.com\/cd\/index.php?rest_route=%2Fwp%2Fv2%2Fcomments&post=47982"}],"version-history":[{"count":1,"href":"https:\/\/noticiasemdestaque.com\/cd\/index.php?rest_route=\/wp\/v2\/posts\/47982\/revisions"}],"predecessor-version":[{"id":47985,"href":"https:\/\/noticiasemdestaque.com\/cd\/index.php?rest_route=\/wp\/v2\/posts\/47982\/revisions\/47985"}],"wp:featuredmedia":[{"embeddable":true,"href":"https:\/\/noticiasemdestaque.com\/cd\/index.php?rest_route=\/wp\/v2\/media\/47984"}],"wp:attachment":[{"href":"https:\/\/noticiasemdestaque.com\/cd\/index.php?rest_route=%2Fwp%2Fv2%2Fmedia&parent=47982"}],"wp:term":[{"taxonomy":"category","embeddable":true,"href":"https:\/\/noticiasemdestaque.com\/cd\/index.php?rest_route=%2Fwp%2Fv2%2Fcategories&post=47982"},{"taxonomy":"post_tag","embeddable":true,"href":"https:\/\/noticiasemdestaque.com\/cd\/index.php?rest_route=%2Fwp%2Fv2%2Ftags&post=47982"}],"curies":[{"name":"wp","href":"https:\/\/api.w.org\/{rel}","templated":true}]}}