{"id":4787,"date":"2017-09-30T18:19:44","date_gmt":"2017-09-30T21:19:44","guid":{"rendered":"http:\/\/caririemdestaque.com\/cd\/?p=4787"},"modified":"2017-09-30T18:19:44","modified_gmt":"2017-09-30T21:19:44","slug":"uepb-promove-4o-encontro-nordestino-de-arborizacao-urbana-com-debate-sobre-biomas-e-ecossistemas","status":"publish","type":"post","link":"https:\/\/noticiasemdestaque.com\/cd\/?p=4787","title":{"rendered":"UEPB promove 4\u00ba Encontro Nordestino de Arboriza\u00e7\u00e3o Urbana com debate sobre biomas e ecossistemas"},"content":{"rendered":"<p><a href=\"http:\/\/caririemdestaque.com\/cd\/wp-content\/uploads\/2017\/09\/ENAU.jpeg\"><img fetchpriority=\"high\" decoding=\"async\" class=\"wp-image-4788 size-medium alignleft\" src=\"http:\/\/caririemdestaque.com\/cd\/wp-content\/uploads\/2017\/09\/ENAU-212x300.jpeg\" alt=\"\" width=\"212\" height=\"300\" srcset=\"https:\/\/noticiasemdestaque.com\/cd\/wp-content\/uploads\/2017\/09\/ENAU-212x300.jpeg 212w, https:\/\/noticiasemdestaque.com\/cd\/wp-content\/uploads\/2017\/09\/ENAU-768x1086.jpeg 768w, https:\/\/noticiasemdestaque.com\/cd\/wp-content\/uploads\/2017\/09\/ENAU-724x1024.jpeg 724w, https:\/\/noticiasemdestaque.com\/cd\/wp-content\/uploads\/2017\/09\/ENAU.jpeg 905w\" sizes=\"(max-width: 212px) 100vw, 212px\" \/><\/a>A quarta edi\u00e7\u00e3o do Encontro Nordestino de Arboriza\u00e7\u00e3o Urbana (ENAU), promovido pela Universidade Estadual da Para\u00edba (UEPB) em parceria com a com a Sociedade Brasileira de Arboriza\u00e7\u00e3o (SBAU) e a Prefeitura Municipal de Jo\u00e3o Pessoa (PMJP), discutir\u00e1 entre os dias 15 e 18 de outubro assuntos relacionados ao tema \u201cBiomas e Ecossistemas: fundamentos \u00e0 sustentabilidade do paisagismo e arboriza\u00e7\u00e3o urbana\u201d. As atividades ser\u00e3o realizadas na Faculdade Maur\u00edcio de Nassau, no Bairro dos Estados, em Jo\u00e3o Pessoa, com participa\u00e7\u00e3o dos principais nomes da arboricultura do Brasil, Argentina e M\u00e9xico.<\/p>\n<p>As inscri\u00e7\u00f5es est\u00e3o abertas e podem ser realizadas at\u00e9 o dia do evento, atrav\u00e9s do endere\u00e7o www.enaujampa.com. Ser\u00e3o realizadas, ao longo dos tr\u00eas dias, atividades como minicursos, palestras, mesas redondas, pain\u00e9is, al\u00e9m de visitas t\u00e9cnicas e um workshop. Segundo Arnaldo Bezerra, coordenador do Programa de Arboriza\u00e7\u00e3o Urbana da UEPB e vice-presidente do 4\u00ba ENAU, o evento tem como objetivo ampliar as discuss\u00f5es e sensibilizar a popula\u00e7\u00e3o para a conserva\u00e7\u00e3o e amplia\u00e7\u00e3o das \u00e1reas verdes urbanas, ampliando o alcance das pol\u00edticas p\u00fablicas voltadas \u00e0s quest\u00f5es de arboriza\u00e7\u00e3o.<\/p>\n<p>\u201cNosso encontro prop\u00f5e, al\u00e9m de discutir todas essas quest\u00f5es, focar na melhora da qualidade de vida das pessoas e tamb\u00e9m das cidades. Precisamos promover a arboriza\u00e7\u00e3o para que a sa\u00fade das pessoas melhore, a sensa\u00e7\u00e3o t\u00e9rmica seja controlada e as cidades tamb\u00e9m ganhem com todas essas a\u00e7\u00f5es. Esse debate \u00e9 importante, porque vamos dimensionar desde o que \u00e9 tratado na legisla\u00e7\u00e3o at\u00e9 as a\u00e7\u00f5es de arboriza\u00e7\u00e3o que s\u00e3o desenvolvidas nos munic\u00edpios brasileiros e de outras grandes cidades do mundo\u201d, destacou Arnaldo.<\/p>\n<p>A abertura do evento ser\u00e1 \u00e0s 8h do dia 15 de outubro, com o workshop de escalada em \u00e1rvores, que ser\u00e1 realizado no Parque Sol\u00f3n de Lucena, no Centro de Jo\u00e3o Pessoa. J\u00e1 a partir do dia 16 come\u00e7am as visitas t\u00e9cnicas nos parques e pra\u00e7as da cidade, al\u00e9m dos minicursos e palestras nas depend\u00eancias da Faculdade Maur\u00edcio de Nassau. Dentro da programa\u00e7\u00e3o ainda constam apresenta\u00e7\u00f5es culturais e a prepara\u00e7\u00e3o de uma carta direcionada \u00e0 cidade de Jo\u00e3o Pessoa.<\/p>\n<p>Para atingir seu objetivo, a organiza\u00e7\u00e3o do 4\u00ba ENAU quer ainda ampliar o debate sobre a educa\u00e7\u00e3o ambiental, criando uma nova consci\u00eancia nas pessoas. \u201cPrecisamos atingir cada vez mais um p\u00fablico maior para que as pessoas passem a entender a necessidade de produzir novos conhecimentos sobre a arboriza\u00e7\u00e3o urbana, o paisagismo das cidades, a sustentabilidade e a melhora na qualidade de vida e ambiental das popula\u00e7\u00f5es e dos munic\u00edpios\u201d, acrescentou Arnaldo Bezerra.<\/p>\n<p>Texto: Givaldo Cavalcanti<\/p>\n","protected":false},"excerpt":{"rendered":"<p>A quarta edi\u00e7\u00e3o do Encontro Nordestino de Arboriza\u00e7\u00e3o Urbana (ENAU), promovido pela Universidade Estadual da Para\u00edba (UEPB) em parceria com a com a Sociedade Brasileira de Arboriza\u00e7\u00e3o (SBAU) e a Prefeitura Municipal de Jo\u00e3o Pessoa (PMJP), discutir\u00e1 entre os dias 15 e 18 de outubro assuntos relacionados ao tema \u201cBiomas e Ecossistemas: fundamentos \u00e0 sustentabilidade do paisagismo e arboriza\u00e7\u00e3o urbana\u201d. As atividades ser\u00e3o realizadas na Faculdade Maur\u00edcio de Nassau, no Bairro dos Estados, em Jo\u00e3o Pessoa, com participa\u00e7\u00e3o dos principais nomes da arboricultura do Brasil, Argentina e M\u00e9xico. As inscri\u00e7\u00f5es est\u00e3o abertas e podem ser realizadas at\u00e9 o dia do evento, atrav\u00e9s do endere\u00e7o www.enaujampa.com. Ser\u00e3o realizadas, ao longo dos tr\u00eas dias, atividades como minicursos, palestras, mesas redondas, pain\u00e9is, al\u00e9m de visitas t\u00e9cnicas e um workshop. Segundo Arnaldo Bezerra, coordenador do Programa de Arboriza\u00e7\u00e3o Urbana da UEPB e vice-presidente do 4\u00ba ENAU, o evento tem como objetivo ampliar as discuss\u00f5es e sensibilizar a popula\u00e7\u00e3o para a conserva\u00e7\u00e3o e amplia\u00e7\u00e3o das \u00e1reas verdes urbanas, ampliando o alcance das pol\u00edticas p\u00fablicas voltadas \u00e0s quest\u00f5es de arboriza\u00e7\u00e3o. \u201cNosso encontro prop\u00f5e, al\u00e9m de discutir todas essas quest\u00f5es, focar na melhora da qualidade de vida das pessoas e tamb\u00e9m das cidades. Precisamos promover a arboriza\u00e7\u00e3o para que a sa\u00fade das pessoas melhore, a sensa\u00e7\u00e3o t\u00e9rmica seja controlada e as cidades tamb\u00e9m ganhem com todas essas a\u00e7\u00f5es. Esse debate \u00e9 importante, porque vamos dimensionar desde o que \u00e9 tratado na legisla\u00e7\u00e3o at\u00e9 as a\u00e7\u00f5es de arboriza\u00e7\u00e3o que s\u00e3o desenvolvidas nos munic\u00edpios brasileiros e de outras grandes cidades do mundo\u201d, destacou Arnaldo. A abertura do evento ser\u00e1 \u00e0s 8h do dia 15 de outubro, com o workshop de escalada em \u00e1rvores, que ser\u00e1 realizado no Parque Sol\u00f3n de Lucena, no Centro de Jo\u00e3o Pessoa. J\u00e1 a partir do dia 16 come\u00e7am as visitas t\u00e9cnicas nos parques e pra\u00e7as da cidade, al\u00e9m dos minicursos e palestras nas depend\u00eancias da Faculdade Maur\u00edcio de Nassau. Dentro da programa\u00e7\u00e3o ainda constam apresenta\u00e7\u00f5es culturais e a prepara\u00e7\u00e3o de uma carta direcionada \u00e0 cidade de Jo\u00e3o Pessoa. Para atingir seu objetivo, a organiza\u00e7\u00e3o do 4\u00ba ENAU quer ainda ampliar o debate sobre a educa\u00e7\u00e3o ambiental, criando uma nova consci\u00eancia nas pessoas. \u201cPrecisamos atingir cada vez mais um p\u00fablico maior para que as pessoas passem a entender a necessidade de produzir novos conhecimentos sobre a arboriza\u00e7\u00e3o urbana, o paisagismo das cidades, a sustentabilidade e a melhora na qualidade de vida e ambiental das popula\u00e7\u00f5es e dos munic\u00edpios\u201d, acrescentou Arnaldo Bezerra. Texto: Givaldo Cavalcanti<\/p>\n","protected":false},"author":2,"featured_media":4788,"comment_status":"closed","ping_status":"open","sticky":false,"template":"","format":"standard","meta":{"_eb_attr":"","_jetpack_memberships_contains_paid_content":false,"footnotes":""},"categories":[6],"tags":[],"class_list":["post-4787","post","type-post","status-publish","format-standard","has-post-thumbnail","hentry","category-educacao"],"yoast_head":"<!-- This site is optimized with the Yoast SEO plugin v26.5 - https:\/\/yoast.com\/wordpress\/plugins\/seo\/ -->\n<title>UEPB promove 4\u00ba Encontro Nordestino de Arboriza\u00e7\u00e3o Urbana com debate sobre biomas e ecossistemas - Not&iacute;cias em Destaque<\/title>\n<meta name=\"robots\" content=\"index, follow, max-snippet:-1, max-image-preview:large, max-video-preview:-1\" \/>\n<link rel=\"canonical\" href=\"https:\/\/noticiasemdestaque.com\/cd\/?p=4787\" \/>\n<meta property=\"og:locale\" content=\"pt_BR\" \/>\n<meta property=\"og:type\" content=\"article\" \/>\n<meta property=\"og:title\" content=\"UEPB promove 4\u00ba Encontro Nordestino de Arboriza\u00e7\u00e3o Urbana com debate sobre biomas e ecossistemas - Not&iacute;cias em Destaque\" \/>\n<meta property=\"og:description\" content=\"A quarta edi\u00e7\u00e3o do Encontro Nordestino de Arboriza\u00e7\u00e3o Urbana (ENAU), promovido pela Universidade Estadual da Para\u00edba (UEPB) em parceria com a com a Sociedade Brasileira de Arboriza\u00e7\u00e3o (SBAU) e a Prefeitura Municipal de Jo\u00e3o Pessoa (PMJP), discutir\u00e1 entre os dias 15 e 18 de outubro assuntos relacionados ao tema \u201cBiomas e Ecossistemas: fundamentos \u00e0 sustentabilidade do paisagismo e arboriza\u00e7\u00e3o urbana\u201d. As atividades ser\u00e3o realizadas na Faculdade Maur\u00edcio de Nassau, no Bairro dos Estados, em Jo\u00e3o Pessoa, com participa\u00e7\u00e3o dos principais nomes da arboricultura do Brasil, Argentina e M\u00e9xico. As inscri\u00e7\u00f5es est\u00e3o abertas e podem ser realizadas at\u00e9 o dia do evento, atrav\u00e9s do endere\u00e7o www.enaujampa.com. Ser\u00e3o realizadas, ao longo dos tr\u00eas dias, atividades como minicursos, palestras, mesas redondas, pain\u00e9is, al\u00e9m de visitas t\u00e9cnicas e um workshop. Segundo Arnaldo Bezerra, coordenador do Programa de Arboriza\u00e7\u00e3o Urbana da UEPB e vice-presidente do 4\u00ba ENAU, o evento tem como objetivo ampliar as discuss\u00f5es e sensibilizar a popula\u00e7\u00e3o para a conserva\u00e7\u00e3o e amplia\u00e7\u00e3o das \u00e1reas verdes urbanas, ampliando o alcance das pol\u00edticas p\u00fablicas voltadas \u00e0s quest\u00f5es de arboriza\u00e7\u00e3o. \u201cNosso encontro prop\u00f5e, al\u00e9m de discutir todas essas quest\u00f5es, focar na melhora da qualidade de vida das pessoas e tamb\u00e9m das cidades. Precisamos promover a arboriza\u00e7\u00e3o para que a sa\u00fade das pessoas melhore, a sensa\u00e7\u00e3o t\u00e9rmica seja controlada e as cidades tamb\u00e9m ganhem com todas essas a\u00e7\u00f5es. Esse debate \u00e9 importante, porque vamos dimensionar desde o que \u00e9 tratado na legisla\u00e7\u00e3o at\u00e9 as a\u00e7\u00f5es de arboriza\u00e7\u00e3o que s\u00e3o desenvolvidas nos munic\u00edpios brasileiros e de outras grandes cidades do mundo\u201d, destacou Arnaldo. A abertura do evento ser\u00e1 \u00e0s 8h do dia 15 de outubro, com o workshop de escalada em \u00e1rvores, que ser\u00e1 realizado no Parque Sol\u00f3n de Lucena, no Centro de Jo\u00e3o Pessoa. J\u00e1 a partir do dia 16 come\u00e7am as visitas t\u00e9cnicas nos parques e pra\u00e7as da cidade, al\u00e9m dos minicursos e palestras nas depend\u00eancias da Faculdade Maur\u00edcio de Nassau. Dentro da programa\u00e7\u00e3o ainda constam apresenta\u00e7\u00f5es culturais e a prepara\u00e7\u00e3o de uma carta direcionada \u00e0 cidade de Jo\u00e3o Pessoa. Para atingir seu objetivo, a organiza\u00e7\u00e3o do 4\u00ba ENAU quer ainda ampliar o debate sobre a educa\u00e7\u00e3o ambiental, criando uma nova consci\u00eancia nas pessoas. \u201cPrecisamos atingir cada vez mais um p\u00fablico maior para que as pessoas passem a entender a necessidade de produzir novos conhecimentos sobre a arboriza\u00e7\u00e3o urbana, o paisagismo das cidades, a sustentabilidade e a melhora na qualidade de vida e ambiental das popula\u00e7\u00f5es e dos munic\u00edpios\u201d, acrescentou Arnaldo Bezerra. Texto: Givaldo Cavalcanti\" \/>\n<meta property=\"og:url\" content=\"https:\/\/noticiasemdestaque.com\/cd\/?p=4787\" \/>\n<meta property=\"og:site_name\" content=\"Not&iacute;cias em Destaque\" \/>\n<meta property=\"article:published_time\" content=\"2017-09-30T21:19:44+00:00\" \/>\n<meta property=\"og:image\" content=\"https:\/\/noticiasemdestaque.com\/cd\/wp-content\/uploads\/2017\/09\/ENAU.jpeg\" \/>\n\t<meta property=\"og:image:width\" content=\"905\" \/>\n\t<meta property=\"og:image:height\" content=\"1280\" \/>\n\t<meta property=\"og:image:type\" content=\"image\/jpeg\" \/>\n<meta name=\"author\" content=\"Not\u00edcias em Destaque\" \/>\n<meta name=\"twitter:card\" content=\"summary_large_image\" \/>\n<meta name=\"twitter:label1\" content=\"Escrito por\" \/>\n\t<meta name=\"twitter:data1\" content=\"Not\u00edcias em Destaque\" \/>\n\t<meta name=\"twitter:label2\" content=\"Est. tempo de leitura\" \/>\n\t<meta name=\"twitter:data2\" content=\"2 minutos\" \/>\n<script type=\"application\/ld+json\" class=\"yoast-schema-graph\">{\"@context\":\"https:\/\/schema.org\",\"@graph\":[{\"@type\":\"Article\",\"@id\":\"https:\/\/noticiasemdestaque.com\/cd\/?p=4787#article\",\"isPartOf\":{\"@id\":\"https:\/\/noticiasemdestaque.com\/cd\/?p=4787\"},\"author\":{\"name\":\"Not\u00edcias em Destaque\",\"@id\":\"https:\/\/noticiasemdestaque.com\/cd\/#\/schema\/person\/21320b03a7e8bb90128938dafc9b908a\"},\"headline\":\"UEPB promove 4\u00ba Encontro Nordestino de Arboriza\u00e7\u00e3o Urbana com debate sobre biomas e ecossistemas\",\"datePublished\":\"2017-09-30T21:19:44+00:00\",\"mainEntityOfPage\":{\"@id\":\"https:\/\/noticiasemdestaque.com\/cd\/?p=4787\"},\"wordCount\":478,\"publisher\":{\"@id\":\"https:\/\/noticiasemdestaque.com\/cd\/#organization\"},\"image\":{\"@id\":\"https:\/\/noticiasemdestaque.com\/cd\/?p=4787#primaryimage\"},\"thumbnailUrl\":\"https:\/\/noticiasemdestaque.com\/cd\/wp-content\/uploads\/2017\/09\/ENAU.jpeg\",\"articleSection\":[\"Educa\u00e7\u00e3o\"],\"inLanguage\":\"pt-BR\"},{\"@type\":\"WebPage\",\"@id\":\"https:\/\/noticiasemdestaque.com\/cd\/?p=4787\",\"url\":\"https:\/\/noticiasemdestaque.com\/cd\/?p=4787\",\"name\":\"UEPB promove 4\u00ba Encontro Nordestino de Arboriza\u00e7\u00e3o Urbana com debate sobre biomas e ecossistemas - Not&iacute;cias em Destaque\",\"isPartOf\":{\"@id\":\"https:\/\/noticiasemdestaque.com\/cd\/#website\"},\"primaryImageOfPage\":{\"@id\":\"https:\/\/noticiasemdestaque.com\/cd\/?p=4787#primaryimage\"},\"image\":{\"@id\":\"https:\/\/noticiasemdestaque.com\/cd\/?p=4787#primaryimage\"},\"thumbnailUrl\":\"https:\/\/noticiasemdestaque.com\/cd\/wp-content\/uploads\/2017\/09\/ENAU.jpeg\",\"datePublished\":\"2017-09-30T21:19:44+00:00\",\"breadcrumb\":{\"@id\":\"https:\/\/noticiasemdestaque.com\/cd\/?p=4787#breadcrumb\"},\"inLanguage\":\"pt-BR\",\"potentialAction\":[{\"@type\":\"ReadAction\",\"target\":[\"https:\/\/noticiasemdestaque.com\/cd\/?p=4787\"]}]},{\"@type\":\"ImageObject\",\"inLanguage\":\"pt-BR\",\"@id\":\"https:\/\/noticiasemdestaque.com\/cd\/?p=4787#primaryimage\",\"url\":\"https:\/\/noticiasemdestaque.com\/cd\/wp-content\/uploads\/2017\/09\/ENAU.jpeg\",\"contentUrl\":\"https:\/\/noticiasemdestaque.com\/cd\/wp-content\/uploads\/2017\/09\/ENAU.jpeg\",\"width\":905,\"height\":1280},{\"@type\":\"BreadcrumbList\",\"@id\":\"https:\/\/noticiasemdestaque.com\/cd\/?p=4787#breadcrumb\",\"itemListElement\":[{\"@type\":\"ListItem\",\"position\":1,\"name\":\"In\u00edcio\",\"item\":\"https:\/\/noticiasemdestaque.com\/cd\/\"},{\"@type\":\"ListItem\",\"position\":2,\"name\":\"UEPB promove 4\u00ba Encontro Nordestino de Arboriza\u00e7\u00e3o Urbana com debate sobre biomas e ecossistemas\"}]},{\"@type\":\"WebSite\",\"@id\":\"https:\/\/noticiasemdestaque.com\/cd\/#website\",\"url\":\"https:\/\/noticiasemdestaque.com\/cd\/\",\"name\":\"Not&iacute;cias em Destaque\",\"description\":\"\",\"publisher\":{\"@id\":\"https:\/\/noticiasemdestaque.com\/cd\/#organization\"},\"potentialAction\":[{\"@type\":\"SearchAction\",\"target\":{\"@type\":\"EntryPoint\",\"urlTemplate\":\"https:\/\/noticiasemdestaque.com\/cd\/?s={search_term_string}\"},\"query-input\":{\"@type\":\"PropertyValueSpecification\",\"valueRequired\":true,\"valueName\":\"search_term_string\"}}],\"inLanguage\":\"pt-BR\"},{\"@type\":\"Organization\",\"@id\":\"https:\/\/noticiasemdestaque.com\/cd\/#organization\",\"name\":\"Not\u00edcias em Destaque\",\"url\":\"https:\/\/noticiasemdestaque.com\/cd\/\",\"logo\":{\"@type\":\"ImageObject\",\"inLanguage\":\"pt-BR\",\"@id\":\"https:\/\/noticiasemdestaque.com\/cd\/#\/schema\/logo\/image\/\",\"url\":\"https:\/\/noticiasemdestaque.com\/cd\/wp-content\/uploads\/2022\/05\/imagem-base-noticiasemdestaque.png\",\"contentUrl\":\"https:\/\/noticiasemdestaque.com\/cd\/wp-content\/uploads\/2022\/05\/imagem-base-noticiasemdestaque.png\",\"width\":1200,\"height\":630,\"caption\":\"Not\u00edcias em Destaque\"},\"image\":{\"@id\":\"https:\/\/noticiasemdestaque.com\/cd\/#\/schema\/logo\/image\/\"}},{\"@type\":\"Person\",\"@id\":\"https:\/\/noticiasemdestaque.com\/cd\/#\/schema\/person\/21320b03a7e8bb90128938dafc9b908a\",\"name\":\"Not\u00edcias em Destaque\",\"url\":\"https:\/\/noticiasemdestaque.com\/cd\/?author=2\"}]}<\/script>\n<!-- \/ Yoast SEO plugin. -->","yoast_head_json":{"title":"UEPB promove 4\u00ba Encontro Nordestino de Arboriza\u00e7\u00e3o Urbana com debate sobre biomas e ecossistemas - Not&iacute;cias em Destaque","robots":{"index":"index","follow":"follow","max-snippet":"max-snippet:-1","max-image-preview":"max-image-preview:large","max-video-preview":"max-video-preview:-1"},"canonical":"https:\/\/noticiasemdestaque.com\/cd\/?p=4787","og_locale":"pt_BR","og_type":"article","og_title":"UEPB promove 4\u00ba Encontro Nordestino de Arboriza\u00e7\u00e3o Urbana com debate sobre biomas e ecossistemas - Not&iacute;cias em Destaque","og_description":"A quarta edi\u00e7\u00e3o do Encontro Nordestino de Arboriza\u00e7\u00e3o Urbana (ENAU), promovido pela Universidade Estadual da Para\u00edba (UEPB) em parceria com a com a Sociedade Brasileira de Arboriza\u00e7\u00e3o (SBAU) e a Prefeitura Municipal de Jo\u00e3o Pessoa (PMJP), discutir\u00e1 entre os dias 15 e 18 de outubro assuntos relacionados ao tema \u201cBiomas e Ecossistemas: fundamentos \u00e0 sustentabilidade do paisagismo e arboriza\u00e7\u00e3o urbana\u201d. As atividades ser\u00e3o realizadas na Faculdade Maur\u00edcio de Nassau, no Bairro dos Estados, em Jo\u00e3o Pessoa, com participa\u00e7\u00e3o dos principais nomes da arboricultura do Brasil, Argentina e M\u00e9xico. As inscri\u00e7\u00f5es est\u00e3o abertas e podem ser realizadas at\u00e9 o dia do evento, atrav\u00e9s do endere\u00e7o www.enaujampa.com. Ser\u00e3o realizadas, ao longo dos tr\u00eas dias, atividades como minicursos, palestras, mesas redondas, pain\u00e9is, al\u00e9m de visitas t\u00e9cnicas e um workshop. Segundo Arnaldo Bezerra, coordenador do Programa de Arboriza\u00e7\u00e3o Urbana da UEPB e vice-presidente do 4\u00ba ENAU, o evento tem como objetivo ampliar as discuss\u00f5es e sensibilizar a popula\u00e7\u00e3o para a conserva\u00e7\u00e3o e amplia\u00e7\u00e3o das \u00e1reas verdes urbanas, ampliando o alcance das pol\u00edticas p\u00fablicas voltadas \u00e0s quest\u00f5es de arboriza\u00e7\u00e3o. \u201cNosso encontro prop\u00f5e, al\u00e9m de discutir todas essas quest\u00f5es, focar na melhora da qualidade de vida das pessoas e tamb\u00e9m das cidades. Precisamos promover a arboriza\u00e7\u00e3o para que a sa\u00fade das pessoas melhore, a sensa\u00e7\u00e3o t\u00e9rmica seja controlada e as cidades tamb\u00e9m ganhem com todas essas a\u00e7\u00f5es. Esse debate \u00e9 importante, porque vamos dimensionar desde o que \u00e9 tratado na legisla\u00e7\u00e3o at\u00e9 as a\u00e7\u00f5es de arboriza\u00e7\u00e3o que s\u00e3o desenvolvidas nos munic\u00edpios brasileiros e de outras grandes cidades do mundo\u201d, destacou Arnaldo. A abertura do evento ser\u00e1 \u00e0s 8h do dia 15 de outubro, com o workshop de escalada em \u00e1rvores, que ser\u00e1 realizado no Parque Sol\u00f3n de Lucena, no Centro de Jo\u00e3o Pessoa. J\u00e1 a partir do dia 16 come\u00e7am as visitas t\u00e9cnicas nos parques e pra\u00e7as da cidade, al\u00e9m dos minicursos e palestras nas depend\u00eancias da Faculdade Maur\u00edcio de Nassau. Dentro da programa\u00e7\u00e3o ainda constam apresenta\u00e7\u00f5es culturais e a prepara\u00e7\u00e3o de uma carta direcionada \u00e0 cidade de Jo\u00e3o Pessoa. Para atingir seu objetivo, a organiza\u00e7\u00e3o do 4\u00ba ENAU quer ainda ampliar o debate sobre a educa\u00e7\u00e3o ambiental, criando uma nova consci\u00eancia nas pessoas. \u201cPrecisamos atingir cada vez mais um p\u00fablico maior para que as pessoas passem a entender a necessidade de produzir novos conhecimentos sobre a arboriza\u00e7\u00e3o urbana, o paisagismo das cidades, a sustentabilidade e a melhora na qualidade de vida e ambiental das popula\u00e7\u00f5es e dos munic\u00edpios\u201d, acrescentou Arnaldo Bezerra. Texto: Givaldo Cavalcanti","og_url":"https:\/\/noticiasemdestaque.com\/cd\/?p=4787","og_site_name":"Not&iacute;cias em Destaque","article_published_time":"2017-09-30T21:19:44+00:00","og_image":[{"width":905,"height":1280,"url":"https:\/\/noticiasemdestaque.com\/cd\/wp-content\/uploads\/2017\/09\/ENAU.jpeg","type":"image\/jpeg"}],"author":"Not\u00edcias em Destaque","twitter_card":"summary_large_image","twitter_misc":{"Escrito por":"Not\u00edcias em Destaque","Est. tempo de leitura":"2 minutos"},"schema":{"@context":"https:\/\/schema.org","@graph":[{"@type":"Article","@id":"https:\/\/noticiasemdestaque.com\/cd\/?p=4787#article","isPartOf":{"@id":"https:\/\/noticiasemdestaque.com\/cd\/?p=4787"},"author":{"name":"Not\u00edcias em Destaque","@id":"https:\/\/noticiasemdestaque.com\/cd\/#\/schema\/person\/21320b03a7e8bb90128938dafc9b908a"},"headline":"UEPB promove 4\u00ba Encontro Nordestino de Arboriza\u00e7\u00e3o Urbana com debate sobre biomas e ecossistemas","datePublished":"2017-09-30T21:19:44+00:00","mainEntityOfPage":{"@id":"https:\/\/noticiasemdestaque.com\/cd\/?p=4787"},"wordCount":478,"publisher":{"@id":"https:\/\/noticiasemdestaque.com\/cd\/#organization"},"image":{"@id":"https:\/\/noticiasemdestaque.com\/cd\/?p=4787#primaryimage"},"thumbnailUrl":"https:\/\/noticiasemdestaque.com\/cd\/wp-content\/uploads\/2017\/09\/ENAU.jpeg","articleSection":["Educa\u00e7\u00e3o"],"inLanguage":"pt-BR"},{"@type":"WebPage","@id":"https:\/\/noticiasemdestaque.com\/cd\/?p=4787","url":"https:\/\/noticiasemdestaque.com\/cd\/?p=4787","name":"UEPB promove 4\u00ba Encontro Nordestino de Arboriza\u00e7\u00e3o Urbana com debate sobre biomas e ecossistemas - Not&iacute;cias em Destaque","isPartOf":{"@id":"https:\/\/noticiasemdestaque.com\/cd\/#website"},"primaryImageOfPage":{"@id":"https:\/\/noticiasemdestaque.com\/cd\/?p=4787#primaryimage"},"image":{"@id":"https:\/\/noticiasemdestaque.com\/cd\/?p=4787#primaryimage"},"thumbnailUrl":"https:\/\/noticiasemdestaque.com\/cd\/wp-content\/uploads\/2017\/09\/ENAU.jpeg","datePublished":"2017-09-30T21:19:44+00:00","breadcrumb":{"@id":"https:\/\/noticiasemdestaque.com\/cd\/?p=4787#breadcrumb"},"inLanguage":"pt-BR","potentialAction":[{"@type":"ReadAction","target":["https:\/\/noticiasemdestaque.com\/cd\/?p=4787"]}]},{"@type":"ImageObject","inLanguage":"pt-BR","@id":"https:\/\/noticiasemdestaque.com\/cd\/?p=4787#primaryimage","url":"https:\/\/noticiasemdestaque.com\/cd\/wp-content\/uploads\/2017\/09\/ENAU.jpeg","contentUrl":"https:\/\/noticiasemdestaque.com\/cd\/wp-content\/uploads\/2017\/09\/ENAU.jpeg","width":905,"height":1280},{"@type":"BreadcrumbList","@id":"https:\/\/noticiasemdestaque.com\/cd\/?p=4787#breadcrumb","itemListElement":[{"@type":"ListItem","position":1,"name":"In\u00edcio","item":"https:\/\/noticiasemdestaque.com\/cd\/"},{"@type":"ListItem","position":2,"name":"UEPB promove 4\u00ba Encontro Nordestino de Arboriza\u00e7\u00e3o Urbana com debate sobre biomas e ecossistemas"}]},{"@type":"WebSite","@id":"https:\/\/noticiasemdestaque.com\/cd\/#website","url":"https:\/\/noticiasemdestaque.com\/cd\/","name":"Not&iacute;cias em Destaque","description":"","publisher":{"@id":"https:\/\/noticiasemdestaque.com\/cd\/#organization"},"potentialAction":[{"@type":"SearchAction","target":{"@type":"EntryPoint","urlTemplate":"https:\/\/noticiasemdestaque.com\/cd\/?s={search_term_string}"},"query-input":{"@type":"PropertyValueSpecification","valueRequired":true,"valueName":"search_term_string"}}],"inLanguage":"pt-BR"},{"@type":"Organization","@id":"https:\/\/noticiasemdestaque.com\/cd\/#organization","name":"Not\u00edcias em Destaque","url":"https:\/\/noticiasemdestaque.com\/cd\/","logo":{"@type":"ImageObject","inLanguage":"pt-BR","@id":"https:\/\/noticiasemdestaque.com\/cd\/#\/schema\/logo\/image\/","url":"https:\/\/noticiasemdestaque.com\/cd\/wp-content\/uploads\/2022\/05\/imagem-base-noticiasemdestaque.png","contentUrl":"https:\/\/noticiasemdestaque.com\/cd\/wp-content\/uploads\/2022\/05\/imagem-base-noticiasemdestaque.png","width":1200,"height":630,"caption":"Not\u00edcias em Destaque"},"image":{"@id":"https:\/\/noticiasemdestaque.com\/cd\/#\/schema\/logo\/image\/"}},{"@type":"Person","@id":"https:\/\/noticiasemdestaque.com\/cd\/#\/schema\/person\/21320b03a7e8bb90128938dafc9b908a","name":"Not\u00edcias em Destaque","url":"https:\/\/noticiasemdestaque.com\/cd\/?author=2"}]}},"jetpack_featured_media_url":"https:\/\/noticiasemdestaque.com\/cd\/wp-content\/uploads\/2017\/09\/ENAU.jpeg","jetpack_sharing_enabled":true,"_links":{"self":[{"href":"https:\/\/noticiasemdestaque.com\/cd\/index.php?rest_route=\/wp\/v2\/posts\/4787","targetHints":{"allow":["GET"]}}],"collection":[{"href":"https:\/\/noticiasemdestaque.com\/cd\/index.php?rest_route=\/wp\/v2\/posts"}],"about":[{"href":"https:\/\/noticiasemdestaque.com\/cd\/index.php?rest_route=\/wp\/v2\/types\/post"}],"author":[{"embeddable":true,"href":"https:\/\/noticiasemdestaque.com\/cd\/index.php?rest_route=\/wp\/v2\/users\/2"}],"replies":[{"embeddable":true,"href":"https:\/\/noticiasemdestaque.com\/cd\/index.php?rest_route=%2Fwp%2Fv2%2Fcomments&post=4787"}],"version-history":[{"count":1,"href":"https:\/\/noticiasemdestaque.com\/cd\/index.php?rest_route=\/wp\/v2\/posts\/4787\/revisions"}],"predecessor-version":[{"id":4789,"href":"https:\/\/noticiasemdestaque.com\/cd\/index.php?rest_route=\/wp\/v2\/posts\/4787\/revisions\/4789"}],"wp:featuredmedia":[{"embeddable":true,"href":"https:\/\/noticiasemdestaque.com\/cd\/index.php?rest_route=\/wp\/v2\/media\/4788"}],"wp:attachment":[{"href":"https:\/\/noticiasemdestaque.com\/cd\/index.php?rest_route=%2Fwp%2Fv2%2Fmedia&parent=4787"}],"wp:term":[{"taxonomy":"category","embeddable":true,"href":"https:\/\/noticiasemdestaque.com\/cd\/index.php?rest_route=%2Fwp%2Fv2%2Fcategories&post=4787"},{"taxonomy":"post_tag","embeddable":true,"href":"https:\/\/noticiasemdestaque.com\/cd\/index.php?rest_route=%2Fwp%2Fv2%2Ftags&post=4787"}],"curies":[{"name":"wp","href":"https:\/\/api.w.org\/{rel}","templated":true}]}}