{"id":4785,"date":"2017-09-30T18:17:14","date_gmt":"2017-09-30T21:17:14","guid":{"rendered":"http:\/\/caririemdestaque.com\/cd\/?p=4785"},"modified":"2017-09-30T18:17:14","modified_gmt":"2017-09-30T21:17:14","slug":"campus-da-ufcg-em-sume-inicia-curso-de-formacao-continuada-de-educadores","status":"publish","type":"post","link":"https:\/\/noticiasemdestaque.com\/cd\/?p=4785","title":{"rendered":"Campus da UFCG em Sum\u00e9 inicia Curso de Forma\u00e7\u00e3o Continuada de Educadores"},"content":{"rendered":"<p><a href=\"http:\/\/caririemdestaque.com\/cd\/wp-content\/uploads\/2017\/09\/timthumb-1-4.jpg\"><img fetchpriority=\"high\" decoding=\"async\" class=\"alignleft wp-image-4580 size-medium\" src=\"http:\/\/caririemdestaque.com\/cd\/wp-content\/uploads\/2017\/09\/timthumb-1-4-300x218.jpg\" alt=\"\" width=\"300\" height=\"218\" srcset=\"https:\/\/noticiasemdestaque.com\/cd\/wp-content\/uploads\/2017\/09\/timthumb-1-4-300x218.jpg 300w, https:\/\/noticiasemdestaque.com\/cd\/wp-content\/uploads\/2017\/09\/timthumb-1-4.jpg 547w\" sizes=\"(max-width: 300px) 100vw, 300px\" \/><\/a>O N\u00facleo de Pesquisa em Educa\u00e7\u00e3o do Campo, Forma\u00e7\u00e3o de Professores\/as e Pr\u00e1tica Pedag\u00f3gica (NUPEFORP) da Unidade Acad\u00eamica de Educa\u00e7\u00e3o do Campo\/Centro de Desenvolvimento Sustent\u00e1vel do Semi\u00e1rido da Universidade Federal de Campina Grande, em parceria com a Secretaria de Educa\u00e7\u00e3o Continuada, Alfabetiza\u00e7\u00e3o, Diversidade e Inclus\u00e3o (SECADI), inicia a partir do m\u00eas de outubro no Campus de Sum\u00e9-PB, o \u201cCurso de forma\u00e7\u00e3o continuada para educadores (as) dos Anos Iniciais do Ensino Fundamental das Escolas do Campo e Coordenadores\/as Pedag\u00f3gicos\u201d que atuam junto a estas escolas atrav\u00e9s do Programa Escola da Terra.<\/p>\n<p>A forma\u00e7\u00e3o continuada tem como p\u00fablico alvo educadores, gestores, coordenadores pedag\u00f3gicos que atuam com educa\u00e7\u00e3o infantil e anos iniciais do Ensino Fundamental nas escolas do campo. S\u00e3o oferecidas 200 vagas distribu\u00eddas por 14 munic\u00edpios do Territ\u00f3rio do Cariri Paraibano.<\/p>\n<p>O curso (com carga hor\u00e1ria total de 180 horas) \u00e9 uma proposta que tem como finalidade ampliar o acesso \u00e0 forma\u00e7\u00e3o continuada para profissionais com atua\u00e7\u00e3o na Educa\u00e7\u00e3o do Campo, em classes multisseriadas, visando contribuir para a oferta de uma educa\u00e7\u00e3o do campo contextualizada \u00e0s realidades das suas popula\u00e7\u00f5es, de qualidade e em conformidade com as Diretrizes Curriculares para as Escolas do Campo e a Educa\u00e7\u00e3o Quilombola.<\/p>\n<p>O objetivo \u00e9 promover a forma\u00e7\u00e3o de educadores\/as do campo na perspectiva da conviv\u00eancia com o Semi\u00e1rido brasileiro, mediante curso de aperfei\u00e7oamento, contribuindo com a constru\u00e7\u00e3o de uma compreens\u00e3o da educa\u00e7\u00e3o nas suas m\u00faltiplas implica\u00e7\u00f5es social, econ\u00f4micas, pol\u00edticas, culturais e ambientais na regi\u00e3o, de forma a serem capazes de construir pr\u00e1ticas educativas pedag\u00f3gicas contextualizadas no \u00e2mbito das classes multisseriadas.<\/p>\n<p>As aulas do curso acontecer\u00e3o de outubro de 2017 a abril de 2018, \u00e0s sextas-feiras e s\u00e1bados, das 8h \u00e0s 17h. Ser\u00e3o divididas em M\u00f3dulos e Oficinas que ser\u00e3o realizadas na UFCG\/CDSA-Campus Sum\u00e9.<\/p>\n<p>A sele\u00e7\u00e3o ser\u00e1 realizada pela Secretaria de Educa\u00e7\u00e3o dos Munic\u00edpios, conforme os crit\u00e9rios de perfil e n\u00famero de vagas por munic\u00edpio.<\/p>\n<p>Contextualiza\u00e7\u00e3o, Agroecologia, Interculturalidade, Auto-organiza\u00e7\u00e3o, Investiga\u00e7\u00e3o-a\u00e7\u00e3o e conviv\u00eancia com o semi\u00e1rido ser\u00e3o os fundamentos pol\u00edtico-pedag\u00f3gicos e metodol\u00f3gicos que orientar\u00e3o o processo de forma\u00e7\u00e3o no Programa.<\/p>\n<p>O curso funcionar\u00e1 com a metodologia da altern\u00e2ncia que consiste num Tempo de Aula na universidade e um per\u00edodo de atividades em escolas do campo no Tempo Comunidade, onde os cursistas desenvolver\u00e3o projetos de pesquisa e extens\u00e3o em comunidades e escolas do campo.<\/p>\n<p>O curso ser\u00e1 coordenado por uma equipe de professores do CDSA: Filipe Gerv\u00e1sio Pinto da Silva, Denise Torres Xavier e Emilson Garcia.<\/p>\n<p>Mais informa\u00e7\u00f5es podem ser obtidas atrav\u00e9s do e-mail escoladaterracariri@gmail.com ou atrav\u00e9s dos contatos (81) 99796-6766 \u2013 professor Filipe Gerv\u00e1sio ou 3353-1850 (procurar a coordena\u00e7\u00e3o).<\/p>\n<p>Ascom\/ Rosenato Barreto<\/p>\n","protected":false},"excerpt":{"rendered":"<p>O N\u00facleo de Pesquisa em Educa\u00e7\u00e3o do Campo, Forma\u00e7\u00e3o de Professores\/as e Pr\u00e1tica Pedag\u00f3gica (NUPEFORP) da Unidade Acad\u00eamica de Educa\u00e7\u00e3o do Campo\/Centro de Desenvolvimento Sustent\u00e1vel do Semi\u00e1rido da Universidade Federal de Campina Grande, em parceria com a Secretaria de Educa\u00e7\u00e3o Continuada, Alfabetiza\u00e7\u00e3o, Diversidade e Inclus\u00e3o (SECADI), inicia a partir do m\u00eas de outubro no Campus de Sum\u00e9-PB, o \u201cCurso de forma\u00e7\u00e3o continuada para educadores (as) dos Anos Iniciais do Ensino Fundamental das Escolas do Campo e Coordenadores\/as Pedag\u00f3gicos\u201d que atuam junto a estas escolas atrav\u00e9s do Programa Escola da Terra. A forma\u00e7\u00e3o continuada tem como p\u00fablico alvo educadores, gestores, coordenadores pedag\u00f3gicos que atuam com educa\u00e7\u00e3o infantil e anos iniciais do Ensino Fundamental nas escolas do campo. S\u00e3o oferecidas 200 vagas distribu\u00eddas por 14 munic\u00edpios do Territ\u00f3rio do Cariri Paraibano. O curso (com carga hor\u00e1ria total de 180 horas) \u00e9 uma proposta que tem como finalidade ampliar o acesso \u00e0 forma\u00e7\u00e3o continuada para profissionais com atua\u00e7\u00e3o na Educa\u00e7\u00e3o do Campo, em classes multisseriadas, visando contribuir para a oferta de uma educa\u00e7\u00e3o do campo contextualizada \u00e0s realidades das suas popula\u00e7\u00f5es, de qualidade e em conformidade com as Diretrizes Curriculares para as Escolas do Campo e a Educa\u00e7\u00e3o Quilombola. O objetivo \u00e9 promover a forma\u00e7\u00e3o de educadores\/as do campo na perspectiva da conviv\u00eancia com o Semi\u00e1rido brasileiro, mediante curso de aperfei\u00e7oamento, contribuindo com a constru\u00e7\u00e3o de uma compreens\u00e3o da educa\u00e7\u00e3o nas suas m\u00faltiplas implica\u00e7\u00f5es social, econ\u00f4micas, pol\u00edticas, culturais e ambientais na regi\u00e3o, de forma a serem capazes de construir pr\u00e1ticas educativas pedag\u00f3gicas contextualizadas no \u00e2mbito das classes multisseriadas. As aulas do curso acontecer\u00e3o de outubro de 2017 a abril de 2018, \u00e0s sextas-feiras e s\u00e1bados, das 8h \u00e0s 17h. Ser\u00e3o divididas em M\u00f3dulos e Oficinas que ser\u00e3o realizadas na UFCG\/CDSA-Campus Sum\u00e9. A sele\u00e7\u00e3o ser\u00e1 realizada pela Secretaria de Educa\u00e7\u00e3o dos Munic\u00edpios, conforme os crit\u00e9rios de perfil e n\u00famero de vagas por munic\u00edpio. Contextualiza\u00e7\u00e3o, Agroecologia, Interculturalidade, Auto-organiza\u00e7\u00e3o, Investiga\u00e7\u00e3o-a\u00e7\u00e3o e conviv\u00eancia com o semi\u00e1rido ser\u00e3o os fundamentos pol\u00edtico-pedag\u00f3gicos e metodol\u00f3gicos que orientar\u00e3o o processo de forma\u00e7\u00e3o no Programa. O curso funcionar\u00e1 com a metodologia da altern\u00e2ncia que consiste num Tempo de Aula na universidade e um per\u00edodo de atividades em escolas do campo no Tempo Comunidade, onde os cursistas desenvolver\u00e3o projetos de pesquisa e extens\u00e3o em comunidades e escolas do campo. O curso ser\u00e1 coordenado por uma equipe de professores do CDSA: Filipe Gerv\u00e1sio Pinto da Silva, Denise Torres Xavier e Emilson Garcia. Mais informa\u00e7\u00f5es podem ser obtidas atrav\u00e9s do e-mail escoladaterracariri@gmail.com ou atrav\u00e9s dos contatos (81) 99796-6766 \u2013 professor Filipe Gerv\u00e1sio ou 3353-1850 (procurar a coordena\u00e7\u00e3o). Ascom\/ Rosenato Barreto<\/p>\n","protected":false},"author":2,"featured_media":4580,"comment_status":"closed","ping_status":"open","sticky":false,"template":"","format":"standard","meta":{"_eb_attr":"","_jetpack_memberships_contains_paid_content":false,"footnotes":""},"categories":[6],"tags":[],"class_list":["post-4785","post","type-post","status-publish","format-standard","has-post-thumbnail","hentry","category-educacao"],"yoast_head":"<!-- This site is optimized with the Yoast SEO plugin v26.5 - https:\/\/yoast.com\/wordpress\/plugins\/seo\/ -->\n<title>Campus da UFCG em Sum\u00e9 inicia Curso de Forma\u00e7\u00e3o Continuada de Educadores - Not&iacute;cias em Destaque<\/title>\n<meta name=\"robots\" content=\"index, follow, max-snippet:-1, max-image-preview:large, max-video-preview:-1\" \/>\n<link rel=\"canonical\" href=\"https:\/\/noticiasemdestaque.com\/cd\/?p=4785\" \/>\n<meta property=\"og:locale\" content=\"pt_BR\" \/>\n<meta property=\"og:type\" content=\"article\" \/>\n<meta property=\"og:title\" content=\"Campus da UFCG em Sum\u00e9 inicia Curso de Forma\u00e7\u00e3o Continuada de Educadores - Not&iacute;cias em Destaque\" \/>\n<meta property=\"og:description\" content=\"O N\u00facleo de Pesquisa em Educa\u00e7\u00e3o do Campo, Forma\u00e7\u00e3o de Professores\/as e Pr\u00e1tica Pedag\u00f3gica (NUPEFORP) da Unidade Acad\u00eamica de Educa\u00e7\u00e3o do Campo\/Centro de Desenvolvimento Sustent\u00e1vel do Semi\u00e1rido da Universidade Federal de Campina Grande, em parceria com a Secretaria de Educa\u00e7\u00e3o Continuada, Alfabetiza\u00e7\u00e3o, Diversidade e Inclus\u00e3o (SECADI), inicia a partir do m\u00eas de outubro no Campus de Sum\u00e9-PB, o \u201cCurso de forma\u00e7\u00e3o continuada para educadores (as) dos Anos Iniciais do Ensino Fundamental das Escolas do Campo e Coordenadores\/as Pedag\u00f3gicos\u201d que atuam junto a estas escolas atrav\u00e9s do Programa Escola da Terra. A forma\u00e7\u00e3o continuada tem como p\u00fablico alvo educadores, gestores, coordenadores pedag\u00f3gicos que atuam com educa\u00e7\u00e3o infantil e anos iniciais do Ensino Fundamental nas escolas do campo. S\u00e3o oferecidas 200 vagas distribu\u00eddas por 14 munic\u00edpios do Territ\u00f3rio do Cariri Paraibano. O curso (com carga hor\u00e1ria total de 180 horas) \u00e9 uma proposta que tem como finalidade ampliar o acesso \u00e0 forma\u00e7\u00e3o continuada para profissionais com atua\u00e7\u00e3o na Educa\u00e7\u00e3o do Campo, em classes multisseriadas, visando contribuir para a oferta de uma educa\u00e7\u00e3o do campo contextualizada \u00e0s realidades das suas popula\u00e7\u00f5es, de qualidade e em conformidade com as Diretrizes Curriculares para as Escolas do Campo e a Educa\u00e7\u00e3o Quilombola. O objetivo \u00e9 promover a forma\u00e7\u00e3o de educadores\/as do campo na perspectiva da conviv\u00eancia com o Semi\u00e1rido brasileiro, mediante curso de aperfei\u00e7oamento, contribuindo com a constru\u00e7\u00e3o de uma compreens\u00e3o da educa\u00e7\u00e3o nas suas m\u00faltiplas implica\u00e7\u00f5es social, econ\u00f4micas, pol\u00edticas, culturais e ambientais na regi\u00e3o, de forma a serem capazes de construir pr\u00e1ticas educativas pedag\u00f3gicas contextualizadas no \u00e2mbito das classes multisseriadas. As aulas do curso acontecer\u00e3o de outubro de 2017 a abril de 2018, \u00e0s sextas-feiras e s\u00e1bados, das 8h \u00e0s 17h. Ser\u00e3o divididas em M\u00f3dulos e Oficinas que ser\u00e3o realizadas na UFCG\/CDSA-Campus Sum\u00e9. A sele\u00e7\u00e3o ser\u00e1 realizada pela Secretaria de Educa\u00e7\u00e3o dos Munic\u00edpios, conforme os crit\u00e9rios de perfil e n\u00famero de vagas por munic\u00edpio. Contextualiza\u00e7\u00e3o, Agroecologia, Interculturalidade, Auto-organiza\u00e7\u00e3o, Investiga\u00e7\u00e3o-a\u00e7\u00e3o e conviv\u00eancia com o semi\u00e1rido ser\u00e3o os fundamentos pol\u00edtico-pedag\u00f3gicos e metodol\u00f3gicos que orientar\u00e3o o processo de forma\u00e7\u00e3o no Programa. O curso funcionar\u00e1 com a metodologia da altern\u00e2ncia que consiste num Tempo de Aula na universidade e um per\u00edodo de atividades em escolas do campo no Tempo Comunidade, onde os cursistas desenvolver\u00e3o projetos de pesquisa e extens\u00e3o em comunidades e escolas do campo. O curso ser\u00e1 coordenado por uma equipe de professores do CDSA: Filipe Gerv\u00e1sio Pinto da Silva, Denise Torres Xavier e Emilson Garcia. Mais informa\u00e7\u00f5es podem ser obtidas atrav\u00e9s do e-mail escoladaterracariri@gmail.com ou atrav\u00e9s dos contatos (81) 99796-6766 \u2013 professor Filipe Gerv\u00e1sio ou 3353-1850 (procurar a coordena\u00e7\u00e3o). Ascom\/ Rosenato Barreto\" \/>\n<meta property=\"og:url\" content=\"https:\/\/noticiasemdestaque.com\/cd\/?p=4785\" \/>\n<meta property=\"og:site_name\" content=\"Not&iacute;cias em Destaque\" \/>\n<meta property=\"article:published_time\" content=\"2017-09-30T21:17:14+00:00\" \/>\n<meta property=\"og:image\" content=\"https:\/\/noticiasemdestaque.com\/cd\/wp-content\/uploads\/2017\/09\/timthumb-1-4.jpg\" \/>\n\t<meta property=\"og:image:width\" content=\"547\" \/>\n\t<meta property=\"og:image:height\" content=\"398\" \/>\n\t<meta property=\"og:image:type\" content=\"image\/jpeg\" \/>\n<meta name=\"author\" content=\"Not\u00edcias em Destaque\" \/>\n<meta name=\"twitter:card\" content=\"summary_large_image\" \/>\n<meta name=\"twitter:label1\" content=\"Escrito por\" \/>\n\t<meta name=\"twitter:data1\" content=\"Not\u00edcias em Destaque\" \/>\n\t<meta name=\"twitter:label2\" content=\"Est. tempo de leitura\" \/>\n\t<meta name=\"twitter:data2\" content=\"3 minutos\" \/>\n<script type=\"application\/ld+json\" class=\"yoast-schema-graph\">{\"@context\":\"https:\/\/schema.org\",\"@graph\":[{\"@type\":\"Article\",\"@id\":\"https:\/\/noticiasemdestaque.com\/cd\/?p=4785#article\",\"isPartOf\":{\"@id\":\"https:\/\/noticiasemdestaque.com\/cd\/?p=4785\"},\"author\":{\"name\":\"Not\u00edcias em Destaque\",\"@id\":\"https:\/\/noticiasemdestaque.com\/cd\/#\/schema\/person\/21320b03a7e8bb90128938dafc9b908a\"},\"headline\":\"Campus da UFCG em Sum\u00e9 inicia Curso de Forma\u00e7\u00e3o Continuada de Educadores\",\"datePublished\":\"2017-09-30T21:17:14+00:00\",\"mainEntityOfPage\":{\"@id\":\"https:\/\/noticiasemdestaque.com\/cd\/?p=4785\"},\"wordCount\":514,\"publisher\":{\"@id\":\"https:\/\/noticiasemdestaque.com\/cd\/#organization\"},\"image\":{\"@id\":\"https:\/\/noticiasemdestaque.com\/cd\/?p=4785#primaryimage\"},\"thumbnailUrl\":\"https:\/\/noticiasemdestaque.com\/cd\/wp-content\/uploads\/2017\/09\/timthumb-1-4.jpg\",\"articleSection\":[\"Educa\u00e7\u00e3o\"],\"inLanguage\":\"pt-BR\"},{\"@type\":\"WebPage\",\"@id\":\"https:\/\/noticiasemdestaque.com\/cd\/?p=4785\",\"url\":\"https:\/\/noticiasemdestaque.com\/cd\/?p=4785\",\"name\":\"Campus da UFCG em Sum\u00e9 inicia Curso de Forma\u00e7\u00e3o Continuada de Educadores - Not&iacute;cias em Destaque\",\"isPartOf\":{\"@id\":\"https:\/\/noticiasemdestaque.com\/cd\/#website\"},\"primaryImageOfPage\":{\"@id\":\"https:\/\/noticiasemdestaque.com\/cd\/?p=4785#primaryimage\"},\"image\":{\"@id\":\"https:\/\/noticiasemdestaque.com\/cd\/?p=4785#primaryimage\"},\"thumbnailUrl\":\"https:\/\/noticiasemdestaque.com\/cd\/wp-content\/uploads\/2017\/09\/timthumb-1-4.jpg\",\"datePublished\":\"2017-09-30T21:17:14+00:00\",\"breadcrumb\":{\"@id\":\"https:\/\/noticiasemdestaque.com\/cd\/?p=4785#breadcrumb\"},\"inLanguage\":\"pt-BR\",\"potentialAction\":[{\"@type\":\"ReadAction\",\"target\":[\"https:\/\/noticiasemdestaque.com\/cd\/?p=4785\"]}]},{\"@type\":\"ImageObject\",\"inLanguage\":\"pt-BR\",\"@id\":\"https:\/\/noticiasemdestaque.com\/cd\/?p=4785#primaryimage\",\"url\":\"https:\/\/noticiasemdestaque.com\/cd\/wp-content\/uploads\/2017\/09\/timthumb-1-4.jpg\",\"contentUrl\":\"https:\/\/noticiasemdestaque.com\/cd\/wp-content\/uploads\/2017\/09\/timthumb-1-4.jpg\",\"width\":547,\"height\":398},{\"@type\":\"BreadcrumbList\",\"@id\":\"https:\/\/noticiasemdestaque.com\/cd\/?p=4785#breadcrumb\",\"itemListElement\":[{\"@type\":\"ListItem\",\"position\":1,\"name\":\"In\u00edcio\",\"item\":\"https:\/\/noticiasemdestaque.com\/cd\/\"},{\"@type\":\"ListItem\",\"position\":2,\"name\":\"Campus da UFCG em Sum\u00e9 inicia Curso de Forma\u00e7\u00e3o Continuada de Educadores\"}]},{\"@type\":\"WebSite\",\"@id\":\"https:\/\/noticiasemdestaque.com\/cd\/#website\",\"url\":\"https:\/\/noticiasemdestaque.com\/cd\/\",\"name\":\"Not&iacute;cias em Destaque\",\"description\":\"\",\"publisher\":{\"@id\":\"https:\/\/noticiasemdestaque.com\/cd\/#organization\"},\"potentialAction\":[{\"@type\":\"SearchAction\",\"target\":{\"@type\":\"EntryPoint\",\"urlTemplate\":\"https:\/\/noticiasemdestaque.com\/cd\/?s={search_term_string}\"},\"query-input\":{\"@type\":\"PropertyValueSpecification\",\"valueRequired\":true,\"valueName\":\"search_term_string\"}}],\"inLanguage\":\"pt-BR\"},{\"@type\":\"Organization\",\"@id\":\"https:\/\/noticiasemdestaque.com\/cd\/#organization\",\"name\":\"Not\u00edcias em Destaque\",\"url\":\"https:\/\/noticiasemdestaque.com\/cd\/\",\"logo\":{\"@type\":\"ImageObject\",\"inLanguage\":\"pt-BR\",\"@id\":\"https:\/\/noticiasemdestaque.com\/cd\/#\/schema\/logo\/image\/\",\"url\":\"https:\/\/noticiasemdestaque.com\/cd\/wp-content\/uploads\/2022\/05\/imagem-base-noticiasemdestaque.png\",\"contentUrl\":\"https:\/\/noticiasemdestaque.com\/cd\/wp-content\/uploads\/2022\/05\/imagem-base-noticiasemdestaque.png\",\"width\":1200,\"height\":630,\"caption\":\"Not\u00edcias em Destaque\"},\"image\":{\"@id\":\"https:\/\/noticiasemdestaque.com\/cd\/#\/schema\/logo\/image\/\"}},{\"@type\":\"Person\",\"@id\":\"https:\/\/noticiasemdestaque.com\/cd\/#\/schema\/person\/21320b03a7e8bb90128938dafc9b908a\",\"name\":\"Not\u00edcias em Destaque\",\"url\":\"https:\/\/noticiasemdestaque.com\/cd\/?author=2\"}]}<\/script>\n<!-- \/ Yoast SEO plugin. -->","yoast_head_json":{"title":"Campus da UFCG em Sum\u00e9 inicia Curso de Forma\u00e7\u00e3o Continuada de Educadores - Not&iacute;cias em Destaque","robots":{"index":"index","follow":"follow","max-snippet":"max-snippet:-1","max-image-preview":"max-image-preview:large","max-video-preview":"max-video-preview:-1"},"canonical":"https:\/\/noticiasemdestaque.com\/cd\/?p=4785","og_locale":"pt_BR","og_type":"article","og_title":"Campus da UFCG em Sum\u00e9 inicia Curso de Forma\u00e7\u00e3o Continuada de Educadores - Not&iacute;cias em Destaque","og_description":"O N\u00facleo de Pesquisa em Educa\u00e7\u00e3o do Campo, Forma\u00e7\u00e3o de Professores\/as e Pr\u00e1tica Pedag\u00f3gica (NUPEFORP) da Unidade Acad\u00eamica de Educa\u00e7\u00e3o do Campo\/Centro de Desenvolvimento Sustent\u00e1vel do Semi\u00e1rido da Universidade Federal de Campina Grande, em parceria com a Secretaria de Educa\u00e7\u00e3o Continuada, Alfabetiza\u00e7\u00e3o, Diversidade e Inclus\u00e3o (SECADI), inicia a partir do m\u00eas de outubro no Campus de Sum\u00e9-PB, o \u201cCurso de forma\u00e7\u00e3o continuada para educadores (as) dos Anos Iniciais do Ensino Fundamental das Escolas do Campo e Coordenadores\/as Pedag\u00f3gicos\u201d que atuam junto a estas escolas atrav\u00e9s do Programa Escola da Terra. A forma\u00e7\u00e3o continuada tem como p\u00fablico alvo educadores, gestores, coordenadores pedag\u00f3gicos que atuam com educa\u00e7\u00e3o infantil e anos iniciais do Ensino Fundamental nas escolas do campo. S\u00e3o oferecidas 200 vagas distribu\u00eddas por 14 munic\u00edpios do Territ\u00f3rio do Cariri Paraibano. O curso (com carga hor\u00e1ria total de 180 horas) \u00e9 uma proposta que tem como finalidade ampliar o acesso \u00e0 forma\u00e7\u00e3o continuada para profissionais com atua\u00e7\u00e3o na Educa\u00e7\u00e3o do Campo, em classes multisseriadas, visando contribuir para a oferta de uma educa\u00e7\u00e3o do campo contextualizada \u00e0s realidades das suas popula\u00e7\u00f5es, de qualidade e em conformidade com as Diretrizes Curriculares para as Escolas do Campo e a Educa\u00e7\u00e3o Quilombola. O objetivo \u00e9 promover a forma\u00e7\u00e3o de educadores\/as do campo na perspectiva da conviv\u00eancia com o Semi\u00e1rido brasileiro, mediante curso de aperfei\u00e7oamento, contribuindo com a constru\u00e7\u00e3o de uma compreens\u00e3o da educa\u00e7\u00e3o nas suas m\u00faltiplas implica\u00e7\u00f5es social, econ\u00f4micas, pol\u00edticas, culturais e ambientais na regi\u00e3o, de forma a serem capazes de construir pr\u00e1ticas educativas pedag\u00f3gicas contextualizadas no \u00e2mbito das classes multisseriadas. As aulas do curso acontecer\u00e3o de outubro de 2017 a abril de 2018, \u00e0s sextas-feiras e s\u00e1bados, das 8h \u00e0s 17h. Ser\u00e3o divididas em M\u00f3dulos e Oficinas que ser\u00e3o realizadas na UFCG\/CDSA-Campus Sum\u00e9. A sele\u00e7\u00e3o ser\u00e1 realizada pela Secretaria de Educa\u00e7\u00e3o dos Munic\u00edpios, conforme os crit\u00e9rios de perfil e n\u00famero de vagas por munic\u00edpio. Contextualiza\u00e7\u00e3o, Agroecologia, Interculturalidade, Auto-organiza\u00e7\u00e3o, Investiga\u00e7\u00e3o-a\u00e7\u00e3o e conviv\u00eancia com o semi\u00e1rido ser\u00e3o os fundamentos pol\u00edtico-pedag\u00f3gicos e metodol\u00f3gicos que orientar\u00e3o o processo de forma\u00e7\u00e3o no Programa. O curso funcionar\u00e1 com a metodologia da altern\u00e2ncia que consiste num Tempo de Aula na universidade e um per\u00edodo de atividades em escolas do campo no Tempo Comunidade, onde os cursistas desenvolver\u00e3o projetos de pesquisa e extens\u00e3o em comunidades e escolas do campo. O curso ser\u00e1 coordenado por uma equipe de professores do CDSA: Filipe Gerv\u00e1sio Pinto da Silva, Denise Torres Xavier e Emilson Garcia. Mais informa\u00e7\u00f5es podem ser obtidas atrav\u00e9s do e-mail escoladaterracariri@gmail.com ou atrav\u00e9s dos contatos (81) 99796-6766 \u2013 professor Filipe Gerv\u00e1sio ou 3353-1850 (procurar a coordena\u00e7\u00e3o). Ascom\/ Rosenato Barreto","og_url":"https:\/\/noticiasemdestaque.com\/cd\/?p=4785","og_site_name":"Not&iacute;cias em Destaque","article_published_time":"2017-09-30T21:17:14+00:00","og_image":[{"width":547,"height":398,"url":"https:\/\/noticiasemdestaque.com\/cd\/wp-content\/uploads\/2017\/09\/timthumb-1-4.jpg","type":"image\/jpeg"}],"author":"Not\u00edcias em Destaque","twitter_card":"summary_large_image","twitter_misc":{"Escrito por":"Not\u00edcias em Destaque","Est. tempo de leitura":"3 minutos"},"schema":{"@context":"https:\/\/schema.org","@graph":[{"@type":"Article","@id":"https:\/\/noticiasemdestaque.com\/cd\/?p=4785#article","isPartOf":{"@id":"https:\/\/noticiasemdestaque.com\/cd\/?p=4785"},"author":{"name":"Not\u00edcias em Destaque","@id":"https:\/\/noticiasemdestaque.com\/cd\/#\/schema\/person\/21320b03a7e8bb90128938dafc9b908a"},"headline":"Campus da UFCG em Sum\u00e9 inicia Curso de Forma\u00e7\u00e3o Continuada de Educadores","datePublished":"2017-09-30T21:17:14+00:00","mainEntityOfPage":{"@id":"https:\/\/noticiasemdestaque.com\/cd\/?p=4785"},"wordCount":514,"publisher":{"@id":"https:\/\/noticiasemdestaque.com\/cd\/#organization"},"image":{"@id":"https:\/\/noticiasemdestaque.com\/cd\/?p=4785#primaryimage"},"thumbnailUrl":"https:\/\/noticiasemdestaque.com\/cd\/wp-content\/uploads\/2017\/09\/timthumb-1-4.jpg","articleSection":["Educa\u00e7\u00e3o"],"inLanguage":"pt-BR"},{"@type":"WebPage","@id":"https:\/\/noticiasemdestaque.com\/cd\/?p=4785","url":"https:\/\/noticiasemdestaque.com\/cd\/?p=4785","name":"Campus da UFCG em Sum\u00e9 inicia Curso de Forma\u00e7\u00e3o Continuada de Educadores - Not&iacute;cias em Destaque","isPartOf":{"@id":"https:\/\/noticiasemdestaque.com\/cd\/#website"},"primaryImageOfPage":{"@id":"https:\/\/noticiasemdestaque.com\/cd\/?p=4785#primaryimage"},"image":{"@id":"https:\/\/noticiasemdestaque.com\/cd\/?p=4785#primaryimage"},"thumbnailUrl":"https:\/\/noticiasemdestaque.com\/cd\/wp-content\/uploads\/2017\/09\/timthumb-1-4.jpg","datePublished":"2017-09-30T21:17:14+00:00","breadcrumb":{"@id":"https:\/\/noticiasemdestaque.com\/cd\/?p=4785#breadcrumb"},"inLanguage":"pt-BR","potentialAction":[{"@type":"ReadAction","target":["https:\/\/noticiasemdestaque.com\/cd\/?p=4785"]}]},{"@type":"ImageObject","inLanguage":"pt-BR","@id":"https:\/\/noticiasemdestaque.com\/cd\/?p=4785#primaryimage","url":"https:\/\/noticiasemdestaque.com\/cd\/wp-content\/uploads\/2017\/09\/timthumb-1-4.jpg","contentUrl":"https:\/\/noticiasemdestaque.com\/cd\/wp-content\/uploads\/2017\/09\/timthumb-1-4.jpg","width":547,"height":398},{"@type":"BreadcrumbList","@id":"https:\/\/noticiasemdestaque.com\/cd\/?p=4785#breadcrumb","itemListElement":[{"@type":"ListItem","position":1,"name":"In\u00edcio","item":"https:\/\/noticiasemdestaque.com\/cd\/"},{"@type":"ListItem","position":2,"name":"Campus da UFCG em Sum\u00e9 inicia Curso de Forma\u00e7\u00e3o Continuada de Educadores"}]},{"@type":"WebSite","@id":"https:\/\/noticiasemdestaque.com\/cd\/#website","url":"https:\/\/noticiasemdestaque.com\/cd\/","name":"Not&iacute;cias em Destaque","description":"","publisher":{"@id":"https:\/\/noticiasemdestaque.com\/cd\/#organization"},"potentialAction":[{"@type":"SearchAction","target":{"@type":"EntryPoint","urlTemplate":"https:\/\/noticiasemdestaque.com\/cd\/?s={search_term_string}"},"query-input":{"@type":"PropertyValueSpecification","valueRequired":true,"valueName":"search_term_string"}}],"inLanguage":"pt-BR"},{"@type":"Organization","@id":"https:\/\/noticiasemdestaque.com\/cd\/#organization","name":"Not\u00edcias em Destaque","url":"https:\/\/noticiasemdestaque.com\/cd\/","logo":{"@type":"ImageObject","inLanguage":"pt-BR","@id":"https:\/\/noticiasemdestaque.com\/cd\/#\/schema\/logo\/image\/","url":"https:\/\/noticiasemdestaque.com\/cd\/wp-content\/uploads\/2022\/05\/imagem-base-noticiasemdestaque.png","contentUrl":"https:\/\/noticiasemdestaque.com\/cd\/wp-content\/uploads\/2022\/05\/imagem-base-noticiasemdestaque.png","width":1200,"height":630,"caption":"Not\u00edcias em Destaque"},"image":{"@id":"https:\/\/noticiasemdestaque.com\/cd\/#\/schema\/logo\/image\/"}},{"@type":"Person","@id":"https:\/\/noticiasemdestaque.com\/cd\/#\/schema\/person\/21320b03a7e8bb90128938dafc9b908a","name":"Not\u00edcias em Destaque","url":"https:\/\/noticiasemdestaque.com\/cd\/?author=2"}]}},"jetpack_featured_media_url":"https:\/\/noticiasemdestaque.com\/cd\/wp-content\/uploads\/2017\/09\/timthumb-1-4.jpg","jetpack_sharing_enabled":true,"_links":{"self":[{"href":"https:\/\/noticiasemdestaque.com\/cd\/index.php?rest_route=\/wp\/v2\/posts\/4785","targetHints":{"allow":["GET"]}}],"collection":[{"href":"https:\/\/noticiasemdestaque.com\/cd\/index.php?rest_route=\/wp\/v2\/posts"}],"about":[{"href":"https:\/\/noticiasemdestaque.com\/cd\/index.php?rest_route=\/wp\/v2\/types\/post"}],"author":[{"embeddable":true,"href":"https:\/\/noticiasemdestaque.com\/cd\/index.php?rest_route=\/wp\/v2\/users\/2"}],"replies":[{"embeddable":true,"href":"https:\/\/noticiasemdestaque.com\/cd\/index.php?rest_route=%2Fwp%2Fv2%2Fcomments&post=4785"}],"version-history":[{"count":1,"href":"https:\/\/noticiasemdestaque.com\/cd\/index.php?rest_route=\/wp\/v2\/posts\/4785\/revisions"}],"predecessor-version":[{"id":4786,"href":"https:\/\/noticiasemdestaque.com\/cd\/index.php?rest_route=\/wp\/v2\/posts\/4785\/revisions\/4786"}],"wp:featuredmedia":[{"embeddable":true,"href":"https:\/\/noticiasemdestaque.com\/cd\/index.php?rest_route=\/wp\/v2\/media\/4580"}],"wp:attachment":[{"href":"https:\/\/noticiasemdestaque.com\/cd\/index.php?rest_route=%2Fwp%2Fv2%2Fmedia&parent=4785"}],"wp:term":[{"taxonomy":"category","embeddable":true,"href":"https:\/\/noticiasemdestaque.com\/cd\/index.php?rest_route=%2Fwp%2Fv2%2Fcategories&post=4785"},{"taxonomy":"post_tag","embeddable":true,"href":"https:\/\/noticiasemdestaque.com\/cd\/index.php?rest_route=%2Fwp%2Fv2%2Ftags&post=4785"}],"curies":[{"name":"wp","href":"https:\/\/api.w.org\/{rel}","templated":true}]}}