{"id":47836,"date":"2023-04-24T08:49:22","date_gmt":"2023-04-24T11:49:22","guid":{"rendered":"https:\/\/noticiasemdestaque.com\/cd\/?p=47836"},"modified":"2023-04-24T08:49:22","modified_gmt":"2023-04-24T11:49:22","slug":"homem-e-alvejado-a-tiros-na-cidade-de-juazeirinho","status":"publish","type":"post","link":"https:\/\/noticiasemdestaque.com\/cd\/?p=47836","title":{"rendered":"Homem \u00e9 alvejado a tiros na cidade de Juazeirinho"},"content":{"rendered":"<p><a href=\"https:\/\/noticiasemdestaque.com\/cd\/wp-content\/uploads\/2020\/12\/arma_revolver_tiro.jpg\"><img fetchpriority=\"high\" decoding=\"async\" class=\"size-medium wp-image-28220 aligncenter\" src=\"https:\/\/noticiasemdestaque.com\/cd\/wp-content\/uploads\/2020\/12\/arma_revolver_tiro-300x248.jpg\" alt=\"\" width=\"300\" height=\"248\" srcset=\"https:\/\/noticiasemdestaque.com\/cd\/wp-content\/uploads\/2020\/12\/arma_revolver_tiro-300x248.jpg 300w, https:\/\/noticiasemdestaque.com\/cd\/wp-content\/uploads\/2020\/12\/arma_revolver_tiro.jpg 629w\" sizes=\"(max-width: 300px) 100vw, 300px\" \/><\/a><\/p>\n<p>Uma tentativa de homic\u00eddio aconteceu no conjunto Frei Dami\u00e3o, zona oeste da cidade de Juazeirinho, na noite deste domingo (23), quando um homem foi alvejado por tr\u00eas tiros de arma de fogo.<\/p>\n<p>&nbsp;<\/p>\n<p>O homem ainda n\u00e3o identificado, sobreviveu e foi levado ao Hospital Municipal, localizado no Alto da Bela Vista, zona norte da cidade.<\/p>\n<p>&nbsp;<\/p>\n<p>Em seguida, ele teve que ser transferido para o Hospital de Emerg\u00eancia e Trauma de Campina Grande, que fica a 83 quil\u00f4metros de dist\u00e2ncia de Juazeirinho.<\/p>\n<p>&nbsp;<\/p>\n<p>A Pol\u00edcia Militar (PM) fez rondas na regi\u00e3o, mas at\u00e9 o momento n\u00e3o h\u00e1 informa\u00e7\u00f5es sobre os suspeitos. A Pol\u00edcia Civil (PC), vai investigar o caso atrav\u00e9s da instaura\u00e7\u00e3o de um Inqu\u00e9rito Policial.<\/p>\n<p>&nbsp;<\/p>\n<p>Com Heleno Lima<\/p>\n","protected":false},"excerpt":{"rendered":"<p>Uma tentativa de homic\u00eddio aconteceu no conjunto Frei Dami\u00e3o, zona oeste da cidade de Juazeirinho, na noite deste domingo (23), quando um homem foi alvejado por tr\u00eas tiros de arma de fogo. &nbsp; O homem ainda n\u00e3o identificado, sobreviveu e foi levado ao Hospital Municipal, localizado no Alto da Bela Vista, zona norte da cidade. &nbsp; Em seguida, ele teve que ser transferido para o Hospital de Emerg\u00eancia e Trauma de Campina Grande, que fica a 83 quil\u00f4metros de dist\u00e2ncia de Juazeirinho. &nbsp; A Pol\u00edcia Militar (PM) fez rondas na regi\u00e3o, mas at\u00e9 o momento n\u00e3o h\u00e1 informa\u00e7\u00f5es sobre os suspeitos. A Pol\u00edcia Civil (PC), vai investigar o caso atrav\u00e9s da instaura\u00e7\u00e3o de um Inqu\u00e9rito Policial. &nbsp; Com Heleno Lima<\/p>\n","protected":false},"author":2,"featured_media":28220,"comment_status":"closed","ping_status":"open","sticky":false,"template":"","format":"standard","meta":{"_eb_attr":"","_jetpack_memberships_contains_paid_content":false,"footnotes":""},"categories":[20],"tags":[],"class_list":["post-47836","post","type-post","status-publish","format-standard","has-post-thumbnail","hentry","category-policia"],"yoast_head":"<!-- This site is optimized with the Yoast SEO plugin v26.5 - https:\/\/yoast.com\/wordpress\/plugins\/seo\/ -->\n<title>Homem \u00e9 alvejado a tiros na cidade de Juazeirinho - Not&iacute;cias em Destaque<\/title>\n<meta name=\"robots\" content=\"index, follow, max-snippet:-1, max-image-preview:large, max-video-preview:-1\" \/>\n<link rel=\"canonical\" href=\"https:\/\/noticiasemdestaque.com\/cd\/?p=47836\" \/>\n<meta property=\"og:locale\" content=\"pt_BR\" \/>\n<meta property=\"og:type\" content=\"article\" \/>\n<meta property=\"og:title\" content=\"Homem \u00e9 alvejado a tiros na cidade de Juazeirinho - Not&iacute;cias em Destaque\" \/>\n<meta property=\"og:description\" content=\"Uma tentativa de homic\u00eddio aconteceu no conjunto Frei Dami\u00e3o, zona oeste da cidade de Juazeirinho, na noite deste domingo (23), quando um homem foi alvejado por tr\u00eas tiros de arma de fogo. &nbsp; O homem ainda n\u00e3o identificado, sobreviveu e foi levado ao Hospital Municipal, localizado no Alto da Bela Vista, zona norte da cidade. &nbsp; Em seguida, ele teve que ser transferido para o Hospital de Emerg\u00eancia e Trauma de Campina Grande, que fica a 83 quil\u00f4metros de dist\u00e2ncia de Juazeirinho. &nbsp; A Pol\u00edcia Militar (PM) fez rondas na regi\u00e3o, mas at\u00e9 o momento n\u00e3o h\u00e1 informa\u00e7\u00f5es sobre os suspeitos. A Pol\u00edcia Civil (PC), vai investigar o caso atrav\u00e9s da instaura\u00e7\u00e3o de um Inqu\u00e9rito Policial. &nbsp; Com Heleno Lima\" \/>\n<meta property=\"og:url\" content=\"https:\/\/noticiasemdestaque.com\/cd\/?p=47836\" \/>\n<meta property=\"og:site_name\" content=\"Not&iacute;cias em Destaque\" \/>\n<meta property=\"article:published_time\" content=\"2023-04-24T11:49:22+00:00\" \/>\n<meta property=\"og:image\" content=\"https:\/\/noticiasemdestaque.com\/cd\/wp-content\/uploads\/2020\/12\/arma_revolver_tiro.jpg\" \/>\n\t<meta property=\"og:image:width\" content=\"629\" \/>\n\t<meta property=\"og:image:height\" content=\"520\" \/>\n\t<meta property=\"og:image:type\" content=\"image\/jpeg\" \/>\n<meta name=\"author\" content=\"Not\u00edcias em Destaque\" \/>\n<meta name=\"twitter:card\" content=\"summary_large_image\" \/>\n<meta name=\"twitter:label1\" content=\"Escrito por\" \/>\n\t<meta name=\"twitter:data1\" content=\"Not\u00edcias em Destaque\" \/>\n\t<meta name=\"twitter:label2\" content=\"Est. tempo de leitura\" \/>\n\t<meta name=\"twitter:data2\" content=\"1 minuto\" \/>\n<script type=\"application\/ld+json\" class=\"yoast-schema-graph\">{\"@context\":\"https:\/\/schema.org\",\"@graph\":[{\"@type\":\"Article\",\"@id\":\"https:\/\/noticiasemdestaque.com\/cd\/?p=47836#article\",\"isPartOf\":{\"@id\":\"https:\/\/noticiasemdestaque.com\/cd\/?p=47836\"},\"author\":{\"name\":\"Not\u00edcias em Destaque\",\"@id\":\"https:\/\/noticiasemdestaque.com\/cd\/#\/schema\/person\/47f7d4f55eec17c6b2ca036c5500f6ce\"},\"headline\":\"Homem \u00e9 alvejado a tiros na cidade de Juazeirinho\",\"datePublished\":\"2023-04-24T11:49:22+00:00\",\"mainEntityOfPage\":{\"@id\":\"https:\/\/noticiasemdestaque.com\/cd\/?p=47836\"},\"wordCount\":141,\"publisher\":{\"@id\":\"https:\/\/noticiasemdestaque.com\/cd\/#organization\"},\"image\":{\"@id\":\"https:\/\/noticiasemdestaque.com\/cd\/?p=47836#primaryimage\"},\"thumbnailUrl\":\"https:\/\/noticiasemdestaque.com\/cd\/wp-content\/uploads\/2020\/12\/arma_revolver_tiro.jpg\",\"articleSection\":[\"Pol\u00edcia\"],\"inLanguage\":\"pt-BR\"},{\"@type\":\"WebPage\",\"@id\":\"https:\/\/noticiasemdestaque.com\/cd\/?p=47836\",\"url\":\"https:\/\/noticiasemdestaque.com\/cd\/?p=47836\",\"name\":\"Homem \u00e9 alvejado a tiros na cidade de Juazeirinho - Not&iacute;cias em Destaque\",\"isPartOf\":{\"@id\":\"https:\/\/noticiasemdestaque.com\/cd\/#website\"},\"primaryImageOfPage\":{\"@id\":\"https:\/\/noticiasemdestaque.com\/cd\/?p=47836#primaryimage\"},\"image\":{\"@id\":\"https:\/\/noticiasemdestaque.com\/cd\/?p=47836#primaryimage\"},\"thumbnailUrl\":\"https:\/\/noticiasemdestaque.com\/cd\/wp-content\/uploads\/2020\/12\/arma_revolver_tiro.jpg\",\"datePublished\":\"2023-04-24T11:49:22+00:00\",\"breadcrumb\":{\"@id\":\"https:\/\/noticiasemdestaque.com\/cd\/?p=47836#breadcrumb\"},\"inLanguage\":\"pt-BR\",\"potentialAction\":[{\"@type\":\"ReadAction\",\"target\":[\"https:\/\/noticiasemdestaque.com\/cd\/?p=47836\"]}]},{\"@type\":\"ImageObject\",\"inLanguage\":\"pt-BR\",\"@id\":\"https:\/\/noticiasemdestaque.com\/cd\/?p=47836#primaryimage\",\"url\":\"https:\/\/noticiasemdestaque.com\/cd\/wp-content\/uploads\/2020\/12\/arma_revolver_tiro.jpg\",\"contentUrl\":\"https:\/\/noticiasemdestaque.com\/cd\/wp-content\/uploads\/2020\/12\/arma_revolver_tiro.jpg\",\"width\":629,\"height\":520},{\"@type\":\"BreadcrumbList\",\"@id\":\"https:\/\/noticiasemdestaque.com\/cd\/?p=47836#breadcrumb\",\"itemListElement\":[{\"@type\":\"ListItem\",\"position\":1,\"name\":\"In\u00edcio\",\"item\":\"https:\/\/noticiasemdestaque.com\/cd\/\"},{\"@type\":\"ListItem\",\"position\":2,\"name\":\"Homem \u00e9 alvejado a tiros na cidade de Juazeirinho\"}]},{\"@type\":\"WebSite\",\"@id\":\"https:\/\/noticiasemdestaque.com\/cd\/#website\",\"url\":\"https:\/\/noticiasemdestaque.com\/cd\/\",\"name\":\"Not&iacute;cias em Destaque\",\"description\":\"\",\"publisher\":{\"@id\":\"https:\/\/noticiasemdestaque.com\/cd\/#organization\"},\"potentialAction\":[{\"@type\":\"SearchAction\",\"target\":{\"@type\":\"EntryPoint\",\"urlTemplate\":\"https:\/\/noticiasemdestaque.com\/cd\/?s={search_term_string}\"},\"query-input\":{\"@type\":\"PropertyValueSpecification\",\"valueRequired\":true,\"valueName\":\"search_term_string\"}}],\"inLanguage\":\"pt-BR\"},{\"@type\":\"Organization\",\"@id\":\"https:\/\/noticiasemdestaque.com\/cd\/#organization\",\"name\":\"Not\u00edcias em Destaque\",\"url\":\"https:\/\/noticiasemdestaque.com\/cd\/\",\"logo\":{\"@type\":\"ImageObject\",\"inLanguage\":\"pt-BR\",\"@id\":\"https:\/\/noticiasemdestaque.com\/cd\/#\/schema\/logo\/image\/\",\"url\":\"https:\/\/noticiasemdestaque.com\/cd\/wp-content\/uploads\/2022\/05\/imagem-base-noticiasemdestaque.png\",\"contentUrl\":\"https:\/\/noticiasemdestaque.com\/cd\/wp-content\/uploads\/2022\/05\/imagem-base-noticiasemdestaque.png\",\"width\":1200,\"height\":630,\"caption\":\"Not\u00edcias em Destaque\"},\"image\":{\"@id\":\"https:\/\/noticiasemdestaque.com\/cd\/#\/schema\/logo\/image\/\"}},{\"@type\":\"Person\",\"@id\":\"https:\/\/noticiasemdestaque.com\/cd\/#\/schema\/person\/47f7d4f55eec17c6b2ca036c5500f6ce\",\"name\":\"Not\u00edcias em Destaque\",\"url\":\"https:\/\/noticiasemdestaque.com\/cd\/?author=2\"}]}<\/script>\n<!-- \/ Yoast SEO plugin. -->","yoast_head_json":{"title":"Homem \u00e9 alvejado a tiros na cidade de Juazeirinho - Not&iacute;cias em Destaque","robots":{"index":"index","follow":"follow","max-snippet":"max-snippet:-1","max-image-preview":"max-image-preview:large","max-video-preview":"max-video-preview:-1"},"canonical":"https:\/\/noticiasemdestaque.com\/cd\/?p=47836","og_locale":"pt_BR","og_type":"article","og_title":"Homem \u00e9 alvejado a tiros na cidade de Juazeirinho - Not&iacute;cias em Destaque","og_description":"Uma tentativa de homic\u00eddio aconteceu no conjunto Frei Dami\u00e3o, zona oeste da cidade de Juazeirinho, na noite deste domingo (23), quando um homem foi alvejado por tr\u00eas tiros de arma de fogo. &nbsp; O homem ainda n\u00e3o identificado, sobreviveu e foi levado ao Hospital Municipal, localizado no Alto da Bela Vista, zona norte da cidade. &nbsp; Em seguida, ele teve que ser transferido para o Hospital de Emerg\u00eancia e Trauma de Campina Grande, que fica a 83 quil\u00f4metros de dist\u00e2ncia de Juazeirinho. &nbsp; A Pol\u00edcia Militar (PM) fez rondas na regi\u00e3o, mas at\u00e9 o momento n\u00e3o h\u00e1 informa\u00e7\u00f5es sobre os suspeitos. A Pol\u00edcia Civil (PC), vai investigar o caso atrav\u00e9s da instaura\u00e7\u00e3o de um Inqu\u00e9rito Policial. &nbsp; Com Heleno Lima","og_url":"https:\/\/noticiasemdestaque.com\/cd\/?p=47836","og_site_name":"Not&iacute;cias em Destaque","article_published_time":"2023-04-24T11:49:22+00:00","og_image":[{"width":629,"height":520,"url":"https:\/\/noticiasemdestaque.com\/cd\/wp-content\/uploads\/2020\/12\/arma_revolver_tiro.jpg","type":"image\/jpeg"}],"author":"Not\u00edcias em Destaque","twitter_card":"summary_large_image","twitter_misc":{"Escrito por":"Not\u00edcias em Destaque","Est. tempo de leitura":"1 minuto"},"schema":{"@context":"https:\/\/schema.org","@graph":[{"@type":"Article","@id":"https:\/\/noticiasemdestaque.com\/cd\/?p=47836#article","isPartOf":{"@id":"https:\/\/noticiasemdestaque.com\/cd\/?p=47836"},"author":{"name":"Not\u00edcias em Destaque","@id":"https:\/\/noticiasemdestaque.com\/cd\/#\/schema\/person\/47f7d4f55eec17c6b2ca036c5500f6ce"},"headline":"Homem \u00e9 alvejado a tiros na cidade de Juazeirinho","datePublished":"2023-04-24T11:49:22+00:00","mainEntityOfPage":{"@id":"https:\/\/noticiasemdestaque.com\/cd\/?p=47836"},"wordCount":141,"publisher":{"@id":"https:\/\/noticiasemdestaque.com\/cd\/#organization"},"image":{"@id":"https:\/\/noticiasemdestaque.com\/cd\/?p=47836#primaryimage"},"thumbnailUrl":"https:\/\/noticiasemdestaque.com\/cd\/wp-content\/uploads\/2020\/12\/arma_revolver_tiro.jpg","articleSection":["Pol\u00edcia"],"inLanguage":"pt-BR"},{"@type":"WebPage","@id":"https:\/\/noticiasemdestaque.com\/cd\/?p=47836","url":"https:\/\/noticiasemdestaque.com\/cd\/?p=47836","name":"Homem \u00e9 alvejado a tiros na cidade de Juazeirinho - Not&iacute;cias em Destaque","isPartOf":{"@id":"https:\/\/noticiasemdestaque.com\/cd\/#website"},"primaryImageOfPage":{"@id":"https:\/\/noticiasemdestaque.com\/cd\/?p=47836#primaryimage"},"image":{"@id":"https:\/\/noticiasemdestaque.com\/cd\/?p=47836#primaryimage"},"thumbnailUrl":"https:\/\/noticiasemdestaque.com\/cd\/wp-content\/uploads\/2020\/12\/arma_revolver_tiro.jpg","datePublished":"2023-04-24T11:49:22+00:00","breadcrumb":{"@id":"https:\/\/noticiasemdestaque.com\/cd\/?p=47836#breadcrumb"},"inLanguage":"pt-BR","potentialAction":[{"@type":"ReadAction","target":["https:\/\/noticiasemdestaque.com\/cd\/?p=47836"]}]},{"@type":"ImageObject","inLanguage":"pt-BR","@id":"https:\/\/noticiasemdestaque.com\/cd\/?p=47836#primaryimage","url":"https:\/\/noticiasemdestaque.com\/cd\/wp-content\/uploads\/2020\/12\/arma_revolver_tiro.jpg","contentUrl":"https:\/\/noticiasemdestaque.com\/cd\/wp-content\/uploads\/2020\/12\/arma_revolver_tiro.jpg","width":629,"height":520},{"@type":"BreadcrumbList","@id":"https:\/\/noticiasemdestaque.com\/cd\/?p=47836#breadcrumb","itemListElement":[{"@type":"ListItem","position":1,"name":"In\u00edcio","item":"https:\/\/noticiasemdestaque.com\/cd\/"},{"@type":"ListItem","position":2,"name":"Homem \u00e9 alvejado a tiros na cidade de Juazeirinho"}]},{"@type":"WebSite","@id":"https:\/\/noticiasemdestaque.com\/cd\/#website","url":"https:\/\/noticiasemdestaque.com\/cd\/","name":"Not&iacute;cias em Destaque","description":"","publisher":{"@id":"https:\/\/noticiasemdestaque.com\/cd\/#organization"},"potentialAction":[{"@type":"SearchAction","target":{"@type":"EntryPoint","urlTemplate":"https:\/\/noticiasemdestaque.com\/cd\/?s={search_term_string}"},"query-input":{"@type":"PropertyValueSpecification","valueRequired":true,"valueName":"search_term_string"}}],"inLanguage":"pt-BR"},{"@type":"Organization","@id":"https:\/\/noticiasemdestaque.com\/cd\/#organization","name":"Not\u00edcias em Destaque","url":"https:\/\/noticiasemdestaque.com\/cd\/","logo":{"@type":"ImageObject","inLanguage":"pt-BR","@id":"https:\/\/noticiasemdestaque.com\/cd\/#\/schema\/logo\/image\/","url":"https:\/\/noticiasemdestaque.com\/cd\/wp-content\/uploads\/2022\/05\/imagem-base-noticiasemdestaque.png","contentUrl":"https:\/\/noticiasemdestaque.com\/cd\/wp-content\/uploads\/2022\/05\/imagem-base-noticiasemdestaque.png","width":1200,"height":630,"caption":"Not\u00edcias em Destaque"},"image":{"@id":"https:\/\/noticiasemdestaque.com\/cd\/#\/schema\/logo\/image\/"}},{"@type":"Person","@id":"https:\/\/noticiasemdestaque.com\/cd\/#\/schema\/person\/47f7d4f55eec17c6b2ca036c5500f6ce","name":"Not\u00edcias em Destaque","url":"https:\/\/noticiasemdestaque.com\/cd\/?author=2"}]}},"jetpack_featured_media_url":"https:\/\/noticiasemdestaque.com\/cd\/wp-content\/uploads\/2020\/12\/arma_revolver_tiro.jpg","jetpack_sharing_enabled":true,"_links":{"self":[{"href":"https:\/\/noticiasemdestaque.com\/cd\/index.php?rest_route=\/wp\/v2\/posts\/47836","targetHints":{"allow":["GET"]}}],"collection":[{"href":"https:\/\/noticiasemdestaque.com\/cd\/index.php?rest_route=\/wp\/v2\/posts"}],"about":[{"href":"https:\/\/noticiasemdestaque.com\/cd\/index.php?rest_route=\/wp\/v2\/types\/post"}],"author":[{"embeddable":true,"href":"https:\/\/noticiasemdestaque.com\/cd\/index.php?rest_route=\/wp\/v2\/users\/2"}],"replies":[{"embeddable":true,"href":"https:\/\/noticiasemdestaque.com\/cd\/index.php?rest_route=%2Fwp%2Fv2%2Fcomments&post=47836"}],"version-history":[{"count":1,"href":"https:\/\/noticiasemdestaque.com\/cd\/index.php?rest_route=\/wp\/v2\/posts\/47836\/revisions"}],"predecessor-version":[{"id":47837,"href":"https:\/\/noticiasemdestaque.com\/cd\/index.php?rest_route=\/wp\/v2\/posts\/47836\/revisions\/47837"}],"wp:featuredmedia":[{"embeddable":true,"href":"https:\/\/noticiasemdestaque.com\/cd\/index.php?rest_route=\/wp\/v2\/media\/28220"}],"wp:attachment":[{"href":"https:\/\/noticiasemdestaque.com\/cd\/index.php?rest_route=%2Fwp%2Fv2%2Fmedia&parent=47836"}],"wp:term":[{"taxonomy":"category","embeddable":true,"href":"https:\/\/noticiasemdestaque.com\/cd\/index.php?rest_route=%2Fwp%2Fv2%2Fcategories&post=47836"},{"taxonomy":"post_tag","embeddable":true,"href":"https:\/\/noticiasemdestaque.com\/cd\/index.php?rest_route=%2Fwp%2Fv2%2Ftags&post=47836"}],"curies":[{"name":"wp","href":"https:\/\/api.w.org\/{rel}","templated":true}]}}