{"id":4782,"date":"2017-09-30T18:11:03","date_gmt":"2017-09-30T21:11:03","guid":{"rendered":"http:\/\/caririemdestaque.com\/cd\/?p=4782"},"modified":"2017-09-30T18:11:03","modified_gmt":"2017-09-30T21:11:03","slug":"mppb-apura-improbidade-em-mais-uma-prefeitura-no-cariri","status":"publish","type":"post","link":"https:\/\/noticiasemdestaque.com\/cd\/?p=4782","title":{"rendered":"MPPB apura improbidade em mais uma prefeitura no Cariri"},"content":{"rendered":"<p><a href=\"http:\/\/caririemdestaque.com\/cd\/wp-content\/uploads\/2017\/09\/mppb.jpg\"><img decoding=\"async\" class=\"size-thumbnail wp-image-4783 alignleft\" src=\"http:\/\/caririemdestaque.com\/cd\/wp-content\/uploads\/2017\/09\/mppb-150x150.jpg\" alt=\"\" width=\"150\" height=\"150\" \/><\/a>O\u00a0 Minist\u00e9rio P\u00fablico da Para\u00edba (MPPB) instaurou inqu\u00e9rito para apurar suposta improbidade administrativa em S\u00e3o Sebasti\u00e3o do Umbuzeiro.<\/p>\n<p>O prefeito da cidade, Adriano Wolff (DEM), \u00e9 acusado de ter alterado as cores dos pr\u00e9dios p\u00fablicos da cidade para coincidir com os da campanha eleitoral dele. Mas n\u00e3o apenas isso.<\/p>\n<p>O alinhamento incluiria tamb\u00e9m a mudan\u00e7a do n\u00famero da Prefeitura para coincidir com o do partido, o 25 do partido Democratas.<\/p>\n<p>A investiga\u00e7\u00e3o foi definida pelo promotor de Justi\u00e7a de Monteiro, Diogo D\u2019Argolla Pedrosa Galv\u00e3o. A den\u00fancia foi protocolada por vereadores da cidade, inconformados com as mudan\u00e7as feitas pelo prefeito. Segundo o promotor, a medida visa \u201capurar a poss\u00edvel pr\u00e1tica de atos de improbidade administrativa pelo atual prefeito de S\u00e3o Sebasti\u00e3o do Umbuzeiro, Adriano Jer\u00f4nimo Wolff, consistente na viola\u00e7\u00e3o a princ\u00edpios da atividade estatal, notadamente impessoalidade, vez que teria alterado a cor de pr\u00e9dios e reparti\u00e7\u00f5es p\u00fablicas para coincidir com a cor da sua campanha pol\u00edtica, alterado n\u00famero de pr\u00e9dio p\u00fablico para que a numera\u00e7\u00e3o coincida com a numera\u00e7\u00e3o do partido ao qual \u00e9 filiado e ainda adotado como slogan da administra\u00e7\u00e3o o mesmo slogan da campanha pol\u00edtica\u201d.<\/p>\n<p>A reportagem tentou contato com o prefeito, mas ao ligar para o telefone existente no site da Prefeitura de S\u00e3o Sebasti\u00e3o do Umbuzeiro traz mensagem de inexistente.<br \/>\nFonte: Blog do Suetoni<\/p>\n","protected":false},"excerpt":{"rendered":"<p>O\u00a0 Minist\u00e9rio P\u00fablico da Para\u00edba (MPPB) instaurou inqu\u00e9rito para apurar suposta improbidade administrativa em S\u00e3o Sebasti\u00e3o do Umbuzeiro. O prefeito da cidade, Adriano Wolff (DEM), \u00e9 acusado de ter alterado as cores dos pr\u00e9dios p\u00fablicos da cidade para coincidir com os da campanha eleitoral dele. Mas n\u00e3o apenas isso. O alinhamento incluiria tamb\u00e9m a mudan\u00e7a do n\u00famero da Prefeitura para coincidir com o do partido, o 25 do partido Democratas. A investiga\u00e7\u00e3o foi definida pelo promotor de Justi\u00e7a de Monteiro, Diogo D\u2019Argolla Pedrosa Galv\u00e3o. A den\u00fancia foi protocolada por vereadores da cidade, inconformados com as mudan\u00e7as feitas pelo prefeito. Segundo o promotor, a medida visa \u201capurar a poss\u00edvel pr\u00e1tica de atos de improbidade administrativa pelo atual prefeito de S\u00e3o Sebasti\u00e3o do Umbuzeiro, Adriano Jer\u00f4nimo Wolff, consistente na viola\u00e7\u00e3o a princ\u00edpios da atividade estatal, notadamente impessoalidade, vez que teria alterado a cor de pr\u00e9dios e reparti\u00e7\u00f5es p\u00fablicas para coincidir com a cor da sua campanha pol\u00edtica, alterado n\u00famero de pr\u00e9dio p\u00fablico para que a numera\u00e7\u00e3o coincida com a numera\u00e7\u00e3o do partido ao qual \u00e9 filiado e ainda adotado como slogan da administra\u00e7\u00e3o o mesmo slogan da campanha pol\u00edtica\u201d. A reportagem tentou contato com o prefeito, mas ao ligar para o telefone existente no site da Prefeitura de S\u00e3o Sebasti\u00e3o do Umbuzeiro traz mensagem de inexistente. Fonte: Blog do Suetoni<\/p>\n","protected":false},"author":2,"featured_media":4783,"comment_status":"closed","ping_status":"open","sticky":false,"template":"","format":"standard","meta":{"_eb_attr":"","_jetpack_memberships_contains_paid_content":false,"footnotes":""},"categories":[3],"tags":[],"class_list":["post-4782","post","type-post","status-publish","format-standard","has-post-thumbnail","hentry","category-cidades"],"yoast_head":"<!-- This site is optimized with the Yoast SEO plugin v26.5 - https:\/\/yoast.com\/wordpress\/plugins\/seo\/ -->\n<title>MPPB apura improbidade em mais uma prefeitura no Cariri - Not&iacute;cias em Destaque<\/title>\n<meta name=\"robots\" content=\"index, follow, max-snippet:-1, max-image-preview:large, max-video-preview:-1\" \/>\n<link rel=\"canonical\" href=\"https:\/\/noticiasemdestaque.com\/cd\/?p=4782\" \/>\n<meta property=\"og:locale\" content=\"pt_BR\" \/>\n<meta property=\"og:type\" content=\"article\" \/>\n<meta property=\"og:title\" content=\"MPPB apura improbidade em mais uma prefeitura no Cariri - Not&iacute;cias em Destaque\" \/>\n<meta property=\"og:description\" content=\"O\u00a0 Minist\u00e9rio P\u00fablico da Para\u00edba (MPPB) instaurou inqu\u00e9rito para apurar suposta improbidade administrativa em S\u00e3o Sebasti\u00e3o do Umbuzeiro. O prefeito da cidade, Adriano Wolff (DEM), \u00e9 acusado de ter alterado as cores dos pr\u00e9dios p\u00fablicos da cidade para coincidir com os da campanha eleitoral dele. Mas n\u00e3o apenas isso. O alinhamento incluiria tamb\u00e9m a mudan\u00e7a do n\u00famero da Prefeitura para coincidir com o do partido, o 25 do partido Democratas. A investiga\u00e7\u00e3o foi definida pelo promotor de Justi\u00e7a de Monteiro, Diogo D\u2019Argolla Pedrosa Galv\u00e3o. A den\u00fancia foi protocolada por vereadores da cidade, inconformados com as mudan\u00e7as feitas pelo prefeito. Segundo o promotor, a medida visa \u201capurar a poss\u00edvel pr\u00e1tica de atos de improbidade administrativa pelo atual prefeito de S\u00e3o Sebasti\u00e3o do Umbuzeiro, Adriano Jer\u00f4nimo Wolff, consistente na viola\u00e7\u00e3o a princ\u00edpios da atividade estatal, notadamente impessoalidade, vez que teria alterado a cor de pr\u00e9dios e reparti\u00e7\u00f5es p\u00fablicas para coincidir com a cor da sua campanha pol\u00edtica, alterado n\u00famero de pr\u00e9dio p\u00fablico para que a numera\u00e7\u00e3o coincida com a numera\u00e7\u00e3o do partido ao qual \u00e9 filiado e ainda adotado como slogan da administra\u00e7\u00e3o o mesmo slogan da campanha pol\u00edtica\u201d. A reportagem tentou contato com o prefeito, mas ao ligar para o telefone existente no site da Prefeitura de S\u00e3o Sebasti\u00e3o do Umbuzeiro traz mensagem de inexistente. Fonte: Blog do Suetoni\" \/>\n<meta property=\"og:url\" content=\"https:\/\/noticiasemdestaque.com\/cd\/?p=4782\" \/>\n<meta property=\"og:site_name\" content=\"Not&iacute;cias em Destaque\" \/>\n<meta property=\"article:published_time\" content=\"2017-09-30T21:11:03+00:00\" \/>\n<meta property=\"og:image\" content=\"https:\/\/noticiasemdestaque.com\/cd\/wp-content\/uploads\/2017\/09\/mppb.jpg\" \/>\n\t<meta property=\"og:image:width\" content=\"470\" \/>\n\t<meta property=\"og:image:height\" content=\"315\" \/>\n\t<meta property=\"og:image:type\" content=\"image\/jpeg\" \/>\n<meta name=\"author\" content=\"Not\u00edcias em Destaque\" \/>\n<meta name=\"twitter:card\" content=\"summary_large_image\" \/>\n<meta name=\"twitter:label1\" content=\"Escrito por\" \/>\n\t<meta name=\"twitter:data1\" content=\"Not\u00edcias em Destaque\" \/>\n\t<meta name=\"twitter:label2\" content=\"Est. tempo de leitura\" \/>\n\t<meta name=\"twitter:data2\" content=\"1 minuto\" \/>\n<script type=\"application\/ld+json\" class=\"yoast-schema-graph\">{\"@context\":\"https:\/\/schema.org\",\"@graph\":[{\"@type\":\"Article\",\"@id\":\"https:\/\/noticiasemdestaque.com\/cd\/?p=4782#article\",\"isPartOf\":{\"@id\":\"https:\/\/noticiasemdestaque.com\/cd\/?p=4782\"},\"author\":{\"name\":\"Not\u00edcias em Destaque\",\"@id\":\"https:\/\/noticiasemdestaque.com\/cd\/#\/schema\/person\/21320b03a7e8bb90128938dafc9b908a\"},\"headline\":\"MPPB apura improbidade em mais uma prefeitura no Cariri\",\"datePublished\":\"2017-09-30T21:11:03+00:00\",\"mainEntityOfPage\":{\"@id\":\"https:\/\/noticiasemdestaque.com\/cd\/?p=4782\"},\"wordCount\":262,\"publisher\":{\"@id\":\"https:\/\/noticiasemdestaque.com\/cd\/#organization\"},\"image\":{\"@id\":\"https:\/\/noticiasemdestaque.com\/cd\/?p=4782#primaryimage\"},\"thumbnailUrl\":\"https:\/\/noticiasemdestaque.com\/cd\/wp-content\/uploads\/2017\/09\/mppb.jpg\",\"articleSection\":[\"Cidades\"],\"inLanguage\":\"pt-BR\"},{\"@type\":\"WebPage\",\"@id\":\"https:\/\/noticiasemdestaque.com\/cd\/?p=4782\",\"url\":\"https:\/\/noticiasemdestaque.com\/cd\/?p=4782\",\"name\":\"MPPB apura improbidade em mais uma prefeitura no Cariri - Not&iacute;cias em Destaque\",\"isPartOf\":{\"@id\":\"https:\/\/noticiasemdestaque.com\/cd\/#website\"},\"primaryImageOfPage\":{\"@id\":\"https:\/\/noticiasemdestaque.com\/cd\/?p=4782#primaryimage\"},\"image\":{\"@id\":\"https:\/\/noticiasemdestaque.com\/cd\/?p=4782#primaryimage\"},\"thumbnailUrl\":\"https:\/\/noticiasemdestaque.com\/cd\/wp-content\/uploads\/2017\/09\/mppb.jpg\",\"datePublished\":\"2017-09-30T21:11:03+00:00\",\"breadcrumb\":{\"@id\":\"https:\/\/noticiasemdestaque.com\/cd\/?p=4782#breadcrumb\"},\"inLanguage\":\"pt-BR\",\"potentialAction\":[{\"@type\":\"ReadAction\",\"target\":[\"https:\/\/noticiasemdestaque.com\/cd\/?p=4782\"]}]},{\"@type\":\"ImageObject\",\"inLanguage\":\"pt-BR\",\"@id\":\"https:\/\/noticiasemdestaque.com\/cd\/?p=4782#primaryimage\",\"url\":\"https:\/\/noticiasemdestaque.com\/cd\/wp-content\/uploads\/2017\/09\/mppb.jpg\",\"contentUrl\":\"https:\/\/noticiasemdestaque.com\/cd\/wp-content\/uploads\/2017\/09\/mppb.jpg\",\"width\":470,\"height\":315},{\"@type\":\"BreadcrumbList\",\"@id\":\"https:\/\/noticiasemdestaque.com\/cd\/?p=4782#breadcrumb\",\"itemListElement\":[{\"@type\":\"ListItem\",\"position\":1,\"name\":\"In\u00edcio\",\"item\":\"https:\/\/noticiasemdestaque.com\/cd\/\"},{\"@type\":\"ListItem\",\"position\":2,\"name\":\"MPPB apura improbidade em mais uma prefeitura no Cariri\"}]},{\"@type\":\"WebSite\",\"@id\":\"https:\/\/noticiasemdestaque.com\/cd\/#website\",\"url\":\"https:\/\/noticiasemdestaque.com\/cd\/\",\"name\":\"Not&iacute;cias em Destaque\",\"description\":\"\",\"publisher\":{\"@id\":\"https:\/\/noticiasemdestaque.com\/cd\/#organization\"},\"potentialAction\":[{\"@type\":\"SearchAction\",\"target\":{\"@type\":\"EntryPoint\",\"urlTemplate\":\"https:\/\/noticiasemdestaque.com\/cd\/?s={search_term_string}\"},\"query-input\":{\"@type\":\"PropertyValueSpecification\",\"valueRequired\":true,\"valueName\":\"search_term_string\"}}],\"inLanguage\":\"pt-BR\"},{\"@type\":\"Organization\",\"@id\":\"https:\/\/noticiasemdestaque.com\/cd\/#organization\",\"name\":\"Not\u00edcias em Destaque\",\"url\":\"https:\/\/noticiasemdestaque.com\/cd\/\",\"logo\":{\"@type\":\"ImageObject\",\"inLanguage\":\"pt-BR\",\"@id\":\"https:\/\/noticiasemdestaque.com\/cd\/#\/schema\/logo\/image\/\",\"url\":\"https:\/\/noticiasemdestaque.com\/cd\/wp-content\/uploads\/2022\/05\/imagem-base-noticiasemdestaque.png\",\"contentUrl\":\"https:\/\/noticiasemdestaque.com\/cd\/wp-content\/uploads\/2022\/05\/imagem-base-noticiasemdestaque.png\",\"width\":1200,\"height\":630,\"caption\":\"Not\u00edcias em Destaque\"},\"image\":{\"@id\":\"https:\/\/noticiasemdestaque.com\/cd\/#\/schema\/logo\/image\/\"}},{\"@type\":\"Person\",\"@id\":\"https:\/\/noticiasemdestaque.com\/cd\/#\/schema\/person\/21320b03a7e8bb90128938dafc9b908a\",\"name\":\"Not\u00edcias em Destaque\",\"url\":\"https:\/\/noticiasemdestaque.com\/cd\/?author=2\"}]}<\/script>\n<!-- \/ Yoast SEO plugin. -->","yoast_head_json":{"title":"MPPB apura improbidade em mais uma prefeitura no Cariri - Not&iacute;cias em Destaque","robots":{"index":"index","follow":"follow","max-snippet":"max-snippet:-1","max-image-preview":"max-image-preview:large","max-video-preview":"max-video-preview:-1"},"canonical":"https:\/\/noticiasemdestaque.com\/cd\/?p=4782","og_locale":"pt_BR","og_type":"article","og_title":"MPPB apura improbidade em mais uma prefeitura no Cariri - Not&iacute;cias em Destaque","og_description":"O\u00a0 Minist\u00e9rio P\u00fablico da Para\u00edba (MPPB) instaurou inqu\u00e9rito para apurar suposta improbidade administrativa em S\u00e3o Sebasti\u00e3o do Umbuzeiro. O prefeito da cidade, Adriano Wolff (DEM), \u00e9 acusado de ter alterado as cores dos pr\u00e9dios p\u00fablicos da cidade para coincidir com os da campanha eleitoral dele. Mas n\u00e3o apenas isso. O alinhamento incluiria tamb\u00e9m a mudan\u00e7a do n\u00famero da Prefeitura para coincidir com o do partido, o 25 do partido Democratas. A investiga\u00e7\u00e3o foi definida pelo promotor de Justi\u00e7a de Monteiro, Diogo D\u2019Argolla Pedrosa Galv\u00e3o. A den\u00fancia foi protocolada por vereadores da cidade, inconformados com as mudan\u00e7as feitas pelo prefeito. Segundo o promotor, a medida visa \u201capurar a poss\u00edvel pr\u00e1tica de atos de improbidade administrativa pelo atual prefeito de S\u00e3o Sebasti\u00e3o do Umbuzeiro, Adriano Jer\u00f4nimo Wolff, consistente na viola\u00e7\u00e3o a princ\u00edpios da atividade estatal, notadamente impessoalidade, vez que teria alterado a cor de pr\u00e9dios e reparti\u00e7\u00f5es p\u00fablicas para coincidir com a cor da sua campanha pol\u00edtica, alterado n\u00famero de pr\u00e9dio p\u00fablico para que a numera\u00e7\u00e3o coincida com a numera\u00e7\u00e3o do partido ao qual \u00e9 filiado e ainda adotado como slogan da administra\u00e7\u00e3o o mesmo slogan da campanha pol\u00edtica\u201d. A reportagem tentou contato com o prefeito, mas ao ligar para o telefone existente no site da Prefeitura de S\u00e3o Sebasti\u00e3o do Umbuzeiro traz mensagem de inexistente. Fonte: Blog do Suetoni","og_url":"https:\/\/noticiasemdestaque.com\/cd\/?p=4782","og_site_name":"Not&iacute;cias em Destaque","article_published_time":"2017-09-30T21:11:03+00:00","og_image":[{"width":470,"height":315,"url":"https:\/\/noticiasemdestaque.com\/cd\/wp-content\/uploads\/2017\/09\/mppb.jpg","type":"image\/jpeg"}],"author":"Not\u00edcias em Destaque","twitter_card":"summary_large_image","twitter_misc":{"Escrito por":"Not\u00edcias em Destaque","Est. tempo de leitura":"1 minuto"},"schema":{"@context":"https:\/\/schema.org","@graph":[{"@type":"Article","@id":"https:\/\/noticiasemdestaque.com\/cd\/?p=4782#article","isPartOf":{"@id":"https:\/\/noticiasemdestaque.com\/cd\/?p=4782"},"author":{"name":"Not\u00edcias em Destaque","@id":"https:\/\/noticiasemdestaque.com\/cd\/#\/schema\/person\/21320b03a7e8bb90128938dafc9b908a"},"headline":"MPPB apura improbidade em mais uma prefeitura no Cariri","datePublished":"2017-09-30T21:11:03+00:00","mainEntityOfPage":{"@id":"https:\/\/noticiasemdestaque.com\/cd\/?p=4782"},"wordCount":262,"publisher":{"@id":"https:\/\/noticiasemdestaque.com\/cd\/#organization"},"image":{"@id":"https:\/\/noticiasemdestaque.com\/cd\/?p=4782#primaryimage"},"thumbnailUrl":"https:\/\/noticiasemdestaque.com\/cd\/wp-content\/uploads\/2017\/09\/mppb.jpg","articleSection":["Cidades"],"inLanguage":"pt-BR"},{"@type":"WebPage","@id":"https:\/\/noticiasemdestaque.com\/cd\/?p=4782","url":"https:\/\/noticiasemdestaque.com\/cd\/?p=4782","name":"MPPB apura improbidade em mais uma prefeitura no Cariri - Not&iacute;cias em Destaque","isPartOf":{"@id":"https:\/\/noticiasemdestaque.com\/cd\/#website"},"primaryImageOfPage":{"@id":"https:\/\/noticiasemdestaque.com\/cd\/?p=4782#primaryimage"},"image":{"@id":"https:\/\/noticiasemdestaque.com\/cd\/?p=4782#primaryimage"},"thumbnailUrl":"https:\/\/noticiasemdestaque.com\/cd\/wp-content\/uploads\/2017\/09\/mppb.jpg","datePublished":"2017-09-30T21:11:03+00:00","breadcrumb":{"@id":"https:\/\/noticiasemdestaque.com\/cd\/?p=4782#breadcrumb"},"inLanguage":"pt-BR","potentialAction":[{"@type":"ReadAction","target":["https:\/\/noticiasemdestaque.com\/cd\/?p=4782"]}]},{"@type":"ImageObject","inLanguage":"pt-BR","@id":"https:\/\/noticiasemdestaque.com\/cd\/?p=4782#primaryimage","url":"https:\/\/noticiasemdestaque.com\/cd\/wp-content\/uploads\/2017\/09\/mppb.jpg","contentUrl":"https:\/\/noticiasemdestaque.com\/cd\/wp-content\/uploads\/2017\/09\/mppb.jpg","width":470,"height":315},{"@type":"BreadcrumbList","@id":"https:\/\/noticiasemdestaque.com\/cd\/?p=4782#breadcrumb","itemListElement":[{"@type":"ListItem","position":1,"name":"In\u00edcio","item":"https:\/\/noticiasemdestaque.com\/cd\/"},{"@type":"ListItem","position":2,"name":"MPPB apura improbidade em mais uma prefeitura no Cariri"}]},{"@type":"WebSite","@id":"https:\/\/noticiasemdestaque.com\/cd\/#website","url":"https:\/\/noticiasemdestaque.com\/cd\/","name":"Not&iacute;cias em Destaque","description":"","publisher":{"@id":"https:\/\/noticiasemdestaque.com\/cd\/#organization"},"potentialAction":[{"@type":"SearchAction","target":{"@type":"EntryPoint","urlTemplate":"https:\/\/noticiasemdestaque.com\/cd\/?s={search_term_string}"},"query-input":{"@type":"PropertyValueSpecification","valueRequired":true,"valueName":"search_term_string"}}],"inLanguage":"pt-BR"},{"@type":"Organization","@id":"https:\/\/noticiasemdestaque.com\/cd\/#organization","name":"Not\u00edcias em Destaque","url":"https:\/\/noticiasemdestaque.com\/cd\/","logo":{"@type":"ImageObject","inLanguage":"pt-BR","@id":"https:\/\/noticiasemdestaque.com\/cd\/#\/schema\/logo\/image\/","url":"https:\/\/noticiasemdestaque.com\/cd\/wp-content\/uploads\/2022\/05\/imagem-base-noticiasemdestaque.png","contentUrl":"https:\/\/noticiasemdestaque.com\/cd\/wp-content\/uploads\/2022\/05\/imagem-base-noticiasemdestaque.png","width":1200,"height":630,"caption":"Not\u00edcias em Destaque"},"image":{"@id":"https:\/\/noticiasemdestaque.com\/cd\/#\/schema\/logo\/image\/"}},{"@type":"Person","@id":"https:\/\/noticiasemdestaque.com\/cd\/#\/schema\/person\/21320b03a7e8bb90128938dafc9b908a","name":"Not\u00edcias em Destaque","url":"https:\/\/noticiasemdestaque.com\/cd\/?author=2"}]}},"jetpack_featured_media_url":"https:\/\/noticiasemdestaque.com\/cd\/wp-content\/uploads\/2017\/09\/mppb.jpg","jetpack_sharing_enabled":true,"_links":{"self":[{"href":"https:\/\/noticiasemdestaque.com\/cd\/index.php?rest_route=\/wp\/v2\/posts\/4782","targetHints":{"allow":["GET"]}}],"collection":[{"href":"https:\/\/noticiasemdestaque.com\/cd\/index.php?rest_route=\/wp\/v2\/posts"}],"about":[{"href":"https:\/\/noticiasemdestaque.com\/cd\/index.php?rest_route=\/wp\/v2\/types\/post"}],"author":[{"embeddable":true,"href":"https:\/\/noticiasemdestaque.com\/cd\/index.php?rest_route=\/wp\/v2\/users\/2"}],"replies":[{"embeddable":true,"href":"https:\/\/noticiasemdestaque.com\/cd\/index.php?rest_route=%2Fwp%2Fv2%2Fcomments&post=4782"}],"version-history":[{"count":1,"href":"https:\/\/noticiasemdestaque.com\/cd\/index.php?rest_route=\/wp\/v2\/posts\/4782\/revisions"}],"predecessor-version":[{"id":4784,"href":"https:\/\/noticiasemdestaque.com\/cd\/index.php?rest_route=\/wp\/v2\/posts\/4782\/revisions\/4784"}],"wp:featuredmedia":[{"embeddable":true,"href":"https:\/\/noticiasemdestaque.com\/cd\/index.php?rest_route=\/wp\/v2\/media\/4783"}],"wp:attachment":[{"href":"https:\/\/noticiasemdestaque.com\/cd\/index.php?rest_route=%2Fwp%2Fv2%2Fmedia&parent=4782"}],"wp:term":[{"taxonomy":"category","embeddable":true,"href":"https:\/\/noticiasemdestaque.com\/cd\/index.php?rest_route=%2Fwp%2Fv2%2Fcategories&post=4782"},{"taxonomy":"post_tag","embeddable":true,"href":"https:\/\/noticiasemdestaque.com\/cd\/index.php?rest_route=%2Fwp%2Fv2%2Ftags&post=4782"}],"curies":[{"name":"wp","href":"https:\/\/api.w.org\/{rel}","templated":true}]}}