{"id":47797,"date":"2023-04-21T17:34:40","date_gmt":"2023-04-21T20:34:40","guid":{"rendered":"https:\/\/noticiasemdestaque.com\/cd\/?p=47797"},"modified":"2023-04-21T17:36:03","modified_gmt":"2023-04-21T20:36:03","slug":"brasil-conhece-os-adversarios-para-a-copa-do-mundo-sub-20","status":"publish","type":"post","link":"https:\/\/noticiasemdestaque.com\/cd\/?p=47797","title":{"rendered":"Brasil conhece os advers\u00e1rios para a Copa do Mundo Sub-20"},"content":{"rendered":"<div class=\"ArticleParagraph_articleParagraph__hR05e\">\n<p><strong><a href=\"https:\/\/noticiasemdestaque.com\/cd\/wp-content\/uploads\/2023\/04\/https___conteudo.cbf_.com_.br_cdn_thumbs_910x0_202304_20230421115419_956.png\"><img fetchpriority=\"high\" decoding=\"async\" class=\"size-medium wp-image-47798 alignleft\" src=\"https:\/\/noticiasemdestaque.com\/cd\/wp-content\/uploads\/2023\/04\/https___conteudo.cbf_.com_.br_cdn_thumbs_910x0_202304_20230421115419_956-300x225.png\" alt=\"\" width=\"300\" height=\"225\" srcset=\"https:\/\/noticiasemdestaque.com\/cd\/wp-content\/uploads\/2023\/04\/https___conteudo.cbf_.com_.br_cdn_thumbs_910x0_202304_20230421115419_956-300x225.png 300w, https:\/\/noticiasemdestaque.com\/cd\/wp-content\/uploads\/2023\/04\/https___conteudo.cbf_.com_.br_cdn_thumbs_910x0_202304_20230421115419_956-1024x768.png 1024w, https:\/\/noticiasemdestaque.com\/cd\/wp-content\/uploads\/2023\/04\/https___conteudo.cbf_.com_.br_cdn_thumbs_910x0_202304_20230421115419_956-768x576.png 768w, https:\/\/noticiasemdestaque.com\/cd\/wp-content\/uploads\/2023\/04\/https___conteudo.cbf_.com_.br_cdn_thumbs_910x0_202304_20230421115419_956-1536x1152.png 1536w, https:\/\/noticiasemdestaque.com\/cd\/wp-content\/uploads\/2023\/04\/https___conteudo.cbf_.com_.br_cdn_thumbs_910x0_202304_20230421115419_956-16x12.png 16w, https:\/\/noticiasemdestaque.com\/cd\/wp-content\/uploads\/2023\/04\/https___conteudo.cbf_.com_.br_cdn_thumbs_910x0_202304_20230421115419_956.png 1680w\" sizes=\"(max-width: 300px) 100vw, 300px\" \/><\/a>It\u00e1lia<\/strong>, <strong>Nig\u00e9ria<\/strong> e <strong>Rep\u00fablica Dominicana<\/strong>. Este \u00e9 o grupo do\u00a0<a href=\"https:\/\/onefootball.com\/pt-br\/time\/brasil-79\">Brasil<\/a> na <strong>Copa do Mundo FIFA<\/strong> Sub20 na Argentina. O sorteio foi feito nesta sexta-feira, em Zurique, na\u00a0sede da FIFA. A competi\u00e7\u00e3o tem in\u00edcio no dia <strong>20 de maio<\/strong>, com a grande final marcada para o dia <strong>11 de junho<\/strong>. O evento contou com os ex-jogadores Juan Pablo Sorin e David Trezeguet.<\/p>\n<\/div>\n<div class=\"ArticleParagraph_articleParagraph__hR05e\">\n<p>Campe\u00e3o pela \u00faltima vez em 2011, o\u00a0<a href=\"https:\/\/onefootball.com\/pt-br\/time\/brasil-79\">Brasil<\/a>\u00a0vai em busca do hexacampeonato. Al\u00e9m de 2011, equipe que contava com Philippe Coutinho, Dudu, Oscar, Danilo, Casemiro e Fernandinho, a Sele\u00e7\u00e3o Brasileira tamb\u00e9m conquistou o torneio nas edi\u00e7\u00f5es de 1983, 1985, 1993 e 2003.<\/p>\n<\/div>\n<div class=\"ArticleParagraph_articleParagraph__hR05e\">\n<p>A estreia do time canarinho ser\u00e1 contra a It\u00e1lia no dia 21, em Mendoza. A anfitri\u00e3 Argentina caiu no grupo A ao lado de Uzbequist\u00e3o, Guatemala e Nova Zel\u00e2ndia.<\/p>\n<\/div>\n<div class=\"ArticleParagraph_articleParagraph__hR05e\">\n<p>A convoca\u00e7\u00e3o do t\u00e9cnico Ramon Menezes para o Mundial est\u00e1 marcada para o dia 28 de abril. A equipe se apresenta na Granja Comary no dia 8 de maio para o in\u00edcio da prepara\u00e7\u00e3o.<\/p>\n<p><img decoding=\"async\" class=\"aligncenter\" src=\"https:\/\/img.band.uol.com.br\/image\/2023\/02\/13\/brasil-foi-campeao-do-sul-americano-sub-20-113811_800x450.webp\" alt=\"Jogadores destaques do Brasil no Sul-Americano sub-20 | Band\" width=\"628\" height=\"353\" \/><\/p>\n<p><strong>Noticias em Destaque<\/strong><\/p>\n<p style=\"text-align: right;\"><em>Com informa\u00e7\u00f5es de One Football<\/em><\/p>\n<\/div>\n","protected":false},"excerpt":{"rendered":"<p>It\u00e1lia, Nig\u00e9ria e Rep\u00fablica Dominicana. Este \u00e9 o grupo do\u00a0Brasil na Copa do Mundo FIFA Sub20 na Argentina. O sorteio foi feito nesta sexta-feira, em Zurique, na\u00a0sede da FIFA. A competi\u00e7\u00e3o tem in\u00edcio no dia 20 de maio, com a grande final marcada para o dia 11 de junho. O evento contou com os ex-jogadores Juan Pablo Sorin e David Trezeguet. Campe\u00e3o pela \u00faltima vez em 2011, o\u00a0Brasil\u00a0vai em busca do hexacampeonato. Al\u00e9m de 2011, equipe que contava com Philippe Coutinho, Dudu, Oscar, Danilo, Casemiro e Fernandinho, a Sele\u00e7\u00e3o Brasileira tamb\u00e9m conquistou o torneio nas edi\u00e7\u00f5es de 1983, 1985, 1993 e 2003. A estreia do time canarinho ser\u00e1 contra a It\u00e1lia no dia 21, em Mendoza. A anfitri\u00e3 Argentina caiu no grupo A ao lado de Uzbequist\u00e3o, Guatemala e Nova Zel\u00e2ndia. A convoca\u00e7\u00e3o do t\u00e9cnico Ramon Menezes para o Mundial est\u00e1 marcada para o dia 28 de abril. A equipe se apresenta na Granja Comary no dia 8 de maio para o in\u00edcio da prepara\u00e7\u00e3o. Noticias em Destaque Com informa\u00e7\u00f5es de One Football<\/p>\n","protected":false},"author":2,"featured_media":47798,"comment_status":"closed","ping_status":"open","sticky":false,"template":"","format":"standard","meta":{"_eb_attr":"","_jetpack_memberships_contains_paid_content":false,"footnotes":""},"categories":[15],"tags":[],"class_list":["post-47797","post","type-post","status-publish","format-standard","has-post-thumbnail","hentry","category-esporte"],"yoast_head":"<!-- This site is optimized with the Yoast SEO plugin v26.5 - https:\/\/yoast.com\/wordpress\/plugins\/seo\/ -->\n<title>Brasil conhece os advers\u00e1rios para a Copa do Mundo Sub-20 - Not&iacute;cias em Destaque<\/title>\n<meta name=\"robots\" content=\"index, follow, max-snippet:-1, max-image-preview:large, max-video-preview:-1\" \/>\n<link rel=\"canonical\" href=\"https:\/\/noticiasemdestaque.com\/cd\/?p=47797\" \/>\n<meta property=\"og:locale\" content=\"pt_BR\" \/>\n<meta property=\"og:type\" content=\"article\" \/>\n<meta property=\"og:title\" content=\"Brasil conhece os advers\u00e1rios para a Copa do Mundo Sub-20 - Not&iacute;cias em Destaque\" \/>\n<meta property=\"og:description\" content=\"It\u00e1lia, Nig\u00e9ria e Rep\u00fablica Dominicana. Este \u00e9 o grupo do\u00a0Brasil na Copa do Mundo FIFA Sub20 na Argentina. O sorteio foi feito nesta sexta-feira, em Zurique, na\u00a0sede da FIFA. A competi\u00e7\u00e3o tem in\u00edcio no dia 20 de maio, com a grande final marcada para o dia 11 de junho. O evento contou com os ex-jogadores Juan Pablo Sorin e David Trezeguet. Campe\u00e3o pela \u00faltima vez em 2011, o\u00a0Brasil\u00a0vai em busca do hexacampeonato. Al\u00e9m de 2011, equipe que contava com Philippe Coutinho, Dudu, Oscar, Danilo, Casemiro e Fernandinho, a Sele\u00e7\u00e3o Brasileira tamb\u00e9m conquistou o torneio nas edi\u00e7\u00f5es de 1983, 1985, 1993 e 2003. A estreia do time canarinho ser\u00e1 contra a It\u00e1lia no dia 21, em Mendoza. A anfitri\u00e3 Argentina caiu no grupo A ao lado de Uzbequist\u00e3o, Guatemala e Nova Zel\u00e2ndia. A convoca\u00e7\u00e3o do t\u00e9cnico Ramon Menezes para o Mundial est\u00e1 marcada para o dia 28 de abril. A equipe se apresenta na Granja Comary no dia 8 de maio para o in\u00edcio da prepara\u00e7\u00e3o. Noticias em Destaque Com informa\u00e7\u00f5es de One Football\" \/>\n<meta property=\"og:url\" content=\"https:\/\/noticiasemdestaque.com\/cd\/?p=47797\" \/>\n<meta property=\"og:site_name\" content=\"Not&iacute;cias em Destaque\" \/>\n<meta property=\"article:published_time\" content=\"2023-04-21T20:34:40+00:00\" \/>\n<meta property=\"article:modified_time\" content=\"2023-04-21T20:36:03+00:00\" \/>\n<meta property=\"og:image\" content=\"https:\/\/noticiasemdestaque.com\/cd\/wp-content\/uploads\/2023\/04\/https___conteudo.cbf_.com_.br_cdn_thumbs_910x0_202304_20230421115419_956.png\" \/>\n\t<meta property=\"og:image:width\" content=\"1680\" \/>\n\t<meta property=\"og:image:height\" content=\"1260\" \/>\n\t<meta property=\"og:image:type\" content=\"image\/png\" \/>\n<meta name=\"author\" content=\"Not\u00edcias em Destaque\" \/>\n<meta name=\"twitter:card\" content=\"summary_large_image\" \/>\n<meta name=\"twitter:label1\" content=\"Escrito por\" \/>\n\t<meta name=\"twitter:data1\" content=\"Not\u00edcias em Destaque\" \/>\n\t<meta name=\"twitter:label2\" content=\"Est. tempo de leitura\" \/>\n\t<meta name=\"twitter:data2\" content=\"2 minutos\" \/>\n<script type=\"application\/ld+json\" class=\"yoast-schema-graph\">{\"@context\":\"https:\/\/schema.org\",\"@graph\":[{\"@type\":\"Article\",\"@id\":\"https:\/\/noticiasemdestaque.com\/cd\/?p=47797#article\",\"isPartOf\":{\"@id\":\"https:\/\/noticiasemdestaque.com\/cd\/?p=47797\"},\"author\":{\"name\":\"Not\u00edcias em Destaque\",\"@id\":\"https:\/\/noticiasemdestaque.com\/cd\/#\/schema\/person\/4a81fb71f77579d059c3045891fa1786\"},\"headline\":\"Brasil conhece os advers\u00e1rios para a Copa do Mundo Sub-20\",\"datePublished\":\"2023-04-21T20:34:40+00:00\",\"dateModified\":\"2023-04-21T20:36:03+00:00\",\"mainEntityOfPage\":{\"@id\":\"https:\/\/noticiasemdestaque.com\/cd\/?p=47797\"},\"wordCount\":194,\"publisher\":{\"@id\":\"https:\/\/noticiasemdestaque.com\/cd\/#organization\"},\"image\":{\"@id\":\"https:\/\/noticiasemdestaque.com\/cd\/?p=47797#primaryimage\"},\"thumbnailUrl\":\"https:\/\/noticiasemdestaque.com\/cd\/wp-content\/uploads\/2023\/04\/https___conteudo.cbf_.com_.br_cdn_thumbs_910x0_202304_20230421115419_956.png\",\"articleSection\":[\"Esporte\"],\"inLanguage\":\"pt-BR\"},{\"@type\":\"WebPage\",\"@id\":\"https:\/\/noticiasemdestaque.com\/cd\/?p=47797\",\"url\":\"https:\/\/noticiasemdestaque.com\/cd\/?p=47797\",\"name\":\"Brasil conhece os advers\u00e1rios para a Copa do Mundo Sub-20 - Not&iacute;cias em Destaque\",\"isPartOf\":{\"@id\":\"https:\/\/noticiasemdestaque.com\/cd\/#website\"},\"primaryImageOfPage\":{\"@id\":\"https:\/\/noticiasemdestaque.com\/cd\/?p=47797#primaryimage\"},\"image\":{\"@id\":\"https:\/\/noticiasemdestaque.com\/cd\/?p=47797#primaryimage\"},\"thumbnailUrl\":\"https:\/\/noticiasemdestaque.com\/cd\/wp-content\/uploads\/2023\/04\/https___conteudo.cbf_.com_.br_cdn_thumbs_910x0_202304_20230421115419_956.png\",\"datePublished\":\"2023-04-21T20:34:40+00:00\",\"dateModified\":\"2023-04-21T20:36:03+00:00\",\"breadcrumb\":{\"@id\":\"https:\/\/noticiasemdestaque.com\/cd\/?p=47797#breadcrumb\"},\"inLanguage\":\"pt-BR\",\"potentialAction\":[{\"@type\":\"ReadAction\",\"target\":[\"https:\/\/noticiasemdestaque.com\/cd\/?p=47797\"]}]},{\"@type\":\"ImageObject\",\"inLanguage\":\"pt-BR\",\"@id\":\"https:\/\/noticiasemdestaque.com\/cd\/?p=47797#primaryimage\",\"url\":\"https:\/\/noticiasemdestaque.com\/cd\/wp-content\/uploads\/2023\/04\/https___conteudo.cbf_.com_.br_cdn_thumbs_910x0_202304_20230421115419_956.png\",\"contentUrl\":\"https:\/\/noticiasemdestaque.com\/cd\/wp-content\/uploads\/2023\/04\/https___conteudo.cbf_.com_.br_cdn_thumbs_910x0_202304_20230421115419_956.png\",\"width\":1680,\"height\":1260},{\"@type\":\"BreadcrumbList\",\"@id\":\"https:\/\/noticiasemdestaque.com\/cd\/?p=47797#breadcrumb\",\"itemListElement\":[{\"@type\":\"ListItem\",\"position\":1,\"name\":\"In\u00edcio\",\"item\":\"https:\/\/noticiasemdestaque.com\/cd\/\"},{\"@type\":\"ListItem\",\"position\":2,\"name\":\"Brasil conhece os advers\u00e1rios para a Copa do Mundo Sub-20\"}]},{\"@type\":\"WebSite\",\"@id\":\"https:\/\/noticiasemdestaque.com\/cd\/#website\",\"url\":\"https:\/\/noticiasemdestaque.com\/cd\/\",\"name\":\"Not&iacute;cias em Destaque\",\"description\":\"\",\"publisher\":{\"@id\":\"https:\/\/noticiasemdestaque.com\/cd\/#organization\"},\"potentialAction\":[{\"@type\":\"SearchAction\",\"target\":{\"@type\":\"EntryPoint\",\"urlTemplate\":\"https:\/\/noticiasemdestaque.com\/cd\/?s={search_term_string}\"},\"query-input\":{\"@type\":\"PropertyValueSpecification\",\"valueRequired\":true,\"valueName\":\"search_term_string\"}}],\"inLanguage\":\"pt-BR\"},{\"@type\":\"Organization\",\"@id\":\"https:\/\/noticiasemdestaque.com\/cd\/#organization\",\"name\":\"Not\u00edcias em Destaque\",\"url\":\"https:\/\/noticiasemdestaque.com\/cd\/\",\"logo\":{\"@type\":\"ImageObject\",\"inLanguage\":\"pt-BR\",\"@id\":\"https:\/\/noticiasemdestaque.com\/cd\/#\/schema\/logo\/image\/\",\"url\":\"https:\/\/noticiasemdestaque.com\/cd\/wp-content\/uploads\/2022\/05\/imagem-base-noticiasemdestaque.png\",\"contentUrl\":\"https:\/\/noticiasemdestaque.com\/cd\/wp-content\/uploads\/2022\/05\/imagem-base-noticiasemdestaque.png\",\"width\":1200,\"height\":630,\"caption\":\"Not\u00edcias em Destaque\"},\"image\":{\"@id\":\"https:\/\/noticiasemdestaque.com\/cd\/#\/schema\/logo\/image\/\"}},{\"@type\":\"Person\",\"@id\":\"https:\/\/noticiasemdestaque.com\/cd\/#\/schema\/person\/4a81fb71f77579d059c3045891fa1786\",\"name\":\"Not\u00edcias em Destaque\",\"url\":\"https:\/\/noticiasemdestaque.com\/cd\/?author=2\"}]}<\/script>\n<!-- \/ Yoast SEO plugin. -->","yoast_head_json":{"title":"Brasil conhece os advers\u00e1rios para a Copa do Mundo Sub-20 - Not&iacute;cias em Destaque","robots":{"index":"index","follow":"follow","max-snippet":"max-snippet:-1","max-image-preview":"max-image-preview:large","max-video-preview":"max-video-preview:-1"},"canonical":"https:\/\/noticiasemdestaque.com\/cd\/?p=47797","og_locale":"pt_BR","og_type":"article","og_title":"Brasil conhece os advers\u00e1rios para a Copa do Mundo Sub-20 - Not&iacute;cias em Destaque","og_description":"It\u00e1lia, Nig\u00e9ria e Rep\u00fablica Dominicana. Este \u00e9 o grupo do\u00a0Brasil na Copa do Mundo FIFA Sub20 na Argentina. O sorteio foi feito nesta sexta-feira, em Zurique, na\u00a0sede da FIFA. A competi\u00e7\u00e3o tem in\u00edcio no dia 20 de maio, com a grande final marcada para o dia 11 de junho. O evento contou com os ex-jogadores Juan Pablo Sorin e David Trezeguet. Campe\u00e3o pela \u00faltima vez em 2011, o\u00a0Brasil\u00a0vai em busca do hexacampeonato. Al\u00e9m de 2011, equipe que contava com Philippe Coutinho, Dudu, Oscar, Danilo, Casemiro e Fernandinho, a Sele\u00e7\u00e3o Brasileira tamb\u00e9m conquistou o torneio nas edi\u00e7\u00f5es de 1983, 1985, 1993 e 2003. A estreia do time canarinho ser\u00e1 contra a It\u00e1lia no dia 21, em Mendoza. A anfitri\u00e3 Argentina caiu no grupo A ao lado de Uzbequist\u00e3o, Guatemala e Nova Zel\u00e2ndia. A convoca\u00e7\u00e3o do t\u00e9cnico Ramon Menezes para o Mundial est\u00e1 marcada para o dia 28 de abril. A equipe se apresenta na Granja Comary no dia 8 de maio para o in\u00edcio da prepara\u00e7\u00e3o. Noticias em Destaque Com informa\u00e7\u00f5es de One Football","og_url":"https:\/\/noticiasemdestaque.com\/cd\/?p=47797","og_site_name":"Not&iacute;cias em Destaque","article_published_time":"2023-04-21T20:34:40+00:00","article_modified_time":"2023-04-21T20:36:03+00:00","og_image":[{"width":1680,"height":1260,"url":"https:\/\/noticiasemdestaque.com\/cd\/wp-content\/uploads\/2023\/04\/https___conteudo.cbf_.com_.br_cdn_thumbs_910x0_202304_20230421115419_956.png","type":"image\/png"}],"author":"Not\u00edcias em Destaque","twitter_card":"summary_large_image","twitter_misc":{"Escrito por":"Not\u00edcias em Destaque","Est. tempo de leitura":"2 minutos"},"schema":{"@context":"https:\/\/schema.org","@graph":[{"@type":"Article","@id":"https:\/\/noticiasemdestaque.com\/cd\/?p=47797#article","isPartOf":{"@id":"https:\/\/noticiasemdestaque.com\/cd\/?p=47797"},"author":{"name":"Not\u00edcias em Destaque","@id":"https:\/\/noticiasemdestaque.com\/cd\/#\/schema\/person\/4a81fb71f77579d059c3045891fa1786"},"headline":"Brasil conhece os advers\u00e1rios para a Copa do Mundo Sub-20","datePublished":"2023-04-21T20:34:40+00:00","dateModified":"2023-04-21T20:36:03+00:00","mainEntityOfPage":{"@id":"https:\/\/noticiasemdestaque.com\/cd\/?p=47797"},"wordCount":194,"publisher":{"@id":"https:\/\/noticiasemdestaque.com\/cd\/#organization"},"image":{"@id":"https:\/\/noticiasemdestaque.com\/cd\/?p=47797#primaryimage"},"thumbnailUrl":"https:\/\/noticiasemdestaque.com\/cd\/wp-content\/uploads\/2023\/04\/https___conteudo.cbf_.com_.br_cdn_thumbs_910x0_202304_20230421115419_956.png","articleSection":["Esporte"],"inLanguage":"pt-BR"},{"@type":"WebPage","@id":"https:\/\/noticiasemdestaque.com\/cd\/?p=47797","url":"https:\/\/noticiasemdestaque.com\/cd\/?p=47797","name":"Brasil conhece os advers\u00e1rios para a Copa do Mundo Sub-20 - Not&iacute;cias em Destaque","isPartOf":{"@id":"https:\/\/noticiasemdestaque.com\/cd\/#website"},"primaryImageOfPage":{"@id":"https:\/\/noticiasemdestaque.com\/cd\/?p=47797#primaryimage"},"image":{"@id":"https:\/\/noticiasemdestaque.com\/cd\/?p=47797#primaryimage"},"thumbnailUrl":"https:\/\/noticiasemdestaque.com\/cd\/wp-content\/uploads\/2023\/04\/https___conteudo.cbf_.com_.br_cdn_thumbs_910x0_202304_20230421115419_956.png","datePublished":"2023-04-21T20:34:40+00:00","dateModified":"2023-04-21T20:36:03+00:00","breadcrumb":{"@id":"https:\/\/noticiasemdestaque.com\/cd\/?p=47797#breadcrumb"},"inLanguage":"pt-BR","potentialAction":[{"@type":"ReadAction","target":["https:\/\/noticiasemdestaque.com\/cd\/?p=47797"]}]},{"@type":"ImageObject","inLanguage":"pt-BR","@id":"https:\/\/noticiasemdestaque.com\/cd\/?p=47797#primaryimage","url":"https:\/\/noticiasemdestaque.com\/cd\/wp-content\/uploads\/2023\/04\/https___conteudo.cbf_.com_.br_cdn_thumbs_910x0_202304_20230421115419_956.png","contentUrl":"https:\/\/noticiasemdestaque.com\/cd\/wp-content\/uploads\/2023\/04\/https___conteudo.cbf_.com_.br_cdn_thumbs_910x0_202304_20230421115419_956.png","width":1680,"height":1260},{"@type":"BreadcrumbList","@id":"https:\/\/noticiasemdestaque.com\/cd\/?p=47797#breadcrumb","itemListElement":[{"@type":"ListItem","position":1,"name":"In\u00edcio","item":"https:\/\/noticiasemdestaque.com\/cd\/"},{"@type":"ListItem","position":2,"name":"Brasil conhece os advers\u00e1rios para a Copa do Mundo Sub-20"}]},{"@type":"WebSite","@id":"https:\/\/noticiasemdestaque.com\/cd\/#website","url":"https:\/\/noticiasemdestaque.com\/cd\/","name":"Not&iacute;cias em Destaque","description":"","publisher":{"@id":"https:\/\/noticiasemdestaque.com\/cd\/#organization"},"potentialAction":[{"@type":"SearchAction","target":{"@type":"EntryPoint","urlTemplate":"https:\/\/noticiasemdestaque.com\/cd\/?s={search_term_string}"},"query-input":{"@type":"PropertyValueSpecification","valueRequired":true,"valueName":"search_term_string"}}],"inLanguage":"pt-BR"},{"@type":"Organization","@id":"https:\/\/noticiasemdestaque.com\/cd\/#organization","name":"Not\u00edcias em Destaque","url":"https:\/\/noticiasemdestaque.com\/cd\/","logo":{"@type":"ImageObject","inLanguage":"pt-BR","@id":"https:\/\/noticiasemdestaque.com\/cd\/#\/schema\/logo\/image\/","url":"https:\/\/noticiasemdestaque.com\/cd\/wp-content\/uploads\/2022\/05\/imagem-base-noticiasemdestaque.png","contentUrl":"https:\/\/noticiasemdestaque.com\/cd\/wp-content\/uploads\/2022\/05\/imagem-base-noticiasemdestaque.png","width":1200,"height":630,"caption":"Not\u00edcias em Destaque"},"image":{"@id":"https:\/\/noticiasemdestaque.com\/cd\/#\/schema\/logo\/image\/"}},{"@type":"Person","@id":"https:\/\/noticiasemdestaque.com\/cd\/#\/schema\/person\/4a81fb71f77579d059c3045891fa1786","name":"Not\u00edcias em Destaque","url":"https:\/\/noticiasemdestaque.com\/cd\/?author=2"}]}},"jetpack_featured_media_url":"https:\/\/noticiasemdestaque.com\/cd\/wp-content\/uploads\/2023\/04\/https___conteudo.cbf_.com_.br_cdn_thumbs_910x0_202304_20230421115419_956.png","jetpack_sharing_enabled":true,"_links":{"self":[{"href":"https:\/\/noticiasemdestaque.com\/cd\/index.php?rest_route=\/wp\/v2\/posts\/47797","targetHints":{"allow":["GET"]}}],"collection":[{"href":"https:\/\/noticiasemdestaque.com\/cd\/index.php?rest_route=\/wp\/v2\/posts"}],"about":[{"href":"https:\/\/noticiasemdestaque.com\/cd\/index.php?rest_route=\/wp\/v2\/types\/post"}],"author":[{"embeddable":true,"href":"https:\/\/noticiasemdestaque.com\/cd\/index.php?rest_route=\/wp\/v2\/users\/2"}],"replies":[{"embeddable":true,"href":"https:\/\/noticiasemdestaque.com\/cd\/index.php?rest_route=%2Fwp%2Fv2%2Fcomments&post=47797"}],"version-history":[{"count":3,"href":"https:\/\/noticiasemdestaque.com\/cd\/index.php?rest_route=\/wp\/v2\/posts\/47797\/revisions"}],"predecessor-version":[{"id":47801,"href":"https:\/\/noticiasemdestaque.com\/cd\/index.php?rest_route=\/wp\/v2\/posts\/47797\/revisions\/47801"}],"wp:featuredmedia":[{"embeddable":true,"href":"https:\/\/noticiasemdestaque.com\/cd\/index.php?rest_route=\/wp\/v2\/media\/47798"}],"wp:attachment":[{"href":"https:\/\/noticiasemdestaque.com\/cd\/index.php?rest_route=%2Fwp%2Fv2%2Fmedia&parent=47797"}],"wp:term":[{"taxonomy":"category","embeddable":true,"href":"https:\/\/noticiasemdestaque.com\/cd\/index.php?rest_route=%2Fwp%2Fv2%2Fcategories&post=47797"},{"taxonomy":"post_tag","embeddable":true,"href":"https:\/\/noticiasemdestaque.com\/cd\/index.php?rest_route=%2Fwp%2Fv2%2Ftags&post=47797"}],"curies":[{"name":"wp","href":"https:\/\/api.w.org\/{rel}","templated":true}]}}