{"id":47768,"date":"2023-04-20T20:56:33","date_gmt":"2023-04-20T23:56:33","guid":{"rendered":"https:\/\/noticiasemdestaque.com\/cd\/?p=47768"},"modified":"2023-04-20T20:56:33","modified_gmt":"2023-04-20T23:56:33","slug":"camara-de-sume-debate-a-importancia-de-preservar-o-solo-e-proteger-o-meio-ambiente","status":"publish","type":"post","link":"https:\/\/noticiasemdestaque.com\/cd\/?p=47768","title":{"rendered":"C\u00e2mara de Sum\u00e9 debate a import\u00e2ncia de preservar o solo e proteger o meio ambiente"},"content":{"rendered":"<p><a href=\"https:\/\/noticiasemdestaque.com\/cd\/wp-content\/uploads\/2023\/04\/WhatsApp-Image-2023-04-20-at-20.50.25.jpeg\"><img fetchpriority=\"high\" decoding=\"async\" class=\"alignnone  wp-image-47770\" src=\"https:\/\/noticiasemdestaque.com\/cd\/wp-content\/uploads\/2023\/04\/WhatsApp-Image-2023-04-20-at-20.50.25-300x200.jpeg\" alt=\"\" width=\"1226\" height=\"817\" srcset=\"https:\/\/noticiasemdestaque.com\/cd\/wp-content\/uploads\/2023\/04\/WhatsApp-Image-2023-04-20-at-20.50.25-300x200.jpeg 300w, https:\/\/noticiasemdestaque.com\/cd\/wp-content\/uploads\/2023\/04\/WhatsApp-Image-2023-04-20-at-20.50.25-1024x682.jpeg 1024w, https:\/\/noticiasemdestaque.com\/cd\/wp-content\/uploads\/2023\/04\/WhatsApp-Image-2023-04-20-at-20.50.25-768x512.jpeg 768w, https:\/\/noticiasemdestaque.com\/cd\/wp-content\/uploads\/2023\/04\/WhatsApp-Image-2023-04-20-at-20.50.25-1536x1023.jpeg 1536w, https:\/\/noticiasemdestaque.com\/cd\/wp-content\/uploads\/2023\/04\/WhatsApp-Image-2023-04-20-at-20.50.25-18x12.jpeg 18w, https:\/\/noticiasemdestaque.com\/cd\/wp-content\/uploads\/2023\/04\/WhatsApp-Image-2023-04-20-at-20.50.25.jpeg 1600w\" sizes=\"(max-width: 1226px) 100vw, 1226px\" \/><\/a><\/p>\n<p>A C\u00e2mara de Vereadores de Sum\u00e9 realizou na ter\u00e7a-feira (18), a sess\u00e3o semanal do Poder Legislativo.<\/p>\n<p>O vereador Bomba requereu a limpeza do mato existente na quadra de areia do Conjunto Habitacional Sebasti\u00e3o Vitorino, localizada \u00e0s margens da BR 412.<\/p>\n<p>O vereador Dami\u00e3o apresentou voto de Pesar \u00e0 Fam\u00edlia do Senhor Severino Jos\u00e9 de Oliveira.<\/p>\n<p>O vereador Ant\u00f4nio Carlos apresentou voto de Pesar \u00e0 fam\u00edlia da Senhora Josefa Otilia de Sousa (Dona Detinha).<\/p>\n<p>Dida Alves requereu a coloca\u00e7\u00e3o de corrim\u00e3o e piso emborrachado antiderrapante na rampa de acesso localizada em frente \u00e0 loja Modalu no Sum\u00e9 Shopping. O vereador apresentou voto de Pesar \u00e0 fam\u00edlia do Senhor Edson Reges de Oliveira (Z\u00e9 Boi\u00e3o).<\/p>\n<p>O presidente da C\u00e2mara Municipal, Daniel L\u00eala, apresentou requerimento solicitando a limpeza do cruzeiro de frente ao cemit\u00e9rio local bem como, limpeza e retirada de entulhos das ruas adjacentes, Nic\u00e1ssia Maria da Concei\u00e7\u00e3o e Vicente Preto.<br \/>\nO vereador Crist\u00f3v\u00e3o Brasil apresentou voto de Pesar a Fam\u00edlia da Senhora Vit\u00f3ria Regina Barbosa.<\/p>\n<p><a href=\"https:\/\/noticiasemdestaque.com\/cd\/wp-content\/uploads\/2023\/04\/WhatsApp-Image-2023-04-20-at-20.50.26.jpeg\"><img decoding=\"async\" class=\"wp-image-47769 aligncenter\" src=\"https:\/\/noticiasemdestaque.com\/cd\/wp-content\/uploads\/2023\/04\/WhatsApp-Image-2023-04-20-at-20.50.26-300x200.jpeg\" alt=\"\" width=\"1091\" height=\"727\" srcset=\"https:\/\/noticiasemdestaque.com\/cd\/wp-content\/uploads\/2023\/04\/WhatsApp-Image-2023-04-20-at-20.50.26-300x200.jpeg 300w, https:\/\/noticiasemdestaque.com\/cd\/wp-content\/uploads\/2023\/04\/WhatsApp-Image-2023-04-20-at-20.50.26-1024x682.jpeg 1024w, https:\/\/noticiasemdestaque.com\/cd\/wp-content\/uploads\/2023\/04\/WhatsApp-Image-2023-04-20-at-20.50.26-768x512.jpeg 768w, https:\/\/noticiasemdestaque.com\/cd\/wp-content\/uploads\/2023\/04\/WhatsApp-Image-2023-04-20-at-20.50.26-1536x1023.jpeg 1536w, https:\/\/noticiasemdestaque.com\/cd\/wp-content\/uploads\/2023\/04\/WhatsApp-Image-2023-04-20-at-20.50.26-18x12.jpeg 18w, https:\/\/noticiasemdestaque.com\/cd\/wp-content\/uploads\/2023\/04\/WhatsApp-Image-2023-04-20-at-20.50.26.jpeg 1600w\" sizes=\"(max-width: 1091px) 100vw, 1091px\" \/><\/a><\/p>\n<p>O vereador Cordeirinho Moto Pe\u00e7as requereu atrav\u00e9s de requerimento a amplia\u00e7\u00e3o da \u00e1rea em volta do campo de futebol localizado na comunidade do S\u00edtio Porteiras, a aquisi\u00e7\u00e3o de um novo motor para a ensiladeira da prefeitura e a limpeza do terreno localizado no final da rua Aleixo Bezerra no antigo curral do gado.<\/p>\n<p>A C\u00e2mara Municipal recebeu a presen\u00e7a da professora do campus da UFCG-Sum\u00e9, Adriana Meira, que usou a tribuna para falar sobre a import\u00e2ncia de discutir e conscientizar sobre a conserva\u00e7\u00e3o do solo.<\/p>\n<p>No \u00faltimo dia 15, foi comemorado o Dia Nacional da Conserva\u00e7\u00e3o do Solo, oficializado pelo decreto de lei n\u00ba 7.876, de 13 de novembro de 1989, \u00e9 uma iniciativa do Minist\u00e9rio da Agricultura, Pecu\u00e1ria e Abastecimento (MAPA). Esse dia prop\u00f5e uma reflex\u00e3o sobre a conserva\u00e7\u00e3o dos solos e a necessidade da utiliza\u00e7\u00e3o adequada desse recurso natural.<\/p>\n<p><strong>Noticias em Destaque<\/strong><\/p>\n<p style=\"text-align: right;\"><em>Fonte: Ascom\/C\u00e2mara<\/em><\/p>\n","protected":false},"excerpt":{"rendered":"<p>A C\u00e2mara de Vereadores de Sum\u00e9 realizou na ter\u00e7a-feira (18), a sess\u00e3o semanal do Poder Legislativo. O vereador Bomba requereu a limpeza do mato existente na quadra de areia do Conjunto Habitacional Sebasti\u00e3o Vitorino, localizada \u00e0s margens da BR 412. O vereador Dami\u00e3o apresentou voto de Pesar \u00e0 Fam\u00edlia do Senhor Severino Jos\u00e9 de Oliveira. O vereador Ant\u00f4nio Carlos apresentou voto de Pesar \u00e0 fam\u00edlia da Senhora Josefa Otilia de Sousa (Dona Detinha). Dida Alves requereu a coloca\u00e7\u00e3o de corrim\u00e3o e piso emborrachado antiderrapante na rampa de acesso localizada em frente \u00e0 loja Modalu no Sum\u00e9 Shopping. O vereador apresentou voto de Pesar \u00e0 fam\u00edlia do Senhor Edson Reges de Oliveira (Z\u00e9 Boi\u00e3o). O presidente da C\u00e2mara Municipal, Daniel L\u00eala, apresentou requerimento solicitando a limpeza do cruzeiro de frente ao cemit\u00e9rio local bem como, limpeza e retirada de entulhos das ruas adjacentes, Nic\u00e1ssia Maria da Concei\u00e7\u00e3o e Vicente Preto. O vereador Crist\u00f3v\u00e3o Brasil apresentou voto de Pesar a Fam\u00edlia da Senhora Vit\u00f3ria Regina Barbosa. O vereador Cordeirinho Moto Pe\u00e7as requereu atrav\u00e9s de requerimento a amplia\u00e7\u00e3o da \u00e1rea em volta do campo de futebol localizado na comunidade do S\u00edtio Porteiras, a aquisi\u00e7\u00e3o de um novo motor para a ensiladeira da prefeitura e a limpeza do terreno localizado no final da rua Aleixo Bezerra no antigo curral do gado. A C\u00e2mara Municipal recebeu a presen\u00e7a da professora do campus da UFCG-Sum\u00e9, Adriana Meira, que usou a tribuna para falar sobre a import\u00e2ncia de discutir e conscientizar sobre a conserva\u00e7\u00e3o do solo. No \u00faltimo dia 15, foi comemorado o Dia Nacional da Conserva\u00e7\u00e3o do Solo, oficializado pelo decreto de lei n\u00ba 7.876, de 13 de novembro de 1989, \u00e9 uma iniciativa do Minist\u00e9rio da Agricultura, Pecu\u00e1ria e Abastecimento (MAPA). Esse dia prop\u00f5e uma reflex\u00e3o sobre a conserva\u00e7\u00e3o dos solos e a necessidade da utiliza\u00e7\u00e3o adequada desse recurso natural. Noticias em Destaque Fonte: Ascom\/C\u00e2mara<\/p>\n","protected":false},"author":2,"featured_media":47770,"comment_status":"closed","ping_status":"open","sticky":false,"template":"","format":"standard","meta":{"_eb_attr":"","_jetpack_memberships_contains_paid_content":false,"footnotes":""},"categories":[12],"tags":[],"class_list":["post-47768","post","type-post","status-publish","format-standard","has-post-thumbnail","hentry","category-geral"],"yoast_head":"<!-- This site is optimized with the Yoast SEO plugin v26.5 - https:\/\/yoast.com\/wordpress\/plugins\/seo\/ -->\n<title>C\u00e2mara de Sum\u00e9 debate a import\u00e2ncia de preservar o solo e proteger o meio ambiente - Not&iacute;cias em Destaque<\/title>\n<meta name=\"robots\" content=\"index, follow, max-snippet:-1, max-image-preview:large, max-video-preview:-1\" \/>\n<link rel=\"canonical\" href=\"https:\/\/noticiasemdestaque.com\/cd\/?p=47768\" \/>\n<meta property=\"og:locale\" content=\"pt_BR\" \/>\n<meta property=\"og:type\" content=\"article\" \/>\n<meta property=\"og:title\" content=\"C\u00e2mara de Sum\u00e9 debate a import\u00e2ncia de preservar o solo e proteger o meio ambiente - Not&iacute;cias em Destaque\" \/>\n<meta property=\"og:description\" content=\"A C\u00e2mara de Vereadores de Sum\u00e9 realizou na ter\u00e7a-feira (18), a sess\u00e3o semanal do Poder Legislativo. O vereador Bomba requereu a limpeza do mato existente na quadra de areia do Conjunto Habitacional Sebasti\u00e3o Vitorino, localizada \u00e0s margens da BR 412. O vereador Dami\u00e3o apresentou voto de Pesar \u00e0 Fam\u00edlia do Senhor Severino Jos\u00e9 de Oliveira. O vereador Ant\u00f4nio Carlos apresentou voto de Pesar \u00e0 fam\u00edlia da Senhora Josefa Otilia de Sousa (Dona Detinha). Dida Alves requereu a coloca\u00e7\u00e3o de corrim\u00e3o e piso emborrachado antiderrapante na rampa de acesso localizada em frente \u00e0 loja Modalu no Sum\u00e9 Shopping. O vereador apresentou voto de Pesar \u00e0 fam\u00edlia do Senhor Edson Reges de Oliveira (Z\u00e9 Boi\u00e3o). O presidente da C\u00e2mara Municipal, Daniel L\u00eala, apresentou requerimento solicitando a limpeza do cruzeiro de frente ao cemit\u00e9rio local bem como, limpeza e retirada de entulhos das ruas adjacentes, Nic\u00e1ssia Maria da Concei\u00e7\u00e3o e Vicente Preto. O vereador Crist\u00f3v\u00e3o Brasil apresentou voto de Pesar a Fam\u00edlia da Senhora Vit\u00f3ria Regina Barbosa. O vereador Cordeirinho Moto Pe\u00e7as requereu atrav\u00e9s de requerimento a amplia\u00e7\u00e3o da \u00e1rea em volta do campo de futebol localizado na comunidade do S\u00edtio Porteiras, a aquisi\u00e7\u00e3o de um novo motor para a ensiladeira da prefeitura e a limpeza do terreno localizado no final da rua Aleixo Bezerra no antigo curral do gado. A C\u00e2mara Municipal recebeu a presen\u00e7a da professora do campus da UFCG-Sum\u00e9, Adriana Meira, que usou a tribuna para falar sobre a import\u00e2ncia de discutir e conscientizar sobre a conserva\u00e7\u00e3o do solo. No \u00faltimo dia 15, foi comemorado o Dia Nacional da Conserva\u00e7\u00e3o do Solo, oficializado pelo decreto de lei n\u00ba 7.876, de 13 de novembro de 1989, \u00e9 uma iniciativa do Minist\u00e9rio da Agricultura, Pecu\u00e1ria e Abastecimento (MAPA). Esse dia prop\u00f5e uma reflex\u00e3o sobre a conserva\u00e7\u00e3o dos solos e a necessidade da utiliza\u00e7\u00e3o adequada desse recurso natural. Noticias em Destaque Fonte: Ascom\/C\u00e2mara\" \/>\n<meta property=\"og:url\" content=\"https:\/\/noticiasemdestaque.com\/cd\/?p=47768\" \/>\n<meta property=\"og:site_name\" content=\"Not&iacute;cias em Destaque\" \/>\n<meta property=\"article:published_time\" content=\"2023-04-20T23:56:33+00:00\" \/>\n<meta property=\"og:image\" content=\"https:\/\/noticiasemdestaque.com\/cd\/wp-content\/uploads\/2023\/04\/WhatsApp-Image-2023-04-20-at-20.50.25.jpeg\" \/>\n\t<meta property=\"og:image:width\" content=\"1600\" \/>\n\t<meta property=\"og:image:height\" content=\"1066\" \/>\n\t<meta property=\"og:image:type\" content=\"image\/jpeg\" \/>\n<meta name=\"author\" content=\"Not\u00edcias em Destaque\" \/>\n<meta name=\"twitter:card\" content=\"summary_large_image\" \/>\n<meta name=\"twitter:label1\" content=\"Escrito por\" \/>\n\t<meta name=\"twitter:data1\" content=\"Not\u00edcias em Destaque\" \/>\n\t<meta name=\"twitter:label2\" content=\"Est. tempo de leitura\" \/>\n\t<meta name=\"twitter:data2\" content=\"3 minutos\" \/>\n<script type=\"application\/ld+json\" class=\"yoast-schema-graph\">{\"@context\":\"https:\/\/schema.org\",\"@graph\":[{\"@type\":\"Article\",\"@id\":\"https:\/\/noticiasemdestaque.com\/cd\/?p=47768#article\",\"isPartOf\":{\"@id\":\"https:\/\/noticiasemdestaque.com\/cd\/?p=47768\"},\"author\":{\"name\":\"Not\u00edcias em Destaque\",\"@id\":\"https:\/\/noticiasemdestaque.com\/cd\/#\/schema\/person\/4a81fb71f77579d059c3045891fa1786\"},\"headline\":\"C\u00e2mara de Sum\u00e9 debate a import\u00e2ncia de preservar o solo e proteger o meio ambiente\",\"datePublished\":\"2023-04-20T23:56:33+00:00\",\"mainEntityOfPage\":{\"@id\":\"https:\/\/noticiasemdestaque.com\/cd\/?p=47768\"},\"wordCount\":355,\"publisher\":{\"@id\":\"https:\/\/noticiasemdestaque.com\/cd\/#organization\"},\"image\":{\"@id\":\"https:\/\/noticiasemdestaque.com\/cd\/?p=47768#primaryimage\"},\"thumbnailUrl\":\"https:\/\/noticiasemdestaque.com\/cd\/wp-content\/uploads\/2023\/04\/WhatsApp-Image-2023-04-20-at-20.50.25.jpeg\",\"articleSection\":[\"Geral\"],\"inLanguage\":\"pt-BR\"},{\"@type\":\"WebPage\",\"@id\":\"https:\/\/noticiasemdestaque.com\/cd\/?p=47768\",\"url\":\"https:\/\/noticiasemdestaque.com\/cd\/?p=47768\",\"name\":\"C\u00e2mara de Sum\u00e9 debate a import\u00e2ncia de preservar o solo e proteger o meio ambiente - Not&iacute;cias em Destaque\",\"isPartOf\":{\"@id\":\"https:\/\/noticiasemdestaque.com\/cd\/#website\"},\"primaryImageOfPage\":{\"@id\":\"https:\/\/noticiasemdestaque.com\/cd\/?p=47768#primaryimage\"},\"image\":{\"@id\":\"https:\/\/noticiasemdestaque.com\/cd\/?p=47768#primaryimage\"},\"thumbnailUrl\":\"https:\/\/noticiasemdestaque.com\/cd\/wp-content\/uploads\/2023\/04\/WhatsApp-Image-2023-04-20-at-20.50.25.jpeg\",\"datePublished\":\"2023-04-20T23:56:33+00:00\",\"breadcrumb\":{\"@id\":\"https:\/\/noticiasemdestaque.com\/cd\/?p=47768#breadcrumb\"},\"inLanguage\":\"pt-BR\",\"potentialAction\":[{\"@type\":\"ReadAction\",\"target\":[\"https:\/\/noticiasemdestaque.com\/cd\/?p=47768\"]}]},{\"@type\":\"ImageObject\",\"inLanguage\":\"pt-BR\",\"@id\":\"https:\/\/noticiasemdestaque.com\/cd\/?p=47768#primaryimage\",\"url\":\"https:\/\/noticiasemdestaque.com\/cd\/wp-content\/uploads\/2023\/04\/WhatsApp-Image-2023-04-20-at-20.50.25.jpeg\",\"contentUrl\":\"https:\/\/noticiasemdestaque.com\/cd\/wp-content\/uploads\/2023\/04\/WhatsApp-Image-2023-04-20-at-20.50.25.jpeg\",\"width\":1600,\"height\":1066},{\"@type\":\"BreadcrumbList\",\"@id\":\"https:\/\/noticiasemdestaque.com\/cd\/?p=47768#breadcrumb\",\"itemListElement\":[{\"@type\":\"ListItem\",\"position\":1,\"name\":\"In\u00edcio\",\"item\":\"https:\/\/noticiasemdestaque.com\/cd\/\"},{\"@type\":\"ListItem\",\"position\":2,\"name\":\"C\u00e2mara de Sum\u00e9 debate a import\u00e2ncia de preservar o solo e proteger o meio ambiente\"}]},{\"@type\":\"WebSite\",\"@id\":\"https:\/\/noticiasemdestaque.com\/cd\/#website\",\"url\":\"https:\/\/noticiasemdestaque.com\/cd\/\",\"name\":\"Not&iacute;cias em Destaque\",\"description\":\"\",\"publisher\":{\"@id\":\"https:\/\/noticiasemdestaque.com\/cd\/#organization\"},\"potentialAction\":[{\"@type\":\"SearchAction\",\"target\":{\"@type\":\"EntryPoint\",\"urlTemplate\":\"https:\/\/noticiasemdestaque.com\/cd\/?s={search_term_string}\"},\"query-input\":{\"@type\":\"PropertyValueSpecification\",\"valueRequired\":true,\"valueName\":\"search_term_string\"}}],\"inLanguage\":\"pt-BR\"},{\"@type\":\"Organization\",\"@id\":\"https:\/\/noticiasemdestaque.com\/cd\/#organization\",\"name\":\"Not\u00edcias em Destaque\",\"url\":\"https:\/\/noticiasemdestaque.com\/cd\/\",\"logo\":{\"@type\":\"ImageObject\",\"inLanguage\":\"pt-BR\",\"@id\":\"https:\/\/noticiasemdestaque.com\/cd\/#\/schema\/logo\/image\/\",\"url\":\"https:\/\/noticiasemdestaque.com\/cd\/wp-content\/uploads\/2022\/05\/imagem-base-noticiasemdestaque.png\",\"contentUrl\":\"https:\/\/noticiasemdestaque.com\/cd\/wp-content\/uploads\/2022\/05\/imagem-base-noticiasemdestaque.png\",\"width\":1200,\"height\":630,\"caption\":\"Not\u00edcias em Destaque\"},\"image\":{\"@id\":\"https:\/\/noticiasemdestaque.com\/cd\/#\/schema\/logo\/image\/\"}},{\"@type\":\"Person\",\"@id\":\"https:\/\/noticiasemdestaque.com\/cd\/#\/schema\/person\/4a81fb71f77579d059c3045891fa1786\",\"name\":\"Not\u00edcias em Destaque\",\"url\":\"https:\/\/noticiasemdestaque.com\/cd\/?author=2\"}]}<\/script>\n<!-- \/ Yoast SEO plugin. -->","yoast_head_json":{"title":"C\u00e2mara de Sum\u00e9 debate a import\u00e2ncia de preservar o solo e proteger o meio ambiente - Not&iacute;cias em Destaque","robots":{"index":"index","follow":"follow","max-snippet":"max-snippet:-1","max-image-preview":"max-image-preview:large","max-video-preview":"max-video-preview:-1"},"canonical":"https:\/\/noticiasemdestaque.com\/cd\/?p=47768","og_locale":"pt_BR","og_type":"article","og_title":"C\u00e2mara de Sum\u00e9 debate a import\u00e2ncia de preservar o solo e proteger o meio ambiente - Not&iacute;cias em Destaque","og_description":"A C\u00e2mara de Vereadores de Sum\u00e9 realizou na ter\u00e7a-feira (18), a sess\u00e3o semanal do Poder Legislativo. O vereador Bomba requereu a limpeza do mato existente na quadra de areia do Conjunto Habitacional Sebasti\u00e3o Vitorino, localizada \u00e0s margens da BR 412. O vereador Dami\u00e3o apresentou voto de Pesar \u00e0 Fam\u00edlia do Senhor Severino Jos\u00e9 de Oliveira. O vereador Ant\u00f4nio Carlos apresentou voto de Pesar \u00e0 fam\u00edlia da Senhora Josefa Otilia de Sousa (Dona Detinha). Dida Alves requereu a coloca\u00e7\u00e3o de corrim\u00e3o e piso emborrachado antiderrapante na rampa de acesso localizada em frente \u00e0 loja Modalu no Sum\u00e9 Shopping. O vereador apresentou voto de Pesar \u00e0 fam\u00edlia do Senhor Edson Reges de Oliveira (Z\u00e9 Boi\u00e3o). O presidente da C\u00e2mara Municipal, Daniel L\u00eala, apresentou requerimento solicitando a limpeza do cruzeiro de frente ao cemit\u00e9rio local bem como, limpeza e retirada de entulhos das ruas adjacentes, Nic\u00e1ssia Maria da Concei\u00e7\u00e3o e Vicente Preto. O vereador Crist\u00f3v\u00e3o Brasil apresentou voto de Pesar a Fam\u00edlia da Senhora Vit\u00f3ria Regina Barbosa. O vereador Cordeirinho Moto Pe\u00e7as requereu atrav\u00e9s de requerimento a amplia\u00e7\u00e3o da \u00e1rea em volta do campo de futebol localizado na comunidade do S\u00edtio Porteiras, a aquisi\u00e7\u00e3o de um novo motor para a ensiladeira da prefeitura e a limpeza do terreno localizado no final da rua Aleixo Bezerra no antigo curral do gado. A C\u00e2mara Municipal recebeu a presen\u00e7a da professora do campus da UFCG-Sum\u00e9, Adriana Meira, que usou a tribuna para falar sobre a import\u00e2ncia de discutir e conscientizar sobre a conserva\u00e7\u00e3o do solo. No \u00faltimo dia 15, foi comemorado o Dia Nacional da Conserva\u00e7\u00e3o do Solo, oficializado pelo decreto de lei n\u00ba 7.876, de 13 de novembro de 1989, \u00e9 uma iniciativa do Minist\u00e9rio da Agricultura, Pecu\u00e1ria e Abastecimento (MAPA). Esse dia prop\u00f5e uma reflex\u00e3o sobre a conserva\u00e7\u00e3o dos solos e a necessidade da utiliza\u00e7\u00e3o adequada desse recurso natural. Noticias em Destaque Fonte: Ascom\/C\u00e2mara","og_url":"https:\/\/noticiasemdestaque.com\/cd\/?p=47768","og_site_name":"Not&iacute;cias em Destaque","article_published_time":"2023-04-20T23:56:33+00:00","og_image":[{"width":1600,"height":1066,"url":"https:\/\/noticiasemdestaque.com\/cd\/wp-content\/uploads\/2023\/04\/WhatsApp-Image-2023-04-20-at-20.50.25.jpeg","type":"image\/jpeg"}],"author":"Not\u00edcias em Destaque","twitter_card":"summary_large_image","twitter_misc":{"Escrito por":"Not\u00edcias em Destaque","Est. tempo de leitura":"3 minutos"},"schema":{"@context":"https:\/\/schema.org","@graph":[{"@type":"Article","@id":"https:\/\/noticiasemdestaque.com\/cd\/?p=47768#article","isPartOf":{"@id":"https:\/\/noticiasemdestaque.com\/cd\/?p=47768"},"author":{"name":"Not\u00edcias em Destaque","@id":"https:\/\/noticiasemdestaque.com\/cd\/#\/schema\/person\/4a81fb71f77579d059c3045891fa1786"},"headline":"C\u00e2mara de Sum\u00e9 debate a import\u00e2ncia de preservar o solo e proteger o meio ambiente","datePublished":"2023-04-20T23:56:33+00:00","mainEntityOfPage":{"@id":"https:\/\/noticiasemdestaque.com\/cd\/?p=47768"},"wordCount":355,"publisher":{"@id":"https:\/\/noticiasemdestaque.com\/cd\/#organization"},"image":{"@id":"https:\/\/noticiasemdestaque.com\/cd\/?p=47768#primaryimage"},"thumbnailUrl":"https:\/\/noticiasemdestaque.com\/cd\/wp-content\/uploads\/2023\/04\/WhatsApp-Image-2023-04-20-at-20.50.25.jpeg","articleSection":["Geral"],"inLanguage":"pt-BR"},{"@type":"WebPage","@id":"https:\/\/noticiasemdestaque.com\/cd\/?p=47768","url":"https:\/\/noticiasemdestaque.com\/cd\/?p=47768","name":"C\u00e2mara de Sum\u00e9 debate a import\u00e2ncia de preservar o solo e proteger o meio ambiente - Not&iacute;cias em Destaque","isPartOf":{"@id":"https:\/\/noticiasemdestaque.com\/cd\/#website"},"primaryImageOfPage":{"@id":"https:\/\/noticiasemdestaque.com\/cd\/?p=47768#primaryimage"},"image":{"@id":"https:\/\/noticiasemdestaque.com\/cd\/?p=47768#primaryimage"},"thumbnailUrl":"https:\/\/noticiasemdestaque.com\/cd\/wp-content\/uploads\/2023\/04\/WhatsApp-Image-2023-04-20-at-20.50.25.jpeg","datePublished":"2023-04-20T23:56:33+00:00","breadcrumb":{"@id":"https:\/\/noticiasemdestaque.com\/cd\/?p=47768#breadcrumb"},"inLanguage":"pt-BR","potentialAction":[{"@type":"ReadAction","target":["https:\/\/noticiasemdestaque.com\/cd\/?p=47768"]}]},{"@type":"ImageObject","inLanguage":"pt-BR","@id":"https:\/\/noticiasemdestaque.com\/cd\/?p=47768#primaryimage","url":"https:\/\/noticiasemdestaque.com\/cd\/wp-content\/uploads\/2023\/04\/WhatsApp-Image-2023-04-20-at-20.50.25.jpeg","contentUrl":"https:\/\/noticiasemdestaque.com\/cd\/wp-content\/uploads\/2023\/04\/WhatsApp-Image-2023-04-20-at-20.50.25.jpeg","width":1600,"height":1066},{"@type":"BreadcrumbList","@id":"https:\/\/noticiasemdestaque.com\/cd\/?p=47768#breadcrumb","itemListElement":[{"@type":"ListItem","position":1,"name":"In\u00edcio","item":"https:\/\/noticiasemdestaque.com\/cd\/"},{"@type":"ListItem","position":2,"name":"C\u00e2mara de Sum\u00e9 debate a import\u00e2ncia de preservar o solo e proteger o meio ambiente"}]},{"@type":"WebSite","@id":"https:\/\/noticiasemdestaque.com\/cd\/#website","url":"https:\/\/noticiasemdestaque.com\/cd\/","name":"Not&iacute;cias em Destaque","description":"","publisher":{"@id":"https:\/\/noticiasemdestaque.com\/cd\/#organization"},"potentialAction":[{"@type":"SearchAction","target":{"@type":"EntryPoint","urlTemplate":"https:\/\/noticiasemdestaque.com\/cd\/?s={search_term_string}"},"query-input":{"@type":"PropertyValueSpecification","valueRequired":true,"valueName":"search_term_string"}}],"inLanguage":"pt-BR"},{"@type":"Organization","@id":"https:\/\/noticiasemdestaque.com\/cd\/#organization","name":"Not\u00edcias em Destaque","url":"https:\/\/noticiasemdestaque.com\/cd\/","logo":{"@type":"ImageObject","inLanguage":"pt-BR","@id":"https:\/\/noticiasemdestaque.com\/cd\/#\/schema\/logo\/image\/","url":"https:\/\/noticiasemdestaque.com\/cd\/wp-content\/uploads\/2022\/05\/imagem-base-noticiasemdestaque.png","contentUrl":"https:\/\/noticiasemdestaque.com\/cd\/wp-content\/uploads\/2022\/05\/imagem-base-noticiasemdestaque.png","width":1200,"height":630,"caption":"Not\u00edcias em Destaque"},"image":{"@id":"https:\/\/noticiasemdestaque.com\/cd\/#\/schema\/logo\/image\/"}},{"@type":"Person","@id":"https:\/\/noticiasemdestaque.com\/cd\/#\/schema\/person\/4a81fb71f77579d059c3045891fa1786","name":"Not\u00edcias em Destaque","url":"https:\/\/noticiasemdestaque.com\/cd\/?author=2"}]}},"jetpack_featured_media_url":"https:\/\/noticiasemdestaque.com\/cd\/wp-content\/uploads\/2023\/04\/WhatsApp-Image-2023-04-20-at-20.50.25.jpeg","jetpack_sharing_enabled":true,"_links":{"self":[{"href":"https:\/\/noticiasemdestaque.com\/cd\/index.php?rest_route=\/wp\/v2\/posts\/47768","targetHints":{"allow":["GET"]}}],"collection":[{"href":"https:\/\/noticiasemdestaque.com\/cd\/index.php?rest_route=\/wp\/v2\/posts"}],"about":[{"href":"https:\/\/noticiasemdestaque.com\/cd\/index.php?rest_route=\/wp\/v2\/types\/post"}],"author":[{"embeddable":true,"href":"https:\/\/noticiasemdestaque.com\/cd\/index.php?rest_route=\/wp\/v2\/users\/2"}],"replies":[{"embeddable":true,"href":"https:\/\/noticiasemdestaque.com\/cd\/index.php?rest_route=%2Fwp%2Fv2%2Fcomments&post=47768"}],"version-history":[{"count":1,"href":"https:\/\/noticiasemdestaque.com\/cd\/index.php?rest_route=\/wp\/v2\/posts\/47768\/revisions"}],"predecessor-version":[{"id":47771,"href":"https:\/\/noticiasemdestaque.com\/cd\/index.php?rest_route=\/wp\/v2\/posts\/47768\/revisions\/47771"}],"wp:featuredmedia":[{"embeddable":true,"href":"https:\/\/noticiasemdestaque.com\/cd\/index.php?rest_route=\/wp\/v2\/media\/47770"}],"wp:attachment":[{"href":"https:\/\/noticiasemdestaque.com\/cd\/index.php?rest_route=%2Fwp%2Fv2%2Fmedia&parent=47768"}],"wp:term":[{"taxonomy":"category","embeddable":true,"href":"https:\/\/noticiasemdestaque.com\/cd\/index.php?rest_route=%2Fwp%2Fv2%2Fcategories&post=47768"},{"taxonomy":"post_tag","embeddable":true,"href":"https:\/\/noticiasemdestaque.com\/cd\/index.php?rest_route=%2Fwp%2Fv2%2Ftags&post=47768"}],"curies":[{"name":"wp","href":"https:\/\/api.w.org\/{rel}","templated":true}]}}