{"id":47761,"date":"2023-04-20T19:43:30","date_gmt":"2023-04-20T22:43:30","guid":{"rendered":"https:\/\/noticiasemdestaque.com\/cd\/?p=47761"},"modified":"2023-04-20T19:58:45","modified_gmt":"2023-04-20T22:58:45","slug":"em-sume-a-comunidade-da-conceicao-comemora-a-nova-escola-joao-de-sousa","status":"publish","type":"post","link":"https:\/\/noticiasemdestaque.com\/cd\/?p=47761","title":{"rendered":"Em Sum\u00e9, a comunidade da Concei\u00e7\u00e3o comemora a nova escola Jo\u00e3o de Sousa"},"content":{"rendered":"<p><img fetchpriority=\"high\" decoding=\"async\" class=\"\" src=\"https:\/\/www.sume.pb.gov.br\/wp-content\/uploads\/2023\/04\/20230419_110823.jpg\" width=\"1213\" height=\"910\" \/><\/p>\n<p>A Prefeitura de Sum\u00e9 e a Secretaria de Educa\u00e7\u00e3o (Seduc) entregaram \u00e0 comunidade do S\u00edtio Concei\u00e7\u00e3o, nesta quarta-feira, 19, a Escola Jo\u00e3o de Sousa, totalmente reformada, ampliada e climatizada.<\/p>\n<p>A escola agora conta com sala de secretaria, quatro salas de aula, uma cozinha, dep\u00f3sito, seis banheiros, um refeit\u00f3rio, um p\u00e1tio de entrada com pra\u00e7a e brinquedos e uma horta com fruteiras, hortali\u00e7as e plantas medicinais. Al\u00e9m disso, foram adquiridos novos m\u00f3veis, carteiras, ares condicionados e computadores. O investimento foi de R$ 250 mil e os recursos foram pr\u00f3prios da prefeitura.<\/p>\n<p><a href=\"https:\/\/noticiasemdestaque.com\/cd\/wp-content\/uploads\/2023\/04\/WhatsApp-Image-2023-04-20-at-19.52.08.jpeg\"><img decoding=\"async\" class=\" wp-image-47765 aligncenter\" src=\"https:\/\/noticiasemdestaque.com\/cd\/wp-content\/uploads\/2023\/04\/WhatsApp-Image-2023-04-20-at-19.52.08-300x169.jpeg\" alt=\"\" width=\"726\" height=\"409\" srcset=\"https:\/\/noticiasemdestaque.com\/cd\/wp-content\/uploads\/2023\/04\/WhatsApp-Image-2023-04-20-at-19.52.08-300x169.jpeg 300w, https:\/\/noticiasemdestaque.com\/cd\/wp-content\/uploads\/2023\/04\/WhatsApp-Image-2023-04-20-at-19.52.08-768x432.jpeg 768w, https:\/\/noticiasemdestaque.com\/cd\/wp-content\/uploads\/2023\/04\/WhatsApp-Image-2023-04-20-at-19.52.08-18x10.jpeg 18w, https:\/\/noticiasemdestaque.com\/cd\/wp-content\/uploads\/2023\/04\/WhatsApp-Image-2023-04-20-at-19.52.08.jpeg 1000w\" sizes=\"(max-width: 726px) 100vw, 726px\" \/><\/a><\/p>\n<p><strong>Sobre a comunidade<\/strong>\u00a0\u2013 A comunidade de Concei\u00e7\u00e3o possui 329 habitantes distribu\u00eddos em 159 lares, todos com energia el\u00e9trica. A regi\u00e3o tem acesso a internet e possui uma escola, uma capela, dois campos de futebol, um a\u00e7ude p\u00fablico, uma caixa d\u2019\u00e1gua que abastece a \u00e1rea e uma mini f\u00e1brica de costura. Tamb\u00e9m existem duas associa\u00e7\u00f5es rurais comunit\u00e1rias e uma unidade \u00e2ncora de sa\u00fade que realiza atendimento mensalmente com: m\u00e9dicos, enfermeiros, dentistas e 3 agentes comunit\u00e1rios de sa\u00fade que acompanham as rotinas das fam\u00edlias da regi\u00e3o. Ela recebeu esse nome\u00a0<strong>\u201cConcei\u00e7\u00e3o\u201d<\/strong>\u00a0em homenagem aos seus primeiros moradores, tr\u00eas frades alem\u00e3es que chegaram \u00e0 regi\u00e3o e tinham devo\u00e7\u00e3o \u00e0 Imaculada Concei\u00e7\u00e3o. Eles uniram a devo\u00e7\u00e3o ao sobrenome do primeiro habitante da comunidade, resultando em\u00a0<strong>\u201cConcei\u00e7\u00e3o dos Izid\u00f3rios\u201d<\/strong>.<\/p>\n<p><strong>Sobre a escola<\/strong>\u00a0\u2013 A Escola Jo\u00e3o de Sousa foi constru\u00edda em 1968, em um terreno doado por\u00a0<strong>Manoel Izid\u00f3rio<\/strong>, filho de um dos primeiros moradores comunidade,\u00a0<strong>Jo\u00e3o de Sousa<\/strong>. Sua primeira professora foi\u00a0<strong>Isabel Severo.\u00a0<\/strong>Ao longo do tempo, a escola passou por reformas e reorganiza\u00e7\u00f5es para melhor atender \u00e0 comunidade escolar. Em 2018, foi criado um polo educacional para atender a todos os estudantes residentes na zona rural. Em 2019, foi implantado o hor\u00e1rio semi-integral com oficinas de letramento, jogos, brincadeiras l\u00fadicas, oficinas de teatro, cinema e materiais recicl\u00e1veis. Hoje a escola atua da educa\u00e7\u00e3o infantil ao 5\u00ba ano.<\/p>\n<p><img decoding=\"async\" class=\"aligncenter\" src=\"https:\/\/www.sume.pb.gov.br\/wp-content\/uploads\/2023\/04\/DSC_0195.jpg\" width=\"846\" height=\"564\" \/><\/p>\n<p>Al\u00e9m da participa\u00e7\u00e3o musical da Filarm\u00f4nica Municipal Mestro Ant\u00f4nio Josu\u00e9 de Lima, o evento contou com a participa\u00e7\u00e3o dos alunos que cantaram o hino do munic\u00edpio e recitaram poemas. Esses alunos, inclusive, que receberam na oportunidade, notebooks doados pela Seduc para aux\u00edlio tecnol\u00f3gico durante as aulas.<\/p>\n<p>A nova escola foi entregue a comunidade em um evento que reuniu o Prefeito \u00c9den Duarte, o Vice Manezinho Louren\u00e7o, os Secret\u00e1rios Bon\u00edlson Tim\u00f3teo (Educa\u00e7\u00e3o) e Tanniery L\u00eala (Sa\u00fade), dos Vereadores Daniel L\u00eala (Presidente), Ant\u00f4nio Carlos Sarmento, Dami\u00e3o Rildo, Crist\u00f3v\u00e3o Jr e Le\u00f4nidas Albino (Bomba), do Chefe de Gabinete Heleno J\u00fanior, das filhas e da vi\u00fava do Senhor Jo\u00e3o de Sousa, Dona Auxiliadora, dos Conselheitos do Or\u00e7amento Democr\u00e1tico Municipal (ODM), Edilson (St. Concei\u00e7\u00e3o) e Claudemir (St. Princesa do Ju\u00e1), dos Presidentes de Associa\u00e7\u00f5es locais, Maria Aparecida e Lourivaldo Batista, da Diretora da escola Simone Diniz e demais servidores, Warla Bruna, Secretaria de Sa\u00fade de Cara\u00fabas, coordenadores, demais servidores da educa\u00e7\u00e3o e sa\u00fade, pais, alunos e a comunidade da regi\u00e3o.<\/p>\n<p><img loading=\"lazy\" decoding=\"async\" class=\"aligncenter\" src=\"https:\/\/www.sume.pb.gov.br\/wp-content\/uploads\/2023\/04\/DSC_0254-1.jpg\" width=\"591\" height=\"502\" \/><\/p>\n<p>\u00c9den falou da alegria em poder realizar esse sonho da comunidade e concretizar uma demanda feita no ODM de 2022. Disse que o maior legado que algu\u00e9m pode deixar \u00e9 a educa\u00e7\u00e3o e o conhecimento, \u201cisso ningu\u00e9m nos tira\u201d. Agradeceu a D. Auxiliadora pela doa\u00e7\u00e3o do terreno, \u201cvoc\u00eas come\u00e7aram a escrever essa hist\u00f3ria e hoje dividem conosco a alegria de entregarmos uma das mais belas escolas do nosso munic\u00edpio. Muito obrigado\u201d, disse o prefeito.<\/p>\n<p>O secret\u00e1rio Bon\u00edlson ressaltou a import\u00e2ncia da equipe e todas as realiza\u00e7\u00f5es audaciosas feitas pela gest\u00e3o de \u00c9den e Manezinho na educa\u00e7\u00e3o. Citou a constru\u00e7\u00e3o e reformas de escolas, creches, gin\u00e1sios, distribui\u00e7\u00e3o de equipamento de inform\u00e1tica aos professores e alunos e a qualidade t\u00e9cnica de todos que fazem a Seduc.<\/p>\n<p>Por sua vez, a diretora Simone Diniz falou do amor que sente pela escola e todos que a fazem, da honra em poder participar deste momento, da sua histpria com a comunidade e da galeria rec\u00e9m criada, de antigos professores e da hist\u00f3ria da institui\u00e7\u00e3o.<\/p>\n<p>Antes do evento, desde as 6h30, acontecia uma feira de sa\u00fade e servi\u00e7os com equipe composta por m\u00e9dica, enfermeira (realizando citol\u00f3gico), odont\u00f3logo, fisioterapeutas (alongamento, massagem, postural laboral), t\u00e9cnicos, imuniza\u00e7\u00e3o (vacinas contra covid, influenza e de rotina), laborat\u00f3rio (realizando testes r\u00e1pidos), vigil\u00e2ncias ambiental, epidemiol\u00f3gica e sanit\u00e1ria, al\u00e9m de orienta\u00e7\u00f5es jur\u00eddicas. Tudo acompanhado pelos Agentes Comunit\u00e1rios da regi\u00e3o.<\/p>\n<p><img loading=\"lazy\" decoding=\"async\" class=\"aligncenter\" src=\"https:\/\/www.sume.pb.gov.br\/wp-content\/uploads\/2023\/04\/DSC_0355-1.jpg\" width=\"528\" height=\"421\" \/><\/p>\n<p><img loading=\"lazy\" decoding=\"async\" class=\"aligncenter\" src=\"https:\/\/www.sume.pb.gov.br\/wp-content\/uploads\/2023\/04\/DSC_0352.jpg\" width=\"570\" height=\"380\" \/><\/p>\n<p><img loading=\"lazy\" decoding=\"async\" class=\"aligncenter\" src=\"https:\/\/www.sume.pb.gov.br\/wp-content\/uploads\/2023\/04\/DSC_0373.jpg\" width=\"493\" height=\"329\" \/><\/p>\n<p><img loading=\"lazy\" decoding=\"async\" class=\"aligncenter\" src=\"https:\/\/www.sume.pb.gov.br\/wp-content\/uploads\/2023\/04\/DSC_0346-1.jpg\" width=\"473\" height=\"316\" \/><\/p>\n<p><strong>Noticias em Destaque<\/strong><\/p>\n<p style=\"text-align: right;\"><em>Fonte: Ascom\/PMS<\/em><\/p>\n","protected":false},"excerpt":{"rendered":"<p>A Prefeitura de Sum\u00e9 e a Secretaria de Educa\u00e7\u00e3o (Seduc) entregaram \u00e0 comunidade do S\u00edtio Concei\u00e7\u00e3o, nesta quarta-feira, 19, a Escola Jo\u00e3o de Sousa, totalmente reformada, ampliada e climatizada. A escola agora conta com sala de secretaria, quatro salas de aula, uma cozinha, dep\u00f3sito, seis banheiros, um refeit\u00f3rio, um p\u00e1tio de entrada com pra\u00e7a e brinquedos e uma horta com fruteiras, hortali\u00e7as e plantas medicinais. Al\u00e9m disso, foram adquiridos novos m\u00f3veis, carteiras, ares condicionados e computadores. O investimento foi de R$ 250 mil e os recursos foram pr\u00f3prios da prefeitura. Sobre a comunidade\u00a0\u2013 A comunidade de Concei\u00e7\u00e3o possui 329 habitantes distribu\u00eddos em 159 lares, todos com energia el\u00e9trica. A regi\u00e3o tem acesso a internet e possui uma escola, uma capela, dois campos de futebol, um a\u00e7ude p\u00fablico, uma caixa d\u2019\u00e1gua que abastece a \u00e1rea e uma mini f\u00e1brica de costura. Tamb\u00e9m existem duas associa\u00e7\u00f5es rurais comunit\u00e1rias e uma unidade \u00e2ncora de sa\u00fade que realiza atendimento mensalmente com: m\u00e9dicos, enfermeiros, dentistas e 3 agentes comunit\u00e1rios de sa\u00fade que acompanham as rotinas das fam\u00edlias da regi\u00e3o. Ela recebeu esse nome\u00a0\u201cConcei\u00e7\u00e3o\u201d\u00a0em homenagem aos seus primeiros moradores, tr\u00eas frades alem\u00e3es que chegaram \u00e0 regi\u00e3o e tinham devo\u00e7\u00e3o \u00e0 Imaculada Concei\u00e7\u00e3o. Eles uniram a devo\u00e7\u00e3o ao sobrenome do primeiro habitante da comunidade, resultando em\u00a0\u201cConcei\u00e7\u00e3o dos Izid\u00f3rios\u201d. Sobre a escola\u00a0\u2013 A Escola Jo\u00e3o de Sousa foi constru\u00edda em 1968, em um terreno doado por\u00a0Manoel Izid\u00f3rio, filho de um dos primeiros moradores comunidade,\u00a0Jo\u00e3o de Sousa. Sua primeira professora foi\u00a0Isabel Severo.\u00a0Ao longo do tempo, a escola passou por reformas e reorganiza\u00e7\u00f5es para melhor atender \u00e0 comunidade escolar. Em 2018, foi criado um polo educacional para atender a todos os estudantes residentes na zona rural. Em 2019, foi implantado o hor\u00e1rio semi-integral com oficinas de letramento, jogos, brincadeiras l\u00fadicas, oficinas de teatro, cinema e materiais recicl\u00e1veis. Hoje a escola atua da educa\u00e7\u00e3o infantil ao 5\u00ba ano. Al\u00e9m da participa\u00e7\u00e3o musical da Filarm\u00f4nica Municipal Mestro Ant\u00f4nio Josu\u00e9 de Lima, o evento contou com a participa\u00e7\u00e3o dos alunos que cantaram o hino do munic\u00edpio e recitaram poemas. Esses alunos, inclusive, que receberam na oportunidade, notebooks doados pela Seduc para aux\u00edlio tecnol\u00f3gico durante as aulas. A nova escola foi entregue a comunidade em um evento que reuniu o Prefeito \u00c9den Duarte, o Vice Manezinho Louren\u00e7o, os Secret\u00e1rios Bon\u00edlson Tim\u00f3teo (Educa\u00e7\u00e3o) e Tanniery L\u00eala (Sa\u00fade), dos Vereadores Daniel L\u00eala (Presidente), Ant\u00f4nio Carlos Sarmento, Dami\u00e3o Rildo, Crist\u00f3v\u00e3o Jr e Le\u00f4nidas Albino (Bomba), do Chefe de Gabinete Heleno J\u00fanior, das filhas e da vi\u00fava do Senhor Jo\u00e3o de Sousa, Dona Auxiliadora, dos Conselheitos do Or\u00e7amento Democr\u00e1tico Municipal (ODM), Edilson (St. Concei\u00e7\u00e3o) e Claudemir (St. Princesa do Ju\u00e1), dos Presidentes de Associa\u00e7\u00f5es locais, Maria Aparecida e Lourivaldo Batista, da Diretora da escola Simone Diniz e demais servidores, Warla Bruna, Secretaria de Sa\u00fade de Cara\u00fabas, coordenadores, demais servidores da educa\u00e7\u00e3o e sa\u00fade, pais, alunos e a comunidade da regi\u00e3o. \u00c9den falou da alegria em poder realizar esse sonho da comunidade e concretizar uma demanda feita no ODM de 2022. Disse que o maior legado que algu\u00e9m pode deixar \u00e9 a educa\u00e7\u00e3o e o conhecimento, \u201cisso ningu\u00e9m nos tira\u201d. Agradeceu a D. Auxiliadora pela doa\u00e7\u00e3o do terreno, \u201cvoc\u00eas come\u00e7aram a escrever essa hist\u00f3ria e hoje dividem conosco a alegria de entregarmos uma das mais belas escolas do nosso munic\u00edpio. Muito obrigado\u201d, disse o prefeito. O secret\u00e1rio Bon\u00edlson ressaltou a import\u00e2ncia da equipe e todas as realiza\u00e7\u00f5es audaciosas feitas pela gest\u00e3o de \u00c9den e Manezinho na educa\u00e7\u00e3o. Citou a constru\u00e7\u00e3o e reformas de escolas, creches, gin\u00e1sios, distribui\u00e7\u00e3o de equipamento de inform\u00e1tica aos professores e alunos e a qualidade t\u00e9cnica de todos que fazem a Seduc. Por sua vez, a diretora Simone Diniz falou do amor que sente pela escola e todos que a fazem, da honra em poder participar deste momento, da sua histpria com a comunidade e da galeria rec\u00e9m criada, de antigos professores e da hist\u00f3ria da institui\u00e7\u00e3o. Antes do evento, desde as 6h30, acontecia uma feira de sa\u00fade e servi\u00e7os com equipe composta por m\u00e9dica, enfermeira (realizando citol\u00f3gico), odont\u00f3logo, fisioterapeutas (alongamento, massagem, postural laboral), t\u00e9cnicos, imuniza\u00e7\u00e3o (vacinas contra covid, influenza e de rotina), laborat\u00f3rio (realizando testes r\u00e1pidos), vigil\u00e2ncias ambiental, epidemiol\u00f3gica e sanit\u00e1ria, al\u00e9m de orienta\u00e7\u00f5es jur\u00eddicas. Tudo acompanhado pelos Agentes Comunit\u00e1rios da regi\u00e3o. Noticias em Destaque Fonte: Ascom\/PMS<\/p>\n","protected":false},"author":2,"featured_media":47765,"comment_status":"closed","ping_status":"open","sticky":false,"template":"","format":"standard","meta":{"_eb_attr":"","_jetpack_memberships_contains_paid_content":false,"footnotes":""},"categories":[3],"tags":[],"class_list":["post-47761","post","type-post","status-publish","format-standard","has-post-thumbnail","hentry","category-cidades"],"yoast_head":"<!-- This site is optimized with the Yoast SEO plugin v26.5 - https:\/\/yoast.com\/wordpress\/plugins\/seo\/ -->\n<title>Em Sum\u00e9, a comunidade da Concei\u00e7\u00e3o comemora a nova escola Jo\u00e3o de Sousa - Not&iacute;cias em Destaque<\/title>\n<meta name=\"robots\" content=\"index, follow, max-snippet:-1, max-image-preview:large, max-video-preview:-1\" \/>\n<link rel=\"canonical\" href=\"https:\/\/noticiasemdestaque.com\/cd\/?p=47761\" \/>\n<meta property=\"og:locale\" content=\"pt_BR\" \/>\n<meta property=\"og:type\" content=\"article\" \/>\n<meta property=\"og:title\" content=\"Em Sum\u00e9, a comunidade da Concei\u00e7\u00e3o comemora a nova escola Jo\u00e3o de Sousa - Not&iacute;cias em Destaque\" \/>\n<meta property=\"og:description\" content=\"A Prefeitura de Sum\u00e9 e a Secretaria de Educa\u00e7\u00e3o (Seduc) entregaram \u00e0 comunidade do S\u00edtio Concei\u00e7\u00e3o, nesta quarta-feira, 19, a Escola Jo\u00e3o de Sousa, totalmente reformada, ampliada e climatizada. A escola agora conta com sala de secretaria, quatro salas de aula, uma cozinha, dep\u00f3sito, seis banheiros, um refeit\u00f3rio, um p\u00e1tio de entrada com pra\u00e7a e brinquedos e uma horta com fruteiras, hortali\u00e7as e plantas medicinais. Al\u00e9m disso, foram adquiridos novos m\u00f3veis, carteiras, ares condicionados e computadores. O investimento foi de R$ 250 mil e os recursos foram pr\u00f3prios da prefeitura. Sobre a comunidade\u00a0\u2013 A comunidade de Concei\u00e7\u00e3o possui 329 habitantes distribu\u00eddos em 159 lares, todos com energia el\u00e9trica. A regi\u00e3o tem acesso a internet e possui uma escola, uma capela, dois campos de futebol, um a\u00e7ude p\u00fablico, uma caixa d\u2019\u00e1gua que abastece a \u00e1rea e uma mini f\u00e1brica de costura. Tamb\u00e9m existem duas associa\u00e7\u00f5es rurais comunit\u00e1rias e uma unidade \u00e2ncora de sa\u00fade que realiza atendimento mensalmente com: m\u00e9dicos, enfermeiros, dentistas e 3 agentes comunit\u00e1rios de sa\u00fade que acompanham as rotinas das fam\u00edlias da regi\u00e3o. Ela recebeu esse nome\u00a0\u201cConcei\u00e7\u00e3o\u201d\u00a0em homenagem aos seus primeiros moradores, tr\u00eas frades alem\u00e3es que chegaram \u00e0 regi\u00e3o e tinham devo\u00e7\u00e3o \u00e0 Imaculada Concei\u00e7\u00e3o. Eles uniram a devo\u00e7\u00e3o ao sobrenome do primeiro habitante da comunidade, resultando em\u00a0\u201cConcei\u00e7\u00e3o dos Izid\u00f3rios\u201d. Sobre a escola\u00a0\u2013 A Escola Jo\u00e3o de Sousa foi constru\u00edda em 1968, em um terreno doado por\u00a0Manoel Izid\u00f3rio, filho de um dos primeiros moradores comunidade,\u00a0Jo\u00e3o de Sousa. Sua primeira professora foi\u00a0Isabel Severo.\u00a0Ao longo do tempo, a escola passou por reformas e reorganiza\u00e7\u00f5es para melhor atender \u00e0 comunidade escolar. Em 2018, foi criado um polo educacional para atender a todos os estudantes residentes na zona rural. Em 2019, foi implantado o hor\u00e1rio semi-integral com oficinas de letramento, jogos, brincadeiras l\u00fadicas, oficinas de teatro, cinema e materiais recicl\u00e1veis. Hoje a escola atua da educa\u00e7\u00e3o infantil ao 5\u00ba ano. Al\u00e9m da participa\u00e7\u00e3o musical da Filarm\u00f4nica Municipal Mestro Ant\u00f4nio Josu\u00e9 de Lima, o evento contou com a participa\u00e7\u00e3o dos alunos que cantaram o hino do munic\u00edpio e recitaram poemas. Esses alunos, inclusive, que receberam na oportunidade, notebooks doados pela Seduc para aux\u00edlio tecnol\u00f3gico durante as aulas. A nova escola foi entregue a comunidade em um evento que reuniu o Prefeito \u00c9den Duarte, o Vice Manezinho Louren\u00e7o, os Secret\u00e1rios Bon\u00edlson Tim\u00f3teo (Educa\u00e7\u00e3o) e Tanniery L\u00eala (Sa\u00fade), dos Vereadores Daniel L\u00eala (Presidente), Ant\u00f4nio Carlos Sarmento, Dami\u00e3o Rildo, Crist\u00f3v\u00e3o Jr e Le\u00f4nidas Albino (Bomba), do Chefe de Gabinete Heleno J\u00fanior, das filhas e da vi\u00fava do Senhor Jo\u00e3o de Sousa, Dona Auxiliadora, dos Conselheitos do Or\u00e7amento Democr\u00e1tico Municipal (ODM), Edilson (St. Concei\u00e7\u00e3o) e Claudemir (St. Princesa do Ju\u00e1), dos Presidentes de Associa\u00e7\u00f5es locais, Maria Aparecida e Lourivaldo Batista, da Diretora da escola Simone Diniz e demais servidores, Warla Bruna, Secretaria de Sa\u00fade de Cara\u00fabas, coordenadores, demais servidores da educa\u00e7\u00e3o e sa\u00fade, pais, alunos e a comunidade da regi\u00e3o. \u00c9den falou da alegria em poder realizar esse sonho da comunidade e concretizar uma demanda feita no ODM de 2022. Disse que o maior legado que algu\u00e9m pode deixar \u00e9 a educa\u00e7\u00e3o e o conhecimento, \u201cisso ningu\u00e9m nos tira\u201d. Agradeceu a D. Auxiliadora pela doa\u00e7\u00e3o do terreno, \u201cvoc\u00eas come\u00e7aram a escrever essa hist\u00f3ria e hoje dividem conosco a alegria de entregarmos uma das mais belas escolas do nosso munic\u00edpio. Muito obrigado\u201d, disse o prefeito. O secret\u00e1rio Bon\u00edlson ressaltou a import\u00e2ncia da equipe e todas as realiza\u00e7\u00f5es audaciosas feitas pela gest\u00e3o de \u00c9den e Manezinho na educa\u00e7\u00e3o. Citou a constru\u00e7\u00e3o e reformas de escolas, creches, gin\u00e1sios, distribui\u00e7\u00e3o de equipamento de inform\u00e1tica aos professores e alunos e a qualidade t\u00e9cnica de todos que fazem a Seduc. Por sua vez, a diretora Simone Diniz falou do amor que sente pela escola e todos que a fazem, da honra em poder participar deste momento, da sua histpria com a comunidade e da galeria rec\u00e9m criada, de antigos professores e da hist\u00f3ria da institui\u00e7\u00e3o. Antes do evento, desde as 6h30, acontecia uma feira de sa\u00fade e servi\u00e7os com equipe composta por m\u00e9dica, enfermeira (realizando citol\u00f3gico), odont\u00f3logo, fisioterapeutas (alongamento, massagem, postural laboral), t\u00e9cnicos, imuniza\u00e7\u00e3o (vacinas contra covid, influenza e de rotina), laborat\u00f3rio (realizando testes r\u00e1pidos), vigil\u00e2ncias ambiental, epidemiol\u00f3gica e sanit\u00e1ria, al\u00e9m de orienta\u00e7\u00f5es jur\u00eddicas. Tudo acompanhado pelos Agentes Comunit\u00e1rios da regi\u00e3o. Noticias em Destaque Fonte: Ascom\/PMS\" \/>\n<meta property=\"og:url\" content=\"https:\/\/noticiasemdestaque.com\/cd\/?p=47761\" \/>\n<meta property=\"og:site_name\" content=\"Not&iacute;cias em Destaque\" \/>\n<meta property=\"article:published_time\" content=\"2023-04-20T22:43:30+00:00\" \/>\n<meta property=\"article:modified_time\" content=\"2023-04-20T22:58:45+00:00\" \/>\n<meta property=\"og:image\" content=\"https:\/\/noticiasemdestaque.com\/cd\/wp-content\/uploads\/2023\/04\/WhatsApp-Image-2023-04-20-at-19.52.08.jpeg\" \/>\n\t<meta property=\"og:image:width\" content=\"1000\" \/>\n\t<meta property=\"og:image:height\" content=\"563\" \/>\n\t<meta property=\"og:image:type\" content=\"image\/jpeg\" \/>\n<meta name=\"author\" content=\"Not\u00edcias em Destaque\" \/>\n<meta name=\"twitter:card\" content=\"summary_large_image\" \/>\n<meta name=\"twitter:label1\" content=\"Escrito por\" \/>\n\t<meta name=\"twitter:data1\" content=\"Not\u00edcias em Destaque\" \/>\n\t<meta name=\"twitter:label2\" content=\"Est. tempo de leitura\" \/>\n\t<meta name=\"twitter:data2\" content=\"6 minutos\" \/>\n<script type=\"application\/ld+json\" class=\"yoast-schema-graph\">{\"@context\":\"https:\/\/schema.org\",\"@graph\":[{\"@type\":\"Article\",\"@id\":\"https:\/\/noticiasemdestaque.com\/cd\/?p=47761#article\",\"isPartOf\":{\"@id\":\"https:\/\/noticiasemdestaque.com\/cd\/?p=47761\"},\"author\":{\"name\":\"Not\u00edcias em Destaque\",\"@id\":\"https:\/\/noticiasemdestaque.com\/cd\/#\/schema\/person\/45ca272b3e1246ef14ebb78a48dbb218\"},\"headline\":\"Em Sum\u00e9, a comunidade da Concei\u00e7\u00e3o comemora a nova escola Jo\u00e3o de Sousa\",\"datePublished\":\"2023-04-20T22:43:30+00:00\",\"dateModified\":\"2023-04-20T22:58:45+00:00\",\"mainEntityOfPage\":{\"@id\":\"https:\/\/noticiasemdestaque.com\/cd\/?p=47761\"},\"wordCount\":829,\"publisher\":{\"@id\":\"https:\/\/noticiasemdestaque.com\/cd\/#organization\"},\"image\":{\"@id\":\"https:\/\/noticiasemdestaque.com\/cd\/?p=47761#primaryimage\"},\"thumbnailUrl\":\"https:\/\/noticiasemdestaque.com\/cd\/wp-content\/uploads\/2023\/04\/WhatsApp-Image-2023-04-20-at-19.52.08.jpeg\",\"articleSection\":[\"Cidades\"],\"inLanguage\":\"pt-BR\"},{\"@type\":\"WebPage\",\"@id\":\"https:\/\/noticiasemdestaque.com\/cd\/?p=47761\",\"url\":\"https:\/\/noticiasemdestaque.com\/cd\/?p=47761\",\"name\":\"Em Sum\u00e9, a comunidade da Concei\u00e7\u00e3o comemora a nova escola Jo\u00e3o de Sousa - Not&iacute;cias em Destaque\",\"isPartOf\":{\"@id\":\"https:\/\/noticiasemdestaque.com\/cd\/#website\"},\"primaryImageOfPage\":{\"@id\":\"https:\/\/noticiasemdestaque.com\/cd\/?p=47761#primaryimage\"},\"image\":{\"@id\":\"https:\/\/noticiasemdestaque.com\/cd\/?p=47761#primaryimage\"},\"thumbnailUrl\":\"https:\/\/noticiasemdestaque.com\/cd\/wp-content\/uploads\/2023\/04\/WhatsApp-Image-2023-04-20-at-19.52.08.jpeg\",\"datePublished\":\"2023-04-20T22:43:30+00:00\",\"dateModified\":\"2023-04-20T22:58:45+00:00\",\"breadcrumb\":{\"@id\":\"https:\/\/noticiasemdestaque.com\/cd\/?p=47761#breadcrumb\"},\"inLanguage\":\"pt-BR\",\"potentialAction\":[{\"@type\":\"ReadAction\",\"target\":[\"https:\/\/noticiasemdestaque.com\/cd\/?p=47761\"]}]},{\"@type\":\"ImageObject\",\"inLanguage\":\"pt-BR\",\"@id\":\"https:\/\/noticiasemdestaque.com\/cd\/?p=47761#primaryimage\",\"url\":\"https:\/\/noticiasemdestaque.com\/cd\/wp-content\/uploads\/2023\/04\/WhatsApp-Image-2023-04-20-at-19.52.08.jpeg\",\"contentUrl\":\"https:\/\/noticiasemdestaque.com\/cd\/wp-content\/uploads\/2023\/04\/WhatsApp-Image-2023-04-20-at-19.52.08.jpeg\",\"width\":1000,\"height\":563},{\"@type\":\"BreadcrumbList\",\"@id\":\"https:\/\/noticiasemdestaque.com\/cd\/?p=47761#breadcrumb\",\"itemListElement\":[{\"@type\":\"ListItem\",\"position\":1,\"name\":\"In\u00edcio\",\"item\":\"https:\/\/noticiasemdestaque.com\/cd\/\"},{\"@type\":\"ListItem\",\"position\":2,\"name\":\"Em Sum\u00e9, a comunidade da Concei\u00e7\u00e3o comemora a nova escola Jo\u00e3o de Sousa\"}]},{\"@type\":\"WebSite\",\"@id\":\"https:\/\/noticiasemdestaque.com\/cd\/#website\",\"url\":\"https:\/\/noticiasemdestaque.com\/cd\/\",\"name\":\"Not&iacute;cias em Destaque\",\"description\":\"\",\"publisher\":{\"@id\":\"https:\/\/noticiasemdestaque.com\/cd\/#organization\"},\"potentialAction\":[{\"@type\":\"SearchAction\",\"target\":{\"@type\":\"EntryPoint\",\"urlTemplate\":\"https:\/\/noticiasemdestaque.com\/cd\/?s={search_term_string}\"},\"query-input\":{\"@type\":\"PropertyValueSpecification\",\"valueRequired\":true,\"valueName\":\"search_term_string\"}}],\"inLanguage\":\"pt-BR\"},{\"@type\":\"Organization\",\"@id\":\"https:\/\/noticiasemdestaque.com\/cd\/#organization\",\"name\":\"Not\u00edcias em Destaque\",\"url\":\"https:\/\/noticiasemdestaque.com\/cd\/\",\"logo\":{\"@type\":\"ImageObject\",\"inLanguage\":\"pt-BR\",\"@id\":\"https:\/\/noticiasemdestaque.com\/cd\/#\/schema\/logo\/image\/\",\"url\":\"https:\/\/noticiasemdestaque.com\/cd\/wp-content\/uploads\/2022\/05\/imagem-base-noticiasemdestaque.png\",\"contentUrl\":\"https:\/\/noticiasemdestaque.com\/cd\/wp-content\/uploads\/2022\/05\/imagem-base-noticiasemdestaque.png\",\"width\":1200,\"height\":630,\"caption\":\"Not\u00edcias em Destaque\"},\"image\":{\"@id\":\"https:\/\/noticiasemdestaque.com\/cd\/#\/schema\/logo\/image\/\"}},{\"@type\":\"Person\",\"@id\":\"https:\/\/noticiasemdestaque.com\/cd\/#\/schema\/person\/45ca272b3e1246ef14ebb78a48dbb218\",\"name\":\"Not\u00edcias em Destaque\",\"url\":\"https:\/\/noticiasemdestaque.com\/cd\/?author=2\"}]}<\/script>\n<!-- \/ Yoast SEO plugin. -->","yoast_head_json":{"title":"Em Sum\u00e9, a comunidade da Concei\u00e7\u00e3o comemora a nova escola Jo\u00e3o de Sousa - Not&iacute;cias em Destaque","robots":{"index":"index","follow":"follow","max-snippet":"max-snippet:-1","max-image-preview":"max-image-preview:large","max-video-preview":"max-video-preview:-1"},"canonical":"https:\/\/noticiasemdestaque.com\/cd\/?p=47761","og_locale":"pt_BR","og_type":"article","og_title":"Em Sum\u00e9, a comunidade da Concei\u00e7\u00e3o comemora a nova escola Jo\u00e3o de Sousa - Not&iacute;cias em Destaque","og_description":"A Prefeitura de Sum\u00e9 e a Secretaria de Educa\u00e7\u00e3o (Seduc) entregaram \u00e0 comunidade do S\u00edtio Concei\u00e7\u00e3o, nesta quarta-feira, 19, a Escola Jo\u00e3o de Sousa, totalmente reformada, ampliada e climatizada. A escola agora conta com sala de secretaria, quatro salas de aula, uma cozinha, dep\u00f3sito, seis banheiros, um refeit\u00f3rio, um p\u00e1tio de entrada com pra\u00e7a e brinquedos e uma horta com fruteiras, hortali\u00e7as e plantas medicinais. Al\u00e9m disso, foram adquiridos novos m\u00f3veis, carteiras, ares condicionados e computadores. O investimento foi de R$ 250 mil e os recursos foram pr\u00f3prios da prefeitura. Sobre a comunidade\u00a0\u2013 A comunidade de Concei\u00e7\u00e3o possui 329 habitantes distribu\u00eddos em 159 lares, todos com energia el\u00e9trica. A regi\u00e3o tem acesso a internet e possui uma escola, uma capela, dois campos de futebol, um a\u00e7ude p\u00fablico, uma caixa d\u2019\u00e1gua que abastece a \u00e1rea e uma mini f\u00e1brica de costura. Tamb\u00e9m existem duas associa\u00e7\u00f5es rurais comunit\u00e1rias e uma unidade \u00e2ncora de sa\u00fade que realiza atendimento mensalmente com: m\u00e9dicos, enfermeiros, dentistas e 3 agentes comunit\u00e1rios de sa\u00fade que acompanham as rotinas das fam\u00edlias da regi\u00e3o. Ela recebeu esse nome\u00a0\u201cConcei\u00e7\u00e3o\u201d\u00a0em homenagem aos seus primeiros moradores, tr\u00eas frades alem\u00e3es que chegaram \u00e0 regi\u00e3o e tinham devo\u00e7\u00e3o \u00e0 Imaculada Concei\u00e7\u00e3o. Eles uniram a devo\u00e7\u00e3o ao sobrenome do primeiro habitante da comunidade, resultando em\u00a0\u201cConcei\u00e7\u00e3o dos Izid\u00f3rios\u201d. Sobre a escola\u00a0\u2013 A Escola Jo\u00e3o de Sousa foi constru\u00edda em 1968, em um terreno doado por\u00a0Manoel Izid\u00f3rio, filho de um dos primeiros moradores comunidade,\u00a0Jo\u00e3o de Sousa. Sua primeira professora foi\u00a0Isabel Severo.\u00a0Ao longo do tempo, a escola passou por reformas e reorganiza\u00e7\u00f5es para melhor atender \u00e0 comunidade escolar. Em 2018, foi criado um polo educacional para atender a todos os estudantes residentes na zona rural. Em 2019, foi implantado o hor\u00e1rio semi-integral com oficinas de letramento, jogos, brincadeiras l\u00fadicas, oficinas de teatro, cinema e materiais recicl\u00e1veis. Hoje a escola atua da educa\u00e7\u00e3o infantil ao 5\u00ba ano. Al\u00e9m da participa\u00e7\u00e3o musical da Filarm\u00f4nica Municipal Mestro Ant\u00f4nio Josu\u00e9 de Lima, o evento contou com a participa\u00e7\u00e3o dos alunos que cantaram o hino do munic\u00edpio e recitaram poemas. Esses alunos, inclusive, que receberam na oportunidade, notebooks doados pela Seduc para aux\u00edlio tecnol\u00f3gico durante as aulas. A nova escola foi entregue a comunidade em um evento que reuniu o Prefeito \u00c9den Duarte, o Vice Manezinho Louren\u00e7o, os Secret\u00e1rios Bon\u00edlson Tim\u00f3teo (Educa\u00e7\u00e3o) e Tanniery L\u00eala (Sa\u00fade), dos Vereadores Daniel L\u00eala (Presidente), Ant\u00f4nio Carlos Sarmento, Dami\u00e3o Rildo, Crist\u00f3v\u00e3o Jr e Le\u00f4nidas Albino (Bomba), do Chefe de Gabinete Heleno J\u00fanior, das filhas e da vi\u00fava do Senhor Jo\u00e3o de Sousa, Dona Auxiliadora, dos Conselheitos do Or\u00e7amento Democr\u00e1tico Municipal (ODM), Edilson (St. Concei\u00e7\u00e3o) e Claudemir (St. Princesa do Ju\u00e1), dos Presidentes de Associa\u00e7\u00f5es locais, Maria Aparecida e Lourivaldo Batista, da Diretora da escola Simone Diniz e demais servidores, Warla Bruna, Secretaria de Sa\u00fade de Cara\u00fabas, coordenadores, demais servidores da educa\u00e7\u00e3o e sa\u00fade, pais, alunos e a comunidade da regi\u00e3o. \u00c9den falou da alegria em poder realizar esse sonho da comunidade e concretizar uma demanda feita no ODM de 2022. Disse que o maior legado que algu\u00e9m pode deixar \u00e9 a educa\u00e7\u00e3o e o conhecimento, \u201cisso ningu\u00e9m nos tira\u201d. Agradeceu a D. Auxiliadora pela doa\u00e7\u00e3o do terreno, \u201cvoc\u00eas come\u00e7aram a escrever essa hist\u00f3ria e hoje dividem conosco a alegria de entregarmos uma das mais belas escolas do nosso munic\u00edpio. Muito obrigado\u201d, disse o prefeito. O secret\u00e1rio Bon\u00edlson ressaltou a import\u00e2ncia da equipe e todas as realiza\u00e7\u00f5es audaciosas feitas pela gest\u00e3o de \u00c9den e Manezinho na educa\u00e7\u00e3o. Citou a constru\u00e7\u00e3o e reformas de escolas, creches, gin\u00e1sios, distribui\u00e7\u00e3o de equipamento de inform\u00e1tica aos professores e alunos e a qualidade t\u00e9cnica de todos que fazem a Seduc. Por sua vez, a diretora Simone Diniz falou do amor que sente pela escola e todos que a fazem, da honra em poder participar deste momento, da sua histpria com a comunidade e da galeria rec\u00e9m criada, de antigos professores e da hist\u00f3ria da institui\u00e7\u00e3o. Antes do evento, desde as 6h30, acontecia uma feira de sa\u00fade e servi\u00e7os com equipe composta por m\u00e9dica, enfermeira (realizando citol\u00f3gico), odont\u00f3logo, fisioterapeutas (alongamento, massagem, postural laboral), t\u00e9cnicos, imuniza\u00e7\u00e3o (vacinas contra covid, influenza e de rotina), laborat\u00f3rio (realizando testes r\u00e1pidos), vigil\u00e2ncias ambiental, epidemiol\u00f3gica e sanit\u00e1ria, al\u00e9m de orienta\u00e7\u00f5es jur\u00eddicas. Tudo acompanhado pelos Agentes Comunit\u00e1rios da regi\u00e3o. Noticias em Destaque Fonte: Ascom\/PMS","og_url":"https:\/\/noticiasemdestaque.com\/cd\/?p=47761","og_site_name":"Not&iacute;cias em Destaque","article_published_time":"2023-04-20T22:43:30+00:00","article_modified_time":"2023-04-20T22:58:45+00:00","og_image":[{"width":1000,"height":563,"url":"https:\/\/noticiasemdestaque.com\/cd\/wp-content\/uploads\/2023\/04\/WhatsApp-Image-2023-04-20-at-19.52.08.jpeg","type":"image\/jpeg"}],"author":"Not\u00edcias em Destaque","twitter_card":"summary_large_image","twitter_misc":{"Escrito por":"Not\u00edcias em Destaque","Est. tempo de leitura":"6 minutos"},"schema":{"@context":"https:\/\/schema.org","@graph":[{"@type":"Article","@id":"https:\/\/noticiasemdestaque.com\/cd\/?p=47761#article","isPartOf":{"@id":"https:\/\/noticiasemdestaque.com\/cd\/?p=47761"},"author":{"name":"Not\u00edcias em Destaque","@id":"https:\/\/noticiasemdestaque.com\/cd\/#\/schema\/person\/45ca272b3e1246ef14ebb78a48dbb218"},"headline":"Em Sum\u00e9, a comunidade da Concei\u00e7\u00e3o comemora a nova escola Jo\u00e3o de Sousa","datePublished":"2023-04-20T22:43:30+00:00","dateModified":"2023-04-20T22:58:45+00:00","mainEntityOfPage":{"@id":"https:\/\/noticiasemdestaque.com\/cd\/?p=47761"},"wordCount":829,"publisher":{"@id":"https:\/\/noticiasemdestaque.com\/cd\/#organization"},"image":{"@id":"https:\/\/noticiasemdestaque.com\/cd\/?p=47761#primaryimage"},"thumbnailUrl":"https:\/\/noticiasemdestaque.com\/cd\/wp-content\/uploads\/2023\/04\/WhatsApp-Image-2023-04-20-at-19.52.08.jpeg","articleSection":["Cidades"],"inLanguage":"pt-BR"},{"@type":"WebPage","@id":"https:\/\/noticiasemdestaque.com\/cd\/?p=47761","url":"https:\/\/noticiasemdestaque.com\/cd\/?p=47761","name":"Em Sum\u00e9, a comunidade da Concei\u00e7\u00e3o comemora a nova escola Jo\u00e3o de Sousa - Not&iacute;cias em Destaque","isPartOf":{"@id":"https:\/\/noticiasemdestaque.com\/cd\/#website"},"primaryImageOfPage":{"@id":"https:\/\/noticiasemdestaque.com\/cd\/?p=47761#primaryimage"},"image":{"@id":"https:\/\/noticiasemdestaque.com\/cd\/?p=47761#primaryimage"},"thumbnailUrl":"https:\/\/noticiasemdestaque.com\/cd\/wp-content\/uploads\/2023\/04\/WhatsApp-Image-2023-04-20-at-19.52.08.jpeg","datePublished":"2023-04-20T22:43:30+00:00","dateModified":"2023-04-20T22:58:45+00:00","breadcrumb":{"@id":"https:\/\/noticiasemdestaque.com\/cd\/?p=47761#breadcrumb"},"inLanguage":"pt-BR","potentialAction":[{"@type":"ReadAction","target":["https:\/\/noticiasemdestaque.com\/cd\/?p=47761"]}]},{"@type":"ImageObject","inLanguage":"pt-BR","@id":"https:\/\/noticiasemdestaque.com\/cd\/?p=47761#primaryimage","url":"https:\/\/noticiasemdestaque.com\/cd\/wp-content\/uploads\/2023\/04\/WhatsApp-Image-2023-04-20-at-19.52.08.jpeg","contentUrl":"https:\/\/noticiasemdestaque.com\/cd\/wp-content\/uploads\/2023\/04\/WhatsApp-Image-2023-04-20-at-19.52.08.jpeg","width":1000,"height":563},{"@type":"BreadcrumbList","@id":"https:\/\/noticiasemdestaque.com\/cd\/?p=47761#breadcrumb","itemListElement":[{"@type":"ListItem","position":1,"name":"In\u00edcio","item":"https:\/\/noticiasemdestaque.com\/cd\/"},{"@type":"ListItem","position":2,"name":"Em Sum\u00e9, a comunidade da Concei\u00e7\u00e3o comemora a nova escola Jo\u00e3o de Sousa"}]},{"@type":"WebSite","@id":"https:\/\/noticiasemdestaque.com\/cd\/#website","url":"https:\/\/noticiasemdestaque.com\/cd\/","name":"Not&iacute;cias em Destaque","description":"","publisher":{"@id":"https:\/\/noticiasemdestaque.com\/cd\/#organization"},"potentialAction":[{"@type":"SearchAction","target":{"@type":"EntryPoint","urlTemplate":"https:\/\/noticiasemdestaque.com\/cd\/?s={search_term_string}"},"query-input":{"@type":"PropertyValueSpecification","valueRequired":true,"valueName":"search_term_string"}}],"inLanguage":"pt-BR"},{"@type":"Organization","@id":"https:\/\/noticiasemdestaque.com\/cd\/#organization","name":"Not\u00edcias em Destaque","url":"https:\/\/noticiasemdestaque.com\/cd\/","logo":{"@type":"ImageObject","inLanguage":"pt-BR","@id":"https:\/\/noticiasemdestaque.com\/cd\/#\/schema\/logo\/image\/","url":"https:\/\/noticiasemdestaque.com\/cd\/wp-content\/uploads\/2022\/05\/imagem-base-noticiasemdestaque.png","contentUrl":"https:\/\/noticiasemdestaque.com\/cd\/wp-content\/uploads\/2022\/05\/imagem-base-noticiasemdestaque.png","width":1200,"height":630,"caption":"Not\u00edcias em Destaque"},"image":{"@id":"https:\/\/noticiasemdestaque.com\/cd\/#\/schema\/logo\/image\/"}},{"@type":"Person","@id":"https:\/\/noticiasemdestaque.com\/cd\/#\/schema\/person\/45ca272b3e1246ef14ebb78a48dbb218","name":"Not\u00edcias em Destaque","url":"https:\/\/noticiasemdestaque.com\/cd\/?author=2"}]}},"jetpack_featured_media_url":"https:\/\/noticiasemdestaque.com\/cd\/wp-content\/uploads\/2023\/04\/WhatsApp-Image-2023-04-20-at-19.52.08.jpeg","jetpack_sharing_enabled":true,"_links":{"self":[{"href":"https:\/\/noticiasemdestaque.com\/cd\/index.php?rest_route=\/wp\/v2\/posts\/47761","targetHints":{"allow":["GET"]}}],"collection":[{"href":"https:\/\/noticiasemdestaque.com\/cd\/index.php?rest_route=\/wp\/v2\/posts"}],"about":[{"href":"https:\/\/noticiasemdestaque.com\/cd\/index.php?rest_route=\/wp\/v2\/types\/post"}],"author":[{"embeddable":true,"href":"https:\/\/noticiasemdestaque.com\/cd\/index.php?rest_route=\/wp\/v2\/users\/2"}],"replies":[{"embeddable":true,"href":"https:\/\/noticiasemdestaque.com\/cd\/index.php?rest_route=%2Fwp%2Fv2%2Fcomments&post=47761"}],"version-history":[{"count":3,"href":"https:\/\/noticiasemdestaque.com\/cd\/index.php?rest_route=\/wp\/v2\/posts\/47761\/revisions"}],"predecessor-version":[{"id":47767,"href":"https:\/\/noticiasemdestaque.com\/cd\/index.php?rest_route=\/wp\/v2\/posts\/47761\/revisions\/47767"}],"wp:featuredmedia":[{"embeddable":true,"href":"https:\/\/noticiasemdestaque.com\/cd\/index.php?rest_route=\/wp\/v2\/media\/47765"}],"wp:attachment":[{"href":"https:\/\/noticiasemdestaque.com\/cd\/index.php?rest_route=%2Fwp%2Fv2%2Fmedia&parent=47761"}],"wp:term":[{"taxonomy":"category","embeddable":true,"href":"https:\/\/noticiasemdestaque.com\/cd\/index.php?rest_route=%2Fwp%2Fv2%2Fcategories&post=47761"},{"taxonomy":"post_tag","embeddable":true,"href":"https:\/\/noticiasemdestaque.com\/cd\/index.php?rest_route=%2Fwp%2Fv2%2Ftags&post=47761"}],"curies":[{"name":"wp","href":"https:\/\/api.w.org\/{rel}","templated":true}]}}