{"id":4776,"date":"2017-09-30T18:05:26","date_gmt":"2017-09-30T21:05:26","guid":{"rendered":"http:\/\/caririemdestaque.com\/cd\/?p=4776"},"modified":"2017-09-30T18:05:26","modified_gmt":"2017-09-30T21:05:26","slug":"senado-trabalha-para-adiar-votacao-do-caso-aecio-diz-raimundo-lira","status":"publish","type":"post","link":"https:\/\/noticiasemdestaque.com\/cd\/?p=4776","title":{"rendered":"Senado trabalha para adiar vota\u00e7\u00e3o do caso A\u00e9cio, diz Raimundo Lira"},"content":{"rendered":"<p><a href=\"http:\/\/caririemdestaque.com\/cd\/wp-content\/uploads\/2017\/09\/raimundo_lira_portal_senado.jpg\"><img fetchpriority=\"high\" decoding=\"async\" class=\"wp-image-4777 size-medium alignleft\" src=\"http:\/\/caririemdestaque.com\/cd\/wp-content\/uploads\/2017\/09\/raimundo_lira_portal_senado-300x200.jpg\" alt=\"\" width=\"300\" height=\"200\" srcset=\"https:\/\/noticiasemdestaque.com\/cd\/wp-content\/uploads\/2017\/09\/raimundo_lira_portal_senado-300x200.jpg 300w, https:\/\/noticiasemdestaque.com\/cd\/wp-content\/uploads\/2017\/09\/raimundo_lira_portal_senado-768x513.jpg 768w, https:\/\/noticiasemdestaque.com\/cd\/wp-content\/uploads\/2017\/09\/raimundo_lira_portal_senado-480x320.jpg 480w, https:\/\/noticiasemdestaque.com\/cd\/wp-content\/uploads\/2017\/09\/raimundo_lira_portal_senado.jpg 876w\" sizes=\"(max-width: 300px) 100vw, 300px\" \/><\/a>L\u00edder do PMDB no Senado, Raimundo Lira (PMDB-PB) defendeu, nessa sexta-feira (29), que o plen\u00e1rio adie a vota\u00e7\u00e3o, marcada para a ter\u00e7a-feira (3), do requerimento sobre se mant\u00e9m o afastamento do senador A\u00e9cio Neves (PSDB-MG), determinado pela 1\u00aa Turma do Supremo Tribunal Federal (STF). O pemedebista prefere aguardar o julgamento, no dia 11 de outubro, de a\u00e7\u00e3o que regulamentar\u00e1 o papel do Legislativo neste tipo de decis\u00e3o do Judici\u00e1rio.<\/p>\n<p>&#8220;Pol\u00edtica \u00e9 o entendimento, a negocia\u00e7\u00e3o, o consenso. Para evitar esse conflito entre os dois Poderes, eu, em nome do PMDB, consultei alguns senadores e concordo com o adiamento. \u00c9 bom para o Senado, acho que \u00e9 bom tamb\u00e9m para o Supremo Tribunal&#8221;, afirmou o l\u00edder do PMDB, bancada que representa 25% do Senado.<\/p>\n<p>Ap\u00f3s a decis\u00e3o da 1\u00aa Turma de afastar A\u00e9cio do mandato, e a articula\u00e7\u00e3o do Senado para revogar essa determina\u00e7\u00e3o do STF, a presidente da Corte, ministra C\u00e1rmen L\u00facia, marcou para 11 de outubro julgamento de ADI que solicita que as medidas cautelares previstas no C\u00f3digo de Processo Penal (CPP) como diversas \u00e0 pris\u00e3o &#8212; o recolhimento noturno, por exemplo, caso de A\u00e9cio &#8211;, quando aplicadas a parlamentares, sejam submetidas ao aval do Congresso em um prazo de 24 horas, assim como j\u00e1 acontece na hip\u00f3tese de decreto de pris\u00e3o.<\/p>\n<p>A tend\u00eancia \u00e9 que o Senado s\u00f3 delibere sobre o afastamento do tucano depois desse julgamento, embora parte dos senadores, como o l\u00edder do PSDB, senador Paulo Bauer (SC), defenda que a vota\u00e7\u00e3o seja mesmo na ter\u00e7a e n\u00e3o se aguarde o STF.<\/p>\n<p>Fonte: Valor Econ\u00f4mico<\/p>\n","protected":false},"excerpt":{"rendered":"<p>L\u00edder do PMDB no Senado, Raimundo Lira (PMDB-PB) defendeu, nessa sexta-feira (29), que o plen\u00e1rio adie a vota\u00e7\u00e3o, marcada para a ter\u00e7a-feira (3), do requerimento sobre se mant\u00e9m o afastamento do senador A\u00e9cio Neves (PSDB-MG), determinado pela 1\u00aa Turma do Supremo Tribunal Federal (STF). O pemedebista prefere aguardar o julgamento, no dia 11 de outubro, de a\u00e7\u00e3o que regulamentar\u00e1 o papel do Legislativo neste tipo de decis\u00e3o do Judici\u00e1rio. &#8220;Pol\u00edtica \u00e9 o entendimento, a negocia\u00e7\u00e3o, o consenso. Para evitar esse conflito entre os dois Poderes, eu, em nome do PMDB, consultei alguns senadores e concordo com o adiamento. \u00c9 bom para o Senado, acho que \u00e9 bom tamb\u00e9m para o Supremo Tribunal&#8221;, afirmou o l\u00edder do PMDB, bancada que representa 25% do Senado. Ap\u00f3s a decis\u00e3o da 1\u00aa Turma de afastar A\u00e9cio do mandato, e a articula\u00e7\u00e3o do Senado para revogar essa determina\u00e7\u00e3o do STF, a presidente da Corte, ministra C\u00e1rmen L\u00facia, marcou para 11 de outubro julgamento de ADI que solicita que as medidas cautelares previstas no C\u00f3digo de Processo Penal (CPP) como diversas \u00e0 pris\u00e3o &#8212; o recolhimento noturno, por exemplo, caso de A\u00e9cio &#8211;, quando aplicadas a parlamentares, sejam submetidas ao aval do Congresso em um prazo de 24 horas, assim como j\u00e1 acontece na hip\u00f3tese de decreto de pris\u00e3o. A tend\u00eancia \u00e9 que o Senado s\u00f3 delibere sobre o afastamento do tucano depois desse julgamento, embora parte dos senadores, como o l\u00edder do PSDB, senador Paulo Bauer (SC), defenda que a vota\u00e7\u00e3o seja mesmo na ter\u00e7a e n\u00e3o se aguarde o STF. Fonte: Valor Econ\u00f4mico<\/p>\n","protected":false},"author":2,"featured_media":4777,"comment_status":"closed","ping_status":"open","sticky":false,"template":"","format":"standard","meta":{"_eb_attr":"","_jetpack_memberships_contains_paid_content":false,"footnotes":""},"categories":[4],"tags":[],"class_list":["post-4776","post","type-post","status-publish","format-standard","has-post-thumbnail","hentry","category-politica"],"yoast_head":"<!-- This site is optimized with the Yoast SEO plugin v26.5 - https:\/\/yoast.com\/wordpress\/plugins\/seo\/ -->\n<title>Senado trabalha para adiar vota\u00e7\u00e3o do caso A\u00e9cio, diz Raimundo Lira - Not&iacute;cias em Destaque<\/title>\n<meta name=\"robots\" content=\"index, follow, max-snippet:-1, max-image-preview:large, max-video-preview:-1\" \/>\n<link rel=\"canonical\" href=\"https:\/\/noticiasemdestaque.com\/cd\/?p=4776\" \/>\n<meta property=\"og:locale\" content=\"pt_BR\" \/>\n<meta property=\"og:type\" content=\"article\" \/>\n<meta property=\"og:title\" content=\"Senado trabalha para adiar vota\u00e7\u00e3o do caso A\u00e9cio, diz Raimundo Lira - Not&iacute;cias em Destaque\" \/>\n<meta property=\"og:description\" content=\"L\u00edder do PMDB no Senado, Raimundo Lira (PMDB-PB) defendeu, nessa sexta-feira (29), que o plen\u00e1rio adie a vota\u00e7\u00e3o, marcada para a ter\u00e7a-feira (3), do requerimento sobre se mant\u00e9m o afastamento do senador A\u00e9cio Neves (PSDB-MG), determinado pela 1\u00aa Turma do Supremo Tribunal Federal (STF). O pemedebista prefere aguardar o julgamento, no dia 11 de outubro, de a\u00e7\u00e3o que regulamentar\u00e1 o papel do Legislativo neste tipo de decis\u00e3o do Judici\u00e1rio. &#8220;Pol\u00edtica \u00e9 o entendimento, a negocia\u00e7\u00e3o, o consenso. Para evitar esse conflito entre os dois Poderes, eu, em nome do PMDB, consultei alguns senadores e concordo com o adiamento. \u00c9 bom para o Senado, acho que \u00e9 bom tamb\u00e9m para o Supremo Tribunal&#8221;, afirmou o l\u00edder do PMDB, bancada que representa 25% do Senado. Ap\u00f3s a decis\u00e3o da 1\u00aa Turma de afastar A\u00e9cio do mandato, e a articula\u00e7\u00e3o do Senado para revogar essa determina\u00e7\u00e3o do STF, a presidente da Corte, ministra C\u00e1rmen L\u00facia, marcou para 11 de outubro julgamento de ADI que solicita que as medidas cautelares previstas no C\u00f3digo de Processo Penal (CPP) como diversas \u00e0 pris\u00e3o &#8212; o recolhimento noturno, por exemplo, caso de A\u00e9cio &#8211;, quando aplicadas a parlamentares, sejam submetidas ao aval do Congresso em um prazo de 24 horas, assim como j\u00e1 acontece na hip\u00f3tese de decreto de pris\u00e3o. A tend\u00eancia \u00e9 que o Senado s\u00f3 delibere sobre o afastamento do tucano depois desse julgamento, embora parte dos senadores, como o l\u00edder do PSDB, senador Paulo Bauer (SC), defenda que a vota\u00e7\u00e3o seja mesmo na ter\u00e7a e n\u00e3o se aguarde o STF. Fonte: Valor Econ\u00f4mico\" \/>\n<meta property=\"og:url\" content=\"https:\/\/noticiasemdestaque.com\/cd\/?p=4776\" \/>\n<meta property=\"og:site_name\" content=\"Not&iacute;cias em Destaque\" \/>\n<meta property=\"article:published_time\" content=\"2017-09-30T21:05:26+00:00\" \/>\n<meta property=\"og:image\" content=\"https:\/\/noticiasemdestaque.com\/cd\/wp-content\/uploads\/2017\/09\/raimundo_lira_portal_senado.jpg\" \/>\n\t<meta property=\"og:image:width\" content=\"876\" \/>\n\t<meta property=\"og:image:height\" content=\"585\" \/>\n\t<meta property=\"og:image:type\" content=\"image\/jpeg\" \/>\n<meta name=\"author\" content=\"Not\u00edcias em Destaque\" \/>\n<meta name=\"twitter:card\" content=\"summary_large_image\" \/>\n<meta name=\"twitter:label1\" content=\"Escrito por\" \/>\n\t<meta name=\"twitter:data1\" content=\"Not\u00edcias em Destaque\" \/>\n\t<meta name=\"twitter:label2\" content=\"Est. tempo de leitura\" \/>\n\t<meta name=\"twitter:data2\" content=\"1 minuto\" \/>\n<script type=\"application\/ld+json\" class=\"yoast-schema-graph\">{\"@context\":\"https:\/\/schema.org\",\"@graph\":[{\"@type\":\"Article\",\"@id\":\"https:\/\/noticiasemdestaque.com\/cd\/?p=4776#article\",\"isPartOf\":{\"@id\":\"https:\/\/noticiasemdestaque.com\/cd\/?p=4776\"},\"author\":{\"name\":\"Not\u00edcias em Destaque\",\"@id\":\"https:\/\/noticiasemdestaque.com\/cd\/#\/schema\/person\/21320b03a7e8bb90128938dafc9b908a\"},\"headline\":\"Senado trabalha para adiar vota\u00e7\u00e3o do caso A\u00e9cio, diz Raimundo Lira\",\"datePublished\":\"2017-09-30T21:05:26+00:00\",\"mainEntityOfPage\":{\"@id\":\"https:\/\/noticiasemdestaque.com\/cd\/?p=4776\"},\"wordCount\":290,\"publisher\":{\"@id\":\"https:\/\/noticiasemdestaque.com\/cd\/#organization\"},\"image\":{\"@id\":\"https:\/\/noticiasemdestaque.com\/cd\/?p=4776#primaryimage\"},\"thumbnailUrl\":\"https:\/\/noticiasemdestaque.com\/cd\/wp-content\/uploads\/2017\/09\/raimundo_lira_portal_senado.jpg\",\"articleSection\":[\"Pol\u00edtica\"],\"inLanguage\":\"pt-BR\"},{\"@type\":\"WebPage\",\"@id\":\"https:\/\/noticiasemdestaque.com\/cd\/?p=4776\",\"url\":\"https:\/\/noticiasemdestaque.com\/cd\/?p=4776\",\"name\":\"Senado trabalha para adiar vota\u00e7\u00e3o do caso A\u00e9cio, diz Raimundo Lira - Not&iacute;cias em Destaque\",\"isPartOf\":{\"@id\":\"https:\/\/noticiasemdestaque.com\/cd\/#website\"},\"primaryImageOfPage\":{\"@id\":\"https:\/\/noticiasemdestaque.com\/cd\/?p=4776#primaryimage\"},\"image\":{\"@id\":\"https:\/\/noticiasemdestaque.com\/cd\/?p=4776#primaryimage\"},\"thumbnailUrl\":\"https:\/\/noticiasemdestaque.com\/cd\/wp-content\/uploads\/2017\/09\/raimundo_lira_portal_senado.jpg\",\"datePublished\":\"2017-09-30T21:05:26+00:00\",\"breadcrumb\":{\"@id\":\"https:\/\/noticiasemdestaque.com\/cd\/?p=4776#breadcrumb\"},\"inLanguage\":\"pt-BR\",\"potentialAction\":[{\"@type\":\"ReadAction\",\"target\":[\"https:\/\/noticiasemdestaque.com\/cd\/?p=4776\"]}]},{\"@type\":\"ImageObject\",\"inLanguage\":\"pt-BR\",\"@id\":\"https:\/\/noticiasemdestaque.com\/cd\/?p=4776#primaryimage\",\"url\":\"https:\/\/noticiasemdestaque.com\/cd\/wp-content\/uploads\/2017\/09\/raimundo_lira_portal_senado.jpg\",\"contentUrl\":\"https:\/\/noticiasemdestaque.com\/cd\/wp-content\/uploads\/2017\/09\/raimundo_lira_portal_senado.jpg\",\"width\":876,\"height\":585,\"caption\":\"Senador Raimundo Lira (Foto: Reprodu\u00e7\u00e3o)\"},{\"@type\":\"BreadcrumbList\",\"@id\":\"https:\/\/noticiasemdestaque.com\/cd\/?p=4776#breadcrumb\",\"itemListElement\":[{\"@type\":\"ListItem\",\"position\":1,\"name\":\"In\u00edcio\",\"item\":\"https:\/\/noticiasemdestaque.com\/cd\/\"},{\"@type\":\"ListItem\",\"position\":2,\"name\":\"Senado trabalha para adiar vota\u00e7\u00e3o do caso A\u00e9cio, diz Raimundo Lira\"}]},{\"@type\":\"WebSite\",\"@id\":\"https:\/\/noticiasemdestaque.com\/cd\/#website\",\"url\":\"https:\/\/noticiasemdestaque.com\/cd\/\",\"name\":\"Not&iacute;cias em Destaque\",\"description\":\"\",\"publisher\":{\"@id\":\"https:\/\/noticiasemdestaque.com\/cd\/#organization\"},\"potentialAction\":[{\"@type\":\"SearchAction\",\"target\":{\"@type\":\"EntryPoint\",\"urlTemplate\":\"https:\/\/noticiasemdestaque.com\/cd\/?s={search_term_string}\"},\"query-input\":{\"@type\":\"PropertyValueSpecification\",\"valueRequired\":true,\"valueName\":\"search_term_string\"}}],\"inLanguage\":\"pt-BR\"},{\"@type\":\"Organization\",\"@id\":\"https:\/\/noticiasemdestaque.com\/cd\/#organization\",\"name\":\"Not\u00edcias em Destaque\",\"url\":\"https:\/\/noticiasemdestaque.com\/cd\/\",\"logo\":{\"@type\":\"ImageObject\",\"inLanguage\":\"pt-BR\",\"@id\":\"https:\/\/noticiasemdestaque.com\/cd\/#\/schema\/logo\/image\/\",\"url\":\"https:\/\/noticiasemdestaque.com\/cd\/wp-content\/uploads\/2022\/05\/imagem-base-noticiasemdestaque.png\",\"contentUrl\":\"https:\/\/noticiasemdestaque.com\/cd\/wp-content\/uploads\/2022\/05\/imagem-base-noticiasemdestaque.png\",\"width\":1200,\"height\":630,\"caption\":\"Not\u00edcias em Destaque\"},\"image\":{\"@id\":\"https:\/\/noticiasemdestaque.com\/cd\/#\/schema\/logo\/image\/\"}},{\"@type\":\"Person\",\"@id\":\"https:\/\/noticiasemdestaque.com\/cd\/#\/schema\/person\/21320b03a7e8bb90128938dafc9b908a\",\"name\":\"Not\u00edcias em Destaque\",\"url\":\"https:\/\/noticiasemdestaque.com\/cd\/?author=2\"}]}<\/script>\n<!-- \/ Yoast SEO plugin. -->","yoast_head_json":{"title":"Senado trabalha para adiar vota\u00e7\u00e3o do caso A\u00e9cio, diz Raimundo Lira - Not&iacute;cias em Destaque","robots":{"index":"index","follow":"follow","max-snippet":"max-snippet:-1","max-image-preview":"max-image-preview:large","max-video-preview":"max-video-preview:-1"},"canonical":"https:\/\/noticiasemdestaque.com\/cd\/?p=4776","og_locale":"pt_BR","og_type":"article","og_title":"Senado trabalha para adiar vota\u00e7\u00e3o do caso A\u00e9cio, diz Raimundo Lira - Not&iacute;cias em Destaque","og_description":"L\u00edder do PMDB no Senado, Raimundo Lira (PMDB-PB) defendeu, nessa sexta-feira (29), que o plen\u00e1rio adie a vota\u00e7\u00e3o, marcada para a ter\u00e7a-feira (3), do requerimento sobre se mant\u00e9m o afastamento do senador A\u00e9cio Neves (PSDB-MG), determinado pela 1\u00aa Turma do Supremo Tribunal Federal (STF). O pemedebista prefere aguardar o julgamento, no dia 11 de outubro, de a\u00e7\u00e3o que regulamentar\u00e1 o papel do Legislativo neste tipo de decis\u00e3o do Judici\u00e1rio. &#8220;Pol\u00edtica \u00e9 o entendimento, a negocia\u00e7\u00e3o, o consenso. Para evitar esse conflito entre os dois Poderes, eu, em nome do PMDB, consultei alguns senadores e concordo com o adiamento. \u00c9 bom para o Senado, acho que \u00e9 bom tamb\u00e9m para o Supremo Tribunal&#8221;, afirmou o l\u00edder do PMDB, bancada que representa 25% do Senado. Ap\u00f3s a decis\u00e3o da 1\u00aa Turma de afastar A\u00e9cio do mandato, e a articula\u00e7\u00e3o do Senado para revogar essa determina\u00e7\u00e3o do STF, a presidente da Corte, ministra C\u00e1rmen L\u00facia, marcou para 11 de outubro julgamento de ADI que solicita que as medidas cautelares previstas no C\u00f3digo de Processo Penal (CPP) como diversas \u00e0 pris\u00e3o &#8212; o recolhimento noturno, por exemplo, caso de A\u00e9cio &#8211;, quando aplicadas a parlamentares, sejam submetidas ao aval do Congresso em um prazo de 24 horas, assim como j\u00e1 acontece na hip\u00f3tese de decreto de pris\u00e3o. A tend\u00eancia \u00e9 que o Senado s\u00f3 delibere sobre o afastamento do tucano depois desse julgamento, embora parte dos senadores, como o l\u00edder do PSDB, senador Paulo Bauer (SC), defenda que a vota\u00e7\u00e3o seja mesmo na ter\u00e7a e n\u00e3o se aguarde o STF. Fonte: Valor Econ\u00f4mico","og_url":"https:\/\/noticiasemdestaque.com\/cd\/?p=4776","og_site_name":"Not&iacute;cias em Destaque","article_published_time":"2017-09-30T21:05:26+00:00","og_image":[{"width":876,"height":585,"url":"https:\/\/noticiasemdestaque.com\/cd\/wp-content\/uploads\/2017\/09\/raimundo_lira_portal_senado.jpg","type":"image\/jpeg"}],"author":"Not\u00edcias em Destaque","twitter_card":"summary_large_image","twitter_misc":{"Escrito por":"Not\u00edcias em Destaque","Est. tempo de leitura":"1 minuto"},"schema":{"@context":"https:\/\/schema.org","@graph":[{"@type":"Article","@id":"https:\/\/noticiasemdestaque.com\/cd\/?p=4776#article","isPartOf":{"@id":"https:\/\/noticiasemdestaque.com\/cd\/?p=4776"},"author":{"name":"Not\u00edcias em Destaque","@id":"https:\/\/noticiasemdestaque.com\/cd\/#\/schema\/person\/21320b03a7e8bb90128938dafc9b908a"},"headline":"Senado trabalha para adiar vota\u00e7\u00e3o do caso A\u00e9cio, diz Raimundo Lira","datePublished":"2017-09-30T21:05:26+00:00","mainEntityOfPage":{"@id":"https:\/\/noticiasemdestaque.com\/cd\/?p=4776"},"wordCount":290,"publisher":{"@id":"https:\/\/noticiasemdestaque.com\/cd\/#organization"},"image":{"@id":"https:\/\/noticiasemdestaque.com\/cd\/?p=4776#primaryimage"},"thumbnailUrl":"https:\/\/noticiasemdestaque.com\/cd\/wp-content\/uploads\/2017\/09\/raimundo_lira_portal_senado.jpg","articleSection":["Pol\u00edtica"],"inLanguage":"pt-BR"},{"@type":"WebPage","@id":"https:\/\/noticiasemdestaque.com\/cd\/?p=4776","url":"https:\/\/noticiasemdestaque.com\/cd\/?p=4776","name":"Senado trabalha para adiar vota\u00e7\u00e3o do caso A\u00e9cio, diz Raimundo Lira - Not&iacute;cias em Destaque","isPartOf":{"@id":"https:\/\/noticiasemdestaque.com\/cd\/#website"},"primaryImageOfPage":{"@id":"https:\/\/noticiasemdestaque.com\/cd\/?p=4776#primaryimage"},"image":{"@id":"https:\/\/noticiasemdestaque.com\/cd\/?p=4776#primaryimage"},"thumbnailUrl":"https:\/\/noticiasemdestaque.com\/cd\/wp-content\/uploads\/2017\/09\/raimundo_lira_portal_senado.jpg","datePublished":"2017-09-30T21:05:26+00:00","breadcrumb":{"@id":"https:\/\/noticiasemdestaque.com\/cd\/?p=4776#breadcrumb"},"inLanguage":"pt-BR","potentialAction":[{"@type":"ReadAction","target":["https:\/\/noticiasemdestaque.com\/cd\/?p=4776"]}]},{"@type":"ImageObject","inLanguage":"pt-BR","@id":"https:\/\/noticiasemdestaque.com\/cd\/?p=4776#primaryimage","url":"https:\/\/noticiasemdestaque.com\/cd\/wp-content\/uploads\/2017\/09\/raimundo_lira_portal_senado.jpg","contentUrl":"https:\/\/noticiasemdestaque.com\/cd\/wp-content\/uploads\/2017\/09\/raimundo_lira_portal_senado.jpg","width":876,"height":585,"caption":"Senador Raimundo Lira (Foto: Reprodu\u00e7\u00e3o)"},{"@type":"BreadcrumbList","@id":"https:\/\/noticiasemdestaque.com\/cd\/?p=4776#breadcrumb","itemListElement":[{"@type":"ListItem","position":1,"name":"In\u00edcio","item":"https:\/\/noticiasemdestaque.com\/cd\/"},{"@type":"ListItem","position":2,"name":"Senado trabalha para adiar vota\u00e7\u00e3o do caso A\u00e9cio, diz Raimundo Lira"}]},{"@type":"WebSite","@id":"https:\/\/noticiasemdestaque.com\/cd\/#website","url":"https:\/\/noticiasemdestaque.com\/cd\/","name":"Not&iacute;cias em Destaque","description":"","publisher":{"@id":"https:\/\/noticiasemdestaque.com\/cd\/#organization"},"potentialAction":[{"@type":"SearchAction","target":{"@type":"EntryPoint","urlTemplate":"https:\/\/noticiasemdestaque.com\/cd\/?s={search_term_string}"},"query-input":{"@type":"PropertyValueSpecification","valueRequired":true,"valueName":"search_term_string"}}],"inLanguage":"pt-BR"},{"@type":"Organization","@id":"https:\/\/noticiasemdestaque.com\/cd\/#organization","name":"Not\u00edcias em Destaque","url":"https:\/\/noticiasemdestaque.com\/cd\/","logo":{"@type":"ImageObject","inLanguage":"pt-BR","@id":"https:\/\/noticiasemdestaque.com\/cd\/#\/schema\/logo\/image\/","url":"https:\/\/noticiasemdestaque.com\/cd\/wp-content\/uploads\/2022\/05\/imagem-base-noticiasemdestaque.png","contentUrl":"https:\/\/noticiasemdestaque.com\/cd\/wp-content\/uploads\/2022\/05\/imagem-base-noticiasemdestaque.png","width":1200,"height":630,"caption":"Not\u00edcias em Destaque"},"image":{"@id":"https:\/\/noticiasemdestaque.com\/cd\/#\/schema\/logo\/image\/"}},{"@type":"Person","@id":"https:\/\/noticiasemdestaque.com\/cd\/#\/schema\/person\/21320b03a7e8bb90128938dafc9b908a","name":"Not\u00edcias em Destaque","url":"https:\/\/noticiasemdestaque.com\/cd\/?author=2"}]}},"jetpack_featured_media_url":"https:\/\/noticiasemdestaque.com\/cd\/wp-content\/uploads\/2017\/09\/raimundo_lira_portal_senado.jpg","jetpack_sharing_enabled":true,"_links":{"self":[{"href":"https:\/\/noticiasemdestaque.com\/cd\/index.php?rest_route=\/wp\/v2\/posts\/4776","targetHints":{"allow":["GET"]}}],"collection":[{"href":"https:\/\/noticiasemdestaque.com\/cd\/index.php?rest_route=\/wp\/v2\/posts"}],"about":[{"href":"https:\/\/noticiasemdestaque.com\/cd\/index.php?rest_route=\/wp\/v2\/types\/post"}],"author":[{"embeddable":true,"href":"https:\/\/noticiasemdestaque.com\/cd\/index.php?rest_route=\/wp\/v2\/users\/2"}],"replies":[{"embeddable":true,"href":"https:\/\/noticiasemdestaque.com\/cd\/index.php?rest_route=%2Fwp%2Fv2%2Fcomments&post=4776"}],"version-history":[{"count":1,"href":"https:\/\/noticiasemdestaque.com\/cd\/index.php?rest_route=\/wp\/v2\/posts\/4776\/revisions"}],"predecessor-version":[{"id":4778,"href":"https:\/\/noticiasemdestaque.com\/cd\/index.php?rest_route=\/wp\/v2\/posts\/4776\/revisions\/4778"}],"wp:featuredmedia":[{"embeddable":true,"href":"https:\/\/noticiasemdestaque.com\/cd\/index.php?rest_route=\/wp\/v2\/media\/4777"}],"wp:attachment":[{"href":"https:\/\/noticiasemdestaque.com\/cd\/index.php?rest_route=%2Fwp%2Fv2%2Fmedia&parent=4776"}],"wp:term":[{"taxonomy":"category","embeddable":true,"href":"https:\/\/noticiasemdestaque.com\/cd\/index.php?rest_route=%2Fwp%2Fv2%2Fcategories&post=4776"},{"taxonomy":"post_tag","embeddable":true,"href":"https:\/\/noticiasemdestaque.com\/cd\/index.php?rest_route=%2Fwp%2Fv2%2Ftags&post=4776"}],"curies":[{"name":"wp","href":"https:\/\/api.w.org\/{rel}","templated":true}]}}