{"id":47743,"date":"2023-04-18T20:00:39","date_gmt":"2023-04-18T23:00:39","guid":{"rendered":"https:\/\/noticiasemdestaque.com\/cd\/?p=47743"},"modified":"2023-04-18T20:00:39","modified_gmt":"2023-04-18T23:00:39","slug":"sume-vai-realizar-a-i-semana-de-prevencao-a-acidentes-de-trabalho-sipat","status":"publish","type":"post","link":"https:\/\/noticiasemdestaque.com\/cd\/?p=47743","title":{"rendered":"Sum\u00e9 vai realizar a I Semana de Preven\u00e7\u00e3o a Acidentes de Trabalho &#8211; SIPAT"},"content":{"rendered":"<p><a href=\"https:\/\/noticiasemdestaque.com\/cd\/wp-content\/uploads\/2023\/04\/WhatsApp-Image-2023-04-18-at-19.31.21.jpeg\"><img fetchpriority=\"high\" decoding=\"async\" class=\" wp-image-47745 aligncenter\" src=\"https:\/\/noticiasemdestaque.com\/cd\/wp-content\/uploads\/2023\/04\/WhatsApp-Image-2023-04-18-at-19.31.21-240x300.jpeg\" alt=\"\" width=\"503\" height=\"629\" srcset=\"https:\/\/noticiasemdestaque.com\/cd\/wp-content\/uploads\/2023\/04\/WhatsApp-Image-2023-04-18-at-19.31.21-240x300.jpeg 240w, https:\/\/noticiasemdestaque.com\/cd\/wp-content\/uploads\/2023\/04\/WhatsApp-Image-2023-04-18-at-19.31.21-819x1024.jpeg 819w, https:\/\/noticiasemdestaque.com\/cd\/wp-content\/uploads\/2023\/04\/WhatsApp-Image-2023-04-18-at-19.31.21-768x960.jpeg 768w, https:\/\/noticiasemdestaque.com\/cd\/wp-content\/uploads\/2023\/04\/WhatsApp-Image-2023-04-18-at-19.31.21-10x12.jpeg 10w, https:\/\/noticiasemdestaque.com\/cd\/wp-content\/uploads\/2023\/04\/WhatsApp-Image-2023-04-18-at-19.31.21.jpeg 1080w\" sizes=\"(max-width: 503px) 100vw, 503px\" \/><\/a><\/p>\n<p>A Prefeitura de Sum\u00e9, por meio da Secretaria de Sa\u00fade, sala do Trabalhador e da Comiss\u00e3o Interna de Preven\u00e7\u00e3o de Acidente \u2013 CIPA, realizar\u00e1 a I Semana Interna de Preven\u00e7\u00e3o de Acidentes do Trabalho \u2013 SIPAT do munic\u00edpio.<\/p>\n<p>O evento acontecer\u00e1 de 24 a 28 de abril e faz parte da programa\u00e7\u00e3o do \u201cAbril Verde\u201d, uma iniciativa que busca conscientizar a popula\u00e7\u00e3o sobre a import\u00e2ncia da sa\u00fade e seguran\u00e7a no trabalho, e desenvolver\u00e1 a seguinte programa\u00e7\u00e3o:<\/p>\n<p>Segunda-feira, 24\/04 \u2013 Abertura &#8211; Pra\u00e7a Jos\u00e9 Am\u00e9rico \u2013 8h<br \/>\n\u2022 Distribui\u00e7\u00e3o do la\u00e7o verde da campanha<br \/>\n\u2022 Dan\u00e7a com o grupo do SCFV<br \/>\n\u2022 Atendimento jur\u00eddico e de INSS<br \/>\n\u2022 Exposi\u00e7\u00e3o de artesanato<br \/>\n\u2022 Feira de Sa\u00fade: Orienta\u00e7\u00e3o postural e alongamento, psic\u00f3logo, nutricionista, odont\u00f3logo, aferi\u00e7\u00e3o da press\u00e3o, glicemia, c\u00e1lculo de IMC, triagem pr\u00e9 diab\u00e9tica, primeiros socorros, vacina\u00e7\u00e3o<\/p>\n<p>Ter\u00e7a-feira, 25\/04 \u2013 Secretaria de Obras e Servi\u00e7os Urbanos &#8211; 8h<br \/>\n\u2022 Caf\u00e9 da manh\u00e3<br \/>\n\u2022 Servi\u00e7os de sa\u00fade: Aferi\u00e7\u00e3o da press\u00e3o, glicemia, orienta\u00e7\u00e3o postural e alongamento, c\u00e1lculo de IMC<br \/>\n\u2022 Palestra: Capit\u00e3o Germano da Cia de Bombeiro de Sum\u00e9 sobre \u201cMotiva\u00e7\u00e3o, Preven\u00e7\u00e3o e Combate a Inc\u00eandio\u201d<br \/>\n\u2022 Exposi\u00e7\u00e3o e orienta\u00e7\u00e3o dos equipamentos de Prote\u00e7\u00e3o Individual e Coletivo &#8211; EPI\u2019s: SESST &#8211; Servi\u00e7o Especializado em Seguran\u00e7a e Sa\u00fade do Trabalhador<\/p>\n<p>Quarta-feira, 26\/04 \u2013 Audit\u00f3rio da SEDUC &#8211; 8h<br \/>\n\u2022 Distribui\u00e7\u00e3o: Fitas verdes (la\u00e7os da campanha)<br \/>\n\u2022 Momento cultural: \u00c9rica Campos<br \/>\n\u2022 Palestra: Nutricionista Amoysa Ara\u00fajo sobre \u201cEstilo de vida saud\u00e1vel\u201d<br \/>\n\u2022 Palestra: Psic\u00f3loga Jocilda Azevedo sobre os \u201cCuidados com a sa\u00fade mental, \u00eanfase em alcoolismo e s\u00edndrome burnout<br \/>\n\u2022 Orienta\u00e7\u00e3o postural e alongamento: Unicir<\/p>\n<p>Quinta-feira, 27\/04 \u2013 HMAA &#8211; 8h<br \/>\n\u2022 Orienta\u00e7\u00f5es sobre a Norma Reguladora 32 \u2013 N32: SESST &#8211; Servi\u00e7o Especializado em Seguran\u00e7a e Sa\u00fade do Trabalhador<\/p>\n<p>Sexta-feira, 28\/04 \u2013 Dia Mundial da Seguran\u00e7a do Trabalho &#8211; Centro de Forma\u00e7\u00e3o dos Professores \u2013 8h<br \/>\n\u2022 Caf\u00e9 da manh\u00e3<br \/>\n\u2022 Execu\u00e7\u00e3o do Hino Nacional com Gustavo Batista<br \/>\n\u2022 Distribui\u00e7\u00e3o: Fitas verdes, panfletagem, brindes personalizados e sacolas ecol\u00f3gicas<br \/>\n\u2022 Palestra: Maria Fernanda Cardoso de Holanda (T\u00e9cnica de Seguran\u00e7a do Trabalho) e Francisco Helton Porto Diogenes (Engenheiro de Seguran\u00e7a do Trabalho) sobre \u201cErgonomia e Seguran\u00e7a no Trabalho\u201d<\/p>\n<p>A gest\u00e3o municipal instalou a sala de sa\u00fade do trabalhador e instituiu a CIPA em maio de 2022, seguindo a Norma Regulamentadora n\u00ba 05. A finalidade \u00e9 desenvolver atividades voltadas para a preven\u00e7\u00e3o de acidentes do trabalho e de doen\u00e7as profissionais e melhoria das condi\u00e7\u00f5es de trabalho dos servidores p\u00fablicos municipais.<\/p>\n<p><strong>Noticias em Destaque<\/strong><\/p>\n<p style=\"text-align: right;\"><em>Fonte: Ascom\/PMS<\/em><\/p>\n","protected":false},"excerpt":{"rendered":"<p>A Prefeitura de Sum\u00e9, por meio da Secretaria de Sa\u00fade, sala do Trabalhador e da Comiss\u00e3o Interna de Preven\u00e7\u00e3o de Acidente \u2013 CIPA, realizar\u00e1 a I Semana Interna de Preven\u00e7\u00e3o de Acidentes do Trabalho \u2013 SIPAT do munic\u00edpio. O evento acontecer\u00e1 de 24 a 28 de abril e faz parte da programa\u00e7\u00e3o do \u201cAbril Verde\u201d, uma iniciativa que busca conscientizar a popula\u00e7\u00e3o sobre a import\u00e2ncia da sa\u00fade e seguran\u00e7a no trabalho, e desenvolver\u00e1 a seguinte programa\u00e7\u00e3o: Segunda-feira, 24\/04 \u2013 Abertura &#8211; Pra\u00e7a Jos\u00e9 Am\u00e9rico \u2013 8h \u2022 Distribui\u00e7\u00e3o do la\u00e7o verde da campanha \u2022 Dan\u00e7a com o grupo do SCFV \u2022 Atendimento jur\u00eddico e de INSS \u2022 Exposi\u00e7\u00e3o de artesanato \u2022 Feira de Sa\u00fade: Orienta\u00e7\u00e3o postural e alongamento, psic\u00f3logo, nutricionista, odont\u00f3logo, aferi\u00e7\u00e3o da press\u00e3o, glicemia, c\u00e1lculo de IMC, triagem pr\u00e9 diab\u00e9tica, primeiros socorros, vacina\u00e7\u00e3o Ter\u00e7a-feira, 25\/04 \u2013 Secretaria de Obras e Servi\u00e7os Urbanos &#8211; 8h \u2022 Caf\u00e9 da manh\u00e3 \u2022 Servi\u00e7os de sa\u00fade: Aferi\u00e7\u00e3o da press\u00e3o, glicemia, orienta\u00e7\u00e3o postural e alongamento, c\u00e1lculo de IMC \u2022 Palestra: Capit\u00e3o Germano da Cia de Bombeiro de Sum\u00e9 sobre \u201cMotiva\u00e7\u00e3o, Preven\u00e7\u00e3o e Combate a Inc\u00eandio\u201d \u2022 Exposi\u00e7\u00e3o e orienta\u00e7\u00e3o dos equipamentos de Prote\u00e7\u00e3o Individual e Coletivo &#8211; EPI\u2019s: SESST &#8211; Servi\u00e7o Especializado em Seguran\u00e7a e Sa\u00fade do Trabalhador Quarta-feira, 26\/04 \u2013 Audit\u00f3rio da SEDUC &#8211; 8h \u2022 Distribui\u00e7\u00e3o: Fitas verdes (la\u00e7os da campanha) \u2022 Momento cultural: \u00c9rica Campos \u2022 Palestra: Nutricionista Amoysa Ara\u00fajo sobre \u201cEstilo de vida saud\u00e1vel\u201d \u2022 Palestra: Psic\u00f3loga Jocilda Azevedo sobre os \u201cCuidados com a sa\u00fade mental, \u00eanfase em alcoolismo e s\u00edndrome burnout \u2022 Orienta\u00e7\u00e3o postural e alongamento: Unicir Quinta-feira, 27\/04 \u2013 HMAA &#8211; 8h \u2022 Orienta\u00e7\u00f5es sobre a Norma Reguladora 32 \u2013 N32: SESST &#8211; Servi\u00e7o Especializado em Seguran\u00e7a e Sa\u00fade do Trabalhador Sexta-feira, 28\/04 \u2013 Dia Mundial da Seguran\u00e7a do Trabalho &#8211; Centro de Forma\u00e7\u00e3o dos Professores \u2013 8h \u2022 Caf\u00e9 da manh\u00e3 \u2022 Execu\u00e7\u00e3o do Hino Nacional com Gustavo Batista \u2022 Distribui\u00e7\u00e3o: Fitas verdes, panfletagem, brindes personalizados e sacolas ecol\u00f3gicas \u2022 Palestra: Maria Fernanda Cardoso de Holanda (T\u00e9cnica de Seguran\u00e7a do Trabalho) e Francisco Helton Porto Diogenes (Engenheiro de Seguran\u00e7a do Trabalho) sobre \u201cErgonomia e Seguran\u00e7a no Trabalho\u201d A gest\u00e3o municipal instalou a sala de sa\u00fade do trabalhador e instituiu a CIPA em maio de 2022, seguindo a Norma Regulamentadora n\u00ba 05. A finalidade \u00e9 desenvolver atividades voltadas para a preven\u00e7\u00e3o de acidentes do trabalho e de doen\u00e7as profissionais e melhoria das condi\u00e7\u00f5es de trabalho dos servidores p\u00fablicos municipais. Noticias em Destaque Fonte: Ascom\/PMS<\/p>\n","protected":false},"author":2,"featured_media":47745,"comment_status":"closed","ping_status":"open","sticky":false,"template":"","format":"standard","meta":{"_eb_attr":"","_jetpack_memberships_contains_paid_content":false,"footnotes":""},"categories":[12],"tags":[],"class_list":["post-47743","post","type-post","status-publish","format-standard","has-post-thumbnail","hentry","category-geral"],"yoast_head":"<!-- This site is optimized with the Yoast SEO plugin v26.5 - https:\/\/yoast.com\/wordpress\/plugins\/seo\/ -->\n<title>Sum\u00e9 vai realizar a I Semana de Preven\u00e7\u00e3o a Acidentes de Trabalho - SIPAT - Not&iacute;cias em Destaque<\/title>\n<meta name=\"robots\" content=\"index, follow, max-snippet:-1, max-image-preview:large, max-video-preview:-1\" \/>\n<link rel=\"canonical\" href=\"https:\/\/noticiasemdestaque.com\/cd\/?p=47743\" \/>\n<meta property=\"og:locale\" content=\"pt_BR\" \/>\n<meta property=\"og:type\" content=\"article\" \/>\n<meta property=\"og:title\" content=\"Sum\u00e9 vai realizar a I Semana de Preven\u00e7\u00e3o a Acidentes de Trabalho - SIPAT - Not&iacute;cias em Destaque\" \/>\n<meta property=\"og:description\" content=\"A Prefeitura de Sum\u00e9, por meio da Secretaria de Sa\u00fade, sala do Trabalhador e da Comiss\u00e3o Interna de Preven\u00e7\u00e3o de Acidente \u2013 CIPA, realizar\u00e1 a I Semana Interna de Preven\u00e7\u00e3o de Acidentes do Trabalho \u2013 SIPAT do munic\u00edpio. O evento acontecer\u00e1 de 24 a 28 de abril e faz parte da programa\u00e7\u00e3o do \u201cAbril Verde\u201d, uma iniciativa que busca conscientizar a popula\u00e7\u00e3o sobre a import\u00e2ncia da sa\u00fade e seguran\u00e7a no trabalho, e desenvolver\u00e1 a seguinte programa\u00e7\u00e3o: Segunda-feira, 24\/04 \u2013 Abertura &#8211; Pra\u00e7a Jos\u00e9 Am\u00e9rico \u2013 8h \u2022 Distribui\u00e7\u00e3o do la\u00e7o verde da campanha \u2022 Dan\u00e7a com o grupo do SCFV \u2022 Atendimento jur\u00eddico e de INSS \u2022 Exposi\u00e7\u00e3o de artesanato \u2022 Feira de Sa\u00fade: Orienta\u00e7\u00e3o postural e alongamento, psic\u00f3logo, nutricionista, odont\u00f3logo, aferi\u00e7\u00e3o da press\u00e3o, glicemia, c\u00e1lculo de IMC, triagem pr\u00e9 diab\u00e9tica, primeiros socorros, vacina\u00e7\u00e3o Ter\u00e7a-feira, 25\/04 \u2013 Secretaria de Obras e Servi\u00e7os Urbanos &#8211; 8h \u2022 Caf\u00e9 da manh\u00e3 \u2022 Servi\u00e7os de sa\u00fade: Aferi\u00e7\u00e3o da press\u00e3o, glicemia, orienta\u00e7\u00e3o postural e alongamento, c\u00e1lculo de IMC \u2022 Palestra: Capit\u00e3o Germano da Cia de Bombeiro de Sum\u00e9 sobre \u201cMotiva\u00e7\u00e3o, Preven\u00e7\u00e3o e Combate a Inc\u00eandio\u201d \u2022 Exposi\u00e7\u00e3o e orienta\u00e7\u00e3o dos equipamentos de Prote\u00e7\u00e3o Individual e Coletivo &#8211; EPI\u2019s: SESST &#8211; Servi\u00e7o Especializado em Seguran\u00e7a e Sa\u00fade do Trabalhador Quarta-feira, 26\/04 \u2013 Audit\u00f3rio da SEDUC &#8211; 8h \u2022 Distribui\u00e7\u00e3o: Fitas verdes (la\u00e7os da campanha) \u2022 Momento cultural: \u00c9rica Campos \u2022 Palestra: Nutricionista Amoysa Ara\u00fajo sobre \u201cEstilo de vida saud\u00e1vel\u201d \u2022 Palestra: Psic\u00f3loga Jocilda Azevedo sobre os \u201cCuidados com a sa\u00fade mental, \u00eanfase em alcoolismo e s\u00edndrome burnout \u2022 Orienta\u00e7\u00e3o postural e alongamento: Unicir Quinta-feira, 27\/04 \u2013 HMAA &#8211; 8h \u2022 Orienta\u00e7\u00f5es sobre a Norma Reguladora 32 \u2013 N32: SESST &#8211; Servi\u00e7o Especializado em Seguran\u00e7a e Sa\u00fade do Trabalhador Sexta-feira, 28\/04 \u2013 Dia Mundial da Seguran\u00e7a do Trabalho &#8211; Centro de Forma\u00e7\u00e3o dos Professores \u2013 8h \u2022 Caf\u00e9 da manh\u00e3 \u2022 Execu\u00e7\u00e3o do Hino Nacional com Gustavo Batista \u2022 Distribui\u00e7\u00e3o: Fitas verdes, panfletagem, brindes personalizados e sacolas ecol\u00f3gicas \u2022 Palestra: Maria Fernanda Cardoso de Holanda (T\u00e9cnica de Seguran\u00e7a do Trabalho) e Francisco Helton Porto Diogenes (Engenheiro de Seguran\u00e7a do Trabalho) sobre \u201cErgonomia e Seguran\u00e7a no Trabalho\u201d A gest\u00e3o municipal instalou a sala de sa\u00fade do trabalhador e instituiu a CIPA em maio de 2022, seguindo a Norma Regulamentadora n\u00ba 05. A finalidade \u00e9 desenvolver atividades voltadas para a preven\u00e7\u00e3o de acidentes do trabalho e de doen\u00e7as profissionais e melhoria das condi\u00e7\u00f5es de trabalho dos servidores p\u00fablicos municipais. Noticias em Destaque Fonte: Ascom\/PMS\" \/>\n<meta property=\"og:url\" content=\"https:\/\/noticiasemdestaque.com\/cd\/?p=47743\" \/>\n<meta property=\"og:site_name\" content=\"Not&iacute;cias em Destaque\" \/>\n<meta property=\"article:published_time\" content=\"2023-04-18T23:00:39+00:00\" \/>\n<meta property=\"og:image\" content=\"https:\/\/noticiasemdestaque.com\/cd\/wp-content\/uploads\/2023\/04\/WhatsApp-Image-2023-04-18-at-19.31.21.jpeg\" \/>\n\t<meta property=\"og:image:width\" content=\"1080\" \/>\n\t<meta property=\"og:image:height\" content=\"1350\" \/>\n\t<meta property=\"og:image:type\" content=\"image\/jpeg\" \/>\n<meta name=\"author\" content=\"Not\u00edcias em Destaque\" \/>\n<meta name=\"twitter:card\" content=\"summary_large_image\" \/>\n<meta name=\"twitter:label1\" content=\"Escrito por\" \/>\n\t<meta name=\"twitter:data1\" content=\"Not\u00edcias em Destaque\" \/>\n\t<meta name=\"twitter:label2\" content=\"Est. tempo de leitura\" \/>\n\t<meta name=\"twitter:data2\" content=\"3 minutos\" \/>\n<script type=\"application\/ld+json\" class=\"yoast-schema-graph\">{\"@context\":\"https:\/\/schema.org\",\"@graph\":[{\"@type\":\"Article\",\"@id\":\"https:\/\/noticiasemdestaque.com\/cd\/?p=47743#article\",\"isPartOf\":{\"@id\":\"https:\/\/noticiasemdestaque.com\/cd\/?p=47743\"},\"author\":{\"name\":\"Not\u00edcias em Destaque\",\"@id\":\"https:\/\/noticiasemdestaque.com\/cd\/#\/schema\/person\/4a81fb71f77579d059c3045891fa1786\"},\"headline\":\"Sum\u00e9 vai realizar a I Semana de Preven\u00e7\u00e3o a Acidentes de Trabalho &#8211; SIPAT\",\"datePublished\":\"2023-04-18T23:00:39+00:00\",\"mainEntityOfPage\":{\"@id\":\"https:\/\/noticiasemdestaque.com\/cd\/?p=47743\"},\"wordCount\":456,\"publisher\":{\"@id\":\"https:\/\/noticiasemdestaque.com\/cd\/#organization\"},\"image\":{\"@id\":\"https:\/\/noticiasemdestaque.com\/cd\/?p=47743#primaryimage\"},\"thumbnailUrl\":\"https:\/\/noticiasemdestaque.com\/cd\/wp-content\/uploads\/2023\/04\/WhatsApp-Image-2023-04-18-at-19.31.21.jpeg\",\"articleSection\":[\"Geral\"],\"inLanguage\":\"pt-BR\"},{\"@type\":\"WebPage\",\"@id\":\"https:\/\/noticiasemdestaque.com\/cd\/?p=47743\",\"url\":\"https:\/\/noticiasemdestaque.com\/cd\/?p=47743\",\"name\":\"Sum\u00e9 vai realizar a I Semana de Preven\u00e7\u00e3o a Acidentes de Trabalho - SIPAT - Not&iacute;cias em Destaque\",\"isPartOf\":{\"@id\":\"https:\/\/noticiasemdestaque.com\/cd\/#website\"},\"primaryImageOfPage\":{\"@id\":\"https:\/\/noticiasemdestaque.com\/cd\/?p=47743#primaryimage\"},\"image\":{\"@id\":\"https:\/\/noticiasemdestaque.com\/cd\/?p=47743#primaryimage\"},\"thumbnailUrl\":\"https:\/\/noticiasemdestaque.com\/cd\/wp-content\/uploads\/2023\/04\/WhatsApp-Image-2023-04-18-at-19.31.21.jpeg\",\"datePublished\":\"2023-04-18T23:00:39+00:00\",\"breadcrumb\":{\"@id\":\"https:\/\/noticiasemdestaque.com\/cd\/?p=47743#breadcrumb\"},\"inLanguage\":\"pt-BR\",\"potentialAction\":[{\"@type\":\"ReadAction\",\"target\":[\"https:\/\/noticiasemdestaque.com\/cd\/?p=47743\"]}]},{\"@type\":\"ImageObject\",\"inLanguage\":\"pt-BR\",\"@id\":\"https:\/\/noticiasemdestaque.com\/cd\/?p=47743#primaryimage\",\"url\":\"https:\/\/noticiasemdestaque.com\/cd\/wp-content\/uploads\/2023\/04\/WhatsApp-Image-2023-04-18-at-19.31.21.jpeg\",\"contentUrl\":\"https:\/\/noticiasemdestaque.com\/cd\/wp-content\/uploads\/2023\/04\/WhatsApp-Image-2023-04-18-at-19.31.21.jpeg\",\"width\":1080,\"height\":1350},{\"@type\":\"BreadcrumbList\",\"@id\":\"https:\/\/noticiasemdestaque.com\/cd\/?p=47743#breadcrumb\",\"itemListElement\":[{\"@type\":\"ListItem\",\"position\":1,\"name\":\"In\u00edcio\",\"item\":\"https:\/\/noticiasemdestaque.com\/cd\/\"},{\"@type\":\"ListItem\",\"position\":2,\"name\":\"Sum\u00e9 vai realizar a I Semana de Preven\u00e7\u00e3o a Acidentes de Trabalho &#8211; SIPAT\"}]},{\"@type\":\"WebSite\",\"@id\":\"https:\/\/noticiasemdestaque.com\/cd\/#website\",\"url\":\"https:\/\/noticiasemdestaque.com\/cd\/\",\"name\":\"Not&iacute;cias em Destaque\",\"description\":\"\",\"publisher\":{\"@id\":\"https:\/\/noticiasemdestaque.com\/cd\/#organization\"},\"potentialAction\":[{\"@type\":\"SearchAction\",\"target\":{\"@type\":\"EntryPoint\",\"urlTemplate\":\"https:\/\/noticiasemdestaque.com\/cd\/?s={search_term_string}\"},\"query-input\":{\"@type\":\"PropertyValueSpecification\",\"valueRequired\":true,\"valueName\":\"search_term_string\"}}],\"inLanguage\":\"pt-BR\"},{\"@type\":\"Organization\",\"@id\":\"https:\/\/noticiasemdestaque.com\/cd\/#organization\",\"name\":\"Not\u00edcias em Destaque\",\"url\":\"https:\/\/noticiasemdestaque.com\/cd\/\",\"logo\":{\"@type\":\"ImageObject\",\"inLanguage\":\"pt-BR\",\"@id\":\"https:\/\/noticiasemdestaque.com\/cd\/#\/schema\/logo\/image\/\",\"url\":\"https:\/\/noticiasemdestaque.com\/cd\/wp-content\/uploads\/2022\/05\/imagem-base-noticiasemdestaque.png\",\"contentUrl\":\"https:\/\/noticiasemdestaque.com\/cd\/wp-content\/uploads\/2022\/05\/imagem-base-noticiasemdestaque.png\",\"width\":1200,\"height\":630,\"caption\":\"Not\u00edcias em Destaque\"},\"image\":{\"@id\":\"https:\/\/noticiasemdestaque.com\/cd\/#\/schema\/logo\/image\/\"}},{\"@type\":\"Person\",\"@id\":\"https:\/\/noticiasemdestaque.com\/cd\/#\/schema\/person\/4a81fb71f77579d059c3045891fa1786\",\"name\":\"Not\u00edcias em Destaque\",\"url\":\"https:\/\/noticiasemdestaque.com\/cd\/?author=2\"}]}<\/script>\n<!-- \/ Yoast SEO plugin. -->","yoast_head_json":{"title":"Sum\u00e9 vai realizar a I Semana de Preven\u00e7\u00e3o a Acidentes de Trabalho - SIPAT - Not&iacute;cias em Destaque","robots":{"index":"index","follow":"follow","max-snippet":"max-snippet:-1","max-image-preview":"max-image-preview:large","max-video-preview":"max-video-preview:-1"},"canonical":"https:\/\/noticiasemdestaque.com\/cd\/?p=47743","og_locale":"pt_BR","og_type":"article","og_title":"Sum\u00e9 vai realizar a I Semana de Preven\u00e7\u00e3o a Acidentes de Trabalho - SIPAT - Not&iacute;cias em Destaque","og_description":"A Prefeitura de Sum\u00e9, por meio da Secretaria de Sa\u00fade, sala do Trabalhador e da Comiss\u00e3o Interna de Preven\u00e7\u00e3o de Acidente \u2013 CIPA, realizar\u00e1 a I Semana Interna de Preven\u00e7\u00e3o de Acidentes do Trabalho \u2013 SIPAT do munic\u00edpio. O evento acontecer\u00e1 de 24 a 28 de abril e faz parte da programa\u00e7\u00e3o do \u201cAbril Verde\u201d, uma iniciativa que busca conscientizar a popula\u00e7\u00e3o sobre a import\u00e2ncia da sa\u00fade e seguran\u00e7a no trabalho, e desenvolver\u00e1 a seguinte programa\u00e7\u00e3o: Segunda-feira, 24\/04 \u2013 Abertura &#8211; Pra\u00e7a Jos\u00e9 Am\u00e9rico \u2013 8h \u2022 Distribui\u00e7\u00e3o do la\u00e7o verde da campanha \u2022 Dan\u00e7a com o grupo do SCFV \u2022 Atendimento jur\u00eddico e de INSS \u2022 Exposi\u00e7\u00e3o de artesanato \u2022 Feira de Sa\u00fade: Orienta\u00e7\u00e3o postural e alongamento, psic\u00f3logo, nutricionista, odont\u00f3logo, aferi\u00e7\u00e3o da press\u00e3o, glicemia, c\u00e1lculo de IMC, triagem pr\u00e9 diab\u00e9tica, primeiros socorros, vacina\u00e7\u00e3o Ter\u00e7a-feira, 25\/04 \u2013 Secretaria de Obras e Servi\u00e7os Urbanos &#8211; 8h \u2022 Caf\u00e9 da manh\u00e3 \u2022 Servi\u00e7os de sa\u00fade: Aferi\u00e7\u00e3o da press\u00e3o, glicemia, orienta\u00e7\u00e3o postural e alongamento, c\u00e1lculo de IMC \u2022 Palestra: Capit\u00e3o Germano da Cia de Bombeiro de Sum\u00e9 sobre \u201cMotiva\u00e7\u00e3o, Preven\u00e7\u00e3o e Combate a Inc\u00eandio\u201d \u2022 Exposi\u00e7\u00e3o e orienta\u00e7\u00e3o dos equipamentos de Prote\u00e7\u00e3o Individual e Coletivo &#8211; EPI\u2019s: SESST &#8211; Servi\u00e7o Especializado em Seguran\u00e7a e Sa\u00fade do Trabalhador Quarta-feira, 26\/04 \u2013 Audit\u00f3rio da SEDUC &#8211; 8h \u2022 Distribui\u00e7\u00e3o: Fitas verdes (la\u00e7os da campanha) \u2022 Momento cultural: \u00c9rica Campos \u2022 Palestra: Nutricionista Amoysa Ara\u00fajo sobre \u201cEstilo de vida saud\u00e1vel\u201d \u2022 Palestra: Psic\u00f3loga Jocilda Azevedo sobre os \u201cCuidados com a sa\u00fade mental, \u00eanfase em alcoolismo e s\u00edndrome burnout \u2022 Orienta\u00e7\u00e3o postural e alongamento: Unicir Quinta-feira, 27\/04 \u2013 HMAA &#8211; 8h \u2022 Orienta\u00e7\u00f5es sobre a Norma Reguladora 32 \u2013 N32: SESST &#8211; Servi\u00e7o Especializado em Seguran\u00e7a e Sa\u00fade do Trabalhador Sexta-feira, 28\/04 \u2013 Dia Mundial da Seguran\u00e7a do Trabalho &#8211; Centro de Forma\u00e7\u00e3o dos Professores \u2013 8h \u2022 Caf\u00e9 da manh\u00e3 \u2022 Execu\u00e7\u00e3o do Hino Nacional com Gustavo Batista \u2022 Distribui\u00e7\u00e3o: Fitas verdes, panfletagem, brindes personalizados e sacolas ecol\u00f3gicas \u2022 Palestra: Maria Fernanda Cardoso de Holanda (T\u00e9cnica de Seguran\u00e7a do Trabalho) e Francisco Helton Porto Diogenes (Engenheiro de Seguran\u00e7a do Trabalho) sobre \u201cErgonomia e Seguran\u00e7a no Trabalho\u201d A gest\u00e3o municipal instalou a sala de sa\u00fade do trabalhador e instituiu a CIPA em maio de 2022, seguindo a Norma Regulamentadora n\u00ba 05. A finalidade \u00e9 desenvolver atividades voltadas para a preven\u00e7\u00e3o de acidentes do trabalho e de doen\u00e7as profissionais e melhoria das condi\u00e7\u00f5es de trabalho dos servidores p\u00fablicos municipais. Noticias em Destaque Fonte: Ascom\/PMS","og_url":"https:\/\/noticiasemdestaque.com\/cd\/?p=47743","og_site_name":"Not&iacute;cias em Destaque","article_published_time":"2023-04-18T23:00:39+00:00","og_image":[{"width":1080,"height":1350,"url":"https:\/\/noticiasemdestaque.com\/cd\/wp-content\/uploads\/2023\/04\/WhatsApp-Image-2023-04-18-at-19.31.21.jpeg","type":"image\/jpeg"}],"author":"Not\u00edcias em Destaque","twitter_card":"summary_large_image","twitter_misc":{"Escrito por":"Not\u00edcias em Destaque","Est. tempo de leitura":"3 minutos"},"schema":{"@context":"https:\/\/schema.org","@graph":[{"@type":"Article","@id":"https:\/\/noticiasemdestaque.com\/cd\/?p=47743#article","isPartOf":{"@id":"https:\/\/noticiasemdestaque.com\/cd\/?p=47743"},"author":{"name":"Not\u00edcias em Destaque","@id":"https:\/\/noticiasemdestaque.com\/cd\/#\/schema\/person\/4a81fb71f77579d059c3045891fa1786"},"headline":"Sum\u00e9 vai realizar a I Semana de Preven\u00e7\u00e3o a Acidentes de Trabalho &#8211; SIPAT","datePublished":"2023-04-18T23:00:39+00:00","mainEntityOfPage":{"@id":"https:\/\/noticiasemdestaque.com\/cd\/?p=47743"},"wordCount":456,"publisher":{"@id":"https:\/\/noticiasemdestaque.com\/cd\/#organization"},"image":{"@id":"https:\/\/noticiasemdestaque.com\/cd\/?p=47743#primaryimage"},"thumbnailUrl":"https:\/\/noticiasemdestaque.com\/cd\/wp-content\/uploads\/2023\/04\/WhatsApp-Image-2023-04-18-at-19.31.21.jpeg","articleSection":["Geral"],"inLanguage":"pt-BR"},{"@type":"WebPage","@id":"https:\/\/noticiasemdestaque.com\/cd\/?p=47743","url":"https:\/\/noticiasemdestaque.com\/cd\/?p=47743","name":"Sum\u00e9 vai realizar a I Semana de Preven\u00e7\u00e3o a Acidentes de Trabalho - SIPAT - Not&iacute;cias em Destaque","isPartOf":{"@id":"https:\/\/noticiasemdestaque.com\/cd\/#website"},"primaryImageOfPage":{"@id":"https:\/\/noticiasemdestaque.com\/cd\/?p=47743#primaryimage"},"image":{"@id":"https:\/\/noticiasemdestaque.com\/cd\/?p=47743#primaryimage"},"thumbnailUrl":"https:\/\/noticiasemdestaque.com\/cd\/wp-content\/uploads\/2023\/04\/WhatsApp-Image-2023-04-18-at-19.31.21.jpeg","datePublished":"2023-04-18T23:00:39+00:00","breadcrumb":{"@id":"https:\/\/noticiasemdestaque.com\/cd\/?p=47743#breadcrumb"},"inLanguage":"pt-BR","potentialAction":[{"@type":"ReadAction","target":["https:\/\/noticiasemdestaque.com\/cd\/?p=47743"]}]},{"@type":"ImageObject","inLanguage":"pt-BR","@id":"https:\/\/noticiasemdestaque.com\/cd\/?p=47743#primaryimage","url":"https:\/\/noticiasemdestaque.com\/cd\/wp-content\/uploads\/2023\/04\/WhatsApp-Image-2023-04-18-at-19.31.21.jpeg","contentUrl":"https:\/\/noticiasemdestaque.com\/cd\/wp-content\/uploads\/2023\/04\/WhatsApp-Image-2023-04-18-at-19.31.21.jpeg","width":1080,"height":1350},{"@type":"BreadcrumbList","@id":"https:\/\/noticiasemdestaque.com\/cd\/?p=47743#breadcrumb","itemListElement":[{"@type":"ListItem","position":1,"name":"In\u00edcio","item":"https:\/\/noticiasemdestaque.com\/cd\/"},{"@type":"ListItem","position":2,"name":"Sum\u00e9 vai realizar a I Semana de Preven\u00e7\u00e3o a Acidentes de Trabalho &#8211; SIPAT"}]},{"@type":"WebSite","@id":"https:\/\/noticiasemdestaque.com\/cd\/#website","url":"https:\/\/noticiasemdestaque.com\/cd\/","name":"Not&iacute;cias em Destaque","description":"","publisher":{"@id":"https:\/\/noticiasemdestaque.com\/cd\/#organization"},"potentialAction":[{"@type":"SearchAction","target":{"@type":"EntryPoint","urlTemplate":"https:\/\/noticiasemdestaque.com\/cd\/?s={search_term_string}"},"query-input":{"@type":"PropertyValueSpecification","valueRequired":true,"valueName":"search_term_string"}}],"inLanguage":"pt-BR"},{"@type":"Organization","@id":"https:\/\/noticiasemdestaque.com\/cd\/#organization","name":"Not\u00edcias em Destaque","url":"https:\/\/noticiasemdestaque.com\/cd\/","logo":{"@type":"ImageObject","inLanguage":"pt-BR","@id":"https:\/\/noticiasemdestaque.com\/cd\/#\/schema\/logo\/image\/","url":"https:\/\/noticiasemdestaque.com\/cd\/wp-content\/uploads\/2022\/05\/imagem-base-noticiasemdestaque.png","contentUrl":"https:\/\/noticiasemdestaque.com\/cd\/wp-content\/uploads\/2022\/05\/imagem-base-noticiasemdestaque.png","width":1200,"height":630,"caption":"Not\u00edcias em Destaque"},"image":{"@id":"https:\/\/noticiasemdestaque.com\/cd\/#\/schema\/logo\/image\/"}},{"@type":"Person","@id":"https:\/\/noticiasemdestaque.com\/cd\/#\/schema\/person\/4a81fb71f77579d059c3045891fa1786","name":"Not\u00edcias em Destaque","url":"https:\/\/noticiasemdestaque.com\/cd\/?author=2"}]}},"jetpack_featured_media_url":"https:\/\/noticiasemdestaque.com\/cd\/wp-content\/uploads\/2023\/04\/WhatsApp-Image-2023-04-18-at-19.31.21.jpeg","jetpack_sharing_enabled":true,"_links":{"self":[{"href":"https:\/\/noticiasemdestaque.com\/cd\/index.php?rest_route=\/wp\/v2\/posts\/47743","targetHints":{"allow":["GET"]}}],"collection":[{"href":"https:\/\/noticiasemdestaque.com\/cd\/index.php?rest_route=\/wp\/v2\/posts"}],"about":[{"href":"https:\/\/noticiasemdestaque.com\/cd\/index.php?rest_route=\/wp\/v2\/types\/post"}],"author":[{"embeddable":true,"href":"https:\/\/noticiasemdestaque.com\/cd\/index.php?rest_route=\/wp\/v2\/users\/2"}],"replies":[{"embeddable":true,"href":"https:\/\/noticiasemdestaque.com\/cd\/index.php?rest_route=%2Fwp%2Fv2%2Fcomments&post=47743"}],"version-history":[{"count":1,"href":"https:\/\/noticiasemdestaque.com\/cd\/index.php?rest_route=\/wp\/v2\/posts\/47743\/revisions"}],"predecessor-version":[{"id":47746,"href":"https:\/\/noticiasemdestaque.com\/cd\/index.php?rest_route=\/wp\/v2\/posts\/47743\/revisions\/47746"}],"wp:featuredmedia":[{"embeddable":true,"href":"https:\/\/noticiasemdestaque.com\/cd\/index.php?rest_route=\/wp\/v2\/media\/47745"}],"wp:attachment":[{"href":"https:\/\/noticiasemdestaque.com\/cd\/index.php?rest_route=%2Fwp%2Fv2%2Fmedia&parent=47743"}],"wp:term":[{"taxonomy":"category","embeddable":true,"href":"https:\/\/noticiasemdestaque.com\/cd\/index.php?rest_route=%2Fwp%2Fv2%2Fcategories&post=47743"},{"taxonomy":"post_tag","embeddable":true,"href":"https:\/\/noticiasemdestaque.com\/cd\/index.php?rest_route=%2Fwp%2Fv2%2Ftags&post=47743"}],"curies":[{"name":"wp","href":"https:\/\/api.w.org\/{rel}","templated":true}]}}