{"id":47741,"date":"2023-04-18T19:53:55","date_gmt":"2023-04-18T22:53:55","guid":{"rendered":"https:\/\/noticiasemdestaque.com\/cd\/?p=47741"},"modified":"2023-04-18T19:53:55","modified_gmt":"2023-04-18T22:53:55","slug":"tres-tratoristas-sao-assassinados-enquanto-trabalhavam-na-paraiba","status":"publish","type":"post","link":"https:\/\/noticiasemdestaque.com\/cd\/?p=47741","title":{"rendered":"Tr\u00eas tratoristas s\u00e3o assassinados enquanto trabalhavam na Para\u00edba"},"content":{"rendered":"<p><a href=\"https:\/\/noticiasemdestaque.com\/cd\/wp-content\/uploads\/2023\/01\/sirene-policia-1-1200x896-1.jpg\"><img fetchpriority=\"high\" decoding=\"async\" class=\"alignnone  wp-image-45824\" src=\"https:\/\/noticiasemdestaque.com\/cd\/wp-content\/uploads\/2023\/01\/sirene-policia-1-1200x896-1-300x224.jpg\" alt=\"\" width=\"1259\" height=\"940\" srcset=\"https:\/\/noticiasemdestaque.com\/cd\/wp-content\/uploads\/2023\/01\/sirene-policia-1-1200x896-1-300x224.jpg 300w, https:\/\/noticiasemdestaque.com\/cd\/wp-content\/uploads\/2023\/01\/sirene-policia-1-1200x896-1-16x12.jpg 16w, https:\/\/noticiasemdestaque.com\/cd\/wp-content\/uploads\/2023\/01\/sirene-policia-1-1200x896-1.jpg 320w\" sizes=\"(max-width: 1259px) 100vw, 1259px\" \/><\/a><\/p>\n<p>Tr\u00eas condutores de trator da prefeitura de Cubati, no Serid\u00f3 paraibano, foram assassinados a tiros na tarde desta ter\u00e7a-feira (18) na zona rural do munic\u00edpio enquanto cortavam terras na zona rural.<\/p>\n<p>Informa\u00e7\u00f5es colhidas pelo\u00a0<strong>helenolima.com<\/strong>, d\u00e3o conta de que dois homens chegaram no local atirando e mataram: Jodeilton, Cabe\u00e7udo e Naldinho.<\/p>\n<p>O crime aconteceu no s\u00edtio Golpe D\u2019\u00e1gua e at\u00e9 o momento n\u00e3o se sabe o que poderia ter provocado o triplo homic\u00eddio.<\/p>\n<p>O secret\u00e1rio de agricultura, Juscelino, estava no local acompanhando os trabalhos e, por muito pouco, escapou ileso.<\/p>\n<p>O secret\u00e1rio estava em uma motocicleta e quando os dois homens come\u00e7aram a atirar, ele fugiu.<\/p>\n<p>As pol\u00edcias Civil e Militar foram acionadas e se deslocaram para o s\u00edtio Golpe D\u2019\u00e1gua.<\/p>\n<p>Aguarde mais detalhes sobre essa trag\u00e9dia a qualquer momento.<\/p>\n<p><strong>Noticias em Destaque<\/strong><\/p>\n<p><em>Com Heleno Lima<\/em><\/p>\n","protected":false},"excerpt":{"rendered":"<p>Tr\u00eas condutores de trator da prefeitura de Cubati, no Serid\u00f3 paraibano, foram assassinados a tiros na tarde desta ter\u00e7a-feira (18) na zona rural do munic\u00edpio enquanto cortavam terras na zona rural. Informa\u00e7\u00f5es colhidas pelo\u00a0helenolima.com, d\u00e3o conta de que dois homens chegaram no local atirando e mataram: Jodeilton, Cabe\u00e7udo e Naldinho. O crime aconteceu no s\u00edtio Golpe D\u2019\u00e1gua e at\u00e9 o momento n\u00e3o se sabe o que poderia ter provocado o triplo homic\u00eddio. O secret\u00e1rio de agricultura, Juscelino, estava no local acompanhando os trabalhos e, por muito pouco, escapou ileso. O secret\u00e1rio estava em uma motocicleta e quando os dois homens come\u00e7aram a atirar, ele fugiu. As pol\u00edcias Civil e Militar foram acionadas e se deslocaram para o s\u00edtio Golpe D\u2019\u00e1gua. Aguarde mais detalhes sobre essa trag\u00e9dia a qualquer momento. Noticias em Destaque Com Heleno Lima<\/p>\n","protected":false},"author":2,"featured_media":45596,"comment_status":"closed","ping_status":"open","sticky":false,"template":"","format":"standard","meta":{"_eb_attr":"","_jetpack_memberships_contains_paid_content":false,"footnotes":""},"categories":[20],"tags":[],"class_list":["post-47741","post","type-post","status-publish","format-standard","has-post-thumbnail","hentry","category-policia"],"yoast_head":"<!-- This site is optimized with the Yoast SEO plugin v26.5 - https:\/\/yoast.com\/wordpress\/plugins\/seo\/ -->\n<title>Tr\u00eas tratoristas s\u00e3o assassinados enquanto trabalhavam na Para\u00edba - Not&iacute;cias em Destaque<\/title>\n<meta name=\"robots\" content=\"index, follow, max-snippet:-1, max-image-preview:large, max-video-preview:-1\" \/>\n<link rel=\"canonical\" href=\"https:\/\/noticiasemdestaque.com\/cd\/?p=47741\" \/>\n<meta property=\"og:locale\" content=\"pt_BR\" \/>\n<meta property=\"og:type\" content=\"article\" \/>\n<meta property=\"og:title\" content=\"Tr\u00eas tratoristas s\u00e3o assassinados enquanto trabalhavam na Para\u00edba - Not&iacute;cias em Destaque\" \/>\n<meta property=\"og:description\" content=\"Tr\u00eas condutores de trator da prefeitura de Cubati, no Serid\u00f3 paraibano, foram assassinados a tiros na tarde desta ter\u00e7a-feira (18) na zona rural do munic\u00edpio enquanto cortavam terras na zona rural. Informa\u00e7\u00f5es colhidas pelo\u00a0helenolima.com, d\u00e3o conta de que dois homens chegaram no local atirando e mataram: Jodeilton, Cabe\u00e7udo e Naldinho. O crime aconteceu no s\u00edtio Golpe D\u2019\u00e1gua e at\u00e9 o momento n\u00e3o se sabe o que poderia ter provocado o triplo homic\u00eddio. O secret\u00e1rio de agricultura, Juscelino, estava no local acompanhando os trabalhos e, por muito pouco, escapou ileso. O secret\u00e1rio estava em uma motocicleta e quando os dois homens come\u00e7aram a atirar, ele fugiu. As pol\u00edcias Civil e Militar foram acionadas e se deslocaram para o s\u00edtio Golpe D\u2019\u00e1gua. Aguarde mais detalhes sobre essa trag\u00e9dia a qualquer momento. Noticias em Destaque Com Heleno Lima\" \/>\n<meta property=\"og:url\" content=\"https:\/\/noticiasemdestaque.com\/cd\/?p=47741\" \/>\n<meta property=\"og:site_name\" content=\"Not&iacute;cias em Destaque\" \/>\n<meta property=\"article:published_time\" content=\"2023-04-18T22:53:55+00:00\" \/>\n<meta property=\"og:image\" content=\"https:\/\/noticiasemdestaque.com\/cd\/wp-content\/uploads\/2023\/01\/viatura-da-policia-militar.webp\" \/>\n\t<meta property=\"og:image:width\" content=\"800\" \/>\n\t<meta property=\"og:image:height\" content=\"445\" \/>\n\t<meta property=\"og:image:type\" content=\"image\/webp\" \/>\n<meta name=\"author\" content=\"Not\u00edcias em Destaque\" \/>\n<meta name=\"twitter:card\" content=\"summary_large_image\" \/>\n<meta name=\"twitter:label1\" content=\"Escrito por\" \/>\n\t<meta name=\"twitter:data1\" content=\"Not\u00edcias em Destaque\" \/>\n\t<meta name=\"twitter:label2\" content=\"Est. tempo de leitura\" \/>\n\t<meta name=\"twitter:data2\" content=\"1 minuto\" \/>\n<script type=\"application\/ld+json\" class=\"yoast-schema-graph\">{\"@context\":\"https:\/\/schema.org\",\"@graph\":[{\"@type\":\"Article\",\"@id\":\"https:\/\/noticiasemdestaque.com\/cd\/?p=47741#article\",\"isPartOf\":{\"@id\":\"https:\/\/noticiasemdestaque.com\/cd\/?p=47741\"},\"author\":{\"name\":\"Not\u00edcias em Destaque\",\"@id\":\"https:\/\/noticiasemdestaque.com\/cd\/#\/schema\/person\/4a81fb71f77579d059c3045891fa1786\"},\"headline\":\"Tr\u00eas tratoristas s\u00e3o assassinados enquanto trabalhavam na Para\u00edba\",\"datePublished\":\"2023-04-18T22:53:55+00:00\",\"mainEntityOfPage\":{\"@id\":\"https:\/\/noticiasemdestaque.com\/cd\/?p=47741\"},\"wordCount\":164,\"publisher\":{\"@id\":\"https:\/\/noticiasemdestaque.com\/cd\/#organization\"},\"image\":{\"@id\":\"https:\/\/noticiasemdestaque.com\/cd\/?p=47741#primaryimage\"},\"thumbnailUrl\":\"https:\/\/noticiasemdestaque.com\/cd\/wp-content\/uploads\/2023\/01\/viatura-da-policia-militar.webp\",\"articleSection\":[\"Pol\u00edcia\"],\"inLanguage\":\"pt-BR\"},{\"@type\":\"WebPage\",\"@id\":\"https:\/\/noticiasemdestaque.com\/cd\/?p=47741\",\"url\":\"https:\/\/noticiasemdestaque.com\/cd\/?p=47741\",\"name\":\"Tr\u00eas tratoristas s\u00e3o assassinados enquanto trabalhavam na Para\u00edba - Not&iacute;cias em Destaque\",\"isPartOf\":{\"@id\":\"https:\/\/noticiasemdestaque.com\/cd\/#website\"},\"primaryImageOfPage\":{\"@id\":\"https:\/\/noticiasemdestaque.com\/cd\/?p=47741#primaryimage\"},\"image\":{\"@id\":\"https:\/\/noticiasemdestaque.com\/cd\/?p=47741#primaryimage\"},\"thumbnailUrl\":\"https:\/\/noticiasemdestaque.com\/cd\/wp-content\/uploads\/2023\/01\/viatura-da-policia-militar.webp\",\"datePublished\":\"2023-04-18T22:53:55+00:00\",\"breadcrumb\":{\"@id\":\"https:\/\/noticiasemdestaque.com\/cd\/?p=47741#breadcrumb\"},\"inLanguage\":\"pt-BR\",\"potentialAction\":[{\"@type\":\"ReadAction\",\"target\":[\"https:\/\/noticiasemdestaque.com\/cd\/?p=47741\"]}]},{\"@type\":\"ImageObject\",\"inLanguage\":\"pt-BR\",\"@id\":\"https:\/\/noticiasemdestaque.com\/cd\/?p=47741#primaryimage\",\"url\":\"https:\/\/noticiasemdestaque.com\/cd\/wp-content\/uploads\/2023\/01\/viatura-da-policia-militar.webp\",\"contentUrl\":\"https:\/\/noticiasemdestaque.com\/cd\/wp-content\/uploads\/2023\/01\/viatura-da-policia-militar.webp\",\"width\":800,\"height\":445},{\"@type\":\"BreadcrumbList\",\"@id\":\"https:\/\/noticiasemdestaque.com\/cd\/?p=47741#breadcrumb\",\"itemListElement\":[{\"@type\":\"ListItem\",\"position\":1,\"name\":\"In\u00edcio\",\"item\":\"https:\/\/noticiasemdestaque.com\/cd\/\"},{\"@type\":\"ListItem\",\"position\":2,\"name\":\"Tr\u00eas tratoristas s\u00e3o assassinados enquanto trabalhavam na Para\u00edba\"}]},{\"@type\":\"WebSite\",\"@id\":\"https:\/\/noticiasemdestaque.com\/cd\/#website\",\"url\":\"https:\/\/noticiasemdestaque.com\/cd\/\",\"name\":\"Not&iacute;cias em Destaque\",\"description\":\"\",\"publisher\":{\"@id\":\"https:\/\/noticiasemdestaque.com\/cd\/#organization\"},\"potentialAction\":[{\"@type\":\"SearchAction\",\"target\":{\"@type\":\"EntryPoint\",\"urlTemplate\":\"https:\/\/noticiasemdestaque.com\/cd\/?s={search_term_string}\"},\"query-input\":{\"@type\":\"PropertyValueSpecification\",\"valueRequired\":true,\"valueName\":\"search_term_string\"}}],\"inLanguage\":\"pt-BR\"},{\"@type\":\"Organization\",\"@id\":\"https:\/\/noticiasemdestaque.com\/cd\/#organization\",\"name\":\"Not\u00edcias em Destaque\",\"url\":\"https:\/\/noticiasemdestaque.com\/cd\/\",\"logo\":{\"@type\":\"ImageObject\",\"inLanguage\":\"pt-BR\",\"@id\":\"https:\/\/noticiasemdestaque.com\/cd\/#\/schema\/logo\/image\/\",\"url\":\"https:\/\/noticiasemdestaque.com\/cd\/wp-content\/uploads\/2022\/05\/imagem-base-noticiasemdestaque.png\",\"contentUrl\":\"https:\/\/noticiasemdestaque.com\/cd\/wp-content\/uploads\/2022\/05\/imagem-base-noticiasemdestaque.png\",\"width\":1200,\"height\":630,\"caption\":\"Not\u00edcias em Destaque\"},\"image\":{\"@id\":\"https:\/\/noticiasemdestaque.com\/cd\/#\/schema\/logo\/image\/\"}},{\"@type\":\"Person\",\"@id\":\"https:\/\/noticiasemdestaque.com\/cd\/#\/schema\/person\/4a81fb71f77579d059c3045891fa1786\",\"name\":\"Not\u00edcias em Destaque\",\"url\":\"https:\/\/noticiasemdestaque.com\/cd\/?author=2\"}]}<\/script>\n<!-- \/ Yoast SEO plugin. -->","yoast_head_json":{"title":"Tr\u00eas tratoristas s\u00e3o assassinados enquanto trabalhavam na Para\u00edba - Not&iacute;cias em Destaque","robots":{"index":"index","follow":"follow","max-snippet":"max-snippet:-1","max-image-preview":"max-image-preview:large","max-video-preview":"max-video-preview:-1"},"canonical":"https:\/\/noticiasemdestaque.com\/cd\/?p=47741","og_locale":"pt_BR","og_type":"article","og_title":"Tr\u00eas tratoristas s\u00e3o assassinados enquanto trabalhavam na Para\u00edba - Not&iacute;cias em Destaque","og_description":"Tr\u00eas condutores de trator da prefeitura de Cubati, no Serid\u00f3 paraibano, foram assassinados a tiros na tarde desta ter\u00e7a-feira (18) na zona rural do munic\u00edpio enquanto cortavam terras na zona rural. Informa\u00e7\u00f5es colhidas pelo\u00a0helenolima.com, d\u00e3o conta de que dois homens chegaram no local atirando e mataram: Jodeilton, Cabe\u00e7udo e Naldinho. O crime aconteceu no s\u00edtio Golpe D\u2019\u00e1gua e at\u00e9 o momento n\u00e3o se sabe o que poderia ter provocado o triplo homic\u00eddio. O secret\u00e1rio de agricultura, Juscelino, estava no local acompanhando os trabalhos e, por muito pouco, escapou ileso. O secret\u00e1rio estava em uma motocicleta e quando os dois homens come\u00e7aram a atirar, ele fugiu. As pol\u00edcias Civil e Militar foram acionadas e se deslocaram para o s\u00edtio Golpe D\u2019\u00e1gua. Aguarde mais detalhes sobre essa trag\u00e9dia a qualquer momento. Noticias em Destaque Com Heleno Lima","og_url":"https:\/\/noticiasemdestaque.com\/cd\/?p=47741","og_site_name":"Not&iacute;cias em Destaque","article_published_time":"2023-04-18T22:53:55+00:00","og_image":[{"width":800,"height":445,"url":"https:\/\/noticiasemdestaque.com\/cd\/wp-content\/uploads\/2023\/01\/viatura-da-policia-militar.webp","type":"image\/webp"}],"author":"Not\u00edcias em Destaque","twitter_card":"summary_large_image","twitter_misc":{"Escrito por":"Not\u00edcias em Destaque","Est. tempo de leitura":"1 minuto"},"schema":{"@context":"https:\/\/schema.org","@graph":[{"@type":"Article","@id":"https:\/\/noticiasemdestaque.com\/cd\/?p=47741#article","isPartOf":{"@id":"https:\/\/noticiasemdestaque.com\/cd\/?p=47741"},"author":{"name":"Not\u00edcias em Destaque","@id":"https:\/\/noticiasemdestaque.com\/cd\/#\/schema\/person\/4a81fb71f77579d059c3045891fa1786"},"headline":"Tr\u00eas tratoristas s\u00e3o assassinados enquanto trabalhavam na Para\u00edba","datePublished":"2023-04-18T22:53:55+00:00","mainEntityOfPage":{"@id":"https:\/\/noticiasemdestaque.com\/cd\/?p=47741"},"wordCount":164,"publisher":{"@id":"https:\/\/noticiasemdestaque.com\/cd\/#organization"},"image":{"@id":"https:\/\/noticiasemdestaque.com\/cd\/?p=47741#primaryimage"},"thumbnailUrl":"https:\/\/noticiasemdestaque.com\/cd\/wp-content\/uploads\/2023\/01\/viatura-da-policia-militar.webp","articleSection":["Pol\u00edcia"],"inLanguage":"pt-BR"},{"@type":"WebPage","@id":"https:\/\/noticiasemdestaque.com\/cd\/?p=47741","url":"https:\/\/noticiasemdestaque.com\/cd\/?p=47741","name":"Tr\u00eas tratoristas s\u00e3o assassinados enquanto trabalhavam na Para\u00edba - Not&iacute;cias em Destaque","isPartOf":{"@id":"https:\/\/noticiasemdestaque.com\/cd\/#website"},"primaryImageOfPage":{"@id":"https:\/\/noticiasemdestaque.com\/cd\/?p=47741#primaryimage"},"image":{"@id":"https:\/\/noticiasemdestaque.com\/cd\/?p=47741#primaryimage"},"thumbnailUrl":"https:\/\/noticiasemdestaque.com\/cd\/wp-content\/uploads\/2023\/01\/viatura-da-policia-militar.webp","datePublished":"2023-04-18T22:53:55+00:00","breadcrumb":{"@id":"https:\/\/noticiasemdestaque.com\/cd\/?p=47741#breadcrumb"},"inLanguage":"pt-BR","potentialAction":[{"@type":"ReadAction","target":["https:\/\/noticiasemdestaque.com\/cd\/?p=47741"]}]},{"@type":"ImageObject","inLanguage":"pt-BR","@id":"https:\/\/noticiasemdestaque.com\/cd\/?p=47741#primaryimage","url":"https:\/\/noticiasemdestaque.com\/cd\/wp-content\/uploads\/2023\/01\/viatura-da-policia-militar.webp","contentUrl":"https:\/\/noticiasemdestaque.com\/cd\/wp-content\/uploads\/2023\/01\/viatura-da-policia-militar.webp","width":800,"height":445},{"@type":"BreadcrumbList","@id":"https:\/\/noticiasemdestaque.com\/cd\/?p=47741#breadcrumb","itemListElement":[{"@type":"ListItem","position":1,"name":"In\u00edcio","item":"https:\/\/noticiasemdestaque.com\/cd\/"},{"@type":"ListItem","position":2,"name":"Tr\u00eas tratoristas s\u00e3o assassinados enquanto trabalhavam na Para\u00edba"}]},{"@type":"WebSite","@id":"https:\/\/noticiasemdestaque.com\/cd\/#website","url":"https:\/\/noticiasemdestaque.com\/cd\/","name":"Not&iacute;cias em Destaque","description":"","publisher":{"@id":"https:\/\/noticiasemdestaque.com\/cd\/#organization"},"potentialAction":[{"@type":"SearchAction","target":{"@type":"EntryPoint","urlTemplate":"https:\/\/noticiasemdestaque.com\/cd\/?s={search_term_string}"},"query-input":{"@type":"PropertyValueSpecification","valueRequired":true,"valueName":"search_term_string"}}],"inLanguage":"pt-BR"},{"@type":"Organization","@id":"https:\/\/noticiasemdestaque.com\/cd\/#organization","name":"Not\u00edcias em Destaque","url":"https:\/\/noticiasemdestaque.com\/cd\/","logo":{"@type":"ImageObject","inLanguage":"pt-BR","@id":"https:\/\/noticiasemdestaque.com\/cd\/#\/schema\/logo\/image\/","url":"https:\/\/noticiasemdestaque.com\/cd\/wp-content\/uploads\/2022\/05\/imagem-base-noticiasemdestaque.png","contentUrl":"https:\/\/noticiasemdestaque.com\/cd\/wp-content\/uploads\/2022\/05\/imagem-base-noticiasemdestaque.png","width":1200,"height":630,"caption":"Not\u00edcias em Destaque"},"image":{"@id":"https:\/\/noticiasemdestaque.com\/cd\/#\/schema\/logo\/image\/"}},{"@type":"Person","@id":"https:\/\/noticiasemdestaque.com\/cd\/#\/schema\/person\/4a81fb71f77579d059c3045891fa1786","name":"Not\u00edcias em Destaque","url":"https:\/\/noticiasemdestaque.com\/cd\/?author=2"}]}},"jetpack_featured_media_url":"https:\/\/noticiasemdestaque.com\/cd\/wp-content\/uploads\/2023\/01\/viatura-da-policia-militar.webp","jetpack_sharing_enabled":true,"_links":{"self":[{"href":"https:\/\/noticiasemdestaque.com\/cd\/index.php?rest_route=\/wp\/v2\/posts\/47741","targetHints":{"allow":["GET"]}}],"collection":[{"href":"https:\/\/noticiasemdestaque.com\/cd\/index.php?rest_route=\/wp\/v2\/posts"}],"about":[{"href":"https:\/\/noticiasemdestaque.com\/cd\/index.php?rest_route=\/wp\/v2\/types\/post"}],"author":[{"embeddable":true,"href":"https:\/\/noticiasemdestaque.com\/cd\/index.php?rest_route=\/wp\/v2\/users\/2"}],"replies":[{"embeddable":true,"href":"https:\/\/noticiasemdestaque.com\/cd\/index.php?rest_route=%2Fwp%2Fv2%2Fcomments&post=47741"}],"version-history":[{"count":1,"href":"https:\/\/noticiasemdestaque.com\/cd\/index.php?rest_route=\/wp\/v2\/posts\/47741\/revisions"}],"predecessor-version":[{"id":47742,"href":"https:\/\/noticiasemdestaque.com\/cd\/index.php?rest_route=\/wp\/v2\/posts\/47741\/revisions\/47742"}],"wp:featuredmedia":[{"embeddable":true,"href":"https:\/\/noticiasemdestaque.com\/cd\/index.php?rest_route=\/wp\/v2\/media\/45596"}],"wp:attachment":[{"href":"https:\/\/noticiasemdestaque.com\/cd\/index.php?rest_route=%2Fwp%2Fv2%2Fmedia&parent=47741"}],"wp:term":[{"taxonomy":"category","embeddable":true,"href":"https:\/\/noticiasemdestaque.com\/cd\/index.php?rest_route=%2Fwp%2Fv2%2Fcategories&post=47741"},{"taxonomy":"post_tag","embeddable":true,"href":"https:\/\/noticiasemdestaque.com\/cd\/index.php?rest_route=%2Fwp%2Fv2%2Ftags&post=47741"}],"curies":[{"name":"wp","href":"https:\/\/api.w.org\/{rel}","templated":true}]}}