{"id":47737,"date":"2023-04-18T19:47:14","date_gmt":"2023-04-18T22:47:14","guid":{"rendered":"https:\/\/noticiasemdestaque.com\/cd\/?p=47737"},"modified":"2023-04-18T19:47:14","modified_gmt":"2023-04-18T22:47:14","slug":"camara-de-vereadores-de-sume-sedia-palestra-com-produtores-de-caprinos-e-recebe-visitas-de-alunos-da-rede-estadual-de-ensino","status":"publish","type":"post","link":"https:\/\/noticiasemdestaque.com\/cd\/?p=47737","title":{"rendered":"C\u00e2mara de Vereadores de Sum\u00e9 sedia palestra com produtores de caprinos e recebe visitas de alunos da rede estadual de ensino"},"content":{"rendered":"<p><a href=\"https:\/\/noticiasemdestaque.com\/cd\/wp-content\/uploads\/2023\/04\/WhatsApp-Image-2023-04-18-at-19.23.57-1.jpeg\"><img fetchpriority=\"high\" decoding=\"async\" class=\"alignnone  wp-image-47739\" src=\"https:\/\/noticiasemdestaque.com\/cd\/wp-content\/uploads\/2023\/04\/WhatsApp-Image-2023-04-18-at-19.23.57-1-300x226.jpeg\" alt=\"\" width=\"1294\" height=\"975\" srcset=\"https:\/\/noticiasemdestaque.com\/cd\/wp-content\/uploads\/2023\/04\/WhatsApp-Image-2023-04-18-at-19.23.57-1-300x226.jpeg 300w, https:\/\/noticiasemdestaque.com\/cd\/wp-content\/uploads\/2023\/04\/WhatsApp-Image-2023-04-18-at-19.23.57-1-1024x771.jpeg 1024w, https:\/\/noticiasemdestaque.com\/cd\/wp-content\/uploads\/2023\/04\/WhatsApp-Image-2023-04-18-at-19.23.57-1-768x578.jpeg 768w, https:\/\/noticiasemdestaque.com\/cd\/wp-content\/uploads\/2023\/04\/WhatsApp-Image-2023-04-18-at-19.23.57-1-1536x1156.jpeg 1536w, https:\/\/noticiasemdestaque.com\/cd\/wp-content\/uploads\/2023\/04\/WhatsApp-Image-2023-04-18-at-19.23.57-1-16x12.jpeg 16w, https:\/\/noticiasemdestaque.com\/cd\/wp-content\/uploads\/2023\/04\/WhatsApp-Image-2023-04-18-at-19.23.57-1.jpeg 1600w\" sizes=\"(max-width: 1294px) 100vw, 1294px\" \/><\/a><\/p>\n<p>A C\u00e2mara de Vereadores de Sum\u00e9 tem recebido semanalmente eventos e visitas das mais diversas categorias do munic\u00edpio.<\/p>\n<p>Na segunda-feira (17), o presidente Daniel L\u00eala e os vereadores Crist\u00f3v\u00e3o Brasil, Ant\u00f4nio Carlos, Francisco Fontenele e Dida Alves, receberam a professora Uilma Franco, da Escola Estadual de Sum\u00e9, e alunos do 1\u00ba, 2\u00ba e 3\u00ba ano, que estiveram nas depend\u00eancias do Poder Legislativo.<\/p>\n<p>O objetivo da visita foi apresentar aos vereadores o projeto \u201cPorque meu direito incomoda?\u201d, voltado \u00e0s pessoas com Transtorno do Espectro Autista-TEA.<br \/>\nFoi conversado tamb\u00e9m entre os parlamentares, a aprova\u00e7\u00e3o de uma Lei Municipal, que cria a Semana Alusiva ao Autista. Esse tema pretende levar informa\u00e7\u00f5es \u00e0 popula\u00e7\u00e3o para reduzir a discrimina\u00e7\u00e3o e o preconceito com pessoas que apresentam o transtorno do espectro autista (TEA).<\/p>\n<p><a href=\"https:\/\/noticiasemdestaque.com\/cd\/wp-content\/uploads\/2023\/04\/WhatsApp-Image-2023-04-18-at-19.23.57.jpeg\"><img decoding=\"async\" class=\" wp-image-47738 aligncenter\" src=\"https:\/\/noticiasemdestaque.com\/cd\/wp-content\/uploads\/2023\/04\/WhatsApp-Image-2023-04-18-at-19.23.57-300x169.jpeg\" alt=\"\" width=\"659\" height=\"371\" srcset=\"https:\/\/noticiasemdestaque.com\/cd\/wp-content\/uploads\/2023\/04\/WhatsApp-Image-2023-04-18-at-19.23.57-300x169.jpeg 300w, https:\/\/noticiasemdestaque.com\/cd\/wp-content\/uploads\/2023\/04\/WhatsApp-Image-2023-04-18-at-19.23.57-1024x577.jpeg 1024w, https:\/\/noticiasemdestaque.com\/cd\/wp-content\/uploads\/2023\/04\/WhatsApp-Image-2023-04-18-at-19.23.57-768x433.jpeg 768w, https:\/\/noticiasemdestaque.com\/cd\/wp-content\/uploads\/2023\/04\/WhatsApp-Image-2023-04-18-at-19.23.57-1536x866.jpeg 1536w, https:\/\/noticiasemdestaque.com\/cd\/wp-content\/uploads\/2023\/04\/WhatsApp-Image-2023-04-18-at-19.23.57-18x10.jpeg 18w, https:\/\/noticiasemdestaque.com\/cd\/wp-content\/uploads\/2023\/04\/WhatsApp-Image-2023-04-18-at-19.23.57.jpeg 1600w\" sizes=\"(max-width: 659px) 100vw, 659px\" \/><\/a><\/p>\n<p>Ainda nesta segunda-feira no per\u00edodo da noite, o plen\u00e1rio da C\u00e2mara de Vereadores sediou uma palestra promovida pelas empresas Vall\u00e9e e MDS- Sa\u00fade Animal com o tema: Preju\u00edzos causados pela eimeriose. O momento contou com a participa\u00e7\u00e3o do presidente Daniel L\u00eala, do vereador Dami\u00e3o Rildo e de produtores de caprinos e ovinos do munic\u00edpio.<\/p>\n<p>Eimeriose \u00e9 uma doen\u00e7a parasit\u00e1ria que acomete caprinos e ovinos, causando graves danos especialmente em animais jovens, tendo grande import\u00e2ncia econ\u00f4mica na explora\u00e7\u00e3o caprina leiteira e em ovinos mantidos em confinamento. Durante a palestra foi apresentado dicas e medicamentos que visam ajudar na preven\u00e7\u00e3o, melhorando a qualidade e produtividade do rebanho.<\/p>\n<p>O presidente Daniel L\u00eala afirmou que a C\u00e2mara Municipal estar\u00e1 sempre de portas abertas para receber visitas e debates de interesse da popula\u00e7\u00e3o. \u201cIremos sempre ampliar o di\u00e1logo com nosso povo, visando oferecer mecanismos que melhorem a vida de cada um morador de Sum\u00e9.\u201d, afirmou.<\/p>\n<p><strong>Noticias em Destaque<\/strong><\/p>\n<p style=\"text-align: right;\"><em>Fonte: Ascom\/C\u00e2mara<\/em><\/p>\n","protected":false},"excerpt":{"rendered":"<p>A C\u00e2mara de Vereadores de Sum\u00e9 tem recebido semanalmente eventos e visitas das mais diversas categorias do munic\u00edpio. Na segunda-feira (17), o presidente Daniel L\u00eala e os vereadores Crist\u00f3v\u00e3o Brasil, Ant\u00f4nio Carlos, Francisco Fontenele e Dida Alves, receberam a professora Uilma Franco, da Escola Estadual de Sum\u00e9, e alunos do 1\u00ba, 2\u00ba e 3\u00ba ano, que estiveram nas depend\u00eancias do Poder Legislativo. O objetivo da visita foi apresentar aos vereadores o projeto \u201cPorque meu direito incomoda?\u201d, voltado \u00e0s pessoas com Transtorno do Espectro Autista-TEA. Foi conversado tamb\u00e9m entre os parlamentares, a aprova\u00e7\u00e3o de uma Lei Municipal, que cria a Semana Alusiva ao Autista. Esse tema pretende levar informa\u00e7\u00f5es \u00e0 popula\u00e7\u00e3o para reduzir a discrimina\u00e7\u00e3o e o preconceito com pessoas que apresentam o transtorno do espectro autista (TEA). Ainda nesta segunda-feira no per\u00edodo da noite, o plen\u00e1rio da C\u00e2mara de Vereadores sediou uma palestra promovida pelas empresas Vall\u00e9e e MDS- Sa\u00fade Animal com o tema: Preju\u00edzos causados pela eimeriose. O momento contou com a participa\u00e7\u00e3o do presidente Daniel L\u00eala, do vereador Dami\u00e3o Rildo e de produtores de caprinos e ovinos do munic\u00edpio. Eimeriose \u00e9 uma doen\u00e7a parasit\u00e1ria que acomete caprinos e ovinos, causando graves danos especialmente em animais jovens, tendo grande import\u00e2ncia econ\u00f4mica na explora\u00e7\u00e3o caprina leiteira e em ovinos mantidos em confinamento. Durante a palestra foi apresentado dicas e medicamentos que visam ajudar na preven\u00e7\u00e3o, melhorando a qualidade e produtividade do rebanho. O presidente Daniel L\u00eala afirmou que a C\u00e2mara Municipal estar\u00e1 sempre de portas abertas para receber visitas e debates de interesse da popula\u00e7\u00e3o. \u201cIremos sempre ampliar o di\u00e1logo com nosso povo, visando oferecer mecanismos que melhorem a vida de cada um morador de Sum\u00e9.\u201d, afirmou. Noticias em Destaque Fonte: Ascom\/C\u00e2mara<\/p>\n","protected":false},"author":2,"featured_media":47739,"comment_status":"closed","ping_status":"open","sticky":false,"template":"","format":"standard","meta":{"_eb_attr":"","_jetpack_memberships_contains_paid_content":false,"footnotes":""},"categories":[3],"tags":[],"class_list":["post-47737","post","type-post","status-publish","format-standard","has-post-thumbnail","hentry","category-cidades"],"yoast_head":"<!-- This site is optimized with the Yoast SEO plugin v26.5 - https:\/\/yoast.com\/wordpress\/plugins\/seo\/ -->\n<title>C\u00e2mara de Vereadores de Sum\u00e9 sedia palestra com produtores de caprinos e recebe visitas de alunos da rede estadual de ensino - Not&iacute;cias em Destaque<\/title>\n<meta name=\"robots\" content=\"index, follow, max-snippet:-1, max-image-preview:large, max-video-preview:-1\" \/>\n<link rel=\"canonical\" href=\"https:\/\/noticiasemdestaque.com\/cd\/?p=47737\" \/>\n<meta property=\"og:locale\" content=\"pt_BR\" \/>\n<meta property=\"og:type\" content=\"article\" \/>\n<meta property=\"og:title\" content=\"C\u00e2mara de Vereadores de Sum\u00e9 sedia palestra com produtores de caprinos e recebe visitas de alunos da rede estadual de ensino - Not&iacute;cias em Destaque\" \/>\n<meta property=\"og:description\" content=\"A C\u00e2mara de Vereadores de Sum\u00e9 tem recebido semanalmente eventos e visitas das mais diversas categorias do munic\u00edpio. Na segunda-feira (17), o presidente Daniel L\u00eala e os vereadores Crist\u00f3v\u00e3o Brasil, Ant\u00f4nio Carlos, Francisco Fontenele e Dida Alves, receberam a professora Uilma Franco, da Escola Estadual de Sum\u00e9, e alunos do 1\u00ba, 2\u00ba e 3\u00ba ano, que estiveram nas depend\u00eancias do Poder Legislativo. O objetivo da visita foi apresentar aos vereadores o projeto \u201cPorque meu direito incomoda?\u201d, voltado \u00e0s pessoas com Transtorno do Espectro Autista-TEA. Foi conversado tamb\u00e9m entre os parlamentares, a aprova\u00e7\u00e3o de uma Lei Municipal, que cria a Semana Alusiva ao Autista. Esse tema pretende levar informa\u00e7\u00f5es \u00e0 popula\u00e7\u00e3o para reduzir a discrimina\u00e7\u00e3o e o preconceito com pessoas que apresentam o transtorno do espectro autista (TEA). Ainda nesta segunda-feira no per\u00edodo da noite, o plen\u00e1rio da C\u00e2mara de Vereadores sediou uma palestra promovida pelas empresas Vall\u00e9e e MDS- Sa\u00fade Animal com o tema: Preju\u00edzos causados pela eimeriose. O momento contou com a participa\u00e7\u00e3o do presidente Daniel L\u00eala, do vereador Dami\u00e3o Rildo e de produtores de caprinos e ovinos do munic\u00edpio. Eimeriose \u00e9 uma doen\u00e7a parasit\u00e1ria que acomete caprinos e ovinos, causando graves danos especialmente em animais jovens, tendo grande import\u00e2ncia econ\u00f4mica na explora\u00e7\u00e3o caprina leiteira e em ovinos mantidos em confinamento. Durante a palestra foi apresentado dicas e medicamentos que visam ajudar na preven\u00e7\u00e3o, melhorando a qualidade e produtividade do rebanho. O presidente Daniel L\u00eala afirmou que a C\u00e2mara Municipal estar\u00e1 sempre de portas abertas para receber visitas e debates de interesse da popula\u00e7\u00e3o. \u201cIremos sempre ampliar o di\u00e1logo com nosso povo, visando oferecer mecanismos que melhorem a vida de cada um morador de Sum\u00e9.\u201d, afirmou. Noticias em Destaque Fonte: Ascom\/C\u00e2mara\" \/>\n<meta property=\"og:url\" content=\"https:\/\/noticiasemdestaque.com\/cd\/?p=47737\" \/>\n<meta property=\"og:site_name\" content=\"Not&iacute;cias em Destaque\" \/>\n<meta property=\"article:published_time\" content=\"2023-04-18T22:47:14+00:00\" \/>\n<meta property=\"og:image\" content=\"https:\/\/noticiasemdestaque.com\/cd\/wp-content\/uploads\/2023\/04\/WhatsApp-Image-2023-04-18-at-19.23.57-1.jpeg\" \/>\n\t<meta property=\"og:image:width\" content=\"1600\" \/>\n\t<meta property=\"og:image:height\" content=\"1204\" \/>\n\t<meta property=\"og:image:type\" content=\"image\/jpeg\" \/>\n<meta name=\"author\" content=\"Not\u00edcias em Destaque\" \/>\n<meta name=\"twitter:card\" content=\"summary_large_image\" \/>\n<meta name=\"twitter:label1\" content=\"Escrito por\" \/>\n\t<meta name=\"twitter:data1\" content=\"Not\u00edcias em Destaque\" \/>\n\t<meta name=\"twitter:label2\" content=\"Est. tempo de leitura\" \/>\n\t<meta name=\"twitter:data2\" content=\"2 minutos\" \/>\n<script type=\"application\/ld+json\" class=\"yoast-schema-graph\">{\"@context\":\"https:\/\/schema.org\",\"@graph\":[{\"@type\":\"Article\",\"@id\":\"https:\/\/noticiasemdestaque.com\/cd\/?p=47737#article\",\"isPartOf\":{\"@id\":\"https:\/\/noticiasemdestaque.com\/cd\/?p=47737\"},\"author\":{\"name\":\"Not\u00edcias em Destaque\",\"@id\":\"https:\/\/noticiasemdestaque.com\/cd\/#\/schema\/person\/4a81fb71f77579d059c3045891fa1786\"},\"headline\":\"C\u00e2mara de Vereadores de Sum\u00e9 sedia palestra com produtores de caprinos e recebe visitas de alunos da rede estadual de ensino\",\"datePublished\":\"2023-04-18T22:47:14+00:00\",\"mainEntityOfPage\":{\"@id\":\"https:\/\/noticiasemdestaque.com\/cd\/?p=47737\"},\"wordCount\":332,\"publisher\":{\"@id\":\"https:\/\/noticiasemdestaque.com\/cd\/#organization\"},\"image\":{\"@id\":\"https:\/\/noticiasemdestaque.com\/cd\/?p=47737#primaryimage\"},\"thumbnailUrl\":\"https:\/\/noticiasemdestaque.com\/cd\/wp-content\/uploads\/2023\/04\/WhatsApp-Image-2023-04-18-at-19.23.57-1.jpeg\",\"articleSection\":[\"Cidades\"],\"inLanguage\":\"pt-BR\"},{\"@type\":\"WebPage\",\"@id\":\"https:\/\/noticiasemdestaque.com\/cd\/?p=47737\",\"url\":\"https:\/\/noticiasemdestaque.com\/cd\/?p=47737\",\"name\":\"C\u00e2mara de Vereadores de Sum\u00e9 sedia palestra com produtores de caprinos e recebe visitas de alunos da rede estadual de ensino - Not&iacute;cias em Destaque\",\"isPartOf\":{\"@id\":\"https:\/\/noticiasemdestaque.com\/cd\/#website\"},\"primaryImageOfPage\":{\"@id\":\"https:\/\/noticiasemdestaque.com\/cd\/?p=47737#primaryimage\"},\"image\":{\"@id\":\"https:\/\/noticiasemdestaque.com\/cd\/?p=47737#primaryimage\"},\"thumbnailUrl\":\"https:\/\/noticiasemdestaque.com\/cd\/wp-content\/uploads\/2023\/04\/WhatsApp-Image-2023-04-18-at-19.23.57-1.jpeg\",\"datePublished\":\"2023-04-18T22:47:14+00:00\",\"breadcrumb\":{\"@id\":\"https:\/\/noticiasemdestaque.com\/cd\/?p=47737#breadcrumb\"},\"inLanguage\":\"pt-BR\",\"potentialAction\":[{\"@type\":\"ReadAction\",\"target\":[\"https:\/\/noticiasemdestaque.com\/cd\/?p=47737\"]}]},{\"@type\":\"ImageObject\",\"inLanguage\":\"pt-BR\",\"@id\":\"https:\/\/noticiasemdestaque.com\/cd\/?p=47737#primaryimage\",\"url\":\"https:\/\/noticiasemdestaque.com\/cd\/wp-content\/uploads\/2023\/04\/WhatsApp-Image-2023-04-18-at-19.23.57-1.jpeg\",\"contentUrl\":\"https:\/\/noticiasemdestaque.com\/cd\/wp-content\/uploads\/2023\/04\/WhatsApp-Image-2023-04-18-at-19.23.57-1.jpeg\",\"width\":1600,\"height\":1204},{\"@type\":\"BreadcrumbList\",\"@id\":\"https:\/\/noticiasemdestaque.com\/cd\/?p=47737#breadcrumb\",\"itemListElement\":[{\"@type\":\"ListItem\",\"position\":1,\"name\":\"In\u00edcio\",\"item\":\"https:\/\/noticiasemdestaque.com\/cd\/\"},{\"@type\":\"ListItem\",\"position\":2,\"name\":\"C\u00e2mara de Vereadores de Sum\u00e9 sedia palestra com produtores de caprinos e recebe visitas de alunos da rede estadual de ensino\"}]},{\"@type\":\"WebSite\",\"@id\":\"https:\/\/noticiasemdestaque.com\/cd\/#website\",\"url\":\"https:\/\/noticiasemdestaque.com\/cd\/\",\"name\":\"Not&iacute;cias em Destaque\",\"description\":\"\",\"publisher\":{\"@id\":\"https:\/\/noticiasemdestaque.com\/cd\/#organization\"},\"potentialAction\":[{\"@type\":\"SearchAction\",\"target\":{\"@type\":\"EntryPoint\",\"urlTemplate\":\"https:\/\/noticiasemdestaque.com\/cd\/?s={search_term_string}\"},\"query-input\":{\"@type\":\"PropertyValueSpecification\",\"valueRequired\":true,\"valueName\":\"search_term_string\"}}],\"inLanguage\":\"pt-BR\"},{\"@type\":\"Organization\",\"@id\":\"https:\/\/noticiasemdestaque.com\/cd\/#organization\",\"name\":\"Not\u00edcias em Destaque\",\"url\":\"https:\/\/noticiasemdestaque.com\/cd\/\",\"logo\":{\"@type\":\"ImageObject\",\"inLanguage\":\"pt-BR\",\"@id\":\"https:\/\/noticiasemdestaque.com\/cd\/#\/schema\/logo\/image\/\",\"url\":\"https:\/\/noticiasemdestaque.com\/cd\/wp-content\/uploads\/2022\/05\/imagem-base-noticiasemdestaque.png\",\"contentUrl\":\"https:\/\/noticiasemdestaque.com\/cd\/wp-content\/uploads\/2022\/05\/imagem-base-noticiasemdestaque.png\",\"width\":1200,\"height\":630,\"caption\":\"Not\u00edcias em Destaque\"},\"image\":{\"@id\":\"https:\/\/noticiasemdestaque.com\/cd\/#\/schema\/logo\/image\/\"}},{\"@type\":\"Person\",\"@id\":\"https:\/\/noticiasemdestaque.com\/cd\/#\/schema\/person\/4a81fb71f77579d059c3045891fa1786\",\"name\":\"Not\u00edcias em Destaque\",\"url\":\"https:\/\/noticiasemdestaque.com\/cd\/?author=2\"}]}<\/script>\n<!-- \/ Yoast SEO plugin. -->","yoast_head_json":{"title":"C\u00e2mara de Vereadores de Sum\u00e9 sedia palestra com produtores de caprinos e recebe visitas de alunos da rede estadual de ensino - Not&iacute;cias em Destaque","robots":{"index":"index","follow":"follow","max-snippet":"max-snippet:-1","max-image-preview":"max-image-preview:large","max-video-preview":"max-video-preview:-1"},"canonical":"https:\/\/noticiasemdestaque.com\/cd\/?p=47737","og_locale":"pt_BR","og_type":"article","og_title":"C\u00e2mara de Vereadores de Sum\u00e9 sedia palestra com produtores de caprinos e recebe visitas de alunos da rede estadual de ensino - Not&iacute;cias em Destaque","og_description":"A C\u00e2mara de Vereadores de Sum\u00e9 tem recebido semanalmente eventos e visitas das mais diversas categorias do munic\u00edpio. Na segunda-feira (17), o presidente Daniel L\u00eala e os vereadores Crist\u00f3v\u00e3o Brasil, Ant\u00f4nio Carlos, Francisco Fontenele e Dida Alves, receberam a professora Uilma Franco, da Escola Estadual de Sum\u00e9, e alunos do 1\u00ba, 2\u00ba e 3\u00ba ano, que estiveram nas depend\u00eancias do Poder Legislativo. O objetivo da visita foi apresentar aos vereadores o projeto \u201cPorque meu direito incomoda?\u201d, voltado \u00e0s pessoas com Transtorno do Espectro Autista-TEA. Foi conversado tamb\u00e9m entre os parlamentares, a aprova\u00e7\u00e3o de uma Lei Municipal, que cria a Semana Alusiva ao Autista. Esse tema pretende levar informa\u00e7\u00f5es \u00e0 popula\u00e7\u00e3o para reduzir a discrimina\u00e7\u00e3o e o preconceito com pessoas que apresentam o transtorno do espectro autista (TEA). Ainda nesta segunda-feira no per\u00edodo da noite, o plen\u00e1rio da C\u00e2mara de Vereadores sediou uma palestra promovida pelas empresas Vall\u00e9e e MDS- Sa\u00fade Animal com o tema: Preju\u00edzos causados pela eimeriose. O momento contou com a participa\u00e7\u00e3o do presidente Daniel L\u00eala, do vereador Dami\u00e3o Rildo e de produtores de caprinos e ovinos do munic\u00edpio. Eimeriose \u00e9 uma doen\u00e7a parasit\u00e1ria que acomete caprinos e ovinos, causando graves danos especialmente em animais jovens, tendo grande import\u00e2ncia econ\u00f4mica na explora\u00e7\u00e3o caprina leiteira e em ovinos mantidos em confinamento. Durante a palestra foi apresentado dicas e medicamentos que visam ajudar na preven\u00e7\u00e3o, melhorando a qualidade e produtividade do rebanho. O presidente Daniel L\u00eala afirmou que a C\u00e2mara Municipal estar\u00e1 sempre de portas abertas para receber visitas e debates de interesse da popula\u00e7\u00e3o. \u201cIremos sempre ampliar o di\u00e1logo com nosso povo, visando oferecer mecanismos que melhorem a vida de cada um morador de Sum\u00e9.\u201d, afirmou. Noticias em Destaque Fonte: Ascom\/C\u00e2mara","og_url":"https:\/\/noticiasemdestaque.com\/cd\/?p=47737","og_site_name":"Not&iacute;cias em Destaque","article_published_time":"2023-04-18T22:47:14+00:00","og_image":[{"width":1600,"height":1204,"url":"https:\/\/noticiasemdestaque.com\/cd\/wp-content\/uploads\/2023\/04\/WhatsApp-Image-2023-04-18-at-19.23.57-1.jpeg","type":"image\/jpeg"}],"author":"Not\u00edcias em Destaque","twitter_card":"summary_large_image","twitter_misc":{"Escrito por":"Not\u00edcias em Destaque","Est. tempo de leitura":"2 minutos"},"schema":{"@context":"https:\/\/schema.org","@graph":[{"@type":"Article","@id":"https:\/\/noticiasemdestaque.com\/cd\/?p=47737#article","isPartOf":{"@id":"https:\/\/noticiasemdestaque.com\/cd\/?p=47737"},"author":{"name":"Not\u00edcias em Destaque","@id":"https:\/\/noticiasemdestaque.com\/cd\/#\/schema\/person\/4a81fb71f77579d059c3045891fa1786"},"headline":"C\u00e2mara de Vereadores de Sum\u00e9 sedia palestra com produtores de caprinos e recebe visitas de alunos da rede estadual de ensino","datePublished":"2023-04-18T22:47:14+00:00","mainEntityOfPage":{"@id":"https:\/\/noticiasemdestaque.com\/cd\/?p=47737"},"wordCount":332,"publisher":{"@id":"https:\/\/noticiasemdestaque.com\/cd\/#organization"},"image":{"@id":"https:\/\/noticiasemdestaque.com\/cd\/?p=47737#primaryimage"},"thumbnailUrl":"https:\/\/noticiasemdestaque.com\/cd\/wp-content\/uploads\/2023\/04\/WhatsApp-Image-2023-04-18-at-19.23.57-1.jpeg","articleSection":["Cidades"],"inLanguage":"pt-BR"},{"@type":"WebPage","@id":"https:\/\/noticiasemdestaque.com\/cd\/?p=47737","url":"https:\/\/noticiasemdestaque.com\/cd\/?p=47737","name":"C\u00e2mara de Vereadores de Sum\u00e9 sedia palestra com produtores de caprinos e recebe visitas de alunos da rede estadual de ensino - Not&iacute;cias em Destaque","isPartOf":{"@id":"https:\/\/noticiasemdestaque.com\/cd\/#website"},"primaryImageOfPage":{"@id":"https:\/\/noticiasemdestaque.com\/cd\/?p=47737#primaryimage"},"image":{"@id":"https:\/\/noticiasemdestaque.com\/cd\/?p=47737#primaryimage"},"thumbnailUrl":"https:\/\/noticiasemdestaque.com\/cd\/wp-content\/uploads\/2023\/04\/WhatsApp-Image-2023-04-18-at-19.23.57-1.jpeg","datePublished":"2023-04-18T22:47:14+00:00","breadcrumb":{"@id":"https:\/\/noticiasemdestaque.com\/cd\/?p=47737#breadcrumb"},"inLanguage":"pt-BR","potentialAction":[{"@type":"ReadAction","target":["https:\/\/noticiasemdestaque.com\/cd\/?p=47737"]}]},{"@type":"ImageObject","inLanguage":"pt-BR","@id":"https:\/\/noticiasemdestaque.com\/cd\/?p=47737#primaryimage","url":"https:\/\/noticiasemdestaque.com\/cd\/wp-content\/uploads\/2023\/04\/WhatsApp-Image-2023-04-18-at-19.23.57-1.jpeg","contentUrl":"https:\/\/noticiasemdestaque.com\/cd\/wp-content\/uploads\/2023\/04\/WhatsApp-Image-2023-04-18-at-19.23.57-1.jpeg","width":1600,"height":1204},{"@type":"BreadcrumbList","@id":"https:\/\/noticiasemdestaque.com\/cd\/?p=47737#breadcrumb","itemListElement":[{"@type":"ListItem","position":1,"name":"In\u00edcio","item":"https:\/\/noticiasemdestaque.com\/cd\/"},{"@type":"ListItem","position":2,"name":"C\u00e2mara de Vereadores de Sum\u00e9 sedia palestra com produtores de caprinos e recebe visitas de alunos da rede estadual de ensino"}]},{"@type":"WebSite","@id":"https:\/\/noticiasemdestaque.com\/cd\/#website","url":"https:\/\/noticiasemdestaque.com\/cd\/","name":"Not&iacute;cias em Destaque","description":"","publisher":{"@id":"https:\/\/noticiasemdestaque.com\/cd\/#organization"},"potentialAction":[{"@type":"SearchAction","target":{"@type":"EntryPoint","urlTemplate":"https:\/\/noticiasemdestaque.com\/cd\/?s={search_term_string}"},"query-input":{"@type":"PropertyValueSpecification","valueRequired":true,"valueName":"search_term_string"}}],"inLanguage":"pt-BR"},{"@type":"Organization","@id":"https:\/\/noticiasemdestaque.com\/cd\/#organization","name":"Not\u00edcias em Destaque","url":"https:\/\/noticiasemdestaque.com\/cd\/","logo":{"@type":"ImageObject","inLanguage":"pt-BR","@id":"https:\/\/noticiasemdestaque.com\/cd\/#\/schema\/logo\/image\/","url":"https:\/\/noticiasemdestaque.com\/cd\/wp-content\/uploads\/2022\/05\/imagem-base-noticiasemdestaque.png","contentUrl":"https:\/\/noticiasemdestaque.com\/cd\/wp-content\/uploads\/2022\/05\/imagem-base-noticiasemdestaque.png","width":1200,"height":630,"caption":"Not\u00edcias em Destaque"},"image":{"@id":"https:\/\/noticiasemdestaque.com\/cd\/#\/schema\/logo\/image\/"}},{"@type":"Person","@id":"https:\/\/noticiasemdestaque.com\/cd\/#\/schema\/person\/4a81fb71f77579d059c3045891fa1786","name":"Not\u00edcias em Destaque","url":"https:\/\/noticiasemdestaque.com\/cd\/?author=2"}]}},"jetpack_featured_media_url":"https:\/\/noticiasemdestaque.com\/cd\/wp-content\/uploads\/2023\/04\/WhatsApp-Image-2023-04-18-at-19.23.57-1.jpeg","jetpack_sharing_enabled":true,"_links":{"self":[{"href":"https:\/\/noticiasemdestaque.com\/cd\/index.php?rest_route=\/wp\/v2\/posts\/47737","targetHints":{"allow":["GET"]}}],"collection":[{"href":"https:\/\/noticiasemdestaque.com\/cd\/index.php?rest_route=\/wp\/v2\/posts"}],"about":[{"href":"https:\/\/noticiasemdestaque.com\/cd\/index.php?rest_route=\/wp\/v2\/types\/post"}],"author":[{"embeddable":true,"href":"https:\/\/noticiasemdestaque.com\/cd\/index.php?rest_route=\/wp\/v2\/users\/2"}],"replies":[{"embeddable":true,"href":"https:\/\/noticiasemdestaque.com\/cd\/index.php?rest_route=%2Fwp%2Fv2%2Fcomments&post=47737"}],"version-history":[{"count":1,"href":"https:\/\/noticiasemdestaque.com\/cd\/index.php?rest_route=\/wp\/v2\/posts\/47737\/revisions"}],"predecessor-version":[{"id":47740,"href":"https:\/\/noticiasemdestaque.com\/cd\/index.php?rest_route=\/wp\/v2\/posts\/47737\/revisions\/47740"}],"wp:featuredmedia":[{"embeddable":true,"href":"https:\/\/noticiasemdestaque.com\/cd\/index.php?rest_route=\/wp\/v2\/media\/47739"}],"wp:attachment":[{"href":"https:\/\/noticiasemdestaque.com\/cd\/index.php?rest_route=%2Fwp%2Fv2%2Fmedia&parent=47737"}],"wp:term":[{"taxonomy":"category","embeddable":true,"href":"https:\/\/noticiasemdestaque.com\/cd\/index.php?rest_route=%2Fwp%2Fv2%2Fcategories&post=47737"},{"taxonomy":"post_tag","embeddable":true,"href":"https:\/\/noticiasemdestaque.com\/cd\/index.php?rest_route=%2Fwp%2Fv2%2Ftags&post=47737"}],"curies":[{"name":"wp","href":"https:\/\/api.w.org\/{rel}","templated":true}]}}