{"id":4770,"date":"2017-09-30T17:59:15","date_gmt":"2017-09-30T20:59:15","guid":{"rendered":"http:\/\/caririemdestaque.com\/cd\/?p=4770"},"modified":"2017-09-30T17:59:15","modified_gmt":"2017-09-30T20:59:15","slug":"brasdesco-assume-folha-de-pagamento-do-estado","status":"publish","type":"post","link":"https:\/\/noticiasemdestaque.com\/cd\/?p=4770","title":{"rendered":"Brasdesco assume folha de pagamento do Estado"},"content":{"rendered":"<p><a href=\"http:\/\/caririemdestaque.com\/cd\/wp-content\/uploads\/2017\/09\/timthumb-12.jpg\"><img fetchpriority=\"high\" decoding=\"async\" class=\"alignleft wp-image-4771 size-medium\" src=\"http:\/\/caririemdestaque.com\/cd\/wp-content\/uploads\/2017\/09\/timthumb-12-300x218.jpg\" alt=\"\" width=\"300\" height=\"218\" srcset=\"https:\/\/noticiasemdestaque.com\/cd\/wp-content\/uploads\/2017\/09\/timthumb-12-300x218.jpg 300w, https:\/\/noticiasemdestaque.com\/cd\/wp-content\/uploads\/2017\/09\/timthumb-12.jpg 547w\" sizes=\"(max-width: 300px) 100vw, 300px\" \/><\/a><\/p>\n<p>O governador Ricardo Coutinho se reuniu, na tarde desta sexta-feira (29), com a equipe da Secretaria de Estado da Administra\u00e7\u00e3o e representantes do banco Bradesco, vencedor da licita\u00e7\u00e3o para gest\u00e3o da folha de pagamento do funcionalismo p\u00fablico estadual. O resultado da concorr\u00eancia foi divulgado na manh\u00e3 desta sexta-feira.<\/p>\n<p>De acordo com a secret\u00e1ria de Administra\u00e7\u00e3o, Liv\u00e2nia Farias, a transi\u00e7\u00e3o do Banco do Brasil para o Bradesco ser\u00e1 feita em at\u00e9 60 dias, per\u00edodo em que os servidores realizar\u00e3o um recadastramento para abertura de contas. Ela adiantou que n\u00e3o haver\u00e1 dia espec\u00edfico para isso.<\/p>\n<p>\u201cN\u00e3o vai ter nenhum problema para o servidor, n\u00e3o vai ter aumento de taxa, que \u00e9 o grande questionamento dos servidores\u201d, observou.<\/p>\n<p>Segundo adiantou, para prestar melhor servi\u00e7o aos servidores estaduais, a institui\u00e7\u00e3o banc\u00e1ria vai abrir mais ag\u00eancias no Estado. \u201cConforme est\u00e1 no edital, o Bradesco vai abrir mais ag\u00eancias, o que vai gerar mais de 500 empregos, sendo 300 diretos e 200 indiretos\u201d, explanou a secret\u00e1ria.<\/p>\n<p>Al\u00e9m da equipe da Secretaria de Administra\u00e7\u00e3o, participaram da reuni\u00e3o os diretores do banco Bradesco Francisco Aquilino Pontes e Fernando Ant\u00f4nio Ten\u00f3rio, al\u00e9m do gerente regional da institui\u00e7\u00e3o, Francisco Caetano.<\/p>\n","protected":false},"excerpt":{"rendered":"<p>O governador Ricardo Coutinho se reuniu, na tarde desta sexta-feira (29), com a equipe da Secretaria de Estado da Administra\u00e7\u00e3o e representantes do banco Bradesco, vencedor da licita\u00e7\u00e3o para gest\u00e3o da folha de pagamento do funcionalismo p\u00fablico estadual. O resultado da concorr\u00eancia foi divulgado na manh\u00e3 desta sexta-feira. De acordo com a secret\u00e1ria de Administra\u00e7\u00e3o, Liv\u00e2nia Farias, a transi\u00e7\u00e3o do Banco do Brasil para o Bradesco ser\u00e1 feita em at\u00e9 60 dias, per\u00edodo em que os servidores realizar\u00e3o um recadastramento para abertura de contas. Ela adiantou que n\u00e3o haver\u00e1 dia espec\u00edfico para isso. \u201cN\u00e3o vai ter nenhum problema para o servidor, n\u00e3o vai ter aumento de taxa, que \u00e9 o grande questionamento dos servidores\u201d, observou. Segundo adiantou, para prestar melhor servi\u00e7o aos servidores estaduais, a institui\u00e7\u00e3o banc\u00e1ria vai abrir mais ag\u00eancias no Estado. \u201cConforme est\u00e1 no edital, o Bradesco vai abrir mais ag\u00eancias, o que vai gerar mais de 500 empregos, sendo 300 diretos e 200 indiretos\u201d, explanou a secret\u00e1ria. Al\u00e9m da equipe da Secretaria de Administra\u00e7\u00e3o, participaram da reuni\u00e3o os diretores do banco Bradesco Francisco Aquilino Pontes e Fernando Ant\u00f4nio Ten\u00f3rio, al\u00e9m do gerente regional da institui\u00e7\u00e3o, Francisco Caetano.<\/p>\n","protected":false},"author":2,"featured_media":4771,"comment_status":"closed","ping_status":"open","sticky":false,"template":"","format":"standard","meta":{"_eb_attr":"","_jetpack_memberships_contains_paid_content":false,"footnotes":""},"categories":[11],"tags":[],"class_list":["post-4770","post","type-post","status-publish","format-standard","has-post-thumbnail","hentry","category-economia"],"yoast_head":"<!-- This site is optimized with the Yoast SEO plugin v26.5 - https:\/\/yoast.com\/wordpress\/plugins\/seo\/ -->\n<title>Brasdesco assume folha de pagamento do Estado - Not&iacute;cias em Destaque<\/title>\n<meta name=\"robots\" content=\"index, follow, max-snippet:-1, max-image-preview:large, max-video-preview:-1\" \/>\n<link rel=\"canonical\" href=\"https:\/\/noticiasemdestaque.com\/cd\/?p=4770\" \/>\n<meta property=\"og:locale\" content=\"pt_BR\" \/>\n<meta property=\"og:type\" content=\"article\" \/>\n<meta property=\"og:title\" content=\"Brasdesco assume folha de pagamento do Estado - Not&iacute;cias em Destaque\" \/>\n<meta property=\"og:description\" content=\"O governador Ricardo Coutinho se reuniu, na tarde desta sexta-feira (29), com a equipe da Secretaria de Estado da Administra\u00e7\u00e3o e representantes do banco Bradesco, vencedor da licita\u00e7\u00e3o para gest\u00e3o da folha de pagamento do funcionalismo p\u00fablico estadual. O resultado da concorr\u00eancia foi divulgado na manh\u00e3 desta sexta-feira. De acordo com a secret\u00e1ria de Administra\u00e7\u00e3o, Liv\u00e2nia Farias, a transi\u00e7\u00e3o do Banco do Brasil para o Bradesco ser\u00e1 feita em at\u00e9 60 dias, per\u00edodo em que os servidores realizar\u00e3o um recadastramento para abertura de contas. Ela adiantou que n\u00e3o haver\u00e1 dia espec\u00edfico para isso. \u201cN\u00e3o vai ter nenhum problema para o servidor, n\u00e3o vai ter aumento de taxa, que \u00e9 o grande questionamento dos servidores\u201d, observou. Segundo adiantou, para prestar melhor servi\u00e7o aos servidores estaduais, a institui\u00e7\u00e3o banc\u00e1ria vai abrir mais ag\u00eancias no Estado. \u201cConforme est\u00e1 no edital, o Bradesco vai abrir mais ag\u00eancias, o que vai gerar mais de 500 empregos, sendo 300 diretos e 200 indiretos\u201d, explanou a secret\u00e1ria. Al\u00e9m da equipe da Secretaria de Administra\u00e7\u00e3o, participaram da reuni\u00e3o os diretores do banco Bradesco Francisco Aquilino Pontes e Fernando Ant\u00f4nio Ten\u00f3rio, al\u00e9m do gerente regional da institui\u00e7\u00e3o, Francisco Caetano.\" \/>\n<meta property=\"og:url\" content=\"https:\/\/noticiasemdestaque.com\/cd\/?p=4770\" \/>\n<meta property=\"og:site_name\" content=\"Not&iacute;cias em Destaque\" \/>\n<meta property=\"article:published_time\" content=\"2017-09-30T20:59:15+00:00\" \/>\n<meta property=\"og:image\" content=\"https:\/\/noticiasemdestaque.com\/cd\/wp-content\/uploads\/2017\/09\/timthumb-12.jpg\" \/>\n\t<meta property=\"og:image:width\" content=\"547\" \/>\n\t<meta property=\"og:image:height\" content=\"398\" \/>\n\t<meta property=\"og:image:type\" content=\"image\/jpeg\" \/>\n<meta name=\"author\" content=\"Not\u00edcias em Destaque\" \/>\n<meta name=\"twitter:card\" content=\"summary_large_image\" \/>\n<meta name=\"twitter:label1\" content=\"Escrito por\" \/>\n\t<meta name=\"twitter:data1\" content=\"Not\u00edcias em Destaque\" \/>\n\t<meta name=\"twitter:label2\" content=\"Est. tempo de leitura\" \/>\n\t<meta name=\"twitter:data2\" content=\"1 minuto\" \/>\n<script type=\"application\/ld+json\" class=\"yoast-schema-graph\">{\"@context\":\"https:\/\/schema.org\",\"@graph\":[{\"@type\":\"Article\",\"@id\":\"https:\/\/noticiasemdestaque.com\/cd\/?p=4770#article\",\"isPartOf\":{\"@id\":\"https:\/\/noticiasemdestaque.com\/cd\/?p=4770\"},\"author\":{\"name\":\"Not\u00edcias em Destaque\",\"@id\":\"https:\/\/noticiasemdestaque.com\/cd\/#\/schema\/person\/21320b03a7e8bb90128938dafc9b908a\"},\"headline\":\"Brasdesco assume folha de pagamento do Estado\",\"datePublished\":\"2017-09-30T20:59:15+00:00\",\"mainEntityOfPage\":{\"@id\":\"https:\/\/noticiasemdestaque.com\/cd\/?p=4770\"},\"wordCount\":219,\"publisher\":{\"@id\":\"https:\/\/noticiasemdestaque.com\/cd\/#organization\"},\"image\":{\"@id\":\"https:\/\/noticiasemdestaque.com\/cd\/?p=4770#primaryimage\"},\"thumbnailUrl\":\"https:\/\/noticiasemdestaque.com\/cd\/wp-content\/uploads\/2017\/09\/timthumb-12.jpg\",\"articleSection\":[\"Economia\"],\"inLanguage\":\"pt-BR\"},{\"@type\":\"WebPage\",\"@id\":\"https:\/\/noticiasemdestaque.com\/cd\/?p=4770\",\"url\":\"https:\/\/noticiasemdestaque.com\/cd\/?p=4770\",\"name\":\"Brasdesco assume folha de pagamento do Estado - Not&iacute;cias em Destaque\",\"isPartOf\":{\"@id\":\"https:\/\/noticiasemdestaque.com\/cd\/#website\"},\"primaryImageOfPage\":{\"@id\":\"https:\/\/noticiasemdestaque.com\/cd\/?p=4770#primaryimage\"},\"image\":{\"@id\":\"https:\/\/noticiasemdestaque.com\/cd\/?p=4770#primaryimage\"},\"thumbnailUrl\":\"https:\/\/noticiasemdestaque.com\/cd\/wp-content\/uploads\/2017\/09\/timthumb-12.jpg\",\"datePublished\":\"2017-09-30T20:59:15+00:00\",\"breadcrumb\":{\"@id\":\"https:\/\/noticiasemdestaque.com\/cd\/?p=4770#breadcrumb\"},\"inLanguage\":\"pt-BR\",\"potentialAction\":[{\"@type\":\"ReadAction\",\"target\":[\"https:\/\/noticiasemdestaque.com\/cd\/?p=4770\"]}]},{\"@type\":\"ImageObject\",\"inLanguage\":\"pt-BR\",\"@id\":\"https:\/\/noticiasemdestaque.com\/cd\/?p=4770#primaryimage\",\"url\":\"https:\/\/noticiasemdestaque.com\/cd\/wp-content\/uploads\/2017\/09\/timthumb-12.jpg\",\"contentUrl\":\"https:\/\/noticiasemdestaque.com\/cd\/wp-content\/uploads\/2017\/09\/timthumb-12.jpg\",\"width\":547,\"height\":398},{\"@type\":\"BreadcrumbList\",\"@id\":\"https:\/\/noticiasemdestaque.com\/cd\/?p=4770#breadcrumb\",\"itemListElement\":[{\"@type\":\"ListItem\",\"position\":1,\"name\":\"In\u00edcio\",\"item\":\"https:\/\/noticiasemdestaque.com\/cd\/\"},{\"@type\":\"ListItem\",\"position\":2,\"name\":\"Brasdesco assume folha de pagamento do Estado\"}]},{\"@type\":\"WebSite\",\"@id\":\"https:\/\/noticiasemdestaque.com\/cd\/#website\",\"url\":\"https:\/\/noticiasemdestaque.com\/cd\/\",\"name\":\"Not&iacute;cias em Destaque\",\"description\":\"\",\"publisher\":{\"@id\":\"https:\/\/noticiasemdestaque.com\/cd\/#organization\"},\"potentialAction\":[{\"@type\":\"SearchAction\",\"target\":{\"@type\":\"EntryPoint\",\"urlTemplate\":\"https:\/\/noticiasemdestaque.com\/cd\/?s={search_term_string}\"},\"query-input\":{\"@type\":\"PropertyValueSpecification\",\"valueRequired\":true,\"valueName\":\"search_term_string\"}}],\"inLanguage\":\"pt-BR\"},{\"@type\":\"Organization\",\"@id\":\"https:\/\/noticiasemdestaque.com\/cd\/#organization\",\"name\":\"Not\u00edcias em Destaque\",\"url\":\"https:\/\/noticiasemdestaque.com\/cd\/\",\"logo\":{\"@type\":\"ImageObject\",\"inLanguage\":\"pt-BR\",\"@id\":\"https:\/\/noticiasemdestaque.com\/cd\/#\/schema\/logo\/image\/\",\"url\":\"https:\/\/noticiasemdestaque.com\/cd\/wp-content\/uploads\/2022\/05\/imagem-base-noticiasemdestaque.png\",\"contentUrl\":\"https:\/\/noticiasemdestaque.com\/cd\/wp-content\/uploads\/2022\/05\/imagem-base-noticiasemdestaque.png\",\"width\":1200,\"height\":630,\"caption\":\"Not\u00edcias em Destaque\"},\"image\":{\"@id\":\"https:\/\/noticiasemdestaque.com\/cd\/#\/schema\/logo\/image\/\"}},{\"@type\":\"Person\",\"@id\":\"https:\/\/noticiasemdestaque.com\/cd\/#\/schema\/person\/21320b03a7e8bb90128938dafc9b908a\",\"name\":\"Not\u00edcias em Destaque\",\"url\":\"https:\/\/noticiasemdestaque.com\/cd\/?author=2\"}]}<\/script>\n<!-- \/ Yoast SEO plugin. -->","yoast_head_json":{"title":"Brasdesco assume folha de pagamento do Estado - Not&iacute;cias em Destaque","robots":{"index":"index","follow":"follow","max-snippet":"max-snippet:-1","max-image-preview":"max-image-preview:large","max-video-preview":"max-video-preview:-1"},"canonical":"https:\/\/noticiasemdestaque.com\/cd\/?p=4770","og_locale":"pt_BR","og_type":"article","og_title":"Brasdesco assume folha de pagamento do Estado - Not&iacute;cias em Destaque","og_description":"O governador Ricardo Coutinho se reuniu, na tarde desta sexta-feira (29), com a equipe da Secretaria de Estado da Administra\u00e7\u00e3o e representantes do banco Bradesco, vencedor da licita\u00e7\u00e3o para gest\u00e3o da folha de pagamento do funcionalismo p\u00fablico estadual. O resultado da concorr\u00eancia foi divulgado na manh\u00e3 desta sexta-feira. De acordo com a secret\u00e1ria de Administra\u00e7\u00e3o, Liv\u00e2nia Farias, a transi\u00e7\u00e3o do Banco do Brasil para o Bradesco ser\u00e1 feita em at\u00e9 60 dias, per\u00edodo em que os servidores realizar\u00e3o um recadastramento para abertura de contas. Ela adiantou que n\u00e3o haver\u00e1 dia espec\u00edfico para isso. \u201cN\u00e3o vai ter nenhum problema para o servidor, n\u00e3o vai ter aumento de taxa, que \u00e9 o grande questionamento dos servidores\u201d, observou. Segundo adiantou, para prestar melhor servi\u00e7o aos servidores estaduais, a institui\u00e7\u00e3o banc\u00e1ria vai abrir mais ag\u00eancias no Estado. \u201cConforme est\u00e1 no edital, o Bradesco vai abrir mais ag\u00eancias, o que vai gerar mais de 500 empregos, sendo 300 diretos e 200 indiretos\u201d, explanou a secret\u00e1ria. Al\u00e9m da equipe da Secretaria de Administra\u00e7\u00e3o, participaram da reuni\u00e3o os diretores do banco Bradesco Francisco Aquilino Pontes e Fernando Ant\u00f4nio Ten\u00f3rio, al\u00e9m do gerente regional da institui\u00e7\u00e3o, Francisco Caetano.","og_url":"https:\/\/noticiasemdestaque.com\/cd\/?p=4770","og_site_name":"Not&iacute;cias em Destaque","article_published_time":"2017-09-30T20:59:15+00:00","og_image":[{"width":547,"height":398,"url":"https:\/\/noticiasemdestaque.com\/cd\/wp-content\/uploads\/2017\/09\/timthumb-12.jpg","type":"image\/jpeg"}],"author":"Not\u00edcias em Destaque","twitter_card":"summary_large_image","twitter_misc":{"Escrito por":"Not\u00edcias em Destaque","Est. tempo de leitura":"1 minuto"},"schema":{"@context":"https:\/\/schema.org","@graph":[{"@type":"Article","@id":"https:\/\/noticiasemdestaque.com\/cd\/?p=4770#article","isPartOf":{"@id":"https:\/\/noticiasemdestaque.com\/cd\/?p=4770"},"author":{"name":"Not\u00edcias em Destaque","@id":"https:\/\/noticiasemdestaque.com\/cd\/#\/schema\/person\/21320b03a7e8bb90128938dafc9b908a"},"headline":"Brasdesco assume folha de pagamento do Estado","datePublished":"2017-09-30T20:59:15+00:00","mainEntityOfPage":{"@id":"https:\/\/noticiasemdestaque.com\/cd\/?p=4770"},"wordCount":219,"publisher":{"@id":"https:\/\/noticiasemdestaque.com\/cd\/#organization"},"image":{"@id":"https:\/\/noticiasemdestaque.com\/cd\/?p=4770#primaryimage"},"thumbnailUrl":"https:\/\/noticiasemdestaque.com\/cd\/wp-content\/uploads\/2017\/09\/timthumb-12.jpg","articleSection":["Economia"],"inLanguage":"pt-BR"},{"@type":"WebPage","@id":"https:\/\/noticiasemdestaque.com\/cd\/?p=4770","url":"https:\/\/noticiasemdestaque.com\/cd\/?p=4770","name":"Brasdesco assume folha de pagamento do Estado - Not&iacute;cias em Destaque","isPartOf":{"@id":"https:\/\/noticiasemdestaque.com\/cd\/#website"},"primaryImageOfPage":{"@id":"https:\/\/noticiasemdestaque.com\/cd\/?p=4770#primaryimage"},"image":{"@id":"https:\/\/noticiasemdestaque.com\/cd\/?p=4770#primaryimage"},"thumbnailUrl":"https:\/\/noticiasemdestaque.com\/cd\/wp-content\/uploads\/2017\/09\/timthumb-12.jpg","datePublished":"2017-09-30T20:59:15+00:00","breadcrumb":{"@id":"https:\/\/noticiasemdestaque.com\/cd\/?p=4770#breadcrumb"},"inLanguage":"pt-BR","potentialAction":[{"@type":"ReadAction","target":["https:\/\/noticiasemdestaque.com\/cd\/?p=4770"]}]},{"@type":"ImageObject","inLanguage":"pt-BR","@id":"https:\/\/noticiasemdestaque.com\/cd\/?p=4770#primaryimage","url":"https:\/\/noticiasemdestaque.com\/cd\/wp-content\/uploads\/2017\/09\/timthumb-12.jpg","contentUrl":"https:\/\/noticiasemdestaque.com\/cd\/wp-content\/uploads\/2017\/09\/timthumb-12.jpg","width":547,"height":398},{"@type":"BreadcrumbList","@id":"https:\/\/noticiasemdestaque.com\/cd\/?p=4770#breadcrumb","itemListElement":[{"@type":"ListItem","position":1,"name":"In\u00edcio","item":"https:\/\/noticiasemdestaque.com\/cd\/"},{"@type":"ListItem","position":2,"name":"Brasdesco assume folha de pagamento do Estado"}]},{"@type":"WebSite","@id":"https:\/\/noticiasemdestaque.com\/cd\/#website","url":"https:\/\/noticiasemdestaque.com\/cd\/","name":"Not&iacute;cias em Destaque","description":"","publisher":{"@id":"https:\/\/noticiasemdestaque.com\/cd\/#organization"},"potentialAction":[{"@type":"SearchAction","target":{"@type":"EntryPoint","urlTemplate":"https:\/\/noticiasemdestaque.com\/cd\/?s={search_term_string}"},"query-input":{"@type":"PropertyValueSpecification","valueRequired":true,"valueName":"search_term_string"}}],"inLanguage":"pt-BR"},{"@type":"Organization","@id":"https:\/\/noticiasemdestaque.com\/cd\/#organization","name":"Not\u00edcias em Destaque","url":"https:\/\/noticiasemdestaque.com\/cd\/","logo":{"@type":"ImageObject","inLanguage":"pt-BR","@id":"https:\/\/noticiasemdestaque.com\/cd\/#\/schema\/logo\/image\/","url":"https:\/\/noticiasemdestaque.com\/cd\/wp-content\/uploads\/2022\/05\/imagem-base-noticiasemdestaque.png","contentUrl":"https:\/\/noticiasemdestaque.com\/cd\/wp-content\/uploads\/2022\/05\/imagem-base-noticiasemdestaque.png","width":1200,"height":630,"caption":"Not\u00edcias em Destaque"},"image":{"@id":"https:\/\/noticiasemdestaque.com\/cd\/#\/schema\/logo\/image\/"}},{"@type":"Person","@id":"https:\/\/noticiasemdestaque.com\/cd\/#\/schema\/person\/21320b03a7e8bb90128938dafc9b908a","name":"Not\u00edcias em Destaque","url":"https:\/\/noticiasemdestaque.com\/cd\/?author=2"}]}},"jetpack_featured_media_url":"https:\/\/noticiasemdestaque.com\/cd\/wp-content\/uploads\/2017\/09\/timthumb-12.jpg","jetpack_sharing_enabled":true,"_links":{"self":[{"href":"https:\/\/noticiasemdestaque.com\/cd\/index.php?rest_route=\/wp\/v2\/posts\/4770","targetHints":{"allow":["GET"]}}],"collection":[{"href":"https:\/\/noticiasemdestaque.com\/cd\/index.php?rest_route=\/wp\/v2\/posts"}],"about":[{"href":"https:\/\/noticiasemdestaque.com\/cd\/index.php?rest_route=\/wp\/v2\/types\/post"}],"author":[{"embeddable":true,"href":"https:\/\/noticiasemdestaque.com\/cd\/index.php?rest_route=\/wp\/v2\/users\/2"}],"replies":[{"embeddable":true,"href":"https:\/\/noticiasemdestaque.com\/cd\/index.php?rest_route=%2Fwp%2Fv2%2Fcomments&post=4770"}],"version-history":[{"count":1,"href":"https:\/\/noticiasemdestaque.com\/cd\/index.php?rest_route=\/wp\/v2\/posts\/4770\/revisions"}],"predecessor-version":[{"id":4772,"href":"https:\/\/noticiasemdestaque.com\/cd\/index.php?rest_route=\/wp\/v2\/posts\/4770\/revisions\/4772"}],"wp:featuredmedia":[{"embeddable":true,"href":"https:\/\/noticiasemdestaque.com\/cd\/index.php?rest_route=\/wp\/v2\/media\/4771"}],"wp:attachment":[{"href":"https:\/\/noticiasemdestaque.com\/cd\/index.php?rest_route=%2Fwp%2Fv2%2Fmedia&parent=4770"}],"wp:term":[{"taxonomy":"category","embeddable":true,"href":"https:\/\/noticiasemdestaque.com\/cd\/index.php?rest_route=%2Fwp%2Fv2%2Fcategories&post=4770"},{"taxonomy":"post_tag","embeddable":true,"href":"https:\/\/noticiasemdestaque.com\/cd\/index.php?rest_route=%2Fwp%2Fv2%2Ftags&post=4770"}],"curies":[{"name":"wp","href":"https:\/\/api.w.org\/{rel}","templated":true}]}}