{"id":4767,"date":"2017-10-01T09:56:50","date_gmt":"2017-10-01T12:56:50","guid":{"rendered":"http:\/\/caririemdestaque.com\/cd\/?p=4767"},"modified":"2017-10-01T10:39:50","modified_gmt":"2017-10-01T13:39:50","slug":"assistencia-social-de-sume-inscreve-para-cursos-do-pronatec","status":"publish","type":"post","link":"https:\/\/noticiasemdestaque.com\/cd\/?p=4767","title":{"rendered":"Assist\u00eancia Social de Sum\u00e9 inscreve para cursos do Pronatec"},"content":{"rendered":"<p><a href=\"http:\/\/caririemdestaque.com\/cd\/wp-content\/uploads\/2017\/09\/pronatec-cursos-2017.jpg\"><img decoding=\"async\" class=\"wp-image-4768 size-medium alignleft\" src=\"http:\/\/caririemdestaque.com\/cd\/wp-content\/uploads\/2017\/09\/pronatec-cursos-2017-300x111.jpg\" alt=\"\" width=\"300\" height=\"111\" srcset=\"https:\/\/noticiasemdestaque.com\/cd\/wp-content\/uploads\/2017\/09\/pronatec-cursos-2017-300x111.jpg 300w, https:\/\/noticiasemdestaque.com\/cd\/wp-content\/uploads\/2017\/09\/pronatec-cursos-2017.jpg 708w\" sizes=\"(max-width: 300px) 100vw, 300px\" \/><\/a>Para quem deseja se capacitar para o mercado de trabalho, a partir de segunda-feira, 02 de outubro, estar\u00e3o abertas as inscri\u00e7\u00f5es para o 3\u00ba Lote do Programa Nacional de Acesso ao Ensino T\u00e9cnico e Emprego (Pronatec) \u2013 modalidade Educa\u00e7\u00e3o \u00e0 Dist\u00e2ncia (EAD). Mais de 70 cursos ser\u00e3o ofertados.<\/p>\n<p>No Munic\u00edpio de Sum\u00e9, as pr\u00e9-matr\u00edculas ser\u00e3o feitas na Secretaria de Assist\u00eancia Social, localizada na Rua Jos\u00e9 Bit\u00fa, 126 \u2013 Alto Alegre, das 08h \u00e0s 14h.<\/p>\n<p>De 2 a 10 de outubro ser\u00e3o feitas as pr\u00e9-matr\u00edculas do p\u00fablico priorit\u00e1rio do MDS, que s\u00e3o os inscritos no Cadastro \u00danico (Cad\u00danico), em especial os benefici\u00e1rios do Programa Bolsa Fam\u00edlia.<\/p>\n<p>De 11 a 13 de outubro, ser\u00e3o feitas as inscri\u00e7\u00f5es do p\u00fablico em geral, aqueles que n\u00e3o participam do Cad\u00danico.<\/p>\n<p>Os candidatos dever\u00e3o comparecer munidos de xerox dos documentos pessoais: RG, CPF, T\u00edtulo de Eleitor, N\u00famero de Inscri\u00e7\u00e3o Social (NIS), foto 3\u00d74 e comprovante de resid\u00eancia.<\/p>\n<p>Os interessados dever\u00e3o possuir computador com acesso \u00e0 internet, tendo em vista que os cursos ser\u00e3o realizados na modalidade Educa\u00e7\u00e3o \u00e0 Dist\u00e2ncia (EAD).<\/p>\n<p>Para mais esclarecimentos, entrar em contato por meio do telefone (83) 3353 \u2013 2131, com o interlocutor dos cursos no munic\u00edpio, Edson Cavalcante<\/p>\n<p><strong>Confira a lista dos cursos que est\u00e3o sendo oferecidos:<\/strong><\/p>\n<ul>\n<li>MONITOR DO USO E CONSERVA\u00c7\u00c3O DOS RECURSOS H\u00cdDRICOS<\/li>\n<li>AGENTE DE LIMPEZA URBANA<\/li>\n<li>ALMOXARIFE DE OBRAS<\/li>\n<li>INSPETOR DE QUALIDADE<\/li>\n<li>GESTOR DE MICROEMPRESA<\/li>\n<li>ASSISTENTE DE LOG\u00cdSTICA<\/li>\n<li>ASSISTENTE DE CONTROLE DE QUALIDADE<\/li>\n<li>AGENTE DE MICROCR\u00c9DITO<\/li>\n<li>MENSAGEIRO<\/li>\n<li>OPERADOR DE CAIXA<\/li>\n<li>PROMOTOR DE VENDAS<\/li>\n<li>RECEPCIONISTA<\/li>\n<li>COMPRADOR<\/li>\n<li>ASSISTENTE DE FATURAMENTO<\/li>\n<li>VENDEDOR<\/li>\n<li>REPRESENTANTE COMERCIAL<\/li>\n<li>ASSISTENTE DE TESOURARIA<\/li>\n<li>ASSISTENTE ADMINISTRATIVO<\/li>\n<li>ASSISTENTE DE CR\u00c9DITO E COBRAN\u00c7A<\/li>\n<li>ALMOXARIFE<\/li>\n<li>ASSISTENTE DE RECURSOS HUMANOS<\/li>\n<li>ASSISTENTE FINANCEIRO<\/li>\n<li>INGL\u00caS B\u00c1SICO<\/li>\n<li>INTRODU\u00c7\u00c3O \u00c0 INTERPRETA\u00c7\u00c3O EM L\u00cdNGUA BRASILEIRA DE SINAIS (LIBRAS)<\/li>\n<li>ESPANHOL B\u00c1SICO<\/li>\n<li>L\u00cdNGUA BRASILEIRA DE SINAIS (LIBRAS) \u2013 B\u00c1SICO<\/li>\n<li>AGENTE COMUNIT\u00c1RIO DE SA\u00daDE<\/li>\n<li>AGENTE DE GEST\u00c3O DE RES\u00cdDUOS S\u00d3LIDOS<\/li>\n<li>AUXILIAR DE FISCALIZA\u00c7\u00c3O AMBIENTAL<\/li>\n<li>OPERADOR DE ATERRO SANIT\u00c1RIO DE RES\u00cdDUOS S\u00d3LIDOS URBANOS<\/li>\n<li>AUXILIAR DE OPERA\u00c7\u00c3O DE ESTA\u00c7\u00c3O DE TRATAMENTO DE \u00c1GUAS<\/li>\n<li>OPERADOR DE TRATAMENTO DE RES\u00cdDUOS S\u00d3LIDOS<\/li>\n<li>AUXILIAR DE LABORAT\u00d3RIO DE SANEAMENTO<\/li>\n<li>PRODUTOR DE CERVEJA<\/li>\n<li>AGENTE DE OBSERVA\u00c7\u00c3O DE SEGURAN\u00c7A<\/li>\n<li>AGENTE DE COMBATE \u00c0S ENDEMIAS<\/li>\n<li>AUXILIAR DE LABORAT\u00d3RIO DE ENTOMOLOGIA M\u00c9DICA<\/li>\n<li>OPERADOR DE MINA<\/li>\n<li>OPERADOR DE COMPUTADOR<\/li>\n<li>AMOSTRADOR DE MIN\u00c9RIOS<\/li>\n<li>LACTARISTA<\/li>\n<li>OPERADOR DE PRODU\u00c7\u00c3O DE F\u00c1RMACOS E MEDICAMENTOS<\/li>\n<li>ASSISTENTE DE SECRETARIA ESCOLAR<\/li>\n<li>AJUDANTE DE OBRAS<\/li>\n<li>RECICLADOR<\/li>\n<li>AUXILIAR DE SA\u00daDE BUCAL<\/li>\n<li>LABORISTA DE SOLOS<\/li>\n<li>AUXILIAR DE LABORAT\u00d3RIO DE SANEAMENTO<\/li>\n<li>OPERADOR DE TRATAMENTO DE RES\u00cdDUOS S\u00d3LIDOS<\/li>\n<li>OPERADOR DE TRATAMENTO DE \u00c1GUAS E EFLUENTES<\/li>\n<li>CADISTA PARA A CONSTRU\u00c7\u00c3O CIVIL<\/li>\n<li>AUXILIAR DE OPERA\u00c7\u00c3O DE ESTA\u00c7\u00c3O DE TRATAMENTO DE \u00c1GUAS<\/li>\n<li>ALMOXARIFE DE OBRAS<\/li>\n<li>HIGIENISTA DE SERVI\u00c7OS DE SA\u00daDE<\/li>\n<li>AGENTE COMUNIT\u00c1RIO DE SA\u00daDE<\/li>\n<li>DESENHISTA DA CONSTRU\u00c7\u00c3O CIVIL<\/li>\n<li>OPERADOR DE ATERRO SANIT\u00c1RIO DE RES\u00cdDUOS S\u00d3LIDOS URBANOS<\/li>\n<li>MONITOR DO USO E CONSERVA\u00c7\u00c3O DOS RECURSOS H\u00cdDRICOS<\/li>\n<li>OPERADOR DE PRODU\u00c7\u00c3O EM UNIDADE DE TRATAMENTO DE RES\u00cdDUOS<\/li>\n<li>AUXILIAR DE FISCALIZA\u00c7\u00c3O AMBIENTAL<\/li>\n<li>AGENTE DE ALIMENTA\u00c7\u00c3O ESCOLAR<\/li>\n<li>RECEPCIONISTA EM SERVI\u00c7OS DE SA\u00daDE<\/li>\n<li>CUIDADOR INFANTIL<\/li>\n<li>CUIDADOR DE IDOSO<\/li>\n<li>BALCONISTA DE FARM\u00c1CIA<\/li>\n<li>AUXILIAR DE BIOTECNOLOGIA<\/li>\n<li>AUXILIAR DE LABORAT\u00d3RIO DE SA\u00daDE<\/li>\n<li>AUXILIAR DE FARM\u00c1CIA DE MANIPULA\u00c7\u00c3O<\/li>\n<li>LABORATORISTA DE MATERIAIS DE CONSTRU\u00c7\u00c3O<\/li>\n<li>LOCUTOR-APRESENTADOR-ANIMADOR<\/li>\n<li>ASSISTENTE DE CONTROLE DE QUALIDADE<\/li>\n<li>OPERADOR DE EXPLOSIVOS EM JAZIDAS<\/li>\n<li>AUXILIAR DE IMOBILIZA\u00c7\u00c3O ORTOP\u00c9DICA<\/li>\n<\/ul>\n<p><em>Com Ascom<\/em><\/p>\n<p>&nbsp;<\/p>\n","protected":false},"excerpt":{"rendered":"<p>Para quem deseja se capacitar para o mercado de trabalho, a partir de segunda-feira, 02 de outubro, estar\u00e3o abertas as inscri\u00e7\u00f5es para o 3\u00ba Lote do Programa Nacional de Acesso ao Ensino T\u00e9cnico e Emprego (Pronatec) \u2013 modalidade Educa\u00e7\u00e3o \u00e0 Dist\u00e2ncia (EAD). Mais de 70 cursos ser\u00e3o ofertados. No Munic\u00edpio de Sum\u00e9, as pr\u00e9-matr\u00edculas ser\u00e3o feitas na Secretaria de Assist\u00eancia Social, localizada na Rua Jos\u00e9 Bit\u00fa, 126 \u2013 Alto Alegre, das 08h \u00e0s 14h. De 2 a 10 de outubro ser\u00e3o feitas as pr\u00e9-matr\u00edculas do p\u00fablico priorit\u00e1rio do MDS, que s\u00e3o os inscritos no Cadastro \u00danico (Cad\u00danico), em especial os benefici\u00e1rios do Programa Bolsa Fam\u00edlia. De 11 a 13 de outubro, ser\u00e3o feitas as inscri\u00e7\u00f5es do p\u00fablico em geral, aqueles que n\u00e3o participam do Cad\u00danico. Os candidatos dever\u00e3o comparecer munidos de xerox dos documentos pessoais: RG, CPF, T\u00edtulo de Eleitor, N\u00famero de Inscri\u00e7\u00e3o Social (NIS), foto 3\u00d74 e comprovante de resid\u00eancia. Os interessados dever\u00e3o possuir computador com acesso \u00e0 internet, tendo em vista que os cursos ser\u00e3o realizados na modalidade Educa\u00e7\u00e3o \u00e0 Dist\u00e2ncia (EAD). Para mais esclarecimentos, entrar em contato por meio do telefone (83) 3353 \u2013 2131, com o interlocutor dos cursos no munic\u00edpio, Edson Cavalcante Confira a lista dos cursos que est\u00e3o sendo oferecidos: MONITOR DO USO E CONSERVA\u00c7\u00c3O DOS RECURSOS H\u00cdDRICOS AGENTE DE LIMPEZA URBANA ALMOXARIFE DE OBRAS INSPETOR DE QUALIDADE GESTOR DE MICROEMPRESA ASSISTENTE DE LOG\u00cdSTICA ASSISTENTE DE CONTROLE DE QUALIDADE AGENTE DE MICROCR\u00c9DITO MENSAGEIRO OPERADOR DE CAIXA PROMOTOR DE VENDAS RECEPCIONISTA COMPRADOR ASSISTENTE DE FATURAMENTO VENDEDOR REPRESENTANTE COMERCIAL ASSISTENTE DE TESOURARIA ASSISTENTE ADMINISTRATIVO ASSISTENTE DE CR\u00c9DITO E COBRAN\u00c7A ALMOXARIFE ASSISTENTE DE RECURSOS HUMANOS ASSISTENTE FINANCEIRO INGL\u00caS B\u00c1SICO INTRODU\u00c7\u00c3O \u00c0 INTERPRETA\u00c7\u00c3O EM L\u00cdNGUA BRASILEIRA DE SINAIS (LIBRAS) ESPANHOL B\u00c1SICO L\u00cdNGUA BRASILEIRA DE SINAIS (LIBRAS) \u2013 B\u00c1SICO AGENTE COMUNIT\u00c1RIO DE SA\u00daDE AGENTE DE GEST\u00c3O DE RES\u00cdDUOS S\u00d3LIDOS AUXILIAR DE FISCALIZA\u00c7\u00c3O AMBIENTAL OPERADOR DE ATERRO SANIT\u00c1RIO DE RES\u00cdDUOS S\u00d3LIDOS URBANOS AUXILIAR DE OPERA\u00c7\u00c3O DE ESTA\u00c7\u00c3O DE TRATAMENTO DE \u00c1GUAS OPERADOR DE TRATAMENTO DE RES\u00cdDUOS S\u00d3LIDOS AUXILIAR DE LABORAT\u00d3RIO DE SANEAMENTO PRODUTOR DE CERVEJA AGENTE DE OBSERVA\u00c7\u00c3O DE SEGURAN\u00c7A AGENTE DE COMBATE \u00c0S ENDEMIAS AUXILIAR DE LABORAT\u00d3RIO DE ENTOMOLOGIA M\u00c9DICA OPERADOR DE MINA OPERADOR DE COMPUTADOR AMOSTRADOR DE MIN\u00c9RIOS LACTARISTA OPERADOR DE PRODU\u00c7\u00c3O DE F\u00c1RMACOS E MEDICAMENTOS ASSISTENTE DE SECRETARIA ESCOLAR AJUDANTE DE OBRAS RECICLADOR AUXILIAR DE SA\u00daDE BUCAL LABORISTA DE SOLOS AUXILIAR DE LABORAT\u00d3RIO DE SANEAMENTO OPERADOR DE TRATAMENTO DE RES\u00cdDUOS S\u00d3LIDOS OPERADOR DE TRATAMENTO DE \u00c1GUAS E EFLUENTES CADISTA PARA A CONSTRU\u00c7\u00c3O CIVIL AUXILIAR DE OPERA\u00c7\u00c3O DE ESTA\u00c7\u00c3O DE TRATAMENTO DE \u00c1GUAS ALMOXARIFE DE OBRAS HIGIENISTA DE SERVI\u00c7OS DE SA\u00daDE AGENTE COMUNIT\u00c1RIO DE SA\u00daDE DESENHISTA DA CONSTRU\u00c7\u00c3O CIVIL OPERADOR DE ATERRO SANIT\u00c1RIO DE RES\u00cdDUOS S\u00d3LIDOS URBANOS MONITOR DO USO E CONSERVA\u00c7\u00c3O DOS RECURSOS H\u00cdDRICOS OPERADOR DE PRODU\u00c7\u00c3O EM UNIDADE DE TRATAMENTO DE RES\u00cdDUOS AUXILIAR DE FISCALIZA\u00c7\u00c3O AMBIENTAL AGENTE DE ALIMENTA\u00c7\u00c3O ESCOLAR RECEPCIONISTA EM SERVI\u00c7OS DE SA\u00daDE CUIDADOR INFANTIL CUIDADOR DE IDOSO BALCONISTA DE FARM\u00c1CIA AUXILIAR DE BIOTECNOLOGIA AUXILIAR DE LABORAT\u00d3RIO DE SA\u00daDE AUXILIAR DE FARM\u00c1CIA DE MANIPULA\u00c7\u00c3O LABORATORISTA DE MATERIAIS DE CONSTRU\u00c7\u00c3O LOCUTOR-APRESENTADOR-ANIMADOR ASSISTENTE DE CONTROLE DE QUALIDADE OPERADOR DE EXPLOSIVOS EM JAZIDAS AUXILIAR DE IMOBILIZA\u00c7\u00c3O ORTOP\u00c9DICA Com Ascom &nbsp;<\/p>\n","protected":false},"author":2,"featured_media":4768,"comment_status":"closed","ping_status":"open","sticky":false,"template":"","format":"standard","meta":{"_eb_attr":"","_jetpack_memberships_contains_paid_content":false,"footnotes":""},"categories":[3],"tags":[],"class_list":["post-4767","post","type-post","status-publish","format-standard","has-post-thumbnail","hentry","category-cidades"],"yoast_head":"<!-- This site is optimized with the Yoast SEO plugin v26.5 - https:\/\/yoast.com\/wordpress\/plugins\/seo\/ -->\n<title>Assist\u00eancia Social de Sum\u00e9 inscreve para cursos do Pronatec - Not&iacute;cias em Destaque<\/title>\n<meta name=\"robots\" content=\"index, follow, max-snippet:-1, max-image-preview:large, max-video-preview:-1\" \/>\n<link rel=\"canonical\" href=\"https:\/\/noticiasemdestaque.com\/cd\/?p=4767\" \/>\n<meta property=\"og:locale\" content=\"pt_BR\" \/>\n<meta property=\"og:type\" content=\"article\" \/>\n<meta property=\"og:title\" content=\"Assist\u00eancia Social de Sum\u00e9 inscreve para cursos do Pronatec - Not&iacute;cias em Destaque\" \/>\n<meta property=\"og:description\" content=\"Para quem deseja se capacitar para o mercado de trabalho, a partir de segunda-feira, 02 de outubro, estar\u00e3o abertas as inscri\u00e7\u00f5es para o 3\u00ba Lote do Programa Nacional de Acesso ao Ensino T\u00e9cnico e Emprego (Pronatec) \u2013 modalidade Educa\u00e7\u00e3o \u00e0 Dist\u00e2ncia (EAD). Mais de 70 cursos ser\u00e3o ofertados. No Munic\u00edpio de Sum\u00e9, as pr\u00e9-matr\u00edculas ser\u00e3o feitas na Secretaria de Assist\u00eancia Social, localizada na Rua Jos\u00e9 Bit\u00fa, 126 \u2013 Alto Alegre, das 08h \u00e0s 14h. De 2 a 10 de outubro ser\u00e3o feitas as pr\u00e9-matr\u00edculas do p\u00fablico priorit\u00e1rio do MDS, que s\u00e3o os inscritos no Cadastro \u00danico (Cad\u00danico), em especial os benefici\u00e1rios do Programa Bolsa Fam\u00edlia. De 11 a 13 de outubro, ser\u00e3o feitas as inscri\u00e7\u00f5es do p\u00fablico em geral, aqueles que n\u00e3o participam do Cad\u00danico. Os candidatos dever\u00e3o comparecer munidos de xerox dos documentos pessoais: RG, CPF, T\u00edtulo de Eleitor, N\u00famero de Inscri\u00e7\u00e3o Social (NIS), foto 3\u00d74 e comprovante de resid\u00eancia. Os interessados dever\u00e3o possuir computador com acesso \u00e0 internet, tendo em vista que os cursos ser\u00e3o realizados na modalidade Educa\u00e7\u00e3o \u00e0 Dist\u00e2ncia (EAD). Para mais esclarecimentos, entrar em contato por meio do telefone (83) 3353 \u2013 2131, com o interlocutor dos cursos no munic\u00edpio, Edson Cavalcante Confira a lista dos cursos que est\u00e3o sendo oferecidos: MONITOR DO USO E CONSERVA\u00c7\u00c3O DOS RECURSOS H\u00cdDRICOS AGENTE DE LIMPEZA URBANA ALMOXARIFE DE OBRAS INSPETOR DE QUALIDADE GESTOR DE MICROEMPRESA ASSISTENTE DE LOG\u00cdSTICA ASSISTENTE DE CONTROLE DE QUALIDADE AGENTE DE MICROCR\u00c9DITO MENSAGEIRO OPERADOR DE CAIXA PROMOTOR DE VENDAS RECEPCIONISTA COMPRADOR ASSISTENTE DE FATURAMENTO VENDEDOR REPRESENTANTE COMERCIAL ASSISTENTE DE TESOURARIA ASSISTENTE ADMINISTRATIVO ASSISTENTE DE CR\u00c9DITO E COBRAN\u00c7A ALMOXARIFE ASSISTENTE DE RECURSOS HUMANOS ASSISTENTE FINANCEIRO INGL\u00caS B\u00c1SICO INTRODU\u00c7\u00c3O \u00c0 INTERPRETA\u00c7\u00c3O EM L\u00cdNGUA BRASILEIRA DE SINAIS (LIBRAS) ESPANHOL B\u00c1SICO L\u00cdNGUA BRASILEIRA DE SINAIS (LIBRAS) \u2013 B\u00c1SICO AGENTE COMUNIT\u00c1RIO DE SA\u00daDE AGENTE DE GEST\u00c3O DE RES\u00cdDUOS S\u00d3LIDOS AUXILIAR DE FISCALIZA\u00c7\u00c3O AMBIENTAL OPERADOR DE ATERRO SANIT\u00c1RIO DE RES\u00cdDUOS S\u00d3LIDOS URBANOS AUXILIAR DE OPERA\u00c7\u00c3O DE ESTA\u00c7\u00c3O DE TRATAMENTO DE \u00c1GUAS OPERADOR DE TRATAMENTO DE RES\u00cdDUOS S\u00d3LIDOS AUXILIAR DE LABORAT\u00d3RIO DE SANEAMENTO PRODUTOR DE CERVEJA AGENTE DE OBSERVA\u00c7\u00c3O DE SEGURAN\u00c7A AGENTE DE COMBATE \u00c0S ENDEMIAS AUXILIAR DE LABORAT\u00d3RIO DE ENTOMOLOGIA M\u00c9DICA OPERADOR DE MINA OPERADOR DE COMPUTADOR AMOSTRADOR DE MIN\u00c9RIOS LACTARISTA OPERADOR DE PRODU\u00c7\u00c3O DE F\u00c1RMACOS E MEDICAMENTOS ASSISTENTE DE SECRETARIA ESCOLAR AJUDANTE DE OBRAS RECICLADOR AUXILIAR DE SA\u00daDE BUCAL LABORISTA DE SOLOS AUXILIAR DE LABORAT\u00d3RIO DE SANEAMENTO OPERADOR DE TRATAMENTO DE RES\u00cdDUOS S\u00d3LIDOS OPERADOR DE TRATAMENTO DE \u00c1GUAS E EFLUENTES CADISTA PARA A CONSTRU\u00c7\u00c3O CIVIL AUXILIAR DE OPERA\u00c7\u00c3O DE ESTA\u00c7\u00c3O DE TRATAMENTO DE \u00c1GUAS ALMOXARIFE DE OBRAS HIGIENISTA DE SERVI\u00c7OS DE SA\u00daDE AGENTE COMUNIT\u00c1RIO DE SA\u00daDE DESENHISTA DA CONSTRU\u00c7\u00c3O CIVIL OPERADOR DE ATERRO SANIT\u00c1RIO DE RES\u00cdDUOS S\u00d3LIDOS URBANOS MONITOR DO USO E CONSERVA\u00c7\u00c3O DOS RECURSOS H\u00cdDRICOS OPERADOR DE PRODU\u00c7\u00c3O EM UNIDADE DE TRATAMENTO DE RES\u00cdDUOS AUXILIAR DE FISCALIZA\u00c7\u00c3O AMBIENTAL AGENTE DE ALIMENTA\u00c7\u00c3O ESCOLAR RECEPCIONISTA EM SERVI\u00c7OS DE SA\u00daDE CUIDADOR INFANTIL CUIDADOR DE IDOSO BALCONISTA DE FARM\u00c1CIA AUXILIAR DE BIOTECNOLOGIA AUXILIAR DE LABORAT\u00d3RIO DE SA\u00daDE AUXILIAR DE FARM\u00c1CIA DE MANIPULA\u00c7\u00c3O LABORATORISTA DE MATERIAIS DE CONSTRU\u00c7\u00c3O LOCUTOR-APRESENTADOR-ANIMADOR ASSISTENTE DE CONTROLE DE QUALIDADE OPERADOR DE EXPLOSIVOS EM JAZIDAS AUXILIAR DE IMOBILIZA\u00c7\u00c3O ORTOP\u00c9DICA Com Ascom &nbsp;\" \/>\n<meta property=\"og:url\" content=\"https:\/\/noticiasemdestaque.com\/cd\/?p=4767\" \/>\n<meta property=\"og:site_name\" content=\"Not&iacute;cias em Destaque\" \/>\n<meta property=\"article:published_time\" content=\"2017-10-01T12:56:50+00:00\" \/>\n<meta property=\"article:modified_time\" content=\"2017-10-01T13:39:50+00:00\" \/>\n<meta property=\"og:image\" content=\"https:\/\/noticiasemdestaque.com\/cd\/wp-content\/uploads\/2017\/09\/pronatec-cursos-2017.jpg\" \/>\n\t<meta property=\"og:image:width\" content=\"708\" \/>\n\t<meta property=\"og:image:height\" content=\"261\" \/>\n\t<meta property=\"og:image:type\" content=\"image\/jpeg\" \/>\n<meta name=\"author\" content=\"Not\u00edcias em Destaque\" \/>\n<meta name=\"twitter:card\" content=\"summary_large_image\" \/>\n<meta name=\"twitter:label1\" content=\"Escrito por\" \/>\n\t<meta name=\"twitter:data1\" content=\"Not\u00edcias em Destaque\" \/>\n\t<meta name=\"twitter:label2\" content=\"Est. tempo de leitura\" \/>\n\t<meta name=\"twitter:data2\" content=\"3 minutos\" \/>\n<script type=\"application\/ld+json\" class=\"yoast-schema-graph\">{\"@context\":\"https:\/\/schema.org\",\"@graph\":[{\"@type\":\"Article\",\"@id\":\"https:\/\/noticiasemdestaque.com\/cd\/?p=4767#article\",\"isPartOf\":{\"@id\":\"https:\/\/noticiasemdestaque.com\/cd\/?p=4767\"},\"author\":{\"name\":\"Not\u00edcias em Destaque\",\"@id\":\"https:\/\/noticiasemdestaque.com\/cd\/#\/schema\/person\/21320b03a7e8bb90128938dafc9b908a\"},\"headline\":\"Assist\u00eancia Social de Sum\u00e9 inscreve para cursos do Pronatec\",\"datePublished\":\"2017-10-01T12:56:50+00:00\",\"dateModified\":\"2017-10-01T13:39:50+00:00\",\"mainEntityOfPage\":{\"@id\":\"https:\/\/noticiasemdestaque.com\/cd\/?p=4767\"},\"wordCount\":605,\"publisher\":{\"@id\":\"https:\/\/noticiasemdestaque.com\/cd\/#organization\"},\"image\":{\"@id\":\"https:\/\/noticiasemdestaque.com\/cd\/?p=4767#primaryimage\"},\"thumbnailUrl\":\"https:\/\/noticiasemdestaque.com\/cd\/wp-content\/uploads\/2017\/09\/pronatec-cursos-2017.jpg\",\"articleSection\":[\"Cidades\"],\"inLanguage\":\"pt-BR\"},{\"@type\":\"WebPage\",\"@id\":\"https:\/\/noticiasemdestaque.com\/cd\/?p=4767\",\"url\":\"https:\/\/noticiasemdestaque.com\/cd\/?p=4767\",\"name\":\"Assist\u00eancia Social de Sum\u00e9 inscreve para cursos do Pronatec - Not&iacute;cias em Destaque\",\"isPartOf\":{\"@id\":\"https:\/\/noticiasemdestaque.com\/cd\/#website\"},\"primaryImageOfPage\":{\"@id\":\"https:\/\/noticiasemdestaque.com\/cd\/?p=4767#primaryimage\"},\"image\":{\"@id\":\"https:\/\/noticiasemdestaque.com\/cd\/?p=4767#primaryimage\"},\"thumbnailUrl\":\"https:\/\/noticiasemdestaque.com\/cd\/wp-content\/uploads\/2017\/09\/pronatec-cursos-2017.jpg\",\"datePublished\":\"2017-10-01T12:56:50+00:00\",\"dateModified\":\"2017-10-01T13:39:50+00:00\",\"breadcrumb\":{\"@id\":\"https:\/\/noticiasemdestaque.com\/cd\/?p=4767#breadcrumb\"},\"inLanguage\":\"pt-BR\",\"potentialAction\":[{\"@type\":\"ReadAction\",\"target\":[\"https:\/\/noticiasemdestaque.com\/cd\/?p=4767\"]}]},{\"@type\":\"ImageObject\",\"inLanguage\":\"pt-BR\",\"@id\":\"https:\/\/noticiasemdestaque.com\/cd\/?p=4767#primaryimage\",\"url\":\"https:\/\/noticiasemdestaque.com\/cd\/wp-content\/uploads\/2017\/09\/pronatec-cursos-2017.jpg\",\"contentUrl\":\"https:\/\/noticiasemdestaque.com\/cd\/wp-content\/uploads\/2017\/09\/pronatec-cursos-2017.jpg\",\"width\":708,\"height\":261},{\"@type\":\"BreadcrumbList\",\"@id\":\"https:\/\/noticiasemdestaque.com\/cd\/?p=4767#breadcrumb\",\"itemListElement\":[{\"@type\":\"ListItem\",\"position\":1,\"name\":\"In\u00edcio\",\"item\":\"https:\/\/noticiasemdestaque.com\/cd\/\"},{\"@type\":\"ListItem\",\"position\":2,\"name\":\"Assist\u00eancia Social de Sum\u00e9 inscreve para cursos do Pronatec\"}]},{\"@type\":\"WebSite\",\"@id\":\"https:\/\/noticiasemdestaque.com\/cd\/#website\",\"url\":\"https:\/\/noticiasemdestaque.com\/cd\/\",\"name\":\"Not&iacute;cias em Destaque\",\"description\":\"\",\"publisher\":{\"@id\":\"https:\/\/noticiasemdestaque.com\/cd\/#organization\"},\"potentialAction\":[{\"@type\":\"SearchAction\",\"target\":{\"@type\":\"EntryPoint\",\"urlTemplate\":\"https:\/\/noticiasemdestaque.com\/cd\/?s={search_term_string}\"},\"query-input\":{\"@type\":\"PropertyValueSpecification\",\"valueRequired\":true,\"valueName\":\"search_term_string\"}}],\"inLanguage\":\"pt-BR\"},{\"@type\":\"Organization\",\"@id\":\"https:\/\/noticiasemdestaque.com\/cd\/#organization\",\"name\":\"Not\u00edcias em Destaque\",\"url\":\"https:\/\/noticiasemdestaque.com\/cd\/\",\"logo\":{\"@type\":\"ImageObject\",\"inLanguage\":\"pt-BR\",\"@id\":\"https:\/\/noticiasemdestaque.com\/cd\/#\/schema\/logo\/image\/\",\"url\":\"https:\/\/noticiasemdestaque.com\/cd\/wp-content\/uploads\/2022\/05\/imagem-base-noticiasemdestaque.png\",\"contentUrl\":\"https:\/\/noticiasemdestaque.com\/cd\/wp-content\/uploads\/2022\/05\/imagem-base-noticiasemdestaque.png\",\"width\":1200,\"height\":630,\"caption\":\"Not\u00edcias em Destaque\"},\"image\":{\"@id\":\"https:\/\/noticiasemdestaque.com\/cd\/#\/schema\/logo\/image\/\"}},{\"@type\":\"Person\",\"@id\":\"https:\/\/noticiasemdestaque.com\/cd\/#\/schema\/person\/21320b03a7e8bb90128938dafc9b908a\",\"name\":\"Not\u00edcias em Destaque\",\"url\":\"https:\/\/noticiasemdestaque.com\/cd\/?author=2\"}]}<\/script>\n<!-- \/ Yoast SEO plugin. -->","yoast_head_json":{"title":"Assist\u00eancia Social de Sum\u00e9 inscreve para cursos do Pronatec - Not&iacute;cias em Destaque","robots":{"index":"index","follow":"follow","max-snippet":"max-snippet:-1","max-image-preview":"max-image-preview:large","max-video-preview":"max-video-preview:-1"},"canonical":"https:\/\/noticiasemdestaque.com\/cd\/?p=4767","og_locale":"pt_BR","og_type":"article","og_title":"Assist\u00eancia Social de Sum\u00e9 inscreve para cursos do Pronatec - Not&iacute;cias em Destaque","og_description":"Para quem deseja se capacitar para o mercado de trabalho, a partir de segunda-feira, 02 de outubro, estar\u00e3o abertas as inscri\u00e7\u00f5es para o 3\u00ba Lote do Programa Nacional de Acesso ao Ensino T\u00e9cnico e Emprego (Pronatec) \u2013 modalidade Educa\u00e7\u00e3o \u00e0 Dist\u00e2ncia (EAD). Mais de 70 cursos ser\u00e3o ofertados. No Munic\u00edpio de Sum\u00e9, as pr\u00e9-matr\u00edculas ser\u00e3o feitas na Secretaria de Assist\u00eancia Social, localizada na Rua Jos\u00e9 Bit\u00fa, 126 \u2013 Alto Alegre, das 08h \u00e0s 14h. De 2 a 10 de outubro ser\u00e3o feitas as pr\u00e9-matr\u00edculas do p\u00fablico priorit\u00e1rio do MDS, que s\u00e3o os inscritos no Cadastro \u00danico (Cad\u00danico), em especial os benefici\u00e1rios do Programa Bolsa Fam\u00edlia. De 11 a 13 de outubro, ser\u00e3o feitas as inscri\u00e7\u00f5es do p\u00fablico em geral, aqueles que n\u00e3o participam do Cad\u00danico. Os candidatos dever\u00e3o comparecer munidos de xerox dos documentos pessoais: RG, CPF, T\u00edtulo de Eleitor, N\u00famero de Inscri\u00e7\u00e3o Social (NIS), foto 3\u00d74 e comprovante de resid\u00eancia. Os interessados dever\u00e3o possuir computador com acesso \u00e0 internet, tendo em vista que os cursos ser\u00e3o realizados na modalidade Educa\u00e7\u00e3o \u00e0 Dist\u00e2ncia (EAD). Para mais esclarecimentos, entrar em contato por meio do telefone (83) 3353 \u2013 2131, com o interlocutor dos cursos no munic\u00edpio, Edson Cavalcante Confira a lista dos cursos que est\u00e3o sendo oferecidos: MONITOR DO USO E CONSERVA\u00c7\u00c3O DOS RECURSOS H\u00cdDRICOS AGENTE DE LIMPEZA URBANA ALMOXARIFE DE OBRAS INSPETOR DE QUALIDADE GESTOR DE MICROEMPRESA ASSISTENTE DE LOG\u00cdSTICA ASSISTENTE DE CONTROLE DE QUALIDADE AGENTE DE MICROCR\u00c9DITO MENSAGEIRO OPERADOR DE CAIXA PROMOTOR DE VENDAS RECEPCIONISTA COMPRADOR ASSISTENTE DE FATURAMENTO VENDEDOR REPRESENTANTE COMERCIAL ASSISTENTE DE TESOURARIA ASSISTENTE ADMINISTRATIVO ASSISTENTE DE CR\u00c9DITO E COBRAN\u00c7A ALMOXARIFE ASSISTENTE DE RECURSOS HUMANOS ASSISTENTE FINANCEIRO INGL\u00caS B\u00c1SICO INTRODU\u00c7\u00c3O \u00c0 INTERPRETA\u00c7\u00c3O EM L\u00cdNGUA BRASILEIRA DE SINAIS (LIBRAS) ESPANHOL B\u00c1SICO L\u00cdNGUA BRASILEIRA DE SINAIS (LIBRAS) \u2013 B\u00c1SICO AGENTE COMUNIT\u00c1RIO DE SA\u00daDE AGENTE DE GEST\u00c3O DE RES\u00cdDUOS S\u00d3LIDOS AUXILIAR DE FISCALIZA\u00c7\u00c3O AMBIENTAL OPERADOR DE ATERRO SANIT\u00c1RIO DE RES\u00cdDUOS S\u00d3LIDOS URBANOS AUXILIAR DE OPERA\u00c7\u00c3O DE ESTA\u00c7\u00c3O DE TRATAMENTO DE \u00c1GUAS OPERADOR DE TRATAMENTO DE RES\u00cdDUOS S\u00d3LIDOS AUXILIAR DE LABORAT\u00d3RIO DE SANEAMENTO PRODUTOR DE CERVEJA AGENTE DE OBSERVA\u00c7\u00c3O DE SEGURAN\u00c7A AGENTE DE COMBATE \u00c0S ENDEMIAS AUXILIAR DE LABORAT\u00d3RIO DE ENTOMOLOGIA M\u00c9DICA OPERADOR DE MINA OPERADOR DE COMPUTADOR AMOSTRADOR DE MIN\u00c9RIOS LACTARISTA OPERADOR DE PRODU\u00c7\u00c3O DE F\u00c1RMACOS E MEDICAMENTOS ASSISTENTE DE SECRETARIA ESCOLAR AJUDANTE DE OBRAS RECICLADOR AUXILIAR DE SA\u00daDE BUCAL LABORISTA DE SOLOS AUXILIAR DE LABORAT\u00d3RIO DE SANEAMENTO OPERADOR DE TRATAMENTO DE RES\u00cdDUOS S\u00d3LIDOS OPERADOR DE TRATAMENTO DE \u00c1GUAS E EFLUENTES CADISTA PARA A CONSTRU\u00c7\u00c3O CIVIL AUXILIAR DE OPERA\u00c7\u00c3O DE ESTA\u00c7\u00c3O DE TRATAMENTO DE \u00c1GUAS ALMOXARIFE DE OBRAS HIGIENISTA DE SERVI\u00c7OS DE SA\u00daDE AGENTE COMUNIT\u00c1RIO DE SA\u00daDE DESENHISTA DA CONSTRU\u00c7\u00c3O CIVIL OPERADOR DE ATERRO SANIT\u00c1RIO DE RES\u00cdDUOS S\u00d3LIDOS URBANOS MONITOR DO USO E CONSERVA\u00c7\u00c3O DOS RECURSOS H\u00cdDRICOS OPERADOR DE PRODU\u00c7\u00c3O EM UNIDADE DE TRATAMENTO DE RES\u00cdDUOS AUXILIAR DE FISCALIZA\u00c7\u00c3O AMBIENTAL AGENTE DE ALIMENTA\u00c7\u00c3O ESCOLAR RECEPCIONISTA EM SERVI\u00c7OS DE SA\u00daDE CUIDADOR INFANTIL CUIDADOR DE IDOSO BALCONISTA DE FARM\u00c1CIA AUXILIAR DE BIOTECNOLOGIA AUXILIAR DE LABORAT\u00d3RIO DE SA\u00daDE AUXILIAR DE FARM\u00c1CIA DE MANIPULA\u00c7\u00c3O LABORATORISTA DE MATERIAIS DE CONSTRU\u00c7\u00c3O LOCUTOR-APRESENTADOR-ANIMADOR ASSISTENTE DE CONTROLE DE QUALIDADE OPERADOR DE EXPLOSIVOS EM JAZIDAS AUXILIAR DE IMOBILIZA\u00c7\u00c3O ORTOP\u00c9DICA Com Ascom &nbsp;","og_url":"https:\/\/noticiasemdestaque.com\/cd\/?p=4767","og_site_name":"Not&iacute;cias em Destaque","article_published_time":"2017-10-01T12:56:50+00:00","article_modified_time":"2017-10-01T13:39:50+00:00","og_image":[{"width":708,"height":261,"url":"https:\/\/noticiasemdestaque.com\/cd\/wp-content\/uploads\/2017\/09\/pronatec-cursos-2017.jpg","type":"image\/jpeg"}],"author":"Not\u00edcias em Destaque","twitter_card":"summary_large_image","twitter_misc":{"Escrito por":"Not\u00edcias em Destaque","Est. tempo de leitura":"3 minutos"},"schema":{"@context":"https:\/\/schema.org","@graph":[{"@type":"Article","@id":"https:\/\/noticiasemdestaque.com\/cd\/?p=4767#article","isPartOf":{"@id":"https:\/\/noticiasemdestaque.com\/cd\/?p=4767"},"author":{"name":"Not\u00edcias em Destaque","@id":"https:\/\/noticiasemdestaque.com\/cd\/#\/schema\/person\/21320b03a7e8bb90128938dafc9b908a"},"headline":"Assist\u00eancia Social de Sum\u00e9 inscreve para cursos do Pronatec","datePublished":"2017-10-01T12:56:50+00:00","dateModified":"2017-10-01T13:39:50+00:00","mainEntityOfPage":{"@id":"https:\/\/noticiasemdestaque.com\/cd\/?p=4767"},"wordCount":605,"publisher":{"@id":"https:\/\/noticiasemdestaque.com\/cd\/#organization"},"image":{"@id":"https:\/\/noticiasemdestaque.com\/cd\/?p=4767#primaryimage"},"thumbnailUrl":"https:\/\/noticiasemdestaque.com\/cd\/wp-content\/uploads\/2017\/09\/pronatec-cursos-2017.jpg","articleSection":["Cidades"],"inLanguage":"pt-BR"},{"@type":"WebPage","@id":"https:\/\/noticiasemdestaque.com\/cd\/?p=4767","url":"https:\/\/noticiasemdestaque.com\/cd\/?p=4767","name":"Assist\u00eancia Social de Sum\u00e9 inscreve para cursos do Pronatec - Not&iacute;cias em Destaque","isPartOf":{"@id":"https:\/\/noticiasemdestaque.com\/cd\/#website"},"primaryImageOfPage":{"@id":"https:\/\/noticiasemdestaque.com\/cd\/?p=4767#primaryimage"},"image":{"@id":"https:\/\/noticiasemdestaque.com\/cd\/?p=4767#primaryimage"},"thumbnailUrl":"https:\/\/noticiasemdestaque.com\/cd\/wp-content\/uploads\/2017\/09\/pronatec-cursos-2017.jpg","datePublished":"2017-10-01T12:56:50+00:00","dateModified":"2017-10-01T13:39:50+00:00","breadcrumb":{"@id":"https:\/\/noticiasemdestaque.com\/cd\/?p=4767#breadcrumb"},"inLanguage":"pt-BR","potentialAction":[{"@type":"ReadAction","target":["https:\/\/noticiasemdestaque.com\/cd\/?p=4767"]}]},{"@type":"ImageObject","inLanguage":"pt-BR","@id":"https:\/\/noticiasemdestaque.com\/cd\/?p=4767#primaryimage","url":"https:\/\/noticiasemdestaque.com\/cd\/wp-content\/uploads\/2017\/09\/pronatec-cursos-2017.jpg","contentUrl":"https:\/\/noticiasemdestaque.com\/cd\/wp-content\/uploads\/2017\/09\/pronatec-cursos-2017.jpg","width":708,"height":261},{"@type":"BreadcrumbList","@id":"https:\/\/noticiasemdestaque.com\/cd\/?p=4767#breadcrumb","itemListElement":[{"@type":"ListItem","position":1,"name":"In\u00edcio","item":"https:\/\/noticiasemdestaque.com\/cd\/"},{"@type":"ListItem","position":2,"name":"Assist\u00eancia Social de Sum\u00e9 inscreve para cursos do Pronatec"}]},{"@type":"WebSite","@id":"https:\/\/noticiasemdestaque.com\/cd\/#website","url":"https:\/\/noticiasemdestaque.com\/cd\/","name":"Not&iacute;cias em Destaque","description":"","publisher":{"@id":"https:\/\/noticiasemdestaque.com\/cd\/#organization"},"potentialAction":[{"@type":"SearchAction","target":{"@type":"EntryPoint","urlTemplate":"https:\/\/noticiasemdestaque.com\/cd\/?s={search_term_string}"},"query-input":{"@type":"PropertyValueSpecification","valueRequired":true,"valueName":"search_term_string"}}],"inLanguage":"pt-BR"},{"@type":"Organization","@id":"https:\/\/noticiasemdestaque.com\/cd\/#organization","name":"Not\u00edcias em Destaque","url":"https:\/\/noticiasemdestaque.com\/cd\/","logo":{"@type":"ImageObject","inLanguage":"pt-BR","@id":"https:\/\/noticiasemdestaque.com\/cd\/#\/schema\/logo\/image\/","url":"https:\/\/noticiasemdestaque.com\/cd\/wp-content\/uploads\/2022\/05\/imagem-base-noticiasemdestaque.png","contentUrl":"https:\/\/noticiasemdestaque.com\/cd\/wp-content\/uploads\/2022\/05\/imagem-base-noticiasemdestaque.png","width":1200,"height":630,"caption":"Not\u00edcias em Destaque"},"image":{"@id":"https:\/\/noticiasemdestaque.com\/cd\/#\/schema\/logo\/image\/"}},{"@type":"Person","@id":"https:\/\/noticiasemdestaque.com\/cd\/#\/schema\/person\/21320b03a7e8bb90128938dafc9b908a","name":"Not\u00edcias em Destaque","url":"https:\/\/noticiasemdestaque.com\/cd\/?author=2"}]}},"jetpack_featured_media_url":"https:\/\/noticiasemdestaque.com\/cd\/wp-content\/uploads\/2017\/09\/pronatec-cursos-2017.jpg","jetpack_sharing_enabled":true,"_links":{"self":[{"href":"https:\/\/noticiasemdestaque.com\/cd\/index.php?rest_route=\/wp\/v2\/posts\/4767","targetHints":{"allow":["GET"]}}],"collection":[{"href":"https:\/\/noticiasemdestaque.com\/cd\/index.php?rest_route=\/wp\/v2\/posts"}],"about":[{"href":"https:\/\/noticiasemdestaque.com\/cd\/index.php?rest_route=\/wp\/v2\/types\/post"}],"author":[{"embeddable":true,"href":"https:\/\/noticiasemdestaque.com\/cd\/index.php?rest_route=\/wp\/v2\/users\/2"}],"replies":[{"embeddable":true,"href":"https:\/\/noticiasemdestaque.com\/cd\/index.php?rest_route=%2Fwp%2Fv2%2Fcomments&post=4767"}],"version-history":[{"count":1,"href":"https:\/\/noticiasemdestaque.com\/cd\/index.php?rest_route=\/wp\/v2\/posts\/4767\/revisions"}],"predecessor-version":[{"id":4769,"href":"https:\/\/noticiasemdestaque.com\/cd\/index.php?rest_route=\/wp\/v2\/posts\/4767\/revisions\/4769"}],"wp:featuredmedia":[{"embeddable":true,"href":"https:\/\/noticiasemdestaque.com\/cd\/index.php?rest_route=\/wp\/v2\/media\/4768"}],"wp:attachment":[{"href":"https:\/\/noticiasemdestaque.com\/cd\/index.php?rest_route=%2Fwp%2Fv2%2Fmedia&parent=4767"}],"wp:term":[{"taxonomy":"category","embeddable":true,"href":"https:\/\/noticiasemdestaque.com\/cd\/index.php?rest_route=%2Fwp%2Fv2%2Fcategories&post=4767"},{"taxonomy":"post_tag","embeddable":true,"href":"https:\/\/noticiasemdestaque.com\/cd\/index.php?rest_route=%2Fwp%2Fv2%2Ftags&post=4767"}],"curies":[{"name":"wp","href":"https:\/\/api.w.org\/{rel}","templated":true}]}}