{"id":476,"date":"2017-06-13T14:00:02","date_gmt":"2017-06-13T17:00:02","guid":{"rendered":"http:\/\/caririemdestaque.com\/cd\/?p=476"},"modified":"2017-06-13T14:16:15","modified_gmt":"2017-06-13T17:16:15","slug":"prefeito-de-sao-jose-dos-cordeiros-implanta-o-pccr-dos-professores-efetivos","status":"publish","type":"post","link":"https:\/\/noticiasemdestaque.com\/cd\/?p=476","title":{"rendered":"Prefeito de S\u00e3o Jos\u00e9 dos Cordeiros implanta o PCCR dos professores efetivos"},"content":{"rendered":"<p><a href=\"http:\/\/caririemdestaque.com\/cd\/wp-content\/uploads\/2017\/06\/646cc773-5ab9-41db-b37f-c62d8faa548f-20-300x236.jpg\"><img fetchpriority=\"high\" decoding=\"async\" class=\"size-medium wp-image-477 alignleft\" src=\"http:\/\/caririemdestaque.com\/cd\/wp-content\/uploads\/2017\/06\/646cc773-5ab9-41db-b37f-c62d8faa548f-20-300x236-300x236.jpg\" alt=\"\" width=\"300\" height=\"236\" \/><\/a><\/p>\n<p>O prefeito de S\u00e3o Jos\u00e9 dos Cordeiros, Jefferson Roberto, anunciou uma boa not\u00edcia para os professores de sua rede municipal. Cumprindo um compromisso com a classe dos educadores, o gestor reajustou o sal\u00e1rio dos professores contratados e come\u00e7ar\u00e1 neste m\u00eas de junho a pagar o Plano de Cargos, Carreira e Remunera\u00e7\u00e3o dos efetivos lotados na Secretaria de Educa\u00e7\u00e3o.<\/p>\n<p>Segundo o prefeito Jefferson Roberto, os professores contratados receberam j\u00e1 na folha de maio um aumento de 18,5%, adequando o sal\u00e1rio a 20 horas dentro do valor estabelecido pelo Piso Nacional dos Professores.<\/p>\n<p>O aumento ser\u00e1 extensivo a partir de junho aos professores efetivos do munic\u00edpio, que agora ter\u00e3o o Plano de Cargos, Carreira e Remunera\u00e7\u00e3o, recentemente constru\u00eddo pela pr\u00f3pria categoria e aprovado pela C\u00e2mara de Vereadores, cumprido pela gest\u00e3o municipal. Os professores ter\u00e3o um aumento equivalente \u00e0 classe em que est\u00e3o inseridos e o menor reajuste ser\u00e1 o dos educadores apenas com gradua\u00e7\u00e3o, cujo aumento ser\u00e1 de 10%.<\/p>\n<p>Segundo a secret\u00e1ria Fl\u00e1via Dowsley, o aumento ser\u00e1 dado tamb\u00e9m aos supervisores (10%) e aos servidores da Secretaria de Educa\u00e7\u00e3o (20%). Para ela, o pagamento atende a um pleito de toda a classe dos educadores e faz parte do plano de investimento na educa\u00e7\u00e3o implantado desde a gest\u00e3o do prefeito Fernando e que tem trazido grandes resultados.<\/p>\n<p>Para Jefferson: \u201cInvestir nas pessoas ser\u00e1 o principal objetivo de meu governo. O munic\u00edpio de S\u00e3o Jos\u00e9 dos Cordeiros vem numa crescente desde a gest\u00e3o passada e depois de tantas obras de cal e cimento constru\u00eddas, caber\u00e1 historicamente a mim investir nos educadores, nos servidores, nos jovens, nas crian\u00e7as e nos idosos, fazendo com que a cidade cres\u00e7a em todos os n\u00edveis, desde a sua infra-estrutura at\u00e9 principalmente a autoestima do nosso povo\u201d.<\/p>\n","protected":false},"excerpt":{"rendered":"<p>O prefeito de S\u00e3o Jos\u00e9 dos Cordeiros, Jefferson Roberto, anunciou uma boa not\u00edcia para os professores de sua rede municipal. Cumprindo um compromisso com a classe dos educadores, o gestor reajustou o sal\u00e1rio dos professores contratados e come\u00e7ar\u00e1 neste m\u00eas de junho a pagar o Plano de Cargos, Carreira e Remunera\u00e7\u00e3o dos efetivos lotados na Secretaria de Educa\u00e7\u00e3o. Segundo o prefeito Jefferson Roberto, os professores contratados receberam j\u00e1 na folha de maio um aumento de 18,5%, adequando o sal\u00e1rio a 20 horas dentro do valor estabelecido pelo Piso Nacional dos Professores. O aumento ser\u00e1 extensivo a partir de junho aos professores efetivos do munic\u00edpio, que agora ter\u00e3o o Plano de Cargos, Carreira e Remunera\u00e7\u00e3o, recentemente constru\u00eddo pela pr\u00f3pria categoria e aprovado pela C\u00e2mara de Vereadores, cumprido pela gest\u00e3o municipal. Os professores ter\u00e3o um aumento equivalente \u00e0 classe em que est\u00e3o inseridos e o menor reajuste ser\u00e1 o dos educadores apenas com gradua\u00e7\u00e3o, cujo aumento ser\u00e1 de 10%. Segundo a secret\u00e1ria Fl\u00e1via Dowsley, o aumento ser\u00e1 dado tamb\u00e9m aos supervisores (10%) e aos servidores da Secretaria de Educa\u00e7\u00e3o (20%). Para ela, o pagamento atende a um pleito de toda a classe dos educadores e faz parte do plano de investimento na educa\u00e7\u00e3o implantado desde a gest\u00e3o do prefeito Fernando e que tem trazido grandes resultados. Para Jefferson: \u201cInvestir nas pessoas ser\u00e1 o principal objetivo de meu governo. O munic\u00edpio de S\u00e3o Jos\u00e9 dos Cordeiros vem numa crescente desde a gest\u00e3o passada e depois de tantas obras de cal e cimento constru\u00eddas, caber\u00e1 historicamente a mim investir nos educadores, nos servidores, nos jovens, nas crian\u00e7as e nos idosos, fazendo com que a cidade cres\u00e7a em todos os n\u00edveis, desde a sua infra-estrutura at\u00e9 principalmente a autoestima do nosso povo\u201d.<\/p>\n","protected":false},"author":2,"featured_media":477,"comment_status":"closed","ping_status":"open","sticky":false,"template":"","format":"standard","meta":{"_eb_attr":"","_jetpack_memberships_contains_paid_content":false,"footnotes":""},"categories":[3],"tags":[],"class_list":["post-476","post","type-post","status-publish","format-standard","has-post-thumbnail","hentry","category-cidades"],"yoast_head":"<!-- This site is optimized with the Yoast SEO plugin v26.5 - https:\/\/yoast.com\/wordpress\/plugins\/seo\/ -->\n<title>Prefeito de S\u00e3o Jos\u00e9 dos Cordeiros implanta o PCCR dos professores efetivos - Not&iacute;cias em Destaque<\/title>\n<meta name=\"robots\" content=\"index, follow, max-snippet:-1, max-image-preview:large, max-video-preview:-1\" \/>\n<link rel=\"canonical\" href=\"https:\/\/noticiasemdestaque.com\/cd\/?p=476\" \/>\n<meta property=\"og:locale\" content=\"pt_BR\" \/>\n<meta property=\"og:type\" content=\"article\" \/>\n<meta property=\"og:title\" content=\"Prefeito de S\u00e3o Jos\u00e9 dos Cordeiros implanta o PCCR dos professores efetivos - Not&iacute;cias em Destaque\" \/>\n<meta property=\"og:description\" content=\"O prefeito de S\u00e3o Jos\u00e9 dos Cordeiros, Jefferson Roberto, anunciou uma boa not\u00edcia para os professores de sua rede municipal. Cumprindo um compromisso com a classe dos educadores, o gestor reajustou o sal\u00e1rio dos professores contratados e come\u00e7ar\u00e1 neste m\u00eas de junho a pagar o Plano de Cargos, Carreira e Remunera\u00e7\u00e3o dos efetivos lotados na Secretaria de Educa\u00e7\u00e3o. Segundo o prefeito Jefferson Roberto, os professores contratados receberam j\u00e1 na folha de maio um aumento de 18,5%, adequando o sal\u00e1rio a 20 horas dentro do valor estabelecido pelo Piso Nacional dos Professores. O aumento ser\u00e1 extensivo a partir de junho aos professores efetivos do munic\u00edpio, que agora ter\u00e3o o Plano de Cargos, Carreira e Remunera\u00e7\u00e3o, recentemente constru\u00eddo pela pr\u00f3pria categoria e aprovado pela C\u00e2mara de Vereadores, cumprido pela gest\u00e3o municipal. Os professores ter\u00e3o um aumento equivalente \u00e0 classe em que est\u00e3o inseridos e o menor reajuste ser\u00e1 o dos educadores apenas com gradua\u00e7\u00e3o, cujo aumento ser\u00e1 de 10%. Segundo a secret\u00e1ria Fl\u00e1via Dowsley, o aumento ser\u00e1 dado tamb\u00e9m aos supervisores (10%) e aos servidores da Secretaria de Educa\u00e7\u00e3o (20%). Para ela, o pagamento atende a um pleito de toda a classe dos educadores e faz parte do plano de investimento na educa\u00e7\u00e3o implantado desde a gest\u00e3o do prefeito Fernando e que tem trazido grandes resultados. Para Jefferson: \u201cInvestir nas pessoas ser\u00e1 o principal objetivo de meu governo. O munic\u00edpio de S\u00e3o Jos\u00e9 dos Cordeiros vem numa crescente desde a gest\u00e3o passada e depois de tantas obras de cal e cimento constru\u00eddas, caber\u00e1 historicamente a mim investir nos educadores, nos servidores, nos jovens, nas crian\u00e7as e nos idosos, fazendo com que a cidade cres\u00e7a em todos os n\u00edveis, desde a sua infra-estrutura at\u00e9 principalmente a autoestima do nosso povo\u201d.\" \/>\n<meta property=\"og:url\" content=\"https:\/\/noticiasemdestaque.com\/cd\/?p=476\" \/>\n<meta property=\"og:site_name\" content=\"Not&iacute;cias em Destaque\" \/>\n<meta property=\"article:published_time\" content=\"2017-06-13T17:00:02+00:00\" \/>\n<meta property=\"article:modified_time\" content=\"2017-06-13T17:16:15+00:00\" \/>\n<meta property=\"og:image\" content=\"https:\/\/noticiasemdestaque.com\/cd\/wp-content\/uploads\/2017\/06\/646cc773-5ab9-41db-b37f-c62d8faa548f-20-300x236.jpg\" \/>\n\t<meta property=\"og:image:width\" content=\"300\" \/>\n\t<meta property=\"og:image:height\" content=\"236\" \/>\n\t<meta property=\"og:image:type\" content=\"image\/jpeg\" \/>\n<meta name=\"author\" content=\"Not\u00edcias em Destaque\" \/>\n<meta name=\"twitter:card\" content=\"summary_large_image\" \/>\n<meta name=\"twitter:label1\" content=\"Escrito por\" \/>\n\t<meta name=\"twitter:data1\" content=\"Not\u00edcias em Destaque\" \/>\n\t<meta name=\"twitter:label2\" content=\"Est. tempo de leitura\" \/>\n\t<meta name=\"twitter:data2\" content=\"2 minutos\" \/>\n<script type=\"application\/ld+json\" class=\"yoast-schema-graph\">{\"@context\":\"https:\/\/schema.org\",\"@graph\":[{\"@type\":\"Article\",\"@id\":\"https:\/\/noticiasemdestaque.com\/cd\/?p=476#article\",\"isPartOf\":{\"@id\":\"https:\/\/noticiasemdestaque.com\/cd\/?p=476\"},\"author\":{\"name\":\"Not\u00edcias em Destaque\",\"@id\":\"https:\/\/noticiasemdestaque.com\/cd\/#\/schema\/person\/47f7d4f55eec17c6b2ca036c5500f6ce\"},\"headline\":\"Prefeito de S\u00e3o Jos\u00e9 dos Cordeiros implanta o PCCR dos professores efetivos\",\"datePublished\":\"2017-06-13T17:00:02+00:00\",\"dateModified\":\"2017-06-13T17:16:15+00:00\",\"mainEntityOfPage\":{\"@id\":\"https:\/\/noticiasemdestaque.com\/cd\/?p=476\"},\"wordCount\":325,\"publisher\":{\"@id\":\"https:\/\/noticiasemdestaque.com\/cd\/#organization\"},\"image\":{\"@id\":\"https:\/\/noticiasemdestaque.com\/cd\/?p=476#primaryimage\"},\"thumbnailUrl\":\"https:\/\/noticiasemdestaque.com\/cd\/wp-content\/uploads\/2017\/06\/646cc773-5ab9-41db-b37f-c62d8faa548f-20-300x236.jpg\",\"articleSection\":[\"Cidades\"],\"inLanguage\":\"pt-BR\"},{\"@type\":\"WebPage\",\"@id\":\"https:\/\/noticiasemdestaque.com\/cd\/?p=476\",\"url\":\"https:\/\/noticiasemdestaque.com\/cd\/?p=476\",\"name\":\"Prefeito de S\u00e3o Jos\u00e9 dos Cordeiros implanta o PCCR dos professores efetivos - Not&iacute;cias em Destaque\",\"isPartOf\":{\"@id\":\"https:\/\/noticiasemdestaque.com\/cd\/#website\"},\"primaryImageOfPage\":{\"@id\":\"https:\/\/noticiasemdestaque.com\/cd\/?p=476#primaryimage\"},\"image\":{\"@id\":\"https:\/\/noticiasemdestaque.com\/cd\/?p=476#primaryimage\"},\"thumbnailUrl\":\"https:\/\/noticiasemdestaque.com\/cd\/wp-content\/uploads\/2017\/06\/646cc773-5ab9-41db-b37f-c62d8faa548f-20-300x236.jpg\",\"datePublished\":\"2017-06-13T17:00:02+00:00\",\"dateModified\":\"2017-06-13T17:16:15+00:00\",\"breadcrumb\":{\"@id\":\"https:\/\/noticiasemdestaque.com\/cd\/?p=476#breadcrumb\"},\"inLanguage\":\"pt-BR\",\"potentialAction\":[{\"@type\":\"ReadAction\",\"target\":[\"https:\/\/noticiasemdestaque.com\/cd\/?p=476\"]}]},{\"@type\":\"ImageObject\",\"inLanguage\":\"pt-BR\",\"@id\":\"https:\/\/noticiasemdestaque.com\/cd\/?p=476#primaryimage\",\"url\":\"https:\/\/noticiasemdestaque.com\/cd\/wp-content\/uploads\/2017\/06\/646cc773-5ab9-41db-b37f-c62d8faa548f-20-300x236.jpg\",\"contentUrl\":\"https:\/\/noticiasemdestaque.com\/cd\/wp-content\/uploads\/2017\/06\/646cc773-5ab9-41db-b37f-c62d8faa548f-20-300x236.jpg\",\"width\":300,\"height\":236},{\"@type\":\"BreadcrumbList\",\"@id\":\"https:\/\/noticiasemdestaque.com\/cd\/?p=476#breadcrumb\",\"itemListElement\":[{\"@type\":\"ListItem\",\"position\":1,\"name\":\"In\u00edcio\",\"item\":\"https:\/\/noticiasemdestaque.com\/cd\/\"},{\"@type\":\"ListItem\",\"position\":2,\"name\":\"Prefeito de S\u00e3o Jos\u00e9 dos Cordeiros implanta o PCCR dos professores efetivos\"}]},{\"@type\":\"WebSite\",\"@id\":\"https:\/\/noticiasemdestaque.com\/cd\/#website\",\"url\":\"https:\/\/noticiasemdestaque.com\/cd\/\",\"name\":\"Not&iacute;cias em Destaque\",\"description\":\"\",\"publisher\":{\"@id\":\"https:\/\/noticiasemdestaque.com\/cd\/#organization\"},\"potentialAction\":[{\"@type\":\"SearchAction\",\"target\":{\"@type\":\"EntryPoint\",\"urlTemplate\":\"https:\/\/noticiasemdestaque.com\/cd\/?s={search_term_string}\"},\"query-input\":{\"@type\":\"PropertyValueSpecification\",\"valueRequired\":true,\"valueName\":\"search_term_string\"}}],\"inLanguage\":\"pt-BR\"},{\"@type\":\"Organization\",\"@id\":\"https:\/\/noticiasemdestaque.com\/cd\/#organization\",\"name\":\"Not\u00edcias em Destaque\",\"url\":\"https:\/\/noticiasemdestaque.com\/cd\/\",\"logo\":{\"@type\":\"ImageObject\",\"inLanguage\":\"pt-BR\",\"@id\":\"https:\/\/noticiasemdestaque.com\/cd\/#\/schema\/logo\/image\/\",\"url\":\"https:\/\/noticiasemdestaque.com\/cd\/wp-content\/uploads\/2022\/05\/imagem-base-noticiasemdestaque.png\",\"contentUrl\":\"https:\/\/noticiasemdestaque.com\/cd\/wp-content\/uploads\/2022\/05\/imagem-base-noticiasemdestaque.png\",\"width\":1200,\"height\":630,\"caption\":\"Not\u00edcias em Destaque\"},\"image\":{\"@id\":\"https:\/\/noticiasemdestaque.com\/cd\/#\/schema\/logo\/image\/\"}},{\"@type\":\"Person\",\"@id\":\"https:\/\/noticiasemdestaque.com\/cd\/#\/schema\/person\/47f7d4f55eec17c6b2ca036c5500f6ce\",\"name\":\"Not\u00edcias em Destaque\",\"url\":\"https:\/\/noticiasemdestaque.com\/cd\/?author=2\"}]}<\/script>\n<!-- \/ Yoast SEO plugin. -->","yoast_head_json":{"title":"Prefeito de S\u00e3o Jos\u00e9 dos Cordeiros implanta o PCCR dos professores efetivos - Not&iacute;cias em Destaque","robots":{"index":"index","follow":"follow","max-snippet":"max-snippet:-1","max-image-preview":"max-image-preview:large","max-video-preview":"max-video-preview:-1"},"canonical":"https:\/\/noticiasemdestaque.com\/cd\/?p=476","og_locale":"pt_BR","og_type":"article","og_title":"Prefeito de S\u00e3o Jos\u00e9 dos Cordeiros implanta o PCCR dos professores efetivos - Not&iacute;cias em Destaque","og_description":"O prefeito de S\u00e3o Jos\u00e9 dos Cordeiros, Jefferson Roberto, anunciou uma boa not\u00edcia para os professores de sua rede municipal. Cumprindo um compromisso com a classe dos educadores, o gestor reajustou o sal\u00e1rio dos professores contratados e come\u00e7ar\u00e1 neste m\u00eas de junho a pagar o Plano de Cargos, Carreira e Remunera\u00e7\u00e3o dos efetivos lotados na Secretaria de Educa\u00e7\u00e3o. Segundo o prefeito Jefferson Roberto, os professores contratados receberam j\u00e1 na folha de maio um aumento de 18,5%, adequando o sal\u00e1rio a 20 horas dentro do valor estabelecido pelo Piso Nacional dos Professores. O aumento ser\u00e1 extensivo a partir de junho aos professores efetivos do munic\u00edpio, que agora ter\u00e3o o Plano de Cargos, Carreira e Remunera\u00e7\u00e3o, recentemente constru\u00eddo pela pr\u00f3pria categoria e aprovado pela C\u00e2mara de Vereadores, cumprido pela gest\u00e3o municipal. Os professores ter\u00e3o um aumento equivalente \u00e0 classe em que est\u00e3o inseridos e o menor reajuste ser\u00e1 o dos educadores apenas com gradua\u00e7\u00e3o, cujo aumento ser\u00e1 de 10%. Segundo a secret\u00e1ria Fl\u00e1via Dowsley, o aumento ser\u00e1 dado tamb\u00e9m aos supervisores (10%) e aos servidores da Secretaria de Educa\u00e7\u00e3o (20%). Para ela, o pagamento atende a um pleito de toda a classe dos educadores e faz parte do plano de investimento na educa\u00e7\u00e3o implantado desde a gest\u00e3o do prefeito Fernando e que tem trazido grandes resultados. Para Jefferson: \u201cInvestir nas pessoas ser\u00e1 o principal objetivo de meu governo. O munic\u00edpio de S\u00e3o Jos\u00e9 dos Cordeiros vem numa crescente desde a gest\u00e3o passada e depois de tantas obras de cal e cimento constru\u00eddas, caber\u00e1 historicamente a mim investir nos educadores, nos servidores, nos jovens, nas crian\u00e7as e nos idosos, fazendo com que a cidade cres\u00e7a em todos os n\u00edveis, desde a sua infra-estrutura at\u00e9 principalmente a autoestima do nosso povo\u201d.","og_url":"https:\/\/noticiasemdestaque.com\/cd\/?p=476","og_site_name":"Not&iacute;cias em Destaque","article_published_time":"2017-06-13T17:00:02+00:00","article_modified_time":"2017-06-13T17:16:15+00:00","og_image":[{"width":300,"height":236,"url":"https:\/\/noticiasemdestaque.com\/cd\/wp-content\/uploads\/2017\/06\/646cc773-5ab9-41db-b37f-c62d8faa548f-20-300x236.jpg","type":"image\/jpeg"}],"author":"Not\u00edcias em Destaque","twitter_card":"summary_large_image","twitter_misc":{"Escrito por":"Not\u00edcias em Destaque","Est. tempo de leitura":"2 minutos"},"schema":{"@context":"https:\/\/schema.org","@graph":[{"@type":"Article","@id":"https:\/\/noticiasemdestaque.com\/cd\/?p=476#article","isPartOf":{"@id":"https:\/\/noticiasemdestaque.com\/cd\/?p=476"},"author":{"name":"Not\u00edcias em Destaque","@id":"https:\/\/noticiasemdestaque.com\/cd\/#\/schema\/person\/47f7d4f55eec17c6b2ca036c5500f6ce"},"headline":"Prefeito de S\u00e3o Jos\u00e9 dos Cordeiros implanta o PCCR dos professores efetivos","datePublished":"2017-06-13T17:00:02+00:00","dateModified":"2017-06-13T17:16:15+00:00","mainEntityOfPage":{"@id":"https:\/\/noticiasemdestaque.com\/cd\/?p=476"},"wordCount":325,"publisher":{"@id":"https:\/\/noticiasemdestaque.com\/cd\/#organization"},"image":{"@id":"https:\/\/noticiasemdestaque.com\/cd\/?p=476#primaryimage"},"thumbnailUrl":"https:\/\/noticiasemdestaque.com\/cd\/wp-content\/uploads\/2017\/06\/646cc773-5ab9-41db-b37f-c62d8faa548f-20-300x236.jpg","articleSection":["Cidades"],"inLanguage":"pt-BR"},{"@type":"WebPage","@id":"https:\/\/noticiasemdestaque.com\/cd\/?p=476","url":"https:\/\/noticiasemdestaque.com\/cd\/?p=476","name":"Prefeito de S\u00e3o Jos\u00e9 dos Cordeiros implanta o PCCR dos professores efetivos - Not&iacute;cias em Destaque","isPartOf":{"@id":"https:\/\/noticiasemdestaque.com\/cd\/#website"},"primaryImageOfPage":{"@id":"https:\/\/noticiasemdestaque.com\/cd\/?p=476#primaryimage"},"image":{"@id":"https:\/\/noticiasemdestaque.com\/cd\/?p=476#primaryimage"},"thumbnailUrl":"https:\/\/noticiasemdestaque.com\/cd\/wp-content\/uploads\/2017\/06\/646cc773-5ab9-41db-b37f-c62d8faa548f-20-300x236.jpg","datePublished":"2017-06-13T17:00:02+00:00","dateModified":"2017-06-13T17:16:15+00:00","breadcrumb":{"@id":"https:\/\/noticiasemdestaque.com\/cd\/?p=476#breadcrumb"},"inLanguage":"pt-BR","potentialAction":[{"@type":"ReadAction","target":["https:\/\/noticiasemdestaque.com\/cd\/?p=476"]}]},{"@type":"ImageObject","inLanguage":"pt-BR","@id":"https:\/\/noticiasemdestaque.com\/cd\/?p=476#primaryimage","url":"https:\/\/noticiasemdestaque.com\/cd\/wp-content\/uploads\/2017\/06\/646cc773-5ab9-41db-b37f-c62d8faa548f-20-300x236.jpg","contentUrl":"https:\/\/noticiasemdestaque.com\/cd\/wp-content\/uploads\/2017\/06\/646cc773-5ab9-41db-b37f-c62d8faa548f-20-300x236.jpg","width":300,"height":236},{"@type":"BreadcrumbList","@id":"https:\/\/noticiasemdestaque.com\/cd\/?p=476#breadcrumb","itemListElement":[{"@type":"ListItem","position":1,"name":"In\u00edcio","item":"https:\/\/noticiasemdestaque.com\/cd\/"},{"@type":"ListItem","position":2,"name":"Prefeito de S\u00e3o Jos\u00e9 dos Cordeiros implanta o PCCR dos professores efetivos"}]},{"@type":"WebSite","@id":"https:\/\/noticiasemdestaque.com\/cd\/#website","url":"https:\/\/noticiasemdestaque.com\/cd\/","name":"Not&iacute;cias em Destaque","description":"","publisher":{"@id":"https:\/\/noticiasemdestaque.com\/cd\/#organization"},"potentialAction":[{"@type":"SearchAction","target":{"@type":"EntryPoint","urlTemplate":"https:\/\/noticiasemdestaque.com\/cd\/?s={search_term_string}"},"query-input":{"@type":"PropertyValueSpecification","valueRequired":true,"valueName":"search_term_string"}}],"inLanguage":"pt-BR"},{"@type":"Organization","@id":"https:\/\/noticiasemdestaque.com\/cd\/#organization","name":"Not\u00edcias em Destaque","url":"https:\/\/noticiasemdestaque.com\/cd\/","logo":{"@type":"ImageObject","inLanguage":"pt-BR","@id":"https:\/\/noticiasemdestaque.com\/cd\/#\/schema\/logo\/image\/","url":"https:\/\/noticiasemdestaque.com\/cd\/wp-content\/uploads\/2022\/05\/imagem-base-noticiasemdestaque.png","contentUrl":"https:\/\/noticiasemdestaque.com\/cd\/wp-content\/uploads\/2022\/05\/imagem-base-noticiasemdestaque.png","width":1200,"height":630,"caption":"Not\u00edcias em Destaque"},"image":{"@id":"https:\/\/noticiasemdestaque.com\/cd\/#\/schema\/logo\/image\/"}},{"@type":"Person","@id":"https:\/\/noticiasemdestaque.com\/cd\/#\/schema\/person\/47f7d4f55eec17c6b2ca036c5500f6ce","name":"Not\u00edcias em Destaque","url":"https:\/\/noticiasemdestaque.com\/cd\/?author=2"}]}},"jetpack_featured_media_url":"https:\/\/noticiasemdestaque.com\/cd\/wp-content\/uploads\/2017\/06\/646cc773-5ab9-41db-b37f-c62d8faa548f-20-300x236.jpg","jetpack_sharing_enabled":true,"_links":{"self":[{"href":"https:\/\/noticiasemdestaque.com\/cd\/index.php?rest_route=\/wp\/v2\/posts\/476","targetHints":{"allow":["GET"]}}],"collection":[{"href":"https:\/\/noticiasemdestaque.com\/cd\/index.php?rest_route=\/wp\/v2\/posts"}],"about":[{"href":"https:\/\/noticiasemdestaque.com\/cd\/index.php?rest_route=\/wp\/v2\/types\/post"}],"author":[{"embeddable":true,"href":"https:\/\/noticiasemdestaque.com\/cd\/index.php?rest_route=\/wp\/v2\/users\/2"}],"replies":[{"embeddable":true,"href":"https:\/\/noticiasemdestaque.com\/cd\/index.php?rest_route=%2Fwp%2Fv2%2Fcomments&post=476"}],"version-history":[{"count":2,"href":"https:\/\/noticiasemdestaque.com\/cd\/index.php?rest_route=\/wp\/v2\/posts\/476\/revisions"}],"predecessor-version":[{"id":490,"href":"https:\/\/noticiasemdestaque.com\/cd\/index.php?rest_route=\/wp\/v2\/posts\/476\/revisions\/490"}],"wp:featuredmedia":[{"embeddable":true,"href":"https:\/\/noticiasemdestaque.com\/cd\/index.php?rest_route=\/wp\/v2\/media\/477"}],"wp:attachment":[{"href":"https:\/\/noticiasemdestaque.com\/cd\/index.php?rest_route=%2Fwp%2Fv2%2Fmedia&parent=476"}],"wp:term":[{"taxonomy":"category","embeddable":true,"href":"https:\/\/noticiasemdestaque.com\/cd\/index.php?rest_route=%2Fwp%2Fv2%2Fcategories&post=476"},{"taxonomy":"post_tag","embeddable":true,"href":"https:\/\/noticiasemdestaque.com\/cd\/index.php?rest_route=%2Fwp%2Fv2%2Ftags&post=476"}],"curies":[{"name":"wp","href":"https:\/\/api.w.org\/{rel}","templated":true}]}}