{"id":4753,"date":"2017-09-28T20:11:32","date_gmt":"2017-09-28T23:11:32","guid":{"rendered":"http:\/\/caririemdestaque.com\/cd\/?p=4753"},"modified":"2017-09-28T20:11:32","modified_gmt":"2017-09-28T23:11:32","slug":"cpcon-divulga-concorrencia-do-concurso-publico-da-prefeitura-de-sume","status":"publish","type":"post","link":"https:\/\/noticiasemdestaque.com\/cd\/?p=4753","title":{"rendered":"CPCON divulga concorr\u00eancia do Concurso P\u00fablico da Prefeitura de Sum\u00e9"},"content":{"rendered":"<p><a href=\"http:\/\/caririemdestaque.com\/cd\/wp-content\/uploads\/2017\/09\/processo-seletivo-concursos.jpg\"><img fetchpriority=\"high\" decoding=\"async\" class=\"alignleft wp-image-4754 size-medium\" src=\"http:\/\/caririemdestaque.com\/cd\/wp-content\/uploads\/2017\/09\/processo-seletivo-concursos-300x169.jpg\" alt=\"\" width=\"300\" height=\"169\" srcset=\"https:\/\/noticiasemdestaque.com\/cd\/wp-content\/uploads\/2017\/09\/processo-seletivo-concursos-300x169.jpg 300w, https:\/\/noticiasemdestaque.com\/cd\/wp-content\/uploads\/2017\/09\/processo-seletivo-concursos-768x431.jpg 768w, https:\/\/noticiasemdestaque.com\/cd\/wp-content\/uploads\/2017\/09\/processo-seletivo-concursos.jpg 810w\" sizes=\"(max-width: 300px) 100vw, 300px\" \/><\/a>A Comiss\u00e3o Permanente de Concursos da Universidade Estadual da Para\u00edba (UEPB), divulgou na quarta-feira (27), a concorr\u00eancia do Concurso P\u00fablico da Prefeitura de Sum\u00e9.<\/p>\n<p>Inscreveram-se 2.850 pessoas para concorrer a 70 vagas em cargos de n\u00edvel fundamental, m\u00e9dio e superior.<\/p>\n<p>A maior concorr\u00eancia est\u00e1 para os cargos de Assistente de Administra\u00e7\u00e3o com cinco vagas e 584 inscritos, sendo 116,80\/vaga. Em seguida est\u00e1 Cuidador Educacional que teve 538 inscritos para 12 vagas, uma m\u00e9dia de 44,83 candidatos\/vaga.<\/p>\n<p>Para o cargo de Cozinheiro (n\u00edvel fundamental) est\u00e3o inscritos 194 candidatos. Os de n\u00edvel superior tiveram maior procura Assistente Social, Professor de Ensino Fundamental II Habilita\u00e7\u00e3o L\u00edngua Portuguesa, Enfermeiro e Fisioterapeuta.<\/p>\n<p>As provas objetivas, de car\u00e1ter eliminat\u00f3rio e classificat\u00f3rio, ser\u00e3o aplicadas no pr\u00f3ximo dia 22 de outubro.<\/p>\n<p>Para os cargos do magist\u00e9rio de n\u00edvel superior tamb\u00e9m haver\u00e1 prova de t\u00edtulos e para o cargo de Motorista Classe D e Operador de M\u00e1quinas Pesadas, al\u00e9m da prova escrita, haver\u00e1 prova pr\u00e1tica.<\/p>\n<p>Confira a tabela: <a href=\"http:\/\/www.sume.pb.gov.br\/wp-content\/uploads\/2017\/09\/CONCORR%C3%8ANCIA-CONCURSO-P%C3%9ABLICO-2017.pdf\"><strong>CONCORR\u00caNCIA CONCURSO P\u00daBLICO 2017<\/strong><\/a><\/p>\n<p><em><strong>Cariri em Destaque<\/strong><\/em><\/p>\n<p>Ascom<\/p>\n","protected":false},"excerpt":{"rendered":"<p>A Comiss\u00e3o Permanente de Concursos da Universidade Estadual da Para\u00edba (UEPB), divulgou na quarta-feira (27), a concorr\u00eancia do Concurso P\u00fablico da Prefeitura de Sum\u00e9. Inscreveram-se 2.850 pessoas para concorrer a 70 vagas em cargos de n\u00edvel fundamental, m\u00e9dio e superior. A maior concorr\u00eancia est\u00e1 para os cargos de Assistente de Administra\u00e7\u00e3o com cinco vagas e 584 inscritos, sendo 116,80\/vaga. Em seguida est\u00e1 Cuidador Educacional que teve 538 inscritos para 12 vagas, uma m\u00e9dia de 44,83 candidatos\/vaga. Para o cargo de Cozinheiro (n\u00edvel fundamental) est\u00e3o inscritos 194 candidatos. Os de n\u00edvel superior tiveram maior procura Assistente Social, Professor de Ensino Fundamental II Habilita\u00e7\u00e3o L\u00edngua Portuguesa, Enfermeiro e Fisioterapeuta. As provas objetivas, de car\u00e1ter eliminat\u00f3rio e classificat\u00f3rio, ser\u00e3o aplicadas no pr\u00f3ximo dia 22 de outubro. Para os cargos do magist\u00e9rio de n\u00edvel superior tamb\u00e9m haver\u00e1 prova de t\u00edtulos e para o cargo de Motorista Classe D e Operador de M\u00e1quinas Pesadas, al\u00e9m da prova escrita, haver\u00e1 prova pr\u00e1tica. Confira a tabela: CONCORR\u00caNCIA CONCURSO P\u00daBLICO 2017 Cariri em Destaque Ascom<\/p>\n","protected":false},"author":2,"featured_media":4754,"comment_status":"closed","ping_status":"open","sticky":false,"template":"","format":"standard","meta":{"_eb_attr":"","_jetpack_memberships_contains_paid_content":false,"footnotes":""},"categories":[3],"tags":[],"class_list":["post-4753","post","type-post","status-publish","format-standard","has-post-thumbnail","hentry","category-cidades"],"yoast_head":"<!-- This site is optimized with the Yoast SEO plugin v26.5 - https:\/\/yoast.com\/wordpress\/plugins\/seo\/ -->\n<title>CPCON divulga concorr\u00eancia do Concurso P\u00fablico da Prefeitura de Sum\u00e9 - Not&iacute;cias em Destaque<\/title>\n<meta name=\"robots\" content=\"index, follow, max-snippet:-1, max-image-preview:large, max-video-preview:-1\" \/>\n<link rel=\"canonical\" href=\"https:\/\/noticiasemdestaque.com\/cd\/?p=4753\" \/>\n<meta property=\"og:locale\" content=\"pt_BR\" \/>\n<meta property=\"og:type\" content=\"article\" \/>\n<meta property=\"og:title\" content=\"CPCON divulga concorr\u00eancia do Concurso P\u00fablico da Prefeitura de Sum\u00e9 - Not&iacute;cias em Destaque\" \/>\n<meta property=\"og:description\" content=\"A Comiss\u00e3o Permanente de Concursos da Universidade Estadual da Para\u00edba (UEPB), divulgou na quarta-feira (27), a concorr\u00eancia do Concurso P\u00fablico da Prefeitura de Sum\u00e9. Inscreveram-se 2.850 pessoas para concorrer a 70 vagas em cargos de n\u00edvel fundamental, m\u00e9dio e superior. A maior concorr\u00eancia est\u00e1 para os cargos de Assistente de Administra\u00e7\u00e3o com cinco vagas e 584 inscritos, sendo 116,80\/vaga. Em seguida est\u00e1 Cuidador Educacional que teve 538 inscritos para 12 vagas, uma m\u00e9dia de 44,83 candidatos\/vaga. Para o cargo de Cozinheiro (n\u00edvel fundamental) est\u00e3o inscritos 194 candidatos. Os de n\u00edvel superior tiveram maior procura Assistente Social, Professor de Ensino Fundamental II Habilita\u00e7\u00e3o L\u00edngua Portuguesa, Enfermeiro e Fisioterapeuta. As provas objetivas, de car\u00e1ter eliminat\u00f3rio e classificat\u00f3rio, ser\u00e3o aplicadas no pr\u00f3ximo dia 22 de outubro. Para os cargos do magist\u00e9rio de n\u00edvel superior tamb\u00e9m haver\u00e1 prova de t\u00edtulos e para o cargo de Motorista Classe D e Operador de M\u00e1quinas Pesadas, al\u00e9m da prova escrita, haver\u00e1 prova pr\u00e1tica. Confira a tabela: CONCORR\u00caNCIA CONCURSO P\u00daBLICO 2017 Cariri em Destaque Ascom\" \/>\n<meta property=\"og:url\" content=\"https:\/\/noticiasemdestaque.com\/cd\/?p=4753\" \/>\n<meta property=\"og:site_name\" content=\"Not&iacute;cias em Destaque\" \/>\n<meta property=\"article:published_time\" content=\"2017-09-28T23:11:32+00:00\" \/>\n<meta property=\"og:image\" content=\"https:\/\/noticiasemdestaque.com\/cd\/wp-content\/uploads\/2017\/09\/processo-seletivo-concursos.jpg\" \/>\n\t<meta property=\"og:image:width\" content=\"810\" \/>\n\t<meta property=\"og:image:height\" content=\"455\" \/>\n\t<meta property=\"og:image:type\" content=\"image\/jpeg\" \/>\n<meta name=\"author\" content=\"Not\u00edcias em Destaque\" \/>\n<meta name=\"twitter:card\" content=\"summary_large_image\" \/>\n<meta name=\"twitter:label1\" content=\"Escrito por\" \/>\n\t<meta name=\"twitter:data1\" content=\"Not\u00edcias em Destaque\" \/>\n\t<meta name=\"twitter:label2\" content=\"Est. tempo de leitura\" \/>\n\t<meta name=\"twitter:data2\" content=\"1 minuto\" \/>\n<script type=\"application\/ld+json\" class=\"yoast-schema-graph\">{\"@context\":\"https:\/\/schema.org\",\"@graph\":[{\"@type\":\"Article\",\"@id\":\"https:\/\/noticiasemdestaque.com\/cd\/?p=4753#article\",\"isPartOf\":{\"@id\":\"https:\/\/noticiasemdestaque.com\/cd\/?p=4753\"},\"author\":{\"name\":\"Not\u00edcias em Destaque\",\"@id\":\"https:\/\/noticiasemdestaque.com\/cd\/#\/schema\/person\/21320b03a7e8bb90128938dafc9b908a\"},\"headline\":\"CPCON divulga concorr\u00eancia do Concurso P\u00fablico da Prefeitura de Sum\u00e9\",\"datePublished\":\"2017-09-28T23:11:32+00:00\",\"mainEntityOfPage\":{\"@id\":\"https:\/\/noticiasemdestaque.com\/cd\/?p=4753\"},\"wordCount\":198,\"publisher\":{\"@id\":\"https:\/\/noticiasemdestaque.com\/cd\/#organization\"},\"image\":{\"@id\":\"https:\/\/noticiasemdestaque.com\/cd\/?p=4753#primaryimage\"},\"thumbnailUrl\":\"https:\/\/noticiasemdestaque.com\/cd\/wp-content\/uploads\/2017\/09\/processo-seletivo-concursos.jpg\",\"articleSection\":[\"Cidades\"],\"inLanguage\":\"pt-BR\"},{\"@type\":\"WebPage\",\"@id\":\"https:\/\/noticiasemdestaque.com\/cd\/?p=4753\",\"url\":\"https:\/\/noticiasemdestaque.com\/cd\/?p=4753\",\"name\":\"CPCON divulga concorr\u00eancia do Concurso P\u00fablico da Prefeitura de Sum\u00e9 - Not&iacute;cias em Destaque\",\"isPartOf\":{\"@id\":\"https:\/\/noticiasemdestaque.com\/cd\/#website\"},\"primaryImageOfPage\":{\"@id\":\"https:\/\/noticiasemdestaque.com\/cd\/?p=4753#primaryimage\"},\"image\":{\"@id\":\"https:\/\/noticiasemdestaque.com\/cd\/?p=4753#primaryimage\"},\"thumbnailUrl\":\"https:\/\/noticiasemdestaque.com\/cd\/wp-content\/uploads\/2017\/09\/processo-seletivo-concursos.jpg\",\"datePublished\":\"2017-09-28T23:11:32+00:00\",\"breadcrumb\":{\"@id\":\"https:\/\/noticiasemdestaque.com\/cd\/?p=4753#breadcrumb\"},\"inLanguage\":\"pt-BR\",\"potentialAction\":[{\"@type\":\"ReadAction\",\"target\":[\"https:\/\/noticiasemdestaque.com\/cd\/?p=4753\"]}]},{\"@type\":\"ImageObject\",\"inLanguage\":\"pt-BR\",\"@id\":\"https:\/\/noticiasemdestaque.com\/cd\/?p=4753#primaryimage\",\"url\":\"https:\/\/noticiasemdestaque.com\/cd\/wp-content\/uploads\/2017\/09\/processo-seletivo-concursos.jpg\",\"contentUrl\":\"https:\/\/noticiasemdestaque.com\/cd\/wp-content\/uploads\/2017\/09\/processo-seletivo-concursos.jpg\",\"width\":810,\"height\":455},{\"@type\":\"BreadcrumbList\",\"@id\":\"https:\/\/noticiasemdestaque.com\/cd\/?p=4753#breadcrumb\",\"itemListElement\":[{\"@type\":\"ListItem\",\"position\":1,\"name\":\"In\u00edcio\",\"item\":\"https:\/\/noticiasemdestaque.com\/cd\/\"},{\"@type\":\"ListItem\",\"position\":2,\"name\":\"CPCON divulga concorr\u00eancia do Concurso P\u00fablico da Prefeitura de Sum\u00e9\"}]},{\"@type\":\"WebSite\",\"@id\":\"https:\/\/noticiasemdestaque.com\/cd\/#website\",\"url\":\"https:\/\/noticiasemdestaque.com\/cd\/\",\"name\":\"Not&iacute;cias em Destaque\",\"description\":\"\",\"publisher\":{\"@id\":\"https:\/\/noticiasemdestaque.com\/cd\/#organization\"},\"potentialAction\":[{\"@type\":\"SearchAction\",\"target\":{\"@type\":\"EntryPoint\",\"urlTemplate\":\"https:\/\/noticiasemdestaque.com\/cd\/?s={search_term_string}\"},\"query-input\":{\"@type\":\"PropertyValueSpecification\",\"valueRequired\":true,\"valueName\":\"search_term_string\"}}],\"inLanguage\":\"pt-BR\"},{\"@type\":\"Organization\",\"@id\":\"https:\/\/noticiasemdestaque.com\/cd\/#organization\",\"name\":\"Not\u00edcias em Destaque\",\"url\":\"https:\/\/noticiasemdestaque.com\/cd\/\",\"logo\":{\"@type\":\"ImageObject\",\"inLanguage\":\"pt-BR\",\"@id\":\"https:\/\/noticiasemdestaque.com\/cd\/#\/schema\/logo\/image\/\",\"url\":\"https:\/\/noticiasemdestaque.com\/cd\/wp-content\/uploads\/2022\/05\/imagem-base-noticiasemdestaque.png\",\"contentUrl\":\"https:\/\/noticiasemdestaque.com\/cd\/wp-content\/uploads\/2022\/05\/imagem-base-noticiasemdestaque.png\",\"width\":1200,\"height\":630,\"caption\":\"Not\u00edcias em Destaque\"},\"image\":{\"@id\":\"https:\/\/noticiasemdestaque.com\/cd\/#\/schema\/logo\/image\/\"}},{\"@type\":\"Person\",\"@id\":\"https:\/\/noticiasemdestaque.com\/cd\/#\/schema\/person\/21320b03a7e8bb90128938dafc9b908a\",\"name\":\"Not\u00edcias em Destaque\",\"url\":\"https:\/\/noticiasemdestaque.com\/cd\/?author=2\"}]}<\/script>\n<!-- \/ Yoast SEO plugin. -->","yoast_head_json":{"title":"CPCON divulga concorr\u00eancia do Concurso P\u00fablico da Prefeitura de Sum\u00e9 - Not&iacute;cias em Destaque","robots":{"index":"index","follow":"follow","max-snippet":"max-snippet:-1","max-image-preview":"max-image-preview:large","max-video-preview":"max-video-preview:-1"},"canonical":"https:\/\/noticiasemdestaque.com\/cd\/?p=4753","og_locale":"pt_BR","og_type":"article","og_title":"CPCON divulga concorr\u00eancia do Concurso P\u00fablico da Prefeitura de Sum\u00e9 - Not&iacute;cias em Destaque","og_description":"A Comiss\u00e3o Permanente de Concursos da Universidade Estadual da Para\u00edba (UEPB), divulgou na quarta-feira (27), a concorr\u00eancia do Concurso P\u00fablico da Prefeitura de Sum\u00e9. Inscreveram-se 2.850 pessoas para concorrer a 70 vagas em cargos de n\u00edvel fundamental, m\u00e9dio e superior. A maior concorr\u00eancia est\u00e1 para os cargos de Assistente de Administra\u00e7\u00e3o com cinco vagas e 584 inscritos, sendo 116,80\/vaga. Em seguida est\u00e1 Cuidador Educacional que teve 538 inscritos para 12 vagas, uma m\u00e9dia de 44,83 candidatos\/vaga. Para o cargo de Cozinheiro (n\u00edvel fundamental) est\u00e3o inscritos 194 candidatos. Os de n\u00edvel superior tiveram maior procura Assistente Social, Professor de Ensino Fundamental II Habilita\u00e7\u00e3o L\u00edngua Portuguesa, Enfermeiro e Fisioterapeuta. As provas objetivas, de car\u00e1ter eliminat\u00f3rio e classificat\u00f3rio, ser\u00e3o aplicadas no pr\u00f3ximo dia 22 de outubro. Para os cargos do magist\u00e9rio de n\u00edvel superior tamb\u00e9m haver\u00e1 prova de t\u00edtulos e para o cargo de Motorista Classe D e Operador de M\u00e1quinas Pesadas, al\u00e9m da prova escrita, haver\u00e1 prova pr\u00e1tica. Confira a tabela: CONCORR\u00caNCIA CONCURSO P\u00daBLICO 2017 Cariri em Destaque Ascom","og_url":"https:\/\/noticiasemdestaque.com\/cd\/?p=4753","og_site_name":"Not&iacute;cias em Destaque","article_published_time":"2017-09-28T23:11:32+00:00","og_image":[{"width":810,"height":455,"url":"https:\/\/noticiasemdestaque.com\/cd\/wp-content\/uploads\/2017\/09\/processo-seletivo-concursos.jpg","type":"image\/jpeg"}],"author":"Not\u00edcias em Destaque","twitter_card":"summary_large_image","twitter_misc":{"Escrito por":"Not\u00edcias em Destaque","Est. tempo de leitura":"1 minuto"},"schema":{"@context":"https:\/\/schema.org","@graph":[{"@type":"Article","@id":"https:\/\/noticiasemdestaque.com\/cd\/?p=4753#article","isPartOf":{"@id":"https:\/\/noticiasemdestaque.com\/cd\/?p=4753"},"author":{"name":"Not\u00edcias em Destaque","@id":"https:\/\/noticiasemdestaque.com\/cd\/#\/schema\/person\/21320b03a7e8bb90128938dafc9b908a"},"headline":"CPCON divulga concorr\u00eancia do Concurso P\u00fablico da Prefeitura de Sum\u00e9","datePublished":"2017-09-28T23:11:32+00:00","mainEntityOfPage":{"@id":"https:\/\/noticiasemdestaque.com\/cd\/?p=4753"},"wordCount":198,"publisher":{"@id":"https:\/\/noticiasemdestaque.com\/cd\/#organization"},"image":{"@id":"https:\/\/noticiasemdestaque.com\/cd\/?p=4753#primaryimage"},"thumbnailUrl":"https:\/\/noticiasemdestaque.com\/cd\/wp-content\/uploads\/2017\/09\/processo-seletivo-concursos.jpg","articleSection":["Cidades"],"inLanguage":"pt-BR"},{"@type":"WebPage","@id":"https:\/\/noticiasemdestaque.com\/cd\/?p=4753","url":"https:\/\/noticiasemdestaque.com\/cd\/?p=4753","name":"CPCON divulga concorr\u00eancia do Concurso P\u00fablico da Prefeitura de Sum\u00e9 - Not&iacute;cias em Destaque","isPartOf":{"@id":"https:\/\/noticiasemdestaque.com\/cd\/#website"},"primaryImageOfPage":{"@id":"https:\/\/noticiasemdestaque.com\/cd\/?p=4753#primaryimage"},"image":{"@id":"https:\/\/noticiasemdestaque.com\/cd\/?p=4753#primaryimage"},"thumbnailUrl":"https:\/\/noticiasemdestaque.com\/cd\/wp-content\/uploads\/2017\/09\/processo-seletivo-concursos.jpg","datePublished":"2017-09-28T23:11:32+00:00","breadcrumb":{"@id":"https:\/\/noticiasemdestaque.com\/cd\/?p=4753#breadcrumb"},"inLanguage":"pt-BR","potentialAction":[{"@type":"ReadAction","target":["https:\/\/noticiasemdestaque.com\/cd\/?p=4753"]}]},{"@type":"ImageObject","inLanguage":"pt-BR","@id":"https:\/\/noticiasemdestaque.com\/cd\/?p=4753#primaryimage","url":"https:\/\/noticiasemdestaque.com\/cd\/wp-content\/uploads\/2017\/09\/processo-seletivo-concursos.jpg","contentUrl":"https:\/\/noticiasemdestaque.com\/cd\/wp-content\/uploads\/2017\/09\/processo-seletivo-concursos.jpg","width":810,"height":455},{"@type":"BreadcrumbList","@id":"https:\/\/noticiasemdestaque.com\/cd\/?p=4753#breadcrumb","itemListElement":[{"@type":"ListItem","position":1,"name":"In\u00edcio","item":"https:\/\/noticiasemdestaque.com\/cd\/"},{"@type":"ListItem","position":2,"name":"CPCON divulga concorr\u00eancia do Concurso P\u00fablico da Prefeitura de Sum\u00e9"}]},{"@type":"WebSite","@id":"https:\/\/noticiasemdestaque.com\/cd\/#website","url":"https:\/\/noticiasemdestaque.com\/cd\/","name":"Not&iacute;cias em Destaque","description":"","publisher":{"@id":"https:\/\/noticiasemdestaque.com\/cd\/#organization"},"potentialAction":[{"@type":"SearchAction","target":{"@type":"EntryPoint","urlTemplate":"https:\/\/noticiasemdestaque.com\/cd\/?s={search_term_string}"},"query-input":{"@type":"PropertyValueSpecification","valueRequired":true,"valueName":"search_term_string"}}],"inLanguage":"pt-BR"},{"@type":"Organization","@id":"https:\/\/noticiasemdestaque.com\/cd\/#organization","name":"Not\u00edcias em Destaque","url":"https:\/\/noticiasemdestaque.com\/cd\/","logo":{"@type":"ImageObject","inLanguage":"pt-BR","@id":"https:\/\/noticiasemdestaque.com\/cd\/#\/schema\/logo\/image\/","url":"https:\/\/noticiasemdestaque.com\/cd\/wp-content\/uploads\/2022\/05\/imagem-base-noticiasemdestaque.png","contentUrl":"https:\/\/noticiasemdestaque.com\/cd\/wp-content\/uploads\/2022\/05\/imagem-base-noticiasemdestaque.png","width":1200,"height":630,"caption":"Not\u00edcias em Destaque"},"image":{"@id":"https:\/\/noticiasemdestaque.com\/cd\/#\/schema\/logo\/image\/"}},{"@type":"Person","@id":"https:\/\/noticiasemdestaque.com\/cd\/#\/schema\/person\/21320b03a7e8bb90128938dafc9b908a","name":"Not\u00edcias em Destaque","url":"https:\/\/noticiasemdestaque.com\/cd\/?author=2"}]}},"jetpack_featured_media_url":"https:\/\/noticiasemdestaque.com\/cd\/wp-content\/uploads\/2017\/09\/processo-seletivo-concursos.jpg","jetpack_sharing_enabled":true,"_links":{"self":[{"href":"https:\/\/noticiasemdestaque.com\/cd\/index.php?rest_route=\/wp\/v2\/posts\/4753","targetHints":{"allow":["GET"]}}],"collection":[{"href":"https:\/\/noticiasemdestaque.com\/cd\/index.php?rest_route=\/wp\/v2\/posts"}],"about":[{"href":"https:\/\/noticiasemdestaque.com\/cd\/index.php?rest_route=\/wp\/v2\/types\/post"}],"author":[{"embeddable":true,"href":"https:\/\/noticiasemdestaque.com\/cd\/index.php?rest_route=\/wp\/v2\/users\/2"}],"replies":[{"embeddable":true,"href":"https:\/\/noticiasemdestaque.com\/cd\/index.php?rest_route=%2Fwp%2Fv2%2Fcomments&post=4753"}],"version-history":[{"count":1,"href":"https:\/\/noticiasemdestaque.com\/cd\/index.php?rest_route=\/wp\/v2\/posts\/4753\/revisions"}],"predecessor-version":[{"id":4755,"href":"https:\/\/noticiasemdestaque.com\/cd\/index.php?rest_route=\/wp\/v2\/posts\/4753\/revisions\/4755"}],"wp:featuredmedia":[{"embeddable":true,"href":"https:\/\/noticiasemdestaque.com\/cd\/index.php?rest_route=\/wp\/v2\/media\/4754"}],"wp:attachment":[{"href":"https:\/\/noticiasemdestaque.com\/cd\/index.php?rest_route=%2Fwp%2Fv2%2Fmedia&parent=4753"}],"wp:term":[{"taxonomy":"category","embeddable":true,"href":"https:\/\/noticiasemdestaque.com\/cd\/index.php?rest_route=%2Fwp%2Fv2%2Fcategories&post=4753"},{"taxonomy":"post_tag","embeddable":true,"href":"https:\/\/noticiasemdestaque.com\/cd\/index.php?rest_route=%2Fwp%2Fv2%2Ftags&post=4753"}],"curies":[{"name":"wp","href":"https:\/\/api.w.org\/{rel}","templated":true}]}}