{"id":4740,"date":"2017-09-28T13:17:38","date_gmt":"2017-09-28T16:17:38","guid":{"rendered":"http:\/\/caririemdestaque.com\/cd\/?p=4740"},"modified":"2017-09-28T13:17:38","modified_gmt":"2017-09-28T16:17:38","slug":"oportunidade-prefeitura-de-sume-e-escola-santo-expedito-vao-ofertar-mais-bolsas-de-estudo-para-cursos-tecnicos","status":"publish","type":"post","link":"https:\/\/noticiasemdestaque.com\/cd\/?p=4740","title":{"rendered":"OPORTUNIDADE!! PREFEITURA DE SUM\u00c9 E ESCOLA SANTO EXPEDITO V\u00c3O OFERTAR MAIS BOLSAS DE ESTUDO PARA CURSOS T\u00c9CNICOS"},"content":{"rendered":"<p><a href=\"http:\/\/caririemdestaque.com\/cd\/wp-content\/uploads\/2017\/09\/21994048_875532925942634_4902269603179648304_o.jpg\"><img decoding=\"async\" class=\"size-thumbnail wp-image-4741 alignleft\" src=\"http:\/\/caririemdestaque.com\/cd\/wp-content\/uploads\/2017\/09\/21994048_875532925942634_4902269603179648304_o-150x150.jpg\" alt=\"\" width=\"150\" height=\"150\" \/><\/a>A Prefeitura de Sum\u00e9, por meio da Secretaria de Assist\u00eancia Social, firmou parceria com a Escola Santo Expedito, de Patos, e ir\u00e3o oferecer oito bolsas integrais de estudo para os cursos: T\u00e9cnico em Sa\u00fade Bucal, T\u00e9cnico em An\u00e1lise Cl\u00ednica, T\u00e9cnico em Veterin\u00e1ria e T\u00e9cnico em Administra\u00e7\u00e3o. Ser\u00e3o duas bolsas para cada curso.<\/p>\n<p>As bolsas ser\u00e3o ofertadas por meio de sorteio dos inscritos e s\u00e3o destinadas a pessoas de baixa renda e que estejam inscritas no Cad\u00danico do Governo Federal. Al\u00e9m disso \u00e9 obrigat\u00f3rio o interessado ter o ensino m\u00e9dio completo.<\/p>\n<p>As inscri\u00e7\u00f5es para o sorteio come\u00e7am na pr\u00f3xima segunda-feira, 2 de outubro e vai at\u00e9 sexta-feira, 6 de outubro.<br \/>\nOs interessados em concorrer devem fazer a inscri\u00e7\u00e3o na sede do Programa Bolsa Fam\u00edlia, no bairro do Alto Alegre, das 08h \u00e0s 14h.<\/p>\n<p>Para a realiza\u00e7\u00e3o das inscri\u00e7\u00f5es, os candidatos dever\u00e3o estar munidos dos seguintes documentos: RG, CPF, t\u00edtulo de eleitor, cart\u00e3o do Programa Bolsa Fam\u00edlia e comprovante de resid\u00eancia.<\/p>\n<p>O sorteio das bolsas ir\u00e1 acontecer no s\u00e1bado, 7 de outubro, a partir das 11h, durante o programa da Prefeitura de Sum\u00e9, na R\u00e1dio 95 FM.<\/p>\n<p><strong>Cariri em Destaque\u00a0<\/strong><\/p>\n<p>Com Ascom\/PMS<\/p>\n","protected":false},"excerpt":{"rendered":"<p>A Prefeitura de Sum\u00e9, por meio da Secretaria de Assist\u00eancia Social, firmou parceria com a Escola Santo Expedito, de Patos, e ir\u00e3o oferecer oito bolsas integrais de estudo para os cursos: T\u00e9cnico em Sa\u00fade Bucal, T\u00e9cnico em An\u00e1lise Cl\u00ednica, T\u00e9cnico em Veterin\u00e1ria e T\u00e9cnico em Administra\u00e7\u00e3o. Ser\u00e3o duas bolsas para cada curso. As bolsas ser\u00e3o ofertadas por meio de sorteio dos inscritos e s\u00e3o destinadas a pessoas de baixa renda e que estejam inscritas no Cad\u00danico do Governo Federal. Al\u00e9m disso \u00e9 obrigat\u00f3rio o interessado ter o ensino m\u00e9dio completo. As inscri\u00e7\u00f5es para o sorteio come\u00e7am na pr\u00f3xima segunda-feira, 2 de outubro e vai at\u00e9 sexta-feira, 6 de outubro. Os interessados em concorrer devem fazer a inscri\u00e7\u00e3o na sede do Programa Bolsa Fam\u00edlia, no bairro do Alto Alegre, das 08h \u00e0s 14h. Para a realiza\u00e7\u00e3o das inscri\u00e7\u00f5es, os candidatos dever\u00e3o estar munidos dos seguintes documentos: RG, CPF, t\u00edtulo de eleitor, cart\u00e3o do Programa Bolsa Fam\u00edlia e comprovante de resid\u00eancia. O sorteio das bolsas ir\u00e1 acontecer no s\u00e1bado, 7 de outubro, a partir das 11h, durante o programa da Prefeitura de Sum\u00e9, na R\u00e1dio 95 FM. Cariri em Destaque\u00a0 Com Ascom\/PMS<\/p>\n","protected":false},"author":2,"featured_media":4741,"comment_status":"closed","ping_status":"open","sticky":false,"template":"","format":"standard","meta":{"_eb_attr":"","_jetpack_memberships_contains_paid_content":false,"footnotes":""},"categories":[6],"tags":[],"class_list":["post-4740","post","type-post","status-publish","format-standard","has-post-thumbnail","hentry","category-educacao"],"yoast_head":"<!-- This site is optimized with the Yoast SEO plugin v26.5 - https:\/\/yoast.com\/wordpress\/plugins\/seo\/ -->\n<title>OPORTUNIDADE!! PREFEITURA DE SUM\u00c9 E ESCOLA SANTO EXPEDITO V\u00c3O OFERTAR MAIS BOLSAS DE ESTUDO PARA CURSOS T\u00c9CNICOS - Not&iacute;cias em Destaque<\/title>\n<meta name=\"robots\" content=\"index, follow, max-snippet:-1, max-image-preview:large, max-video-preview:-1\" \/>\n<link rel=\"canonical\" href=\"https:\/\/noticiasemdestaque.com\/cd\/?p=4740\" \/>\n<meta property=\"og:locale\" content=\"pt_BR\" \/>\n<meta property=\"og:type\" content=\"article\" \/>\n<meta property=\"og:title\" content=\"OPORTUNIDADE!! PREFEITURA DE SUM\u00c9 E ESCOLA SANTO EXPEDITO V\u00c3O OFERTAR MAIS BOLSAS DE ESTUDO PARA CURSOS T\u00c9CNICOS - Not&iacute;cias em Destaque\" \/>\n<meta property=\"og:description\" content=\"A Prefeitura de Sum\u00e9, por meio da Secretaria de Assist\u00eancia Social, firmou parceria com a Escola Santo Expedito, de Patos, e ir\u00e3o oferecer oito bolsas integrais de estudo para os cursos: T\u00e9cnico em Sa\u00fade Bucal, T\u00e9cnico em An\u00e1lise Cl\u00ednica, T\u00e9cnico em Veterin\u00e1ria e T\u00e9cnico em Administra\u00e7\u00e3o. Ser\u00e3o duas bolsas para cada curso. As bolsas ser\u00e3o ofertadas por meio de sorteio dos inscritos e s\u00e3o destinadas a pessoas de baixa renda e que estejam inscritas no Cad\u00danico do Governo Federal. Al\u00e9m disso \u00e9 obrigat\u00f3rio o interessado ter o ensino m\u00e9dio completo. As inscri\u00e7\u00f5es para o sorteio come\u00e7am na pr\u00f3xima segunda-feira, 2 de outubro e vai at\u00e9 sexta-feira, 6 de outubro. Os interessados em concorrer devem fazer a inscri\u00e7\u00e3o na sede do Programa Bolsa Fam\u00edlia, no bairro do Alto Alegre, das 08h \u00e0s 14h. Para a realiza\u00e7\u00e3o das inscri\u00e7\u00f5es, os candidatos dever\u00e3o estar munidos dos seguintes documentos: RG, CPF, t\u00edtulo de eleitor, cart\u00e3o do Programa Bolsa Fam\u00edlia e comprovante de resid\u00eancia. O sorteio das bolsas ir\u00e1 acontecer no s\u00e1bado, 7 de outubro, a partir das 11h, durante o programa da Prefeitura de Sum\u00e9, na R\u00e1dio 95 FM. Cariri em Destaque\u00a0 Com Ascom\/PMS\" \/>\n<meta property=\"og:url\" content=\"https:\/\/noticiasemdestaque.com\/cd\/?p=4740\" \/>\n<meta property=\"og:site_name\" content=\"Not&iacute;cias em Destaque\" \/>\n<meta property=\"article:published_time\" content=\"2017-09-28T16:17:38+00:00\" \/>\n<meta property=\"og:image\" content=\"https:\/\/noticiasemdestaque.com\/cd\/wp-content\/uploads\/2017\/09\/21994048_875532925942634_4902269603179648304_o.jpg\" \/>\n\t<meta property=\"og:image:width\" content=\"1024\" \/>\n\t<meta property=\"og:image:height\" content=\"588\" \/>\n\t<meta property=\"og:image:type\" content=\"image\/jpeg\" \/>\n<meta name=\"author\" content=\"Not\u00edcias em Destaque\" \/>\n<meta name=\"twitter:card\" content=\"summary_large_image\" \/>\n<meta name=\"twitter:label1\" content=\"Escrito por\" \/>\n\t<meta name=\"twitter:data1\" content=\"Not\u00edcias em Destaque\" \/>\n\t<meta name=\"twitter:label2\" content=\"Est. tempo de leitura\" \/>\n\t<meta name=\"twitter:data2\" content=\"1 minuto\" \/>\n<script type=\"application\/ld+json\" class=\"yoast-schema-graph\">{\"@context\":\"https:\/\/schema.org\",\"@graph\":[{\"@type\":\"Article\",\"@id\":\"https:\/\/noticiasemdestaque.com\/cd\/?p=4740#article\",\"isPartOf\":{\"@id\":\"https:\/\/noticiasemdestaque.com\/cd\/?p=4740\"},\"author\":{\"name\":\"Not\u00edcias em Destaque\",\"@id\":\"https:\/\/noticiasemdestaque.com\/cd\/#\/schema\/person\/21320b03a7e8bb90128938dafc9b908a\"},\"headline\":\"OPORTUNIDADE!! PREFEITURA DE SUM\u00c9 E ESCOLA SANTO EXPEDITO V\u00c3O OFERTAR MAIS BOLSAS DE ESTUDO PARA CURSOS T\u00c9CNICOS\",\"datePublished\":\"2017-09-28T16:17:38+00:00\",\"mainEntityOfPage\":{\"@id\":\"https:\/\/noticiasemdestaque.com\/cd\/?p=4740\"},\"wordCount\":237,\"publisher\":{\"@id\":\"https:\/\/noticiasemdestaque.com\/cd\/#organization\"},\"image\":{\"@id\":\"https:\/\/noticiasemdestaque.com\/cd\/?p=4740#primaryimage\"},\"thumbnailUrl\":\"https:\/\/noticiasemdestaque.com\/cd\/wp-content\/uploads\/2017\/09\/21994048_875532925942634_4902269603179648304_o.jpg\",\"articleSection\":[\"Educa\u00e7\u00e3o\"],\"inLanguage\":\"pt-BR\"},{\"@type\":\"WebPage\",\"@id\":\"https:\/\/noticiasemdestaque.com\/cd\/?p=4740\",\"url\":\"https:\/\/noticiasemdestaque.com\/cd\/?p=4740\",\"name\":\"OPORTUNIDADE!! PREFEITURA DE SUM\u00c9 E ESCOLA SANTO EXPEDITO V\u00c3O OFERTAR MAIS BOLSAS DE ESTUDO PARA CURSOS T\u00c9CNICOS - Not&iacute;cias em Destaque\",\"isPartOf\":{\"@id\":\"https:\/\/noticiasemdestaque.com\/cd\/#website\"},\"primaryImageOfPage\":{\"@id\":\"https:\/\/noticiasemdestaque.com\/cd\/?p=4740#primaryimage\"},\"image\":{\"@id\":\"https:\/\/noticiasemdestaque.com\/cd\/?p=4740#primaryimage\"},\"thumbnailUrl\":\"https:\/\/noticiasemdestaque.com\/cd\/wp-content\/uploads\/2017\/09\/21994048_875532925942634_4902269603179648304_o.jpg\",\"datePublished\":\"2017-09-28T16:17:38+00:00\",\"breadcrumb\":{\"@id\":\"https:\/\/noticiasemdestaque.com\/cd\/?p=4740#breadcrumb\"},\"inLanguage\":\"pt-BR\",\"potentialAction\":[{\"@type\":\"ReadAction\",\"target\":[\"https:\/\/noticiasemdestaque.com\/cd\/?p=4740\"]}]},{\"@type\":\"ImageObject\",\"inLanguage\":\"pt-BR\",\"@id\":\"https:\/\/noticiasemdestaque.com\/cd\/?p=4740#primaryimage\",\"url\":\"https:\/\/noticiasemdestaque.com\/cd\/wp-content\/uploads\/2017\/09\/21994048_875532925942634_4902269603179648304_o.jpg\",\"contentUrl\":\"https:\/\/noticiasemdestaque.com\/cd\/wp-content\/uploads\/2017\/09\/21994048_875532925942634_4902269603179648304_o.jpg\",\"width\":1024,\"height\":588},{\"@type\":\"BreadcrumbList\",\"@id\":\"https:\/\/noticiasemdestaque.com\/cd\/?p=4740#breadcrumb\",\"itemListElement\":[{\"@type\":\"ListItem\",\"position\":1,\"name\":\"In\u00edcio\",\"item\":\"https:\/\/noticiasemdestaque.com\/cd\/\"},{\"@type\":\"ListItem\",\"position\":2,\"name\":\"OPORTUNIDADE!! PREFEITURA DE SUM\u00c9 E ESCOLA SANTO EXPEDITO V\u00c3O OFERTAR MAIS BOLSAS DE ESTUDO PARA CURSOS T\u00c9CNICOS\"}]},{\"@type\":\"WebSite\",\"@id\":\"https:\/\/noticiasemdestaque.com\/cd\/#website\",\"url\":\"https:\/\/noticiasemdestaque.com\/cd\/\",\"name\":\"Not&iacute;cias em Destaque\",\"description\":\"\",\"publisher\":{\"@id\":\"https:\/\/noticiasemdestaque.com\/cd\/#organization\"},\"potentialAction\":[{\"@type\":\"SearchAction\",\"target\":{\"@type\":\"EntryPoint\",\"urlTemplate\":\"https:\/\/noticiasemdestaque.com\/cd\/?s={search_term_string}\"},\"query-input\":{\"@type\":\"PropertyValueSpecification\",\"valueRequired\":true,\"valueName\":\"search_term_string\"}}],\"inLanguage\":\"pt-BR\"},{\"@type\":\"Organization\",\"@id\":\"https:\/\/noticiasemdestaque.com\/cd\/#organization\",\"name\":\"Not\u00edcias em Destaque\",\"url\":\"https:\/\/noticiasemdestaque.com\/cd\/\",\"logo\":{\"@type\":\"ImageObject\",\"inLanguage\":\"pt-BR\",\"@id\":\"https:\/\/noticiasemdestaque.com\/cd\/#\/schema\/logo\/image\/\",\"url\":\"https:\/\/noticiasemdestaque.com\/cd\/wp-content\/uploads\/2022\/05\/imagem-base-noticiasemdestaque.png\",\"contentUrl\":\"https:\/\/noticiasemdestaque.com\/cd\/wp-content\/uploads\/2022\/05\/imagem-base-noticiasemdestaque.png\",\"width\":1200,\"height\":630,\"caption\":\"Not\u00edcias em Destaque\"},\"image\":{\"@id\":\"https:\/\/noticiasemdestaque.com\/cd\/#\/schema\/logo\/image\/\"}},{\"@type\":\"Person\",\"@id\":\"https:\/\/noticiasemdestaque.com\/cd\/#\/schema\/person\/21320b03a7e8bb90128938dafc9b908a\",\"name\":\"Not\u00edcias em Destaque\",\"url\":\"https:\/\/noticiasemdestaque.com\/cd\/?author=2\"}]}<\/script>\n<!-- \/ Yoast SEO plugin. -->","yoast_head_json":{"title":"OPORTUNIDADE!! PREFEITURA DE SUM\u00c9 E ESCOLA SANTO EXPEDITO V\u00c3O OFERTAR MAIS BOLSAS DE ESTUDO PARA CURSOS T\u00c9CNICOS - Not&iacute;cias em Destaque","robots":{"index":"index","follow":"follow","max-snippet":"max-snippet:-1","max-image-preview":"max-image-preview:large","max-video-preview":"max-video-preview:-1"},"canonical":"https:\/\/noticiasemdestaque.com\/cd\/?p=4740","og_locale":"pt_BR","og_type":"article","og_title":"OPORTUNIDADE!! PREFEITURA DE SUM\u00c9 E ESCOLA SANTO EXPEDITO V\u00c3O OFERTAR MAIS BOLSAS DE ESTUDO PARA CURSOS T\u00c9CNICOS - Not&iacute;cias em Destaque","og_description":"A Prefeitura de Sum\u00e9, por meio da Secretaria de Assist\u00eancia Social, firmou parceria com a Escola Santo Expedito, de Patos, e ir\u00e3o oferecer oito bolsas integrais de estudo para os cursos: T\u00e9cnico em Sa\u00fade Bucal, T\u00e9cnico em An\u00e1lise Cl\u00ednica, T\u00e9cnico em Veterin\u00e1ria e T\u00e9cnico em Administra\u00e7\u00e3o. Ser\u00e3o duas bolsas para cada curso. As bolsas ser\u00e3o ofertadas por meio de sorteio dos inscritos e s\u00e3o destinadas a pessoas de baixa renda e que estejam inscritas no Cad\u00danico do Governo Federal. Al\u00e9m disso \u00e9 obrigat\u00f3rio o interessado ter o ensino m\u00e9dio completo. As inscri\u00e7\u00f5es para o sorteio come\u00e7am na pr\u00f3xima segunda-feira, 2 de outubro e vai at\u00e9 sexta-feira, 6 de outubro. Os interessados em concorrer devem fazer a inscri\u00e7\u00e3o na sede do Programa Bolsa Fam\u00edlia, no bairro do Alto Alegre, das 08h \u00e0s 14h. Para a realiza\u00e7\u00e3o das inscri\u00e7\u00f5es, os candidatos dever\u00e3o estar munidos dos seguintes documentos: RG, CPF, t\u00edtulo de eleitor, cart\u00e3o do Programa Bolsa Fam\u00edlia e comprovante de resid\u00eancia. O sorteio das bolsas ir\u00e1 acontecer no s\u00e1bado, 7 de outubro, a partir das 11h, durante o programa da Prefeitura de Sum\u00e9, na R\u00e1dio 95 FM. Cariri em Destaque\u00a0 Com Ascom\/PMS","og_url":"https:\/\/noticiasemdestaque.com\/cd\/?p=4740","og_site_name":"Not&iacute;cias em Destaque","article_published_time":"2017-09-28T16:17:38+00:00","og_image":[{"width":1024,"height":588,"url":"https:\/\/noticiasemdestaque.com\/cd\/wp-content\/uploads\/2017\/09\/21994048_875532925942634_4902269603179648304_o.jpg","type":"image\/jpeg"}],"author":"Not\u00edcias em Destaque","twitter_card":"summary_large_image","twitter_misc":{"Escrito por":"Not\u00edcias em Destaque","Est. tempo de leitura":"1 minuto"},"schema":{"@context":"https:\/\/schema.org","@graph":[{"@type":"Article","@id":"https:\/\/noticiasemdestaque.com\/cd\/?p=4740#article","isPartOf":{"@id":"https:\/\/noticiasemdestaque.com\/cd\/?p=4740"},"author":{"name":"Not\u00edcias em Destaque","@id":"https:\/\/noticiasemdestaque.com\/cd\/#\/schema\/person\/21320b03a7e8bb90128938dafc9b908a"},"headline":"OPORTUNIDADE!! PREFEITURA DE SUM\u00c9 E ESCOLA SANTO EXPEDITO V\u00c3O OFERTAR MAIS BOLSAS DE ESTUDO PARA CURSOS T\u00c9CNICOS","datePublished":"2017-09-28T16:17:38+00:00","mainEntityOfPage":{"@id":"https:\/\/noticiasemdestaque.com\/cd\/?p=4740"},"wordCount":237,"publisher":{"@id":"https:\/\/noticiasemdestaque.com\/cd\/#organization"},"image":{"@id":"https:\/\/noticiasemdestaque.com\/cd\/?p=4740#primaryimage"},"thumbnailUrl":"https:\/\/noticiasemdestaque.com\/cd\/wp-content\/uploads\/2017\/09\/21994048_875532925942634_4902269603179648304_o.jpg","articleSection":["Educa\u00e7\u00e3o"],"inLanguage":"pt-BR"},{"@type":"WebPage","@id":"https:\/\/noticiasemdestaque.com\/cd\/?p=4740","url":"https:\/\/noticiasemdestaque.com\/cd\/?p=4740","name":"OPORTUNIDADE!! PREFEITURA DE SUM\u00c9 E ESCOLA SANTO EXPEDITO V\u00c3O OFERTAR MAIS BOLSAS DE ESTUDO PARA CURSOS T\u00c9CNICOS - Not&iacute;cias em Destaque","isPartOf":{"@id":"https:\/\/noticiasemdestaque.com\/cd\/#website"},"primaryImageOfPage":{"@id":"https:\/\/noticiasemdestaque.com\/cd\/?p=4740#primaryimage"},"image":{"@id":"https:\/\/noticiasemdestaque.com\/cd\/?p=4740#primaryimage"},"thumbnailUrl":"https:\/\/noticiasemdestaque.com\/cd\/wp-content\/uploads\/2017\/09\/21994048_875532925942634_4902269603179648304_o.jpg","datePublished":"2017-09-28T16:17:38+00:00","breadcrumb":{"@id":"https:\/\/noticiasemdestaque.com\/cd\/?p=4740#breadcrumb"},"inLanguage":"pt-BR","potentialAction":[{"@type":"ReadAction","target":["https:\/\/noticiasemdestaque.com\/cd\/?p=4740"]}]},{"@type":"ImageObject","inLanguage":"pt-BR","@id":"https:\/\/noticiasemdestaque.com\/cd\/?p=4740#primaryimage","url":"https:\/\/noticiasemdestaque.com\/cd\/wp-content\/uploads\/2017\/09\/21994048_875532925942634_4902269603179648304_o.jpg","contentUrl":"https:\/\/noticiasemdestaque.com\/cd\/wp-content\/uploads\/2017\/09\/21994048_875532925942634_4902269603179648304_o.jpg","width":1024,"height":588},{"@type":"BreadcrumbList","@id":"https:\/\/noticiasemdestaque.com\/cd\/?p=4740#breadcrumb","itemListElement":[{"@type":"ListItem","position":1,"name":"In\u00edcio","item":"https:\/\/noticiasemdestaque.com\/cd\/"},{"@type":"ListItem","position":2,"name":"OPORTUNIDADE!! PREFEITURA DE SUM\u00c9 E ESCOLA SANTO EXPEDITO V\u00c3O OFERTAR MAIS BOLSAS DE ESTUDO PARA CURSOS T\u00c9CNICOS"}]},{"@type":"WebSite","@id":"https:\/\/noticiasemdestaque.com\/cd\/#website","url":"https:\/\/noticiasemdestaque.com\/cd\/","name":"Not&iacute;cias em Destaque","description":"","publisher":{"@id":"https:\/\/noticiasemdestaque.com\/cd\/#organization"},"potentialAction":[{"@type":"SearchAction","target":{"@type":"EntryPoint","urlTemplate":"https:\/\/noticiasemdestaque.com\/cd\/?s={search_term_string}"},"query-input":{"@type":"PropertyValueSpecification","valueRequired":true,"valueName":"search_term_string"}}],"inLanguage":"pt-BR"},{"@type":"Organization","@id":"https:\/\/noticiasemdestaque.com\/cd\/#organization","name":"Not\u00edcias em Destaque","url":"https:\/\/noticiasemdestaque.com\/cd\/","logo":{"@type":"ImageObject","inLanguage":"pt-BR","@id":"https:\/\/noticiasemdestaque.com\/cd\/#\/schema\/logo\/image\/","url":"https:\/\/noticiasemdestaque.com\/cd\/wp-content\/uploads\/2022\/05\/imagem-base-noticiasemdestaque.png","contentUrl":"https:\/\/noticiasemdestaque.com\/cd\/wp-content\/uploads\/2022\/05\/imagem-base-noticiasemdestaque.png","width":1200,"height":630,"caption":"Not\u00edcias em Destaque"},"image":{"@id":"https:\/\/noticiasemdestaque.com\/cd\/#\/schema\/logo\/image\/"}},{"@type":"Person","@id":"https:\/\/noticiasemdestaque.com\/cd\/#\/schema\/person\/21320b03a7e8bb90128938dafc9b908a","name":"Not\u00edcias em Destaque","url":"https:\/\/noticiasemdestaque.com\/cd\/?author=2"}]}},"jetpack_featured_media_url":"https:\/\/noticiasemdestaque.com\/cd\/wp-content\/uploads\/2017\/09\/21994048_875532925942634_4902269603179648304_o.jpg","jetpack_sharing_enabled":true,"_links":{"self":[{"href":"https:\/\/noticiasemdestaque.com\/cd\/index.php?rest_route=\/wp\/v2\/posts\/4740","targetHints":{"allow":["GET"]}}],"collection":[{"href":"https:\/\/noticiasemdestaque.com\/cd\/index.php?rest_route=\/wp\/v2\/posts"}],"about":[{"href":"https:\/\/noticiasemdestaque.com\/cd\/index.php?rest_route=\/wp\/v2\/types\/post"}],"author":[{"embeddable":true,"href":"https:\/\/noticiasemdestaque.com\/cd\/index.php?rest_route=\/wp\/v2\/users\/2"}],"replies":[{"embeddable":true,"href":"https:\/\/noticiasemdestaque.com\/cd\/index.php?rest_route=%2Fwp%2Fv2%2Fcomments&post=4740"}],"version-history":[{"count":1,"href":"https:\/\/noticiasemdestaque.com\/cd\/index.php?rest_route=\/wp\/v2\/posts\/4740\/revisions"}],"predecessor-version":[{"id":4742,"href":"https:\/\/noticiasemdestaque.com\/cd\/index.php?rest_route=\/wp\/v2\/posts\/4740\/revisions\/4742"}],"wp:featuredmedia":[{"embeddable":true,"href":"https:\/\/noticiasemdestaque.com\/cd\/index.php?rest_route=\/wp\/v2\/media\/4741"}],"wp:attachment":[{"href":"https:\/\/noticiasemdestaque.com\/cd\/index.php?rest_route=%2Fwp%2Fv2%2Fmedia&parent=4740"}],"wp:term":[{"taxonomy":"category","embeddable":true,"href":"https:\/\/noticiasemdestaque.com\/cd\/index.php?rest_route=%2Fwp%2Fv2%2Fcategories&post=4740"},{"taxonomy":"post_tag","embeddable":true,"href":"https:\/\/noticiasemdestaque.com\/cd\/index.php?rest_route=%2Fwp%2Fv2%2Ftags&post=4740"}],"curies":[{"name":"wp","href":"https:\/\/api.w.org\/{rel}","templated":true}]}}