{"id":47391,"date":"2023-04-03T21:00:17","date_gmt":"2023-04-04T00:00:17","guid":{"rendered":"https:\/\/noticiasemdestaque.com\/cd\/?p=47391"},"modified":"2023-04-03T21:00:17","modified_gmt":"2023-04-04T00:00:17","slug":"vereadores-participam-da-programacao-alusiva-aos-72-anos-de-emancipacao-politica-de-sume","status":"publish","type":"post","link":"https:\/\/noticiasemdestaque.com\/cd\/?p=47391","title":{"rendered":"Vereadores participam da programa\u00e7\u00e3o alusiva aos 72 anos de Emancipa\u00e7\u00e3o Pol\u00edtica de Sum\u00e9"},"content":{"rendered":"<p><a href=\"https:\/\/noticiasemdestaque.com\/cd\/wp-content\/uploads\/2023\/04\/WhatsApp-Image-2023-04-03-at-20.33.38-1.jpeg\"><img fetchpriority=\"high\" decoding=\"async\" class=\"alignnone  wp-image-47392\" src=\"https:\/\/noticiasemdestaque.com\/cd\/wp-content\/uploads\/2023\/04\/WhatsApp-Image-2023-04-03-at-20.33.38-1-300x200.jpeg\" alt=\"\" width=\"1049\" height=\"699\" srcset=\"https:\/\/noticiasemdestaque.com\/cd\/wp-content\/uploads\/2023\/04\/WhatsApp-Image-2023-04-03-at-20.33.38-1-300x200.jpeg 300w, https:\/\/noticiasemdestaque.com\/cd\/wp-content\/uploads\/2023\/04\/WhatsApp-Image-2023-04-03-at-20.33.38-1-768x511.jpeg 768w, https:\/\/noticiasemdestaque.com\/cd\/wp-content\/uploads\/2023\/04\/WhatsApp-Image-2023-04-03-at-20.33.38-1-18x12.jpeg 18w, https:\/\/noticiasemdestaque.com\/cd\/wp-content\/uploads\/2023\/04\/WhatsApp-Image-2023-04-03-at-20.33.38-1.jpeg 1000w\" sizes=\"(max-width: 1049px) 100vw, 1049px\" \/><\/a><\/p>\n<p>O munic\u00edpio de Sum\u00e9 comemorou no \u00faltimo s\u00e1bado (01), 72 anos de Emancipa\u00e7\u00e3o Pol\u00edtica, a Prefeitura Municipal preparou uma vasta programa\u00e7\u00e3o para comemorar a data.<\/p>\n<p>Na oportunidade, os vereadores Daniel L\u00eala, Ant\u00f4nio Carlos, Crist\u00f3v\u00e3o Brasil, Dami\u00e3o Rildo e Francisco Fontinele, prestigiaram as solenidades.<\/p>\n<p>Durante a programa\u00e7\u00e3o do s\u00e1bado, aconteceu o hasteamento das bandeiras na Pra\u00e7a Jos\u00e9 Am\u00e9rico, largada da Corrida da Emancipa\u00e7\u00e3o na Pra\u00e7a Jos\u00e9 Am\u00e9rico, entrega da pavimenta\u00e7\u00e3o das Ruas Ewerton Siqueira e Sebasti\u00e3o Odon de Sousa e da Pra\u00e7a D. Dorinha.<\/p>\n<p><a href=\"https:\/\/noticiasemdestaque.com\/cd\/wp-content\/uploads\/2023\/04\/WhatsApp-Image-2023-04-03-at-20.33.38.jpeg\"><img decoding=\"async\" class=\"alignnone  wp-image-47393\" src=\"https:\/\/noticiasemdestaque.com\/cd\/wp-content\/uploads\/2023\/04\/WhatsApp-Image-2023-04-03-at-20.33.38-300x200.jpeg\" alt=\"\" width=\"1098\" height=\"732\" srcset=\"https:\/\/noticiasemdestaque.com\/cd\/wp-content\/uploads\/2023\/04\/WhatsApp-Image-2023-04-03-at-20.33.38-300x200.jpeg 300w, https:\/\/noticiasemdestaque.com\/cd\/wp-content\/uploads\/2023\/04\/WhatsApp-Image-2023-04-03-at-20.33.38-768x511.jpeg 768w, https:\/\/noticiasemdestaque.com\/cd\/wp-content\/uploads\/2023\/04\/WhatsApp-Image-2023-04-03-at-20.33.38-18x12.jpeg 18w\" sizes=\"(max-width: 1098px) 100vw, 1098px\" \/><\/a><\/p>\n<p>No domingo, dia 02, foi realizada uma missa em a\u00e7\u00e3o de gra\u00e7as e logo em seguida, a entrega da reforma do Museu Miguel Guilherme com lan\u00e7amento de oficinas dos artistas Zito Jr. e Bento.<br \/>\nO prefeito \u00c9den Duarte aproveitou para realizar o lan\u00e7amento do projeto da reforma da Pra\u00e7a Adolfo Mayer, do letreiro Sum\u00e9 Inspira e da revista \u201cEduca\u00e7\u00e3o P\u00fablica em Destaque \u2013 Ano II\u201d.<\/p>\n<p><strong>Noticias em Destaque<\/strong><\/p>\n<p style=\"text-align: right;\"><em>Fonte: Ascom\/C\u00e2mara<\/em><\/p>\n","protected":false},"excerpt":{"rendered":"<p>O munic\u00edpio de Sum\u00e9 comemorou no \u00faltimo s\u00e1bado (01), 72 anos de Emancipa\u00e7\u00e3o Pol\u00edtica, a Prefeitura Municipal preparou uma vasta programa\u00e7\u00e3o para comemorar a data. Na oportunidade, os vereadores Daniel L\u00eala, Ant\u00f4nio Carlos, Crist\u00f3v\u00e3o Brasil, Dami\u00e3o Rildo e Francisco Fontinele, prestigiaram as solenidades. Durante a programa\u00e7\u00e3o do s\u00e1bado, aconteceu o hasteamento das bandeiras na Pra\u00e7a Jos\u00e9 Am\u00e9rico, largada da Corrida da Emancipa\u00e7\u00e3o na Pra\u00e7a Jos\u00e9 Am\u00e9rico, entrega da pavimenta\u00e7\u00e3o das Ruas Ewerton Siqueira e Sebasti\u00e3o Odon de Sousa e da Pra\u00e7a D. Dorinha. No domingo, dia 02, foi realizada uma missa em a\u00e7\u00e3o de gra\u00e7as e logo em seguida, a entrega da reforma do Museu Miguel Guilherme com lan\u00e7amento de oficinas dos artistas Zito Jr. e Bento. O prefeito \u00c9den Duarte aproveitou para realizar o lan\u00e7amento do projeto da reforma da Pra\u00e7a Adolfo Mayer, do letreiro Sum\u00e9 Inspira e da revista \u201cEduca\u00e7\u00e3o P\u00fablica em Destaque \u2013 Ano II\u201d. Noticias em Destaque Fonte: Ascom\/C\u00e2mara<\/p>\n","protected":false},"author":2,"featured_media":47392,"comment_status":"closed","ping_status":"open","sticky":false,"template":"","format":"standard","meta":{"_eb_attr":"","_jetpack_memberships_contains_paid_content":false,"footnotes":""},"categories":[3],"tags":[],"class_list":["post-47391","post","type-post","status-publish","format-standard","has-post-thumbnail","hentry","category-cidades"],"yoast_head":"<!-- This site is optimized with the Yoast SEO plugin v26.5 - https:\/\/yoast.com\/wordpress\/plugins\/seo\/ -->\n<title>Vereadores participam da programa\u00e7\u00e3o alusiva aos 72 anos de Emancipa\u00e7\u00e3o Pol\u00edtica de Sum\u00e9 - Not&iacute;cias em Destaque<\/title>\n<meta name=\"robots\" content=\"index, follow, max-snippet:-1, max-image-preview:large, max-video-preview:-1\" \/>\n<link rel=\"canonical\" href=\"https:\/\/noticiasemdestaque.com\/cd\/?p=47391\" \/>\n<meta property=\"og:locale\" content=\"pt_BR\" \/>\n<meta property=\"og:type\" content=\"article\" \/>\n<meta property=\"og:title\" content=\"Vereadores participam da programa\u00e7\u00e3o alusiva aos 72 anos de Emancipa\u00e7\u00e3o Pol\u00edtica de Sum\u00e9 - Not&iacute;cias em Destaque\" \/>\n<meta property=\"og:description\" content=\"O munic\u00edpio de Sum\u00e9 comemorou no \u00faltimo s\u00e1bado (01), 72 anos de Emancipa\u00e7\u00e3o Pol\u00edtica, a Prefeitura Municipal preparou uma vasta programa\u00e7\u00e3o para comemorar a data. Na oportunidade, os vereadores Daniel L\u00eala, Ant\u00f4nio Carlos, Crist\u00f3v\u00e3o Brasil, Dami\u00e3o Rildo e Francisco Fontinele, prestigiaram as solenidades. Durante a programa\u00e7\u00e3o do s\u00e1bado, aconteceu o hasteamento das bandeiras na Pra\u00e7a Jos\u00e9 Am\u00e9rico, largada da Corrida da Emancipa\u00e7\u00e3o na Pra\u00e7a Jos\u00e9 Am\u00e9rico, entrega da pavimenta\u00e7\u00e3o das Ruas Ewerton Siqueira e Sebasti\u00e3o Odon de Sousa e da Pra\u00e7a D. Dorinha. No domingo, dia 02, foi realizada uma missa em a\u00e7\u00e3o de gra\u00e7as e logo em seguida, a entrega da reforma do Museu Miguel Guilherme com lan\u00e7amento de oficinas dos artistas Zito Jr. e Bento. O prefeito \u00c9den Duarte aproveitou para realizar o lan\u00e7amento do projeto da reforma da Pra\u00e7a Adolfo Mayer, do letreiro Sum\u00e9 Inspira e da revista \u201cEduca\u00e7\u00e3o P\u00fablica em Destaque \u2013 Ano II\u201d. Noticias em Destaque Fonte: Ascom\/C\u00e2mara\" \/>\n<meta property=\"og:url\" content=\"https:\/\/noticiasemdestaque.com\/cd\/?p=47391\" \/>\n<meta property=\"og:site_name\" content=\"Not&iacute;cias em Destaque\" \/>\n<meta property=\"article:published_time\" content=\"2023-04-04T00:00:17+00:00\" \/>\n<meta property=\"og:image\" content=\"https:\/\/noticiasemdestaque.com\/cd\/wp-content\/uploads\/2023\/04\/WhatsApp-Image-2023-04-03-at-20.33.38-1.jpeg\" \/>\n\t<meta property=\"og:image:width\" content=\"1000\" \/>\n\t<meta property=\"og:image:height\" content=\"665\" \/>\n\t<meta property=\"og:image:type\" content=\"image\/jpeg\" \/>\n<meta name=\"author\" content=\"Not\u00edcias em Destaque\" \/>\n<meta name=\"twitter:card\" content=\"summary_large_image\" \/>\n<meta name=\"twitter:label1\" content=\"Escrito por\" \/>\n\t<meta name=\"twitter:data1\" content=\"Not\u00edcias em Destaque\" \/>\n\t<meta name=\"twitter:label2\" content=\"Est. tempo de leitura\" \/>\n\t<meta name=\"twitter:data2\" content=\"2 minutos\" \/>\n<script type=\"application\/ld+json\" class=\"yoast-schema-graph\">{\"@context\":\"https:\/\/schema.org\",\"@graph\":[{\"@type\":\"Article\",\"@id\":\"https:\/\/noticiasemdestaque.com\/cd\/?p=47391#article\",\"isPartOf\":{\"@id\":\"https:\/\/noticiasemdestaque.com\/cd\/?p=47391\"},\"author\":{\"name\":\"Not\u00edcias em Destaque\",\"@id\":\"https:\/\/noticiasemdestaque.com\/cd\/#\/schema\/person\/c1451142d5e4d7aa7848244ea9e4606f\"},\"headline\":\"Vereadores participam da programa\u00e7\u00e3o alusiva aos 72 anos de Emancipa\u00e7\u00e3o Pol\u00edtica de Sum\u00e9\",\"datePublished\":\"2023-04-04T00:00:17+00:00\",\"mainEntityOfPage\":{\"@id\":\"https:\/\/noticiasemdestaque.com\/cd\/?p=47391\"},\"wordCount\":193,\"publisher\":{\"@id\":\"https:\/\/noticiasemdestaque.com\/cd\/#organization\"},\"image\":{\"@id\":\"https:\/\/noticiasemdestaque.com\/cd\/?p=47391#primaryimage\"},\"thumbnailUrl\":\"https:\/\/noticiasemdestaque.com\/cd\/wp-content\/uploads\/2023\/04\/WhatsApp-Image-2023-04-03-at-20.33.38-1.jpeg\",\"articleSection\":[\"Cidades\"],\"inLanguage\":\"pt-BR\"},{\"@type\":\"WebPage\",\"@id\":\"https:\/\/noticiasemdestaque.com\/cd\/?p=47391\",\"url\":\"https:\/\/noticiasemdestaque.com\/cd\/?p=47391\",\"name\":\"Vereadores participam da programa\u00e7\u00e3o alusiva aos 72 anos de Emancipa\u00e7\u00e3o Pol\u00edtica de Sum\u00e9 - Not&iacute;cias em Destaque\",\"isPartOf\":{\"@id\":\"https:\/\/noticiasemdestaque.com\/cd\/#website\"},\"primaryImageOfPage\":{\"@id\":\"https:\/\/noticiasemdestaque.com\/cd\/?p=47391#primaryimage\"},\"image\":{\"@id\":\"https:\/\/noticiasemdestaque.com\/cd\/?p=47391#primaryimage\"},\"thumbnailUrl\":\"https:\/\/noticiasemdestaque.com\/cd\/wp-content\/uploads\/2023\/04\/WhatsApp-Image-2023-04-03-at-20.33.38-1.jpeg\",\"datePublished\":\"2023-04-04T00:00:17+00:00\",\"breadcrumb\":{\"@id\":\"https:\/\/noticiasemdestaque.com\/cd\/?p=47391#breadcrumb\"},\"inLanguage\":\"pt-BR\",\"potentialAction\":[{\"@type\":\"ReadAction\",\"target\":[\"https:\/\/noticiasemdestaque.com\/cd\/?p=47391\"]}]},{\"@type\":\"ImageObject\",\"inLanguage\":\"pt-BR\",\"@id\":\"https:\/\/noticiasemdestaque.com\/cd\/?p=47391#primaryimage\",\"url\":\"https:\/\/noticiasemdestaque.com\/cd\/wp-content\/uploads\/2023\/04\/WhatsApp-Image-2023-04-03-at-20.33.38-1.jpeg\",\"contentUrl\":\"https:\/\/noticiasemdestaque.com\/cd\/wp-content\/uploads\/2023\/04\/WhatsApp-Image-2023-04-03-at-20.33.38-1.jpeg\",\"width\":1000,\"height\":665},{\"@type\":\"BreadcrumbList\",\"@id\":\"https:\/\/noticiasemdestaque.com\/cd\/?p=47391#breadcrumb\",\"itemListElement\":[{\"@type\":\"ListItem\",\"position\":1,\"name\":\"In\u00edcio\",\"item\":\"https:\/\/noticiasemdestaque.com\/cd\/\"},{\"@type\":\"ListItem\",\"position\":2,\"name\":\"Vereadores participam da programa\u00e7\u00e3o alusiva aos 72 anos de Emancipa\u00e7\u00e3o Pol\u00edtica de Sum\u00e9\"}]},{\"@type\":\"WebSite\",\"@id\":\"https:\/\/noticiasemdestaque.com\/cd\/#website\",\"url\":\"https:\/\/noticiasemdestaque.com\/cd\/\",\"name\":\"Not&iacute;cias em Destaque\",\"description\":\"\",\"publisher\":{\"@id\":\"https:\/\/noticiasemdestaque.com\/cd\/#organization\"},\"potentialAction\":[{\"@type\":\"SearchAction\",\"target\":{\"@type\":\"EntryPoint\",\"urlTemplate\":\"https:\/\/noticiasemdestaque.com\/cd\/?s={search_term_string}\"},\"query-input\":{\"@type\":\"PropertyValueSpecification\",\"valueRequired\":true,\"valueName\":\"search_term_string\"}}],\"inLanguage\":\"pt-BR\"},{\"@type\":\"Organization\",\"@id\":\"https:\/\/noticiasemdestaque.com\/cd\/#organization\",\"name\":\"Not\u00edcias em Destaque\",\"url\":\"https:\/\/noticiasemdestaque.com\/cd\/\",\"logo\":{\"@type\":\"ImageObject\",\"inLanguage\":\"pt-BR\",\"@id\":\"https:\/\/noticiasemdestaque.com\/cd\/#\/schema\/logo\/image\/\",\"url\":\"https:\/\/noticiasemdestaque.com\/cd\/wp-content\/uploads\/2022\/05\/imagem-base-noticiasemdestaque.png\",\"contentUrl\":\"https:\/\/noticiasemdestaque.com\/cd\/wp-content\/uploads\/2022\/05\/imagem-base-noticiasemdestaque.png\",\"width\":1200,\"height\":630,\"caption\":\"Not\u00edcias em Destaque\"},\"image\":{\"@id\":\"https:\/\/noticiasemdestaque.com\/cd\/#\/schema\/logo\/image\/\"}},{\"@type\":\"Person\",\"@id\":\"https:\/\/noticiasemdestaque.com\/cd\/#\/schema\/person\/c1451142d5e4d7aa7848244ea9e4606f\",\"name\":\"Not\u00edcias em Destaque\",\"url\":\"https:\/\/noticiasemdestaque.com\/cd\/?author=2\"}]}<\/script>\n<!-- \/ Yoast SEO plugin. -->","yoast_head_json":{"title":"Vereadores participam da programa\u00e7\u00e3o alusiva aos 72 anos de Emancipa\u00e7\u00e3o Pol\u00edtica de Sum\u00e9 - Not&iacute;cias em Destaque","robots":{"index":"index","follow":"follow","max-snippet":"max-snippet:-1","max-image-preview":"max-image-preview:large","max-video-preview":"max-video-preview:-1"},"canonical":"https:\/\/noticiasemdestaque.com\/cd\/?p=47391","og_locale":"pt_BR","og_type":"article","og_title":"Vereadores participam da programa\u00e7\u00e3o alusiva aos 72 anos de Emancipa\u00e7\u00e3o Pol\u00edtica de Sum\u00e9 - Not&iacute;cias em Destaque","og_description":"O munic\u00edpio de Sum\u00e9 comemorou no \u00faltimo s\u00e1bado (01), 72 anos de Emancipa\u00e7\u00e3o Pol\u00edtica, a Prefeitura Municipal preparou uma vasta programa\u00e7\u00e3o para comemorar a data. Na oportunidade, os vereadores Daniel L\u00eala, Ant\u00f4nio Carlos, Crist\u00f3v\u00e3o Brasil, Dami\u00e3o Rildo e Francisco Fontinele, prestigiaram as solenidades. Durante a programa\u00e7\u00e3o do s\u00e1bado, aconteceu o hasteamento das bandeiras na Pra\u00e7a Jos\u00e9 Am\u00e9rico, largada da Corrida da Emancipa\u00e7\u00e3o na Pra\u00e7a Jos\u00e9 Am\u00e9rico, entrega da pavimenta\u00e7\u00e3o das Ruas Ewerton Siqueira e Sebasti\u00e3o Odon de Sousa e da Pra\u00e7a D. Dorinha. No domingo, dia 02, foi realizada uma missa em a\u00e7\u00e3o de gra\u00e7as e logo em seguida, a entrega da reforma do Museu Miguel Guilherme com lan\u00e7amento de oficinas dos artistas Zito Jr. e Bento. O prefeito \u00c9den Duarte aproveitou para realizar o lan\u00e7amento do projeto da reforma da Pra\u00e7a Adolfo Mayer, do letreiro Sum\u00e9 Inspira e da revista \u201cEduca\u00e7\u00e3o P\u00fablica em Destaque \u2013 Ano II\u201d. Noticias em Destaque Fonte: Ascom\/C\u00e2mara","og_url":"https:\/\/noticiasemdestaque.com\/cd\/?p=47391","og_site_name":"Not&iacute;cias em Destaque","article_published_time":"2023-04-04T00:00:17+00:00","og_image":[{"width":1000,"height":665,"url":"https:\/\/noticiasemdestaque.com\/cd\/wp-content\/uploads\/2023\/04\/WhatsApp-Image-2023-04-03-at-20.33.38-1.jpeg","type":"image\/jpeg"}],"author":"Not\u00edcias em Destaque","twitter_card":"summary_large_image","twitter_misc":{"Escrito por":"Not\u00edcias em Destaque","Est. tempo de leitura":"2 minutos"},"schema":{"@context":"https:\/\/schema.org","@graph":[{"@type":"Article","@id":"https:\/\/noticiasemdestaque.com\/cd\/?p=47391#article","isPartOf":{"@id":"https:\/\/noticiasemdestaque.com\/cd\/?p=47391"},"author":{"name":"Not\u00edcias em Destaque","@id":"https:\/\/noticiasemdestaque.com\/cd\/#\/schema\/person\/c1451142d5e4d7aa7848244ea9e4606f"},"headline":"Vereadores participam da programa\u00e7\u00e3o alusiva aos 72 anos de Emancipa\u00e7\u00e3o Pol\u00edtica de Sum\u00e9","datePublished":"2023-04-04T00:00:17+00:00","mainEntityOfPage":{"@id":"https:\/\/noticiasemdestaque.com\/cd\/?p=47391"},"wordCount":193,"publisher":{"@id":"https:\/\/noticiasemdestaque.com\/cd\/#organization"},"image":{"@id":"https:\/\/noticiasemdestaque.com\/cd\/?p=47391#primaryimage"},"thumbnailUrl":"https:\/\/noticiasemdestaque.com\/cd\/wp-content\/uploads\/2023\/04\/WhatsApp-Image-2023-04-03-at-20.33.38-1.jpeg","articleSection":["Cidades"],"inLanguage":"pt-BR"},{"@type":"WebPage","@id":"https:\/\/noticiasemdestaque.com\/cd\/?p=47391","url":"https:\/\/noticiasemdestaque.com\/cd\/?p=47391","name":"Vereadores participam da programa\u00e7\u00e3o alusiva aos 72 anos de Emancipa\u00e7\u00e3o Pol\u00edtica de Sum\u00e9 - Not&iacute;cias em Destaque","isPartOf":{"@id":"https:\/\/noticiasemdestaque.com\/cd\/#website"},"primaryImageOfPage":{"@id":"https:\/\/noticiasemdestaque.com\/cd\/?p=47391#primaryimage"},"image":{"@id":"https:\/\/noticiasemdestaque.com\/cd\/?p=47391#primaryimage"},"thumbnailUrl":"https:\/\/noticiasemdestaque.com\/cd\/wp-content\/uploads\/2023\/04\/WhatsApp-Image-2023-04-03-at-20.33.38-1.jpeg","datePublished":"2023-04-04T00:00:17+00:00","breadcrumb":{"@id":"https:\/\/noticiasemdestaque.com\/cd\/?p=47391#breadcrumb"},"inLanguage":"pt-BR","potentialAction":[{"@type":"ReadAction","target":["https:\/\/noticiasemdestaque.com\/cd\/?p=47391"]}]},{"@type":"ImageObject","inLanguage":"pt-BR","@id":"https:\/\/noticiasemdestaque.com\/cd\/?p=47391#primaryimage","url":"https:\/\/noticiasemdestaque.com\/cd\/wp-content\/uploads\/2023\/04\/WhatsApp-Image-2023-04-03-at-20.33.38-1.jpeg","contentUrl":"https:\/\/noticiasemdestaque.com\/cd\/wp-content\/uploads\/2023\/04\/WhatsApp-Image-2023-04-03-at-20.33.38-1.jpeg","width":1000,"height":665},{"@type":"BreadcrumbList","@id":"https:\/\/noticiasemdestaque.com\/cd\/?p=47391#breadcrumb","itemListElement":[{"@type":"ListItem","position":1,"name":"In\u00edcio","item":"https:\/\/noticiasemdestaque.com\/cd\/"},{"@type":"ListItem","position":2,"name":"Vereadores participam da programa\u00e7\u00e3o alusiva aos 72 anos de Emancipa\u00e7\u00e3o Pol\u00edtica de Sum\u00e9"}]},{"@type":"WebSite","@id":"https:\/\/noticiasemdestaque.com\/cd\/#website","url":"https:\/\/noticiasemdestaque.com\/cd\/","name":"Not&iacute;cias em Destaque","description":"","publisher":{"@id":"https:\/\/noticiasemdestaque.com\/cd\/#organization"},"potentialAction":[{"@type":"SearchAction","target":{"@type":"EntryPoint","urlTemplate":"https:\/\/noticiasemdestaque.com\/cd\/?s={search_term_string}"},"query-input":{"@type":"PropertyValueSpecification","valueRequired":true,"valueName":"search_term_string"}}],"inLanguage":"pt-BR"},{"@type":"Organization","@id":"https:\/\/noticiasemdestaque.com\/cd\/#organization","name":"Not\u00edcias em Destaque","url":"https:\/\/noticiasemdestaque.com\/cd\/","logo":{"@type":"ImageObject","inLanguage":"pt-BR","@id":"https:\/\/noticiasemdestaque.com\/cd\/#\/schema\/logo\/image\/","url":"https:\/\/noticiasemdestaque.com\/cd\/wp-content\/uploads\/2022\/05\/imagem-base-noticiasemdestaque.png","contentUrl":"https:\/\/noticiasemdestaque.com\/cd\/wp-content\/uploads\/2022\/05\/imagem-base-noticiasemdestaque.png","width":1200,"height":630,"caption":"Not\u00edcias em Destaque"},"image":{"@id":"https:\/\/noticiasemdestaque.com\/cd\/#\/schema\/logo\/image\/"}},{"@type":"Person","@id":"https:\/\/noticiasemdestaque.com\/cd\/#\/schema\/person\/c1451142d5e4d7aa7848244ea9e4606f","name":"Not\u00edcias em Destaque","url":"https:\/\/noticiasemdestaque.com\/cd\/?author=2"}]}},"jetpack_featured_media_url":"https:\/\/noticiasemdestaque.com\/cd\/wp-content\/uploads\/2023\/04\/WhatsApp-Image-2023-04-03-at-20.33.38-1.jpeg","jetpack_sharing_enabled":true,"_links":{"self":[{"href":"https:\/\/noticiasemdestaque.com\/cd\/index.php?rest_route=\/wp\/v2\/posts\/47391","targetHints":{"allow":["GET"]}}],"collection":[{"href":"https:\/\/noticiasemdestaque.com\/cd\/index.php?rest_route=\/wp\/v2\/posts"}],"about":[{"href":"https:\/\/noticiasemdestaque.com\/cd\/index.php?rest_route=\/wp\/v2\/types\/post"}],"author":[{"embeddable":true,"href":"https:\/\/noticiasemdestaque.com\/cd\/index.php?rest_route=\/wp\/v2\/users\/2"}],"replies":[{"embeddable":true,"href":"https:\/\/noticiasemdestaque.com\/cd\/index.php?rest_route=%2Fwp%2Fv2%2Fcomments&post=47391"}],"version-history":[{"count":1,"href":"https:\/\/noticiasemdestaque.com\/cd\/index.php?rest_route=\/wp\/v2\/posts\/47391\/revisions"}],"predecessor-version":[{"id":47394,"href":"https:\/\/noticiasemdestaque.com\/cd\/index.php?rest_route=\/wp\/v2\/posts\/47391\/revisions\/47394"}],"wp:featuredmedia":[{"embeddable":true,"href":"https:\/\/noticiasemdestaque.com\/cd\/index.php?rest_route=\/wp\/v2\/media\/47392"}],"wp:attachment":[{"href":"https:\/\/noticiasemdestaque.com\/cd\/index.php?rest_route=%2Fwp%2Fv2%2Fmedia&parent=47391"}],"wp:term":[{"taxonomy":"category","embeddable":true,"href":"https:\/\/noticiasemdestaque.com\/cd\/index.php?rest_route=%2Fwp%2Fv2%2Fcategories&post=47391"},{"taxonomy":"post_tag","embeddable":true,"href":"https:\/\/noticiasemdestaque.com\/cd\/index.php?rest_route=%2Fwp%2Fv2%2Ftags&post=47391"}],"curies":[{"name":"wp","href":"https:\/\/api.w.org\/{rel}","templated":true}]}}