{"id":4737,"date":"2017-09-28T09:04:41","date_gmt":"2017-09-28T12:04:41","guid":{"rendered":"http:\/\/caririemdestaque.com\/cd\/?p=4737"},"modified":"2017-09-28T09:04:41","modified_gmt":"2017-09-28T12:04:41","slug":"comissao-aprova-proibicao-de-fumar-em-veiculos-quando-neles-houver-crianca-adolescente-ou-gestante","status":"publish","type":"post","link":"https:\/\/noticiasemdestaque.com\/cd\/?p=4737","title":{"rendered":"Comiss\u00e3o aprova proibi\u00e7\u00e3o de fumar em ve\u00edculos quando neles houver crian\u00e7a, adolescente ou gestante"},"content":{"rendered":"<p><a href=\"http:\/\/caririemdestaque.com\/cd\/wp-content\/uploads\/2017\/09\/proibido-fumar-300x264.jpg\"><img fetchpriority=\"high\" decoding=\"async\" class=\"wp-image-4738 size-medium alignleft\" src=\"http:\/\/caririemdestaque.com\/cd\/wp-content\/uploads\/2017\/09\/proibido-fumar-300x264-300x264.jpg\" alt=\"\" width=\"300\" height=\"264\" \/><\/a>\u00a0Comiss\u00e3o de Via\u00e7\u00e3o e Transportes aprovou proposta que altera a Lei Antifumo (<a href=\"http:\/\/www2.camara.leg.br\/legin\/fed\/lei\/1996\/lei-9294-15-julho-1996-349045-norma-pl.html\">Lei 9.294\/96<\/a>) para proibir o uso de cigarros, cigarrilhas, charutos, cachimbos ou qualquer outro produto com fumo em aeronaves e ve\u00edculos de transporte coletivo ou individual onde esteja gestante, crian\u00e7a ou adolescente.<\/p>\n<p>Foi aprovado um\u00a0substitutivo\u00a0do relator, deputado Altineu C\u00f4rtes (PMDB-RJ), para o Projeto de Lei\u00a0<u><a href=\"http:\/\/www2.camara.leg.br\/camaranoticias\/noticias\/SAUDE\/543323-PROPOSTA-PROIBE--FUMAR-EM-VEICULOS-PUBLICOS-OU-PRIVADOS-QUANDO-NELES-HOUVER-CRIANCA,-ADOLESCENTE-OU-GESTANTE.html\">4074\/15<\/a><\/u>, do Senado, e outros tr\u00eas apensados. O projeto original inclu\u00eda a altera\u00e7\u00e3o tamb\u00e9m no Estatuto da Crian\u00e7a e do Adolescente (<a href=\"http:\/\/www2.camara.leg.br\/legin\/fed\/lei\/1990\/lei-8069-13-julho-1990-372211-norma-pl.html\">Lei 8.069\/90<\/a>) e previa pena de deten\u00e7\u00e3o para os infratores.<\/p>\n<p>Cort\u00eas, no entanto, acolheu sugest\u00f5es de outros deputados para excluir do texto as puni\u00e7\u00f5es e incluir a proibi\u00e7\u00e3o apenas na Lei Antifumo. \u201cEntendemos que a inclus\u00e3o da veda\u00e7\u00e3o na Lei 9.294, de 1996, j\u00e1 seria suficiente para alcan\u00e7ar os efeitos pretendidos\u201d, disse.<\/p>\n<p><strong>Tramita\u00e7\u00e3o<\/strong><\/p>\n<p>O projeto, que tramita em\u00a0regime de prioridade, ser\u00e1 analisado pelas comiss\u00f5es de Seguridade Social e Fam\u00edlia; e de Constitui\u00e7\u00e3o e Justi\u00e7a e de Cidadania. Depois, segue para an\u00e1lise do Plen\u00e1rio.<\/p>\n<p>As informa\u00e7\u00f5es s\u00e3o da Ag\u00eancia C\u00e2mara de Not\u00edcias<\/p>\n<p>&nbsp;<\/p>\n","protected":false},"excerpt":{"rendered":"<p>\u00a0Comiss\u00e3o de Via\u00e7\u00e3o e Transportes aprovou proposta que altera a Lei Antifumo (Lei 9.294\/96) para proibir o uso de cigarros, cigarrilhas, charutos, cachimbos ou qualquer outro produto com fumo em aeronaves e ve\u00edculos de transporte coletivo ou individual onde esteja gestante, crian\u00e7a ou adolescente. Foi aprovado um\u00a0substitutivo\u00a0do relator, deputado Altineu C\u00f4rtes (PMDB-RJ), para o Projeto de Lei\u00a04074\/15, do Senado, e outros tr\u00eas apensados. O projeto original inclu\u00eda a altera\u00e7\u00e3o tamb\u00e9m no Estatuto da Crian\u00e7a e do Adolescente (Lei 8.069\/90) e previa pena de deten\u00e7\u00e3o para os infratores. Cort\u00eas, no entanto, acolheu sugest\u00f5es de outros deputados para excluir do texto as puni\u00e7\u00f5es e incluir a proibi\u00e7\u00e3o apenas na Lei Antifumo. \u201cEntendemos que a inclus\u00e3o da veda\u00e7\u00e3o na Lei 9.294, de 1996, j\u00e1 seria suficiente para alcan\u00e7ar os efeitos pretendidos\u201d, disse. Tramita\u00e7\u00e3o O projeto, que tramita em\u00a0regime de prioridade, ser\u00e1 analisado pelas comiss\u00f5es de Seguridade Social e Fam\u00edlia; e de Constitui\u00e7\u00e3o e Justi\u00e7a e de Cidadania. Depois, segue para an\u00e1lise do Plen\u00e1rio. As informa\u00e7\u00f5es s\u00e3o da Ag\u00eancia C\u00e2mara de Not\u00edcias &nbsp;<\/p>\n","protected":false},"author":2,"featured_media":4738,"comment_status":"closed","ping_status":"open","sticky":false,"template":"","format":"standard","meta":{"_eb_attr":"","_jetpack_memberships_contains_paid_content":false,"footnotes":""},"categories":[4],"tags":[],"class_list":["post-4737","post","type-post","status-publish","format-standard","has-post-thumbnail","hentry","category-politica"],"yoast_head":"<!-- This site is optimized with the Yoast SEO plugin v26.5 - https:\/\/yoast.com\/wordpress\/plugins\/seo\/ -->\n<title>Comiss\u00e3o aprova proibi\u00e7\u00e3o de fumar em ve\u00edculos quando neles houver crian\u00e7a, adolescente ou gestante - Not&iacute;cias em Destaque<\/title>\n<meta name=\"robots\" content=\"index, follow, max-snippet:-1, max-image-preview:large, max-video-preview:-1\" \/>\n<link rel=\"canonical\" href=\"https:\/\/noticiasemdestaque.com\/cd\/?p=4737\" \/>\n<meta property=\"og:locale\" content=\"pt_BR\" \/>\n<meta property=\"og:type\" content=\"article\" \/>\n<meta property=\"og:title\" content=\"Comiss\u00e3o aprova proibi\u00e7\u00e3o de fumar em ve\u00edculos quando neles houver crian\u00e7a, adolescente ou gestante - Not&iacute;cias em Destaque\" \/>\n<meta property=\"og:description\" content=\"\u00a0Comiss\u00e3o de Via\u00e7\u00e3o e Transportes aprovou proposta que altera a Lei Antifumo (Lei 9.294\/96) para proibir o uso de cigarros, cigarrilhas, charutos, cachimbos ou qualquer outro produto com fumo em aeronaves e ve\u00edculos de transporte coletivo ou individual onde esteja gestante, crian\u00e7a ou adolescente. Foi aprovado um\u00a0substitutivo\u00a0do relator, deputado Altineu C\u00f4rtes (PMDB-RJ), para o Projeto de Lei\u00a04074\/15, do Senado, e outros tr\u00eas apensados. O projeto original inclu\u00eda a altera\u00e7\u00e3o tamb\u00e9m no Estatuto da Crian\u00e7a e do Adolescente (Lei 8.069\/90) e previa pena de deten\u00e7\u00e3o para os infratores. Cort\u00eas, no entanto, acolheu sugest\u00f5es de outros deputados para excluir do texto as puni\u00e7\u00f5es e incluir a proibi\u00e7\u00e3o apenas na Lei Antifumo. \u201cEntendemos que a inclus\u00e3o da veda\u00e7\u00e3o na Lei 9.294, de 1996, j\u00e1 seria suficiente para alcan\u00e7ar os efeitos pretendidos\u201d, disse. Tramita\u00e7\u00e3o O projeto, que tramita em\u00a0regime de prioridade, ser\u00e1 analisado pelas comiss\u00f5es de Seguridade Social e Fam\u00edlia; e de Constitui\u00e7\u00e3o e Justi\u00e7a e de Cidadania. Depois, segue para an\u00e1lise do Plen\u00e1rio. As informa\u00e7\u00f5es s\u00e3o da Ag\u00eancia C\u00e2mara de Not\u00edcias &nbsp;\" \/>\n<meta property=\"og:url\" content=\"https:\/\/noticiasemdestaque.com\/cd\/?p=4737\" \/>\n<meta property=\"og:site_name\" content=\"Not&iacute;cias em Destaque\" \/>\n<meta property=\"article:published_time\" content=\"2017-09-28T12:04:41+00:00\" \/>\n<meta property=\"og:image\" content=\"https:\/\/noticiasemdestaque.com\/cd\/wp-content\/uploads\/2017\/09\/proibido-fumar-300x264.jpg\" \/>\n\t<meta property=\"og:image:width\" content=\"300\" \/>\n\t<meta property=\"og:image:height\" content=\"264\" \/>\n\t<meta property=\"og:image:type\" content=\"image\/jpeg\" \/>\n<meta name=\"author\" content=\"Not\u00edcias em Destaque\" \/>\n<meta name=\"twitter:card\" content=\"summary_large_image\" \/>\n<meta name=\"twitter:label1\" content=\"Escrito por\" \/>\n\t<meta name=\"twitter:data1\" content=\"Not\u00edcias em Destaque\" \/>\n\t<meta name=\"twitter:label2\" content=\"Est. tempo de leitura\" \/>\n\t<meta name=\"twitter:data2\" content=\"1 minuto\" \/>\n<script type=\"application\/ld+json\" class=\"yoast-schema-graph\">{\"@context\":\"https:\/\/schema.org\",\"@graph\":[{\"@type\":\"Article\",\"@id\":\"https:\/\/noticiasemdestaque.com\/cd\/?p=4737#article\",\"isPartOf\":{\"@id\":\"https:\/\/noticiasemdestaque.com\/cd\/?p=4737\"},\"author\":{\"name\":\"Not\u00edcias em Destaque\",\"@id\":\"https:\/\/noticiasemdestaque.com\/cd\/#\/schema\/person\/21320b03a7e8bb90128938dafc9b908a\"},\"headline\":\"Comiss\u00e3o aprova proibi\u00e7\u00e3o de fumar em ve\u00edculos quando neles houver crian\u00e7a, adolescente ou gestante\",\"datePublished\":\"2017-09-28T12:04:41+00:00\",\"mainEntityOfPage\":{\"@id\":\"https:\/\/noticiasemdestaque.com\/cd\/?p=4737\"},\"wordCount\":216,\"publisher\":{\"@id\":\"https:\/\/noticiasemdestaque.com\/cd\/#organization\"},\"image\":{\"@id\":\"https:\/\/noticiasemdestaque.com\/cd\/?p=4737#primaryimage\"},\"thumbnailUrl\":\"https:\/\/noticiasemdestaque.com\/cd\/wp-content\/uploads\/2017\/09\/proibido-fumar-300x264.jpg\",\"articleSection\":[\"Pol\u00edtica\"],\"inLanguage\":\"pt-BR\"},{\"@type\":\"WebPage\",\"@id\":\"https:\/\/noticiasemdestaque.com\/cd\/?p=4737\",\"url\":\"https:\/\/noticiasemdestaque.com\/cd\/?p=4737\",\"name\":\"Comiss\u00e3o aprova proibi\u00e7\u00e3o de fumar em ve\u00edculos quando neles houver crian\u00e7a, adolescente ou gestante - Not&iacute;cias em Destaque\",\"isPartOf\":{\"@id\":\"https:\/\/noticiasemdestaque.com\/cd\/#website\"},\"primaryImageOfPage\":{\"@id\":\"https:\/\/noticiasemdestaque.com\/cd\/?p=4737#primaryimage\"},\"image\":{\"@id\":\"https:\/\/noticiasemdestaque.com\/cd\/?p=4737#primaryimage\"},\"thumbnailUrl\":\"https:\/\/noticiasemdestaque.com\/cd\/wp-content\/uploads\/2017\/09\/proibido-fumar-300x264.jpg\",\"datePublished\":\"2017-09-28T12:04:41+00:00\",\"breadcrumb\":{\"@id\":\"https:\/\/noticiasemdestaque.com\/cd\/?p=4737#breadcrumb\"},\"inLanguage\":\"pt-BR\",\"potentialAction\":[{\"@type\":\"ReadAction\",\"target\":[\"https:\/\/noticiasemdestaque.com\/cd\/?p=4737\"]}]},{\"@type\":\"ImageObject\",\"inLanguage\":\"pt-BR\",\"@id\":\"https:\/\/noticiasemdestaque.com\/cd\/?p=4737#primaryimage\",\"url\":\"https:\/\/noticiasemdestaque.com\/cd\/wp-content\/uploads\/2017\/09\/proibido-fumar-300x264.jpg\",\"contentUrl\":\"https:\/\/noticiasemdestaque.com\/cd\/wp-content\/uploads\/2017\/09\/proibido-fumar-300x264.jpg\",\"width\":300,\"height\":264},{\"@type\":\"BreadcrumbList\",\"@id\":\"https:\/\/noticiasemdestaque.com\/cd\/?p=4737#breadcrumb\",\"itemListElement\":[{\"@type\":\"ListItem\",\"position\":1,\"name\":\"In\u00edcio\",\"item\":\"https:\/\/noticiasemdestaque.com\/cd\/\"},{\"@type\":\"ListItem\",\"position\":2,\"name\":\"Comiss\u00e3o aprova proibi\u00e7\u00e3o de fumar em ve\u00edculos quando neles houver crian\u00e7a, adolescente ou gestante\"}]},{\"@type\":\"WebSite\",\"@id\":\"https:\/\/noticiasemdestaque.com\/cd\/#website\",\"url\":\"https:\/\/noticiasemdestaque.com\/cd\/\",\"name\":\"Not&iacute;cias em Destaque\",\"description\":\"\",\"publisher\":{\"@id\":\"https:\/\/noticiasemdestaque.com\/cd\/#organization\"},\"potentialAction\":[{\"@type\":\"SearchAction\",\"target\":{\"@type\":\"EntryPoint\",\"urlTemplate\":\"https:\/\/noticiasemdestaque.com\/cd\/?s={search_term_string}\"},\"query-input\":{\"@type\":\"PropertyValueSpecification\",\"valueRequired\":true,\"valueName\":\"search_term_string\"}}],\"inLanguage\":\"pt-BR\"},{\"@type\":\"Organization\",\"@id\":\"https:\/\/noticiasemdestaque.com\/cd\/#organization\",\"name\":\"Not\u00edcias em Destaque\",\"url\":\"https:\/\/noticiasemdestaque.com\/cd\/\",\"logo\":{\"@type\":\"ImageObject\",\"inLanguage\":\"pt-BR\",\"@id\":\"https:\/\/noticiasemdestaque.com\/cd\/#\/schema\/logo\/image\/\",\"url\":\"https:\/\/noticiasemdestaque.com\/cd\/wp-content\/uploads\/2022\/05\/imagem-base-noticiasemdestaque.png\",\"contentUrl\":\"https:\/\/noticiasemdestaque.com\/cd\/wp-content\/uploads\/2022\/05\/imagem-base-noticiasemdestaque.png\",\"width\":1200,\"height\":630,\"caption\":\"Not\u00edcias em Destaque\"},\"image\":{\"@id\":\"https:\/\/noticiasemdestaque.com\/cd\/#\/schema\/logo\/image\/\"}},{\"@type\":\"Person\",\"@id\":\"https:\/\/noticiasemdestaque.com\/cd\/#\/schema\/person\/21320b03a7e8bb90128938dafc9b908a\",\"name\":\"Not\u00edcias em Destaque\",\"url\":\"https:\/\/noticiasemdestaque.com\/cd\/?author=2\"}]}<\/script>\n<!-- \/ Yoast SEO plugin. -->","yoast_head_json":{"title":"Comiss\u00e3o aprova proibi\u00e7\u00e3o de fumar em ve\u00edculos quando neles houver crian\u00e7a, adolescente ou gestante - Not&iacute;cias em Destaque","robots":{"index":"index","follow":"follow","max-snippet":"max-snippet:-1","max-image-preview":"max-image-preview:large","max-video-preview":"max-video-preview:-1"},"canonical":"https:\/\/noticiasemdestaque.com\/cd\/?p=4737","og_locale":"pt_BR","og_type":"article","og_title":"Comiss\u00e3o aprova proibi\u00e7\u00e3o de fumar em ve\u00edculos quando neles houver crian\u00e7a, adolescente ou gestante - Not&iacute;cias em Destaque","og_description":"\u00a0Comiss\u00e3o de Via\u00e7\u00e3o e Transportes aprovou proposta que altera a Lei Antifumo (Lei 9.294\/96) para proibir o uso de cigarros, cigarrilhas, charutos, cachimbos ou qualquer outro produto com fumo em aeronaves e ve\u00edculos de transporte coletivo ou individual onde esteja gestante, crian\u00e7a ou adolescente. Foi aprovado um\u00a0substitutivo\u00a0do relator, deputado Altineu C\u00f4rtes (PMDB-RJ), para o Projeto de Lei\u00a04074\/15, do Senado, e outros tr\u00eas apensados. O projeto original inclu\u00eda a altera\u00e7\u00e3o tamb\u00e9m no Estatuto da Crian\u00e7a e do Adolescente (Lei 8.069\/90) e previa pena de deten\u00e7\u00e3o para os infratores. Cort\u00eas, no entanto, acolheu sugest\u00f5es de outros deputados para excluir do texto as puni\u00e7\u00f5es e incluir a proibi\u00e7\u00e3o apenas na Lei Antifumo. \u201cEntendemos que a inclus\u00e3o da veda\u00e7\u00e3o na Lei 9.294, de 1996, j\u00e1 seria suficiente para alcan\u00e7ar os efeitos pretendidos\u201d, disse. Tramita\u00e7\u00e3o O projeto, que tramita em\u00a0regime de prioridade, ser\u00e1 analisado pelas comiss\u00f5es de Seguridade Social e Fam\u00edlia; e de Constitui\u00e7\u00e3o e Justi\u00e7a e de Cidadania. Depois, segue para an\u00e1lise do Plen\u00e1rio. As informa\u00e7\u00f5es s\u00e3o da Ag\u00eancia C\u00e2mara de Not\u00edcias &nbsp;","og_url":"https:\/\/noticiasemdestaque.com\/cd\/?p=4737","og_site_name":"Not&iacute;cias em Destaque","article_published_time":"2017-09-28T12:04:41+00:00","og_image":[{"width":300,"height":264,"url":"https:\/\/noticiasemdestaque.com\/cd\/wp-content\/uploads\/2017\/09\/proibido-fumar-300x264.jpg","type":"image\/jpeg"}],"author":"Not\u00edcias em Destaque","twitter_card":"summary_large_image","twitter_misc":{"Escrito por":"Not\u00edcias em Destaque","Est. tempo de leitura":"1 minuto"},"schema":{"@context":"https:\/\/schema.org","@graph":[{"@type":"Article","@id":"https:\/\/noticiasemdestaque.com\/cd\/?p=4737#article","isPartOf":{"@id":"https:\/\/noticiasemdestaque.com\/cd\/?p=4737"},"author":{"name":"Not\u00edcias em Destaque","@id":"https:\/\/noticiasemdestaque.com\/cd\/#\/schema\/person\/21320b03a7e8bb90128938dafc9b908a"},"headline":"Comiss\u00e3o aprova proibi\u00e7\u00e3o de fumar em ve\u00edculos quando neles houver crian\u00e7a, adolescente ou gestante","datePublished":"2017-09-28T12:04:41+00:00","mainEntityOfPage":{"@id":"https:\/\/noticiasemdestaque.com\/cd\/?p=4737"},"wordCount":216,"publisher":{"@id":"https:\/\/noticiasemdestaque.com\/cd\/#organization"},"image":{"@id":"https:\/\/noticiasemdestaque.com\/cd\/?p=4737#primaryimage"},"thumbnailUrl":"https:\/\/noticiasemdestaque.com\/cd\/wp-content\/uploads\/2017\/09\/proibido-fumar-300x264.jpg","articleSection":["Pol\u00edtica"],"inLanguage":"pt-BR"},{"@type":"WebPage","@id":"https:\/\/noticiasemdestaque.com\/cd\/?p=4737","url":"https:\/\/noticiasemdestaque.com\/cd\/?p=4737","name":"Comiss\u00e3o aprova proibi\u00e7\u00e3o de fumar em ve\u00edculos quando neles houver crian\u00e7a, adolescente ou gestante - Not&iacute;cias em Destaque","isPartOf":{"@id":"https:\/\/noticiasemdestaque.com\/cd\/#website"},"primaryImageOfPage":{"@id":"https:\/\/noticiasemdestaque.com\/cd\/?p=4737#primaryimage"},"image":{"@id":"https:\/\/noticiasemdestaque.com\/cd\/?p=4737#primaryimage"},"thumbnailUrl":"https:\/\/noticiasemdestaque.com\/cd\/wp-content\/uploads\/2017\/09\/proibido-fumar-300x264.jpg","datePublished":"2017-09-28T12:04:41+00:00","breadcrumb":{"@id":"https:\/\/noticiasemdestaque.com\/cd\/?p=4737#breadcrumb"},"inLanguage":"pt-BR","potentialAction":[{"@type":"ReadAction","target":["https:\/\/noticiasemdestaque.com\/cd\/?p=4737"]}]},{"@type":"ImageObject","inLanguage":"pt-BR","@id":"https:\/\/noticiasemdestaque.com\/cd\/?p=4737#primaryimage","url":"https:\/\/noticiasemdestaque.com\/cd\/wp-content\/uploads\/2017\/09\/proibido-fumar-300x264.jpg","contentUrl":"https:\/\/noticiasemdestaque.com\/cd\/wp-content\/uploads\/2017\/09\/proibido-fumar-300x264.jpg","width":300,"height":264},{"@type":"BreadcrumbList","@id":"https:\/\/noticiasemdestaque.com\/cd\/?p=4737#breadcrumb","itemListElement":[{"@type":"ListItem","position":1,"name":"In\u00edcio","item":"https:\/\/noticiasemdestaque.com\/cd\/"},{"@type":"ListItem","position":2,"name":"Comiss\u00e3o aprova proibi\u00e7\u00e3o de fumar em ve\u00edculos quando neles houver crian\u00e7a, adolescente ou gestante"}]},{"@type":"WebSite","@id":"https:\/\/noticiasemdestaque.com\/cd\/#website","url":"https:\/\/noticiasemdestaque.com\/cd\/","name":"Not&iacute;cias em Destaque","description":"","publisher":{"@id":"https:\/\/noticiasemdestaque.com\/cd\/#organization"},"potentialAction":[{"@type":"SearchAction","target":{"@type":"EntryPoint","urlTemplate":"https:\/\/noticiasemdestaque.com\/cd\/?s={search_term_string}"},"query-input":{"@type":"PropertyValueSpecification","valueRequired":true,"valueName":"search_term_string"}}],"inLanguage":"pt-BR"},{"@type":"Organization","@id":"https:\/\/noticiasemdestaque.com\/cd\/#organization","name":"Not\u00edcias em Destaque","url":"https:\/\/noticiasemdestaque.com\/cd\/","logo":{"@type":"ImageObject","inLanguage":"pt-BR","@id":"https:\/\/noticiasemdestaque.com\/cd\/#\/schema\/logo\/image\/","url":"https:\/\/noticiasemdestaque.com\/cd\/wp-content\/uploads\/2022\/05\/imagem-base-noticiasemdestaque.png","contentUrl":"https:\/\/noticiasemdestaque.com\/cd\/wp-content\/uploads\/2022\/05\/imagem-base-noticiasemdestaque.png","width":1200,"height":630,"caption":"Not\u00edcias em Destaque"},"image":{"@id":"https:\/\/noticiasemdestaque.com\/cd\/#\/schema\/logo\/image\/"}},{"@type":"Person","@id":"https:\/\/noticiasemdestaque.com\/cd\/#\/schema\/person\/21320b03a7e8bb90128938dafc9b908a","name":"Not\u00edcias em Destaque","url":"https:\/\/noticiasemdestaque.com\/cd\/?author=2"}]}},"jetpack_featured_media_url":"https:\/\/noticiasemdestaque.com\/cd\/wp-content\/uploads\/2017\/09\/proibido-fumar-300x264.jpg","jetpack_sharing_enabled":true,"_links":{"self":[{"href":"https:\/\/noticiasemdestaque.com\/cd\/index.php?rest_route=\/wp\/v2\/posts\/4737","targetHints":{"allow":["GET"]}}],"collection":[{"href":"https:\/\/noticiasemdestaque.com\/cd\/index.php?rest_route=\/wp\/v2\/posts"}],"about":[{"href":"https:\/\/noticiasemdestaque.com\/cd\/index.php?rest_route=\/wp\/v2\/types\/post"}],"author":[{"embeddable":true,"href":"https:\/\/noticiasemdestaque.com\/cd\/index.php?rest_route=\/wp\/v2\/users\/2"}],"replies":[{"embeddable":true,"href":"https:\/\/noticiasemdestaque.com\/cd\/index.php?rest_route=%2Fwp%2Fv2%2Fcomments&post=4737"}],"version-history":[{"count":1,"href":"https:\/\/noticiasemdestaque.com\/cd\/index.php?rest_route=\/wp\/v2\/posts\/4737\/revisions"}],"predecessor-version":[{"id":4739,"href":"https:\/\/noticiasemdestaque.com\/cd\/index.php?rest_route=\/wp\/v2\/posts\/4737\/revisions\/4739"}],"wp:featuredmedia":[{"embeddable":true,"href":"https:\/\/noticiasemdestaque.com\/cd\/index.php?rest_route=\/wp\/v2\/media\/4738"}],"wp:attachment":[{"href":"https:\/\/noticiasemdestaque.com\/cd\/index.php?rest_route=%2Fwp%2Fv2%2Fmedia&parent=4737"}],"wp:term":[{"taxonomy":"category","embeddable":true,"href":"https:\/\/noticiasemdestaque.com\/cd\/index.php?rest_route=%2Fwp%2Fv2%2Fcategories&post=4737"},{"taxonomy":"post_tag","embeddable":true,"href":"https:\/\/noticiasemdestaque.com\/cd\/index.php?rest_route=%2Fwp%2Fv2%2Ftags&post=4737"}],"curies":[{"name":"wp","href":"https:\/\/api.w.org\/{rel}","templated":true}]}}