{"id":4734,"date":"2017-09-28T07:33:28","date_gmt":"2017-09-28T10:33:28","guid":{"rendered":"http:\/\/caririemdestaque.com\/cd\/?p=4734"},"modified":"2017-09-28T07:33:28","modified_gmt":"2017-09-28T10:33:28","slug":"psb-oferece-ao-pmdb-vaga-de-senador-ou-de-vice-para-as-eleicoes-de-2018","status":"publish","type":"post","link":"https:\/\/noticiasemdestaque.com\/cd\/?p=4734","title":{"rendered":"PSB oferece ao PMDB vaga de senador ou de vice para as elei\u00e7\u00f5es de 2018"},"content":{"rendered":"<p><a href=\"http:\/\/caririemdestaque.com\/cd\/wp-content\/uploads\/2017\/09\/Z-1-1-1.jpg\"><img fetchpriority=\"high\" decoding=\"async\" class=\"wp-image-4735 size-medium alignleft\" src=\"http:\/\/caririemdestaque.com\/cd\/wp-content\/uploads\/2017\/09\/Z-1-1-1-300x170.jpg\" alt=\"\" width=\"300\" height=\"170\" srcset=\"https:\/\/noticiasemdestaque.com\/cd\/wp-content\/uploads\/2017\/09\/Z-1-1-1-300x170.jpg 300w, https:\/\/noticiasemdestaque.com\/cd\/wp-content\/uploads\/2017\/09\/Z-1-1-1.jpg 400w\" sizes=\"(max-width: 300px) 100vw, 300px\" \/><\/a>A vice ou o Senado. Essas s\u00e3o as duas vagas que o PSB est\u00e1 disposto a disponibilizar para o PMDB se alinhar ao projeto que ter\u00e1 o secret\u00e1rio Jo\u00e3o Azev\u00eado (PSB) como cabe\u00e7a, na disputa pela sucess\u00e3o estadual.<\/p>\n<p>Segundo o presidente estadual do PSB, Edvaldo Rosas, que foi reconduzido ao comando da sigla no \u00faltimo fim de semana, durante Congresso, o PSB n\u00e3o abrir\u00e1 m\u00e3o de encabe\u00e7ar a chapa. Rosas, inclusive, j\u00e1 foi recrutado para coordenar a campanha de Jo\u00e3o, em 2018.<\/p>\n<p>PSB e PMDB j\u00e1 estiveram juntos em mais de um ter\u00e7o das cidades da Para\u00edba nas \u00faltimas elei\u00e7\u00f5es municipais, s\u00e3o aliados do Estado, e podem, conforme Rosas, novamente marcharem unidos.<\/p>\n<p>De acordo com o dirigente, o PMDB, al\u00e9m de ocupar a vice do PSB e, ou, a vaga para o Senado, pode tamb\u00e9m abarcar algumas supl\u00eancias.<\/p>\n<p>\u201cVamos massificar o nome de Jo\u00e3o em toda a Para\u00edba. O nome de Jo\u00e3o \u00e9 qualificado; ele toca esse trabalho. Temos 200 obras para inaugurar at\u00e9 dezembro do ano que vem. A oposi\u00e7\u00e3o n\u00e3o tem um discurso contra essa gest\u00e3o, nem do ponto de vista de crise nem de corrup\u00e7\u00e3o; estamos muito bem avaliados\u201d, afirmou.<\/p>\n<p>Fonte: PB Agora<\/p>\n<p>Foto ilustrativa da internet<\/p>\n","protected":false},"excerpt":{"rendered":"<p>A vice ou o Senado. Essas s\u00e3o as duas vagas que o PSB est\u00e1 disposto a disponibilizar para o PMDB se alinhar ao projeto que ter\u00e1 o secret\u00e1rio Jo\u00e3o Azev\u00eado (PSB) como cabe\u00e7a, na disputa pela sucess\u00e3o estadual. Segundo o presidente estadual do PSB, Edvaldo Rosas, que foi reconduzido ao comando da sigla no \u00faltimo fim de semana, durante Congresso, o PSB n\u00e3o abrir\u00e1 m\u00e3o de encabe\u00e7ar a chapa. Rosas, inclusive, j\u00e1 foi recrutado para coordenar a campanha de Jo\u00e3o, em 2018. PSB e PMDB j\u00e1 estiveram juntos em mais de um ter\u00e7o das cidades da Para\u00edba nas \u00faltimas elei\u00e7\u00f5es municipais, s\u00e3o aliados do Estado, e podem, conforme Rosas, novamente marcharem unidos. De acordo com o dirigente, o PMDB, al\u00e9m de ocupar a vice do PSB e, ou, a vaga para o Senado, pode tamb\u00e9m abarcar algumas supl\u00eancias. \u201cVamos massificar o nome de Jo\u00e3o em toda a Para\u00edba. O nome de Jo\u00e3o \u00e9 qualificado; ele toca esse trabalho. Temos 200 obras para inaugurar at\u00e9 dezembro do ano que vem. A oposi\u00e7\u00e3o n\u00e3o tem um discurso contra essa gest\u00e3o, nem do ponto de vista de crise nem de corrup\u00e7\u00e3o; estamos muito bem avaliados\u201d, afirmou. Fonte: PB Agora Foto ilustrativa da internet<\/p>\n","protected":false},"author":2,"featured_media":4735,"comment_status":"closed","ping_status":"open","sticky":false,"template":"","format":"standard","meta":{"_eb_attr":"","_jetpack_memberships_contains_paid_content":false,"footnotes":""},"categories":[4],"tags":[],"class_list":["post-4734","post","type-post","status-publish","format-standard","has-post-thumbnail","hentry","category-politica"],"yoast_head":"<!-- This site is optimized with the Yoast SEO plugin v26.5 - https:\/\/yoast.com\/wordpress\/plugins\/seo\/ -->\n<title>PSB oferece ao PMDB vaga de senador ou de vice para as elei\u00e7\u00f5es de 2018 - Not&iacute;cias em Destaque<\/title>\n<meta name=\"robots\" content=\"index, follow, max-snippet:-1, max-image-preview:large, max-video-preview:-1\" \/>\n<link rel=\"canonical\" href=\"https:\/\/noticiasemdestaque.com\/cd\/?p=4734\" \/>\n<meta property=\"og:locale\" content=\"pt_BR\" \/>\n<meta property=\"og:type\" content=\"article\" \/>\n<meta property=\"og:title\" content=\"PSB oferece ao PMDB vaga de senador ou de vice para as elei\u00e7\u00f5es de 2018 - Not&iacute;cias em Destaque\" \/>\n<meta property=\"og:description\" content=\"A vice ou o Senado. Essas s\u00e3o as duas vagas que o PSB est\u00e1 disposto a disponibilizar para o PMDB se alinhar ao projeto que ter\u00e1 o secret\u00e1rio Jo\u00e3o Azev\u00eado (PSB) como cabe\u00e7a, na disputa pela sucess\u00e3o estadual. Segundo o presidente estadual do PSB, Edvaldo Rosas, que foi reconduzido ao comando da sigla no \u00faltimo fim de semana, durante Congresso, o PSB n\u00e3o abrir\u00e1 m\u00e3o de encabe\u00e7ar a chapa. Rosas, inclusive, j\u00e1 foi recrutado para coordenar a campanha de Jo\u00e3o, em 2018. PSB e PMDB j\u00e1 estiveram juntos em mais de um ter\u00e7o das cidades da Para\u00edba nas \u00faltimas elei\u00e7\u00f5es municipais, s\u00e3o aliados do Estado, e podem, conforme Rosas, novamente marcharem unidos. De acordo com o dirigente, o PMDB, al\u00e9m de ocupar a vice do PSB e, ou, a vaga para o Senado, pode tamb\u00e9m abarcar algumas supl\u00eancias. \u201cVamos massificar o nome de Jo\u00e3o em toda a Para\u00edba. O nome de Jo\u00e3o \u00e9 qualificado; ele toca esse trabalho. Temos 200 obras para inaugurar at\u00e9 dezembro do ano que vem. A oposi\u00e7\u00e3o n\u00e3o tem um discurso contra essa gest\u00e3o, nem do ponto de vista de crise nem de corrup\u00e7\u00e3o; estamos muito bem avaliados\u201d, afirmou. Fonte: PB Agora Foto ilustrativa da internet\" \/>\n<meta property=\"og:url\" content=\"https:\/\/noticiasemdestaque.com\/cd\/?p=4734\" \/>\n<meta property=\"og:site_name\" content=\"Not&iacute;cias em Destaque\" \/>\n<meta property=\"article:published_time\" content=\"2017-09-28T10:33:28+00:00\" \/>\n<meta property=\"og:image\" content=\"https:\/\/noticiasemdestaque.com\/cd\/wp-content\/uploads\/2017\/09\/Z-1-1-1.jpg\" \/>\n\t<meta property=\"og:image:width\" content=\"400\" \/>\n\t<meta property=\"og:image:height\" content=\"226\" \/>\n\t<meta property=\"og:image:type\" content=\"image\/jpeg\" \/>\n<meta name=\"author\" content=\"Not\u00edcias em Destaque\" \/>\n<meta name=\"twitter:card\" content=\"summary_large_image\" \/>\n<meta name=\"twitter:label1\" content=\"Escrito por\" \/>\n\t<meta name=\"twitter:data1\" content=\"Not\u00edcias em Destaque\" \/>\n\t<meta name=\"twitter:label2\" content=\"Est. tempo de leitura\" \/>\n\t<meta name=\"twitter:data2\" content=\"1 minuto\" \/>\n<script type=\"application\/ld+json\" class=\"yoast-schema-graph\">{\"@context\":\"https:\/\/schema.org\",\"@graph\":[{\"@type\":\"Article\",\"@id\":\"https:\/\/noticiasemdestaque.com\/cd\/?p=4734#article\",\"isPartOf\":{\"@id\":\"https:\/\/noticiasemdestaque.com\/cd\/?p=4734\"},\"author\":{\"name\":\"Not\u00edcias em Destaque\",\"@id\":\"https:\/\/noticiasemdestaque.com\/cd\/#\/schema\/person\/21320b03a7e8bb90128938dafc9b908a\"},\"headline\":\"PSB oferece ao PMDB vaga de senador ou de vice para as elei\u00e7\u00f5es de 2018\",\"datePublished\":\"2017-09-28T10:33:28+00:00\",\"mainEntityOfPage\":{\"@id\":\"https:\/\/noticiasemdestaque.com\/cd\/?p=4734\"},\"wordCount\":236,\"publisher\":{\"@id\":\"https:\/\/noticiasemdestaque.com\/cd\/#organization\"},\"image\":{\"@id\":\"https:\/\/noticiasemdestaque.com\/cd\/?p=4734#primaryimage\"},\"thumbnailUrl\":\"https:\/\/noticiasemdestaque.com\/cd\/wp-content\/uploads\/2017\/09\/Z-1-1-1.jpg\",\"articleSection\":[\"Pol\u00edtica\"],\"inLanguage\":\"pt-BR\"},{\"@type\":\"WebPage\",\"@id\":\"https:\/\/noticiasemdestaque.com\/cd\/?p=4734\",\"url\":\"https:\/\/noticiasemdestaque.com\/cd\/?p=4734\",\"name\":\"PSB oferece ao PMDB vaga de senador ou de vice para as elei\u00e7\u00f5es de 2018 - Not&iacute;cias em Destaque\",\"isPartOf\":{\"@id\":\"https:\/\/noticiasemdestaque.com\/cd\/#website\"},\"primaryImageOfPage\":{\"@id\":\"https:\/\/noticiasemdestaque.com\/cd\/?p=4734#primaryimage\"},\"image\":{\"@id\":\"https:\/\/noticiasemdestaque.com\/cd\/?p=4734#primaryimage\"},\"thumbnailUrl\":\"https:\/\/noticiasemdestaque.com\/cd\/wp-content\/uploads\/2017\/09\/Z-1-1-1.jpg\",\"datePublished\":\"2017-09-28T10:33:28+00:00\",\"breadcrumb\":{\"@id\":\"https:\/\/noticiasemdestaque.com\/cd\/?p=4734#breadcrumb\"},\"inLanguage\":\"pt-BR\",\"potentialAction\":[{\"@type\":\"ReadAction\",\"target\":[\"https:\/\/noticiasemdestaque.com\/cd\/?p=4734\"]}]},{\"@type\":\"ImageObject\",\"inLanguage\":\"pt-BR\",\"@id\":\"https:\/\/noticiasemdestaque.com\/cd\/?p=4734#primaryimage\",\"url\":\"https:\/\/noticiasemdestaque.com\/cd\/wp-content\/uploads\/2017\/09\/Z-1-1-1.jpg\",\"contentUrl\":\"https:\/\/noticiasemdestaque.com\/cd\/wp-content\/uploads\/2017\/09\/Z-1-1-1.jpg\",\"width\":400,\"height\":226},{\"@type\":\"BreadcrumbList\",\"@id\":\"https:\/\/noticiasemdestaque.com\/cd\/?p=4734#breadcrumb\",\"itemListElement\":[{\"@type\":\"ListItem\",\"position\":1,\"name\":\"In\u00edcio\",\"item\":\"https:\/\/noticiasemdestaque.com\/cd\/\"},{\"@type\":\"ListItem\",\"position\":2,\"name\":\"PSB oferece ao PMDB vaga de senador ou de vice para as elei\u00e7\u00f5es de 2018\"}]},{\"@type\":\"WebSite\",\"@id\":\"https:\/\/noticiasemdestaque.com\/cd\/#website\",\"url\":\"https:\/\/noticiasemdestaque.com\/cd\/\",\"name\":\"Not&iacute;cias em Destaque\",\"description\":\"\",\"publisher\":{\"@id\":\"https:\/\/noticiasemdestaque.com\/cd\/#organization\"},\"potentialAction\":[{\"@type\":\"SearchAction\",\"target\":{\"@type\":\"EntryPoint\",\"urlTemplate\":\"https:\/\/noticiasemdestaque.com\/cd\/?s={search_term_string}\"},\"query-input\":{\"@type\":\"PropertyValueSpecification\",\"valueRequired\":true,\"valueName\":\"search_term_string\"}}],\"inLanguage\":\"pt-BR\"},{\"@type\":\"Organization\",\"@id\":\"https:\/\/noticiasemdestaque.com\/cd\/#organization\",\"name\":\"Not\u00edcias em Destaque\",\"url\":\"https:\/\/noticiasemdestaque.com\/cd\/\",\"logo\":{\"@type\":\"ImageObject\",\"inLanguage\":\"pt-BR\",\"@id\":\"https:\/\/noticiasemdestaque.com\/cd\/#\/schema\/logo\/image\/\",\"url\":\"https:\/\/noticiasemdestaque.com\/cd\/wp-content\/uploads\/2022\/05\/imagem-base-noticiasemdestaque.png\",\"contentUrl\":\"https:\/\/noticiasemdestaque.com\/cd\/wp-content\/uploads\/2022\/05\/imagem-base-noticiasemdestaque.png\",\"width\":1200,\"height\":630,\"caption\":\"Not\u00edcias em Destaque\"},\"image\":{\"@id\":\"https:\/\/noticiasemdestaque.com\/cd\/#\/schema\/logo\/image\/\"}},{\"@type\":\"Person\",\"@id\":\"https:\/\/noticiasemdestaque.com\/cd\/#\/schema\/person\/21320b03a7e8bb90128938dafc9b908a\",\"name\":\"Not\u00edcias em Destaque\",\"url\":\"https:\/\/noticiasemdestaque.com\/cd\/?author=2\"}]}<\/script>\n<!-- \/ Yoast SEO plugin. -->","yoast_head_json":{"title":"PSB oferece ao PMDB vaga de senador ou de vice para as elei\u00e7\u00f5es de 2018 - Not&iacute;cias em Destaque","robots":{"index":"index","follow":"follow","max-snippet":"max-snippet:-1","max-image-preview":"max-image-preview:large","max-video-preview":"max-video-preview:-1"},"canonical":"https:\/\/noticiasemdestaque.com\/cd\/?p=4734","og_locale":"pt_BR","og_type":"article","og_title":"PSB oferece ao PMDB vaga de senador ou de vice para as elei\u00e7\u00f5es de 2018 - Not&iacute;cias em Destaque","og_description":"A vice ou o Senado. Essas s\u00e3o as duas vagas que o PSB est\u00e1 disposto a disponibilizar para o PMDB se alinhar ao projeto que ter\u00e1 o secret\u00e1rio Jo\u00e3o Azev\u00eado (PSB) como cabe\u00e7a, na disputa pela sucess\u00e3o estadual. Segundo o presidente estadual do PSB, Edvaldo Rosas, que foi reconduzido ao comando da sigla no \u00faltimo fim de semana, durante Congresso, o PSB n\u00e3o abrir\u00e1 m\u00e3o de encabe\u00e7ar a chapa. Rosas, inclusive, j\u00e1 foi recrutado para coordenar a campanha de Jo\u00e3o, em 2018. PSB e PMDB j\u00e1 estiveram juntos em mais de um ter\u00e7o das cidades da Para\u00edba nas \u00faltimas elei\u00e7\u00f5es municipais, s\u00e3o aliados do Estado, e podem, conforme Rosas, novamente marcharem unidos. De acordo com o dirigente, o PMDB, al\u00e9m de ocupar a vice do PSB e, ou, a vaga para o Senado, pode tamb\u00e9m abarcar algumas supl\u00eancias. \u201cVamos massificar o nome de Jo\u00e3o em toda a Para\u00edba. O nome de Jo\u00e3o \u00e9 qualificado; ele toca esse trabalho. Temos 200 obras para inaugurar at\u00e9 dezembro do ano que vem. A oposi\u00e7\u00e3o n\u00e3o tem um discurso contra essa gest\u00e3o, nem do ponto de vista de crise nem de corrup\u00e7\u00e3o; estamos muito bem avaliados\u201d, afirmou. Fonte: PB Agora Foto ilustrativa da internet","og_url":"https:\/\/noticiasemdestaque.com\/cd\/?p=4734","og_site_name":"Not&iacute;cias em Destaque","article_published_time":"2017-09-28T10:33:28+00:00","og_image":[{"width":400,"height":226,"url":"https:\/\/noticiasemdestaque.com\/cd\/wp-content\/uploads\/2017\/09\/Z-1-1-1.jpg","type":"image\/jpeg"}],"author":"Not\u00edcias em Destaque","twitter_card":"summary_large_image","twitter_misc":{"Escrito por":"Not\u00edcias em Destaque","Est. tempo de leitura":"1 minuto"},"schema":{"@context":"https:\/\/schema.org","@graph":[{"@type":"Article","@id":"https:\/\/noticiasemdestaque.com\/cd\/?p=4734#article","isPartOf":{"@id":"https:\/\/noticiasemdestaque.com\/cd\/?p=4734"},"author":{"name":"Not\u00edcias em Destaque","@id":"https:\/\/noticiasemdestaque.com\/cd\/#\/schema\/person\/21320b03a7e8bb90128938dafc9b908a"},"headline":"PSB oferece ao PMDB vaga de senador ou de vice para as elei\u00e7\u00f5es de 2018","datePublished":"2017-09-28T10:33:28+00:00","mainEntityOfPage":{"@id":"https:\/\/noticiasemdestaque.com\/cd\/?p=4734"},"wordCount":236,"publisher":{"@id":"https:\/\/noticiasemdestaque.com\/cd\/#organization"},"image":{"@id":"https:\/\/noticiasemdestaque.com\/cd\/?p=4734#primaryimage"},"thumbnailUrl":"https:\/\/noticiasemdestaque.com\/cd\/wp-content\/uploads\/2017\/09\/Z-1-1-1.jpg","articleSection":["Pol\u00edtica"],"inLanguage":"pt-BR"},{"@type":"WebPage","@id":"https:\/\/noticiasemdestaque.com\/cd\/?p=4734","url":"https:\/\/noticiasemdestaque.com\/cd\/?p=4734","name":"PSB oferece ao PMDB vaga de senador ou de vice para as elei\u00e7\u00f5es de 2018 - Not&iacute;cias em Destaque","isPartOf":{"@id":"https:\/\/noticiasemdestaque.com\/cd\/#website"},"primaryImageOfPage":{"@id":"https:\/\/noticiasemdestaque.com\/cd\/?p=4734#primaryimage"},"image":{"@id":"https:\/\/noticiasemdestaque.com\/cd\/?p=4734#primaryimage"},"thumbnailUrl":"https:\/\/noticiasemdestaque.com\/cd\/wp-content\/uploads\/2017\/09\/Z-1-1-1.jpg","datePublished":"2017-09-28T10:33:28+00:00","breadcrumb":{"@id":"https:\/\/noticiasemdestaque.com\/cd\/?p=4734#breadcrumb"},"inLanguage":"pt-BR","potentialAction":[{"@type":"ReadAction","target":["https:\/\/noticiasemdestaque.com\/cd\/?p=4734"]}]},{"@type":"ImageObject","inLanguage":"pt-BR","@id":"https:\/\/noticiasemdestaque.com\/cd\/?p=4734#primaryimage","url":"https:\/\/noticiasemdestaque.com\/cd\/wp-content\/uploads\/2017\/09\/Z-1-1-1.jpg","contentUrl":"https:\/\/noticiasemdestaque.com\/cd\/wp-content\/uploads\/2017\/09\/Z-1-1-1.jpg","width":400,"height":226},{"@type":"BreadcrumbList","@id":"https:\/\/noticiasemdestaque.com\/cd\/?p=4734#breadcrumb","itemListElement":[{"@type":"ListItem","position":1,"name":"In\u00edcio","item":"https:\/\/noticiasemdestaque.com\/cd\/"},{"@type":"ListItem","position":2,"name":"PSB oferece ao PMDB vaga de senador ou de vice para as elei\u00e7\u00f5es de 2018"}]},{"@type":"WebSite","@id":"https:\/\/noticiasemdestaque.com\/cd\/#website","url":"https:\/\/noticiasemdestaque.com\/cd\/","name":"Not&iacute;cias em Destaque","description":"","publisher":{"@id":"https:\/\/noticiasemdestaque.com\/cd\/#organization"},"potentialAction":[{"@type":"SearchAction","target":{"@type":"EntryPoint","urlTemplate":"https:\/\/noticiasemdestaque.com\/cd\/?s={search_term_string}"},"query-input":{"@type":"PropertyValueSpecification","valueRequired":true,"valueName":"search_term_string"}}],"inLanguage":"pt-BR"},{"@type":"Organization","@id":"https:\/\/noticiasemdestaque.com\/cd\/#organization","name":"Not\u00edcias em Destaque","url":"https:\/\/noticiasemdestaque.com\/cd\/","logo":{"@type":"ImageObject","inLanguage":"pt-BR","@id":"https:\/\/noticiasemdestaque.com\/cd\/#\/schema\/logo\/image\/","url":"https:\/\/noticiasemdestaque.com\/cd\/wp-content\/uploads\/2022\/05\/imagem-base-noticiasemdestaque.png","contentUrl":"https:\/\/noticiasemdestaque.com\/cd\/wp-content\/uploads\/2022\/05\/imagem-base-noticiasemdestaque.png","width":1200,"height":630,"caption":"Not\u00edcias em Destaque"},"image":{"@id":"https:\/\/noticiasemdestaque.com\/cd\/#\/schema\/logo\/image\/"}},{"@type":"Person","@id":"https:\/\/noticiasemdestaque.com\/cd\/#\/schema\/person\/21320b03a7e8bb90128938dafc9b908a","name":"Not\u00edcias em Destaque","url":"https:\/\/noticiasemdestaque.com\/cd\/?author=2"}]}},"jetpack_featured_media_url":"https:\/\/noticiasemdestaque.com\/cd\/wp-content\/uploads\/2017\/09\/Z-1-1-1.jpg","jetpack_sharing_enabled":true,"_links":{"self":[{"href":"https:\/\/noticiasemdestaque.com\/cd\/index.php?rest_route=\/wp\/v2\/posts\/4734","targetHints":{"allow":["GET"]}}],"collection":[{"href":"https:\/\/noticiasemdestaque.com\/cd\/index.php?rest_route=\/wp\/v2\/posts"}],"about":[{"href":"https:\/\/noticiasemdestaque.com\/cd\/index.php?rest_route=\/wp\/v2\/types\/post"}],"author":[{"embeddable":true,"href":"https:\/\/noticiasemdestaque.com\/cd\/index.php?rest_route=\/wp\/v2\/users\/2"}],"replies":[{"embeddable":true,"href":"https:\/\/noticiasemdestaque.com\/cd\/index.php?rest_route=%2Fwp%2Fv2%2Fcomments&post=4734"}],"version-history":[{"count":1,"href":"https:\/\/noticiasemdestaque.com\/cd\/index.php?rest_route=\/wp\/v2\/posts\/4734\/revisions"}],"predecessor-version":[{"id":4736,"href":"https:\/\/noticiasemdestaque.com\/cd\/index.php?rest_route=\/wp\/v2\/posts\/4734\/revisions\/4736"}],"wp:featuredmedia":[{"embeddable":true,"href":"https:\/\/noticiasemdestaque.com\/cd\/index.php?rest_route=\/wp\/v2\/media\/4735"}],"wp:attachment":[{"href":"https:\/\/noticiasemdestaque.com\/cd\/index.php?rest_route=%2Fwp%2Fv2%2Fmedia&parent=4734"}],"wp:term":[{"taxonomy":"category","embeddable":true,"href":"https:\/\/noticiasemdestaque.com\/cd\/index.php?rest_route=%2Fwp%2Fv2%2Fcategories&post=4734"},{"taxonomy":"post_tag","embeddable":true,"href":"https:\/\/noticiasemdestaque.com\/cd\/index.php?rest_route=%2Fwp%2Fv2%2Ftags&post=4734"}],"curies":[{"name":"wp","href":"https:\/\/api.w.org\/{rel}","templated":true}]}}