{"id":4728,"date":"2017-09-28T07:29:09","date_gmt":"2017-09-28T10:29:09","guid":{"rendered":"http:\/\/caririemdestaque.com\/cd\/?p=4728"},"modified":"2017-09-28T07:29:09","modified_gmt":"2017-09-28T10:29:09","slug":"ipva-com-desconto-na-paraiba-deve-ser-pago-ate-sexta-feira","status":"publish","type":"post","link":"https:\/\/noticiasemdestaque.com\/cd\/?p=4728","title":{"rendered":"IPVA com desconto na Para\u00edba deve ser pago at\u00e9 sexta-feira"},"content":{"rendered":"<figure id=\"attachment_4729\" aria-describedby=\"caption-attachment-4729\" style=\"width: 300px\" class=\"wp-caption alignleft\"><a href=\"http:\/\/caririemdestaque.com\/cd\/wp-content\/uploads\/2017\/09\/ipva-carro.jpg\"><img fetchpriority=\"high\" decoding=\"async\" class=\"wp-image-4729 size-medium\" src=\"http:\/\/caririemdestaque.com\/cd\/wp-content\/uploads\/2017\/09\/ipva-carro-300x201.jpg\" alt=\"\" width=\"300\" height=\"201\" srcset=\"https:\/\/noticiasemdestaque.com\/cd\/wp-content\/uploads\/2017\/09\/ipva-carro-300x201.jpg 300w, https:\/\/noticiasemdestaque.com\/cd\/wp-content\/uploads\/2017\/09\/ipva-carro-768x516.jpg 768w, https:\/\/noticiasemdestaque.com\/cd\/wp-content\/uploads\/2017\/09\/ipva-carro-480x320.jpg 480w, https:\/\/noticiasemdestaque.com\/cd\/wp-content\/uploads\/2017\/09\/ipva-carro.jpg 800w\" sizes=\"(max-width: 300px) 100vw, 300px\" \/><\/a><figcaption id=\"caption-attachment-4729\" class=\"wp-caption-text\">Foto: Reprodu\u00e7\u00e3o\/ Internet<\/figcaption><\/figure>\n<p>Os propriet\u00e1rios de ve\u00edculos com placa final 9, que optarem pelo pagamento do Imposto sobre a Propriedade de Ve\u00edculos Automotores (IPVA) na cota \u00fanica \u00e0 vista com desconto de 10%, dever\u00e3o antecipar o pagamento at\u00e9 esta sexta-feira (29).<\/p>\n<p>Contudo, os contribuintes que optarem pelo parcelamento t\u00eam duas op\u00e7\u00f5es de pagamento. A primeira \u00e9 o parcelamento em tr\u00eas vezes sem desconto, sendo a primeira com vencimento tamb\u00e9m no dia 29 de setembro.<\/p>\n<p>O propriet\u00e1rio tem ainda a op\u00e7\u00e3o do pagamento total do IPVA apenas no dia 30 de novembro, tamb\u00e9m sem o desconto de 10%.<\/p>\n<p>As emiss\u00f5es dos boletos do IPVA somente ser\u00e3o impressas via portais da Secretaria de Estado da Receita www.receita.pb.gov.br ou do Detran-PB http:\/\/www.detran.pb.gov.br.<\/p>\n<p>Para imprimir, o contribuinte vai precisar digitar apenas os n\u00fameros da placa do ve\u00edculo e do Renavam impressos no documento CRV (Certificado de Registro de Ve\u00edculo).<\/p>\n<p>O boleto do IPVA poder\u00e1 ser ainda emitido nas reparti\u00e7\u00f5es fiscais ou ent\u00e3o nas unidades do Detran-PB do Estado.<\/p>\n<p>Al\u00e9m dos guich\u00eas das ag\u00eancias do Banco do Brasil (BB), associados e dos caixas de autoatendimento, os contribuintes poder\u00e3o ainda pagar de forma mais pr\u00e1tica no mobile banking \u2013 aplicativo dispon\u00edvel pelo BB para aparelhos m\u00f3veis como smartphones.<\/p>\n<p>Os donos dos ve\u00edculos tamb\u00e9m precisam ficar atento ao pagamento de quem parcelou nos meses anteriores.<\/p>\n<p>A placa final 8 ter\u00e1 de pagar a segunda mensalidade, enquanto a placa final 7 encerra a terceira e \u00faltima parcela para quem dividiu em tr\u00eas vezes.<\/p>\n<p>J\u00e1 os propriet\u00e1rios de placa 6 que optaram por pagar a integralidade do IPVA com 90 dias ap\u00f3s a data do vencimento sem desconto, a data limite \u00e9 tamb\u00e9m dia 29 de setembro.<\/p>\n<p>Fonte: Secom\/PB<\/p>\n","protected":false},"excerpt":{"rendered":"<p>Os propriet\u00e1rios de ve\u00edculos com placa final 9, que optarem pelo pagamento do Imposto sobre a Propriedade de Ve\u00edculos Automotores (IPVA) na cota \u00fanica \u00e0 vista com desconto de 10%, dever\u00e3o antecipar o pagamento at\u00e9 esta sexta-feira (29). Contudo, os contribuintes que optarem pelo parcelamento t\u00eam duas op\u00e7\u00f5es de pagamento. A primeira \u00e9 o parcelamento em tr\u00eas vezes sem desconto, sendo a primeira com vencimento tamb\u00e9m no dia 29 de setembro. O propriet\u00e1rio tem ainda a op\u00e7\u00e3o do pagamento total do IPVA apenas no dia 30 de novembro, tamb\u00e9m sem o desconto de 10%. As emiss\u00f5es dos boletos do IPVA somente ser\u00e3o impressas via portais da Secretaria de Estado da Receita www.receita.pb.gov.br ou do Detran-PB http:\/\/www.detran.pb.gov.br. Para imprimir, o contribuinte vai precisar digitar apenas os n\u00fameros da placa do ve\u00edculo e do Renavam impressos no documento CRV (Certificado de Registro de Ve\u00edculo). O boleto do IPVA poder\u00e1 ser ainda emitido nas reparti\u00e7\u00f5es fiscais ou ent\u00e3o nas unidades do Detran-PB do Estado. Al\u00e9m dos guich\u00eas das ag\u00eancias do Banco do Brasil (BB), associados e dos caixas de autoatendimento, os contribuintes poder\u00e3o ainda pagar de forma mais pr\u00e1tica no mobile banking \u2013 aplicativo dispon\u00edvel pelo BB para aparelhos m\u00f3veis como smartphones. Os donos dos ve\u00edculos tamb\u00e9m precisam ficar atento ao pagamento de quem parcelou nos meses anteriores. A placa final 8 ter\u00e1 de pagar a segunda mensalidade, enquanto a placa final 7 encerra a terceira e \u00faltima parcela para quem dividiu em tr\u00eas vezes. J\u00e1 os propriet\u00e1rios de placa 6 que optaram por pagar a integralidade do IPVA com 90 dias ap\u00f3s a data do vencimento sem desconto, a data limite \u00e9 tamb\u00e9m dia 29 de setembro. Fonte: Secom\/PB<\/p>\n","protected":false},"author":2,"featured_media":4729,"comment_status":"closed","ping_status":"open","sticky":false,"template":"","format":"standard","meta":{"_eb_attr":"","_jetpack_memberships_contains_paid_content":false,"footnotes":""},"categories":[11],"tags":[],"class_list":["post-4728","post","type-post","status-publish","format-standard","has-post-thumbnail","hentry","category-economia"],"yoast_head":"<!-- This site is optimized with the Yoast SEO plugin v26.5 - https:\/\/yoast.com\/wordpress\/plugins\/seo\/ -->\n<title>IPVA com desconto na Para\u00edba deve ser pago at\u00e9 sexta-feira - Not&iacute;cias em Destaque<\/title>\n<meta name=\"robots\" content=\"index, follow, max-snippet:-1, max-image-preview:large, max-video-preview:-1\" \/>\n<link rel=\"canonical\" href=\"https:\/\/noticiasemdestaque.com\/cd\/?p=4728\" \/>\n<meta property=\"og:locale\" content=\"pt_BR\" \/>\n<meta property=\"og:type\" content=\"article\" \/>\n<meta property=\"og:title\" content=\"IPVA com desconto na Para\u00edba deve ser pago at\u00e9 sexta-feira - Not&iacute;cias em Destaque\" \/>\n<meta property=\"og:description\" content=\"Os propriet\u00e1rios de ve\u00edculos com placa final 9, que optarem pelo pagamento do Imposto sobre a Propriedade de Ve\u00edculos Automotores (IPVA) na cota \u00fanica \u00e0 vista com desconto de 10%, dever\u00e3o antecipar o pagamento at\u00e9 esta sexta-feira (29). Contudo, os contribuintes que optarem pelo parcelamento t\u00eam duas op\u00e7\u00f5es de pagamento. A primeira \u00e9 o parcelamento em tr\u00eas vezes sem desconto, sendo a primeira com vencimento tamb\u00e9m no dia 29 de setembro. O propriet\u00e1rio tem ainda a op\u00e7\u00e3o do pagamento total do IPVA apenas no dia 30 de novembro, tamb\u00e9m sem o desconto de 10%. As emiss\u00f5es dos boletos do IPVA somente ser\u00e3o impressas via portais da Secretaria de Estado da Receita www.receita.pb.gov.br ou do Detran-PB http:\/\/www.detran.pb.gov.br. Para imprimir, o contribuinte vai precisar digitar apenas os n\u00fameros da placa do ve\u00edculo e do Renavam impressos no documento CRV (Certificado de Registro de Ve\u00edculo). O boleto do IPVA poder\u00e1 ser ainda emitido nas reparti\u00e7\u00f5es fiscais ou ent\u00e3o nas unidades do Detran-PB do Estado. Al\u00e9m dos guich\u00eas das ag\u00eancias do Banco do Brasil (BB), associados e dos caixas de autoatendimento, os contribuintes poder\u00e3o ainda pagar de forma mais pr\u00e1tica no mobile banking \u2013 aplicativo dispon\u00edvel pelo BB para aparelhos m\u00f3veis como smartphones. Os donos dos ve\u00edculos tamb\u00e9m precisam ficar atento ao pagamento de quem parcelou nos meses anteriores. A placa final 8 ter\u00e1 de pagar a segunda mensalidade, enquanto a placa final 7 encerra a terceira e \u00faltima parcela para quem dividiu em tr\u00eas vezes. J\u00e1 os propriet\u00e1rios de placa 6 que optaram por pagar a integralidade do IPVA com 90 dias ap\u00f3s a data do vencimento sem desconto, a data limite \u00e9 tamb\u00e9m dia 29 de setembro. Fonte: Secom\/PB\" \/>\n<meta property=\"og:url\" content=\"https:\/\/noticiasemdestaque.com\/cd\/?p=4728\" \/>\n<meta property=\"og:site_name\" content=\"Not&iacute;cias em Destaque\" \/>\n<meta property=\"article:published_time\" content=\"2017-09-28T10:29:09+00:00\" \/>\n<meta property=\"og:image\" content=\"https:\/\/noticiasemdestaque.com\/cd\/wp-content\/uploads\/2017\/09\/ipva-carro.jpg\" \/>\n\t<meta property=\"og:image:width\" content=\"800\" \/>\n\t<meta property=\"og:image:height\" content=\"537\" \/>\n\t<meta property=\"og:image:type\" content=\"image\/jpeg\" \/>\n<meta name=\"author\" content=\"Not\u00edcias em Destaque\" \/>\n<meta name=\"twitter:card\" content=\"summary_large_image\" \/>\n<meta name=\"twitter:label1\" content=\"Escrito por\" \/>\n\t<meta name=\"twitter:data1\" content=\"Not\u00edcias em Destaque\" \/>\n\t<meta name=\"twitter:label2\" content=\"Est. tempo de leitura\" \/>\n\t<meta name=\"twitter:data2\" content=\"2 minutos\" \/>\n<script type=\"application\/ld+json\" class=\"yoast-schema-graph\">{\"@context\":\"https:\/\/schema.org\",\"@graph\":[{\"@type\":\"Article\",\"@id\":\"https:\/\/noticiasemdestaque.com\/cd\/?p=4728#article\",\"isPartOf\":{\"@id\":\"https:\/\/noticiasemdestaque.com\/cd\/?p=4728\"},\"author\":{\"name\":\"Not\u00edcias em Destaque\",\"@id\":\"https:\/\/noticiasemdestaque.com\/cd\/#\/schema\/person\/21320b03a7e8bb90128938dafc9b908a\"},\"headline\":\"IPVA com desconto na Para\u00edba deve ser pago at\u00e9 sexta-feira\",\"datePublished\":\"2017-09-28T10:29:09+00:00\",\"mainEntityOfPage\":{\"@id\":\"https:\/\/noticiasemdestaque.com\/cd\/?p=4728\"},\"wordCount\":325,\"publisher\":{\"@id\":\"https:\/\/noticiasemdestaque.com\/cd\/#organization\"},\"image\":{\"@id\":\"https:\/\/noticiasemdestaque.com\/cd\/?p=4728#primaryimage\"},\"thumbnailUrl\":\"https:\/\/noticiasemdestaque.com\/cd\/wp-content\/uploads\/2017\/09\/ipva-carro.jpg\",\"articleSection\":[\"Economia\"],\"inLanguage\":\"pt-BR\"},{\"@type\":\"WebPage\",\"@id\":\"https:\/\/noticiasemdestaque.com\/cd\/?p=4728\",\"url\":\"https:\/\/noticiasemdestaque.com\/cd\/?p=4728\",\"name\":\"IPVA com desconto na Para\u00edba deve ser pago at\u00e9 sexta-feira - Not&iacute;cias em Destaque\",\"isPartOf\":{\"@id\":\"https:\/\/noticiasemdestaque.com\/cd\/#website\"},\"primaryImageOfPage\":{\"@id\":\"https:\/\/noticiasemdestaque.com\/cd\/?p=4728#primaryimage\"},\"image\":{\"@id\":\"https:\/\/noticiasemdestaque.com\/cd\/?p=4728#primaryimage\"},\"thumbnailUrl\":\"https:\/\/noticiasemdestaque.com\/cd\/wp-content\/uploads\/2017\/09\/ipva-carro.jpg\",\"datePublished\":\"2017-09-28T10:29:09+00:00\",\"breadcrumb\":{\"@id\":\"https:\/\/noticiasemdestaque.com\/cd\/?p=4728#breadcrumb\"},\"inLanguage\":\"pt-BR\",\"potentialAction\":[{\"@type\":\"ReadAction\",\"target\":[\"https:\/\/noticiasemdestaque.com\/cd\/?p=4728\"]}]},{\"@type\":\"ImageObject\",\"inLanguage\":\"pt-BR\",\"@id\":\"https:\/\/noticiasemdestaque.com\/cd\/?p=4728#primaryimage\",\"url\":\"https:\/\/noticiasemdestaque.com\/cd\/wp-content\/uploads\/2017\/09\/ipva-carro.jpg\",\"contentUrl\":\"https:\/\/noticiasemdestaque.com\/cd\/wp-content\/uploads\/2017\/09\/ipva-carro.jpg\",\"width\":800,\"height\":537},{\"@type\":\"BreadcrumbList\",\"@id\":\"https:\/\/noticiasemdestaque.com\/cd\/?p=4728#breadcrumb\",\"itemListElement\":[{\"@type\":\"ListItem\",\"position\":1,\"name\":\"In\u00edcio\",\"item\":\"https:\/\/noticiasemdestaque.com\/cd\/\"},{\"@type\":\"ListItem\",\"position\":2,\"name\":\"IPVA com desconto na Para\u00edba deve ser pago at\u00e9 sexta-feira\"}]},{\"@type\":\"WebSite\",\"@id\":\"https:\/\/noticiasemdestaque.com\/cd\/#website\",\"url\":\"https:\/\/noticiasemdestaque.com\/cd\/\",\"name\":\"Not&iacute;cias em Destaque\",\"description\":\"\",\"publisher\":{\"@id\":\"https:\/\/noticiasemdestaque.com\/cd\/#organization\"},\"potentialAction\":[{\"@type\":\"SearchAction\",\"target\":{\"@type\":\"EntryPoint\",\"urlTemplate\":\"https:\/\/noticiasemdestaque.com\/cd\/?s={search_term_string}\"},\"query-input\":{\"@type\":\"PropertyValueSpecification\",\"valueRequired\":true,\"valueName\":\"search_term_string\"}}],\"inLanguage\":\"pt-BR\"},{\"@type\":\"Organization\",\"@id\":\"https:\/\/noticiasemdestaque.com\/cd\/#organization\",\"name\":\"Not\u00edcias em Destaque\",\"url\":\"https:\/\/noticiasemdestaque.com\/cd\/\",\"logo\":{\"@type\":\"ImageObject\",\"inLanguage\":\"pt-BR\",\"@id\":\"https:\/\/noticiasemdestaque.com\/cd\/#\/schema\/logo\/image\/\",\"url\":\"https:\/\/noticiasemdestaque.com\/cd\/wp-content\/uploads\/2022\/05\/imagem-base-noticiasemdestaque.png\",\"contentUrl\":\"https:\/\/noticiasemdestaque.com\/cd\/wp-content\/uploads\/2022\/05\/imagem-base-noticiasemdestaque.png\",\"width\":1200,\"height\":630,\"caption\":\"Not\u00edcias em Destaque\"},\"image\":{\"@id\":\"https:\/\/noticiasemdestaque.com\/cd\/#\/schema\/logo\/image\/\"}},{\"@type\":\"Person\",\"@id\":\"https:\/\/noticiasemdestaque.com\/cd\/#\/schema\/person\/21320b03a7e8bb90128938dafc9b908a\",\"name\":\"Not\u00edcias em Destaque\",\"url\":\"https:\/\/noticiasemdestaque.com\/cd\/?author=2\"}]}<\/script>\n<!-- \/ Yoast SEO plugin. -->","yoast_head_json":{"title":"IPVA com desconto na Para\u00edba deve ser pago at\u00e9 sexta-feira - Not&iacute;cias em Destaque","robots":{"index":"index","follow":"follow","max-snippet":"max-snippet:-1","max-image-preview":"max-image-preview:large","max-video-preview":"max-video-preview:-1"},"canonical":"https:\/\/noticiasemdestaque.com\/cd\/?p=4728","og_locale":"pt_BR","og_type":"article","og_title":"IPVA com desconto na Para\u00edba deve ser pago at\u00e9 sexta-feira - Not&iacute;cias em Destaque","og_description":"Os propriet\u00e1rios de ve\u00edculos com placa final 9, que optarem pelo pagamento do Imposto sobre a Propriedade de Ve\u00edculos Automotores (IPVA) na cota \u00fanica \u00e0 vista com desconto de 10%, dever\u00e3o antecipar o pagamento at\u00e9 esta sexta-feira (29). Contudo, os contribuintes que optarem pelo parcelamento t\u00eam duas op\u00e7\u00f5es de pagamento. A primeira \u00e9 o parcelamento em tr\u00eas vezes sem desconto, sendo a primeira com vencimento tamb\u00e9m no dia 29 de setembro. O propriet\u00e1rio tem ainda a op\u00e7\u00e3o do pagamento total do IPVA apenas no dia 30 de novembro, tamb\u00e9m sem o desconto de 10%. As emiss\u00f5es dos boletos do IPVA somente ser\u00e3o impressas via portais da Secretaria de Estado da Receita www.receita.pb.gov.br ou do Detran-PB http:\/\/www.detran.pb.gov.br. Para imprimir, o contribuinte vai precisar digitar apenas os n\u00fameros da placa do ve\u00edculo e do Renavam impressos no documento CRV (Certificado de Registro de Ve\u00edculo). O boleto do IPVA poder\u00e1 ser ainda emitido nas reparti\u00e7\u00f5es fiscais ou ent\u00e3o nas unidades do Detran-PB do Estado. Al\u00e9m dos guich\u00eas das ag\u00eancias do Banco do Brasil (BB), associados e dos caixas de autoatendimento, os contribuintes poder\u00e3o ainda pagar de forma mais pr\u00e1tica no mobile banking \u2013 aplicativo dispon\u00edvel pelo BB para aparelhos m\u00f3veis como smartphones. Os donos dos ve\u00edculos tamb\u00e9m precisam ficar atento ao pagamento de quem parcelou nos meses anteriores. A placa final 8 ter\u00e1 de pagar a segunda mensalidade, enquanto a placa final 7 encerra a terceira e \u00faltima parcela para quem dividiu em tr\u00eas vezes. J\u00e1 os propriet\u00e1rios de placa 6 que optaram por pagar a integralidade do IPVA com 90 dias ap\u00f3s a data do vencimento sem desconto, a data limite \u00e9 tamb\u00e9m dia 29 de setembro. Fonte: Secom\/PB","og_url":"https:\/\/noticiasemdestaque.com\/cd\/?p=4728","og_site_name":"Not&iacute;cias em Destaque","article_published_time":"2017-09-28T10:29:09+00:00","og_image":[{"width":800,"height":537,"url":"https:\/\/noticiasemdestaque.com\/cd\/wp-content\/uploads\/2017\/09\/ipva-carro.jpg","type":"image\/jpeg"}],"author":"Not\u00edcias em Destaque","twitter_card":"summary_large_image","twitter_misc":{"Escrito por":"Not\u00edcias em Destaque","Est. tempo de leitura":"2 minutos"},"schema":{"@context":"https:\/\/schema.org","@graph":[{"@type":"Article","@id":"https:\/\/noticiasemdestaque.com\/cd\/?p=4728#article","isPartOf":{"@id":"https:\/\/noticiasemdestaque.com\/cd\/?p=4728"},"author":{"name":"Not\u00edcias em Destaque","@id":"https:\/\/noticiasemdestaque.com\/cd\/#\/schema\/person\/21320b03a7e8bb90128938dafc9b908a"},"headline":"IPVA com desconto na Para\u00edba deve ser pago at\u00e9 sexta-feira","datePublished":"2017-09-28T10:29:09+00:00","mainEntityOfPage":{"@id":"https:\/\/noticiasemdestaque.com\/cd\/?p=4728"},"wordCount":325,"publisher":{"@id":"https:\/\/noticiasemdestaque.com\/cd\/#organization"},"image":{"@id":"https:\/\/noticiasemdestaque.com\/cd\/?p=4728#primaryimage"},"thumbnailUrl":"https:\/\/noticiasemdestaque.com\/cd\/wp-content\/uploads\/2017\/09\/ipva-carro.jpg","articleSection":["Economia"],"inLanguage":"pt-BR"},{"@type":"WebPage","@id":"https:\/\/noticiasemdestaque.com\/cd\/?p=4728","url":"https:\/\/noticiasemdestaque.com\/cd\/?p=4728","name":"IPVA com desconto na Para\u00edba deve ser pago at\u00e9 sexta-feira - Not&iacute;cias em Destaque","isPartOf":{"@id":"https:\/\/noticiasemdestaque.com\/cd\/#website"},"primaryImageOfPage":{"@id":"https:\/\/noticiasemdestaque.com\/cd\/?p=4728#primaryimage"},"image":{"@id":"https:\/\/noticiasemdestaque.com\/cd\/?p=4728#primaryimage"},"thumbnailUrl":"https:\/\/noticiasemdestaque.com\/cd\/wp-content\/uploads\/2017\/09\/ipva-carro.jpg","datePublished":"2017-09-28T10:29:09+00:00","breadcrumb":{"@id":"https:\/\/noticiasemdestaque.com\/cd\/?p=4728#breadcrumb"},"inLanguage":"pt-BR","potentialAction":[{"@type":"ReadAction","target":["https:\/\/noticiasemdestaque.com\/cd\/?p=4728"]}]},{"@type":"ImageObject","inLanguage":"pt-BR","@id":"https:\/\/noticiasemdestaque.com\/cd\/?p=4728#primaryimage","url":"https:\/\/noticiasemdestaque.com\/cd\/wp-content\/uploads\/2017\/09\/ipva-carro.jpg","contentUrl":"https:\/\/noticiasemdestaque.com\/cd\/wp-content\/uploads\/2017\/09\/ipva-carro.jpg","width":800,"height":537},{"@type":"BreadcrumbList","@id":"https:\/\/noticiasemdestaque.com\/cd\/?p=4728#breadcrumb","itemListElement":[{"@type":"ListItem","position":1,"name":"In\u00edcio","item":"https:\/\/noticiasemdestaque.com\/cd\/"},{"@type":"ListItem","position":2,"name":"IPVA com desconto na Para\u00edba deve ser pago at\u00e9 sexta-feira"}]},{"@type":"WebSite","@id":"https:\/\/noticiasemdestaque.com\/cd\/#website","url":"https:\/\/noticiasemdestaque.com\/cd\/","name":"Not&iacute;cias em Destaque","description":"","publisher":{"@id":"https:\/\/noticiasemdestaque.com\/cd\/#organization"},"potentialAction":[{"@type":"SearchAction","target":{"@type":"EntryPoint","urlTemplate":"https:\/\/noticiasemdestaque.com\/cd\/?s={search_term_string}"},"query-input":{"@type":"PropertyValueSpecification","valueRequired":true,"valueName":"search_term_string"}}],"inLanguage":"pt-BR"},{"@type":"Organization","@id":"https:\/\/noticiasemdestaque.com\/cd\/#organization","name":"Not\u00edcias em Destaque","url":"https:\/\/noticiasemdestaque.com\/cd\/","logo":{"@type":"ImageObject","inLanguage":"pt-BR","@id":"https:\/\/noticiasemdestaque.com\/cd\/#\/schema\/logo\/image\/","url":"https:\/\/noticiasemdestaque.com\/cd\/wp-content\/uploads\/2022\/05\/imagem-base-noticiasemdestaque.png","contentUrl":"https:\/\/noticiasemdestaque.com\/cd\/wp-content\/uploads\/2022\/05\/imagem-base-noticiasemdestaque.png","width":1200,"height":630,"caption":"Not\u00edcias em Destaque"},"image":{"@id":"https:\/\/noticiasemdestaque.com\/cd\/#\/schema\/logo\/image\/"}},{"@type":"Person","@id":"https:\/\/noticiasemdestaque.com\/cd\/#\/schema\/person\/21320b03a7e8bb90128938dafc9b908a","name":"Not\u00edcias em Destaque","url":"https:\/\/noticiasemdestaque.com\/cd\/?author=2"}]}},"jetpack_featured_media_url":"https:\/\/noticiasemdestaque.com\/cd\/wp-content\/uploads\/2017\/09\/ipva-carro.jpg","jetpack_sharing_enabled":true,"_links":{"self":[{"href":"https:\/\/noticiasemdestaque.com\/cd\/index.php?rest_route=\/wp\/v2\/posts\/4728","targetHints":{"allow":["GET"]}}],"collection":[{"href":"https:\/\/noticiasemdestaque.com\/cd\/index.php?rest_route=\/wp\/v2\/posts"}],"about":[{"href":"https:\/\/noticiasemdestaque.com\/cd\/index.php?rest_route=\/wp\/v2\/types\/post"}],"author":[{"embeddable":true,"href":"https:\/\/noticiasemdestaque.com\/cd\/index.php?rest_route=\/wp\/v2\/users\/2"}],"replies":[{"embeddable":true,"href":"https:\/\/noticiasemdestaque.com\/cd\/index.php?rest_route=%2Fwp%2Fv2%2Fcomments&post=4728"}],"version-history":[{"count":1,"href":"https:\/\/noticiasemdestaque.com\/cd\/index.php?rest_route=\/wp\/v2\/posts\/4728\/revisions"}],"predecessor-version":[{"id":4730,"href":"https:\/\/noticiasemdestaque.com\/cd\/index.php?rest_route=\/wp\/v2\/posts\/4728\/revisions\/4730"}],"wp:featuredmedia":[{"embeddable":true,"href":"https:\/\/noticiasemdestaque.com\/cd\/index.php?rest_route=\/wp\/v2\/media\/4729"}],"wp:attachment":[{"href":"https:\/\/noticiasemdestaque.com\/cd\/index.php?rest_route=%2Fwp%2Fv2%2Fmedia&parent=4728"}],"wp:term":[{"taxonomy":"category","embeddable":true,"href":"https:\/\/noticiasemdestaque.com\/cd\/index.php?rest_route=%2Fwp%2Fv2%2Fcategories&post=4728"},{"taxonomy":"post_tag","embeddable":true,"href":"https:\/\/noticiasemdestaque.com\/cd\/index.php?rest_route=%2Fwp%2Fv2%2Ftags&post=4728"}],"curies":[{"name":"wp","href":"https:\/\/api.w.org\/{rel}","templated":true}]}}