{"id":47135,"date":"2023-03-22T17:56:41","date_gmt":"2023-03-22T20:56:41","guid":{"rendered":"https:\/\/noticiasemdestaque.com\/cd\/?p=47135"},"modified":"2023-03-22T17:56:41","modified_gmt":"2023-03-22T20:56:41","slug":"mulher-e-presa-com-aves-silvestres-em-gaiolas-em-monteiro","status":"publish","type":"post","link":"https:\/\/noticiasemdestaque.com\/cd\/?p=47135","title":{"rendered":"Mulher \u00e9 presa com aves silvestres em gaiolas em Monteiro"},"content":{"rendered":"<p><a href=\"https:\/\/noticiasemdestaque.com\/cd\/wp-content\/uploads\/2023\/03\/Mulher-e-presa-com-aves-silvestres-em-gaiolas-em-Monteiro.webp\"><img fetchpriority=\"high\" decoding=\"async\" class=\"alignnone  wp-image-47136\" src=\"https:\/\/noticiasemdestaque.com\/cd\/wp-content\/uploads\/2023\/03\/Mulher-e-presa-com-aves-silvestres-em-gaiolas-em-Monteiro-300x200.webp\" alt=\"\" width=\"1136\" height=\"757\" srcset=\"https:\/\/noticiasemdestaque.com\/cd\/wp-content\/uploads\/2023\/03\/Mulher-e-presa-com-aves-silvestres-em-gaiolas-em-Monteiro-300x200.webp 300w, https:\/\/noticiasemdestaque.com\/cd\/wp-content\/uploads\/2023\/03\/Mulher-e-presa-com-aves-silvestres-em-gaiolas-em-Monteiro-768x512.webp 768w, https:\/\/noticiasemdestaque.com\/cd\/wp-content\/uploads\/2023\/03\/Mulher-e-presa-com-aves-silvestres-em-gaiolas-em-Monteiro-18x12.webp 18w, https:\/\/noticiasemdestaque.com\/cd\/wp-content\/uploads\/2023\/03\/Mulher-e-presa-com-aves-silvestres-em-gaiolas-em-Monteiro.webp 960w\" sizes=\"(max-width: 1136px) 100vw, 1136px\" \/><\/a><\/p>\n<p>Uma mulher foi presa nesta quarta-feira (22) em\u00a0<strong>Monteiro<\/strong>, no Cariri Paraibano, por criar\u00a0<strong>p\u00e1ssaros silvestres<\/strong>\u00a0em cativeiro sem autoriza\u00e7\u00e3o ambiental.<\/p>\n<p>De acordo com informa\u00e7\u00f5es, os policiais militares do 11\u00b0 BPM prenderam uma mulher que mantinha 37 aves silvestres em cativeiro sem autoriza\u00e7\u00e3o do\u00a0\u00f3rg\u00e3o ambiental.<\/p>\n<p>A mulher foi levada para 14\u00aa\u00a0Delegacia Seccional\u00a0da\u00a0Pol\u00edcia\u00a0Civil de\u00a0Monteiro, para medidas cab\u00edveis.<\/p>\n<p>&nbsp;<\/p>\n<p><strong>Noticias em Destaque<br \/>\n<\/strong>Com O pipoco<\/p>\n","protected":false},"excerpt":{"rendered":"<p>Uma mulher foi presa nesta quarta-feira (22) em\u00a0Monteiro, no Cariri Paraibano, por criar\u00a0p\u00e1ssaros silvestres\u00a0em cativeiro sem autoriza\u00e7\u00e3o ambiental. De acordo com informa\u00e7\u00f5es, os policiais militares do 11\u00b0 BPM prenderam uma mulher que mantinha 37 aves silvestres em cativeiro sem autoriza\u00e7\u00e3o do\u00a0\u00f3rg\u00e3o ambiental. A mulher foi levada para 14\u00aa\u00a0Delegacia Seccional\u00a0da\u00a0Pol\u00edcia\u00a0Civil de\u00a0Monteiro, para medidas cab\u00edveis. &nbsp; Noticias em Destaque Com O pipoco<\/p>\n","protected":false},"author":2,"featured_media":47136,"comment_status":"closed","ping_status":"open","sticky":false,"template":"","format":"standard","meta":{"_eb_attr":"","_jetpack_memberships_contains_paid_content":false,"footnotes":""},"categories":[20],"tags":[],"class_list":["post-47135","post","type-post","status-publish","format-standard","has-post-thumbnail","hentry","category-policia"],"yoast_head":"<!-- This site is optimized with the Yoast SEO plugin v26.5 - https:\/\/yoast.com\/wordpress\/plugins\/seo\/ -->\n<title>Mulher \u00e9 presa com aves silvestres em gaiolas em Monteiro - Not&iacute;cias em Destaque<\/title>\n<meta name=\"robots\" content=\"index, follow, max-snippet:-1, max-image-preview:large, max-video-preview:-1\" \/>\n<link rel=\"canonical\" href=\"https:\/\/noticiasemdestaque.com\/cd\/?p=47135\" \/>\n<meta property=\"og:locale\" content=\"pt_BR\" \/>\n<meta property=\"og:type\" content=\"article\" \/>\n<meta property=\"og:title\" content=\"Mulher \u00e9 presa com aves silvestres em gaiolas em Monteiro - Not&iacute;cias em Destaque\" \/>\n<meta property=\"og:description\" content=\"Uma mulher foi presa nesta quarta-feira (22) em\u00a0Monteiro, no Cariri Paraibano, por criar\u00a0p\u00e1ssaros silvestres\u00a0em cativeiro sem autoriza\u00e7\u00e3o ambiental. De acordo com informa\u00e7\u00f5es, os policiais militares do 11\u00b0 BPM prenderam uma mulher que mantinha 37 aves silvestres em cativeiro sem autoriza\u00e7\u00e3o do\u00a0\u00f3rg\u00e3o ambiental. A mulher foi levada para 14\u00aa\u00a0Delegacia Seccional\u00a0da\u00a0Pol\u00edcia\u00a0Civil de\u00a0Monteiro, para medidas cab\u00edveis. &nbsp; Noticias em Destaque Com O pipoco\" \/>\n<meta property=\"og:url\" content=\"https:\/\/noticiasemdestaque.com\/cd\/?p=47135\" \/>\n<meta property=\"og:site_name\" content=\"Not&iacute;cias em Destaque\" \/>\n<meta property=\"article:published_time\" content=\"2023-03-22T20:56:41+00:00\" \/>\n<meta property=\"og:image\" content=\"https:\/\/noticiasemdestaque.com\/cd\/wp-content\/uploads\/2023\/03\/Mulher-e-presa-com-aves-silvestres-em-gaiolas-em-Monteiro.webp\" \/>\n\t<meta property=\"og:image:width\" content=\"960\" \/>\n\t<meta property=\"og:image:height\" content=\"640\" \/>\n\t<meta property=\"og:image:type\" content=\"image\/webp\" \/>\n<meta name=\"author\" content=\"Not\u00edcias em Destaque\" \/>\n<meta name=\"twitter:card\" content=\"summary_large_image\" \/>\n<meta name=\"twitter:label1\" content=\"Escrito por\" \/>\n\t<meta name=\"twitter:data1\" content=\"Not\u00edcias em Destaque\" \/>\n\t<meta name=\"twitter:label2\" content=\"Est. tempo de leitura\" \/>\n\t<meta name=\"twitter:data2\" content=\"1 minuto\" \/>\n<script type=\"application\/ld+json\" class=\"yoast-schema-graph\">{\"@context\":\"https:\/\/schema.org\",\"@graph\":[{\"@type\":\"Article\",\"@id\":\"https:\/\/noticiasemdestaque.com\/cd\/?p=47135#article\",\"isPartOf\":{\"@id\":\"https:\/\/noticiasemdestaque.com\/cd\/?p=47135\"},\"author\":{\"name\":\"Not\u00edcias em Destaque\",\"@id\":\"https:\/\/noticiasemdestaque.com\/cd\/#\/schema\/person\/4a81fb71f77579d059c3045891fa1786\"},\"headline\":\"Mulher \u00e9 presa com aves silvestres em gaiolas em Monteiro\",\"datePublished\":\"2023-03-22T20:56:41+00:00\",\"mainEntityOfPage\":{\"@id\":\"https:\/\/noticiasemdestaque.com\/cd\/?p=47135\"},\"wordCount\":81,\"publisher\":{\"@id\":\"https:\/\/noticiasemdestaque.com\/cd\/#organization\"},\"image\":{\"@id\":\"https:\/\/noticiasemdestaque.com\/cd\/?p=47135#primaryimage\"},\"thumbnailUrl\":\"https:\/\/noticiasemdestaque.com\/cd\/wp-content\/uploads\/2023\/03\/Mulher-e-presa-com-aves-silvestres-em-gaiolas-em-Monteiro.webp\",\"articleSection\":[\"Pol\u00edcia\"],\"inLanguage\":\"pt-BR\"},{\"@type\":\"WebPage\",\"@id\":\"https:\/\/noticiasemdestaque.com\/cd\/?p=47135\",\"url\":\"https:\/\/noticiasemdestaque.com\/cd\/?p=47135\",\"name\":\"Mulher \u00e9 presa com aves silvestres em gaiolas em Monteiro - Not&iacute;cias em Destaque\",\"isPartOf\":{\"@id\":\"https:\/\/noticiasemdestaque.com\/cd\/#website\"},\"primaryImageOfPage\":{\"@id\":\"https:\/\/noticiasemdestaque.com\/cd\/?p=47135#primaryimage\"},\"image\":{\"@id\":\"https:\/\/noticiasemdestaque.com\/cd\/?p=47135#primaryimage\"},\"thumbnailUrl\":\"https:\/\/noticiasemdestaque.com\/cd\/wp-content\/uploads\/2023\/03\/Mulher-e-presa-com-aves-silvestres-em-gaiolas-em-Monteiro.webp\",\"datePublished\":\"2023-03-22T20:56:41+00:00\",\"breadcrumb\":{\"@id\":\"https:\/\/noticiasemdestaque.com\/cd\/?p=47135#breadcrumb\"},\"inLanguage\":\"pt-BR\",\"potentialAction\":[{\"@type\":\"ReadAction\",\"target\":[\"https:\/\/noticiasemdestaque.com\/cd\/?p=47135\"]}]},{\"@type\":\"ImageObject\",\"inLanguage\":\"pt-BR\",\"@id\":\"https:\/\/noticiasemdestaque.com\/cd\/?p=47135#primaryimage\",\"url\":\"https:\/\/noticiasemdestaque.com\/cd\/wp-content\/uploads\/2023\/03\/Mulher-e-presa-com-aves-silvestres-em-gaiolas-em-Monteiro.webp\",\"contentUrl\":\"https:\/\/noticiasemdestaque.com\/cd\/wp-content\/uploads\/2023\/03\/Mulher-e-presa-com-aves-silvestres-em-gaiolas-em-Monteiro.webp\",\"width\":960,\"height\":640},{\"@type\":\"BreadcrumbList\",\"@id\":\"https:\/\/noticiasemdestaque.com\/cd\/?p=47135#breadcrumb\",\"itemListElement\":[{\"@type\":\"ListItem\",\"position\":1,\"name\":\"In\u00edcio\",\"item\":\"https:\/\/noticiasemdestaque.com\/cd\/\"},{\"@type\":\"ListItem\",\"position\":2,\"name\":\"Mulher \u00e9 presa com aves silvestres em gaiolas em Monteiro\"}]},{\"@type\":\"WebSite\",\"@id\":\"https:\/\/noticiasemdestaque.com\/cd\/#website\",\"url\":\"https:\/\/noticiasemdestaque.com\/cd\/\",\"name\":\"Not&iacute;cias em Destaque\",\"description\":\"\",\"publisher\":{\"@id\":\"https:\/\/noticiasemdestaque.com\/cd\/#organization\"},\"potentialAction\":[{\"@type\":\"SearchAction\",\"target\":{\"@type\":\"EntryPoint\",\"urlTemplate\":\"https:\/\/noticiasemdestaque.com\/cd\/?s={search_term_string}\"},\"query-input\":{\"@type\":\"PropertyValueSpecification\",\"valueRequired\":true,\"valueName\":\"search_term_string\"}}],\"inLanguage\":\"pt-BR\"},{\"@type\":\"Organization\",\"@id\":\"https:\/\/noticiasemdestaque.com\/cd\/#organization\",\"name\":\"Not\u00edcias em Destaque\",\"url\":\"https:\/\/noticiasemdestaque.com\/cd\/\",\"logo\":{\"@type\":\"ImageObject\",\"inLanguage\":\"pt-BR\",\"@id\":\"https:\/\/noticiasemdestaque.com\/cd\/#\/schema\/logo\/image\/\",\"url\":\"https:\/\/noticiasemdestaque.com\/cd\/wp-content\/uploads\/2022\/05\/imagem-base-noticiasemdestaque.png\",\"contentUrl\":\"https:\/\/noticiasemdestaque.com\/cd\/wp-content\/uploads\/2022\/05\/imagem-base-noticiasemdestaque.png\",\"width\":1200,\"height\":630,\"caption\":\"Not\u00edcias em Destaque\"},\"image\":{\"@id\":\"https:\/\/noticiasemdestaque.com\/cd\/#\/schema\/logo\/image\/\"}},{\"@type\":\"Person\",\"@id\":\"https:\/\/noticiasemdestaque.com\/cd\/#\/schema\/person\/4a81fb71f77579d059c3045891fa1786\",\"name\":\"Not\u00edcias em Destaque\",\"url\":\"https:\/\/noticiasemdestaque.com\/cd\/?author=2\"}]}<\/script>\n<!-- \/ Yoast SEO plugin. -->","yoast_head_json":{"title":"Mulher \u00e9 presa com aves silvestres em gaiolas em Monteiro - Not&iacute;cias em Destaque","robots":{"index":"index","follow":"follow","max-snippet":"max-snippet:-1","max-image-preview":"max-image-preview:large","max-video-preview":"max-video-preview:-1"},"canonical":"https:\/\/noticiasemdestaque.com\/cd\/?p=47135","og_locale":"pt_BR","og_type":"article","og_title":"Mulher \u00e9 presa com aves silvestres em gaiolas em Monteiro - Not&iacute;cias em Destaque","og_description":"Uma mulher foi presa nesta quarta-feira (22) em\u00a0Monteiro, no Cariri Paraibano, por criar\u00a0p\u00e1ssaros silvestres\u00a0em cativeiro sem autoriza\u00e7\u00e3o ambiental. De acordo com informa\u00e7\u00f5es, os policiais militares do 11\u00b0 BPM prenderam uma mulher que mantinha 37 aves silvestres em cativeiro sem autoriza\u00e7\u00e3o do\u00a0\u00f3rg\u00e3o ambiental. A mulher foi levada para 14\u00aa\u00a0Delegacia Seccional\u00a0da\u00a0Pol\u00edcia\u00a0Civil de\u00a0Monteiro, para medidas cab\u00edveis. &nbsp; Noticias em Destaque Com O pipoco","og_url":"https:\/\/noticiasemdestaque.com\/cd\/?p=47135","og_site_name":"Not&iacute;cias em Destaque","article_published_time":"2023-03-22T20:56:41+00:00","og_image":[{"width":960,"height":640,"url":"https:\/\/noticiasemdestaque.com\/cd\/wp-content\/uploads\/2023\/03\/Mulher-e-presa-com-aves-silvestres-em-gaiolas-em-Monteiro.webp","type":"image\/webp"}],"author":"Not\u00edcias em Destaque","twitter_card":"summary_large_image","twitter_misc":{"Escrito por":"Not\u00edcias em Destaque","Est. tempo de leitura":"1 minuto"},"schema":{"@context":"https:\/\/schema.org","@graph":[{"@type":"Article","@id":"https:\/\/noticiasemdestaque.com\/cd\/?p=47135#article","isPartOf":{"@id":"https:\/\/noticiasemdestaque.com\/cd\/?p=47135"},"author":{"name":"Not\u00edcias em Destaque","@id":"https:\/\/noticiasemdestaque.com\/cd\/#\/schema\/person\/4a81fb71f77579d059c3045891fa1786"},"headline":"Mulher \u00e9 presa com aves silvestres em gaiolas em Monteiro","datePublished":"2023-03-22T20:56:41+00:00","mainEntityOfPage":{"@id":"https:\/\/noticiasemdestaque.com\/cd\/?p=47135"},"wordCount":81,"publisher":{"@id":"https:\/\/noticiasemdestaque.com\/cd\/#organization"},"image":{"@id":"https:\/\/noticiasemdestaque.com\/cd\/?p=47135#primaryimage"},"thumbnailUrl":"https:\/\/noticiasemdestaque.com\/cd\/wp-content\/uploads\/2023\/03\/Mulher-e-presa-com-aves-silvestres-em-gaiolas-em-Monteiro.webp","articleSection":["Pol\u00edcia"],"inLanguage":"pt-BR"},{"@type":"WebPage","@id":"https:\/\/noticiasemdestaque.com\/cd\/?p=47135","url":"https:\/\/noticiasemdestaque.com\/cd\/?p=47135","name":"Mulher \u00e9 presa com aves silvestres em gaiolas em Monteiro - Not&iacute;cias em Destaque","isPartOf":{"@id":"https:\/\/noticiasemdestaque.com\/cd\/#website"},"primaryImageOfPage":{"@id":"https:\/\/noticiasemdestaque.com\/cd\/?p=47135#primaryimage"},"image":{"@id":"https:\/\/noticiasemdestaque.com\/cd\/?p=47135#primaryimage"},"thumbnailUrl":"https:\/\/noticiasemdestaque.com\/cd\/wp-content\/uploads\/2023\/03\/Mulher-e-presa-com-aves-silvestres-em-gaiolas-em-Monteiro.webp","datePublished":"2023-03-22T20:56:41+00:00","breadcrumb":{"@id":"https:\/\/noticiasemdestaque.com\/cd\/?p=47135#breadcrumb"},"inLanguage":"pt-BR","potentialAction":[{"@type":"ReadAction","target":["https:\/\/noticiasemdestaque.com\/cd\/?p=47135"]}]},{"@type":"ImageObject","inLanguage":"pt-BR","@id":"https:\/\/noticiasemdestaque.com\/cd\/?p=47135#primaryimage","url":"https:\/\/noticiasemdestaque.com\/cd\/wp-content\/uploads\/2023\/03\/Mulher-e-presa-com-aves-silvestres-em-gaiolas-em-Monteiro.webp","contentUrl":"https:\/\/noticiasemdestaque.com\/cd\/wp-content\/uploads\/2023\/03\/Mulher-e-presa-com-aves-silvestres-em-gaiolas-em-Monteiro.webp","width":960,"height":640},{"@type":"BreadcrumbList","@id":"https:\/\/noticiasemdestaque.com\/cd\/?p=47135#breadcrumb","itemListElement":[{"@type":"ListItem","position":1,"name":"In\u00edcio","item":"https:\/\/noticiasemdestaque.com\/cd\/"},{"@type":"ListItem","position":2,"name":"Mulher \u00e9 presa com aves silvestres em gaiolas em Monteiro"}]},{"@type":"WebSite","@id":"https:\/\/noticiasemdestaque.com\/cd\/#website","url":"https:\/\/noticiasemdestaque.com\/cd\/","name":"Not&iacute;cias em Destaque","description":"","publisher":{"@id":"https:\/\/noticiasemdestaque.com\/cd\/#organization"},"potentialAction":[{"@type":"SearchAction","target":{"@type":"EntryPoint","urlTemplate":"https:\/\/noticiasemdestaque.com\/cd\/?s={search_term_string}"},"query-input":{"@type":"PropertyValueSpecification","valueRequired":true,"valueName":"search_term_string"}}],"inLanguage":"pt-BR"},{"@type":"Organization","@id":"https:\/\/noticiasemdestaque.com\/cd\/#organization","name":"Not\u00edcias em Destaque","url":"https:\/\/noticiasemdestaque.com\/cd\/","logo":{"@type":"ImageObject","inLanguage":"pt-BR","@id":"https:\/\/noticiasemdestaque.com\/cd\/#\/schema\/logo\/image\/","url":"https:\/\/noticiasemdestaque.com\/cd\/wp-content\/uploads\/2022\/05\/imagem-base-noticiasemdestaque.png","contentUrl":"https:\/\/noticiasemdestaque.com\/cd\/wp-content\/uploads\/2022\/05\/imagem-base-noticiasemdestaque.png","width":1200,"height":630,"caption":"Not\u00edcias em Destaque"},"image":{"@id":"https:\/\/noticiasemdestaque.com\/cd\/#\/schema\/logo\/image\/"}},{"@type":"Person","@id":"https:\/\/noticiasemdestaque.com\/cd\/#\/schema\/person\/4a81fb71f77579d059c3045891fa1786","name":"Not\u00edcias em Destaque","url":"https:\/\/noticiasemdestaque.com\/cd\/?author=2"}]}},"jetpack_featured_media_url":"https:\/\/noticiasemdestaque.com\/cd\/wp-content\/uploads\/2023\/03\/Mulher-e-presa-com-aves-silvestres-em-gaiolas-em-Monteiro.webp","jetpack_sharing_enabled":true,"_links":{"self":[{"href":"https:\/\/noticiasemdestaque.com\/cd\/index.php?rest_route=\/wp\/v2\/posts\/47135","targetHints":{"allow":["GET"]}}],"collection":[{"href":"https:\/\/noticiasemdestaque.com\/cd\/index.php?rest_route=\/wp\/v2\/posts"}],"about":[{"href":"https:\/\/noticiasemdestaque.com\/cd\/index.php?rest_route=\/wp\/v2\/types\/post"}],"author":[{"embeddable":true,"href":"https:\/\/noticiasemdestaque.com\/cd\/index.php?rest_route=\/wp\/v2\/users\/2"}],"replies":[{"embeddable":true,"href":"https:\/\/noticiasemdestaque.com\/cd\/index.php?rest_route=%2Fwp%2Fv2%2Fcomments&post=47135"}],"version-history":[{"count":1,"href":"https:\/\/noticiasemdestaque.com\/cd\/index.php?rest_route=\/wp\/v2\/posts\/47135\/revisions"}],"predecessor-version":[{"id":47137,"href":"https:\/\/noticiasemdestaque.com\/cd\/index.php?rest_route=\/wp\/v2\/posts\/47135\/revisions\/47137"}],"wp:featuredmedia":[{"embeddable":true,"href":"https:\/\/noticiasemdestaque.com\/cd\/index.php?rest_route=\/wp\/v2\/media\/47136"}],"wp:attachment":[{"href":"https:\/\/noticiasemdestaque.com\/cd\/index.php?rest_route=%2Fwp%2Fv2%2Fmedia&parent=47135"}],"wp:term":[{"taxonomy":"category","embeddable":true,"href":"https:\/\/noticiasemdestaque.com\/cd\/index.php?rest_route=%2Fwp%2Fv2%2Fcategories&post=47135"},{"taxonomy":"post_tag","embeddable":true,"href":"https:\/\/noticiasemdestaque.com\/cd\/index.php?rest_route=%2Fwp%2Fv2%2Ftags&post=47135"}],"curies":[{"name":"wp","href":"https:\/\/api.w.org\/{rel}","templated":true}]}}