{"id":47121,"date":"2023-03-22T10:22:32","date_gmt":"2023-03-22T13:22:32","guid":{"rendered":"https:\/\/noticiasemdestaque.com\/cd\/?p=47121"},"modified":"2023-03-22T10:22:32","modified_gmt":"2023-03-22T13:22:32","slug":"apesar-das-chuvas-mais-de-20-reservatorios-seguem-em-situacao-critica-na-pb-nove-sao-no-cariri","status":"publish","type":"post","link":"https:\/\/noticiasemdestaque.com\/cd\/?p=47121","title":{"rendered":"Apesar das chuvas, mais de 20 reservat\u00f3rios seguem em situa\u00e7\u00e3o cr\u00edtica na PB; nove s\u00e3o no Cariri"},"content":{"rendered":"<p><a href=\"https:\/\/noticiasemdestaque.com\/cd\/wp-content\/uploads\/2023\/03\/mucutu1401201423.webp\"><img decoding=\"async\" class=\"size-medium wp-image-47122 aligncenter\" src=\"https:\/\/noticiasemdestaque.com\/cd\/wp-content\/uploads\/2023\/03\/mucutu1401201423-300x150.webp\" alt=\"\" width=\"300\" height=\"150\" srcset=\"https:\/\/noticiasemdestaque.com\/cd\/wp-content\/uploads\/2023\/03\/mucutu1401201423-300x150.webp 300w, https:\/\/noticiasemdestaque.com\/cd\/wp-content\/uploads\/2023\/03\/mucutu1401201423-768x384.webp 768w, https:\/\/noticiasemdestaque.com\/cd\/wp-content\/uploads\/2023\/03\/mucutu1401201423-18x9.webp 18w, https:\/\/noticiasemdestaque.com\/cd\/wp-content\/uploads\/2023\/03\/mucutu1401201423.webp 800w\" sizes=\"(max-width: 300px) 100vw, 300px\" \/><\/a><\/p>\n<p>Mesmo com os registros de fortes chuvas em diversas regi\u00f5es do estado desde a semana passada, 23 reservat\u00f3rios monitorados pela Ag\u00eancia Executiva de Gest\u00e3o das \u00c1guas (Aesa) seguem com a situa\u00e7\u00e3o considerada cr\u00edtica.<\/p>\n<p>&nbsp;<\/p>\n<p>At\u00e9 hoje, quatro mananciais sangraram, ou seja, superaram a capacidade de \u00e1gua. Outros 86 est\u00e3o dentro da normalidade e 22 em observa\u00e7\u00e3o.\u00a0O problema de estiagem atinge as regi\u00f5es do Cariri, Curimata\u00fa, Sert\u00e3o e Alto Sert\u00e3o da Para\u00edba.<\/p>\n<p>&nbsp;<\/p>\n<p><strong>Confira os a\u00e7udes em situa\u00e7\u00e3o cr\u00edtica:<\/strong><\/p>\n<p>Bastiana \u2013 Teixeira<\/p>\n<p><strong>Bichinho \u2013 Barra de S\u00e3o Miguel<\/strong><\/p>\n<p>Cacimbinha \u2013 Serid\u00f3<\/p>\n<p><strong>Campos \u2013 Cara\u00fabas<\/strong><\/p>\n<p><strong>Gurj\u00e3o \u2013 Tapero\u00e1<\/strong><\/p>\n<p>Jeremias \u2013 Desterro<\/p>\n<p><strong>Lagoa do Meio \u2013 Tapero\u00e1<\/strong><\/p>\n<p><strong>Mucutu \u2013 Juazeirinho<\/strong><\/p>\n<p><strong>Ouro Velho \u2013 Ouro Velho<\/strong><\/p>\n<p><strong>Prata II \u2013 Prata<\/strong><\/p>\n<p>Retiro \u2013 Cuit\u00e9<\/p>\n<p>Riacho das Mo\u00e7as \u2013 Teixeira<\/p>\n<p>Riacho de Santo Ant\u00f4nio \u2013 Riacho de Santo Ant\u00f4nio<\/p>\n<p>Santa Luzia \u2013 Santa Luzia<\/p>\n<p>Serra Vermelha I \u2013 Concei\u00e7\u00e3o<\/p>\n<p>S\u00e3o Francisco II \u2013 Teixeira<\/p>\n<p>S\u00e3o Jos\u00e9 IV \u2013 S\u00e3o Jos\u00e9 do Sabugi<\/p>\n<p>S\u00e3o Mamede \u2013 S\u00e3o Mamede<\/p>\n<p><strong>S\u00e3o Paulo \u2013 Prata<\/strong><\/p>\n<p><strong>Tapera \u2013 Bel\u00e9m do Brejo do Cruz<\/strong><\/p>\n<p>V\u00e1rzea Grande \u2013 Picu\u00ed<\/p>\n<p>&nbsp;<\/p>\n","protected":false},"excerpt":{"rendered":"<p>Mesmo com os registros de fortes chuvas em diversas regi\u00f5es do estado desde a semana passada, 23 reservat\u00f3rios monitorados pela Ag\u00eancia Executiva de Gest\u00e3o das \u00c1guas (Aesa) seguem com a situa\u00e7\u00e3o considerada cr\u00edtica. &nbsp; At\u00e9 hoje, quatro mananciais sangraram, ou seja, superaram a capacidade de \u00e1gua. Outros 86 est\u00e3o dentro da normalidade e 22 em observa\u00e7\u00e3o.\u00a0O problema de estiagem atinge as regi\u00f5es do Cariri, Curimata\u00fa, Sert\u00e3o e Alto Sert\u00e3o da Para\u00edba. &nbsp; Confira os a\u00e7udes em situa\u00e7\u00e3o cr\u00edtica: Bastiana \u2013 Teixeira Bichinho \u2013 Barra de S\u00e3o Miguel Cacimbinha \u2013 Serid\u00f3 Campos \u2013 Cara\u00fabas Gurj\u00e3o \u2013 Tapero\u00e1 Jeremias \u2013 Desterro Lagoa do Meio \u2013 Tapero\u00e1 Mucutu \u2013 Juazeirinho Ouro Velho \u2013 Ouro Velho Prata II \u2013 Prata Retiro \u2013 Cuit\u00e9 Riacho das Mo\u00e7as \u2013 Teixeira Riacho de Santo Ant\u00f4nio \u2013 Riacho de Santo Ant\u00f4nio Santa Luzia \u2013 Santa Luzia Serra Vermelha I \u2013 Concei\u00e7\u00e3o S\u00e3o Francisco II \u2013 Teixeira S\u00e3o Jos\u00e9 IV \u2013 S\u00e3o Jos\u00e9 do Sabugi S\u00e3o Mamede \u2013 S\u00e3o Mamede S\u00e3o Paulo \u2013 Prata Tapera \u2013 Bel\u00e9m do Brejo do Cruz V\u00e1rzea Grande \u2013 Picu\u00ed &nbsp;<\/p>\n","protected":false},"author":2,"featured_media":47122,"comment_status":"closed","ping_status":"open","sticky":false,"template":"","format":"standard","meta":{"_eb_attr":"","_jetpack_memberships_contains_paid_content":false,"footnotes":""},"categories":[3],"tags":[],"class_list":["post-47121","post","type-post","status-publish","format-standard","has-post-thumbnail","hentry","category-cidades"],"yoast_head":"<!-- This site is optimized with the Yoast SEO plugin v26.5 - https:\/\/yoast.com\/wordpress\/plugins\/seo\/ -->\n<title>Apesar das chuvas, mais de 20 reservat\u00f3rios seguem em situa\u00e7\u00e3o cr\u00edtica na PB; nove s\u00e3o no Cariri - Not&iacute;cias em Destaque<\/title>\n<meta name=\"robots\" content=\"index, follow, max-snippet:-1, max-image-preview:large, max-video-preview:-1\" \/>\n<link rel=\"canonical\" href=\"https:\/\/noticiasemdestaque.com\/cd\/?p=47121\" \/>\n<meta property=\"og:locale\" content=\"pt_BR\" \/>\n<meta property=\"og:type\" content=\"article\" \/>\n<meta property=\"og:title\" content=\"Apesar das chuvas, mais de 20 reservat\u00f3rios seguem em situa\u00e7\u00e3o cr\u00edtica na PB; nove s\u00e3o no Cariri - Not&iacute;cias em Destaque\" \/>\n<meta property=\"og:description\" content=\"Mesmo com os registros de fortes chuvas em diversas regi\u00f5es do estado desde a semana passada, 23 reservat\u00f3rios monitorados pela Ag\u00eancia Executiva de Gest\u00e3o das \u00c1guas (Aesa) seguem com a situa\u00e7\u00e3o considerada cr\u00edtica. &nbsp; At\u00e9 hoje, quatro mananciais sangraram, ou seja, superaram a capacidade de \u00e1gua. Outros 86 est\u00e3o dentro da normalidade e 22 em observa\u00e7\u00e3o.\u00a0O problema de estiagem atinge as regi\u00f5es do Cariri, Curimata\u00fa, Sert\u00e3o e Alto Sert\u00e3o da Para\u00edba. &nbsp; Confira os a\u00e7udes em situa\u00e7\u00e3o cr\u00edtica: Bastiana \u2013 Teixeira Bichinho \u2013 Barra de S\u00e3o Miguel Cacimbinha \u2013 Serid\u00f3 Campos \u2013 Cara\u00fabas Gurj\u00e3o \u2013 Tapero\u00e1 Jeremias \u2013 Desterro Lagoa do Meio \u2013 Tapero\u00e1 Mucutu \u2013 Juazeirinho Ouro Velho \u2013 Ouro Velho Prata II \u2013 Prata Retiro \u2013 Cuit\u00e9 Riacho das Mo\u00e7as \u2013 Teixeira Riacho de Santo Ant\u00f4nio \u2013 Riacho de Santo Ant\u00f4nio Santa Luzia \u2013 Santa Luzia Serra Vermelha I \u2013 Concei\u00e7\u00e3o S\u00e3o Francisco II \u2013 Teixeira S\u00e3o Jos\u00e9 IV \u2013 S\u00e3o Jos\u00e9 do Sabugi S\u00e3o Mamede \u2013 S\u00e3o Mamede S\u00e3o Paulo \u2013 Prata Tapera \u2013 Bel\u00e9m do Brejo do Cruz V\u00e1rzea Grande \u2013 Picu\u00ed &nbsp;\" \/>\n<meta property=\"og:url\" content=\"https:\/\/noticiasemdestaque.com\/cd\/?p=47121\" \/>\n<meta property=\"og:site_name\" content=\"Not&iacute;cias em Destaque\" \/>\n<meta property=\"article:published_time\" content=\"2023-03-22T13:22:32+00:00\" \/>\n<meta property=\"og:image\" content=\"https:\/\/noticiasemdestaque.com\/cd\/wp-content\/uploads\/2023\/03\/mucutu1401201423.webp\" \/>\n\t<meta property=\"og:image:width\" content=\"800\" \/>\n\t<meta property=\"og:image:height\" content=\"400\" \/>\n\t<meta property=\"og:image:type\" content=\"image\/webp\" \/>\n<meta name=\"author\" content=\"Not\u00edcias em Destaque\" \/>\n<meta name=\"twitter:card\" content=\"summary_large_image\" \/>\n<meta name=\"twitter:label1\" content=\"Escrito por\" \/>\n\t<meta name=\"twitter:data1\" content=\"Not\u00edcias em Destaque\" \/>\n\t<meta name=\"twitter:label2\" content=\"Est. tempo de leitura\" \/>\n\t<meta name=\"twitter:data2\" content=\"2 minutos\" \/>\n<script type=\"application\/ld+json\" class=\"yoast-schema-graph\">{\"@context\":\"https:\/\/schema.org\",\"@graph\":[{\"@type\":\"Article\",\"@id\":\"https:\/\/noticiasemdestaque.com\/cd\/?p=47121#article\",\"isPartOf\":{\"@id\":\"https:\/\/noticiasemdestaque.com\/cd\/?p=47121\"},\"author\":{\"name\":\"Not\u00edcias em Destaque\",\"@id\":\"https:\/\/noticiasemdestaque.com\/cd\/#\/schema\/person\/45ca272b3e1246ef14ebb78a48dbb218\"},\"headline\":\"Apesar das chuvas, mais de 20 reservat\u00f3rios seguem em situa\u00e7\u00e3o cr\u00edtica na PB; nove s\u00e3o no Cariri\",\"datePublished\":\"2023-03-22T13:22:32+00:00\",\"mainEntityOfPage\":{\"@id\":\"https:\/\/noticiasemdestaque.com\/cd\/?p=47121\"},\"wordCount\":204,\"publisher\":{\"@id\":\"https:\/\/noticiasemdestaque.com\/cd\/#organization\"},\"image\":{\"@id\":\"https:\/\/noticiasemdestaque.com\/cd\/?p=47121#primaryimage\"},\"thumbnailUrl\":\"https:\/\/noticiasemdestaque.com\/cd\/wp-content\/uploads\/2023\/03\/mucutu1401201423.webp\",\"articleSection\":[\"Cidades\"],\"inLanguage\":\"pt-BR\"},{\"@type\":\"WebPage\",\"@id\":\"https:\/\/noticiasemdestaque.com\/cd\/?p=47121\",\"url\":\"https:\/\/noticiasemdestaque.com\/cd\/?p=47121\",\"name\":\"Apesar das chuvas, mais de 20 reservat\u00f3rios seguem em situa\u00e7\u00e3o cr\u00edtica na PB; nove s\u00e3o no Cariri - Not&iacute;cias em Destaque\",\"isPartOf\":{\"@id\":\"https:\/\/noticiasemdestaque.com\/cd\/#website\"},\"primaryImageOfPage\":{\"@id\":\"https:\/\/noticiasemdestaque.com\/cd\/?p=47121#primaryimage\"},\"image\":{\"@id\":\"https:\/\/noticiasemdestaque.com\/cd\/?p=47121#primaryimage\"},\"thumbnailUrl\":\"https:\/\/noticiasemdestaque.com\/cd\/wp-content\/uploads\/2023\/03\/mucutu1401201423.webp\",\"datePublished\":\"2023-03-22T13:22:32+00:00\",\"breadcrumb\":{\"@id\":\"https:\/\/noticiasemdestaque.com\/cd\/?p=47121#breadcrumb\"},\"inLanguage\":\"pt-BR\",\"potentialAction\":[{\"@type\":\"ReadAction\",\"target\":[\"https:\/\/noticiasemdestaque.com\/cd\/?p=47121\"]}]},{\"@type\":\"ImageObject\",\"inLanguage\":\"pt-BR\",\"@id\":\"https:\/\/noticiasemdestaque.com\/cd\/?p=47121#primaryimage\",\"url\":\"https:\/\/noticiasemdestaque.com\/cd\/wp-content\/uploads\/2023\/03\/mucutu1401201423.webp\",\"contentUrl\":\"https:\/\/noticiasemdestaque.com\/cd\/wp-content\/uploads\/2023\/03\/mucutu1401201423.webp\",\"width\":800,\"height\":400},{\"@type\":\"BreadcrumbList\",\"@id\":\"https:\/\/noticiasemdestaque.com\/cd\/?p=47121#breadcrumb\",\"itemListElement\":[{\"@type\":\"ListItem\",\"position\":1,\"name\":\"In\u00edcio\",\"item\":\"https:\/\/noticiasemdestaque.com\/cd\/\"},{\"@type\":\"ListItem\",\"position\":2,\"name\":\"Apesar das chuvas, mais de 20 reservat\u00f3rios seguem em situa\u00e7\u00e3o cr\u00edtica na PB; nove s\u00e3o no Cariri\"}]},{\"@type\":\"WebSite\",\"@id\":\"https:\/\/noticiasemdestaque.com\/cd\/#website\",\"url\":\"https:\/\/noticiasemdestaque.com\/cd\/\",\"name\":\"Not&iacute;cias em Destaque\",\"description\":\"\",\"publisher\":{\"@id\":\"https:\/\/noticiasemdestaque.com\/cd\/#organization\"},\"potentialAction\":[{\"@type\":\"SearchAction\",\"target\":{\"@type\":\"EntryPoint\",\"urlTemplate\":\"https:\/\/noticiasemdestaque.com\/cd\/?s={search_term_string}\"},\"query-input\":{\"@type\":\"PropertyValueSpecification\",\"valueRequired\":true,\"valueName\":\"search_term_string\"}}],\"inLanguage\":\"pt-BR\"},{\"@type\":\"Organization\",\"@id\":\"https:\/\/noticiasemdestaque.com\/cd\/#organization\",\"name\":\"Not\u00edcias em Destaque\",\"url\":\"https:\/\/noticiasemdestaque.com\/cd\/\",\"logo\":{\"@type\":\"ImageObject\",\"inLanguage\":\"pt-BR\",\"@id\":\"https:\/\/noticiasemdestaque.com\/cd\/#\/schema\/logo\/image\/\",\"url\":\"https:\/\/noticiasemdestaque.com\/cd\/wp-content\/uploads\/2022\/05\/imagem-base-noticiasemdestaque.png\",\"contentUrl\":\"https:\/\/noticiasemdestaque.com\/cd\/wp-content\/uploads\/2022\/05\/imagem-base-noticiasemdestaque.png\",\"width\":1200,\"height\":630,\"caption\":\"Not\u00edcias em Destaque\"},\"image\":{\"@id\":\"https:\/\/noticiasemdestaque.com\/cd\/#\/schema\/logo\/image\/\"}},{\"@type\":\"Person\",\"@id\":\"https:\/\/noticiasemdestaque.com\/cd\/#\/schema\/person\/45ca272b3e1246ef14ebb78a48dbb218\",\"name\":\"Not\u00edcias em Destaque\",\"url\":\"https:\/\/noticiasemdestaque.com\/cd\/?author=2\"}]}<\/script>\n<!-- \/ Yoast SEO plugin. -->","yoast_head_json":{"title":"Apesar das chuvas, mais de 20 reservat\u00f3rios seguem em situa\u00e7\u00e3o cr\u00edtica na PB; nove s\u00e3o no Cariri - Not&iacute;cias em Destaque","robots":{"index":"index","follow":"follow","max-snippet":"max-snippet:-1","max-image-preview":"max-image-preview:large","max-video-preview":"max-video-preview:-1"},"canonical":"https:\/\/noticiasemdestaque.com\/cd\/?p=47121","og_locale":"pt_BR","og_type":"article","og_title":"Apesar das chuvas, mais de 20 reservat\u00f3rios seguem em situa\u00e7\u00e3o cr\u00edtica na PB; nove s\u00e3o no Cariri - Not&iacute;cias em Destaque","og_description":"Mesmo com os registros de fortes chuvas em diversas regi\u00f5es do estado desde a semana passada, 23 reservat\u00f3rios monitorados pela Ag\u00eancia Executiva de Gest\u00e3o das \u00c1guas (Aesa) seguem com a situa\u00e7\u00e3o considerada cr\u00edtica. &nbsp; At\u00e9 hoje, quatro mananciais sangraram, ou seja, superaram a capacidade de \u00e1gua. Outros 86 est\u00e3o dentro da normalidade e 22 em observa\u00e7\u00e3o.\u00a0O problema de estiagem atinge as regi\u00f5es do Cariri, Curimata\u00fa, Sert\u00e3o e Alto Sert\u00e3o da Para\u00edba. &nbsp; Confira os a\u00e7udes em situa\u00e7\u00e3o cr\u00edtica: Bastiana \u2013 Teixeira Bichinho \u2013 Barra de S\u00e3o Miguel Cacimbinha \u2013 Serid\u00f3 Campos \u2013 Cara\u00fabas Gurj\u00e3o \u2013 Tapero\u00e1 Jeremias \u2013 Desterro Lagoa do Meio \u2013 Tapero\u00e1 Mucutu \u2013 Juazeirinho Ouro Velho \u2013 Ouro Velho Prata II \u2013 Prata Retiro \u2013 Cuit\u00e9 Riacho das Mo\u00e7as \u2013 Teixeira Riacho de Santo Ant\u00f4nio \u2013 Riacho de Santo Ant\u00f4nio Santa Luzia \u2013 Santa Luzia Serra Vermelha I \u2013 Concei\u00e7\u00e3o S\u00e3o Francisco II \u2013 Teixeira S\u00e3o Jos\u00e9 IV \u2013 S\u00e3o Jos\u00e9 do Sabugi S\u00e3o Mamede \u2013 S\u00e3o Mamede S\u00e3o Paulo \u2013 Prata Tapera \u2013 Bel\u00e9m do Brejo do Cruz V\u00e1rzea Grande \u2013 Picu\u00ed &nbsp;","og_url":"https:\/\/noticiasemdestaque.com\/cd\/?p=47121","og_site_name":"Not&iacute;cias em Destaque","article_published_time":"2023-03-22T13:22:32+00:00","og_image":[{"width":800,"height":400,"url":"https:\/\/noticiasemdestaque.com\/cd\/wp-content\/uploads\/2023\/03\/mucutu1401201423.webp","type":"image\/webp"}],"author":"Not\u00edcias em Destaque","twitter_card":"summary_large_image","twitter_misc":{"Escrito por":"Not\u00edcias em Destaque","Est. tempo de leitura":"2 minutos"},"schema":{"@context":"https:\/\/schema.org","@graph":[{"@type":"Article","@id":"https:\/\/noticiasemdestaque.com\/cd\/?p=47121#article","isPartOf":{"@id":"https:\/\/noticiasemdestaque.com\/cd\/?p=47121"},"author":{"name":"Not\u00edcias em Destaque","@id":"https:\/\/noticiasemdestaque.com\/cd\/#\/schema\/person\/45ca272b3e1246ef14ebb78a48dbb218"},"headline":"Apesar das chuvas, mais de 20 reservat\u00f3rios seguem em situa\u00e7\u00e3o cr\u00edtica na PB; nove s\u00e3o no Cariri","datePublished":"2023-03-22T13:22:32+00:00","mainEntityOfPage":{"@id":"https:\/\/noticiasemdestaque.com\/cd\/?p=47121"},"wordCount":204,"publisher":{"@id":"https:\/\/noticiasemdestaque.com\/cd\/#organization"},"image":{"@id":"https:\/\/noticiasemdestaque.com\/cd\/?p=47121#primaryimage"},"thumbnailUrl":"https:\/\/noticiasemdestaque.com\/cd\/wp-content\/uploads\/2023\/03\/mucutu1401201423.webp","articleSection":["Cidades"],"inLanguage":"pt-BR"},{"@type":"WebPage","@id":"https:\/\/noticiasemdestaque.com\/cd\/?p=47121","url":"https:\/\/noticiasemdestaque.com\/cd\/?p=47121","name":"Apesar das chuvas, mais de 20 reservat\u00f3rios seguem em situa\u00e7\u00e3o cr\u00edtica na PB; nove s\u00e3o no Cariri - Not&iacute;cias em Destaque","isPartOf":{"@id":"https:\/\/noticiasemdestaque.com\/cd\/#website"},"primaryImageOfPage":{"@id":"https:\/\/noticiasemdestaque.com\/cd\/?p=47121#primaryimage"},"image":{"@id":"https:\/\/noticiasemdestaque.com\/cd\/?p=47121#primaryimage"},"thumbnailUrl":"https:\/\/noticiasemdestaque.com\/cd\/wp-content\/uploads\/2023\/03\/mucutu1401201423.webp","datePublished":"2023-03-22T13:22:32+00:00","breadcrumb":{"@id":"https:\/\/noticiasemdestaque.com\/cd\/?p=47121#breadcrumb"},"inLanguage":"pt-BR","potentialAction":[{"@type":"ReadAction","target":["https:\/\/noticiasemdestaque.com\/cd\/?p=47121"]}]},{"@type":"ImageObject","inLanguage":"pt-BR","@id":"https:\/\/noticiasemdestaque.com\/cd\/?p=47121#primaryimage","url":"https:\/\/noticiasemdestaque.com\/cd\/wp-content\/uploads\/2023\/03\/mucutu1401201423.webp","contentUrl":"https:\/\/noticiasemdestaque.com\/cd\/wp-content\/uploads\/2023\/03\/mucutu1401201423.webp","width":800,"height":400},{"@type":"BreadcrumbList","@id":"https:\/\/noticiasemdestaque.com\/cd\/?p=47121#breadcrumb","itemListElement":[{"@type":"ListItem","position":1,"name":"In\u00edcio","item":"https:\/\/noticiasemdestaque.com\/cd\/"},{"@type":"ListItem","position":2,"name":"Apesar das chuvas, mais de 20 reservat\u00f3rios seguem em situa\u00e7\u00e3o cr\u00edtica na PB; nove s\u00e3o no Cariri"}]},{"@type":"WebSite","@id":"https:\/\/noticiasemdestaque.com\/cd\/#website","url":"https:\/\/noticiasemdestaque.com\/cd\/","name":"Not&iacute;cias em Destaque","description":"","publisher":{"@id":"https:\/\/noticiasemdestaque.com\/cd\/#organization"},"potentialAction":[{"@type":"SearchAction","target":{"@type":"EntryPoint","urlTemplate":"https:\/\/noticiasemdestaque.com\/cd\/?s={search_term_string}"},"query-input":{"@type":"PropertyValueSpecification","valueRequired":true,"valueName":"search_term_string"}}],"inLanguage":"pt-BR"},{"@type":"Organization","@id":"https:\/\/noticiasemdestaque.com\/cd\/#organization","name":"Not\u00edcias em Destaque","url":"https:\/\/noticiasemdestaque.com\/cd\/","logo":{"@type":"ImageObject","inLanguage":"pt-BR","@id":"https:\/\/noticiasemdestaque.com\/cd\/#\/schema\/logo\/image\/","url":"https:\/\/noticiasemdestaque.com\/cd\/wp-content\/uploads\/2022\/05\/imagem-base-noticiasemdestaque.png","contentUrl":"https:\/\/noticiasemdestaque.com\/cd\/wp-content\/uploads\/2022\/05\/imagem-base-noticiasemdestaque.png","width":1200,"height":630,"caption":"Not\u00edcias em Destaque"},"image":{"@id":"https:\/\/noticiasemdestaque.com\/cd\/#\/schema\/logo\/image\/"}},{"@type":"Person","@id":"https:\/\/noticiasemdestaque.com\/cd\/#\/schema\/person\/45ca272b3e1246ef14ebb78a48dbb218","name":"Not\u00edcias em Destaque","url":"https:\/\/noticiasemdestaque.com\/cd\/?author=2"}]}},"jetpack_featured_media_url":"https:\/\/noticiasemdestaque.com\/cd\/wp-content\/uploads\/2023\/03\/mucutu1401201423.webp","jetpack_sharing_enabled":true,"_links":{"self":[{"href":"https:\/\/noticiasemdestaque.com\/cd\/index.php?rest_route=\/wp\/v2\/posts\/47121","targetHints":{"allow":["GET"]}}],"collection":[{"href":"https:\/\/noticiasemdestaque.com\/cd\/index.php?rest_route=\/wp\/v2\/posts"}],"about":[{"href":"https:\/\/noticiasemdestaque.com\/cd\/index.php?rest_route=\/wp\/v2\/types\/post"}],"author":[{"embeddable":true,"href":"https:\/\/noticiasemdestaque.com\/cd\/index.php?rest_route=\/wp\/v2\/users\/2"}],"replies":[{"embeddable":true,"href":"https:\/\/noticiasemdestaque.com\/cd\/index.php?rest_route=%2Fwp%2Fv2%2Fcomments&post=47121"}],"version-history":[{"count":2,"href":"https:\/\/noticiasemdestaque.com\/cd\/index.php?rest_route=\/wp\/v2\/posts\/47121\/revisions"}],"predecessor-version":[{"id":47124,"href":"https:\/\/noticiasemdestaque.com\/cd\/index.php?rest_route=\/wp\/v2\/posts\/47121\/revisions\/47124"}],"wp:featuredmedia":[{"embeddable":true,"href":"https:\/\/noticiasemdestaque.com\/cd\/index.php?rest_route=\/wp\/v2\/media\/47122"}],"wp:attachment":[{"href":"https:\/\/noticiasemdestaque.com\/cd\/index.php?rest_route=%2Fwp%2Fv2%2Fmedia&parent=47121"}],"wp:term":[{"taxonomy":"category","embeddable":true,"href":"https:\/\/noticiasemdestaque.com\/cd\/index.php?rest_route=%2Fwp%2Fv2%2Fcategories&post=47121"},{"taxonomy":"post_tag","embeddable":true,"href":"https:\/\/noticiasemdestaque.com\/cd\/index.php?rest_route=%2Fwp%2Fv2%2Ftags&post=47121"}],"curies":[{"name":"wp","href":"https:\/\/api.w.org\/{rel}","templated":true}]}}