{"id":47117,"date":"2023-03-21T21:00:11","date_gmt":"2023-03-22T00:00:11","guid":{"rendered":"https:\/\/noticiasemdestaque.com\/cd\/?p=47117"},"modified":"2023-03-21T21:00:11","modified_gmt":"2023-03-22T00:00:11","slug":"governo-federal-cobrara-r-776-mi-a-pb-para-uso-das-aguas-do-sao-francisco","status":"publish","type":"post","link":"https:\/\/noticiasemdestaque.com\/cd\/?p=47117","title":{"rendered":"Governo Federal cobrar\u00e1 R$ 77,6 mi \u00e0 PB para uso das \u00c1guas do S\u00e3o Francisco"},"content":{"rendered":"<p><a href=\"https:\/\/noticiasemdestaque.com\/cd\/wp-content\/uploads\/2023\/03\/Transposicao.jpeg\"><img fetchpriority=\"high\" decoding=\"async\" class=\"alignnone  wp-image-47118\" src=\"https:\/\/noticiasemdestaque.com\/cd\/wp-content\/uploads\/2023\/03\/Transposicao-300x200.jpeg\" alt=\"\" width=\"1245\" height=\"830\" srcset=\"https:\/\/noticiasemdestaque.com\/cd\/wp-content\/uploads\/2023\/03\/Transposicao-300x200.jpeg 300w, https:\/\/noticiasemdestaque.com\/cd\/wp-content\/uploads\/2023\/03\/Transposicao-768x512.jpeg 768w, https:\/\/noticiasemdestaque.com\/cd\/wp-content\/uploads\/2023\/03\/Transposicao-18x12.jpeg 18w, https:\/\/noticiasemdestaque.com\/cd\/wp-content\/uploads\/2023\/03\/Transposicao.jpeg 800w\" sizes=\"(max-width: 1245px) 100vw, 1245px\" \/><\/a><\/p>\n<p>A Ag\u00eancia Nacional da \u00c1guas (ANA) definiu as tarifas para adu\u00e7\u00e3o de \u00e1gua bruta do Projeto de Integra\u00e7\u00e3o do S\u00e3o Francisco em 2023. A resolu\u00e7\u00e3o foi publicada nesta ter\u00e7a-feira (21) no Di\u00e1rio Oficial da Uni\u00e3o. Segundo resolu\u00e7\u00e3o, a Para\u00edba dever\u00e1 pagar em 2023, R$ 77,6 milh\u00f5es.<\/p>\n<p>Esses recursos, segundo a ANA, \u00e9\u00a0 pela aquisi\u00e7\u00e3o da \u00e1gua, que custar\u00e1 tr\u00eas centavos por metro c\u00fabico, e uso, que ter\u00e1 um valor de 20 centavos pelo metro c\u00fabico.<\/p>\n<p>As tarifas ter\u00e3o validade a partir do momento em que houver assinatura dos contratos de presta\u00e7\u00e3o do servi\u00e7o pelos estados receptores das \u00e1guas do velho chico. A tarifa de consumo \u00e9 cobrada proporcionalmente ao volume de \u00e1gua fornecido \u00e0s operadoras estaduais.<\/p>\n<p>O valor ser\u00e1 para cobrir os custos, como a energia el\u00e9trica utilizada no bombeamento da \u00e1gua do Rio S\u00e3o Francisco. J\u00e1 tarifa de disponibilidade de \u00e1gua se refere aos custos que as operadoras estaduais ter\u00e3o para cobrir valores de manuten\u00e7\u00e3o da infraestrutura do Projeto de Transposi\u00e7\u00e3o.<\/p>\n<p>A Para\u00edba recebe \u00e1gua do Rio S\u00e3o Francisco atrav\u00e9s de dois canais. O Eixo Leste, que contempla a regi\u00e3o do Cariri e o Eixo Norte, no Sert\u00e3o.<\/p>\n<p><strong>Noticias em Destaque<\/strong><\/p>\n<p style=\"text-align: right;\"><em>Fonte: Mais PB<\/em><\/p>\n","protected":false},"excerpt":{"rendered":"<p>A Ag\u00eancia Nacional da \u00c1guas (ANA) definiu as tarifas para adu\u00e7\u00e3o de \u00e1gua bruta do Projeto de Integra\u00e7\u00e3o do S\u00e3o Francisco em 2023. A resolu\u00e7\u00e3o foi publicada nesta ter\u00e7a-feira (21) no Di\u00e1rio Oficial da Uni\u00e3o. Segundo resolu\u00e7\u00e3o, a Para\u00edba dever\u00e1 pagar em 2023, R$ 77,6 milh\u00f5es. Esses recursos, segundo a ANA, \u00e9\u00a0 pela aquisi\u00e7\u00e3o da \u00e1gua, que custar\u00e1 tr\u00eas centavos por metro c\u00fabico, e uso, que ter\u00e1 um valor de 20 centavos pelo metro c\u00fabico. As tarifas ter\u00e3o validade a partir do momento em que houver assinatura dos contratos de presta\u00e7\u00e3o do servi\u00e7o pelos estados receptores das \u00e1guas do velho chico. A tarifa de consumo \u00e9 cobrada proporcionalmente ao volume de \u00e1gua fornecido \u00e0s operadoras estaduais. O valor ser\u00e1 para cobrir os custos, como a energia el\u00e9trica utilizada no bombeamento da \u00e1gua do Rio S\u00e3o Francisco. J\u00e1 tarifa de disponibilidade de \u00e1gua se refere aos custos que as operadoras estaduais ter\u00e3o para cobrir valores de manuten\u00e7\u00e3o da infraestrutura do Projeto de Transposi\u00e7\u00e3o. A Para\u00edba recebe \u00e1gua do Rio S\u00e3o Francisco atrav\u00e9s de dois canais. O Eixo Leste, que contempla a regi\u00e3o do Cariri e o Eixo Norte, no Sert\u00e3o. Noticias em Destaque Fonte: Mais PB<\/p>\n","protected":false},"author":2,"featured_media":47118,"comment_status":"closed","ping_status":"open","sticky":false,"template":"","format":"standard","meta":{"_eb_attr":"","_jetpack_memberships_contains_paid_content":false,"footnotes":""},"categories":[4],"tags":[],"class_list":["post-47117","post","type-post","status-publish","format-standard","has-post-thumbnail","hentry","category-politica"],"yoast_head":"<!-- This site is optimized with the Yoast SEO plugin v26.5 - https:\/\/yoast.com\/wordpress\/plugins\/seo\/ -->\n<title>Governo Federal cobrar\u00e1 R$ 77,6 mi \u00e0 PB para uso das \u00c1guas do S\u00e3o Francisco - Not&iacute;cias em Destaque<\/title>\n<meta name=\"robots\" content=\"index, follow, max-snippet:-1, max-image-preview:large, max-video-preview:-1\" \/>\n<link rel=\"canonical\" href=\"https:\/\/noticiasemdestaque.com\/cd\/?p=47117\" \/>\n<meta property=\"og:locale\" content=\"pt_BR\" \/>\n<meta property=\"og:type\" content=\"article\" \/>\n<meta property=\"og:title\" content=\"Governo Federal cobrar\u00e1 R$ 77,6 mi \u00e0 PB para uso das \u00c1guas do S\u00e3o Francisco - Not&iacute;cias em Destaque\" \/>\n<meta property=\"og:description\" content=\"A Ag\u00eancia Nacional da \u00c1guas (ANA) definiu as tarifas para adu\u00e7\u00e3o de \u00e1gua bruta do Projeto de Integra\u00e7\u00e3o do S\u00e3o Francisco em 2023. A resolu\u00e7\u00e3o foi publicada nesta ter\u00e7a-feira (21) no Di\u00e1rio Oficial da Uni\u00e3o. Segundo resolu\u00e7\u00e3o, a Para\u00edba dever\u00e1 pagar em 2023, R$ 77,6 milh\u00f5es. Esses recursos, segundo a ANA, \u00e9\u00a0 pela aquisi\u00e7\u00e3o da \u00e1gua, que custar\u00e1 tr\u00eas centavos por metro c\u00fabico, e uso, que ter\u00e1 um valor de 20 centavos pelo metro c\u00fabico. As tarifas ter\u00e3o validade a partir do momento em que houver assinatura dos contratos de presta\u00e7\u00e3o do servi\u00e7o pelos estados receptores das \u00e1guas do velho chico. A tarifa de consumo \u00e9 cobrada proporcionalmente ao volume de \u00e1gua fornecido \u00e0s operadoras estaduais. O valor ser\u00e1 para cobrir os custos, como a energia el\u00e9trica utilizada no bombeamento da \u00e1gua do Rio S\u00e3o Francisco. J\u00e1 tarifa de disponibilidade de \u00e1gua se refere aos custos que as operadoras estaduais ter\u00e3o para cobrir valores de manuten\u00e7\u00e3o da infraestrutura do Projeto de Transposi\u00e7\u00e3o. A Para\u00edba recebe \u00e1gua do Rio S\u00e3o Francisco atrav\u00e9s de dois canais. O Eixo Leste, que contempla a regi\u00e3o do Cariri e o Eixo Norte, no Sert\u00e3o. Noticias em Destaque Fonte: Mais PB\" \/>\n<meta property=\"og:url\" content=\"https:\/\/noticiasemdestaque.com\/cd\/?p=47117\" \/>\n<meta property=\"og:site_name\" content=\"Not&iacute;cias em Destaque\" \/>\n<meta property=\"article:published_time\" content=\"2023-03-22T00:00:11+00:00\" \/>\n<meta property=\"og:image\" content=\"https:\/\/noticiasemdestaque.com\/cd\/wp-content\/uploads\/2023\/03\/Transposicao.jpeg\" \/>\n\t<meta property=\"og:image:width\" content=\"800\" \/>\n\t<meta property=\"og:image:height\" content=\"533\" \/>\n\t<meta property=\"og:image:type\" content=\"image\/jpeg\" \/>\n<meta name=\"author\" content=\"Not\u00edcias em Destaque\" \/>\n<meta name=\"twitter:card\" content=\"summary_large_image\" \/>\n<meta name=\"twitter:label1\" content=\"Escrito por\" \/>\n\t<meta name=\"twitter:data1\" content=\"Not\u00edcias em Destaque\" \/>\n\t<meta name=\"twitter:label2\" content=\"Est. tempo de leitura\" \/>\n\t<meta name=\"twitter:data2\" content=\"2 minutos\" \/>\n<script type=\"application\/ld+json\" class=\"yoast-schema-graph\">{\"@context\":\"https:\/\/schema.org\",\"@graph\":[{\"@type\":\"Article\",\"@id\":\"https:\/\/noticiasemdestaque.com\/cd\/?p=47117#article\",\"isPartOf\":{\"@id\":\"https:\/\/noticiasemdestaque.com\/cd\/?p=47117\"},\"author\":{\"name\":\"Not\u00edcias em Destaque\",\"@id\":\"https:\/\/noticiasemdestaque.com\/cd\/#\/schema\/person\/47f7d4f55eec17c6b2ca036c5500f6ce\"},\"headline\":\"Governo Federal cobrar\u00e1 R$ 77,6 mi \u00e0 PB para uso das \u00c1guas do S\u00e3o Francisco\",\"datePublished\":\"2023-03-22T00:00:11+00:00\",\"mainEntityOfPage\":{\"@id\":\"https:\/\/noticiasemdestaque.com\/cd\/?p=47117\"},\"wordCount\":230,\"publisher\":{\"@id\":\"https:\/\/noticiasemdestaque.com\/cd\/#organization\"},\"image\":{\"@id\":\"https:\/\/noticiasemdestaque.com\/cd\/?p=47117#primaryimage\"},\"thumbnailUrl\":\"https:\/\/noticiasemdestaque.com\/cd\/wp-content\/uploads\/2023\/03\/Transposicao.jpeg\",\"articleSection\":[\"Pol\u00edtica\"],\"inLanguage\":\"pt-BR\"},{\"@type\":\"WebPage\",\"@id\":\"https:\/\/noticiasemdestaque.com\/cd\/?p=47117\",\"url\":\"https:\/\/noticiasemdestaque.com\/cd\/?p=47117\",\"name\":\"Governo Federal cobrar\u00e1 R$ 77,6 mi \u00e0 PB para uso das \u00c1guas do S\u00e3o Francisco - Not&iacute;cias em Destaque\",\"isPartOf\":{\"@id\":\"https:\/\/noticiasemdestaque.com\/cd\/#website\"},\"primaryImageOfPage\":{\"@id\":\"https:\/\/noticiasemdestaque.com\/cd\/?p=47117#primaryimage\"},\"image\":{\"@id\":\"https:\/\/noticiasemdestaque.com\/cd\/?p=47117#primaryimage\"},\"thumbnailUrl\":\"https:\/\/noticiasemdestaque.com\/cd\/wp-content\/uploads\/2023\/03\/Transposicao.jpeg\",\"datePublished\":\"2023-03-22T00:00:11+00:00\",\"breadcrumb\":{\"@id\":\"https:\/\/noticiasemdestaque.com\/cd\/?p=47117#breadcrumb\"},\"inLanguage\":\"pt-BR\",\"potentialAction\":[{\"@type\":\"ReadAction\",\"target\":[\"https:\/\/noticiasemdestaque.com\/cd\/?p=47117\"]}]},{\"@type\":\"ImageObject\",\"inLanguage\":\"pt-BR\",\"@id\":\"https:\/\/noticiasemdestaque.com\/cd\/?p=47117#primaryimage\",\"url\":\"https:\/\/noticiasemdestaque.com\/cd\/wp-content\/uploads\/2023\/03\/Transposicao.jpeg\",\"contentUrl\":\"https:\/\/noticiasemdestaque.com\/cd\/wp-content\/uploads\/2023\/03\/Transposicao.jpeg\",\"width\":800,\"height\":533},{\"@type\":\"BreadcrumbList\",\"@id\":\"https:\/\/noticiasemdestaque.com\/cd\/?p=47117#breadcrumb\",\"itemListElement\":[{\"@type\":\"ListItem\",\"position\":1,\"name\":\"In\u00edcio\",\"item\":\"https:\/\/noticiasemdestaque.com\/cd\/\"},{\"@type\":\"ListItem\",\"position\":2,\"name\":\"Governo Federal cobrar\u00e1 R$ 77,6 mi \u00e0 PB para uso das \u00c1guas do S\u00e3o Francisco\"}]},{\"@type\":\"WebSite\",\"@id\":\"https:\/\/noticiasemdestaque.com\/cd\/#website\",\"url\":\"https:\/\/noticiasemdestaque.com\/cd\/\",\"name\":\"Not&iacute;cias em Destaque\",\"description\":\"\",\"publisher\":{\"@id\":\"https:\/\/noticiasemdestaque.com\/cd\/#organization\"},\"potentialAction\":[{\"@type\":\"SearchAction\",\"target\":{\"@type\":\"EntryPoint\",\"urlTemplate\":\"https:\/\/noticiasemdestaque.com\/cd\/?s={search_term_string}\"},\"query-input\":{\"@type\":\"PropertyValueSpecification\",\"valueRequired\":true,\"valueName\":\"search_term_string\"}}],\"inLanguage\":\"pt-BR\"},{\"@type\":\"Organization\",\"@id\":\"https:\/\/noticiasemdestaque.com\/cd\/#organization\",\"name\":\"Not\u00edcias em Destaque\",\"url\":\"https:\/\/noticiasemdestaque.com\/cd\/\",\"logo\":{\"@type\":\"ImageObject\",\"inLanguage\":\"pt-BR\",\"@id\":\"https:\/\/noticiasemdestaque.com\/cd\/#\/schema\/logo\/image\/\",\"url\":\"https:\/\/noticiasemdestaque.com\/cd\/wp-content\/uploads\/2022\/05\/imagem-base-noticiasemdestaque.png\",\"contentUrl\":\"https:\/\/noticiasemdestaque.com\/cd\/wp-content\/uploads\/2022\/05\/imagem-base-noticiasemdestaque.png\",\"width\":1200,\"height\":630,\"caption\":\"Not\u00edcias em Destaque\"},\"image\":{\"@id\":\"https:\/\/noticiasemdestaque.com\/cd\/#\/schema\/logo\/image\/\"}},{\"@type\":\"Person\",\"@id\":\"https:\/\/noticiasemdestaque.com\/cd\/#\/schema\/person\/47f7d4f55eec17c6b2ca036c5500f6ce\",\"name\":\"Not\u00edcias em Destaque\",\"url\":\"https:\/\/noticiasemdestaque.com\/cd\/?author=2\"}]}<\/script>\n<!-- \/ Yoast SEO plugin. -->","yoast_head_json":{"title":"Governo Federal cobrar\u00e1 R$ 77,6 mi \u00e0 PB para uso das \u00c1guas do S\u00e3o Francisco - Not&iacute;cias em Destaque","robots":{"index":"index","follow":"follow","max-snippet":"max-snippet:-1","max-image-preview":"max-image-preview:large","max-video-preview":"max-video-preview:-1"},"canonical":"https:\/\/noticiasemdestaque.com\/cd\/?p=47117","og_locale":"pt_BR","og_type":"article","og_title":"Governo Federal cobrar\u00e1 R$ 77,6 mi \u00e0 PB para uso das \u00c1guas do S\u00e3o Francisco - Not&iacute;cias em Destaque","og_description":"A Ag\u00eancia Nacional da \u00c1guas (ANA) definiu as tarifas para adu\u00e7\u00e3o de \u00e1gua bruta do Projeto de Integra\u00e7\u00e3o do S\u00e3o Francisco em 2023. A resolu\u00e7\u00e3o foi publicada nesta ter\u00e7a-feira (21) no Di\u00e1rio Oficial da Uni\u00e3o. Segundo resolu\u00e7\u00e3o, a Para\u00edba dever\u00e1 pagar em 2023, R$ 77,6 milh\u00f5es. Esses recursos, segundo a ANA, \u00e9\u00a0 pela aquisi\u00e7\u00e3o da \u00e1gua, que custar\u00e1 tr\u00eas centavos por metro c\u00fabico, e uso, que ter\u00e1 um valor de 20 centavos pelo metro c\u00fabico. As tarifas ter\u00e3o validade a partir do momento em que houver assinatura dos contratos de presta\u00e7\u00e3o do servi\u00e7o pelos estados receptores das \u00e1guas do velho chico. A tarifa de consumo \u00e9 cobrada proporcionalmente ao volume de \u00e1gua fornecido \u00e0s operadoras estaduais. O valor ser\u00e1 para cobrir os custos, como a energia el\u00e9trica utilizada no bombeamento da \u00e1gua do Rio S\u00e3o Francisco. J\u00e1 tarifa de disponibilidade de \u00e1gua se refere aos custos que as operadoras estaduais ter\u00e3o para cobrir valores de manuten\u00e7\u00e3o da infraestrutura do Projeto de Transposi\u00e7\u00e3o. A Para\u00edba recebe \u00e1gua do Rio S\u00e3o Francisco atrav\u00e9s de dois canais. O Eixo Leste, que contempla a regi\u00e3o do Cariri e o Eixo Norte, no Sert\u00e3o. Noticias em Destaque Fonte: Mais PB","og_url":"https:\/\/noticiasemdestaque.com\/cd\/?p=47117","og_site_name":"Not&iacute;cias em Destaque","article_published_time":"2023-03-22T00:00:11+00:00","og_image":[{"width":800,"height":533,"url":"https:\/\/noticiasemdestaque.com\/cd\/wp-content\/uploads\/2023\/03\/Transposicao.jpeg","type":"image\/jpeg"}],"author":"Not\u00edcias em Destaque","twitter_card":"summary_large_image","twitter_misc":{"Escrito por":"Not\u00edcias em Destaque","Est. tempo de leitura":"2 minutos"},"schema":{"@context":"https:\/\/schema.org","@graph":[{"@type":"Article","@id":"https:\/\/noticiasemdestaque.com\/cd\/?p=47117#article","isPartOf":{"@id":"https:\/\/noticiasemdestaque.com\/cd\/?p=47117"},"author":{"name":"Not\u00edcias em Destaque","@id":"https:\/\/noticiasemdestaque.com\/cd\/#\/schema\/person\/47f7d4f55eec17c6b2ca036c5500f6ce"},"headline":"Governo Federal cobrar\u00e1 R$ 77,6 mi \u00e0 PB para uso das \u00c1guas do S\u00e3o Francisco","datePublished":"2023-03-22T00:00:11+00:00","mainEntityOfPage":{"@id":"https:\/\/noticiasemdestaque.com\/cd\/?p=47117"},"wordCount":230,"publisher":{"@id":"https:\/\/noticiasemdestaque.com\/cd\/#organization"},"image":{"@id":"https:\/\/noticiasemdestaque.com\/cd\/?p=47117#primaryimage"},"thumbnailUrl":"https:\/\/noticiasemdestaque.com\/cd\/wp-content\/uploads\/2023\/03\/Transposicao.jpeg","articleSection":["Pol\u00edtica"],"inLanguage":"pt-BR"},{"@type":"WebPage","@id":"https:\/\/noticiasemdestaque.com\/cd\/?p=47117","url":"https:\/\/noticiasemdestaque.com\/cd\/?p=47117","name":"Governo Federal cobrar\u00e1 R$ 77,6 mi \u00e0 PB para uso das \u00c1guas do S\u00e3o Francisco - Not&iacute;cias em Destaque","isPartOf":{"@id":"https:\/\/noticiasemdestaque.com\/cd\/#website"},"primaryImageOfPage":{"@id":"https:\/\/noticiasemdestaque.com\/cd\/?p=47117#primaryimage"},"image":{"@id":"https:\/\/noticiasemdestaque.com\/cd\/?p=47117#primaryimage"},"thumbnailUrl":"https:\/\/noticiasemdestaque.com\/cd\/wp-content\/uploads\/2023\/03\/Transposicao.jpeg","datePublished":"2023-03-22T00:00:11+00:00","breadcrumb":{"@id":"https:\/\/noticiasemdestaque.com\/cd\/?p=47117#breadcrumb"},"inLanguage":"pt-BR","potentialAction":[{"@type":"ReadAction","target":["https:\/\/noticiasemdestaque.com\/cd\/?p=47117"]}]},{"@type":"ImageObject","inLanguage":"pt-BR","@id":"https:\/\/noticiasemdestaque.com\/cd\/?p=47117#primaryimage","url":"https:\/\/noticiasemdestaque.com\/cd\/wp-content\/uploads\/2023\/03\/Transposicao.jpeg","contentUrl":"https:\/\/noticiasemdestaque.com\/cd\/wp-content\/uploads\/2023\/03\/Transposicao.jpeg","width":800,"height":533},{"@type":"BreadcrumbList","@id":"https:\/\/noticiasemdestaque.com\/cd\/?p=47117#breadcrumb","itemListElement":[{"@type":"ListItem","position":1,"name":"In\u00edcio","item":"https:\/\/noticiasemdestaque.com\/cd\/"},{"@type":"ListItem","position":2,"name":"Governo Federal cobrar\u00e1 R$ 77,6 mi \u00e0 PB para uso das \u00c1guas do S\u00e3o Francisco"}]},{"@type":"WebSite","@id":"https:\/\/noticiasemdestaque.com\/cd\/#website","url":"https:\/\/noticiasemdestaque.com\/cd\/","name":"Not&iacute;cias em Destaque","description":"","publisher":{"@id":"https:\/\/noticiasemdestaque.com\/cd\/#organization"},"potentialAction":[{"@type":"SearchAction","target":{"@type":"EntryPoint","urlTemplate":"https:\/\/noticiasemdestaque.com\/cd\/?s={search_term_string}"},"query-input":{"@type":"PropertyValueSpecification","valueRequired":true,"valueName":"search_term_string"}}],"inLanguage":"pt-BR"},{"@type":"Organization","@id":"https:\/\/noticiasemdestaque.com\/cd\/#organization","name":"Not\u00edcias em Destaque","url":"https:\/\/noticiasemdestaque.com\/cd\/","logo":{"@type":"ImageObject","inLanguage":"pt-BR","@id":"https:\/\/noticiasemdestaque.com\/cd\/#\/schema\/logo\/image\/","url":"https:\/\/noticiasemdestaque.com\/cd\/wp-content\/uploads\/2022\/05\/imagem-base-noticiasemdestaque.png","contentUrl":"https:\/\/noticiasemdestaque.com\/cd\/wp-content\/uploads\/2022\/05\/imagem-base-noticiasemdestaque.png","width":1200,"height":630,"caption":"Not\u00edcias em Destaque"},"image":{"@id":"https:\/\/noticiasemdestaque.com\/cd\/#\/schema\/logo\/image\/"}},{"@type":"Person","@id":"https:\/\/noticiasemdestaque.com\/cd\/#\/schema\/person\/47f7d4f55eec17c6b2ca036c5500f6ce","name":"Not\u00edcias em Destaque","url":"https:\/\/noticiasemdestaque.com\/cd\/?author=2"}]}},"jetpack_featured_media_url":"https:\/\/noticiasemdestaque.com\/cd\/wp-content\/uploads\/2023\/03\/Transposicao.jpeg","jetpack_sharing_enabled":true,"_links":{"self":[{"href":"https:\/\/noticiasemdestaque.com\/cd\/index.php?rest_route=\/wp\/v2\/posts\/47117","targetHints":{"allow":["GET"]}}],"collection":[{"href":"https:\/\/noticiasemdestaque.com\/cd\/index.php?rest_route=\/wp\/v2\/posts"}],"about":[{"href":"https:\/\/noticiasemdestaque.com\/cd\/index.php?rest_route=\/wp\/v2\/types\/post"}],"author":[{"embeddable":true,"href":"https:\/\/noticiasemdestaque.com\/cd\/index.php?rest_route=\/wp\/v2\/users\/2"}],"replies":[{"embeddable":true,"href":"https:\/\/noticiasemdestaque.com\/cd\/index.php?rest_route=%2Fwp%2Fv2%2Fcomments&post=47117"}],"version-history":[{"count":1,"href":"https:\/\/noticiasemdestaque.com\/cd\/index.php?rest_route=\/wp\/v2\/posts\/47117\/revisions"}],"predecessor-version":[{"id":47119,"href":"https:\/\/noticiasemdestaque.com\/cd\/index.php?rest_route=\/wp\/v2\/posts\/47117\/revisions\/47119"}],"wp:featuredmedia":[{"embeddable":true,"href":"https:\/\/noticiasemdestaque.com\/cd\/index.php?rest_route=\/wp\/v2\/media\/47118"}],"wp:attachment":[{"href":"https:\/\/noticiasemdestaque.com\/cd\/index.php?rest_route=%2Fwp%2Fv2%2Fmedia&parent=47117"}],"wp:term":[{"taxonomy":"category","embeddable":true,"href":"https:\/\/noticiasemdestaque.com\/cd\/index.php?rest_route=%2Fwp%2Fv2%2Fcategories&post=47117"},{"taxonomy":"post_tag","embeddable":true,"href":"https:\/\/noticiasemdestaque.com\/cd\/index.php?rest_route=%2Fwp%2Fv2%2Ftags&post=47117"}],"curies":[{"name":"wp","href":"https:\/\/api.w.org\/{rel}","templated":true}]}}