{"id":47115,"date":"2023-03-21T20:48:11","date_gmt":"2023-03-21T23:48:11","guid":{"rendered":"https:\/\/noticiasemdestaque.com\/cd\/?p=47115"},"modified":"2023-03-21T20:48:11","modified_gmt":"2023-03-21T23:48:11","slug":"paraiba-tem-alertas-de-chuvas-intensas-e-coordenador-da-defesa-civil-de-joao-pessoa-orienta-evitar-vias-alagadas-e-areas-de-risco","status":"publish","type":"post","link":"https:\/\/noticiasemdestaque.com\/cd\/?p=47115","title":{"rendered":"Para\u00edba tem alertas de chuvas intensas e coordenador da Defesa Civil de Jo\u00e3o Pessoa orienta &#8220;evitar vias alagadas e \u00e1reas de risco&#8221;"},"content":{"rendered":"<p><iframe title=\"Para\u00edba tem alerta de chuvas intensas e coordenador da Defesa Civil orienta para cuidados\" width=\"800\" height=\"450\" src=\"https:\/\/www.youtube.com\/embed\/VkY6GOQmSMc?feature=oembed\" frameborder=\"0\" allow=\"accelerometer; autoplay; clipboard-write; encrypted-media; gyroscope; picture-in-picture; web-share\" referrerpolicy=\"strict-origin-when-cross-origin\" allowfullscreen><\/iframe><\/p>\n<p>A Para\u00edba tem tr\u00eas alertas de chuvas intensas para as pr\u00f3ximas horas. O coordenador da Defesa Civil de Jo\u00e3o Pessoa, Kelson Chaves, orientou, nesta ter\u00e7a-feira (21), sobre os cuidados a serem tomados nessa situa\u00e7\u00e3o. Ele divulgou o WhatsApp da Defesa Civil da Capital: (83) 98831-6885.<\/p>\n<p>Jo\u00e3o Pessoa j\u00e1 teve alguns pontos de alagamento nesta ter\u00e7a-feira com as chuvas das \u00faltimas horas. Outros munic\u00edpios da Para\u00edba tamb\u00e9m registraram ac\u00famulo de \u00e1gua.<\/p>\n<p>&#8220;\u00c9 importante a ado\u00e7\u00e3o das medidas de preven\u00e7\u00e3o recomendadas: evitar o tr\u00e2nsito por vias alagadas, procurar n\u00e3o utilizar aparelhos eletr\u00f4nicos ao relento, abandonar \u00e1reas de risco como barreiras, encostas ou trechos ribeirinhos&#8221;, declarou o coordenador da Defesa Civil de Jo\u00e3o Pessoa, conforme obtido pelo ClickPB.<\/p>\n<p>Ainda segundo o coordenador da Defesa Civil, &#8220;a Prefeitura de Jo\u00e3o Pessoa permanecer\u00e1 com todos os seus \u00f3rg\u00e3os em estado de alerta monitorando, acompanhando e apoiando nos eventos adversos.&#8221;<\/p>\n<p><strong>Jo\u00e3o Pessoa e Litoral Sul<\/strong><\/p>\n<p>Segundo o Inmet, em um dos alertas direcionado a Jo\u00e3o Pessoa e ao Litoral Sul paraibano, h\u00e1 perigo de &#8220;chuva entre 30 e 60 mm\/h ou 50 e 100 mm\/dia, ventos intensos (60-100 km\/h). Risco de corte de energia el\u00e9trica, queda de galhos de \u00e1rvores, alagamentos e de descargas el\u00e9tricas.&#8221;<\/p>\n<p>As instru\u00e7\u00f5es s\u00e3o para que, &#8220;em caso de rajadas de vento: (n\u00e3o se abrigue debaixo de \u00e1rvores, pois h\u00e1 risco de queda e descargas el\u00e9tricas e n\u00e3o estacione ve\u00edculos pr\u00f3ximos a torres de transmiss\u00e3o e placas de propaganda). Se poss\u00edvel, desligue aparelhos el\u00e9tricos e quadro geral de energia. Obtenha mais informa\u00e7\u00f5es junto \u00e0 Defesa Civil (telefone 199) e ao Corpo de Bombeiros (telefone 193).&#8221;<\/p>\n<p><strong>Sert\u00e3o e Cariri<\/strong><\/p>\n<p>O outro alerta de chuvas intensas inclui o Sert\u00e3o e o Cariri paraibanos. H\u00e1 perigo de &#8220;chuva entre 30 e 60 mm\/h ou 50 e 100 mm\/dia, ventos intensos (60-100 km\/h). Risco de corte de energia el\u00e9trica, queda de galhos de \u00e1rvores, alagamentos e de descargas el\u00e9tricas&#8221;, mesma condi\u00e7\u00e3o de Jo\u00e3o Pessoa e do Litoral Sul. As instru\u00e7\u00f5es s\u00e3o as mesmas acima.<\/p>\n<p><strong>Litoral, Mata, Sert\u00e3o e Agreste<\/strong><\/p>\n<p>O alerta amarelo abrange partes do Litoral, Mata, Sert\u00e3o e Agreste da Para\u00edba. H\u00e1 perigo potencial (em menor escala), de &#8220;chuva entre 20 e 30 mm\/h ou at\u00e9 50 mm\/dia, ventos intensos (40-60 km\/h). Baixo risco de corte de energia el\u00e9trica, queda de galhos de \u00e1rvores, alagamentos e de descargas el\u00e9tricas.&#8221;<\/p>\n<p>As instru\u00e7\u00f5es s\u00e3o menos r\u00edgidas. &#8220;Em caso de rajadas de vento: (n\u00e3o se abrigue debaixo de \u00e1rvores, pois h\u00e1 leve risco de queda e descargas el\u00e9tricas e n\u00e3o estacione ve\u00edculos pr\u00f3ximos a torres de transmiss\u00e3o e placas de propaganda). Evite usar aparelhos eletr\u00f4nicos ligados \u00e0 tomada. Obtenha mais informa\u00e7\u00f5es junto \u00e0 Defesa Civil (telefone 199) e ao Corpo de Bombeiros (telefone 193).&#8221;<\/p>\n<p><strong>Noticias em Destaque<\/strong><\/p>\n<p style=\"text-align: right;\"><em>Fonte: Click PB<\/em><\/p>\n","protected":false},"excerpt":{"rendered":"<p>A Para\u00edba tem tr\u00eas alertas de chuvas intensas para as pr\u00f3ximas horas. O coordenador da Defesa Civil de Jo\u00e3o Pessoa, Kelson Chaves, orientou, nesta ter\u00e7a-feira (21), sobre os cuidados a serem tomados nessa situa\u00e7\u00e3o. Ele divulgou o WhatsApp da Defesa Civil da Capital: (83) 98831-6885. Jo\u00e3o Pessoa j\u00e1 teve alguns pontos de alagamento nesta ter\u00e7a-feira com as chuvas das \u00faltimas horas. Outros munic\u00edpios da Para\u00edba tamb\u00e9m registraram ac\u00famulo de \u00e1gua. &#8220;\u00c9 importante a ado\u00e7\u00e3o das medidas de preven\u00e7\u00e3o recomendadas: evitar o tr\u00e2nsito por vias alagadas, procurar n\u00e3o utilizar aparelhos eletr\u00f4nicos ao relento, abandonar \u00e1reas de risco como barreiras, encostas ou trechos ribeirinhos&#8221;, declarou o coordenador da Defesa Civil de Jo\u00e3o Pessoa, conforme obtido pelo ClickPB. Ainda segundo o coordenador da Defesa Civil, &#8220;a Prefeitura de Jo\u00e3o Pessoa permanecer\u00e1 com todos os seus \u00f3rg\u00e3os em estado de alerta monitorando, acompanhando e apoiando nos eventos adversos.&#8221; Jo\u00e3o Pessoa e Litoral Sul Segundo o Inmet, em um dos alertas direcionado a Jo\u00e3o Pessoa e ao Litoral Sul paraibano, h\u00e1 perigo de &#8220;chuva entre 30 e 60 mm\/h ou 50 e 100 mm\/dia, ventos intensos (60-100 km\/h). Risco de corte de energia el\u00e9trica, queda de galhos de \u00e1rvores, alagamentos e de descargas el\u00e9tricas.&#8221; As instru\u00e7\u00f5es s\u00e3o para que, &#8220;em caso de rajadas de vento: (n\u00e3o se abrigue debaixo de \u00e1rvores, pois h\u00e1 risco de queda e descargas el\u00e9tricas e n\u00e3o estacione ve\u00edculos pr\u00f3ximos a torres de transmiss\u00e3o e placas de propaganda). Se poss\u00edvel, desligue aparelhos el\u00e9tricos e quadro geral de energia. Obtenha mais informa\u00e7\u00f5es junto \u00e0 Defesa Civil (telefone 199) e ao Corpo de Bombeiros (telefone 193).&#8221; Sert\u00e3o e Cariri O outro alerta de chuvas intensas inclui o Sert\u00e3o e o Cariri paraibanos. H\u00e1 perigo de &#8220;chuva entre 30 e 60 mm\/h ou 50 e 100 mm\/dia, ventos intensos (60-100 km\/h). Risco de corte de energia el\u00e9trica, queda de galhos de \u00e1rvores, alagamentos e de descargas el\u00e9tricas&#8221;, mesma condi\u00e7\u00e3o de Jo\u00e3o Pessoa e do Litoral Sul. As instru\u00e7\u00f5es s\u00e3o as mesmas acima. Litoral, Mata, Sert\u00e3o e Agreste O alerta amarelo abrange partes do Litoral, Mata, Sert\u00e3o e Agreste da Para\u00edba. H\u00e1 perigo potencial (em menor escala), de &#8220;chuva entre 20 e 30 mm\/h ou at\u00e9 50 mm\/dia, ventos intensos (40-60 km\/h). Baixo risco de corte de energia el\u00e9trica, queda de galhos de \u00e1rvores, alagamentos e de descargas el\u00e9tricas.&#8221; As instru\u00e7\u00f5es s\u00e3o menos r\u00edgidas. &#8220;Em caso de rajadas de vento: (n\u00e3o se abrigue debaixo de \u00e1rvores, pois h\u00e1 leve risco de queda e descargas el\u00e9tricas e n\u00e3o estacione ve\u00edculos pr\u00f3ximos a torres de transmiss\u00e3o e placas de propaganda). Evite usar aparelhos eletr\u00f4nicos ligados \u00e0 tomada. Obtenha mais informa\u00e7\u00f5es junto \u00e0 Defesa Civil (telefone 199) e ao Corpo de Bombeiros (telefone 193).&#8221; Noticias em Destaque Fonte: Click PB<\/p>\n","protected":false},"author":2,"featured_media":45183,"comment_status":"closed","ping_status":"open","sticky":false,"template":"","format":"standard","meta":{"_eb_attr":"","_jetpack_memberships_contains_paid_content":false,"footnotes":""},"categories":[3],"tags":[],"class_list":["post-47115","post","type-post","status-publish","format-standard","has-post-thumbnail","hentry","category-cidades"],"yoast_head":"<!-- This site is optimized with the Yoast SEO plugin v26.5 - https:\/\/yoast.com\/wordpress\/plugins\/seo\/ -->\n<title>Para\u00edba tem alertas de chuvas intensas e coordenador da Defesa Civil de Jo\u00e3o Pessoa orienta &quot;evitar vias alagadas e \u00e1reas de risco&quot; - Not&iacute;cias em Destaque<\/title>\n<meta name=\"robots\" content=\"index, follow, max-snippet:-1, max-image-preview:large, max-video-preview:-1\" \/>\n<link rel=\"canonical\" href=\"https:\/\/noticiasemdestaque.com\/cd\/?p=47115\" \/>\n<meta property=\"og:locale\" content=\"pt_BR\" \/>\n<meta property=\"og:type\" content=\"article\" \/>\n<meta property=\"og:title\" content=\"Para\u00edba tem alertas de chuvas intensas e coordenador da Defesa Civil de Jo\u00e3o Pessoa orienta &quot;evitar vias alagadas e \u00e1reas de risco&quot; - Not&iacute;cias em Destaque\" \/>\n<meta property=\"og:description\" content=\"A Para\u00edba tem tr\u00eas alertas de chuvas intensas para as pr\u00f3ximas horas. O coordenador da Defesa Civil de Jo\u00e3o Pessoa, Kelson Chaves, orientou, nesta ter\u00e7a-feira (21), sobre os cuidados a serem tomados nessa situa\u00e7\u00e3o. Ele divulgou o WhatsApp da Defesa Civil da Capital: (83) 98831-6885. Jo\u00e3o Pessoa j\u00e1 teve alguns pontos de alagamento nesta ter\u00e7a-feira com as chuvas das \u00faltimas horas. Outros munic\u00edpios da Para\u00edba tamb\u00e9m registraram ac\u00famulo de \u00e1gua. &#8220;\u00c9 importante a ado\u00e7\u00e3o das medidas de preven\u00e7\u00e3o recomendadas: evitar o tr\u00e2nsito por vias alagadas, procurar n\u00e3o utilizar aparelhos eletr\u00f4nicos ao relento, abandonar \u00e1reas de risco como barreiras, encostas ou trechos ribeirinhos&#8221;, declarou o coordenador da Defesa Civil de Jo\u00e3o Pessoa, conforme obtido pelo ClickPB. Ainda segundo o coordenador da Defesa Civil, &#8220;a Prefeitura de Jo\u00e3o Pessoa permanecer\u00e1 com todos os seus \u00f3rg\u00e3os em estado de alerta monitorando, acompanhando e apoiando nos eventos adversos.&#8221; Jo\u00e3o Pessoa e Litoral Sul Segundo o Inmet, em um dos alertas direcionado a Jo\u00e3o Pessoa e ao Litoral Sul paraibano, h\u00e1 perigo de &#8220;chuva entre 30 e 60 mm\/h ou 50 e 100 mm\/dia, ventos intensos (60-100 km\/h). Risco de corte de energia el\u00e9trica, queda de galhos de \u00e1rvores, alagamentos e de descargas el\u00e9tricas.&#8221; As instru\u00e7\u00f5es s\u00e3o para que, &#8220;em caso de rajadas de vento: (n\u00e3o se abrigue debaixo de \u00e1rvores, pois h\u00e1 risco de queda e descargas el\u00e9tricas e n\u00e3o estacione ve\u00edculos pr\u00f3ximos a torres de transmiss\u00e3o e placas de propaganda). Se poss\u00edvel, desligue aparelhos el\u00e9tricos e quadro geral de energia. Obtenha mais informa\u00e7\u00f5es junto \u00e0 Defesa Civil (telefone 199) e ao Corpo de Bombeiros (telefone 193).&#8221; Sert\u00e3o e Cariri O outro alerta de chuvas intensas inclui o Sert\u00e3o e o Cariri paraibanos. H\u00e1 perigo de &#8220;chuva entre 30 e 60 mm\/h ou 50 e 100 mm\/dia, ventos intensos (60-100 km\/h). Risco de corte de energia el\u00e9trica, queda de galhos de \u00e1rvores, alagamentos e de descargas el\u00e9tricas&#8221;, mesma condi\u00e7\u00e3o de Jo\u00e3o Pessoa e do Litoral Sul. As instru\u00e7\u00f5es s\u00e3o as mesmas acima. Litoral, Mata, Sert\u00e3o e Agreste O alerta amarelo abrange partes do Litoral, Mata, Sert\u00e3o e Agreste da Para\u00edba. H\u00e1 perigo potencial (em menor escala), de &#8220;chuva entre 20 e 30 mm\/h ou at\u00e9 50 mm\/dia, ventos intensos (40-60 km\/h). Baixo risco de corte de energia el\u00e9trica, queda de galhos de \u00e1rvores, alagamentos e de descargas el\u00e9tricas.&#8221; As instru\u00e7\u00f5es s\u00e3o menos r\u00edgidas. &#8220;Em caso de rajadas de vento: (n\u00e3o se abrigue debaixo de \u00e1rvores, pois h\u00e1 leve risco de queda e descargas el\u00e9tricas e n\u00e3o estacione ve\u00edculos pr\u00f3ximos a torres de transmiss\u00e3o e placas de propaganda). Evite usar aparelhos eletr\u00f4nicos ligados \u00e0 tomada. Obtenha mais informa\u00e7\u00f5es junto \u00e0 Defesa Civil (telefone 199) e ao Corpo de Bombeiros (telefone 193).&#8221; Noticias em Destaque Fonte: Click PB\" \/>\n<meta property=\"og:url\" content=\"https:\/\/noticiasemdestaque.com\/cd\/?p=47115\" \/>\n<meta property=\"og:site_name\" content=\"Not&iacute;cias em Destaque\" \/>\n<meta property=\"article:published_time\" content=\"2023-03-21T23:48:11+00:00\" \/>\n<meta property=\"og:image\" content=\"https:\/\/noticiasemdestaque.com\/cd\/wp-content\/uploads\/2023\/01\/Tres-municipios-do-Cariri-estao-entre-as-cidades-da-Paraiba-que-registraram-os-menores-volumes-de-chuvas-em-2022.jpg\" \/>\n\t<meta property=\"og:image:width\" content=\"900\" \/>\n\t<meta property=\"og:image:height\" content=\"674\" \/>\n\t<meta property=\"og:image:type\" content=\"image\/jpeg\" \/>\n<meta name=\"author\" content=\"Not\u00edcias em Destaque\" \/>\n<meta name=\"twitter:card\" content=\"summary_large_image\" \/>\n<meta name=\"twitter:label1\" content=\"Escrito por\" \/>\n\t<meta name=\"twitter:data1\" content=\"Not\u00edcias em Destaque\" \/>\n\t<meta name=\"twitter:label2\" content=\"Est. tempo de leitura\" \/>\n\t<meta name=\"twitter:data2\" content=\"3 minutos\" \/>\n<script type=\"application\/ld+json\" class=\"yoast-schema-graph\">{\"@context\":\"https:\/\/schema.org\",\"@graph\":[{\"@type\":\"Article\",\"@id\":\"https:\/\/noticiasemdestaque.com\/cd\/?p=47115#article\",\"isPartOf\":{\"@id\":\"https:\/\/noticiasemdestaque.com\/cd\/?p=47115\"},\"author\":{\"name\":\"Not\u00edcias em Destaque\",\"@id\":\"https:\/\/noticiasemdestaque.com\/cd\/#\/schema\/person\/47f7d4f55eec17c6b2ca036c5500f6ce\"},\"headline\":\"Para\u00edba tem alertas de chuvas intensas e coordenador da Defesa Civil de Jo\u00e3o Pessoa orienta &#8220;evitar vias alagadas e \u00e1reas de risco&#8221;\",\"datePublished\":\"2023-03-21T23:48:11+00:00\",\"mainEntityOfPage\":{\"@id\":\"https:\/\/noticiasemdestaque.com\/cd\/?p=47115\"},\"wordCount\":530,\"publisher\":{\"@id\":\"https:\/\/noticiasemdestaque.com\/cd\/#organization\"},\"image\":{\"@id\":\"https:\/\/noticiasemdestaque.com\/cd\/?p=47115#primaryimage\"},\"thumbnailUrl\":\"https:\/\/noticiasemdestaque.com\/cd\/wp-content\/uploads\/2023\/01\/Tres-municipios-do-Cariri-estao-entre-as-cidades-da-Paraiba-que-registraram-os-menores-volumes-de-chuvas-em-2022.jpg\",\"articleSection\":[\"Cidades\"],\"inLanguage\":\"pt-BR\"},{\"@type\":\"WebPage\",\"@id\":\"https:\/\/noticiasemdestaque.com\/cd\/?p=47115\",\"url\":\"https:\/\/noticiasemdestaque.com\/cd\/?p=47115\",\"name\":\"Para\u00edba tem alertas de chuvas intensas e coordenador da Defesa Civil de Jo\u00e3o Pessoa orienta \\\"evitar vias alagadas e \u00e1reas de risco\\\" - Not&iacute;cias em Destaque\",\"isPartOf\":{\"@id\":\"https:\/\/noticiasemdestaque.com\/cd\/#website\"},\"primaryImageOfPage\":{\"@id\":\"https:\/\/noticiasemdestaque.com\/cd\/?p=47115#primaryimage\"},\"image\":{\"@id\":\"https:\/\/noticiasemdestaque.com\/cd\/?p=47115#primaryimage\"},\"thumbnailUrl\":\"https:\/\/noticiasemdestaque.com\/cd\/wp-content\/uploads\/2023\/01\/Tres-municipios-do-Cariri-estao-entre-as-cidades-da-Paraiba-que-registraram-os-menores-volumes-de-chuvas-em-2022.jpg\",\"datePublished\":\"2023-03-21T23:48:11+00:00\",\"breadcrumb\":{\"@id\":\"https:\/\/noticiasemdestaque.com\/cd\/?p=47115#breadcrumb\"},\"inLanguage\":\"pt-BR\",\"potentialAction\":[{\"@type\":\"ReadAction\",\"target\":[\"https:\/\/noticiasemdestaque.com\/cd\/?p=47115\"]}]},{\"@type\":\"ImageObject\",\"inLanguage\":\"pt-BR\",\"@id\":\"https:\/\/noticiasemdestaque.com\/cd\/?p=47115#primaryimage\",\"url\":\"https:\/\/noticiasemdestaque.com\/cd\/wp-content\/uploads\/2023\/01\/Tres-municipios-do-Cariri-estao-entre-as-cidades-da-Paraiba-que-registraram-os-menores-volumes-de-chuvas-em-2022.jpg\",\"contentUrl\":\"https:\/\/noticiasemdestaque.com\/cd\/wp-content\/uploads\/2023\/01\/Tres-municipios-do-Cariri-estao-entre-as-cidades-da-Paraiba-que-registraram-os-menores-volumes-de-chuvas-em-2022.jpg\",\"width\":900,\"height\":674},{\"@type\":\"BreadcrumbList\",\"@id\":\"https:\/\/noticiasemdestaque.com\/cd\/?p=47115#breadcrumb\",\"itemListElement\":[{\"@type\":\"ListItem\",\"position\":1,\"name\":\"In\u00edcio\",\"item\":\"https:\/\/noticiasemdestaque.com\/cd\/\"},{\"@type\":\"ListItem\",\"position\":2,\"name\":\"Para\u00edba tem alertas de chuvas intensas e coordenador da Defesa Civil de Jo\u00e3o Pessoa orienta &#8220;evitar vias alagadas e \u00e1reas de risco&#8221;\"}]},{\"@type\":\"WebSite\",\"@id\":\"https:\/\/noticiasemdestaque.com\/cd\/#website\",\"url\":\"https:\/\/noticiasemdestaque.com\/cd\/\",\"name\":\"Not&iacute;cias em Destaque\",\"description\":\"\",\"publisher\":{\"@id\":\"https:\/\/noticiasemdestaque.com\/cd\/#organization\"},\"potentialAction\":[{\"@type\":\"SearchAction\",\"target\":{\"@type\":\"EntryPoint\",\"urlTemplate\":\"https:\/\/noticiasemdestaque.com\/cd\/?s={search_term_string}\"},\"query-input\":{\"@type\":\"PropertyValueSpecification\",\"valueRequired\":true,\"valueName\":\"search_term_string\"}}],\"inLanguage\":\"pt-BR\"},{\"@type\":\"Organization\",\"@id\":\"https:\/\/noticiasemdestaque.com\/cd\/#organization\",\"name\":\"Not\u00edcias em Destaque\",\"url\":\"https:\/\/noticiasemdestaque.com\/cd\/\",\"logo\":{\"@type\":\"ImageObject\",\"inLanguage\":\"pt-BR\",\"@id\":\"https:\/\/noticiasemdestaque.com\/cd\/#\/schema\/logo\/image\/\",\"url\":\"https:\/\/noticiasemdestaque.com\/cd\/wp-content\/uploads\/2022\/05\/imagem-base-noticiasemdestaque.png\",\"contentUrl\":\"https:\/\/noticiasemdestaque.com\/cd\/wp-content\/uploads\/2022\/05\/imagem-base-noticiasemdestaque.png\",\"width\":1200,\"height\":630,\"caption\":\"Not\u00edcias em Destaque\"},\"image\":{\"@id\":\"https:\/\/noticiasemdestaque.com\/cd\/#\/schema\/logo\/image\/\"}},{\"@type\":\"Person\",\"@id\":\"https:\/\/noticiasemdestaque.com\/cd\/#\/schema\/person\/47f7d4f55eec17c6b2ca036c5500f6ce\",\"name\":\"Not\u00edcias em Destaque\",\"url\":\"https:\/\/noticiasemdestaque.com\/cd\/?author=2\"}]}<\/script>\n<!-- \/ Yoast SEO plugin. -->","yoast_head_json":{"title":"Para\u00edba tem alertas de chuvas intensas e coordenador da Defesa Civil de Jo\u00e3o Pessoa orienta \"evitar vias alagadas e \u00e1reas de risco\" - Not&iacute;cias em Destaque","robots":{"index":"index","follow":"follow","max-snippet":"max-snippet:-1","max-image-preview":"max-image-preview:large","max-video-preview":"max-video-preview:-1"},"canonical":"https:\/\/noticiasemdestaque.com\/cd\/?p=47115","og_locale":"pt_BR","og_type":"article","og_title":"Para\u00edba tem alertas de chuvas intensas e coordenador da Defesa Civil de Jo\u00e3o Pessoa orienta \"evitar vias alagadas e \u00e1reas de risco\" - Not&iacute;cias em Destaque","og_description":"A Para\u00edba tem tr\u00eas alertas de chuvas intensas para as pr\u00f3ximas horas. O coordenador da Defesa Civil de Jo\u00e3o Pessoa, Kelson Chaves, orientou, nesta ter\u00e7a-feira (21), sobre os cuidados a serem tomados nessa situa\u00e7\u00e3o. Ele divulgou o WhatsApp da Defesa Civil da Capital: (83) 98831-6885. Jo\u00e3o Pessoa j\u00e1 teve alguns pontos de alagamento nesta ter\u00e7a-feira com as chuvas das \u00faltimas horas. Outros munic\u00edpios da Para\u00edba tamb\u00e9m registraram ac\u00famulo de \u00e1gua. &#8220;\u00c9 importante a ado\u00e7\u00e3o das medidas de preven\u00e7\u00e3o recomendadas: evitar o tr\u00e2nsito por vias alagadas, procurar n\u00e3o utilizar aparelhos eletr\u00f4nicos ao relento, abandonar \u00e1reas de risco como barreiras, encostas ou trechos ribeirinhos&#8221;, declarou o coordenador da Defesa Civil de Jo\u00e3o Pessoa, conforme obtido pelo ClickPB. Ainda segundo o coordenador da Defesa Civil, &#8220;a Prefeitura de Jo\u00e3o Pessoa permanecer\u00e1 com todos os seus \u00f3rg\u00e3os em estado de alerta monitorando, acompanhando e apoiando nos eventos adversos.&#8221; Jo\u00e3o Pessoa e Litoral Sul Segundo o Inmet, em um dos alertas direcionado a Jo\u00e3o Pessoa e ao Litoral Sul paraibano, h\u00e1 perigo de &#8220;chuva entre 30 e 60 mm\/h ou 50 e 100 mm\/dia, ventos intensos (60-100 km\/h). Risco de corte de energia el\u00e9trica, queda de galhos de \u00e1rvores, alagamentos e de descargas el\u00e9tricas.&#8221; As instru\u00e7\u00f5es s\u00e3o para que, &#8220;em caso de rajadas de vento: (n\u00e3o se abrigue debaixo de \u00e1rvores, pois h\u00e1 risco de queda e descargas el\u00e9tricas e n\u00e3o estacione ve\u00edculos pr\u00f3ximos a torres de transmiss\u00e3o e placas de propaganda). Se poss\u00edvel, desligue aparelhos el\u00e9tricos e quadro geral de energia. Obtenha mais informa\u00e7\u00f5es junto \u00e0 Defesa Civil (telefone 199) e ao Corpo de Bombeiros (telefone 193).&#8221; Sert\u00e3o e Cariri O outro alerta de chuvas intensas inclui o Sert\u00e3o e o Cariri paraibanos. H\u00e1 perigo de &#8220;chuva entre 30 e 60 mm\/h ou 50 e 100 mm\/dia, ventos intensos (60-100 km\/h). Risco de corte de energia el\u00e9trica, queda de galhos de \u00e1rvores, alagamentos e de descargas el\u00e9tricas&#8221;, mesma condi\u00e7\u00e3o de Jo\u00e3o Pessoa e do Litoral Sul. As instru\u00e7\u00f5es s\u00e3o as mesmas acima. Litoral, Mata, Sert\u00e3o e Agreste O alerta amarelo abrange partes do Litoral, Mata, Sert\u00e3o e Agreste da Para\u00edba. H\u00e1 perigo potencial (em menor escala), de &#8220;chuva entre 20 e 30 mm\/h ou at\u00e9 50 mm\/dia, ventos intensos (40-60 km\/h). Baixo risco de corte de energia el\u00e9trica, queda de galhos de \u00e1rvores, alagamentos e de descargas el\u00e9tricas.&#8221; As instru\u00e7\u00f5es s\u00e3o menos r\u00edgidas. &#8220;Em caso de rajadas de vento: (n\u00e3o se abrigue debaixo de \u00e1rvores, pois h\u00e1 leve risco de queda e descargas el\u00e9tricas e n\u00e3o estacione ve\u00edculos pr\u00f3ximos a torres de transmiss\u00e3o e placas de propaganda). Evite usar aparelhos eletr\u00f4nicos ligados \u00e0 tomada. Obtenha mais informa\u00e7\u00f5es junto \u00e0 Defesa Civil (telefone 199) e ao Corpo de Bombeiros (telefone 193).&#8221; Noticias em Destaque Fonte: Click PB","og_url":"https:\/\/noticiasemdestaque.com\/cd\/?p=47115","og_site_name":"Not&iacute;cias em Destaque","article_published_time":"2023-03-21T23:48:11+00:00","og_image":[{"width":900,"height":674,"url":"https:\/\/noticiasemdestaque.com\/cd\/wp-content\/uploads\/2023\/01\/Tres-municipios-do-Cariri-estao-entre-as-cidades-da-Paraiba-que-registraram-os-menores-volumes-de-chuvas-em-2022.jpg","type":"image\/jpeg"}],"author":"Not\u00edcias em Destaque","twitter_card":"summary_large_image","twitter_misc":{"Escrito por":"Not\u00edcias em Destaque","Est. tempo de leitura":"3 minutos"},"schema":{"@context":"https:\/\/schema.org","@graph":[{"@type":"Article","@id":"https:\/\/noticiasemdestaque.com\/cd\/?p=47115#article","isPartOf":{"@id":"https:\/\/noticiasemdestaque.com\/cd\/?p=47115"},"author":{"name":"Not\u00edcias em Destaque","@id":"https:\/\/noticiasemdestaque.com\/cd\/#\/schema\/person\/47f7d4f55eec17c6b2ca036c5500f6ce"},"headline":"Para\u00edba tem alertas de chuvas intensas e coordenador da Defesa Civil de Jo\u00e3o Pessoa orienta &#8220;evitar vias alagadas e \u00e1reas de risco&#8221;","datePublished":"2023-03-21T23:48:11+00:00","mainEntityOfPage":{"@id":"https:\/\/noticiasemdestaque.com\/cd\/?p=47115"},"wordCount":530,"publisher":{"@id":"https:\/\/noticiasemdestaque.com\/cd\/#organization"},"image":{"@id":"https:\/\/noticiasemdestaque.com\/cd\/?p=47115#primaryimage"},"thumbnailUrl":"https:\/\/noticiasemdestaque.com\/cd\/wp-content\/uploads\/2023\/01\/Tres-municipios-do-Cariri-estao-entre-as-cidades-da-Paraiba-que-registraram-os-menores-volumes-de-chuvas-em-2022.jpg","articleSection":["Cidades"],"inLanguage":"pt-BR"},{"@type":"WebPage","@id":"https:\/\/noticiasemdestaque.com\/cd\/?p=47115","url":"https:\/\/noticiasemdestaque.com\/cd\/?p=47115","name":"Para\u00edba tem alertas de chuvas intensas e coordenador da Defesa Civil de Jo\u00e3o Pessoa orienta \"evitar vias alagadas e \u00e1reas de risco\" - Not&iacute;cias em Destaque","isPartOf":{"@id":"https:\/\/noticiasemdestaque.com\/cd\/#website"},"primaryImageOfPage":{"@id":"https:\/\/noticiasemdestaque.com\/cd\/?p=47115#primaryimage"},"image":{"@id":"https:\/\/noticiasemdestaque.com\/cd\/?p=47115#primaryimage"},"thumbnailUrl":"https:\/\/noticiasemdestaque.com\/cd\/wp-content\/uploads\/2023\/01\/Tres-municipios-do-Cariri-estao-entre-as-cidades-da-Paraiba-que-registraram-os-menores-volumes-de-chuvas-em-2022.jpg","datePublished":"2023-03-21T23:48:11+00:00","breadcrumb":{"@id":"https:\/\/noticiasemdestaque.com\/cd\/?p=47115#breadcrumb"},"inLanguage":"pt-BR","potentialAction":[{"@type":"ReadAction","target":["https:\/\/noticiasemdestaque.com\/cd\/?p=47115"]}]},{"@type":"ImageObject","inLanguage":"pt-BR","@id":"https:\/\/noticiasemdestaque.com\/cd\/?p=47115#primaryimage","url":"https:\/\/noticiasemdestaque.com\/cd\/wp-content\/uploads\/2023\/01\/Tres-municipios-do-Cariri-estao-entre-as-cidades-da-Paraiba-que-registraram-os-menores-volumes-de-chuvas-em-2022.jpg","contentUrl":"https:\/\/noticiasemdestaque.com\/cd\/wp-content\/uploads\/2023\/01\/Tres-municipios-do-Cariri-estao-entre-as-cidades-da-Paraiba-que-registraram-os-menores-volumes-de-chuvas-em-2022.jpg","width":900,"height":674},{"@type":"BreadcrumbList","@id":"https:\/\/noticiasemdestaque.com\/cd\/?p=47115#breadcrumb","itemListElement":[{"@type":"ListItem","position":1,"name":"In\u00edcio","item":"https:\/\/noticiasemdestaque.com\/cd\/"},{"@type":"ListItem","position":2,"name":"Para\u00edba tem alertas de chuvas intensas e coordenador da Defesa Civil de Jo\u00e3o Pessoa orienta &#8220;evitar vias alagadas e \u00e1reas de risco&#8221;"}]},{"@type":"WebSite","@id":"https:\/\/noticiasemdestaque.com\/cd\/#website","url":"https:\/\/noticiasemdestaque.com\/cd\/","name":"Not&iacute;cias em Destaque","description":"","publisher":{"@id":"https:\/\/noticiasemdestaque.com\/cd\/#organization"},"potentialAction":[{"@type":"SearchAction","target":{"@type":"EntryPoint","urlTemplate":"https:\/\/noticiasemdestaque.com\/cd\/?s={search_term_string}"},"query-input":{"@type":"PropertyValueSpecification","valueRequired":true,"valueName":"search_term_string"}}],"inLanguage":"pt-BR"},{"@type":"Organization","@id":"https:\/\/noticiasemdestaque.com\/cd\/#organization","name":"Not\u00edcias em Destaque","url":"https:\/\/noticiasemdestaque.com\/cd\/","logo":{"@type":"ImageObject","inLanguage":"pt-BR","@id":"https:\/\/noticiasemdestaque.com\/cd\/#\/schema\/logo\/image\/","url":"https:\/\/noticiasemdestaque.com\/cd\/wp-content\/uploads\/2022\/05\/imagem-base-noticiasemdestaque.png","contentUrl":"https:\/\/noticiasemdestaque.com\/cd\/wp-content\/uploads\/2022\/05\/imagem-base-noticiasemdestaque.png","width":1200,"height":630,"caption":"Not\u00edcias em Destaque"},"image":{"@id":"https:\/\/noticiasemdestaque.com\/cd\/#\/schema\/logo\/image\/"}},{"@type":"Person","@id":"https:\/\/noticiasemdestaque.com\/cd\/#\/schema\/person\/47f7d4f55eec17c6b2ca036c5500f6ce","name":"Not\u00edcias em Destaque","url":"https:\/\/noticiasemdestaque.com\/cd\/?author=2"}]}},"jetpack_featured_media_url":"https:\/\/noticiasemdestaque.com\/cd\/wp-content\/uploads\/2023\/01\/Tres-municipios-do-Cariri-estao-entre-as-cidades-da-Paraiba-que-registraram-os-menores-volumes-de-chuvas-em-2022.jpg","jetpack_sharing_enabled":true,"_links":{"self":[{"href":"https:\/\/noticiasemdestaque.com\/cd\/index.php?rest_route=\/wp\/v2\/posts\/47115","targetHints":{"allow":["GET"]}}],"collection":[{"href":"https:\/\/noticiasemdestaque.com\/cd\/index.php?rest_route=\/wp\/v2\/posts"}],"about":[{"href":"https:\/\/noticiasemdestaque.com\/cd\/index.php?rest_route=\/wp\/v2\/types\/post"}],"author":[{"embeddable":true,"href":"https:\/\/noticiasemdestaque.com\/cd\/index.php?rest_route=\/wp\/v2\/users\/2"}],"replies":[{"embeddable":true,"href":"https:\/\/noticiasemdestaque.com\/cd\/index.php?rest_route=%2Fwp%2Fv2%2Fcomments&post=47115"}],"version-history":[{"count":1,"href":"https:\/\/noticiasemdestaque.com\/cd\/index.php?rest_route=\/wp\/v2\/posts\/47115\/revisions"}],"predecessor-version":[{"id":47116,"href":"https:\/\/noticiasemdestaque.com\/cd\/index.php?rest_route=\/wp\/v2\/posts\/47115\/revisions\/47116"}],"wp:featuredmedia":[{"embeddable":true,"href":"https:\/\/noticiasemdestaque.com\/cd\/index.php?rest_route=\/wp\/v2\/media\/45183"}],"wp:attachment":[{"href":"https:\/\/noticiasemdestaque.com\/cd\/index.php?rest_route=%2Fwp%2Fv2%2Fmedia&parent=47115"}],"wp:term":[{"taxonomy":"category","embeddable":true,"href":"https:\/\/noticiasemdestaque.com\/cd\/index.php?rest_route=%2Fwp%2Fv2%2Fcategories&post=47115"},{"taxonomy":"post_tag","embeddable":true,"href":"https:\/\/noticiasemdestaque.com\/cd\/index.php?rest_route=%2Fwp%2Fv2%2Ftags&post=47115"}],"curies":[{"name":"wp","href":"https:\/\/api.w.org\/{rel}","templated":true}]}}