{"id":47108,"date":"2023-03-21T13:55:07","date_gmt":"2023-03-21T16:55:07","guid":{"rendered":"https:\/\/noticiasemdestaque.com\/cd\/?p=47108"},"modified":"2023-03-21T13:55:07","modified_gmt":"2023-03-21T16:55:07","slug":"em-camalau-ii-seminario-educar-para-a-vida-oferta-oficinas-de-aprendizado-para-a-populacao","status":"publish","type":"post","link":"https:\/\/noticiasemdestaque.com\/cd\/?p=47108","title":{"rendered":"Em Camala\u00fa: II Semin\u00e1rio Educar Para a Vida oferta oficinas de aprendizado para a popula\u00e7\u00e3o"},"content":{"rendered":"<p><a href=\"https:\/\/noticiasemdestaque.com\/cd\/wp-content\/uploads\/2023\/03\/WhatsApp-Image-2023-03-21-at-13.22.48.jpeg\"><img fetchpriority=\"high\" decoding=\"async\" class=\"size-medium wp-image-47109 aligncenter\" src=\"https:\/\/noticiasemdestaque.com\/cd\/wp-content\/uploads\/2023\/03\/WhatsApp-Image-2023-03-21-at-13.22.48-300x300.jpeg\" alt=\"\" width=\"300\" height=\"300\" srcset=\"https:\/\/noticiasemdestaque.com\/cd\/wp-content\/uploads\/2023\/03\/WhatsApp-Image-2023-03-21-at-13.22.48-300x300.jpeg 300w, https:\/\/noticiasemdestaque.com\/cd\/wp-content\/uploads\/2023\/03\/WhatsApp-Image-2023-03-21-at-13.22.48-1024x1024.jpeg 1024w, https:\/\/noticiasemdestaque.com\/cd\/wp-content\/uploads\/2023\/03\/WhatsApp-Image-2023-03-21-at-13.22.48-150x150.jpeg 150w, https:\/\/noticiasemdestaque.com\/cd\/wp-content\/uploads\/2023\/03\/WhatsApp-Image-2023-03-21-at-13.22.48-768x768.jpeg 768w, https:\/\/noticiasemdestaque.com\/cd\/wp-content\/uploads\/2023\/03\/WhatsApp-Image-2023-03-21-at-13.22.48-1536x1536.jpeg 1536w, https:\/\/noticiasemdestaque.com\/cd\/wp-content\/uploads\/2023\/03\/WhatsApp-Image-2023-03-21-at-13.22.48-12x12.jpeg 12w, https:\/\/noticiasemdestaque.com\/cd\/wp-content\/uploads\/2023\/03\/WhatsApp-Image-2023-03-21-at-13.22.48.jpeg 1600w\" sizes=\"(max-width: 300px) 100vw, 300px\" \/><\/a><\/p>\n<p>O II Semin\u00e1rio Educar Para a Vida estar\u00e1 ofertando a partir desta ter\u00e7a-feira (21), oficinas de aprendizado para a popula\u00e7\u00e3o do munic\u00edpio. As oficinas ter\u00e3o in\u00edcio nesta ter\u00e7a-feira e ir\u00e3o se estender at\u00e9 esta quarta (22).<\/p>\n<p>As capacita\u00e7\u00f5es ir\u00e3o ser realizadas na sede do Cehagro, e ser\u00e1 \u00edniciada com um oficina sobre \u2018Organiza\u00e7\u00e3o de Bibliotecas\u2019, com a participa\u00e7\u00e3o do bibliotec\u00e1rio da UFCG, Jhonny Rodrigues. A aula se iniciar\u00e1 das 14:00 \u00e0s 17:30.<\/p>\n<p>J\u00e1 nesta quarta, o assunto aborado ser\u00e1 sobre \u2018Restaura\u00e7\u00e3o de Livros\u2019, que ser\u00e1 conduzido pelo renomado artes\u00e3o, Luciano.<\/p>\n<p>As inscri\u00e7\u00f5es ser\u00e3o gratuitas, e devem ser conferidos certificados aos participantes ao final de cada capacita\u00e7\u00e3o.<\/p>\n<p>Para mais informa\u00e7\u00f5es entrar em contato pelo tefone do organizador, professor Ant\u00f4nio Mariano, atrav\u00e9s do n\u00famero (83) 9-9978-4285.<\/p>\n","protected":false},"excerpt":{"rendered":"<p>O II Semin\u00e1rio Educar Para a Vida estar\u00e1 ofertando a partir desta ter\u00e7a-feira (21), oficinas de aprendizado para a popula\u00e7\u00e3o do munic\u00edpio. As oficinas ter\u00e3o in\u00edcio nesta ter\u00e7a-feira e ir\u00e3o se estender at\u00e9 esta quarta (22). As capacita\u00e7\u00f5es ir\u00e3o ser realizadas na sede do Cehagro, e ser\u00e1 \u00edniciada com um oficina sobre \u2018Organiza\u00e7\u00e3o de Bibliotecas\u2019, com a participa\u00e7\u00e3o do bibliotec\u00e1rio da UFCG, Jhonny Rodrigues. A aula se iniciar\u00e1 das 14:00 \u00e0s 17:30. J\u00e1 nesta quarta, o assunto aborado ser\u00e1 sobre \u2018Restaura\u00e7\u00e3o de Livros\u2019, que ser\u00e1 conduzido pelo renomado artes\u00e3o, Luciano. As inscri\u00e7\u00f5es ser\u00e3o gratuitas, e devem ser conferidos certificados aos participantes ao final de cada capacita\u00e7\u00e3o. Para mais informa\u00e7\u00f5es entrar em contato pelo tefone do organizador, professor Ant\u00f4nio Mariano, atrav\u00e9s do n\u00famero (83) 9-9978-4285.<\/p>\n","protected":false},"author":2,"featured_media":47109,"comment_status":"closed","ping_status":"open","sticky":false,"template":"","format":"standard","meta":{"_eb_attr":"","_jetpack_memberships_contains_paid_content":false,"footnotes":""},"categories":[3],"tags":[],"class_list":["post-47108","post","type-post","status-publish","format-standard","has-post-thumbnail","hentry","category-cidades"],"yoast_head":"<!-- This site is optimized with the Yoast SEO plugin v26.5 - https:\/\/yoast.com\/wordpress\/plugins\/seo\/ -->\n<title>Em Camala\u00fa: II Semin\u00e1rio Educar Para a Vida oferta oficinas de aprendizado para a popula\u00e7\u00e3o - Not&iacute;cias em Destaque<\/title>\n<meta name=\"robots\" content=\"index, follow, max-snippet:-1, max-image-preview:large, max-video-preview:-1\" \/>\n<link rel=\"canonical\" href=\"https:\/\/noticiasemdestaque.com\/cd\/?p=47108\" \/>\n<meta property=\"og:locale\" content=\"pt_BR\" \/>\n<meta property=\"og:type\" content=\"article\" \/>\n<meta property=\"og:title\" content=\"Em Camala\u00fa: II Semin\u00e1rio Educar Para a Vida oferta oficinas de aprendizado para a popula\u00e7\u00e3o - Not&iacute;cias em Destaque\" \/>\n<meta property=\"og:description\" content=\"O II Semin\u00e1rio Educar Para a Vida estar\u00e1 ofertando a partir desta ter\u00e7a-feira (21), oficinas de aprendizado para a popula\u00e7\u00e3o do munic\u00edpio. As oficinas ter\u00e3o in\u00edcio nesta ter\u00e7a-feira e ir\u00e3o se estender at\u00e9 esta quarta (22). As capacita\u00e7\u00f5es ir\u00e3o ser realizadas na sede do Cehagro, e ser\u00e1 \u00edniciada com um oficina sobre \u2018Organiza\u00e7\u00e3o de Bibliotecas\u2019, com a participa\u00e7\u00e3o do bibliotec\u00e1rio da UFCG, Jhonny Rodrigues. A aula se iniciar\u00e1 das 14:00 \u00e0s 17:30. J\u00e1 nesta quarta, o assunto aborado ser\u00e1 sobre \u2018Restaura\u00e7\u00e3o de Livros\u2019, que ser\u00e1 conduzido pelo renomado artes\u00e3o, Luciano. As inscri\u00e7\u00f5es ser\u00e3o gratuitas, e devem ser conferidos certificados aos participantes ao final de cada capacita\u00e7\u00e3o. Para mais informa\u00e7\u00f5es entrar em contato pelo tefone do organizador, professor Ant\u00f4nio Mariano, atrav\u00e9s do n\u00famero (83) 9-9978-4285.\" \/>\n<meta property=\"og:url\" content=\"https:\/\/noticiasemdestaque.com\/cd\/?p=47108\" \/>\n<meta property=\"og:site_name\" content=\"Not&iacute;cias em Destaque\" \/>\n<meta property=\"article:published_time\" content=\"2023-03-21T16:55:07+00:00\" \/>\n<meta property=\"og:image\" content=\"https:\/\/noticiasemdestaque.com\/cd\/wp-content\/uploads\/2023\/03\/WhatsApp-Image-2023-03-21-at-13.22.48.jpeg\" \/>\n\t<meta property=\"og:image:width\" content=\"1600\" \/>\n\t<meta property=\"og:image:height\" content=\"1600\" \/>\n\t<meta property=\"og:image:type\" content=\"image\/jpeg\" \/>\n<meta name=\"author\" content=\"Not\u00edcias em Destaque\" \/>\n<meta name=\"twitter:card\" content=\"summary_large_image\" \/>\n<meta name=\"twitter:label1\" content=\"Escrito por\" \/>\n\t<meta name=\"twitter:data1\" content=\"Not\u00edcias em Destaque\" \/>\n\t<meta name=\"twitter:label2\" content=\"Est. tempo de leitura\" \/>\n\t<meta name=\"twitter:data2\" content=\"1 minuto\" \/>\n<script type=\"application\/ld+json\" class=\"yoast-schema-graph\">{\"@context\":\"https:\/\/schema.org\",\"@graph\":[{\"@type\":\"Article\",\"@id\":\"https:\/\/noticiasemdestaque.com\/cd\/?p=47108#article\",\"isPartOf\":{\"@id\":\"https:\/\/noticiasemdestaque.com\/cd\/?p=47108\"},\"author\":{\"name\":\"Not\u00edcias em Destaque\",\"@id\":\"https:\/\/noticiasemdestaque.com\/cd\/#\/schema\/person\/47f7d4f55eec17c6b2ca036c5500f6ce\"},\"headline\":\"Em Camala\u00fa: II Semin\u00e1rio Educar Para a Vida oferta oficinas de aprendizado para a popula\u00e7\u00e3o\",\"datePublished\":\"2023-03-21T16:55:07+00:00\",\"mainEntityOfPage\":{\"@id\":\"https:\/\/noticiasemdestaque.com\/cd\/?p=47108\"},\"wordCount\":159,\"publisher\":{\"@id\":\"https:\/\/noticiasemdestaque.com\/cd\/#organization\"},\"image\":{\"@id\":\"https:\/\/noticiasemdestaque.com\/cd\/?p=47108#primaryimage\"},\"thumbnailUrl\":\"https:\/\/noticiasemdestaque.com\/cd\/wp-content\/uploads\/2023\/03\/WhatsApp-Image-2023-03-21-at-13.22.48.jpeg\",\"articleSection\":[\"Cidades\"],\"inLanguage\":\"pt-BR\"},{\"@type\":\"WebPage\",\"@id\":\"https:\/\/noticiasemdestaque.com\/cd\/?p=47108\",\"url\":\"https:\/\/noticiasemdestaque.com\/cd\/?p=47108\",\"name\":\"Em Camala\u00fa: II Semin\u00e1rio Educar Para a Vida oferta oficinas de aprendizado para a popula\u00e7\u00e3o - Not&iacute;cias em Destaque\",\"isPartOf\":{\"@id\":\"https:\/\/noticiasemdestaque.com\/cd\/#website\"},\"primaryImageOfPage\":{\"@id\":\"https:\/\/noticiasemdestaque.com\/cd\/?p=47108#primaryimage\"},\"image\":{\"@id\":\"https:\/\/noticiasemdestaque.com\/cd\/?p=47108#primaryimage\"},\"thumbnailUrl\":\"https:\/\/noticiasemdestaque.com\/cd\/wp-content\/uploads\/2023\/03\/WhatsApp-Image-2023-03-21-at-13.22.48.jpeg\",\"datePublished\":\"2023-03-21T16:55:07+00:00\",\"breadcrumb\":{\"@id\":\"https:\/\/noticiasemdestaque.com\/cd\/?p=47108#breadcrumb\"},\"inLanguage\":\"pt-BR\",\"potentialAction\":[{\"@type\":\"ReadAction\",\"target\":[\"https:\/\/noticiasemdestaque.com\/cd\/?p=47108\"]}]},{\"@type\":\"ImageObject\",\"inLanguage\":\"pt-BR\",\"@id\":\"https:\/\/noticiasemdestaque.com\/cd\/?p=47108#primaryimage\",\"url\":\"https:\/\/noticiasemdestaque.com\/cd\/wp-content\/uploads\/2023\/03\/WhatsApp-Image-2023-03-21-at-13.22.48.jpeg\",\"contentUrl\":\"https:\/\/noticiasemdestaque.com\/cd\/wp-content\/uploads\/2023\/03\/WhatsApp-Image-2023-03-21-at-13.22.48.jpeg\",\"width\":1600,\"height\":1600},{\"@type\":\"BreadcrumbList\",\"@id\":\"https:\/\/noticiasemdestaque.com\/cd\/?p=47108#breadcrumb\",\"itemListElement\":[{\"@type\":\"ListItem\",\"position\":1,\"name\":\"In\u00edcio\",\"item\":\"https:\/\/noticiasemdestaque.com\/cd\/\"},{\"@type\":\"ListItem\",\"position\":2,\"name\":\"Em Camala\u00fa: II Semin\u00e1rio Educar Para a Vida oferta oficinas de aprendizado para a popula\u00e7\u00e3o\"}]},{\"@type\":\"WebSite\",\"@id\":\"https:\/\/noticiasemdestaque.com\/cd\/#website\",\"url\":\"https:\/\/noticiasemdestaque.com\/cd\/\",\"name\":\"Not&iacute;cias em Destaque\",\"description\":\"\",\"publisher\":{\"@id\":\"https:\/\/noticiasemdestaque.com\/cd\/#organization\"},\"potentialAction\":[{\"@type\":\"SearchAction\",\"target\":{\"@type\":\"EntryPoint\",\"urlTemplate\":\"https:\/\/noticiasemdestaque.com\/cd\/?s={search_term_string}\"},\"query-input\":{\"@type\":\"PropertyValueSpecification\",\"valueRequired\":true,\"valueName\":\"search_term_string\"}}],\"inLanguage\":\"pt-BR\"},{\"@type\":\"Organization\",\"@id\":\"https:\/\/noticiasemdestaque.com\/cd\/#organization\",\"name\":\"Not\u00edcias em Destaque\",\"url\":\"https:\/\/noticiasemdestaque.com\/cd\/\",\"logo\":{\"@type\":\"ImageObject\",\"inLanguage\":\"pt-BR\",\"@id\":\"https:\/\/noticiasemdestaque.com\/cd\/#\/schema\/logo\/image\/\",\"url\":\"https:\/\/noticiasemdestaque.com\/cd\/wp-content\/uploads\/2022\/05\/imagem-base-noticiasemdestaque.png\",\"contentUrl\":\"https:\/\/noticiasemdestaque.com\/cd\/wp-content\/uploads\/2022\/05\/imagem-base-noticiasemdestaque.png\",\"width\":1200,\"height\":630,\"caption\":\"Not\u00edcias em Destaque\"},\"image\":{\"@id\":\"https:\/\/noticiasemdestaque.com\/cd\/#\/schema\/logo\/image\/\"}},{\"@type\":\"Person\",\"@id\":\"https:\/\/noticiasemdestaque.com\/cd\/#\/schema\/person\/47f7d4f55eec17c6b2ca036c5500f6ce\",\"name\":\"Not\u00edcias em Destaque\",\"url\":\"https:\/\/noticiasemdestaque.com\/cd\/?author=2\"}]}<\/script>\n<!-- \/ Yoast SEO plugin. -->","yoast_head_json":{"title":"Em Camala\u00fa: II Semin\u00e1rio Educar Para a Vida oferta oficinas de aprendizado para a popula\u00e7\u00e3o - Not&iacute;cias em Destaque","robots":{"index":"index","follow":"follow","max-snippet":"max-snippet:-1","max-image-preview":"max-image-preview:large","max-video-preview":"max-video-preview:-1"},"canonical":"https:\/\/noticiasemdestaque.com\/cd\/?p=47108","og_locale":"pt_BR","og_type":"article","og_title":"Em Camala\u00fa: II Semin\u00e1rio Educar Para a Vida oferta oficinas de aprendizado para a popula\u00e7\u00e3o - Not&iacute;cias em Destaque","og_description":"O II Semin\u00e1rio Educar Para a Vida estar\u00e1 ofertando a partir desta ter\u00e7a-feira (21), oficinas de aprendizado para a popula\u00e7\u00e3o do munic\u00edpio. As oficinas ter\u00e3o in\u00edcio nesta ter\u00e7a-feira e ir\u00e3o se estender at\u00e9 esta quarta (22). As capacita\u00e7\u00f5es ir\u00e3o ser realizadas na sede do Cehagro, e ser\u00e1 \u00edniciada com um oficina sobre \u2018Organiza\u00e7\u00e3o de Bibliotecas\u2019, com a participa\u00e7\u00e3o do bibliotec\u00e1rio da UFCG, Jhonny Rodrigues. A aula se iniciar\u00e1 das 14:00 \u00e0s 17:30. J\u00e1 nesta quarta, o assunto aborado ser\u00e1 sobre \u2018Restaura\u00e7\u00e3o de Livros\u2019, que ser\u00e1 conduzido pelo renomado artes\u00e3o, Luciano. As inscri\u00e7\u00f5es ser\u00e3o gratuitas, e devem ser conferidos certificados aos participantes ao final de cada capacita\u00e7\u00e3o. Para mais informa\u00e7\u00f5es entrar em contato pelo tefone do organizador, professor Ant\u00f4nio Mariano, atrav\u00e9s do n\u00famero (83) 9-9978-4285.","og_url":"https:\/\/noticiasemdestaque.com\/cd\/?p=47108","og_site_name":"Not&iacute;cias em Destaque","article_published_time":"2023-03-21T16:55:07+00:00","og_image":[{"width":1600,"height":1600,"url":"https:\/\/noticiasemdestaque.com\/cd\/wp-content\/uploads\/2023\/03\/WhatsApp-Image-2023-03-21-at-13.22.48.jpeg","type":"image\/jpeg"}],"author":"Not\u00edcias em Destaque","twitter_card":"summary_large_image","twitter_misc":{"Escrito por":"Not\u00edcias em Destaque","Est. tempo de leitura":"1 minuto"},"schema":{"@context":"https:\/\/schema.org","@graph":[{"@type":"Article","@id":"https:\/\/noticiasemdestaque.com\/cd\/?p=47108#article","isPartOf":{"@id":"https:\/\/noticiasemdestaque.com\/cd\/?p=47108"},"author":{"name":"Not\u00edcias em Destaque","@id":"https:\/\/noticiasemdestaque.com\/cd\/#\/schema\/person\/47f7d4f55eec17c6b2ca036c5500f6ce"},"headline":"Em Camala\u00fa: II Semin\u00e1rio Educar Para a Vida oferta oficinas de aprendizado para a popula\u00e7\u00e3o","datePublished":"2023-03-21T16:55:07+00:00","mainEntityOfPage":{"@id":"https:\/\/noticiasemdestaque.com\/cd\/?p=47108"},"wordCount":159,"publisher":{"@id":"https:\/\/noticiasemdestaque.com\/cd\/#organization"},"image":{"@id":"https:\/\/noticiasemdestaque.com\/cd\/?p=47108#primaryimage"},"thumbnailUrl":"https:\/\/noticiasemdestaque.com\/cd\/wp-content\/uploads\/2023\/03\/WhatsApp-Image-2023-03-21-at-13.22.48.jpeg","articleSection":["Cidades"],"inLanguage":"pt-BR"},{"@type":"WebPage","@id":"https:\/\/noticiasemdestaque.com\/cd\/?p=47108","url":"https:\/\/noticiasemdestaque.com\/cd\/?p=47108","name":"Em Camala\u00fa: II Semin\u00e1rio Educar Para a Vida oferta oficinas de aprendizado para a popula\u00e7\u00e3o - Not&iacute;cias em Destaque","isPartOf":{"@id":"https:\/\/noticiasemdestaque.com\/cd\/#website"},"primaryImageOfPage":{"@id":"https:\/\/noticiasemdestaque.com\/cd\/?p=47108#primaryimage"},"image":{"@id":"https:\/\/noticiasemdestaque.com\/cd\/?p=47108#primaryimage"},"thumbnailUrl":"https:\/\/noticiasemdestaque.com\/cd\/wp-content\/uploads\/2023\/03\/WhatsApp-Image-2023-03-21-at-13.22.48.jpeg","datePublished":"2023-03-21T16:55:07+00:00","breadcrumb":{"@id":"https:\/\/noticiasemdestaque.com\/cd\/?p=47108#breadcrumb"},"inLanguage":"pt-BR","potentialAction":[{"@type":"ReadAction","target":["https:\/\/noticiasemdestaque.com\/cd\/?p=47108"]}]},{"@type":"ImageObject","inLanguage":"pt-BR","@id":"https:\/\/noticiasemdestaque.com\/cd\/?p=47108#primaryimage","url":"https:\/\/noticiasemdestaque.com\/cd\/wp-content\/uploads\/2023\/03\/WhatsApp-Image-2023-03-21-at-13.22.48.jpeg","contentUrl":"https:\/\/noticiasemdestaque.com\/cd\/wp-content\/uploads\/2023\/03\/WhatsApp-Image-2023-03-21-at-13.22.48.jpeg","width":1600,"height":1600},{"@type":"BreadcrumbList","@id":"https:\/\/noticiasemdestaque.com\/cd\/?p=47108#breadcrumb","itemListElement":[{"@type":"ListItem","position":1,"name":"In\u00edcio","item":"https:\/\/noticiasemdestaque.com\/cd\/"},{"@type":"ListItem","position":2,"name":"Em Camala\u00fa: II Semin\u00e1rio Educar Para a Vida oferta oficinas de aprendizado para a popula\u00e7\u00e3o"}]},{"@type":"WebSite","@id":"https:\/\/noticiasemdestaque.com\/cd\/#website","url":"https:\/\/noticiasemdestaque.com\/cd\/","name":"Not&iacute;cias em Destaque","description":"","publisher":{"@id":"https:\/\/noticiasemdestaque.com\/cd\/#organization"},"potentialAction":[{"@type":"SearchAction","target":{"@type":"EntryPoint","urlTemplate":"https:\/\/noticiasemdestaque.com\/cd\/?s={search_term_string}"},"query-input":{"@type":"PropertyValueSpecification","valueRequired":true,"valueName":"search_term_string"}}],"inLanguage":"pt-BR"},{"@type":"Organization","@id":"https:\/\/noticiasemdestaque.com\/cd\/#organization","name":"Not\u00edcias em Destaque","url":"https:\/\/noticiasemdestaque.com\/cd\/","logo":{"@type":"ImageObject","inLanguage":"pt-BR","@id":"https:\/\/noticiasemdestaque.com\/cd\/#\/schema\/logo\/image\/","url":"https:\/\/noticiasemdestaque.com\/cd\/wp-content\/uploads\/2022\/05\/imagem-base-noticiasemdestaque.png","contentUrl":"https:\/\/noticiasemdestaque.com\/cd\/wp-content\/uploads\/2022\/05\/imagem-base-noticiasemdestaque.png","width":1200,"height":630,"caption":"Not\u00edcias em Destaque"},"image":{"@id":"https:\/\/noticiasemdestaque.com\/cd\/#\/schema\/logo\/image\/"}},{"@type":"Person","@id":"https:\/\/noticiasemdestaque.com\/cd\/#\/schema\/person\/47f7d4f55eec17c6b2ca036c5500f6ce","name":"Not\u00edcias em Destaque","url":"https:\/\/noticiasemdestaque.com\/cd\/?author=2"}]}},"jetpack_featured_media_url":"https:\/\/noticiasemdestaque.com\/cd\/wp-content\/uploads\/2023\/03\/WhatsApp-Image-2023-03-21-at-13.22.48.jpeg","jetpack_sharing_enabled":true,"_links":{"self":[{"href":"https:\/\/noticiasemdestaque.com\/cd\/index.php?rest_route=\/wp\/v2\/posts\/47108","targetHints":{"allow":["GET"]}}],"collection":[{"href":"https:\/\/noticiasemdestaque.com\/cd\/index.php?rest_route=\/wp\/v2\/posts"}],"about":[{"href":"https:\/\/noticiasemdestaque.com\/cd\/index.php?rest_route=\/wp\/v2\/types\/post"}],"author":[{"embeddable":true,"href":"https:\/\/noticiasemdestaque.com\/cd\/index.php?rest_route=\/wp\/v2\/users\/2"}],"replies":[{"embeddable":true,"href":"https:\/\/noticiasemdestaque.com\/cd\/index.php?rest_route=%2Fwp%2Fv2%2Fcomments&post=47108"}],"version-history":[{"count":1,"href":"https:\/\/noticiasemdestaque.com\/cd\/index.php?rest_route=\/wp\/v2\/posts\/47108\/revisions"}],"predecessor-version":[{"id":47110,"href":"https:\/\/noticiasemdestaque.com\/cd\/index.php?rest_route=\/wp\/v2\/posts\/47108\/revisions\/47110"}],"wp:featuredmedia":[{"embeddable":true,"href":"https:\/\/noticiasemdestaque.com\/cd\/index.php?rest_route=\/wp\/v2\/media\/47109"}],"wp:attachment":[{"href":"https:\/\/noticiasemdestaque.com\/cd\/index.php?rest_route=%2Fwp%2Fv2%2Fmedia&parent=47108"}],"wp:term":[{"taxonomy":"category","embeddable":true,"href":"https:\/\/noticiasemdestaque.com\/cd\/index.php?rest_route=%2Fwp%2Fv2%2Fcategories&post=47108"},{"taxonomy":"post_tag","embeddable":true,"href":"https:\/\/noticiasemdestaque.com\/cd\/index.php?rest_route=%2Fwp%2Fv2%2Ftags&post=47108"}],"curies":[{"name":"wp","href":"https:\/\/api.w.org\/{rel}","templated":true}]}}