{"id":47103,"date":"2023-03-21T08:44:15","date_gmt":"2023-03-21T11:44:15","guid":{"rendered":"https:\/\/noticiasemdestaque.com\/cd\/?p=47103"},"modified":"2023-03-21T08:44:15","modified_gmt":"2023-03-21T11:44:15","slug":"processo-seletivo-em-sao-joao-do-tigre-segue-com-inscricoes-ate-quarta-feira-dia-22","status":"publish","type":"post","link":"https:\/\/noticiasemdestaque.com\/cd\/?p=47103","title":{"rendered":"Processo Seletivo em S\u00e3o Jo\u00e3o do Tigre segue com inscri\u00e7\u00f5es at\u00e9 quarta-feira dia 22"},"content":{"rendered":"<p><a href=\"https:\/\/noticiasemdestaque.com\/cd\/wp-content\/uploads\/2018\/10\/processo_seletivo-600x331.jpg\"><img decoding=\"async\" class=\"size-medium wp-image-13229 aligncenter\" src=\"https:\/\/noticiasemdestaque.com\/cd\/wp-content\/uploads\/2018\/10\/processo_seletivo-600x331-300x166.jpg\" alt=\"\" width=\"300\" height=\"166\" srcset=\"https:\/\/noticiasemdestaque.com\/cd\/wp-content\/uploads\/2018\/10\/processo_seletivo-600x331-300x166.jpg 300w, https:\/\/noticiasemdestaque.com\/cd\/wp-content\/uploads\/2018\/10\/processo_seletivo-600x331.jpg 600w\" sizes=\"(max-width: 300px) 100vw, 300px\" \/><\/a><\/p>\n<p>A Prefeitura de\u00a0S\u00e3o Jo\u00e3o do Tigre,\u00a0continua com as inscri\u00e7\u00f5es abertas para\u00a0Processos Seletivos,\u00a0oferecendo vagas nas \u00e1reas: a\u00e7\u00e3o social, educa\u00e7\u00e3o e sa\u00fade.<\/p>\n<p>Al\u00e9m dos candidatos convocados, ser\u00e3o formados Cadastros Reservas para os cargos oferecidos.<\/p>\n<p>O prazo de inscri\u00e7\u00f5es segue at\u00e9 quarta-feira dia 22 de mar\u00e7o 2023, no turno da manh\u00e3 das 8h \u00e0s 12h.<\/p>\n<p>Os interessados devem realizar as inscri\u00e7\u00f5es presencialmente na Coordena\u00e7\u00e3o do Departamento de Recursos Humanos da Secretaria de Administra\u00e7\u00e3o e Finan\u00e7as, localizada no pr\u00e9dio da Prefeitura Municipal de S\u00e3o Jo\u00e3o do Tigre, na Rua Pedro Feitosa.<\/p>\n<p>Al\u00e9m dos candidatos convocados, ser\u00e3o formados Cadastros Reservas para os cargos oferecidos.<\/p>\n<p>Veja os cargos e remunera\u00e7\u00f5es:<\/p>\n<p>EDUCA\u00c7\u00c3O:<\/p>\n<p>PSIC\u00d3LOGO \u2013 Remunera\u00e7\u00e3o, R$ 1.800,00.<\/p>\n<p>PROFESSOR \u2013 ANOS FINAIS:\u00a0Ingl\u00eas,\u00a0Geografia\u00a0e\u00a0Matem\u00e1tica\u00a0\u2013 Remunera\u00e7\u00e3o, R$ 2.300,00.<\/p>\n<p>SA\u00daDE:<\/p>\n<p>PSIC\u00d3LOGO \u2013 Remunera\u00e7\u00e3o, R$ 1.800,00<\/p>\n<p>ENF. PLANTONISTA \u2013 CADASTRO RESERVA \u2013 Remunera\u00e7\u00e3o, R$ 230,00<\/p>\n<p>FARMAC\u00caUTICO \u2013 Remunera\u00e7\u00e3o, R$ 1.500,00<\/p>\n<p>M\u00c9DICO \u2013 Remunera\u00e7\u00e3o, R$ 2.700,00 + GRATIFICA\u00c7\u00c3O<\/p>\n<p>A\u00c7\u00c3O SOCIAL:<\/p>\n<p>PSIC\u00d3LOGO \u2013 Remunera\u00e7\u00e3o, \u00a0R$\u00a01.800,00.<\/p>\n<p>M\u00c9DICO \u2013 Remunera\u00e7\u00e3o, R$ 2.700,00 + GRATIFICA\u00c7\u00c3O<\/p>\n<p>Mais informa\u00e7\u00f5es acesse o site:\u00a0<em><a href=\"https:\/\/saojoaodotigre.pb.gov.br\/processos_seletivos\/\">www.saojoaodotigre.pb.gov.br<\/a><\/em><\/p>\n<p>Fonte: Cariri in foco<\/p>\n","protected":false},"excerpt":{"rendered":"<p>A Prefeitura de\u00a0S\u00e3o Jo\u00e3o do Tigre,\u00a0continua com as inscri\u00e7\u00f5es abertas para\u00a0Processos Seletivos,\u00a0oferecendo vagas nas \u00e1reas: a\u00e7\u00e3o social, educa\u00e7\u00e3o e sa\u00fade. Al\u00e9m dos candidatos convocados, ser\u00e3o formados Cadastros Reservas para os cargos oferecidos. O prazo de inscri\u00e7\u00f5es segue at\u00e9 quarta-feira dia 22 de mar\u00e7o 2023, no turno da manh\u00e3 das 8h \u00e0s 12h. Os interessados devem realizar as inscri\u00e7\u00f5es presencialmente na Coordena\u00e7\u00e3o do Departamento de Recursos Humanos da Secretaria de Administra\u00e7\u00e3o e Finan\u00e7as, localizada no pr\u00e9dio da Prefeitura Municipal de S\u00e3o Jo\u00e3o do Tigre, na Rua Pedro Feitosa. Al\u00e9m dos candidatos convocados, ser\u00e3o formados Cadastros Reservas para os cargos oferecidos. Veja os cargos e remunera\u00e7\u00f5es: EDUCA\u00c7\u00c3O: PSIC\u00d3LOGO \u2013 Remunera\u00e7\u00e3o, R$ 1.800,00. PROFESSOR \u2013 ANOS FINAIS:\u00a0Ingl\u00eas,\u00a0Geografia\u00a0e\u00a0Matem\u00e1tica\u00a0\u2013 Remunera\u00e7\u00e3o, R$ 2.300,00. SA\u00daDE: PSIC\u00d3LOGO \u2013 Remunera\u00e7\u00e3o, R$ 1.800,00 ENF. PLANTONISTA \u2013 CADASTRO RESERVA \u2013 Remunera\u00e7\u00e3o, R$ 230,00 FARMAC\u00caUTICO \u2013 Remunera\u00e7\u00e3o, R$ 1.500,00 M\u00c9DICO \u2013 Remunera\u00e7\u00e3o, R$ 2.700,00 + GRATIFICA\u00c7\u00c3O A\u00c7\u00c3O SOCIAL: PSIC\u00d3LOGO \u2013 Remunera\u00e7\u00e3o, \u00a0R$\u00a01.800,00. M\u00c9DICO \u2013 Remunera\u00e7\u00e3o, R$ 2.700,00 + GRATIFICA\u00c7\u00c3O Mais informa\u00e7\u00f5es acesse o site:\u00a0www.saojoaodotigre.pb.gov.br Fonte: Cariri in foco<\/p>\n","protected":false},"author":2,"featured_media":13229,"comment_status":"closed","ping_status":"open","sticky":false,"template":"","format":"standard","meta":{"_eb_attr":"","_jetpack_memberships_contains_paid_content":false,"footnotes":""},"categories":[3],"tags":[],"class_list":["post-47103","post","type-post","status-publish","format-standard","has-post-thumbnail","hentry","category-cidades"],"yoast_head":"<!-- This site is optimized with the Yoast SEO plugin v26.5 - https:\/\/yoast.com\/wordpress\/plugins\/seo\/ -->\n<title>Processo Seletivo em S\u00e3o Jo\u00e3o do Tigre segue com inscri\u00e7\u00f5es at\u00e9 quarta-feira dia 22 - Not&iacute;cias em Destaque<\/title>\n<meta name=\"robots\" content=\"index, follow, max-snippet:-1, max-image-preview:large, max-video-preview:-1\" \/>\n<link rel=\"canonical\" href=\"https:\/\/noticiasemdestaque.com\/cd\/?p=47103\" \/>\n<meta property=\"og:locale\" content=\"pt_BR\" \/>\n<meta property=\"og:type\" content=\"article\" \/>\n<meta property=\"og:title\" content=\"Processo Seletivo em S\u00e3o Jo\u00e3o do Tigre segue com inscri\u00e7\u00f5es at\u00e9 quarta-feira dia 22 - Not&iacute;cias em Destaque\" \/>\n<meta property=\"og:description\" content=\"A Prefeitura de\u00a0S\u00e3o Jo\u00e3o do Tigre,\u00a0continua com as inscri\u00e7\u00f5es abertas para\u00a0Processos Seletivos,\u00a0oferecendo vagas nas \u00e1reas: a\u00e7\u00e3o social, educa\u00e7\u00e3o e sa\u00fade. Al\u00e9m dos candidatos convocados, ser\u00e3o formados Cadastros Reservas para os cargos oferecidos. O prazo de inscri\u00e7\u00f5es segue at\u00e9 quarta-feira dia 22 de mar\u00e7o 2023, no turno da manh\u00e3 das 8h \u00e0s 12h. Os interessados devem realizar as inscri\u00e7\u00f5es presencialmente na Coordena\u00e7\u00e3o do Departamento de Recursos Humanos da Secretaria de Administra\u00e7\u00e3o e Finan\u00e7as, localizada no pr\u00e9dio da Prefeitura Municipal de S\u00e3o Jo\u00e3o do Tigre, na Rua Pedro Feitosa. Al\u00e9m dos candidatos convocados, ser\u00e3o formados Cadastros Reservas para os cargos oferecidos. Veja os cargos e remunera\u00e7\u00f5es: EDUCA\u00c7\u00c3O: PSIC\u00d3LOGO \u2013 Remunera\u00e7\u00e3o, R$ 1.800,00. PROFESSOR \u2013 ANOS FINAIS:\u00a0Ingl\u00eas,\u00a0Geografia\u00a0e\u00a0Matem\u00e1tica\u00a0\u2013 Remunera\u00e7\u00e3o, R$ 2.300,00. SA\u00daDE: PSIC\u00d3LOGO \u2013 Remunera\u00e7\u00e3o, R$ 1.800,00 ENF. PLANTONISTA \u2013 CADASTRO RESERVA \u2013 Remunera\u00e7\u00e3o, R$ 230,00 FARMAC\u00caUTICO \u2013 Remunera\u00e7\u00e3o, R$ 1.500,00 M\u00c9DICO \u2013 Remunera\u00e7\u00e3o, R$ 2.700,00 + GRATIFICA\u00c7\u00c3O A\u00c7\u00c3O SOCIAL: PSIC\u00d3LOGO \u2013 Remunera\u00e7\u00e3o, \u00a0R$\u00a01.800,00. M\u00c9DICO \u2013 Remunera\u00e7\u00e3o, R$ 2.700,00 + GRATIFICA\u00c7\u00c3O Mais informa\u00e7\u00f5es acesse o site:\u00a0www.saojoaodotigre.pb.gov.br Fonte: Cariri in foco\" \/>\n<meta property=\"og:url\" content=\"https:\/\/noticiasemdestaque.com\/cd\/?p=47103\" \/>\n<meta property=\"og:site_name\" content=\"Not&iacute;cias em Destaque\" \/>\n<meta property=\"article:published_time\" content=\"2023-03-21T11:44:15+00:00\" \/>\n<meta property=\"og:image\" content=\"https:\/\/noticiasemdestaque.com\/cd\/wp-content\/uploads\/2018\/10\/processo_seletivo-600x331.jpg\" \/>\n\t<meta property=\"og:image:width\" content=\"600\" \/>\n\t<meta property=\"og:image:height\" content=\"331\" \/>\n\t<meta property=\"og:image:type\" content=\"image\/jpeg\" \/>\n<meta name=\"author\" content=\"Not\u00edcias em Destaque\" \/>\n<meta name=\"twitter:card\" content=\"summary_large_image\" \/>\n<meta name=\"twitter:label1\" content=\"Escrito por\" \/>\n\t<meta name=\"twitter:data1\" content=\"Not\u00edcias em Destaque\" \/>\n\t<meta name=\"twitter:label2\" content=\"Est. tempo de leitura\" \/>\n\t<meta name=\"twitter:data2\" content=\"1 minuto\" \/>\n<script type=\"application\/ld+json\" class=\"yoast-schema-graph\">{\"@context\":\"https:\/\/schema.org\",\"@graph\":[{\"@type\":\"Article\",\"@id\":\"https:\/\/noticiasemdestaque.com\/cd\/?p=47103#article\",\"isPartOf\":{\"@id\":\"https:\/\/noticiasemdestaque.com\/cd\/?p=47103\"},\"author\":{\"name\":\"Not\u00edcias em Destaque\",\"@id\":\"https:\/\/noticiasemdestaque.com\/cd\/#\/schema\/person\/47f7d4f55eec17c6b2ca036c5500f6ce\"},\"headline\":\"Processo Seletivo em S\u00e3o Jo\u00e3o do Tigre segue com inscri\u00e7\u00f5es at\u00e9 quarta-feira dia 22\",\"datePublished\":\"2023-03-21T11:44:15+00:00\",\"mainEntityOfPage\":{\"@id\":\"https:\/\/noticiasemdestaque.com\/cd\/?p=47103\"},\"wordCount\":217,\"publisher\":{\"@id\":\"https:\/\/noticiasemdestaque.com\/cd\/#organization\"},\"image\":{\"@id\":\"https:\/\/noticiasemdestaque.com\/cd\/?p=47103#primaryimage\"},\"thumbnailUrl\":\"https:\/\/noticiasemdestaque.com\/cd\/wp-content\/uploads\/2018\/10\/processo_seletivo-600x331.jpg\",\"articleSection\":[\"Cidades\"],\"inLanguage\":\"pt-BR\"},{\"@type\":\"WebPage\",\"@id\":\"https:\/\/noticiasemdestaque.com\/cd\/?p=47103\",\"url\":\"https:\/\/noticiasemdestaque.com\/cd\/?p=47103\",\"name\":\"Processo Seletivo em S\u00e3o Jo\u00e3o do Tigre segue com inscri\u00e7\u00f5es at\u00e9 quarta-feira dia 22 - Not&iacute;cias em Destaque\",\"isPartOf\":{\"@id\":\"https:\/\/noticiasemdestaque.com\/cd\/#website\"},\"primaryImageOfPage\":{\"@id\":\"https:\/\/noticiasemdestaque.com\/cd\/?p=47103#primaryimage\"},\"image\":{\"@id\":\"https:\/\/noticiasemdestaque.com\/cd\/?p=47103#primaryimage\"},\"thumbnailUrl\":\"https:\/\/noticiasemdestaque.com\/cd\/wp-content\/uploads\/2018\/10\/processo_seletivo-600x331.jpg\",\"datePublished\":\"2023-03-21T11:44:15+00:00\",\"breadcrumb\":{\"@id\":\"https:\/\/noticiasemdestaque.com\/cd\/?p=47103#breadcrumb\"},\"inLanguage\":\"pt-BR\",\"potentialAction\":[{\"@type\":\"ReadAction\",\"target\":[\"https:\/\/noticiasemdestaque.com\/cd\/?p=47103\"]}]},{\"@type\":\"ImageObject\",\"inLanguage\":\"pt-BR\",\"@id\":\"https:\/\/noticiasemdestaque.com\/cd\/?p=47103#primaryimage\",\"url\":\"https:\/\/noticiasemdestaque.com\/cd\/wp-content\/uploads\/2018\/10\/processo_seletivo-600x331.jpg\",\"contentUrl\":\"https:\/\/noticiasemdestaque.com\/cd\/wp-content\/uploads\/2018\/10\/processo_seletivo-600x331.jpg\",\"width\":600,\"height\":331},{\"@type\":\"BreadcrumbList\",\"@id\":\"https:\/\/noticiasemdestaque.com\/cd\/?p=47103#breadcrumb\",\"itemListElement\":[{\"@type\":\"ListItem\",\"position\":1,\"name\":\"In\u00edcio\",\"item\":\"https:\/\/noticiasemdestaque.com\/cd\/\"},{\"@type\":\"ListItem\",\"position\":2,\"name\":\"Processo Seletivo em S\u00e3o Jo\u00e3o do Tigre segue com inscri\u00e7\u00f5es at\u00e9 quarta-feira dia 22\"}]},{\"@type\":\"WebSite\",\"@id\":\"https:\/\/noticiasemdestaque.com\/cd\/#website\",\"url\":\"https:\/\/noticiasemdestaque.com\/cd\/\",\"name\":\"Not&iacute;cias em Destaque\",\"description\":\"\",\"publisher\":{\"@id\":\"https:\/\/noticiasemdestaque.com\/cd\/#organization\"},\"potentialAction\":[{\"@type\":\"SearchAction\",\"target\":{\"@type\":\"EntryPoint\",\"urlTemplate\":\"https:\/\/noticiasemdestaque.com\/cd\/?s={search_term_string}\"},\"query-input\":{\"@type\":\"PropertyValueSpecification\",\"valueRequired\":true,\"valueName\":\"search_term_string\"}}],\"inLanguage\":\"pt-BR\"},{\"@type\":\"Organization\",\"@id\":\"https:\/\/noticiasemdestaque.com\/cd\/#organization\",\"name\":\"Not\u00edcias em Destaque\",\"url\":\"https:\/\/noticiasemdestaque.com\/cd\/\",\"logo\":{\"@type\":\"ImageObject\",\"inLanguage\":\"pt-BR\",\"@id\":\"https:\/\/noticiasemdestaque.com\/cd\/#\/schema\/logo\/image\/\",\"url\":\"https:\/\/noticiasemdestaque.com\/cd\/wp-content\/uploads\/2022\/05\/imagem-base-noticiasemdestaque.png\",\"contentUrl\":\"https:\/\/noticiasemdestaque.com\/cd\/wp-content\/uploads\/2022\/05\/imagem-base-noticiasemdestaque.png\",\"width\":1200,\"height\":630,\"caption\":\"Not\u00edcias em Destaque\"},\"image\":{\"@id\":\"https:\/\/noticiasemdestaque.com\/cd\/#\/schema\/logo\/image\/\"}},{\"@type\":\"Person\",\"@id\":\"https:\/\/noticiasemdestaque.com\/cd\/#\/schema\/person\/47f7d4f55eec17c6b2ca036c5500f6ce\",\"name\":\"Not\u00edcias em Destaque\",\"url\":\"https:\/\/noticiasemdestaque.com\/cd\/?author=2\"}]}<\/script>\n<!-- \/ Yoast SEO plugin. -->","yoast_head_json":{"title":"Processo Seletivo em S\u00e3o Jo\u00e3o do Tigre segue com inscri\u00e7\u00f5es at\u00e9 quarta-feira dia 22 - Not&iacute;cias em Destaque","robots":{"index":"index","follow":"follow","max-snippet":"max-snippet:-1","max-image-preview":"max-image-preview:large","max-video-preview":"max-video-preview:-1"},"canonical":"https:\/\/noticiasemdestaque.com\/cd\/?p=47103","og_locale":"pt_BR","og_type":"article","og_title":"Processo Seletivo em S\u00e3o Jo\u00e3o do Tigre segue com inscri\u00e7\u00f5es at\u00e9 quarta-feira dia 22 - Not&iacute;cias em Destaque","og_description":"A Prefeitura de\u00a0S\u00e3o Jo\u00e3o do Tigre,\u00a0continua com as inscri\u00e7\u00f5es abertas para\u00a0Processos Seletivos,\u00a0oferecendo vagas nas \u00e1reas: a\u00e7\u00e3o social, educa\u00e7\u00e3o e sa\u00fade. Al\u00e9m dos candidatos convocados, ser\u00e3o formados Cadastros Reservas para os cargos oferecidos. O prazo de inscri\u00e7\u00f5es segue at\u00e9 quarta-feira dia 22 de mar\u00e7o 2023, no turno da manh\u00e3 das 8h \u00e0s 12h. Os interessados devem realizar as inscri\u00e7\u00f5es presencialmente na Coordena\u00e7\u00e3o do Departamento de Recursos Humanos da Secretaria de Administra\u00e7\u00e3o e Finan\u00e7as, localizada no pr\u00e9dio da Prefeitura Municipal de S\u00e3o Jo\u00e3o do Tigre, na Rua Pedro Feitosa. Al\u00e9m dos candidatos convocados, ser\u00e3o formados Cadastros Reservas para os cargos oferecidos. Veja os cargos e remunera\u00e7\u00f5es: EDUCA\u00c7\u00c3O: PSIC\u00d3LOGO \u2013 Remunera\u00e7\u00e3o, R$ 1.800,00. PROFESSOR \u2013 ANOS FINAIS:\u00a0Ingl\u00eas,\u00a0Geografia\u00a0e\u00a0Matem\u00e1tica\u00a0\u2013 Remunera\u00e7\u00e3o, R$ 2.300,00. SA\u00daDE: PSIC\u00d3LOGO \u2013 Remunera\u00e7\u00e3o, R$ 1.800,00 ENF. PLANTONISTA \u2013 CADASTRO RESERVA \u2013 Remunera\u00e7\u00e3o, R$ 230,00 FARMAC\u00caUTICO \u2013 Remunera\u00e7\u00e3o, R$ 1.500,00 M\u00c9DICO \u2013 Remunera\u00e7\u00e3o, R$ 2.700,00 + GRATIFICA\u00c7\u00c3O A\u00c7\u00c3O SOCIAL: PSIC\u00d3LOGO \u2013 Remunera\u00e7\u00e3o, \u00a0R$\u00a01.800,00. M\u00c9DICO \u2013 Remunera\u00e7\u00e3o, R$ 2.700,00 + GRATIFICA\u00c7\u00c3O Mais informa\u00e7\u00f5es acesse o site:\u00a0www.saojoaodotigre.pb.gov.br Fonte: Cariri in foco","og_url":"https:\/\/noticiasemdestaque.com\/cd\/?p=47103","og_site_name":"Not&iacute;cias em Destaque","article_published_time":"2023-03-21T11:44:15+00:00","og_image":[{"width":600,"height":331,"url":"https:\/\/noticiasemdestaque.com\/cd\/wp-content\/uploads\/2018\/10\/processo_seletivo-600x331.jpg","type":"image\/jpeg"}],"author":"Not\u00edcias em Destaque","twitter_card":"summary_large_image","twitter_misc":{"Escrito por":"Not\u00edcias em Destaque","Est. tempo de leitura":"1 minuto"},"schema":{"@context":"https:\/\/schema.org","@graph":[{"@type":"Article","@id":"https:\/\/noticiasemdestaque.com\/cd\/?p=47103#article","isPartOf":{"@id":"https:\/\/noticiasemdestaque.com\/cd\/?p=47103"},"author":{"name":"Not\u00edcias em Destaque","@id":"https:\/\/noticiasemdestaque.com\/cd\/#\/schema\/person\/47f7d4f55eec17c6b2ca036c5500f6ce"},"headline":"Processo Seletivo em S\u00e3o Jo\u00e3o do Tigre segue com inscri\u00e7\u00f5es at\u00e9 quarta-feira dia 22","datePublished":"2023-03-21T11:44:15+00:00","mainEntityOfPage":{"@id":"https:\/\/noticiasemdestaque.com\/cd\/?p=47103"},"wordCount":217,"publisher":{"@id":"https:\/\/noticiasemdestaque.com\/cd\/#organization"},"image":{"@id":"https:\/\/noticiasemdestaque.com\/cd\/?p=47103#primaryimage"},"thumbnailUrl":"https:\/\/noticiasemdestaque.com\/cd\/wp-content\/uploads\/2018\/10\/processo_seletivo-600x331.jpg","articleSection":["Cidades"],"inLanguage":"pt-BR"},{"@type":"WebPage","@id":"https:\/\/noticiasemdestaque.com\/cd\/?p=47103","url":"https:\/\/noticiasemdestaque.com\/cd\/?p=47103","name":"Processo Seletivo em S\u00e3o Jo\u00e3o do Tigre segue com inscri\u00e7\u00f5es at\u00e9 quarta-feira dia 22 - Not&iacute;cias em Destaque","isPartOf":{"@id":"https:\/\/noticiasemdestaque.com\/cd\/#website"},"primaryImageOfPage":{"@id":"https:\/\/noticiasemdestaque.com\/cd\/?p=47103#primaryimage"},"image":{"@id":"https:\/\/noticiasemdestaque.com\/cd\/?p=47103#primaryimage"},"thumbnailUrl":"https:\/\/noticiasemdestaque.com\/cd\/wp-content\/uploads\/2018\/10\/processo_seletivo-600x331.jpg","datePublished":"2023-03-21T11:44:15+00:00","breadcrumb":{"@id":"https:\/\/noticiasemdestaque.com\/cd\/?p=47103#breadcrumb"},"inLanguage":"pt-BR","potentialAction":[{"@type":"ReadAction","target":["https:\/\/noticiasemdestaque.com\/cd\/?p=47103"]}]},{"@type":"ImageObject","inLanguage":"pt-BR","@id":"https:\/\/noticiasemdestaque.com\/cd\/?p=47103#primaryimage","url":"https:\/\/noticiasemdestaque.com\/cd\/wp-content\/uploads\/2018\/10\/processo_seletivo-600x331.jpg","contentUrl":"https:\/\/noticiasemdestaque.com\/cd\/wp-content\/uploads\/2018\/10\/processo_seletivo-600x331.jpg","width":600,"height":331},{"@type":"BreadcrumbList","@id":"https:\/\/noticiasemdestaque.com\/cd\/?p=47103#breadcrumb","itemListElement":[{"@type":"ListItem","position":1,"name":"In\u00edcio","item":"https:\/\/noticiasemdestaque.com\/cd\/"},{"@type":"ListItem","position":2,"name":"Processo Seletivo em S\u00e3o Jo\u00e3o do Tigre segue com inscri\u00e7\u00f5es at\u00e9 quarta-feira dia 22"}]},{"@type":"WebSite","@id":"https:\/\/noticiasemdestaque.com\/cd\/#website","url":"https:\/\/noticiasemdestaque.com\/cd\/","name":"Not&iacute;cias em Destaque","description":"","publisher":{"@id":"https:\/\/noticiasemdestaque.com\/cd\/#organization"},"potentialAction":[{"@type":"SearchAction","target":{"@type":"EntryPoint","urlTemplate":"https:\/\/noticiasemdestaque.com\/cd\/?s={search_term_string}"},"query-input":{"@type":"PropertyValueSpecification","valueRequired":true,"valueName":"search_term_string"}}],"inLanguage":"pt-BR"},{"@type":"Organization","@id":"https:\/\/noticiasemdestaque.com\/cd\/#organization","name":"Not\u00edcias em Destaque","url":"https:\/\/noticiasemdestaque.com\/cd\/","logo":{"@type":"ImageObject","inLanguage":"pt-BR","@id":"https:\/\/noticiasemdestaque.com\/cd\/#\/schema\/logo\/image\/","url":"https:\/\/noticiasemdestaque.com\/cd\/wp-content\/uploads\/2022\/05\/imagem-base-noticiasemdestaque.png","contentUrl":"https:\/\/noticiasemdestaque.com\/cd\/wp-content\/uploads\/2022\/05\/imagem-base-noticiasemdestaque.png","width":1200,"height":630,"caption":"Not\u00edcias em Destaque"},"image":{"@id":"https:\/\/noticiasemdestaque.com\/cd\/#\/schema\/logo\/image\/"}},{"@type":"Person","@id":"https:\/\/noticiasemdestaque.com\/cd\/#\/schema\/person\/47f7d4f55eec17c6b2ca036c5500f6ce","name":"Not\u00edcias em Destaque","url":"https:\/\/noticiasemdestaque.com\/cd\/?author=2"}]}},"jetpack_featured_media_url":"https:\/\/noticiasemdestaque.com\/cd\/wp-content\/uploads\/2018\/10\/processo_seletivo-600x331.jpg","jetpack_sharing_enabled":true,"_links":{"self":[{"href":"https:\/\/noticiasemdestaque.com\/cd\/index.php?rest_route=\/wp\/v2\/posts\/47103","targetHints":{"allow":["GET"]}}],"collection":[{"href":"https:\/\/noticiasemdestaque.com\/cd\/index.php?rest_route=\/wp\/v2\/posts"}],"about":[{"href":"https:\/\/noticiasemdestaque.com\/cd\/index.php?rest_route=\/wp\/v2\/types\/post"}],"author":[{"embeddable":true,"href":"https:\/\/noticiasemdestaque.com\/cd\/index.php?rest_route=\/wp\/v2\/users\/2"}],"replies":[{"embeddable":true,"href":"https:\/\/noticiasemdestaque.com\/cd\/index.php?rest_route=%2Fwp%2Fv2%2Fcomments&post=47103"}],"version-history":[{"count":1,"href":"https:\/\/noticiasemdestaque.com\/cd\/index.php?rest_route=\/wp\/v2\/posts\/47103\/revisions"}],"predecessor-version":[{"id":47104,"href":"https:\/\/noticiasemdestaque.com\/cd\/index.php?rest_route=\/wp\/v2\/posts\/47103\/revisions\/47104"}],"wp:featuredmedia":[{"embeddable":true,"href":"https:\/\/noticiasemdestaque.com\/cd\/index.php?rest_route=\/wp\/v2\/media\/13229"}],"wp:attachment":[{"href":"https:\/\/noticiasemdestaque.com\/cd\/index.php?rest_route=%2Fwp%2Fv2%2Fmedia&parent=47103"}],"wp:term":[{"taxonomy":"category","embeddable":true,"href":"https:\/\/noticiasemdestaque.com\/cd\/index.php?rest_route=%2Fwp%2Fv2%2Fcategories&post=47103"},{"taxonomy":"post_tag","embeddable":true,"href":"https:\/\/noticiasemdestaque.com\/cd\/index.php?rest_route=%2Fwp%2Fv2%2Ftags&post=47103"}],"curies":[{"name":"wp","href":"https:\/\/api.w.org\/{rel}","templated":true}]}}