{"id":47100,"date":"2023-03-21T08:39:12","date_gmt":"2023-03-21T11:39:12","guid":{"rendered":"https:\/\/noticiasemdestaque.com\/cd\/?p=47100"},"modified":"2023-03-21T08:39:12","modified_gmt":"2023-03-21T11:39:12","slug":"camara-cria-comissao-externa-para-fiscalizar-situacao-da-transposicao-do-rio-sao-francisco","status":"publish","type":"post","link":"https:\/\/noticiasemdestaque.com\/cd\/?p=47100","title":{"rendered":"C\u00e2mara cria comiss\u00e3o externa para fiscalizar situa\u00e7\u00e3o da transposi\u00e7\u00e3o do rio S\u00e3o Francisco"},"content":{"rendered":"<p><a href=\"https:\/\/noticiasemdestaque.com\/cd\/wp-content\/uploads\/2023\/03\/transposicao-1-1.webp\"><img decoding=\"async\" class=\"size-medium wp-image-47101 aligncenter\" src=\"https:\/\/noticiasemdestaque.com\/cd\/wp-content\/uploads\/2023\/03\/transposicao-1-1-300x150.webp\" alt=\"\" width=\"300\" height=\"150\" srcset=\"https:\/\/noticiasemdestaque.com\/cd\/wp-content\/uploads\/2023\/03\/transposicao-1-1-300x150.webp 300w, https:\/\/noticiasemdestaque.com\/cd\/wp-content\/uploads\/2023\/03\/transposicao-1-1-768x384.webp 768w, https:\/\/noticiasemdestaque.com\/cd\/wp-content\/uploads\/2023\/03\/transposicao-1-1-18x9.webp 18w, https:\/\/noticiasemdestaque.com\/cd\/wp-content\/uploads\/2023\/03\/transposicao-1-1.webp 800w\" sizes=\"(max-width: 300px) 100vw, 300px\" \/><\/a><\/p>\n<p>O presidente da C\u00e2mara dos Deputados, Arthur Lira (PP-AL), criou uma comiss\u00e3o externa formada por nove deputados para fiscalizar e acompanhar in loco a situa\u00e7\u00e3o da transposi\u00e7\u00e3o do rio S\u00e3o Francisco. O deputado federal paraibano, Cabo Gilberto Silva (PL) integrar\u00e1 o grupo que ser\u00e1 coordenado pelo deputado Andr\u00e9 Fernandes (PL-CE), que solicitou a cria\u00e7\u00e3o da comiss\u00e3o (REQ 138\/23).<\/p>\n<p>&nbsp;<\/p>\n<p>Fernandes afirma que, no in\u00edcio de 2022, o ent\u00e3o presidente Jair Bolsonaro anunciou a finaliza\u00e7\u00e3o do projeto de transposi\u00e7\u00e3o do rio, ap\u00f3s quase 16 (dezesseis) anos de obras. No entanto, alguns trechos estariam hoje obstru\u00eddos, impossibilitando a passagem da \u00e1gua. O objetivo da comiss\u00e3o \u00e9 verificar a exist\u00eancia destes pontos de estrangulamento, conta a Ag\u00eancia C\u00e2mara.<\/p>\n<p>&nbsp;<\/p>\n<p>Al\u00e9m do paraibano, tamb\u00e9m participam da comiss\u00e3o externa os deputados Capit\u00e3o Alden (PL-BA), Clarissa T\u00e9rcio (PP-PE), Coronel Meira (PL-PE), Dr. Jaziel (PL-CE), General Gir\u00e3o (PL-RN), Rodrigo Valadares (Uni\u00e3o-SE) e Sargento Gon\u00e7alves (PL-RN).<\/p>\n<p>&nbsp;<\/p>\n<p>A finalidade da transposi\u00e7\u00e3o \u00e9 levar \u00e1gua do S\u00e3o Francisco a munic\u00edpios da Para\u00edba, Pernambuco, Cear\u00e1 e Rio Grande do Norte, estados atingidos pela seca.<\/p>\n","protected":false},"excerpt":{"rendered":"<p>O presidente da C\u00e2mara dos Deputados, Arthur Lira (PP-AL), criou uma comiss\u00e3o externa formada por nove deputados para fiscalizar e acompanhar in loco a situa\u00e7\u00e3o da transposi\u00e7\u00e3o do rio S\u00e3o Francisco. O deputado federal paraibano, Cabo Gilberto Silva (PL) integrar\u00e1 o grupo que ser\u00e1 coordenado pelo deputado Andr\u00e9 Fernandes (PL-CE), que solicitou a cria\u00e7\u00e3o da comiss\u00e3o (REQ 138\/23). &nbsp; Fernandes afirma que, no in\u00edcio de 2022, o ent\u00e3o presidente Jair Bolsonaro anunciou a finaliza\u00e7\u00e3o do projeto de transposi\u00e7\u00e3o do rio, ap\u00f3s quase 16 (dezesseis) anos de obras. No entanto, alguns trechos estariam hoje obstru\u00eddos, impossibilitando a passagem da \u00e1gua. O objetivo da comiss\u00e3o \u00e9 verificar a exist\u00eancia destes pontos de estrangulamento, conta a Ag\u00eancia C\u00e2mara. &nbsp; Al\u00e9m do paraibano, tamb\u00e9m participam da comiss\u00e3o externa os deputados Capit\u00e3o Alden (PL-BA), Clarissa T\u00e9rcio (PP-PE), Coronel Meira (PL-PE), Dr. Jaziel (PL-CE), General Gir\u00e3o (PL-RN), Rodrigo Valadares (Uni\u00e3o-SE) e Sargento Gon\u00e7alves (PL-RN). &nbsp; A finalidade da transposi\u00e7\u00e3o \u00e9 levar \u00e1gua do S\u00e3o Francisco a munic\u00edpios da Para\u00edba, Pernambuco, Cear\u00e1 e Rio Grande do Norte, estados atingidos pela seca.<\/p>\n","protected":false},"author":2,"featured_media":47101,"comment_status":"closed","ping_status":"open","sticky":false,"template":"","format":"standard","meta":{"_eb_attr":"","_jetpack_memberships_contains_paid_content":false,"footnotes":""},"categories":[4],"tags":[],"class_list":["post-47100","post","type-post","status-publish","format-standard","has-post-thumbnail","hentry","category-politica"],"yoast_head":"<!-- This site is optimized with the Yoast SEO plugin v26.5 - https:\/\/yoast.com\/wordpress\/plugins\/seo\/ -->\n<title>C\u00e2mara cria comiss\u00e3o externa para fiscalizar situa\u00e7\u00e3o da transposi\u00e7\u00e3o do rio S\u00e3o Francisco - Not&iacute;cias em Destaque<\/title>\n<meta name=\"robots\" content=\"index, follow, max-snippet:-1, max-image-preview:large, max-video-preview:-1\" \/>\n<link rel=\"canonical\" href=\"https:\/\/noticiasemdestaque.com\/cd\/?p=47100\" \/>\n<meta property=\"og:locale\" content=\"pt_BR\" \/>\n<meta property=\"og:type\" content=\"article\" \/>\n<meta property=\"og:title\" content=\"C\u00e2mara cria comiss\u00e3o externa para fiscalizar situa\u00e7\u00e3o da transposi\u00e7\u00e3o do rio S\u00e3o Francisco - Not&iacute;cias em Destaque\" \/>\n<meta property=\"og:description\" content=\"O presidente da C\u00e2mara dos Deputados, Arthur Lira (PP-AL), criou uma comiss\u00e3o externa formada por nove deputados para fiscalizar e acompanhar in loco a situa\u00e7\u00e3o da transposi\u00e7\u00e3o do rio S\u00e3o Francisco. O deputado federal paraibano, Cabo Gilberto Silva (PL) integrar\u00e1 o grupo que ser\u00e1 coordenado pelo deputado Andr\u00e9 Fernandes (PL-CE), que solicitou a cria\u00e7\u00e3o da comiss\u00e3o (REQ 138\/23). &nbsp; Fernandes afirma que, no in\u00edcio de 2022, o ent\u00e3o presidente Jair Bolsonaro anunciou a finaliza\u00e7\u00e3o do projeto de transposi\u00e7\u00e3o do rio, ap\u00f3s quase 16 (dezesseis) anos de obras. No entanto, alguns trechos estariam hoje obstru\u00eddos, impossibilitando a passagem da \u00e1gua. O objetivo da comiss\u00e3o \u00e9 verificar a exist\u00eancia destes pontos de estrangulamento, conta a Ag\u00eancia C\u00e2mara. &nbsp; Al\u00e9m do paraibano, tamb\u00e9m participam da comiss\u00e3o externa os deputados Capit\u00e3o Alden (PL-BA), Clarissa T\u00e9rcio (PP-PE), Coronel Meira (PL-PE), Dr. Jaziel (PL-CE), General Gir\u00e3o (PL-RN), Rodrigo Valadares (Uni\u00e3o-SE) e Sargento Gon\u00e7alves (PL-RN). &nbsp; A finalidade da transposi\u00e7\u00e3o \u00e9 levar \u00e1gua do S\u00e3o Francisco a munic\u00edpios da Para\u00edba, Pernambuco, Cear\u00e1 e Rio Grande do Norte, estados atingidos pela seca.\" \/>\n<meta property=\"og:url\" content=\"https:\/\/noticiasemdestaque.com\/cd\/?p=47100\" \/>\n<meta property=\"og:site_name\" content=\"Not&iacute;cias em Destaque\" \/>\n<meta property=\"article:published_time\" content=\"2023-03-21T11:39:12+00:00\" \/>\n<meta property=\"og:image\" content=\"https:\/\/noticiasemdestaque.com\/cd\/wp-content\/uploads\/2023\/03\/transposicao-1-1.webp\" \/>\n\t<meta property=\"og:image:width\" content=\"800\" \/>\n\t<meta property=\"og:image:height\" content=\"400\" \/>\n\t<meta property=\"og:image:type\" content=\"image\/webp\" \/>\n<meta name=\"author\" content=\"Not\u00edcias em Destaque\" \/>\n<meta name=\"twitter:card\" content=\"summary_large_image\" \/>\n<meta name=\"twitter:label1\" content=\"Escrito por\" \/>\n\t<meta name=\"twitter:data1\" content=\"Not\u00edcias em Destaque\" \/>\n\t<meta name=\"twitter:label2\" content=\"Est. tempo de leitura\" \/>\n\t<meta name=\"twitter:data2\" content=\"2 minutos\" \/>\n<script type=\"application\/ld+json\" class=\"yoast-schema-graph\">{\"@context\":\"https:\/\/schema.org\",\"@graph\":[{\"@type\":\"Article\",\"@id\":\"https:\/\/noticiasemdestaque.com\/cd\/?p=47100#article\",\"isPartOf\":{\"@id\":\"https:\/\/noticiasemdestaque.com\/cd\/?p=47100\"},\"author\":{\"name\":\"Not\u00edcias em Destaque\",\"@id\":\"https:\/\/noticiasemdestaque.com\/cd\/#\/schema\/person\/45ca272b3e1246ef14ebb78a48dbb218\"},\"headline\":\"C\u00e2mara cria comiss\u00e3o externa para fiscalizar situa\u00e7\u00e3o da transposi\u00e7\u00e3o do rio S\u00e3o Francisco\",\"datePublished\":\"2023-03-21T11:39:12+00:00\",\"mainEntityOfPage\":{\"@id\":\"https:\/\/noticiasemdestaque.com\/cd\/?p=47100\"},\"wordCount\":216,\"publisher\":{\"@id\":\"https:\/\/noticiasemdestaque.com\/cd\/#organization\"},\"image\":{\"@id\":\"https:\/\/noticiasemdestaque.com\/cd\/?p=47100#primaryimage\"},\"thumbnailUrl\":\"https:\/\/noticiasemdestaque.com\/cd\/wp-content\/uploads\/2023\/03\/transposicao-1-1.webp\",\"articleSection\":[\"Pol\u00edtica\"],\"inLanguage\":\"pt-BR\"},{\"@type\":\"WebPage\",\"@id\":\"https:\/\/noticiasemdestaque.com\/cd\/?p=47100\",\"url\":\"https:\/\/noticiasemdestaque.com\/cd\/?p=47100\",\"name\":\"C\u00e2mara cria comiss\u00e3o externa para fiscalizar situa\u00e7\u00e3o da transposi\u00e7\u00e3o do rio S\u00e3o Francisco - Not&iacute;cias em Destaque\",\"isPartOf\":{\"@id\":\"https:\/\/noticiasemdestaque.com\/cd\/#website\"},\"primaryImageOfPage\":{\"@id\":\"https:\/\/noticiasemdestaque.com\/cd\/?p=47100#primaryimage\"},\"image\":{\"@id\":\"https:\/\/noticiasemdestaque.com\/cd\/?p=47100#primaryimage\"},\"thumbnailUrl\":\"https:\/\/noticiasemdestaque.com\/cd\/wp-content\/uploads\/2023\/03\/transposicao-1-1.webp\",\"datePublished\":\"2023-03-21T11:39:12+00:00\",\"breadcrumb\":{\"@id\":\"https:\/\/noticiasemdestaque.com\/cd\/?p=47100#breadcrumb\"},\"inLanguage\":\"pt-BR\",\"potentialAction\":[{\"@type\":\"ReadAction\",\"target\":[\"https:\/\/noticiasemdestaque.com\/cd\/?p=47100\"]}]},{\"@type\":\"ImageObject\",\"inLanguage\":\"pt-BR\",\"@id\":\"https:\/\/noticiasemdestaque.com\/cd\/?p=47100#primaryimage\",\"url\":\"https:\/\/noticiasemdestaque.com\/cd\/wp-content\/uploads\/2023\/03\/transposicao-1-1.webp\",\"contentUrl\":\"https:\/\/noticiasemdestaque.com\/cd\/wp-content\/uploads\/2023\/03\/transposicao-1-1.webp\",\"width\":800,\"height\":400},{\"@type\":\"BreadcrumbList\",\"@id\":\"https:\/\/noticiasemdestaque.com\/cd\/?p=47100#breadcrumb\",\"itemListElement\":[{\"@type\":\"ListItem\",\"position\":1,\"name\":\"In\u00edcio\",\"item\":\"https:\/\/noticiasemdestaque.com\/cd\/\"},{\"@type\":\"ListItem\",\"position\":2,\"name\":\"C\u00e2mara cria comiss\u00e3o externa para fiscalizar situa\u00e7\u00e3o da transposi\u00e7\u00e3o do rio S\u00e3o Francisco\"}]},{\"@type\":\"WebSite\",\"@id\":\"https:\/\/noticiasemdestaque.com\/cd\/#website\",\"url\":\"https:\/\/noticiasemdestaque.com\/cd\/\",\"name\":\"Not&iacute;cias em Destaque\",\"description\":\"\",\"publisher\":{\"@id\":\"https:\/\/noticiasemdestaque.com\/cd\/#organization\"},\"potentialAction\":[{\"@type\":\"SearchAction\",\"target\":{\"@type\":\"EntryPoint\",\"urlTemplate\":\"https:\/\/noticiasemdestaque.com\/cd\/?s={search_term_string}\"},\"query-input\":{\"@type\":\"PropertyValueSpecification\",\"valueRequired\":true,\"valueName\":\"search_term_string\"}}],\"inLanguage\":\"pt-BR\"},{\"@type\":\"Organization\",\"@id\":\"https:\/\/noticiasemdestaque.com\/cd\/#organization\",\"name\":\"Not\u00edcias em Destaque\",\"url\":\"https:\/\/noticiasemdestaque.com\/cd\/\",\"logo\":{\"@type\":\"ImageObject\",\"inLanguage\":\"pt-BR\",\"@id\":\"https:\/\/noticiasemdestaque.com\/cd\/#\/schema\/logo\/image\/\",\"url\":\"https:\/\/noticiasemdestaque.com\/cd\/wp-content\/uploads\/2022\/05\/imagem-base-noticiasemdestaque.png\",\"contentUrl\":\"https:\/\/noticiasemdestaque.com\/cd\/wp-content\/uploads\/2022\/05\/imagem-base-noticiasemdestaque.png\",\"width\":1200,\"height\":630,\"caption\":\"Not\u00edcias em Destaque\"},\"image\":{\"@id\":\"https:\/\/noticiasemdestaque.com\/cd\/#\/schema\/logo\/image\/\"}},{\"@type\":\"Person\",\"@id\":\"https:\/\/noticiasemdestaque.com\/cd\/#\/schema\/person\/45ca272b3e1246ef14ebb78a48dbb218\",\"name\":\"Not\u00edcias em Destaque\",\"url\":\"https:\/\/noticiasemdestaque.com\/cd\/?author=2\"}]}<\/script>\n<!-- \/ Yoast SEO plugin. -->","yoast_head_json":{"title":"C\u00e2mara cria comiss\u00e3o externa para fiscalizar situa\u00e7\u00e3o da transposi\u00e7\u00e3o do rio S\u00e3o Francisco - Not&iacute;cias em Destaque","robots":{"index":"index","follow":"follow","max-snippet":"max-snippet:-1","max-image-preview":"max-image-preview:large","max-video-preview":"max-video-preview:-1"},"canonical":"https:\/\/noticiasemdestaque.com\/cd\/?p=47100","og_locale":"pt_BR","og_type":"article","og_title":"C\u00e2mara cria comiss\u00e3o externa para fiscalizar situa\u00e7\u00e3o da transposi\u00e7\u00e3o do rio S\u00e3o Francisco - Not&iacute;cias em Destaque","og_description":"O presidente da C\u00e2mara dos Deputados, Arthur Lira (PP-AL), criou uma comiss\u00e3o externa formada por nove deputados para fiscalizar e acompanhar in loco a situa\u00e7\u00e3o da transposi\u00e7\u00e3o do rio S\u00e3o Francisco. O deputado federal paraibano, Cabo Gilberto Silva (PL) integrar\u00e1 o grupo que ser\u00e1 coordenado pelo deputado Andr\u00e9 Fernandes (PL-CE), que solicitou a cria\u00e7\u00e3o da comiss\u00e3o (REQ 138\/23). &nbsp; Fernandes afirma que, no in\u00edcio de 2022, o ent\u00e3o presidente Jair Bolsonaro anunciou a finaliza\u00e7\u00e3o do projeto de transposi\u00e7\u00e3o do rio, ap\u00f3s quase 16 (dezesseis) anos de obras. No entanto, alguns trechos estariam hoje obstru\u00eddos, impossibilitando a passagem da \u00e1gua. O objetivo da comiss\u00e3o \u00e9 verificar a exist\u00eancia destes pontos de estrangulamento, conta a Ag\u00eancia C\u00e2mara. &nbsp; Al\u00e9m do paraibano, tamb\u00e9m participam da comiss\u00e3o externa os deputados Capit\u00e3o Alden (PL-BA), Clarissa T\u00e9rcio (PP-PE), Coronel Meira (PL-PE), Dr. Jaziel (PL-CE), General Gir\u00e3o (PL-RN), Rodrigo Valadares (Uni\u00e3o-SE) e Sargento Gon\u00e7alves (PL-RN). &nbsp; A finalidade da transposi\u00e7\u00e3o \u00e9 levar \u00e1gua do S\u00e3o Francisco a munic\u00edpios da Para\u00edba, Pernambuco, Cear\u00e1 e Rio Grande do Norte, estados atingidos pela seca.","og_url":"https:\/\/noticiasemdestaque.com\/cd\/?p=47100","og_site_name":"Not&iacute;cias em Destaque","article_published_time":"2023-03-21T11:39:12+00:00","og_image":[{"width":800,"height":400,"url":"https:\/\/noticiasemdestaque.com\/cd\/wp-content\/uploads\/2023\/03\/transposicao-1-1.webp","type":"image\/webp"}],"author":"Not\u00edcias em Destaque","twitter_card":"summary_large_image","twitter_misc":{"Escrito por":"Not\u00edcias em Destaque","Est. tempo de leitura":"2 minutos"},"schema":{"@context":"https:\/\/schema.org","@graph":[{"@type":"Article","@id":"https:\/\/noticiasemdestaque.com\/cd\/?p=47100#article","isPartOf":{"@id":"https:\/\/noticiasemdestaque.com\/cd\/?p=47100"},"author":{"name":"Not\u00edcias em Destaque","@id":"https:\/\/noticiasemdestaque.com\/cd\/#\/schema\/person\/45ca272b3e1246ef14ebb78a48dbb218"},"headline":"C\u00e2mara cria comiss\u00e3o externa para fiscalizar situa\u00e7\u00e3o da transposi\u00e7\u00e3o do rio S\u00e3o Francisco","datePublished":"2023-03-21T11:39:12+00:00","mainEntityOfPage":{"@id":"https:\/\/noticiasemdestaque.com\/cd\/?p=47100"},"wordCount":216,"publisher":{"@id":"https:\/\/noticiasemdestaque.com\/cd\/#organization"},"image":{"@id":"https:\/\/noticiasemdestaque.com\/cd\/?p=47100#primaryimage"},"thumbnailUrl":"https:\/\/noticiasemdestaque.com\/cd\/wp-content\/uploads\/2023\/03\/transposicao-1-1.webp","articleSection":["Pol\u00edtica"],"inLanguage":"pt-BR"},{"@type":"WebPage","@id":"https:\/\/noticiasemdestaque.com\/cd\/?p=47100","url":"https:\/\/noticiasemdestaque.com\/cd\/?p=47100","name":"C\u00e2mara cria comiss\u00e3o externa para fiscalizar situa\u00e7\u00e3o da transposi\u00e7\u00e3o do rio S\u00e3o Francisco - Not&iacute;cias em Destaque","isPartOf":{"@id":"https:\/\/noticiasemdestaque.com\/cd\/#website"},"primaryImageOfPage":{"@id":"https:\/\/noticiasemdestaque.com\/cd\/?p=47100#primaryimage"},"image":{"@id":"https:\/\/noticiasemdestaque.com\/cd\/?p=47100#primaryimage"},"thumbnailUrl":"https:\/\/noticiasemdestaque.com\/cd\/wp-content\/uploads\/2023\/03\/transposicao-1-1.webp","datePublished":"2023-03-21T11:39:12+00:00","breadcrumb":{"@id":"https:\/\/noticiasemdestaque.com\/cd\/?p=47100#breadcrumb"},"inLanguage":"pt-BR","potentialAction":[{"@type":"ReadAction","target":["https:\/\/noticiasemdestaque.com\/cd\/?p=47100"]}]},{"@type":"ImageObject","inLanguage":"pt-BR","@id":"https:\/\/noticiasemdestaque.com\/cd\/?p=47100#primaryimage","url":"https:\/\/noticiasemdestaque.com\/cd\/wp-content\/uploads\/2023\/03\/transposicao-1-1.webp","contentUrl":"https:\/\/noticiasemdestaque.com\/cd\/wp-content\/uploads\/2023\/03\/transposicao-1-1.webp","width":800,"height":400},{"@type":"BreadcrumbList","@id":"https:\/\/noticiasemdestaque.com\/cd\/?p=47100#breadcrumb","itemListElement":[{"@type":"ListItem","position":1,"name":"In\u00edcio","item":"https:\/\/noticiasemdestaque.com\/cd\/"},{"@type":"ListItem","position":2,"name":"C\u00e2mara cria comiss\u00e3o externa para fiscalizar situa\u00e7\u00e3o da transposi\u00e7\u00e3o do rio S\u00e3o Francisco"}]},{"@type":"WebSite","@id":"https:\/\/noticiasemdestaque.com\/cd\/#website","url":"https:\/\/noticiasemdestaque.com\/cd\/","name":"Not&iacute;cias em Destaque","description":"","publisher":{"@id":"https:\/\/noticiasemdestaque.com\/cd\/#organization"},"potentialAction":[{"@type":"SearchAction","target":{"@type":"EntryPoint","urlTemplate":"https:\/\/noticiasemdestaque.com\/cd\/?s={search_term_string}"},"query-input":{"@type":"PropertyValueSpecification","valueRequired":true,"valueName":"search_term_string"}}],"inLanguage":"pt-BR"},{"@type":"Organization","@id":"https:\/\/noticiasemdestaque.com\/cd\/#organization","name":"Not\u00edcias em Destaque","url":"https:\/\/noticiasemdestaque.com\/cd\/","logo":{"@type":"ImageObject","inLanguage":"pt-BR","@id":"https:\/\/noticiasemdestaque.com\/cd\/#\/schema\/logo\/image\/","url":"https:\/\/noticiasemdestaque.com\/cd\/wp-content\/uploads\/2022\/05\/imagem-base-noticiasemdestaque.png","contentUrl":"https:\/\/noticiasemdestaque.com\/cd\/wp-content\/uploads\/2022\/05\/imagem-base-noticiasemdestaque.png","width":1200,"height":630,"caption":"Not\u00edcias em Destaque"},"image":{"@id":"https:\/\/noticiasemdestaque.com\/cd\/#\/schema\/logo\/image\/"}},{"@type":"Person","@id":"https:\/\/noticiasemdestaque.com\/cd\/#\/schema\/person\/45ca272b3e1246ef14ebb78a48dbb218","name":"Not\u00edcias em Destaque","url":"https:\/\/noticiasemdestaque.com\/cd\/?author=2"}]}},"jetpack_featured_media_url":"https:\/\/noticiasemdestaque.com\/cd\/wp-content\/uploads\/2023\/03\/transposicao-1-1.webp","jetpack_sharing_enabled":true,"_links":{"self":[{"href":"https:\/\/noticiasemdestaque.com\/cd\/index.php?rest_route=\/wp\/v2\/posts\/47100","targetHints":{"allow":["GET"]}}],"collection":[{"href":"https:\/\/noticiasemdestaque.com\/cd\/index.php?rest_route=\/wp\/v2\/posts"}],"about":[{"href":"https:\/\/noticiasemdestaque.com\/cd\/index.php?rest_route=\/wp\/v2\/types\/post"}],"author":[{"embeddable":true,"href":"https:\/\/noticiasemdestaque.com\/cd\/index.php?rest_route=\/wp\/v2\/users\/2"}],"replies":[{"embeddable":true,"href":"https:\/\/noticiasemdestaque.com\/cd\/index.php?rest_route=%2Fwp%2Fv2%2Fcomments&post=47100"}],"version-history":[{"count":1,"href":"https:\/\/noticiasemdestaque.com\/cd\/index.php?rest_route=\/wp\/v2\/posts\/47100\/revisions"}],"predecessor-version":[{"id":47102,"href":"https:\/\/noticiasemdestaque.com\/cd\/index.php?rest_route=\/wp\/v2\/posts\/47100\/revisions\/47102"}],"wp:featuredmedia":[{"embeddable":true,"href":"https:\/\/noticiasemdestaque.com\/cd\/index.php?rest_route=\/wp\/v2\/media\/47101"}],"wp:attachment":[{"href":"https:\/\/noticiasemdestaque.com\/cd\/index.php?rest_route=%2Fwp%2Fv2%2Fmedia&parent=47100"}],"wp:term":[{"taxonomy":"category","embeddable":true,"href":"https:\/\/noticiasemdestaque.com\/cd\/index.php?rest_route=%2Fwp%2Fv2%2Fcategories&post=47100"},{"taxonomy":"post_tag","embeddable":true,"href":"https:\/\/noticiasemdestaque.com\/cd\/index.php?rest_route=%2Fwp%2Fv2%2Ftags&post=47100"}],"curies":[{"name":"wp","href":"https:\/\/api.w.org\/{rel}","templated":true}]}}