{"id":470,"date":"2017-06-13T13:51:59","date_gmt":"2017-06-13T16:51:59","guid":{"rendered":"http:\/\/caririemdestaque.com\/cd\/?p=470"},"modified":"2017-06-13T13:51:59","modified_gmt":"2017-06-13T16:51:59","slug":"governo-espera-injetar-mais-de-r-134-milhoes-na-economia-com-parcela-do-decimo","status":"publish","type":"post","link":"https:\/\/noticiasemdestaque.com\/cd\/?p=470","title":{"rendered":"Governo espera injetar mais de R$ 134 milh\u00f5es na economia com parcela do d\u00e9cimo"},"content":{"rendered":"<figure id=\"attachment_471\" aria-describedby=\"caption-attachment-471\" style=\"width: 300px\" class=\"wp-caption alignleft\"><a href=\"http:\/\/caririemdestaque.com\/cd\/wp-content\/uploads\/2017\/06\/201706131125030000007049.jpg\"><img fetchpriority=\"high\" decoding=\"async\" class=\"size-medium wp-image-471\" src=\"http:\/\/caririemdestaque.com\/cd\/wp-content\/uploads\/2017\/06\/201706131125030000007049-300x219.jpg\" alt=\"\" width=\"300\" height=\"219\" srcset=\"https:\/\/noticiasemdestaque.com\/cd\/wp-content\/uploads\/2017\/06\/201706131125030000007049-300x219.jpg 300w, https:\/\/noticiasemdestaque.com\/cd\/wp-content\/uploads\/2017\/06\/201706131125030000007049.jpg 480w\" sizes=\"(max-width: 300px) 100vw, 300px\" \/><\/a><figcaption id=\"caption-attachment-471\" class=\"wp-caption-text\">Cr\u00e9ditos: Reprodu\u00e7\u00e3o \/ WEB<\/figcaption><\/figure>\n<p>O pagamento da primeira parcela do 13\u00ba sal\u00e1rio dos servidores estaduais ativos e inativos, incluindo ainda funcion\u00e1rios e professores da Universidade Estadual da Para\u00edba (UEPB), ser\u00e1 efetuado pelo Governo do Estado nesta quarta-feira (14). Com isso, entram em circula\u00e7\u00e3o na economia paraibana mais de R$ 134 milh\u00f5es.<\/p>\n<p>De acordo com dados da Secretaria de Estado da Administra\u00e7\u00e3o (Sead), o pagamento da primeira parcela do 13\u00ba sal\u00e1rio aos servidores e professores da UEPB totaliza mais de R$ 7,49 milh\u00f5es, al\u00e9m de R$ 127 milh\u00f5es com os demais servidores.<\/p>\n<p>O an\u00fancio da primeira parcela do 13\u00ba sal\u00e1rio foi feito pelo governador Ricardo Coutinho no dia 5 deste m\u00eas. Na ocasi\u00e3o, Ricardo destacou que a medida \u00e9 adotada desde a sua primeira gest\u00e3o, em 2011. \u201c\u00c9 um compromisso que fazia ainda quando era prefeito, ativando o com\u00e9rcio. Neste dia 14, vou repassar, pela primeira vez, a metade do 13\u00ba sal\u00e1rio aos professores e aos funcion\u00e1rios da UEPB\u201d, pontuou.<\/p>\n<p>O chefe do Executivo paraibano destacou, ainda, que a decis\u00e3o de antecipar a primeira parcela do 13\u00ba sal\u00e1rio dos professores e servidores da UEPB foi tomada ainda no in\u00edcio do ano. \u201c\u00c9 uma quest\u00e3o de respeito para com os servidores e professores da UEPB\u201d, ressaltou.<\/p>\n<p>Cariri em Destaque<\/p>\n<p>com Assessoria<\/p>\n","protected":false},"excerpt":{"rendered":"<p>O pagamento da primeira parcela do 13\u00ba sal\u00e1rio dos servidores estaduais ativos e inativos, incluindo ainda funcion\u00e1rios e professores da Universidade Estadual da Para\u00edba (UEPB), ser\u00e1 efetuado pelo Governo do Estado nesta quarta-feira (14). Com isso, entram em circula\u00e7\u00e3o na economia paraibana mais de R$ 134 milh\u00f5es. De acordo com dados da Secretaria de Estado da Administra\u00e7\u00e3o (Sead), o pagamento da primeira parcela do 13\u00ba sal\u00e1rio aos servidores e professores da UEPB totaliza mais de R$ 7,49 milh\u00f5es, al\u00e9m de R$ 127 milh\u00f5es com os demais servidores. O an\u00fancio da primeira parcela do 13\u00ba sal\u00e1rio foi feito pelo governador Ricardo Coutinho no dia 5 deste m\u00eas. Na ocasi\u00e3o, Ricardo destacou que a medida \u00e9 adotada desde a sua primeira gest\u00e3o, em 2011. \u201c\u00c9 um compromisso que fazia ainda quando era prefeito, ativando o com\u00e9rcio. Neste dia 14, vou repassar, pela primeira vez, a metade do 13\u00ba sal\u00e1rio aos professores e aos funcion\u00e1rios da UEPB\u201d, pontuou. O chefe do Executivo paraibano destacou, ainda, que a decis\u00e3o de antecipar a primeira parcela do 13\u00ba sal\u00e1rio dos professores e servidores da UEPB foi tomada ainda no in\u00edcio do ano. \u201c\u00c9 uma quest\u00e3o de respeito para com os servidores e professores da UEPB\u201d, ressaltou. Cariri em Destaque com Assessoria<\/p>\n","protected":false},"author":2,"featured_media":471,"comment_status":"closed","ping_status":"open","sticky":false,"template":"","format":"standard","meta":{"_eb_attr":"","_jetpack_memberships_contains_paid_content":false,"footnotes":""},"categories":[11],"tags":[],"class_list":["post-470","post","type-post","status-publish","format-standard","has-post-thumbnail","hentry","category-economia"],"yoast_head":"<!-- This site is optimized with the Yoast SEO plugin v26.5 - https:\/\/yoast.com\/wordpress\/plugins\/seo\/ -->\n<title>Governo espera injetar mais de R$ 134 milh\u00f5es na economia com parcela do d\u00e9cimo - Not&iacute;cias em Destaque<\/title>\n<meta name=\"robots\" content=\"index, follow, max-snippet:-1, max-image-preview:large, max-video-preview:-1\" \/>\n<link rel=\"canonical\" href=\"https:\/\/noticiasemdestaque.com\/cd\/?p=470\" \/>\n<meta property=\"og:locale\" content=\"pt_BR\" \/>\n<meta property=\"og:type\" content=\"article\" \/>\n<meta property=\"og:title\" content=\"Governo espera injetar mais de R$ 134 milh\u00f5es na economia com parcela do d\u00e9cimo - Not&iacute;cias em Destaque\" \/>\n<meta property=\"og:description\" content=\"O pagamento da primeira parcela do 13\u00ba sal\u00e1rio dos servidores estaduais ativos e inativos, incluindo ainda funcion\u00e1rios e professores da Universidade Estadual da Para\u00edba (UEPB), ser\u00e1 efetuado pelo Governo do Estado nesta quarta-feira (14). Com isso, entram em circula\u00e7\u00e3o na economia paraibana mais de R$ 134 milh\u00f5es. De acordo com dados da Secretaria de Estado da Administra\u00e7\u00e3o (Sead), o pagamento da primeira parcela do 13\u00ba sal\u00e1rio aos servidores e professores da UEPB totaliza mais de R$ 7,49 milh\u00f5es, al\u00e9m de R$ 127 milh\u00f5es com os demais servidores. O an\u00fancio da primeira parcela do 13\u00ba sal\u00e1rio foi feito pelo governador Ricardo Coutinho no dia 5 deste m\u00eas. Na ocasi\u00e3o, Ricardo destacou que a medida \u00e9 adotada desde a sua primeira gest\u00e3o, em 2011. \u201c\u00c9 um compromisso que fazia ainda quando era prefeito, ativando o com\u00e9rcio. Neste dia 14, vou repassar, pela primeira vez, a metade do 13\u00ba sal\u00e1rio aos professores e aos funcion\u00e1rios da UEPB\u201d, pontuou. O chefe do Executivo paraibano destacou, ainda, que a decis\u00e3o de antecipar a primeira parcela do 13\u00ba sal\u00e1rio dos professores e servidores da UEPB foi tomada ainda no in\u00edcio do ano. \u201c\u00c9 uma quest\u00e3o de respeito para com os servidores e professores da UEPB\u201d, ressaltou. Cariri em Destaque com Assessoria\" \/>\n<meta property=\"og:url\" content=\"https:\/\/noticiasemdestaque.com\/cd\/?p=470\" \/>\n<meta property=\"og:site_name\" content=\"Not&iacute;cias em Destaque\" \/>\n<meta property=\"article:published_time\" content=\"2017-06-13T16:51:59+00:00\" \/>\n<meta property=\"og:image\" content=\"https:\/\/noticiasemdestaque.com\/cd\/wp-content\/uploads\/2017\/06\/201706131125030000007049.jpg\" \/>\n\t<meta property=\"og:image:width\" content=\"480\" \/>\n\t<meta property=\"og:image:height\" content=\"350\" \/>\n\t<meta property=\"og:image:type\" content=\"image\/jpeg\" \/>\n<meta name=\"author\" content=\"Not\u00edcias em Destaque\" \/>\n<meta name=\"twitter:card\" content=\"summary_large_image\" \/>\n<meta name=\"twitter:label1\" content=\"Escrito por\" \/>\n\t<meta name=\"twitter:data1\" content=\"Not\u00edcias em Destaque\" \/>\n\t<meta name=\"twitter:label2\" content=\"Est. tempo de leitura\" \/>\n\t<meta name=\"twitter:data2\" content=\"1 minuto\" \/>\n<script type=\"application\/ld+json\" class=\"yoast-schema-graph\">{\"@context\":\"https:\/\/schema.org\",\"@graph\":[{\"@type\":\"Article\",\"@id\":\"https:\/\/noticiasemdestaque.com\/cd\/?p=470#article\",\"isPartOf\":{\"@id\":\"https:\/\/noticiasemdestaque.com\/cd\/?p=470\"},\"author\":{\"name\":\"Not\u00edcias em Destaque\",\"@id\":\"https:\/\/noticiasemdestaque.com\/cd\/#\/schema\/person\/47f7d4f55eec17c6b2ca036c5500f6ce\"},\"headline\":\"Governo espera injetar mais de R$ 134 milh\u00f5es na economia com parcela do d\u00e9cimo\",\"datePublished\":\"2017-06-13T16:51:59+00:00\",\"mainEntityOfPage\":{\"@id\":\"https:\/\/noticiasemdestaque.com\/cd\/?p=470\"},\"wordCount\":239,\"publisher\":{\"@id\":\"https:\/\/noticiasemdestaque.com\/cd\/#organization\"},\"image\":{\"@id\":\"https:\/\/noticiasemdestaque.com\/cd\/?p=470#primaryimage\"},\"thumbnailUrl\":\"https:\/\/noticiasemdestaque.com\/cd\/wp-content\/uploads\/2017\/06\/201706131125030000007049.jpg\",\"articleSection\":[\"Economia\"],\"inLanguage\":\"pt-BR\"},{\"@type\":\"WebPage\",\"@id\":\"https:\/\/noticiasemdestaque.com\/cd\/?p=470\",\"url\":\"https:\/\/noticiasemdestaque.com\/cd\/?p=470\",\"name\":\"Governo espera injetar mais de R$ 134 milh\u00f5es na economia com parcela do d\u00e9cimo - Not&iacute;cias em Destaque\",\"isPartOf\":{\"@id\":\"https:\/\/noticiasemdestaque.com\/cd\/#website\"},\"primaryImageOfPage\":{\"@id\":\"https:\/\/noticiasemdestaque.com\/cd\/?p=470#primaryimage\"},\"image\":{\"@id\":\"https:\/\/noticiasemdestaque.com\/cd\/?p=470#primaryimage\"},\"thumbnailUrl\":\"https:\/\/noticiasemdestaque.com\/cd\/wp-content\/uploads\/2017\/06\/201706131125030000007049.jpg\",\"datePublished\":\"2017-06-13T16:51:59+00:00\",\"breadcrumb\":{\"@id\":\"https:\/\/noticiasemdestaque.com\/cd\/?p=470#breadcrumb\"},\"inLanguage\":\"pt-BR\",\"potentialAction\":[{\"@type\":\"ReadAction\",\"target\":[\"https:\/\/noticiasemdestaque.com\/cd\/?p=470\"]}]},{\"@type\":\"ImageObject\",\"inLanguage\":\"pt-BR\",\"@id\":\"https:\/\/noticiasemdestaque.com\/cd\/?p=470#primaryimage\",\"url\":\"https:\/\/noticiasemdestaque.com\/cd\/wp-content\/uploads\/2017\/06\/201706131125030000007049.jpg\",\"contentUrl\":\"https:\/\/noticiasemdestaque.com\/cd\/wp-content\/uploads\/2017\/06\/201706131125030000007049.jpg\",\"width\":480,\"height\":350,\"caption\":\"Cr\u00e9ditos: Reprodu\u00e7\u00e3o \/ WEB\"},{\"@type\":\"BreadcrumbList\",\"@id\":\"https:\/\/noticiasemdestaque.com\/cd\/?p=470#breadcrumb\",\"itemListElement\":[{\"@type\":\"ListItem\",\"position\":1,\"name\":\"In\u00edcio\",\"item\":\"https:\/\/noticiasemdestaque.com\/cd\/\"},{\"@type\":\"ListItem\",\"position\":2,\"name\":\"Governo espera injetar mais de R$ 134 milh\u00f5es na economia com parcela do d\u00e9cimo\"}]},{\"@type\":\"WebSite\",\"@id\":\"https:\/\/noticiasemdestaque.com\/cd\/#website\",\"url\":\"https:\/\/noticiasemdestaque.com\/cd\/\",\"name\":\"Not&iacute;cias em Destaque\",\"description\":\"\",\"publisher\":{\"@id\":\"https:\/\/noticiasemdestaque.com\/cd\/#organization\"},\"potentialAction\":[{\"@type\":\"SearchAction\",\"target\":{\"@type\":\"EntryPoint\",\"urlTemplate\":\"https:\/\/noticiasemdestaque.com\/cd\/?s={search_term_string}\"},\"query-input\":{\"@type\":\"PropertyValueSpecification\",\"valueRequired\":true,\"valueName\":\"search_term_string\"}}],\"inLanguage\":\"pt-BR\"},{\"@type\":\"Organization\",\"@id\":\"https:\/\/noticiasemdestaque.com\/cd\/#organization\",\"name\":\"Not\u00edcias em Destaque\",\"url\":\"https:\/\/noticiasemdestaque.com\/cd\/\",\"logo\":{\"@type\":\"ImageObject\",\"inLanguage\":\"pt-BR\",\"@id\":\"https:\/\/noticiasemdestaque.com\/cd\/#\/schema\/logo\/image\/\",\"url\":\"https:\/\/noticiasemdestaque.com\/cd\/wp-content\/uploads\/2022\/05\/imagem-base-noticiasemdestaque.png\",\"contentUrl\":\"https:\/\/noticiasemdestaque.com\/cd\/wp-content\/uploads\/2022\/05\/imagem-base-noticiasemdestaque.png\",\"width\":1200,\"height\":630,\"caption\":\"Not\u00edcias em Destaque\"},\"image\":{\"@id\":\"https:\/\/noticiasemdestaque.com\/cd\/#\/schema\/logo\/image\/\"}},{\"@type\":\"Person\",\"@id\":\"https:\/\/noticiasemdestaque.com\/cd\/#\/schema\/person\/47f7d4f55eec17c6b2ca036c5500f6ce\",\"name\":\"Not\u00edcias em Destaque\",\"url\":\"https:\/\/noticiasemdestaque.com\/cd\/?author=2\"}]}<\/script>\n<!-- \/ Yoast SEO plugin. -->","yoast_head_json":{"title":"Governo espera injetar mais de R$ 134 milh\u00f5es na economia com parcela do d\u00e9cimo - Not&iacute;cias em Destaque","robots":{"index":"index","follow":"follow","max-snippet":"max-snippet:-1","max-image-preview":"max-image-preview:large","max-video-preview":"max-video-preview:-1"},"canonical":"https:\/\/noticiasemdestaque.com\/cd\/?p=470","og_locale":"pt_BR","og_type":"article","og_title":"Governo espera injetar mais de R$ 134 milh\u00f5es na economia com parcela do d\u00e9cimo - Not&iacute;cias em Destaque","og_description":"O pagamento da primeira parcela do 13\u00ba sal\u00e1rio dos servidores estaduais ativos e inativos, incluindo ainda funcion\u00e1rios e professores da Universidade Estadual da Para\u00edba (UEPB), ser\u00e1 efetuado pelo Governo do Estado nesta quarta-feira (14). Com isso, entram em circula\u00e7\u00e3o na economia paraibana mais de R$ 134 milh\u00f5es. De acordo com dados da Secretaria de Estado da Administra\u00e7\u00e3o (Sead), o pagamento da primeira parcela do 13\u00ba sal\u00e1rio aos servidores e professores da UEPB totaliza mais de R$ 7,49 milh\u00f5es, al\u00e9m de R$ 127 milh\u00f5es com os demais servidores. O an\u00fancio da primeira parcela do 13\u00ba sal\u00e1rio foi feito pelo governador Ricardo Coutinho no dia 5 deste m\u00eas. Na ocasi\u00e3o, Ricardo destacou que a medida \u00e9 adotada desde a sua primeira gest\u00e3o, em 2011. \u201c\u00c9 um compromisso que fazia ainda quando era prefeito, ativando o com\u00e9rcio. Neste dia 14, vou repassar, pela primeira vez, a metade do 13\u00ba sal\u00e1rio aos professores e aos funcion\u00e1rios da UEPB\u201d, pontuou. O chefe do Executivo paraibano destacou, ainda, que a decis\u00e3o de antecipar a primeira parcela do 13\u00ba sal\u00e1rio dos professores e servidores da UEPB foi tomada ainda no in\u00edcio do ano. \u201c\u00c9 uma quest\u00e3o de respeito para com os servidores e professores da UEPB\u201d, ressaltou. Cariri em Destaque com Assessoria","og_url":"https:\/\/noticiasemdestaque.com\/cd\/?p=470","og_site_name":"Not&iacute;cias em Destaque","article_published_time":"2017-06-13T16:51:59+00:00","og_image":[{"width":480,"height":350,"url":"https:\/\/noticiasemdestaque.com\/cd\/wp-content\/uploads\/2017\/06\/201706131125030000007049.jpg","type":"image\/jpeg"}],"author":"Not\u00edcias em Destaque","twitter_card":"summary_large_image","twitter_misc":{"Escrito por":"Not\u00edcias em Destaque","Est. tempo de leitura":"1 minuto"},"schema":{"@context":"https:\/\/schema.org","@graph":[{"@type":"Article","@id":"https:\/\/noticiasemdestaque.com\/cd\/?p=470#article","isPartOf":{"@id":"https:\/\/noticiasemdestaque.com\/cd\/?p=470"},"author":{"name":"Not\u00edcias em Destaque","@id":"https:\/\/noticiasemdestaque.com\/cd\/#\/schema\/person\/47f7d4f55eec17c6b2ca036c5500f6ce"},"headline":"Governo espera injetar mais de R$ 134 milh\u00f5es na economia com parcela do d\u00e9cimo","datePublished":"2017-06-13T16:51:59+00:00","mainEntityOfPage":{"@id":"https:\/\/noticiasemdestaque.com\/cd\/?p=470"},"wordCount":239,"publisher":{"@id":"https:\/\/noticiasemdestaque.com\/cd\/#organization"},"image":{"@id":"https:\/\/noticiasemdestaque.com\/cd\/?p=470#primaryimage"},"thumbnailUrl":"https:\/\/noticiasemdestaque.com\/cd\/wp-content\/uploads\/2017\/06\/201706131125030000007049.jpg","articleSection":["Economia"],"inLanguage":"pt-BR"},{"@type":"WebPage","@id":"https:\/\/noticiasemdestaque.com\/cd\/?p=470","url":"https:\/\/noticiasemdestaque.com\/cd\/?p=470","name":"Governo espera injetar mais de R$ 134 milh\u00f5es na economia com parcela do d\u00e9cimo - Not&iacute;cias em Destaque","isPartOf":{"@id":"https:\/\/noticiasemdestaque.com\/cd\/#website"},"primaryImageOfPage":{"@id":"https:\/\/noticiasemdestaque.com\/cd\/?p=470#primaryimage"},"image":{"@id":"https:\/\/noticiasemdestaque.com\/cd\/?p=470#primaryimage"},"thumbnailUrl":"https:\/\/noticiasemdestaque.com\/cd\/wp-content\/uploads\/2017\/06\/201706131125030000007049.jpg","datePublished":"2017-06-13T16:51:59+00:00","breadcrumb":{"@id":"https:\/\/noticiasemdestaque.com\/cd\/?p=470#breadcrumb"},"inLanguage":"pt-BR","potentialAction":[{"@type":"ReadAction","target":["https:\/\/noticiasemdestaque.com\/cd\/?p=470"]}]},{"@type":"ImageObject","inLanguage":"pt-BR","@id":"https:\/\/noticiasemdestaque.com\/cd\/?p=470#primaryimage","url":"https:\/\/noticiasemdestaque.com\/cd\/wp-content\/uploads\/2017\/06\/201706131125030000007049.jpg","contentUrl":"https:\/\/noticiasemdestaque.com\/cd\/wp-content\/uploads\/2017\/06\/201706131125030000007049.jpg","width":480,"height":350,"caption":"Cr\u00e9ditos: Reprodu\u00e7\u00e3o \/ WEB"},{"@type":"BreadcrumbList","@id":"https:\/\/noticiasemdestaque.com\/cd\/?p=470#breadcrumb","itemListElement":[{"@type":"ListItem","position":1,"name":"In\u00edcio","item":"https:\/\/noticiasemdestaque.com\/cd\/"},{"@type":"ListItem","position":2,"name":"Governo espera injetar mais de R$ 134 milh\u00f5es na economia com parcela do d\u00e9cimo"}]},{"@type":"WebSite","@id":"https:\/\/noticiasemdestaque.com\/cd\/#website","url":"https:\/\/noticiasemdestaque.com\/cd\/","name":"Not&iacute;cias em Destaque","description":"","publisher":{"@id":"https:\/\/noticiasemdestaque.com\/cd\/#organization"},"potentialAction":[{"@type":"SearchAction","target":{"@type":"EntryPoint","urlTemplate":"https:\/\/noticiasemdestaque.com\/cd\/?s={search_term_string}"},"query-input":{"@type":"PropertyValueSpecification","valueRequired":true,"valueName":"search_term_string"}}],"inLanguage":"pt-BR"},{"@type":"Organization","@id":"https:\/\/noticiasemdestaque.com\/cd\/#organization","name":"Not\u00edcias em Destaque","url":"https:\/\/noticiasemdestaque.com\/cd\/","logo":{"@type":"ImageObject","inLanguage":"pt-BR","@id":"https:\/\/noticiasemdestaque.com\/cd\/#\/schema\/logo\/image\/","url":"https:\/\/noticiasemdestaque.com\/cd\/wp-content\/uploads\/2022\/05\/imagem-base-noticiasemdestaque.png","contentUrl":"https:\/\/noticiasemdestaque.com\/cd\/wp-content\/uploads\/2022\/05\/imagem-base-noticiasemdestaque.png","width":1200,"height":630,"caption":"Not\u00edcias em Destaque"},"image":{"@id":"https:\/\/noticiasemdestaque.com\/cd\/#\/schema\/logo\/image\/"}},{"@type":"Person","@id":"https:\/\/noticiasemdestaque.com\/cd\/#\/schema\/person\/47f7d4f55eec17c6b2ca036c5500f6ce","name":"Not\u00edcias em Destaque","url":"https:\/\/noticiasemdestaque.com\/cd\/?author=2"}]}},"jetpack_featured_media_url":"https:\/\/noticiasemdestaque.com\/cd\/wp-content\/uploads\/2017\/06\/201706131125030000007049.jpg","jetpack_sharing_enabled":true,"_links":{"self":[{"href":"https:\/\/noticiasemdestaque.com\/cd\/index.php?rest_route=\/wp\/v2\/posts\/470","targetHints":{"allow":["GET"]}}],"collection":[{"href":"https:\/\/noticiasemdestaque.com\/cd\/index.php?rest_route=\/wp\/v2\/posts"}],"about":[{"href":"https:\/\/noticiasemdestaque.com\/cd\/index.php?rest_route=\/wp\/v2\/types\/post"}],"author":[{"embeddable":true,"href":"https:\/\/noticiasemdestaque.com\/cd\/index.php?rest_route=\/wp\/v2\/users\/2"}],"replies":[{"embeddable":true,"href":"https:\/\/noticiasemdestaque.com\/cd\/index.php?rest_route=%2Fwp%2Fv2%2Fcomments&post=470"}],"version-history":[{"count":1,"href":"https:\/\/noticiasemdestaque.com\/cd\/index.php?rest_route=\/wp\/v2\/posts\/470\/revisions"}],"predecessor-version":[{"id":472,"href":"https:\/\/noticiasemdestaque.com\/cd\/index.php?rest_route=\/wp\/v2\/posts\/470\/revisions\/472"}],"wp:featuredmedia":[{"embeddable":true,"href":"https:\/\/noticiasemdestaque.com\/cd\/index.php?rest_route=\/wp\/v2\/media\/471"}],"wp:attachment":[{"href":"https:\/\/noticiasemdestaque.com\/cd\/index.php?rest_route=%2Fwp%2Fv2%2Fmedia&parent=470"}],"wp:term":[{"taxonomy":"category","embeddable":true,"href":"https:\/\/noticiasemdestaque.com\/cd\/index.php?rest_route=%2Fwp%2Fv2%2Fcategories&post=470"},{"taxonomy":"post_tag","embeddable":true,"href":"https:\/\/noticiasemdestaque.com\/cd\/index.php?rest_route=%2Fwp%2Fv2%2Ftags&post=470"}],"curies":[{"name":"wp","href":"https:\/\/api.w.org\/{rel}","templated":true}]}}