{"id":4667,"date":"2017-09-26T14:08:52","date_gmt":"2017-09-26T17:08:52","guid":{"rendered":"http:\/\/caririemdestaque.com\/cd\/?p=4667"},"modified":"2017-09-26T14:08:52","modified_gmt":"2017-09-26T17:08:52","slug":"uepb-mestrado-em-ciencias-agrarias-abre-selecao-para-preenchimento-de-15-vagas-na-turma-2018","status":"publish","type":"post","link":"https:\/\/noticiasemdestaque.com\/cd\/?p=4667","title":{"rendered":"UEPB: Mestrado em Ci\u00eancias Agr\u00e1rias abre sele\u00e7\u00e3o para preenchimento de 15 vagas na Turma 2018"},"content":{"rendered":"<p>&nbsp;<\/p>\n<p><a href=\"http:\/\/caririemdestaque.com\/cd\/wp-content\/uploads\/2017\/09\/concurso-2.jpg\"><img decoding=\"async\" class=\"size-thumbnail wp-image-4668 alignleft\" src=\"http:\/\/caririemdestaque.com\/cd\/wp-content\/uploads\/2017\/09\/concurso-2-150x150.jpg\" alt=\"\" width=\"150\" height=\"150\" \/><\/a>O Programa de P\u00f3s-Gradua\u00e7\u00e3o em Ci\u00eancias Agr\u00e1rias (PPGCA) da Universidade Estadual da Para\u00edba (UEPB), realizado em parceria com a Embrapa Algod\u00e3o, divulgou edital de sele\u00e7\u00e3o para preenchimento de 15 vagas destinadas \u00e0 forma\u00e7\u00e3o da turma 2018 do Mestrado.<\/p>\n<p>As inscri\u00e7\u00f5es est\u00e3o abertas at\u00e9 o dia 22 de outubro, atrav\u00e9s do endere\u00e7o \u00a0\u00a0eletr\u00f4nico\u00a0<a href=\"https:\/\/academico.uepb.edu.br\/mestrado\/index.php\/inscricoes\">https:\/\/academico.uepb.edu.br\/mestrado\/index.php\/inscricoes<\/a>. O Mestrado em Ci\u00eancias Agr\u00e1rias estrutura-se na \u00e1rea de concentra\u00e7\u00e3o \u201cAgrobioenergia e Agricultura Familiar\u201d, com as linhas de pesquisa \u201cEnergias Renov\u00e1veis e Biocombust\u00edveis\u201d, \u201cAgricultura Familiar e Sustentabilidade\u201d e \u201cBiotecnologia e Melhoramento Vegetal\u201d.<\/p>\n<p>Para se inscrever o interessado deve apresentar os seguintes documentos na Secretaria do curso, localizada na Central de Integra\u00e7\u00e3o Acad\u00eamica, 3\u00ba Andar, sala 310: uma fotografia 3\u00d74, ficha de inscri\u00e7\u00e3o, c\u00f3pia do documento de identidade, c\u00f3pia do documento de CPF, c\u00f3pia de t\u00edtulo de eleitor e comprovante de vota\u00e7\u00e3o da \u00faltima elei\u00e7\u00e3o ou comprovante de quita\u00e7\u00e3o eleitoral, c\u00f3pia da reservista, c\u00f3pia do diploma de gradua\u00e7\u00e3o, c\u00f3pia do hist\u00f3rico acad\u00eamico de Gradua\u00e7\u00e3o, Curr\u00edculo Lattes com c\u00f3pias dos documentos comprobat\u00f3rios, al\u00e9m de planilha de pontua\u00e7\u00e3o devidamente preenchida.<\/p>\n<p>A prova escrita da sele\u00e7\u00e3o est\u00e1 marcada para acontecer em 9 de novembro, enquanto seu resultado ser\u00e1 publicado no dia 17 do mesmo m\u00eas. As entrevistas acontecer\u00e3o durante os dias 22 e 23 de novembro, a profici\u00eancia em ingl\u00eas ser\u00e1 aplicada em 5 de dezembro e o resultado final ser\u00e1 divulgado no dia 15 de dezembro. Outras informa\u00e7\u00f5es podem ser obtidas pelo edital completo clicando\u00a0<a href=\"http:\/\/www.uepb.edu.br\/download\/3_cursos_p%C3%93s-gradua%C3%87%C3%83o_-_sele%C3%87%C3%83o\/Pos-Graduacao-em-Ciencias-Agrarias-Turma-2018-EDITAL.pdf\">AQUI<\/a>.<\/p>\n<p><em><strong>Cariri em Destaque<\/strong><\/em><\/p>\n<p>Com Ascom<\/p>\n<p>&nbsp;<\/p>\n","protected":false},"excerpt":{"rendered":"<p>&nbsp; O Programa de P\u00f3s-Gradua\u00e7\u00e3o em Ci\u00eancias Agr\u00e1rias (PPGCA) da Universidade Estadual da Para\u00edba (UEPB), realizado em parceria com a Embrapa Algod\u00e3o, divulgou edital de sele\u00e7\u00e3o para preenchimento de 15 vagas destinadas \u00e0 forma\u00e7\u00e3o da turma 2018 do Mestrado. As inscri\u00e7\u00f5es est\u00e3o abertas at\u00e9 o dia 22 de outubro, atrav\u00e9s do endere\u00e7o \u00a0\u00a0eletr\u00f4nico\u00a0https:\/\/academico.uepb.edu.br\/mestrado\/index.php\/inscricoes. O Mestrado em Ci\u00eancias Agr\u00e1rias estrutura-se na \u00e1rea de concentra\u00e7\u00e3o \u201cAgrobioenergia e Agricultura Familiar\u201d, com as linhas de pesquisa \u201cEnergias Renov\u00e1veis e Biocombust\u00edveis\u201d, \u201cAgricultura Familiar e Sustentabilidade\u201d e \u201cBiotecnologia e Melhoramento Vegetal\u201d. Para se inscrever o interessado deve apresentar os seguintes documentos na Secretaria do curso, localizada na Central de Integra\u00e7\u00e3o Acad\u00eamica, 3\u00ba Andar, sala 310: uma fotografia 3\u00d74, ficha de inscri\u00e7\u00e3o, c\u00f3pia do documento de identidade, c\u00f3pia do documento de CPF, c\u00f3pia de t\u00edtulo de eleitor e comprovante de vota\u00e7\u00e3o da \u00faltima elei\u00e7\u00e3o ou comprovante de quita\u00e7\u00e3o eleitoral, c\u00f3pia da reservista, c\u00f3pia do diploma de gradua\u00e7\u00e3o, c\u00f3pia do hist\u00f3rico acad\u00eamico de Gradua\u00e7\u00e3o, Curr\u00edculo Lattes com c\u00f3pias dos documentos comprobat\u00f3rios, al\u00e9m de planilha de pontua\u00e7\u00e3o devidamente preenchida. A prova escrita da sele\u00e7\u00e3o est\u00e1 marcada para acontecer em 9 de novembro, enquanto seu resultado ser\u00e1 publicado no dia 17 do mesmo m\u00eas. As entrevistas acontecer\u00e3o durante os dias 22 e 23 de novembro, a profici\u00eancia em ingl\u00eas ser\u00e1 aplicada em 5 de dezembro e o resultado final ser\u00e1 divulgado no dia 15 de dezembro. Outras informa\u00e7\u00f5es podem ser obtidas pelo edital completo clicando\u00a0AQUI. Cariri em Destaque Com Ascom &nbsp;<\/p>\n","protected":false},"author":2,"featured_media":4668,"comment_status":"closed","ping_status":"open","sticky":false,"template":"","format":"standard","meta":{"_eb_attr":"","_jetpack_memberships_contains_paid_content":false,"footnotes":""},"categories":[6],"tags":[],"class_list":["post-4667","post","type-post","status-publish","format-standard","has-post-thumbnail","hentry","category-educacao"],"yoast_head":"<!-- This site is optimized with the Yoast SEO plugin v26.5 - https:\/\/yoast.com\/wordpress\/plugins\/seo\/ -->\n<title>UEPB: Mestrado em Ci\u00eancias Agr\u00e1rias abre sele\u00e7\u00e3o para preenchimento de 15 vagas na Turma 2018 - Not&iacute;cias em Destaque<\/title>\n<meta name=\"robots\" content=\"index, follow, max-snippet:-1, max-image-preview:large, max-video-preview:-1\" \/>\n<link rel=\"canonical\" href=\"https:\/\/noticiasemdestaque.com\/cd\/?p=4667\" \/>\n<meta property=\"og:locale\" content=\"pt_BR\" \/>\n<meta property=\"og:type\" content=\"article\" \/>\n<meta property=\"og:title\" content=\"UEPB: Mestrado em Ci\u00eancias Agr\u00e1rias abre sele\u00e7\u00e3o para preenchimento de 15 vagas na Turma 2018 - Not&iacute;cias em Destaque\" \/>\n<meta property=\"og:description\" content=\"&nbsp; O Programa de P\u00f3s-Gradua\u00e7\u00e3o em Ci\u00eancias Agr\u00e1rias (PPGCA) da Universidade Estadual da Para\u00edba (UEPB), realizado em parceria com a Embrapa Algod\u00e3o, divulgou edital de sele\u00e7\u00e3o para preenchimento de 15 vagas destinadas \u00e0 forma\u00e7\u00e3o da turma 2018 do Mestrado. As inscri\u00e7\u00f5es est\u00e3o abertas at\u00e9 o dia 22 de outubro, atrav\u00e9s do endere\u00e7o \u00a0\u00a0eletr\u00f4nico\u00a0https:\/\/academico.uepb.edu.br\/mestrado\/index.php\/inscricoes. O Mestrado em Ci\u00eancias Agr\u00e1rias estrutura-se na \u00e1rea de concentra\u00e7\u00e3o \u201cAgrobioenergia e Agricultura Familiar\u201d, com as linhas de pesquisa \u201cEnergias Renov\u00e1veis e Biocombust\u00edveis\u201d, \u201cAgricultura Familiar e Sustentabilidade\u201d e \u201cBiotecnologia e Melhoramento Vegetal\u201d. Para se inscrever o interessado deve apresentar os seguintes documentos na Secretaria do curso, localizada na Central de Integra\u00e7\u00e3o Acad\u00eamica, 3\u00ba Andar, sala 310: uma fotografia 3\u00d74, ficha de inscri\u00e7\u00e3o, c\u00f3pia do documento de identidade, c\u00f3pia do documento de CPF, c\u00f3pia de t\u00edtulo de eleitor e comprovante de vota\u00e7\u00e3o da \u00faltima elei\u00e7\u00e3o ou comprovante de quita\u00e7\u00e3o eleitoral, c\u00f3pia da reservista, c\u00f3pia do diploma de gradua\u00e7\u00e3o, c\u00f3pia do hist\u00f3rico acad\u00eamico de Gradua\u00e7\u00e3o, Curr\u00edculo Lattes com c\u00f3pias dos documentos comprobat\u00f3rios, al\u00e9m de planilha de pontua\u00e7\u00e3o devidamente preenchida. A prova escrita da sele\u00e7\u00e3o est\u00e1 marcada para acontecer em 9 de novembro, enquanto seu resultado ser\u00e1 publicado no dia 17 do mesmo m\u00eas. As entrevistas acontecer\u00e3o durante os dias 22 e 23 de novembro, a profici\u00eancia em ingl\u00eas ser\u00e1 aplicada em 5 de dezembro e o resultado final ser\u00e1 divulgado no dia 15 de dezembro. Outras informa\u00e7\u00f5es podem ser obtidas pelo edital completo clicando\u00a0AQUI. Cariri em Destaque Com Ascom &nbsp;\" \/>\n<meta property=\"og:url\" content=\"https:\/\/noticiasemdestaque.com\/cd\/?p=4667\" \/>\n<meta property=\"og:site_name\" content=\"Not&iacute;cias em Destaque\" \/>\n<meta property=\"article:published_time\" content=\"2017-09-26T17:08:52+00:00\" \/>\n<meta property=\"og:image\" content=\"https:\/\/noticiasemdestaque.com\/cd\/wp-content\/uploads\/2017\/09\/concurso-2.jpg\" \/>\n\t<meta property=\"og:image:width\" content=\"405\" \/>\n\t<meta property=\"og:image:height\" content=\"270\" \/>\n\t<meta property=\"og:image:type\" content=\"image\/jpeg\" \/>\n<meta name=\"author\" content=\"Not\u00edcias em Destaque\" \/>\n<meta name=\"twitter:card\" content=\"summary_large_image\" \/>\n<meta name=\"twitter:label1\" content=\"Escrito por\" \/>\n\t<meta name=\"twitter:data1\" content=\"Not\u00edcias em Destaque\" \/>\n\t<meta name=\"twitter:label2\" content=\"Est. tempo de leitura\" \/>\n\t<meta name=\"twitter:data2\" content=\"1 minuto\" \/>\n<script type=\"application\/ld+json\" class=\"yoast-schema-graph\">{\"@context\":\"https:\/\/schema.org\",\"@graph\":[{\"@type\":\"Article\",\"@id\":\"https:\/\/noticiasemdestaque.com\/cd\/?p=4667#article\",\"isPartOf\":{\"@id\":\"https:\/\/noticiasemdestaque.com\/cd\/?p=4667\"},\"author\":{\"name\":\"Not\u00edcias em Destaque\",\"@id\":\"https:\/\/noticiasemdestaque.com\/cd\/#\/schema\/person\/21320b03a7e8bb90128938dafc9b908a\"},\"headline\":\"UEPB: Mestrado em Ci\u00eancias Agr\u00e1rias abre sele\u00e7\u00e3o para preenchimento de 15 vagas na Turma 2018\",\"datePublished\":\"2017-09-26T17:08:52+00:00\",\"mainEntityOfPage\":{\"@id\":\"https:\/\/noticiasemdestaque.com\/cd\/?p=4667\"},\"wordCount\":300,\"publisher\":{\"@id\":\"https:\/\/noticiasemdestaque.com\/cd\/#organization\"},\"image\":{\"@id\":\"https:\/\/noticiasemdestaque.com\/cd\/?p=4667#primaryimage\"},\"thumbnailUrl\":\"https:\/\/noticiasemdestaque.com\/cd\/wp-content\/uploads\/2017\/09\/concurso-2.jpg\",\"articleSection\":[\"Educa\u00e7\u00e3o\"],\"inLanguage\":\"pt-BR\"},{\"@type\":\"WebPage\",\"@id\":\"https:\/\/noticiasemdestaque.com\/cd\/?p=4667\",\"url\":\"https:\/\/noticiasemdestaque.com\/cd\/?p=4667\",\"name\":\"UEPB: Mestrado em Ci\u00eancias Agr\u00e1rias abre sele\u00e7\u00e3o para preenchimento de 15 vagas na Turma 2018 - Not&iacute;cias em Destaque\",\"isPartOf\":{\"@id\":\"https:\/\/noticiasemdestaque.com\/cd\/#website\"},\"primaryImageOfPage\":{\"@id\":\"https:\/\/noticiasemdestaque.com\/cd\/?p=4667#primaryimage\"},\"image\":{\"@id\":\"https:\/\/noticiasemdestaque.com\/cd\/?p=4667#primaryimage\"},\"thumbnailUrl\":\"https:\/\/noticiasemdestaque.com\/cd\/wp-content\/uploads\/2017\/09\/concurso-2.jpg\",\"datePublished\":\"2017-09-26T17:08:52+00:00\",\"breadcrumb\":{\"@id\":\"https:\/\/noticiasemdestaque.com\/cd\/?p=4667#breadcrumb\"},\"inLanguage\":\"pt-BR\",\"potentialAction\":[{\"@type\":\"ReadAction\",\"target\":[\"https:\/\/noticiasemdestaque.com\/cd\/?p=4667\"]}]},{\"@type\":\"ImageObject\",\"inLanguage\":\"pt-BR\",\"@id\":\"https:\/\/noticiasemdestaque.com\/cd\/?p=4667#primaryimage\",\"url\":\"https:\/\/noticiasemdestaque.com\/cd\/wp-content\/uploads\/2017\/09\/concurso-2.jpg\",\"contentUrl\":\"https:\/\/noticiasemdestaque.com\/cd\/wp-content\/uploads\/2017\/09\/concurso-2.jpg\",\"width\":405,\"height\":270},{\"@type\":\"BreadcrumbList\",\"@id\":\"https:\/\/noticiasemdestaque.com\/cd\/?p=4667#breadcrumb\",\"itemListElement\":[{\"@type\":\"ListItem\",\"position\":1,\"name\":\"In\u00edcio\",\"item\":\"https:\/\/noticiasemdestaque.com\/cd\/\"},{\"@type\":\"ListItem\",\"position\":2,\"name\":\"UEPB: Mestrado em Ci\u00eancias Agr\u00e1rias abre sele\u00e7\u00e3o para preenchimento de 15 vagas na Turma 2018\"}]},{\"@type\":\"WebSite\",\"@id\":\"https:\/\/noticiasemdestaque.com\/cd\/#website\",\"url\":\"https:\/\/noticiasemdestaque.com\/cd\/\",\"name\":\"Not&iacute;cias em Destaque\",\"description\":\"\",\"publisher\":{\"@id\":\"https:\/\/noticiasemdestaque.com\/cd\/#organization\"},\"potentialAction\":[{\"@type\":\"SearchAction\",\"target\":{\"@type\":\"EntryPoint\",\"urlTemplate\":\"https:\/\/noticiasemdestaque.com\/cd\/?s={search_term_string}\"},\"query-input\":{\"@type\":\"PropertyValueSpecification\",\"valueRequired\":true,\"valueName\":\"search_term_string\"}}],\"inLanguage\":\"pt-BR\"},{\"@type\":\"Organization\",\"@id\":\"https:\/\/noticiasemdestaque.com\/cd\/#organization\",\"name\":\"Not\u00edcias em Destaque\",\"url\":\"https:\/\/noticiasemdestaque.com\/cd\/\",\"logo\":{\"@type\":\"ImageObject\",\"inLanguage\":\"pt-BR\",\"@id\":\"https:\/\/noticiasemdestaque.com\/cd\/#\/schema\/logo\/image\/\",\"url\":\"https:\/\/noticiasemdestaque.com\/cd\/wp-content\/uploads\/2022\/05\/imagem-base-noticiasemdestaque.png\",\"contentUrl\":\"https:\/\/noticiasemdestaque.com\/cd\/wp-content\/uploads\/2022\/05\/imagem-base-noticiasemdestaque.png\",\"width\":1200,\"height\":630,\"caption\":\"Not\u00edcias em Destaque\"},\"image\":{\"@id\":\"https:\/\/noticiasemdestaque.com\/cd\/#\/schema\/logo\/image\/\"}},{\"@type\":\"Person\",\"@id\":\"https:\/\/noticiasemdestaque.com\/cd\/#\/schema\/person\/21320b03a7e8bb90128938dafc9b908a\",\"name\":\"Not\u00edcias em Destaque\",\"url\":\"https:\/\/noticiasemdestaque.com\/cd\/?author=2\"}]}<\/script>\n<!-- \/ Yoast SEO plugin. -->","yoast_head_json":{"title":"UEPB: Mestrado em Ci\u00eancias Agr\u00e1rias abre sele\u00e7\u00e3o para preenchimento de 15 vagas na Turma 2018 - Not&iacute;cias em Destaque","robots":{"index":"index","follow":"follow","max-snippet":"max-snippet:-1","max-image-preview":"max-image-preview:large","max-video-preview":"max-video-preview:-1"},"canonical":"https:\/\/noticiasemdestaque.com\/cd\/?p=4667","og_locale":"pt_BR","og_type":"article","og_title":"UEPB: Mestrado em Ci\u00eancias Agr\u00e1rias abre sele\u00e7\u00e3o para preenchimento de 15 vagas na Turma 2018 - Not&iacute;cias em Destaque","og_description":"&nbsp; O Programa de P\u00f3s-Gradua\u00e7\u00e3o em Ci\u00eancias Agr\u00e1rias (PPGCA) da Universidade Estadual da Para\u00edba (UEPB), realizado em parceria com a Embrapa Algod\u00e3o, divulgou edital de sele\u00e7\u00e3o para preenchimento de 15 vagas destinadas \u00e0 forma\u00e7\u00e3o da turma 2018 do Mestrado. As inscri\u00e7\u00f5es est\u00e3o abertas at\u00e9 o dia 22 de outubro, atrav\u00e9s do endere\u00e7o \u00a0\u00a0eletr\u00f4nico\u00a0https:\/\/academico.uepb.edu.br\/mestrado\/index.php\/inscricoes. O Mestrado em Ci\u00eancias Agr\u00e1rias estrutura-se na \u00e1rea de concentra\u00e7\u00e3o \u201cAgrobioenergia e Agricultura Familiar\u201d, com as linhas de pesquisa \u201cEnergias Renov\u00e1veis e Biocombust\u00edveis\u201d, \u201cAgricultura Familiar e Sustentabilidade\u201d e \u201cBiotecnologia e Melhoramento Vegetal\u201d. Para se inscrever o interessado deve apresentar os seguintes documentos na Secretaria do curso, localizada na Central de Integra\u00e7\u00e3o Acad\u00eamica, 3\u00ba Andar, sala 310: uma fotografia 3\u00d74, ficha de inscri\u00e7\u00e3o, c\u00f3pia do documento de identidade, c\u00f3pia do documento de CPF, c\u00f3pia de t\u00edtulo de eleitor e comprovante de vota\u00e7\u00e3o da \u00faltima elei\u00e7\u00e3o ou comprovante de quita\u00e7\u00e3o eleitoral, c\u00f3pia da reservista, c\u00f3pia do diploma de gradua\u00e7\u00e3o, c\u00f3pia do hist\u00f3rico acad\u00eamico de Gradua\u00e7\u00e3o, Curr\u00edculo Lattes com c\u00f3pias dos documentos comprobat\u00f3rios, al\u00e9m de planilha de pontua\u00e7\u00e3o devidamente preenchida. A prova escrita da sele\u00e7\u00e3o est\u00e1 marcada para acontecer em 9 de novembro, enquanto seu resultado ser\u00e1 publicado no dia 17 do mesmo m\u00eas. As entrevistas acontecer\u00e3o durante os dias 22 e 23 de novembro, a profici\u00eancia em ingl\u00eas ser\u00e1 aplicada em 5 de dezembro e o resultado final ser\u00e1 divulgado no dia 15 de dezembro. Outras informa\u00e7\u00f5es podem ser obtidas pelo edital completo clicando\u00a0AQUI. Cariri em Destaque Com Ascom &nbsp;","og_url":"https:\/\/noticiasemdestaque.com\/cd\/?p=4667","og_site_name":"Not&iacute;cias em Destaque","article_published_time":"2017-09-26T17:08:52+00:00","og_image":[{"width":405,"height":270,"url":"https:\/\/noticiasemdestaque.com\/cd\/wp-content\/uploads\/2017\/09\/concurso-2.jpg","type":"image\/jpeg"}],"author":"Not\u00edcias em Destaque","twitter_card":"summary_large_image","twitter_misc":{"Escrito por":"Not\u00edcias em Destaque","Est. tempo de leitura":"1 minuto"},"schema":{"@context":"https:\/\/schema.org","@graph":[{"@type":"Article","@id":"https:\/\/noticiasemdestaque.com\/cd\/?p=4667#article","isPartOf":{"@id":"https:\/\/noticiasemdestaque.com\/cd\/?p=4667"},"author":{"name":"Not\u00edcias em Destaque","@id":"https:\/\/noticiasemdestaque.com\/cd\/#\/schema\/person\/21320b03a7e8bb90128938dafc9b908a"},"headline":"UEPB: Mestrado em Ci\u00eancias Agr\u00e1rias abre sele\u00e7\u00e3o para preenchimento de 15 vagas na Turma 2018","datePublished":"2017-09-26T17:08:52+00:00","mainEntityOfPage":{"@id":"https:\/\/noticiasemdestaque.com\/cd\/?p=4667"},"wordCount":300,"publisher":{"@id":"https:\/\/noticiasemdestaque.com\/cd\/#organization"},"image":{"@id":"https:\/\/noticiasemdestaque.com\/cd\/?p=4667#primaryimage"},"thumbnailUrl":"https:\/\/noticiasemdestaque.com\/cd\/wp-content\/uploads\/2017\/09\/concurso-2.jpg","articleSection":["Educa\u00e7\u00e3o"],"inLanguage":"pt-BR"},{"@type":"WebPage","@id":"https:\/\/noticiasemdestaque.com\/cd\/?p=4667","url":"https:\/\/noticiasemdestaque.com\/cd\/?p=4667","name":"UEPB: Mestrado em Ci\u00eancias Agr\u00e1rias abre sele\u00e7\u00e3o para preenchimento de 15 vagas na Turma 2018 - Not&iacute;cias em Destaque","isPartOf":{"@id":"https:\/\/noticiasemdestaque.com\/cd\/#website"},"primaryImageOfPage":{"@id":"https:\/\/noticiasemdestaque.com\/cd\/?p=4667#primaryimage"},"image":{"@id":"https:\/\/noticiasemdestaque.com\/cd\/?p=4667#primaryimage"},"thumbnailUrl":"https:\/\/noticiasemdestaque.com\/cd\/wp-content\/uploads\/2017\/09\/concurso-2.jpg","datePublished":"2017-09-26T17:08:52+00:00","breadcrumb":{"@id":"https:\/\/noticiasemdestaque.com\/cd\/?p=4667#breadcrumb"},"inLanguage":"pt-BR","potentialAction":[{"@type":"ReadAction","target":["https:\/\/noticiasemdestaque.com\/cd\/?p=4667"]}]},{"@type":"ImageObject","inLanguage":"pt-BR","@id":"https:\/\/noticiasemdestaque.com\/cd\/?p=4667#primaryimage","url":"https:\/\/noticiasemdestaque.com\/cd\/wp-content\/uploads\/2017\/09\/concurso-2.jpg","contentUrl":"https:\/\/noticiasemdestaque.com\/cd\/wp-content\/uploads\/2017\/09\/concurso-2.jpg","width":405,"height":270},{"@type":"BreadcrumbList","@id":"https:\/\/noticiasemdestaque.com\/cd\/?p=4667#breadcrumb","itemListElement":[{"@type":"ListItem","position":1,"name":"In\u00edcio","item":"https:\/\/noticiasemdestaque.com\/cd\/"},{"@type":"ListItem","position":2,"name":"UEPB: Mestrado em Ci\u00eancias Agr\u00e1rias abre sele\u00e7\u00e3o para preenchimento de 15 vagas na Turma 2018"}]},{"@type":"WebSite","@id":"https:\/\/noticiasemdestaque.com\/cd\/#website","url":"https:\/\/noticiasemdestaque.com\/cd\/","name":"Not&iacute;cias em Destaque","description":"","publisher":{"@id":"https:\/\/noticiasemdestaque.com\/cd\/#organization"},"potentialAction":[{"@type":"SearchAction","target":{"@type":"EntryPoint","urlTemplate":"https:\/\/noticiasemdestaque.com\/cd\/?s={search_term_string}"},"query-input":{"@type":"PropertyValueSpecification","valueRequired":true,"valueName":"search_term_string"}}],"inLanguage":"pt-BR"},{"@type":"Organization","@id":"https:\/\/noticiasemdestaque.com\/cd\/#organization","name":"Not\u00edcias em Destaque","url":"https:\/\/noticiasemdestaque.com\/cd\/","logo":{"@type":"ImageObject","inLanguage":"pt-BR","@id":"https:\/\/noticiasemdestaque.com\/cd\/#\/schema\/logo\/image\/","url":"https:\/\/noticiasemdestaque.com\/cd\/wp-content\/uploads\/2022\/05\/imagem-base-noticiasemdestaque.png","contentUrl":"https:\/\/noticiasemdestaque.com\/cd\/wp-content\/uploads\/2022\/05\/imagem-base-noticiasemdestaque.png","width":1200,"height":630,"caption":"Not\u00edcias em Destaque"},"image":{"@id":"https:\/\/noticiasemdestaque.com\/cd\/#\/schema\/logo\/image\/"}},{"@type":"Person","@id":"https:\/\/noticiasemdestaque.com\/cd\/#\/schema\/person\/21320b03a7e8bb90128938dafc9b908a","name":"Not\u00edcias em Destaque","url":"https:\/\/noticiasemdestaque.com\/cd\/?author=2"}]}},"jetpack_featured_media_url":"https:\/\/noticiasemdestaque.com\/cd\/wp-content\/uploads\/2017\/09\/concurso-2.jpg","jetpack_sharing_enabled":true,"_links":{"self":[{"href":"https:\/\/noticiasemdestaque.com\/cd\/index.php?rest_route=\/wp\/v2\/posts\/4667","targetHints":{"allow":["GET"]}}],"collection":[{"href":"https:\/\/noticiasemdestaque.com\/cd\/index.php?rest_route=\/wp\/v2\/posts"}],"about":[{"href":"https:\/\/noticiasemdestaque.com\/cd\/index.php?rest_route=\/wp\/v2\/types\/post"}],"author":[{"embeddable":true,"href":"https:\/\/noticiasemdestaque.com\/cd\/index.php?rest_route=\/wp\/v2\/users\/2"}],"replies":[{"embeddable":true,"href":"https:\/\/noticiasemdestaque.com\/cd\/index.php?rest_route=%2Fwp%2Fv2%2Fcomments&post=4667"}],"version-history":[{"count":1,"href":"https:\/\/noticiasemdestaque.com\/cd\/index.php?rest_route=\/wp\/v2\/posts\/4667\/revisions"}],"predecessor-version":[{"id":4669,"href":"https:\/\/noticiasemdestaque.com\/cd\/index.php?rest_route=\/wp\/v2\/posts\/4667\/revisions\/4669"}],"wp:featuredmedia":[{"embeddable":true,"href":"https:\/\/noticiasemdestaque.com\/cd\/index.php?rest_route=\/wp\/v2\/media\/4668"}],"wp:attachment":[{"href":"https:\/\/noticiasemdestaque.com\/cd\/index.php?rest_route=%2Fwp%2Fv2%2Fmedia&parent=4667"}],"wp:term":[{"taxonomy":"category","embeddable":true,"href":"https:\/\/noticiasemdestaque.com\/cd\/index.php?rest_route=%2Fwp%2Fv2%2Fcategories&post=4667"},{"taxonomy":"post_tag","embeddable":true,"href":"https:\/\/noticiasemdestaque.com\/cd\/index.php?rest_route=%2Fwp%2Fv2%2Ftags&post=4667"}],"curies":[{"name":"wp","href":"https:\/\/api.w.org\/{rel}","templated":true}]}}