{"id":4664,"date":"2017-09-26T13:58:03","date_gmt":"2017-09-26T16:58:03","guid":{"rendered":"http:\/\/caririemdestaque.com\/cd\/?p=4664"},"modified":"2017-09-26T13:58:03","modified_gmt":"2017-09-26T16:58:03","slug":"trf4-aumenta-pena-de-dirceu-e-absolve-vaccari-em-apelacao-da-lava-jato","status":"publish","type":"post","link":"https:\/\/noticiasemdestaque.com\/cd\/?p=4664","title":{"rendered":"TRF4 aumenta pena de Dirceu e absolve Vaccari em apela\u00e7\u00e3o da Lava Jato"},"content":{"rendered":"<figure id=\"attachment_4665\" aria-describedby=\"caption-attachment-4665\" style=\"width: 150px\" class=\"wp-caption alignleft\"><a href=\"http:\/\/caririemdestaque.com\/cd\/wp-content\/uploads\/2017\/09\/935340-dirceu_tribunal-1-6.jpg\"><img decoding=\"async\" class=\"size-thumbnail wp-image-4665\" src=\"http:\/\/caririemdestaque.com\/cd\/wp-content\/uploads\/2017\/09\/935340-dirceu_tribunal-1-6-150x150.jpg\" alt=\"\" width=\"150\" height=\"150\" \/><\/a><figcaption id=\"caption-attachment-4665\" class=\"wp-caption-text\">O ex-ministro da Casa Civil Jos\u00e9 Dirceu ap\u00f3s assinar na Vara de Execu\u00e7\u00f5es Penais do Distrito Federal o termo que autoriza a cumprir pris\u00e3o no regime aberto (Fabio Rodrigues Pozzebom\/Ag\u00eancia Brasil)<\/figcaption><\/figure>\n<p>O Tribunal Regional Federal da 4\u00aa Regi\u00e3o (TRF4), com sede em Porto Alegre, aumentou em dez anos a pena do ex-ministro Jos\u00e9 Dirceu na apela\u00e7\u00e3o criminal da Lava Jato que envolve a empresa Engevix. Com a decis\u00e3o, a pena de Dirceu sobe de 20 anos e 10 meses para 30 anos, 9 meses e 10 dias.<\/p>\n<p>No julgamento,conclu\u00eddo na manh\u00e3 de hoje (26), os desembargadores absolveram o ex-tesoureiro do PT Jo\u00e3o Vaccari Neto, que havia sido condenado a nove anos em primeira inst\u00e2ncia pelo juiz federal S\u00e9rgio Moro.<\/p>\n<p>Segundo a den\u00fancia do Minist\u00e9rio P\u00fablico Federal (MPF), a Engevix foi uma das empreiteiras que formaram um cartel para fraudar licita\u00e7\u00f5es da Petrobras a partir de 2005. A empresa pagou propinas a agentes p\u00fablicos para garantir contratos com a Unidade de Tratamento de G\u00e1s de Cacimbas (UTGC), a Refinaria Presidente Bernardes (RPBC), a Refinaria Presidente Get\u00falio Vargas (Repar) e a Refinaria Landupho lves (RLAM).<\/p>\n<p>Dirceu foi condenado por corrup\u00e7\u00e3o passiva, lavagem de dinheiro e participa\u00e7\u00e3o em organiza\u00e7\u00e3o criminosa. O relator da 8\u00aa Turma do TRF4, desembargador Jo\u00e3o Pedro Gebran Neto, afirmou que as penas severas n\u00e3o s\u00e3o resultado do rigor dos julgadores, mas da grande quantidade de delitos cometidos pelos r\u00e9us.<\/p>\n<p>&#8220;Embora nestes casos dificilmente haja provas das vantagens indevidas, adoto a teoria do exame das provas acima de d\u00favida razo\u00e1vel&#8221;, disse Gebran.<\/p>\n<p>O relator tamb\u00e9m votou pela condena\u00e7\u00e3o de Vaccari, mas foi vencido pelos votos dos desembargadores Leandro Paulsen, que \u00e9 revisor, e Victor Luiz dos Santos Laus. Eles entenderam que h\u00e1 insufici\u00eancia de provas do envolvimento do ex-tesoureiro nos crimes citados na den\u00fancia do MPF.<\/p>\n<p>Nesta apela\u00e7\u00e3o, a 18\u00aa\u00a0 fase da Lava Jato no TRF4, tamb\u00e9m foram confirmadas as condena\u00e7\u00f5es do ex-diretor da Petrobras Renato Duque, que teve a pena aumentada de 10 anos para 21 anos e 4 meses; e do ex-presidente da Engevix Gerson de Mello Almada, cuja pena passou de 15 anos e 6 meses para 29 anos e 8 meses de deten\u00e7\u00e3o.<\/p>\n<p><em><strong>Cariri em Destaque\u00a0<\/strong><\/em><\/p>\n<p>EBC<\/p>\n","protected":false},"excerpt":{"rendered":"<p>O Tribunal Regional Federal da 4\u00aa Regi\u00e3o (TRF4), com sede em Porto Alegre, aumentou em dez anos a pena do ex-ministro Jos\u00e9 Dirceu na apela\u00e7\u00e3o criminal da Lava Jato que envolve a empresa Engevix. Com a decis\u00e3o, a pena de Dirceu sobe de 20 anos e 10 meses para 30 anos, 9 meses e 10 dias. No julgamento,conclu\u00eddo na manh\u00e3 de hoje (26), os desembargadores absolveram o ex-tesoureiro do PT Jo\u00e3o Vaccari Neto, que havia sido condenado a nove anos em primeira inst\u00e2ncia pelo juiz federal S\u00e9rgio Moro. Segundo a den\u00fancia do Minist\u00e9rio P\u00fablico Federal (MPF), a Engevix foi uma das empreiteiras que formaram um cartel para fraudar licita\u00e7\u00f5es da Petrobras a partir de 2005. A empresa pagou propinas a agentes p\u00fablicos para garantir contratos com a Unidade de Tratamento de G\u00e1s de Cacimbas (UTGC), a Refinaria Presidente Bernardes (RPBC), a Refinaria Presidente Get\u00falio Vargas (Repar) e a Refinaria Landupho lves (RLAM). Dirceu foi condenado por corrup\u00e7\u00e3o passiva, lavagem de dinheiro e participa\u00e7\u00e3o em organiza\u00e7\u00e3o criminosa. O relator da 8\u00aa Turma do TRF4, desembargador Jo\u00e3o Pedro Gebran Neto, afirmou que as penas severas n\u00e3o s\u00e3o resultado do rigor dos julgadores, mas da grande quantidade de delitos cometidos pelos r\u00e9us. &#8220;Embora nestes casos dificilmente haja provas das vantagens indevidas, adoto a teoria do exame das provas acima de d\u00favida razo\u00e1vel&#8221;, disse Gebran. O relator tamb\u00e9m votou pela condena\u00e7\u00e3o de Vaccari, mas foi vencido pelos votos dos desembargadores Leandro Paulsen, que \u00e9 revisor, e Victor Luiz dos Santos Laus. Eles entenderam que h\u00e1 insufici\u00eancia de provas do envolvimento do ex-tesoureiro nos crimes citados na den\u00fancia do MPF. Nesta apela\u00e7\u00e3o, a 18\u00aa\u00a0 fase da Lava Jato no TRF4, tamb\u00e9m foram confirmadas as condena\u00e7\u00f5es do ex-diretor da Petrobras Renato Duque, que teve a pena aumentada de 10 anos para 21 anos e 4 meses; e do ex-presidente da Engevix Gerson de Mello Almada, cuja pena passou de 15 anos e 6 meses para 29 anos e 8 meses de deten\u00e7\u00e3o. Cariri em Destaque\u00a0 EBC<\/p>\n","protected":false},"author":2,"featured_media":4665,"comment_status":"closed","ping_status":"open","sticky":false,"template":"","format":"standard","meta":{"_eb_attr":"","_jetpack_memberships_contains_paid_content":false,"footnotes":""},"categories":[4],"tags":[],"class_list":["post-4664","post","type-post","status-publish","format-standard","has-post-thumbnail","hentry","category-politica"],"yoast_head":"<!-- This site is optimized with the Yoast SEO plugin v26.5 - https:\/\/yoast.com\/wordpress\/plugins\/seo\/ -->\n<title>TRF4 aumenta pena de Dirceu e absolve Vaccari em apela\u00e7\u00e3o da Lava Jato - Not&iacute;cias em Destaque<\/title>\n<meta name=\"robots\" content=\"index, follow, max-snippet:-1, max-image-preview:large, max-video-preview:-1\" \/>\n<link rel=\"canonical\" href=\"https:\/\/noticiasemdestaque.com\/cd\/?p=4664\" \/>\n<meta property=\"og:locale\" content=\"pt_BR\" \/>\n<meta property=\"og:type\" content=\"article\" \/>\n<meta property=\"og:title\" content=\"TRF4 aumenta pena de Dirceu e absolve Vaccari em apela\u00e7\u00e3o da Lava Jato - Not&iacute;cias em Destaque\" \/>\n<meta property=\"og:description\" content=\"O Tribunal Regional Federal da 4\u00aa Regi\u00e3o (TRF4), com sede em Porto Alegre, aumentou em dez anos a pena do ex-ministro Jos\u00e9 Dirceu na apela\u00e7\u00e3o criminal da Lava Jato que envolve a empresa Engevix. Com a decis\u00e3o, a pena de Dirceu sobe de 20 anos e 10 meses para 30 anos, 9 meses e 10 dias. No julgamento,conclu\u00eddo na manh\u00e3 de hoje (26), os desembargadores absolveram o ex-tesoureiro do PT Jo\u00e3o Vaccari Neto, que havia sido condenado a nove anos em primeira inst\u00e2ncia pelo juiz federal S\u00e9rgio Moro. Segundo a den\u00fancia do Minist\u00e9rio P\u00fablico Federal (MPF), a Engevix foi uma das empreiteiras que formaram um cartel para fraudar licita\u00e7\u00f5es da Petrobras a partir de 2005. A empresa pagou propinas a agentes p\u00fablicos para garantir contratos com a Unidade de Tratamento de G\u00e1s de Cacimbas (UTGC), a Refinaria Presidente Bernardes (RPBC), a Refinaria Presidente Get\u00falio Vargas (Repar) e a Refinaria Landupho lves (RLAM). Dirceu foi condenado por corrup\u00e7\u00e3o passiva, lavagem de dinheiro e participa\u00e7\u00e3o em organiza\u00e7\u00e3o criminosa. O relator da 8\u00aa Turma do TRF4, desembargador Jo\u00e3o Pedro Gebran Neto, afirmou que as penas severas n\u00e3o s\u00e3o resultado do rigor dos julgadores, mas da grande quantidade de delitos cometidos pelos r\u00e9us. &#8220;Embora nestes casos dificilmente haja provas das vantagens indevidas, adoto a teoria do exame das provas acima de d\u00favida razo\u00e1vel&#8221;, disse Gebran. O relator tamb\u00e9m votou pela condena\u00e7\u00e3o de Vaccari, mas foi vencido pelos votos dos desembargadores Leandro Paulsen, que \u00e9 revisor, e Victor Luiz dos Santos Laus. Eles entenderam que h\u00e1 insufici\u00eancia de provas do envolvimento do ex-tesoureiro nos crimes citados na den\u00fancia do MPF. Nesta apela\u00e7\u00e3o, a 18\u00aa\u00a0 fase da Lava Jato no TRF4, tamb\u00e9m foram confirmadas as condena\u00e7\u00f5es do ex-diretor da Petrobras Renato Duque, que teve a pena aumentada de 10 anos para 21 anos e 4 meses; e do ex-presidente da Engevix Gerson de Mello Almada, cuja pena passou de 15 anos e 6 meses para 29 anos e 8 meses de deten\u00e7\u00e3o. Cariri em Destaque\u00a0 EBC\" \/>\n<meta property=\"og:url\" content=\"https:\/\/noticiasemdestaque.com\/cd\/?p=4664\" \/>\n<meta property=\"og:site_name\" content=\"Not&iacute;cias em Destaque\" \/>\n<meta property=\"article:published_time\" content=\"2017-09-26T16:58:03+00:00\" \/>\n<meta property=\"og:image\" content=\"https:\/\/noticiasemdestaque.com\/cd\/wp-content\/uploads\/2017\/09\/935340-dirceu_tribunal-1-6.jpg\" \/>\n\t<meta property=\"og:image:width\" content=\"576\" \/>\n\t<meta property=\"og:image:height\" content=\"264\" \/>\n\t<meta property=\"og:image:type\" content=\"image\/jpeg\" \/>\n<meta name=\"author\" content=\"Not\u00edcias em Destaque\" \/>\n<meta name=\"twitter:card\" content=\"summary_large_image\" \/>\n<meta name=\"twitter:label1\" content=\"Escrito por\" \/>\n\t<meta name=\"twitter:data1\" content=\"Not\u00edcias em Destaque\" \/>\n\t<meta name=\"twitter:label2\" content=\"Est. tempo de leitura\" \/>\n\t<meta name=\"twitter:data2\" content=\"2 minutos\" \/>\n<script type=\"application\/ld+json\" class=\"yoast-schema-graph\">{\"@context\":\"https:\/\/schema.org\",\"@graph\":[{\"@type\":\"Article\",\"@id\":\"https:\/\/noticiasemdestaque.com\/cd\/?p=4664#article\",\"isPartOf\":{\"@id\":\"https:\/\/noticiasemdestaque.com\/cd\/?p=4664\"},\"author\":{\"name\":\"Not\u00edcias em Destaque\",\"@id\":\"https:\/\/noticiasemdestaque.com\/cd\/#\/schema\/person\/21320b03a7e8bb90128938dafc9b908a\"},\"headline\":\"TRF4 aumenta pena de Dirceu e absolve Vaccari em apela\u00e7\u00e3o da Lava Jato\",\"datePublished\":\"2017-09-26T16:58:03+00:00\",\"mainEntityOfPage\":{\"@id\":\"https:\/\/noticiasemdestaque.com\/cd\/?p=4664\"},\"wordCount\":401,\"publisher\":{\"@id\":\"https:\/\/noticiasemdestaque.com\/cd\/#organization\"},\"image\":{\"@id\":\"https:\/\/noticiasemdestaque.com\/cd\/?p=4664#primaryimage\"},\"thumbnailUrl\":\"https:\/\/noticiasemdestaque.com\/cd\/wp-content\/uploads\/2017\/09\/935340-dirceu_tribunal-1-6.jpg\",\"articleSection\":[\"Pol\u00edtica\"],\"inLanguage\":\"pt-BR\"},{\"@type\":\"WebPage\",\"@id\":\"https:\/\/noticiasemdestaque.com\/cd\/?p=4664\",\"url\":\"https:\/\/noticiasemdestaque.com\/cd\/?p=4664\",\"name\":\"TRF4 aumenta pena de Dirceu e absolve Vaccari em apela\u00e7\u00e3o da Lava Jato - Not&iacute;cias em Destaque\",\"isPartOf\":{\"@id\":\"https:\/\/noticiasemdestaque.com\/cd\/#website\"},\"primaryImageOfPage\":{\"@id\":\"https:\/\/noticiasemdestaque.com\/cd\/?p=4664#primaryimage\"},\"image\":{\"@id\":\"https:\/\/noticiasemdestaque.com\/cd\/?p=4664#primaryimage\"},\"thumbnailUrl\":\"https:\/\/noticiasemdestaque.com\/cd\/wp-content\/uploads\/2017\/09\/935340-dirceu_tribunal-1-6.jpg\",\"datePublished\":\"2017-09-26T16:58:03+00:00\",\"breadcrumb\":{\"@id\":\"https:\/\/noticiasemdestaque.com\/cd\/?p=4664#breadcrumb\"},\"inLanguage\":\"pt-BR\",\"potentialAction\":[{\"@type\":\"ReadAction\",\"target\":[\"https:\/\/noticiasemdestaque.com\/cd\/?p=4664\"]}]},{\"@type\":\"ImageObject\",\"inLanguage\":\"pt-BR\",\"@id\":\"https:\/\/noticiasemdestaque.com\/cd\/?p=4664#primaryimage\",\"url\":\"https:\/\/noticiasemdestaque.com\/cd\/wp-content\/uploads\/2017\/09\/935340-dirceu_tribunal-1-6.jpg\",\"contentUrl\":\"https:\/\/noticiasemdestaque.com\/cd\/wp-content\/uploads\/2017\/09\/935340-dirceu_tribunal-1-6.jpg\",\"width\":576,\"height\":264,\"caption\":\"O ex-ministro da Casa Civil Jos\u00e9 Dirceu ap\u00f3s assinar na Vara de Execu\u00e7\u00f5es Penais do Distrito Federal o termo que autoriza a cumprir pris\u00e3o no regime aberto (Fabio Rodrigues Pozzebom\/Ag\u00eancia Brasil)\"},{\"@type\":\"BreadcrumbList\",\"@id\":\"https:\/\/noticiasemdestaque.com\/cd\/?p=4664#breadcrumb\",\"itemListElement\":[{\"@type\":\"ListItem\",\"position\":1,\"name\":\"In\u00edcio\",\"item\":\"https:\/\/noticiasemdestaque.com\/cd\/\"},{\"@type\":\"ListItem\",\"position\":2,\"name\":\"TRF4 aumenta pena de Dirceu e absolve Vaccari em apela\u00e7\u00e3o da Lava Jato\"}]},{\"@type\":\"WebSite\",\"@id\":\"https:\/\/noticiasemdestaque.com\/cd\/#website\",\"url\":\"https:\/\/noticiasemdestaque.com\/cd\/\",\"name\":\"Not&iacute;cias em Destaque\",\"description\":\"\",\"publisher\":{\"@id\":\"https:\/\/noticiasemdestaque.com\/cd\/#organization\"},\"potentialAction\":[{\"@type\":\"SearchAction\",\"target\":{\"@type\":\"EntryPoint\",\"urlTemplate\":\"https:\/\/noticiasemdestaque.com\/cd\/?s={search_term_string}\"},\"query-input\":{\"@type\":\"PropertyValueSpecification\",\"valueRequired\":true,\"valueName\":\"search_term_string\"}}],\"inLanguage\":\"pt-BR\"},{\"@type\":\"Organization\",\"@id\":\"https:\/\/noticiasemdestaque.com\/cd\/#organization\",\"name\":\"Not\u00edcias em Destaque\",\"url\":\"https:\/\/noticiasemdestaque.com\/cd\/\",\"logo\":{\"@type\":\"ImageObject\",\"inLanguage\":\"pt-BR\",\"@id\":\"https:\/\/noticiasemdestaque.com\/cd\/#\/schema\/logo\/image\/\",\"url\":\"https:\/\/noticiasemdestaque.com\/cd\/wp-content\/uploads\/2022\/05\/imagem-base-noticiasemdestaque.png\",\"contentUrl\":\"https:\/\/noticiasemdestaque.com\/cd\/wp-content\/uploads\/2022\/05\/imagem-base-noticiasemdestaque.png\",\"width\":1200,\"height\":630,\"caption\":\"Not\u00edcias em Destaque\"},\"image\":{\"@id\":\"https:\/\/noticiasemdestaque.com\/cd\/#\/schema\/logo\/image\/\"}},{\"@type\":\"Person\",\"@id\":\"https:\/\/noticiasemdestaque.com\/cd\/#\/schema\/person\/21320b03a7e8bb90128938dafc9b908a\",\"name\":\"Not\u00edcias em Destaque\",\"url\":\"https:\/\/noticiasemdestaque.com\/cd\/?author=2\"}]}<\/script>\n<!-- \/ Yoast SEO plugin. -->","yoast_head_json":{"title":"TRF4 aumenta pena de Dirceu e absolve Vaccari em apela\u00e7\u00e3o da Lava Jato - Not&iacute;cias em Destaque","robots":{"index":"index","follow":"follow","max-snippet":"max-snippet:-1","max-image-preview":"max-image-preview:large","max-video-preview":"max-video-preview:-1"},"canonical":"https:\/\/noticiasemdestaque.com\/cd\/?p=4664","og_locale":"pt_BR","og_type":"article","og_title":"TRF4 aumenta pena de Dirceu e absolve Vaccari em apela\u00e7\u00e3o da Lava Jato - Not&iacute;cias em Destaque","og_description":"O Tribunal Regional Federal da 4\u00aa Regi\u00e3o (TRF4), com sede em Porto Alegre, aumentou em dez anos a pena do ex-ministro Jos\u00e9 Dirceu na apela\u00e7\u00e3o criminal da Lava Jato que envolve a empresa Engevix. Com a decis\u00e3o, a pena de Dirceu sobe de 20 anos e 10 meses para 30 anos, 9 meses e 10 dias. No julgamento,conclu\u00eddo na manh\u00e3 de hoje (26), os desembargadores absolveram o ex-tesoureiro do PT Jo\u00e3o Vaccari Neto, que havia sido condenado a nove anos em primeira inst\u00e2ncia pelo juiz federal S\u00e9rgio Moro. Segundo a den\u00fancia do Minist\u00e9rio P\u00fablico Federal (MPF), a Engevix foi uma das empreiteiras que formaram um cartel para fraudar licita\u00e7\u00f5es da Petrobras a partir de 2005. A empresa pagou propinas a agentes p\u00fablicos para garantir contratos com a Unidade de Tratamento de G\u00e1s de Cacimbas (UTGC), a Refinaria Presidente Bernardes (RPBC), a Refinaria Presidente Get\u00falio Vargas (Repar) e a Refinaria Landupho lves (RLAM). Dirceu foi condenado por corrup\u00e7\u00e3o passiva, lavagem de dinheiro e participa\u00e7\u00e3o em organiza\u00e7\u00e3o criminosa. O relator da 8\u00aa Turma do TRF4, desembargador Jo\u00e3o Pedro Gebran Neto, afirmou que as penas severas n\u00e3o s\u00e3o resultado do rigor dos julgadores, mas da grande quantidade de delitos cometidos pelos r\u00e9us. &#8220;Embora nestes casos dificilmente haja provas das vantagens indevidas, adoto a teoria do exame das provas acima de d\u00favida razo\u00e1vel&#8221;, disse Gebran. O relator tamb\u00e9m votou pela condena\u00e7\u00e3o de Vaccari, mas foi vencido pelos votos dos desembargadores Leandro Paulsen, que \u00e9 revisor, e Victor Luiz dos Santos Laus. Eles entenderam que h\u00e1 insufici\u00eancia de provas do envolvimento do ex-tesoureiro nos crimes citados na den\u00fancia do MPF. Nesta apela\u00e7\u00e3o, a 18\u00aa\u00a0 fase da Lava Jato no TRF4, tamb\u00e9m foram confirmadas as condena\u00e7\u00f5es do ex-diretor da Petrobras Renato Duque, que teve a pena aumentada de 10 anos para 21 anos e 4 meses; e do ex-presidente da Engevix Gerson de Mello Almada, cuja pena passou de 15 anos e 6 meses para 29 anos e 8 meses de deten\u00e7\u00e3o. Cariri em Destaque\u00a0 EBC","og_url":"https:\/\/noticiasemdestaque.com\/cd\/?p=4664","og_site_name":"Not&iacute;cias em Destaque","article_published_time":"2017-09-26T16:58:03+00:00","og_image":[{"width":576,"height":264,"url":"https:\/\/noticiasemdestaque.com\/cd\/wp-content\/uploads\/2017\/09\/935340-dirceu_tribunal-1-6.jpg","type":"image\/jpeg"}],"author":"Not\u00edcias em Destaque","twitter_card":"summary_large_image","twitter_misc":{"Escrito por":"Not\u00edcias em Destaque","Est. tempo de leitura":"2 minutos"},"schema":{"@context":"https:\/\/schema.org","@graph":[{"@type":"Article","@id":"https:\/\/noticiasemdestaque.com\/cd\/?p=4664#article","isPartOf":{"@id":"https:\/\/noticiasemdestaque.com\/cd\/?p=4664"},"author":{"name":"Not\u00edcias em Destaque","@id":"https:\/\/noticiasemdestaque.com\/cd\/#\/schema\/person\/21320b03a7e8bb90128938dafc9b908a"},"headline":"TRF4 aumenta pena de Dirceu e absolve Vaccari em apela\u00e7\u00e3o da Lava Jato","datePublished":"2017-09-26T16:58:03+00:00","mainEntityOfPage":{"@id":"https:\/\/noticiasemdestaque.com\/cd\/?p=4664"},"wordCount":401,"publisher":{"@id":"https:\/\/noticiasemdestaque.com\/cd\/#organization"},"image":{"@id":"https:\/\/noticiasemdestaque.com\/cd\/?p=4664#primaryimage"},"thumbnailUrl":"https:\/\/noticiasemdestaque.com\/cd\/wp-content\/uploads\/2017\/09\/935340-dirceu_tribunal-1-6.jpg","articleSection":["Pol\u00edtica"],"inLanguage":"pt-BR"},{"@type":"WebPage","@id":"https:\/\/noticiasemdestaque.com\/cd\/?p=4664","url":"https:\/\/noticiasemdestaque.com\/cd\/?p=4664","name":"TRF4 aumenta pena de Dirceu e absolve Vaccari em apela\u00e7\u00e3o da Lava Jato - Not&iacute;cias em Destaque","isPartOf":{"@id":"https:\/\/noticiasemdestaque.com\/cd\/#website"},"primaryImageOfPage":{"@id":"https:\/\/noticiasemdestaque.com\/cd\/?p=4664#primaryimage"},"image":{"@id":"https:\/\/noticiasemdestaque.com\/cd\/?p=4664#primaryimage"},"thumbnailUrl":"https:\/\/noticiasemdestaque.com\/cd\/wp-content\/uploads\/2017\/09\/935340-dirceu_tribunal-1-6.jpg","datePublished":"2017-09-26T16:58:03+00:00","breadcrumb":{"@id":"https:\/\/noticiasemdestaque.com\/cd\/?p=4664#breadcrumb"},"inLanguage":"pt-BR","potentialAction":[{"@type":"ReadAction","target":["https:\/\/noticiasemdestaque.com\/cd\/?p=4664"]}]},{"@type":"ImageObject","inLanguage":"pt-BR","@id":"https:\/\/noticiasemdestaque.com\/cd\/?p=4664#primaryimage","url":"https:\/\/noticiasemdestaque.com\/cd\/wp-content\/uploads\/2017\/09\/935340-dirceu_tribunal-1-6.jpg","contentUrl":"https:\/\/noticiasemdestaque.com\/cd\/wp-content\/uploads\/2017\/09\/935340-dirceu_tribunal-1-6.jpg","width":576,"height":264,"caption":"O ex-ministro da Casa Civil Jos\u00e9 Dirceu ap\u00f3s assinar na Vara de Execu\u00e7\u00f5es Penais do Distrito Federal o termo que autoriza a cumprir pris\u00e3o no regime aberto (Fabio Rodrigues Pozzebom\/Ag\u00eancia Brasil)"},{"@type":"BreadcrumbList","@id":"https:\/\/noticiasemdestaque.com\/cd\/?p=4664#breadcrumb","itemListElement":[{"@type":"ListItem","position":1,"name":"In\u00edcio","item":"https:\/\/noticiasemdestaque.com\/cd\/"},{"@type":"ListItem","position":2,"name":"TRF4 aumenta pena de Dirceu e absolve Vaccari em apela\u00e7\u00e3o da Lava Jato"}]},{"@type":"WebSite","@id":"https:\/\/noticiasemdestaque.com\/cd\/#website","url":"https:\/\/noticiasemdestaque.com\/cd\/","name":"Not&iacute;cias em Destaque","description":"","publisher":{"@id":"https:\/\/noticiasemdestaque.com\/cd\/#organization"},"potentialAction":[{"@type":"SearchAction","target":{"@type":"EntryPoint","urlTemplate":"https:\/\/noticiasemdestaque.com\/cd\/?s={search_term_string}"},"query-input":{"@type":"PropertyValueSpecification","valueRequired":true,"valueName":"search_term_string"}}],"inLanguage":"pt-BR"},{"@type":"Organization","@id":"https:\/\/noticiasemdestaque.com\/cd\/#organization","name":"Not\u00edcias em Destaque","url":"https:\/\/noticiasemdestaque.com\/cd\/","logo":{"@type":"ImageObject","inLanguage":"pt-BR","@id":"https:\/\/noticiasemdestaque.com\/cd\/#\/schema\/logo\/image\/","url":"https:\/\/noticiasemdestaque.com\/cd\/wp-content\/uploads\/2022\/05\/imagem-base-noticiasemdestaque.png","contentUrl":"https:\/\/noticiasemdestaque.com\/cd\/wp-content\/uploads\/2022\/05\/imagem-base-noticiasemdestaque.png","width":1200,"height":630,"caption":"Not\u00edcias em Destaque"},"image":{"@id":"https:\/\/noticiasemdestaque.com\/cd\/#\/schema\/logo\/image\/"}},{"@type":"Person","@id":"https:\/\/noticiasemdestaque.com\/cd\/#\/schema\/person\/21320b03a7e8bb90128938dafc9b908a","name":"Not\u00edcias em Destaque","url":"https:\/\/noticiasemdestaque.com\/cd\/?author=2"}]}},"jetpack_featured_media_url":"https:\/\/noticiasemdestaque.com\/cd\/wp-content\/uploads\/2017\/09\/935340-dirceu_tribunal-1-6.jpg","jetpack_sharing_enabled":true,"_links":{"self":[{"href":"https:\/\/noticiasemdestaque.com\/cd\/index.php?rest_route=\/wp\/v2\/posts\/4664","targetHints":{"allow":["GET"]}}],"collection":[{"href":"https:\/\/noticiasemdestaque.com\/cd\/index.php?rest_route=\/wp\/v2\/posts"}],"about":[{"href":"https:\/\/noticiasemdestaque.com\/cd\/index.php?rest_route=\/wp\/v2\/types\/post"}],"author":[{"embeddable":true,"href":"https:\/\/noticiasemdestaque.com\/cd\/index.php?rest_route=\/wp\/v2\/users\/2"}],"replies":[{"embeddable":true,"href":"https:\/\/noticiasemdestaque.com\/cd\/index.php?rest_route=%2Fwp%2Fv2%2Fcomments&post=4664"}],"version-history":[{"count":1,"href":"https:\/\/noticiasemdestaque.com\/cd\/index.php?rest_route=\/wp\/v2\/posts\/4664\/revisions"}],"predecessor-version":[{"id":4666,"href":"https:\/\/noticiasemdestaque.com\/cd\/index.php?rest_route=\/wp\/v2\/posts\/4664\/revisions\/4666"}],"wp:featuredmedia":[{"embeddable":true,"href":"https:\/\/noticiasemdestaque.com\/cd\/index.php?rest_route=\/wp\/v2\/media\/4665"}],"wp:attachment":[{"href":"https:\/\/noticiasemdestaque.com\/cd\/index.php?rest_route=%2Fwp%2Fv2%2Fmedia&parent=4664"}],"wp:term":[{"taxonomy":"category","embeddable":true,"href":"https:\/\/noticiasemdestaque.com\/cd\/index.php?rest_route=%2Fwp%2Fv2%2Fcategories&post=4664"},{"taxonomy":"post_tag","embeddable":true,"href":"https:\/\/noticiasemdestaque.com\/cd\/index.php?rest_route=%2Fwp%2Fv2%2Ftags&post=4664"}],"curies":[{"name":"wp","href":"https:\/\/api.w.org\/{rel}","templated":true}]}}