{"id":4661,"date":"2017-09-26T13:43:21","date_gmt":"2017-09-26T16:43:21","guid":{"rendered":"http:\/\/caririemdestaque.com\/cd\/?p=4661"},"modified":"2017-09-26T13:43:21","modified_gmt":"2017-09-26T16:43:21","slug":"projeto-fotografico-executado-no-congo-eleva-autoestima-de-gestantes-da-cidade","status":"publish","type":"post","link":"https:\/\/noticiasemdestaque.com\/cd\/?p=4661","title":{"rendered":"Projeto fotogr\u00e1fico executado no Congo eleva autoestima de gestantes da cidade"},"content":{"rendered":"<p><a href=\"http:\/\/caririemdestaque.com\/cd\/wp-content\/uploads\/2017\/09\/foto_chico.png\"><img fetchpriority=\"high\" decoding=\"async\" class=\"alignleft wp-image-4662 size-medium\" src=\"http:\/\/caririemdestaque.com\/cd\/wp-content\/uploads\/2017\/09\/foto_chico-300x201.png\" alt=\"\" width=\"300\" height=\"201\" srcset=\"https:\/\/noticiasemdestaque.com\/cd\/wp-content\/uploads\/2017\/09\/foto_chico-300x201.png 300w, https:\/\/noticiasemdestaque.com\/cd\/wp-content\/uploads\/2017\/09\/foto_chico-480x320.png 480w, https:\/\/noticiasemdestaque.com\/cd\/wp-content\/uploads\/2017\/09\/foto_chico.png 675w\" sizes=\"(max-width: 300px) 100vw, 300px\" \/><\/a>A\u00a0gravidez\u00a0\u00e9 um per\u00edodo encantador, em que a mulher tem a chance de se conectar profundamente com seu\u00a0corpo,\u00a0espiritualidade e com a\u00a0natureza. Com isso em mente, o fot\u00f3grafo residente em Serra Branca, no Cariri Paraibano, Francisco C\u00e9sar, criou um projeto que foi colocado em pr\u00e1tica junto com a Secretaria de Assist\u00eancia Social do Congo.<\/p>\n<p>Ap\u00f3s conhecer o projeto a\u00a0gestora da pasta na cidade, Tamires F\u00e9lix, mobilizou a equipe que convidou as gestantes que s\u00e3o atendidas pelo CRAS (Centro de Refer\u00eancia de Assist\u00eancia Social) a serem fotografadas no conforto das suas casas, campos, nas idas ao m\u00e9dico, nos encontros no CRAS com outras gr\u00e1vidas e rios \u2013 o cen\u00e1rio perfeito para suas fotos.<\/p>\n<p>Ao ser questionado pelo Portal Para\u00edba Mix sobre a escolha dos locais de fotos o fot\u00f3grafo Francisco C\u00e9sar disse que prop\u00f4s as gestantes os momentos de passeios, que resultam em fotos incr\u00edveis:\u201c\u00c9 l\u00e1 nos lugares que elas gostam, no seu aconchego, onde elas se sentem bem e \u00e9 onde ideias saem da caixa, onde as gestantes se soltam e onde a m\u00e1gica acontece\u201c, conta ele.<img decoding=\"async\" class=\" wp-image-13887 alignright\" src=\"http:\/\/www.paraibamix.com.br\/wp-content\/uploads\/2017\/09\/21935640_1687490501323979_905284534_n.jpg\" sizes=\"(max-width: 299px) 100vw, 299px\" srcset=\"http:\/\/www.paraibamix.com.br\/wp-content\/uploads\/2017\/09\/21935640_1687490501323979_905284534_n.jpg 720w, http:\/\/www.paraibamix.com.br\/wp-content\/uploads\/2017\/09\/21935640_1687490501323979_905284534_n-150x100.jpg 150w, http:\/\/www.paraibamix.com.br\/wp-content\/uploads\/2017\/09\/21935640_1687490501323979_905284534_n-300x200.jpg 300w\" alt=\"\" width=\"299\" height=\"199\" \/><\/p>\n<p>Marta Ge\u00f3rgia, que j\u00e1 \u00e9 m\u00e3e de duas crian\u00e7as, conta que jamais imaginou tirar fotos dentro do rio S\u00e3o Francisco, e que nesse momento se sentiu intensamente\u00a0conectada com a natureza. \u201cA vida que crescia dentro de mim me fez perceber a vida ao meu redor\u201c, explicou.<\/p>\n<p>Outra m\u00e3e que teve sua hist\u00f3ria registrada foi Bet\u00e2nia, que aos 40 anos foi m\u00e3e de novo. Ela diz que no inicio da gesta\u00e7\u00e3o tinha um pouco de vergonha e ficava dentro de casa sem querer sair pelo fato de ter engravidado, hoje ela d\u00e1 conselhos:\u00a0\u201cpasseiem, curtam, curtam a barriga de voc\u00eas porque \u00e9 muito gostoso\u201d.<\/p>\n<p>Leda Moraes, coordenadora do CRAS, diz que \u201co objetivo maior com o grupo de gestantes do CRAS \u00e9 proporcionar uma melhora na qualidade de vida das gestantes atendidas. Tamb\u00e9m s\u00e3o realizadas palestras com profissionais como: Assistente Social, Psic\u00f3logo, Nutricionista, Dentista, Enfermeiro com objetivo de orientar quest\u00f5es relacionados a gesta\u00e7\u00e3o e maternidade proporcionando uma gesta\u00e7\u00e3o mais saud\u00e1vel e estimulando o v\u00ednculo m\u00e3e\/filho\u201d. Os encontros acontecem quinzenalmente, sempre \u00e0s quartas\u2013feiras no per\u00edodo vespertino na sede do CRAS. Ao final do Curso, todas as gestantes recebem um Kit beb\u00ea\u201d, disse ela.<\/p>\n<p>Al\u00e9m das palestras acontecem oficinas para confec\u00e7\u00e3o do enxoval e o ensaio fotogr\u00e1fico com foco na eleva\u00e7\u00e3o da autoestima das gestantes, visto que algumas delas possuem v\u00ednculos familiares fragilizados, outras foram pegas de surpresa pela chegada da gravidez.<\/p>\n<p>Al\u00e9m de registrar o momento, as imagens t\u00eam o objetivo de\u00a0empoderar\u00a0as gestantes, mostrando que apesar do incha\u00e7o, das dores e de algumas limita\u00e7\u00f5es, \u201ctodas elas s\u00e3o deusas\u201c.<\/p>\n<p>E o resultado das atividades do CRAS para as gestantes e as sa\u00eddas fotogr\u00e1ficas \u00e9 um registro de fotografias lindas, poderosas e carregadas de s\u00edmbolos e significados.<\/p>\n<p><a href=\"http:\/\/www.mariacapitulina.com\/gestantes-do-congo\"><strong>Clique aqui e confira algumas das belas imagens captadas por Francisco<\/strong><\/a><\/p>\n<p>&nbsp;<\/p>\n","protected":false},"excerpt":{"rendered":"<p>A\u00a0gravidez\u00a0\u00e9 um per\u00edodo encantador, em que a mulher tem a chance de se conectar profundamente com seu\u00a0corpo,\u00a0espiritualidade e com a\u00a0natureza. Com isso em mente, o fot\u00f3grafo residente em Serra Branca, no Cariri Paraibano, Francisco C\u00e9sar, criou um projeto que foi colocado em pr\u00e1tica junto com a Secretaria de Assist\u00eancia Social do Congo. Ap\u00f3s conhecer o projeto a\u00a0gestora da pasta na cidade, Tamires F\u00e9lix, mobilizou a equipe que convidou as gestantes que s\u00e3o atendidas pelo CRAS (Centro de Refer\u00eancia de Assist\u00eancia Social) a serem fotografadas no conforto das suas casas, campos, nas idas ao m\u00e9dico, nos encontros no CRAS com outras gr\u00e1vidas e rios \u2013 o cen\u00e1rio perfeito para suas fotos. Ao ser questionado pelo Portal Para\u00edba Mix sobre a escolha dos locais de fotos o fot\u00f3grafo Francisco C\u00e9sar disse que prop\u00f4s as gestantes os momentos de passeios, que resultam em fotos incr\u00edveis:\u201c\u00c9 l\u00e1 nos lugares que elas gostam, no seu aconchego, onde elas se sentem bem e \u00e9 onde ideias saem da caixa, onde as gestantes se soltam e onde a m\u00e1gica acontece\u201c, conta ele. Marta Ge\u00f3rgia, que j\u00e1 \u00e9 m\u00e3e de duas crian\u00e7as, conta que jamais imaginou tirar fotos dentro do rio S\u00e3o Francisco, e que nesse momento se sentiu intensamente\u00a0conectada com a natureza. \u201cA vida que crescia dentro de mim me fez perceber a vida ao meu redor\u201c, explicou. Outra m\u00e3e que teve sua hist\u00f3ria registrada foi Bet\u00e2nia, que aos 40 anos foi m\u00e3e de novo. Ela diz que no inicio da gesta\u00e7\u00e3o tinha um pouco de vergonha e ficava dentro de casa sem querer sair pelo fato de ter engravidado, hoje ela d\u00e1 conselhos:\u00a0\u201cpasseiem, curtam, curtam a barriga de voc\u00eas porque \u00e9 muito gostoso\u201d. Leda Moraes, coordenadora do CRAS, diz que \u201co objetivo maior com o grupo de gestantes do CRAS \u00e9 proporcionar uma melhora na qualidade de vida das gestantes atendidas. Tamb\u00e9m s\u00e3o realizadas palestras com profissionais como: Assistente Social, Psic\u00f3logo, Nutricionista, Dentista, Enfermeiro com objetivo de orientar quest\u00f5es relacionados a gesta\u00e7\u00e3o e maternidade proporcionando uma gesta\u00e7\u00e3o mais saud\u00e1vel e estimulando o v\u00ednculo m\u00e3e\/filho\u201d. Os encontros acontecem quinzenalmente, sempre \u00e0s quartas\u2013feiras no per\u00edodo vespertino na sede do CRAS. Ao final do Curso, todas as gestantes recebem um Kit beb\u00ea\u201d, disse ela. Al\u00e9m das palestras acontecem oficinas para confec\u00e7\u00e3o do enxoval e o ensaio fotogr\u00e1fico com foco na eleva\u00e7\u00e3o da autoestima das gestantes, visto que algumas delas possuem v\u00ednculos familiares fragilizados, outras foram pegas de surpresa pela chegada da gravidez. Al\u00e9m de registrar o momento, as imagens t\u00eam o objetivo de\u00a0empoderar\u00a0as gestantes, mostrando que apesar do incha\u00e7o, das dores e de algumas limita\u00e7\u00f5es, \u201ctodas elas s\u00e3o deusas\u201c. E o resultado das atividades do CRAS para as gestantes e as sa\u00eddas fotogr\u00e1ficas \u00e9 um registro de fotografias lindas, poderosas e carregadas de s\u00edmbolos e significados. Clique aqui e confira algumas das belas imagens captadas por Francisco &nbsp;<\/p>\n","protected":false},"author":2,"featured_media":4662,"comment_status":"closed","ping_status":"open","sticky":false,"template":"","format":"standard","meta":{"_eb_attr":"","_jetpack_memberships_contains_paid_content":false,"footnotes":""},"categories":[8],"tags":[],"class_list":["post-4661","post","type-post","status-publish","format-standard","has-post-thumbnail","hentry","category-saude"],"yoast_head":"<!-- This site is optimized with the Yoast SEO plugin v26.5 - https:\/\/yoast.com\/wordpress\/plugins\/seo\/ -->\n<title>Projeto fotogr\u00e1fico executado no Congo eleva autoestima de gestantes da cidade - Not&iacute;cias em Destaque<\/title>\n<meta name=\"robots\" content=\"index, follow, max-snippet:-1, max-image-preview:large, max-video-preview:-1\" \/>\n<link rel=\"canonical\" href=\"https:\/\/noticiasemdestaque.com\/cd\/?p=4661\" \/>\n<meta property=\"og:locale\" content=\"pt_BR\" \/>\n<meta property=\"og:type\" content=\"article\" \/>\n<meta property=\"og:title\" content=\"Projeto fotogr\u00e1fico executado no Congo eleva autoestima de gestantes da cidade - Not&iacute;cias em Destaque\" \/>\n<meta property=\"og:description\" content=\"A\u00a0gravidez\u00a0\u00e9 um per\u00edodo encantador, em que a mulher tem a chance de se conectar profundamente com seu\u00a0corpo,\u00a0espiritualidade e com a\u00a0natureza. Com isso em mente, o fot\u00f3grafo residente em Serra Branca, no Cariri Paraibano, Francisco C\u00e9sar, criou um projeto que foi colocado em pr\u00e1tica junto com a Secretaria de Assist\u00eancia Social do Congo. Ap\u00f3s conhecer o projeto a\u00a0gestora da pasta na cidade, Tamires F\u00e9lix, mobilizou a equipe que convidou as gestantes que s\u00e3o atendidas pelo CRAS (Centro de Refer\u00eancia de Assist\u00eancia Social) a serem fotografadas no conforto das suas casas, campos, nas idas ao m\u00e9dico, nos encontros no CRAS com outras gr\u00e1vidas e rios \u2013 o cen\u00e1rio perfeito para suas fotos. Ao ser questionado pelo Portal Para\u00edba Mix sobre a escolha dos locais de fotos o fot\u00f3grafo Francisco C\u00e9sar disse que prop\u00f4s as gestantes os momentos de passeios, que resultam em fotos incr\u00edveis:\u201c\u00c9 l\u00e1 nos lugares que elas gostam, no seu aconchego, onde elas se sentem bem e \u00e9 onde ideias saem da caixa, onde as gestantes se soltam e onde a m\u00e1gica acontece\u201c, conta ele. Marta Ge\u00f3rgia, que j\u00e1 \u00e9 m\u00e3e de duas crian\u00e7as, conta que jamais imaginou tirar fotos dentro do rio S\u00e3o Francisco, e que nesse momento se sentiu intensamente\u00a0conectada com a natureza. \u201cA vida que crescia dentro de mim me fez perceber a vida ao meu redor\u201c, explicou. Outra m\u00e3e que teve sua hist\u00f3ria registrada foi Bet\u00e2nia, que aos 40 anos foi m\u00e3e de novo. Ela diz que no inicio da gesta\u00e7\u00e3o tinha um pouco de vergonha e ficava dentro de casa sem querer sair pelo fato de ter engravidado, hoje ela d\u00e1 conselhos:\u00a0\u201cpasseiem, curtam, curtam a barriga de voc\u00eas porque \u00e9 muito gostoso\u201d. Leda Moraes, coordenadora do CRAS, diz que \u201co objetivo maior com o grupo de gestantes do CRAS \u00e9 proporcionar uma melhora na qualidade de vida das gestantes atendidas. Tamb\u00e9m s\u00e3o realizadas palestras com profissionais como: Assistente Social, Psic\u00f3logo, Nutricionista, Dentista, Enfermeiro com objetivo de orientar quest\u00f5es relacionados a gesta\u00e7\u00e3o e maternidade proporcionando uma gesta\u00e7\u00e3o mais saud\u00e1vel e estimulando o v\u00ednculo m\u00e3e\/filho\u201d. Os encontros acontecem quinzenalmente, sempre \u00e0s quartas\u2013feiras no per\u00edodo vespertino na sede do CRAS. Ao final do Curso, todas as gestantes recebem um Kit beb\u00ea\u201d, disse ela. Al\u00e9m das palestras acontecem oficinas para confec\u00e7\u00e3o do enxoval e o ensaio fotogr\u00e1fico com foco na eleva\u00e7\u00e3o da autoestima das gestantes, visto que algumas delas possuem v\u00ednculos familiares fragilizados, outras foram pegas de surpresa pela chegada da gravidez. Al\u00e9m de registrar o momento, as imagens t\u00eam o objetivo de\u00a0empoderar\u00a0as gestantes, mostrando que apesar do incha\u00e7o, das dores e de algumas limita\u00e7\u00f5es, \u201ctodas elas s\u00e3o deusas\u201c. E o resultado das atividades do CRAS para as gestantes e as sa\u00eddas fotogr\u00e1ficas \u00e9 um registro de fotografias lindas, poderosas e carregadas de s\u00edmbolos e significados. Clique aqui e confira algumas das belas imagens captadas por Francisco &nbsp;\" \/>\n<meta property=\"og:url\" content=\"https:\/\/noticiasemdestaque.com\/cd\/?p=4661\" \/>\n<meta property=\"og:site_name\" content=\"Not&iacute;cias em Destaque\" \/>\n<meta property=\"article:published_time\" content=\"2017-09-26T16:43:21+00:00\" \/>\n<meta property=\"og:image\" content=\"https:\/\/noticiasemdestaque.com\/cd\/wp-content\/uploads\/2017\/09\/foto_chico.png\" \/>\n\t<meta property=\"og:image:width\" content=\"675\" \/>\n\t<meta property=\"og:image:height\" content=\"452\" \/>\n\t<meta property=\"og:image:type\" content=\"image\/png\" \/>\n<meta name=\"author\" content=\"Not\u00edcias em Destaque\" \/>\n<meta name=\"twitter:card\" content=\"summary_large_image\" \/>\n<meta name=\"twitter:label1\" content=\"Escrito por\" \/>\n\t<meta name=\"twitter:data1\" content=\"Not\u00edcias em Destaque\" \/>\n\t<meta name=\"twitter:label2\" content=\"Est. tempo de leitura\" \/>\n\t<meta name=\"twitter:data2\" content=\"3 minutos\" \/>\n<script type=\"application\/ld+json\" class=\"yoast-schema-graph\">{\"@context\":\"https:\/\/schema.org\",\"@graph\":[{\"@type\":\"Article\",\"@id\":\"https:\/\/noticiasemdestaque.com\/cd\/?p=4661#article\",\"isPartOf\":{\"@id\":\"https:\/\/noticiasemdestaque.com\/cd\/?p=4661\"},\"author\":{\"name\":\"Not\u00edcias em Destaque\",\"@id\":\"https:\/\/noticiasemdestaque.com\/cd\/#\/schema\/person\/21320b03a7e8bb90128938dafc9b908a\"},\"headline\":\"Projeto fotogr\u00e1fico executado no Congo eleva autoestima de gestantes da cidade\",\"datePublished\":\"2017-09-26T16:43:21+00:00\",\"mainEntityOfPage\":{\"@id\":\"https:\/\/noticiasemdestaque.com\/cd\/?p=4661\"},\"wordCount\":537,\"publisher\":{\"@id\":\"https:\/\/noticiasemdestaque.com\/cd\/#organization\"},\"image\":{\"@id\":\"https:\/\/noticiasemdestaque.com\/cd\/?p=4661#primaryimage\"},\"thumbnailUrl\":\"https:\/\/noticiasemdestaque.com\/cd\/wp-content\/uploads\/2017\/09\/foto_chico.png\",\"articleSection\":[\"Sa\u00fade\"],\"inLanguage\":\"pt-BR\"},{\"@type\":\"WebPage\",\"@id\":\"https:\/\/noticiasemdestaque.com\/cd\/?p=4661\",\"url\":\"https:\/\/noticiasemdestaque.com\/cd\/?p=4661\",\"name\":\"Projeto fotogr\u00e1fico executado no Congo eleva autoestima de gestantes da cidade - Not&iacute;cias em Destaque\",\"isPartOf\":{\"@id\":\"https:\/\/noticiasemdestaque.com\/cd\/#website\"},\"primaryImageOfPage\":{\"@id\":\"https:\/\/noticiasemdestaque.com\/cd\/?p=4661#primaryimage\"},\"image\":{\"@id\":\"https:\/\/noticiasemdestaque.com\/cd\/?p=4661#primaryimage\"},\"thumbnailUrl\":\"https:\/\/noticiasemdestaque.com\/cd\/wp-content\/uploads\/2017\/09\/foto_chico.png\",\"datePublished\":\"2017-09-26T16:43:21+00:00\",\"breadcrumb\":{\"@id\":\"https:\/\/noticiasemdestaque.com\/cd\/?p=4661#breadcrumb\"},\"inLanguage\":\"pt-BR\",\"potentialAction\":[{\"@type\":\"ReadAction\",\"target\":[\"https:\/\/noticiasemdestaque.com\/cd\/?p=4661\"]}]},{\"@type\":\"ImageObject\",\"inLanguage\":\"pt-BR\",\"@id\":\"https:\/\/noticiasemdestaque.com\/cd\/?p=4661#primaryimage\",\"url\":\"https:\/\/noticiasemdestaque.com\/cd\/wp-content\/uploads\/2017\/09\/foto_chico.png\",\"contentUrl\":\"https:\/\/noticiasemdestaque.com\/cd\/wp-content\/uploads\/2017\/09\/foto_chico.png\",\"width\":675,\"height\":452},{\"@type\":\"BreadcrumbList\",\"@id\":\"https:\/\/noticiasemdestaque.com\/cd\/?p=4661#breadcrumb\",\"itemListElement\":[{\"@type\":\"ListItem\",\"position\":1,\"name\":\"In\u00edcio\",\"item\":\"https:\/\/noticiasemdestaque.com\/cd\/\"},{\"@type\":\"ListItem\",\"position\":2,\"name\":\"Projeto fotogr\u00e1fico executado no Congo eleva autoestima de gestantes da cidade\"}]},{\"@type\":\"WebSite\",\"@id\":\"https:\/\/noticiasemdestaque.com\/cd\/#website\",\"url\":\"https:\/\/noticiasemdestaque.com\/cd\/\",\"name\":\"Not&iacute;cias em Destaque\",\"description\":\"\",\"publisher\":{\"@id\":\"https:\/\/noticiasemdestaque.com\/cd\/#organization\"},\"potentialAction\":[{\"@type\":\"SearchAction\",\"target\":{\"@type\":\"EntryPoint\",\"urlTemplate\":\"https:\/\/noticiasemdestaque.com\/cd\/?s={search_term_string}\"},\"query-input\":{\"@type\":\"PropertyValueSpecification\",\"valueRequired\":true,\"valueName\":\"search_term_string\"}}],\"inLanguage\":\"pt-BR\"},{\"@type\":\"Organization\",\"@id\":\"https:\/\/noticiasemdestaque.com\/cd\/#organization\",\"name\":\"Not\u00edcias em Destaque\",\"url\":\"https:\/\/noticiasemdestaque.com\/cd\/\",\"logo\":{\"@type\":\"ImageObject\",\"inLanguage\":\"pt-BR\",\"@id\":\"https:\/\/noticiasemdestaque.com\/cd\/#\/schema\/logo\/image\/\",\"url\":\"https:\/\/noticiasemdestaque.com\/cd\/wp-content\/uploads\/2022\/05\/imagem-base-noticiasemdestaque.png\",\"contentUrl\":\"https:\/\/noticiasemdestaque.com\/cd\/wp-content\/uploads\/2022\/05\/imagem-base-noticiasemdestaque.png\",\"width\":1200,\"height\":630,\"caption\":\"Not\u00edcias em Destaque\"},\"image\":{\"@id\":\"https:\/\/noticiasemdestaque.com\/cd\/#\/schema\/logo\/image\/\"}},{\"@type\":\"Person\",\"@id\":\"https:\/\/noticiasemdestaque.com\/cd\/#\/schema\/person\/21320b03a7e8bb90128938dafc9b908a\",\"name\":\"Not\u00edcias em Destaque\",\"url\":\"https:\/\/noticiasemdestaque.com\/cd\/?author=2\"}]}<\/script>\n<!-- \/ Yoast SEO plugin. -->","yoast_head_json":{"title":"Projeto fotogr\u00e1fico executado no Congo eleva autoestima de gestantes da cidade - Not&iacute;cias em Destaque","robots":{"index":"index","follow":"follow","max-snippet":"max-snippet:-1","max-image-preview":"max-image-preview:large","max-video-preview":"max-video-preview:-1"},"canonical":"https:\/\/noticiasemdestaque.com\/cd\/?p=4661","og_locale":"pt_BR","og_type":"article","og_title":"Projeto fotogr\u00e1fico executado no Congo eleva autoestima de gestantes da cidade - Not&iacute;cias em Destaque","og_description":"A\u00a0gravidez\u00a0\u00e9 um per\u00edodo encantador, em que a mulher tem a chance de se conectar profundamente com seu\u00a0corpo,\u00a0espiritualidade e com a\u00a0natureza. Com isso em mente, o fot\u00f3grafo residente em Serra Branca, no Cariri Paraibano, Francisco C\u00e9sar, criou um projeto que foi colocado em pr\u00e1tica junto com a Secretaria de Assist\u00eancia Social do Congo. Ap\u00f3s conhecer o projeto a\u00a0gestora da pasta na cidade, Tamires F\u00e9lix, mobilizou a equipe que convidou as gestantes que s\u00e3o atendidas pelo CRAS (Centro de Refer\u00eancia de Assist\u00eancia Social) a serem fotografadas no conforto das suas casas, campos, nas idas ao m\u00e9dico, nos encontros no CRAS com outras gr\u00e1vidas e rios \u2013 o cen\u00e1rio perfeito para suas fotos. Ao ser questionado pelo Portal Para\u00edba Mix sobre a escolha dos locais de fotos o fot\u00f3grafo Francisco C\u00e9sar disse que prop\u00f4s as gestantes os momentos de passeios, que resultam em fotos incr\u00edveis:\u201c\u00c9 l\u00e1 nos lugares que elas gostam, no seu aconchego, onde elas se sentem bem e \u00e9 onde ideias saem da caixa, onde as gestantes se soltam e onde a m\u00e1gica acontece\u201c, conta ele. Marta Ge\u00f3rgia, que j\u00e1 \u00e9 m\u00e3e de duas crian\u00e7as, conta que jamais imaginou tirar fotos dentro do rio S\u00e3o Francisco, e que nesse momento se sentiu intensamente\u00a0conectada com a natureza. \u201cA vida que crescia dentro de mim me fez perceber a vida ao meu redor\u201c, explicou. Outra m\u00e3e que teve sua hist\u00f3ria registrada foi Bet\u00e2nia, que aos 40 anos foi m\u00e3e de novo. Ela diz que no inicio da gesta\u00e7\u00e3o tinha um pouco de vergonha e ficava dentro de casa sem querer sair pelo fato de ter engravidado, hoje ela d\u00e1 conselhos:\u00a0\u201cpasseiem, curtam, curtam a barriga de voc\u00eas porque \u00e9 muito gostoso\u201d. Leda Moraes, coordenadora do CRAS, diz que \u201co objetivo maior com o grupo de gestantes do CRAS \u00e9 proporcionar uma melhora na qualidade de vida das gestantes atendidas. Tamb\u00e9m s\u00e3o realizadas palestras com profissionais como: Assistente Social, Psic\u00f3logo, Nutricionista, Dentista, Enfermeiro com objetivo de orientar quest\u00f5es relacionados a gesta\u00e7\u00e3o e maternidade proporcionando uma gesta\u00e7\u00e3o mais saud\u00e1vel e estimulando o v\u00ednculo m\u00e3e\/filho\u201d. Os encontros acontecem quinzenalmente, sempre \u00e0s quartas\u2013feiras no per\u00edodo vespertino na sede do CRAS. Ao final do Curso, todas as gestantes recebem um Kit beb\u00ea\u201d, disse ela. Al\u00e9m das palestras acontecem oficinas para confec\u00e7\u00e3o do enxoval e o ensaio fotogr\u00e1fico com foco na eleva\u00e7\u00e3o da autoestima das gestantes, visto que algumas delas possuem v\u00ednculos familiares fragilizados, outras foram pegas de surpresa pela chegada da gravidez. Al\u00e9m de registrar o momento, as imagens t\u00eam o objetivo de\u00a0empoderar\u00a0as gestantes, mostrando que apesar do incha\u00e7o, das dores e de algumas limita\u00e7\u00f5es, \u201ctodas elas s\u00e3o deusas\u201c. E o resultado das atividades do CRAS para as gestantes e as sa\u00eddas fotogr\u00e1ficas \u00e9 um registro de fotografias lindas, poderosas e carregadas de s\u00edmbolos e significados. Clique aqui e confira algumas das belas imagens captadas por Francisco &nbsp;","og_url":"https:\/\/noticiasemdestaque.com\/cd\/?p=4661","og_site_name":"Not&iacute;cias em Destaque","article_published_time":"2017-09-26T16:43:21+00:00","og_image":[{"width":675,"height":452,"url":"https:\/\/noticiasemdestaque.com\/cd\/wp-content\/uploads\/2017\/09\/foto_chico.png","type":"image\/png"}],"author":"Not\u00edcias em Destaque","twitter_card":"summary_large_image","twitter_misc":{"Escrito por":"Not\u00edcias em Destaque","Est. tempo de leitura":"3 minutos"},"schema":{"@context":"https:\/\/schema.org","@graph":[{"@type":"Article","@id":"https:\/\/noticiasemdestaque.com\/cd\/?p=4661#article","isPartOf":{"@id":"https:\/\/noticiasemdestaque.com\/cd\/?p=4661"},"author":{"name":"Not\u00edcias em Destaque","@id":"https:\/\/noticiasemdestaque.com\/cd\/#\/schema\/person\/21320b03a7e8bb90128938dafc9b908a"},"headline":"Projeto fotogr\u00e1fico executado no Congo eleva autoestima de gestantes da cidade","datePublished":"2017-09-26T16:43:21+00:00","mainEntityOfPage":{"@id":"https:\/\/noticiasemdestaque.com\/cd\/?p=4661"},"wordCount":537,"publisher":{"@id":"https:\/\/noticiasemdestaque.com\/cd\/#organization"},"image":{"@id":"https:\/\/noticiasemdestaque.com\/cd\/?p=4661#primaryimage"},"thumbnailUrl":"https:\/\/noticiasemdestaque.com\/cd\/wp-content\/uploads\/2017\/09\/foto_chico.png","articleSection":["Sa\u00fade"],"inLanguage":"pt-BR"},{"@type":"WebPage","@id":"https:\/\/noticiasemdestaque.com\/cd\/?p=4661","url":"https:\/\/noticiasemdestaque.com\/cd\/?p=4661","name":"Projeto fotogr\u00e1fico executado no Congo eleva autoestima de gestantes da cidade - Not&iacute;cias em Destaque","isPartOf":{"@id":"https:\/\/noticiasemdestaque.com\/cd\/#website"},"primaryImageOfPage":{"@id":"https:\/\/noticiasemdestaque.com\/cd\/?p=4661#primaryimage"},"image":{"@id":"https:\/\/noticiasemdestaque.com\/cd\/?p=4661#primaryimage"},"thumbnailUrl":"https:\/\/noticiasemdestaque.com\/cd\/wp-content\/uploads\/2017\/09\/foto_chico.png","datePublished":"2017-09-26T16:43:21+00:00","breadcrumb":{"@id":"https:\/\/noticiasemdestaque.com\/cd\/?p=4661#breadcrumb"},"inLanguage":"pt-BR","potentialAction":[{"@type":"ReadAction","target":["https:\/\/noticiasemdestaque.com\/cd\/?p=4661"]}]},{"@type":"ImageObject","inLanguage":"pt-BR","@id":"https:\/\/noticiasemdestaque.com\/cd\/?p=4661#primaryimage","url":"https:\/\/noticiasemdestaque.com\/cd\/wp-content\/uploads\/2017\/09\/foto_chico.png","contentUrl":"https:\/\/noticiasemdestaque.com\/cd\/wp-content\/uploads\/2017\/09\/foto_chico.png","width":675,"height":452},{"@type":"BreadcrumbList","@id":"https:\/\/noticiasemdestaque.com\/cd\/?p=4661#breadcrumb","itemListElement":[{"@type":"ListItem","position":1,"name":"In\u00edcio","item":"https:\/\/noticiasemdestaque.com\/cd\/"},{"@type":"ListItem","position":2,"name":"Projeto fotogr\u00e1fico executado no Congo eleva autoestima de gestantes da cidade"}]},{"@type":"WebSite","@id":"https:\/\/noticiasemdestaque.com\/cd\/#website","url":"https:\/\/noticiasemdestaque.com\/cd\/","name":"Not&iacute;cias em Destaque","description":"","publisher":{"@id":"https:\/\/noticiasemdestaque.com\/cd\/#organization"},"potentialAction":[{"@type":"SearchAction","target":{"@type":"EntryPoint","urlTemplate":"https:\/\/noticiasemdestaque.com\/cd\/?s={search_term_string}"},"query-input":{"@type":"PropertyValueSpecification","valueRequired":true,"valueName":"search_term_string"}}],"inLanguage":"pt-BR"},{"@type":"Organization","@id":"https:\/\/noticiasemdestaque.com\/cd\/#organization","name":"Not\u00edcias em Destaque","url":"https:\/\/noticiasemdestaque.com\/cd\/","logo":{"@type":"ImageObject","inLanguage":"pt-BR","@id":"https:\/\/noticiasemdestaque.com\/cd\/#\/schema\/logo\/image\/","url":"https:\/\/noticiasemdestaque.com\/cd\/wp-content\/uploads\/2022\/05\/imagem-base-noticiasemdestaque.png","contentUrl":"https:\/\/noticiasemdestaque.com\/cd\/wp-content\/uploads\/2022\/05\/imagem-base-noticiasemdestaque.png","width":1200,"height":630,"caption":"Not\u00edcias em Destaque"},"image":{"@id":"https:\/\/noticiasemdestaque.com\/cd\/#\/schema\/logo\/image\/"}},{"@type":"Person","@id":"https:\/\/noticiasemdestaque.com\/cd\/#\/schema\/person\/21320b03a7e8bb90128938dafc9b908a","name":"Not\u00edcias em Destaque","url":"https:\/\/noticiasemdestaque.com\/cd\/?author=2"}]}},"jetpack_featured_media_url":"https:\/\/noticiasemdestaque.com\/cd\/wp-content\/uploads\/2017\/09\/foto_chico.png","jetpack_sharing_enabled":true,"_links":{"self":[{"href":"https:\/\/noticiasemdestaque.com\/cd\/index.php?rest_route=\/wp\/v2\/posts\/4661","targetHints":{"allow":["GET"]}}],"collection":[{"href":"https:\/\/noticiasemdestaque.com\/cd\/index.php?rest_route=\/wp\/v2\/posts"}],"about":[{"href":"https:\/\/noticiasemdestaque.com\/cd\/index.php?rest_route=\/wp\/v2\/types\/post"}],"author":[{"embeddable":true,"href":"https:\/\/noticiasemdestaque.com\/cd\/index.php?rest_route=\/wp\/v2\/users\/2"}],"replies":[{"embeddable":true,"href":"https:\/\/noticiasemdestaque.com\/cd\/index.php?rest_route=%2Fwp%2Fv2%2Fcomments&post=4661"}],"version-history":[{"count":1,"href":"https:\/\/noticiasemdestaque.com\/cd\/index.php?rest_route=\/wp\/v2\/posts\/4661\/revisions"}],"predecessor-version":[{"id":4663,"href":"https:\/\/noticiasemdestaque.com\/cd\/index.php?rest_route=\/wp\/v2\/posts\/4661\/revisions\/4663"}],"wp:featuredmedia":[{"embeddable":true,"href":"https:\/\/noticiasemdestaque.com\/cd\/index.php?rest_route=\/wp\/v2\/media\/4662"}],"wp:attachment":[{"href":"https:\/\/noticiasemdestaque.com\/cd\/index.php?rest_route=%2Fwp%2Fv2%2Fmedia&parent=4661"}],"wp:term":[{"taxonomy":"category","embeddable":true,"href":"https:\/\/noticiasemdestaque.com\/cd\/index.php?rest_route=%2Fwp%2Fv2%2Fcategories&post=4661"},{"taxonomy":"post_tag","embeddable":true,"href":"https:\/\/noticiasemdestaque.com\/cd\/index.php?rest_route=%2Fwp%2Fv2%2Ftags&post=4661"}],"curies":[{"name":"wp","href":"https:\/\/api.w.org\/{rel}","templated":true}]}}